{"id":14508,"date":"2023-12-12T04:37:31","date_gmt":"2023-12-12T07:37:31","guid":{"rendered":"https:\/\/ismaelcolosi.com.br\/index.php\/2023\/12\/12\/sam-altman-e-demitido-do-cargo-de-ceo-da-openai\/"},"modified":"2023-12-12T04:37:31","modified_gmt":"2023-12-12T07:37:31","slug":"sam-altman-e-demitido-do-cargo-de-ceo-da-openai","status":"publish","type":"post","link":"https:\/\/ismaelcolosi.com.br\/index.php\/2023\/12\/12\/sam-altman-e-demitido-do-cargo-de-ceo-da-openai\/","title":{"rendered":"Sam Altman \u00e9 demitido do cargo de CEO da OpenAI"},"content":{"rendered":"<p> <br \/>\n<\/p>\n<div>\n<div id=\"attachment_544578\" class=\"wp-caption alignnone style=\" max-width:=\"\"><img data-recalc-dims=\"1\" fetchpriority=\"high\" decoding=\"async\" class=\"alignnone wp-image-544578 size-full\" src=\"https:\/\/i0.wp.com\/forbes.com.br\/wp-content\/uploads\/2023\/05\/tech-chatgpt-ia-26Mai23-GettyImages-768x512.jpg?resize=678%2C452&#038;ssl=1\" http:=\"\" alt=\"Sam Altman\" width=\"678\" height=\"452\" data-lazy-src=\"https:\/\/forbes.com.br\/wp-content\/uploads\/2023\/05\/tech-chatgpt-ia-26Mai23-GettyImages-768x512.jpg\"\/><noscript><img data-recalc-dims=\"1\" fetchpriority=\"high\" decoding=\"async\" class=\"alignnone wp-image-544578 size-full\" src=\"https:\/\/i0.wp.com\/forbes.com.br\/wp-content\/uploads\/2023\/05\/tech-chatgpt-ia-26Mai23-GettyImages-768x512.jpg?resize=678%2C452&#038;ssl=1\" alt=\"Sam Altman\" width=\"678\" height=\"452\"\/><\/noscript><\/p>\n<p>Getty Images<\/p>\n<p class=\"wp-caption-text\">Sam Altman comandou a OpenAI durante o lan\u00e7amento do ChatGPT<\/p>\n<\/div>\n<p>A OpenAI, dona do ChatGPT, disse nesta sexta-feira (17) que Sam Altman deixar\u00e1 o cargo de presidente-executivo da empresa.<\/p>\n<p>A diretora de tecnologia da OpenAI, Mira Murati, atuar\u00e1 como CEO interina, disse a companhia, acrescentando que conduzir\u00e1 uma busca formal por um presidente-executivo permanente.<\/p>\n<ul>\n<li>\n<h3>Siga a <a href=\"https:\/\/whatsapp.com\/channel\/0029Va9gQKwBFLgM96cJnu0u\" target=\"_blank\" rel=\"noopener\">Forbes<\/a> no WhatsApp e receba as principais not\u00edcias sobre neg\u00f3cios, carreira, tecnologia e estilo de vida<\/h3>\n<\/li>\n<\/ul>\n<p>\u201cA sa\u00edda de Altman segue-se a um processo de revis\u00e3o deliberativa por parte do conselho, que concluiu que ele n\u00e3o foi consistentemente sincero nas suas comunica\u00e7\u00f5es com o conselho, dificultando a sua capacidade de exercer as suas responsabilidades\u201d, de acordo com a OpenAI.<\/p>\n<p>Financiada com bilh\u00f5es de d\u00f3lares da Microsoft, a OpenAI deu in\u00edcio \u00e0 mania da intelig\u00eancia artificial \u200b\u200bgenerativa em novembro passado ao lan\u00e7ar seu chatbot ChatGPT, que se tornou um dos aplicativos de crescimento mais r\u00e1pido do mundo.<\/p>\n<p>Treinada com base em conjuntos de dados, a IA generativa pode criar conte\u00fado totalmente novo, semelhante ao humano, ajudando os usu\u00e1rios a elaborar trabalhos e at\u00e9 mesmo escrever romances inteiros.<\/p>\n<\/div>\n<p><script type=\"rocketlazyloadscript\">\n\t\t\t\t(function(d, s, id){\n\t\t\t\t\tvar js, fjs = d.getElementsByTagName(s)[0];\n\t\t\t\t\tif (d.getElementById(id)) return;\n\t\t\t\t\tjs = d.createElement(s); js.id = id;\n\t\t\t\t\tjs.src = \"\/\/connect.facebook.net\/pt_BR\/sdk.js#xfbml=1&version=v2.9\";\n\t\t\t\t\tfjs.parentNode.insertBefore(js, fjs);\n\t\t\t\t}(document, 'script', 'facebook-jssdk'));\n\t\t\t<\/script><br \/>\n<br \/><br \/>\n<br \/><a href=\"https:\/\/forbes.com.br\/carreira\/2023\/11\/sam-altman-e-demitido-do-cargo-de-ceo-da-openai\/\">Source link <\/a><\/p>\n<div class='code-block code-block-4' style='margin: 8px auto 8px 0; text-align: left; display: block; clear: both;'>\n\ud83d\udce2 Aviso Legal\n\nO site ismaelcolosi.com.br atua apenas como um canal de divulga\u00e7\u00e3o de oportunidades de emprego e n\u00e3o se responsabiliza pelo processo seletivo, contrata\u00e7\u00e3o ou qualquer outra etapa relacionada \u00e0s vagas publicadas. Todas as informa\u00e7\u00f5es s\u00e3o de responsabilidade dos anunciantes.\n\n\u26a0\ufe0f Aten\u00e7\u00e3o! Nunca pague por promessas de emprego nem compre cursos que garantam contrata\u00e7\u00e3o. Desconfie de qualquer cobran\u00e7a para participar de sele\u00e7\u00f5es.\n\n\n\n<\/div>\n<!-- CONTENT END 1 -->\n","protected":false},"excerpt":{"rendered":"<p>Getty Images Sam Altman comandou a OpenAI durante o lan\u00e7amento do ChatGPT A OpenAI, dona do ChatGPT, disse nesta sexta-feira (17) que Sam Altman deixar\u00e1&#8230;<\/p>\n","protected":false},"author":1,"featured_media":14509,"comment_status":"open","ping_status":"open","sticky":false,"template":"","format":"standard","meta":{"_uag_custom_page_level_css":"","advanced_seo_description":"","jetpack_seo_html_title":"","jetpack_seo_noindex":false,"jetpack_post_was_ever_published":false,"_jetpack_newsletter_access":"","_jetpack_dont_email_post_to_subs":false,"_jetpack_newsletter_tier_id":0,"_jetpack_memberships_contains_paywalled_content":false,"_jetpack_memberships_contains_paid_content":false,"footnotes":"","jetpack_publicize_message":"","jetpack_publicize_feature_enabled":true,"jetpack_social_post_already_shared":true,"jetpack_social_options":{"image_generator_settings":{"template":"highway","default_image_id":0,"font":"","enabled":false},"version":2}},"categories":[1964],"tags":[],"class_list":["post-14508","post","type-post","status-publish","format-standard","has-post-thumbnail","hentry","category-carreira-e-sucesso-dicas-para-carreira"],"jetpack_publicize_connections":[],"jetpack_featured_media_url":"https:\/\/i0.wp.com\/ismaelcolosi.com.br\/wp-content\/uploads\/2023\/12\/tech-chatgpt-ia-26Mai23-GettyImages-1024x683.jpg?fit=1024%2C683&ssl=1","uagb_featured_image_src":{"full":["https:\/\/i0.wp.com\/ismaelcolosi.com.br\/wp-content\/uploads\/2023\/12\/tech-chatgpt-ia-26Mai23-GettyImages-1024x683.jpg?fit=1024%2C683&ssl=1",1024,683,false],"thumbnail":["https:\/\/i0.wp.com\/ismaelcolosi.com.br\/wp-content\/uploads\/2023\/12\/tech-chatgpt-ia-26Mai23-GettyImages-1024x683.jpg?resize=150%2C150&ssl=1",150,150,true],"medium":["https:\/\/i0.wp.com\/ismaelcolosi.com.br\/wp-content\/uploads\/2023\/12\/tech-chatgpt-ia-26Mai23-GettyImages-1024x683.jpg?fit=300%2C200&ssl=1",300,200,true],"medium_large":["https:\/\/i0.wp.com\/ismaelcolosi.com.br\/wp-content\/uploads\/2023\/12\/tech-chatgpt-ia-26Mai23-GettyImages-1024x683.jpg?fit=768%2C512&ssl=1",768,512,true],"large":["https:\/\/i0.wp.com\/ismaelcolosi.com.br\/wp-content\/uploads\/2023\/12\/tech-chatgpt-ia-26Mai23-GettyImages-1024x683.jpg?fit=1024%2C683&ssl=1",1024,683,true],"1536x1536":["https:\/\/i0.wp.com\/ismaelcolosi.com.br\/wp-content\/uploads\/2023\/12\/tech-chatgpt-ia-26Mai23-GettyImages-1024x683.jpg?fit=1024%2C683&ssl=1",1024,683,true],"2048x2048":["https:\/\/i0.wp.com\/ismaelcolosi.com.br\/wp-content\/uploads\/2023\/12\/tech-chatgpt-ia-26Mai23-GettyImages-1024x683.jpg?fit=1024%2C683&ssl=1",1024,683,true],"really-simple-thumb":["https:\/\/i0.wp.com\/ismaelcolosi.com.br\/wp-content\/uploads\/2023\/12\/tech-chatgpt-ia-26Mai23-GettyImages-1024x683.jpg?resize=370%2C247&ssl=1",370,247,true]},"uagb_author_info":{"display_name":"ismaelcolosi.com.br","author_link":"https:\/\/ismaelcolosi.com.br\/index.php\/author\/vidareal-online\/"},"uagb_comment_info":0,"uagb_excerpt":"Getty Images Sam Altman comandou a OpenAI durante o lan\u00e7amento do ChatGPT A OpenAI, dona do ChatGPT, disse nesta sexta-feira (17) que Sam Altman deixar\u00e1...","jetpack-related-posts":[{"id":14488,"url":"https:\/\/ismaelcolosi.com.br\/index.php\/2023\/12\/12\/openai-nomeia-novo-ceo-e-altman-se-junta-a-microsoft\/","url_meta":{"origin":14508,"position":0},"title":"OpenAI nomeia novo CEO e Altman se junta \u00e0 Microsoft","author":"ismaelcolosi.com.br","date":"12 de December de 2023","format":false,"excerpt":"O ex-CEO da Open AI deve se unir \u00e0 divis\u00e3o de IA da Microsoft ap\u00f3s ser demitido na \u00faltima sexta-feira (17) A OpenAI nomeou o ex-chefe do Twitch Emmett Shear como presidente-executivo interino, enquanto Sam Altman, que teve sua sa\u00edda anunciada na semana passada, deve se juntar \u00e0 Microsoft, em\u2026","rel":"","context":"In &quot;Carreira e Sucesso&quot;","block_context":{"text":"Carreira e Sucesso","link":"https:\/\/ismaelcolosi.com.br\/index.php\/category\/carreira-e-sucesso-dicas-para-carreira\/"},"img":{"alt_text":"","src":"https:\/\/i0.wp.com\/ismaelcolosi.com.br\/wp-content\/uploads\/2023\/12\/Sam_Altman-1024x683.jpg?fit=1024%2C683&ssl=1&resize=350%2C200","width":350,"height":200,"srcset":"https:\/\/i0.wp.com\/ismaelcolosi.com.br\/wp-content\/uploads\/2023\/12\/Sam_Altman-1024x683.jpg?fit=1024%2C683&ssl=1&resize=350%2C200 1x, https:\/\/i0.wp.com\/ismaelcolosi.com.br\/wp-content\/uploads\/2023\/12\/Sam_Altman-1024x683.jpg?fit=1024%2C683&ssl=1&resize=525%2C300 1.5x, https:\/\/i0.wp.com\/ismaelcolosi.com.br\/wp-content\/uploads\/2023\/12\/Sam_Altman-1024x683.jpg?fit=1024%2C683&ssl=1&resize=700%2C400 2x"},"classes":[]},{"id":14438,"url":"https:\/\/ismaelcolosi.com.br\/index.php\/2023\/12\/12\/sam-altman-volta-a-presidir-openai-cinco-dias-apos-demissao-pelo-conselho\/","url_meta":{"origin":14508,"position":1},"title":"Sam Altman volta a presidir OpenAI cinco dias ap\u00f3s demiss\u00e3o pelo Conselho","author":"ismaelcolosi.com.br","date":"12 de December de 2023","format":false,"excerpt":"Em uma postagem no X na noite de s\u00e1bado, Altman escreveu: \u201cEu amo muito a equipe OpenAI\u201d Sam Altman retornar\u00e1 como CEO da OpenAI, informou a startup na manh\u00e3 desta quarta-feira (22) no X, anteriormente conhecido como Twitter. A medida surge ap\u00f3s imensa press\u00e3o de funcion\u00e1rios e investidores sobre o\u2026","rel":"","context":"In &quot;Carreira e Sucesso&quot;","block_context":{"text":"Carreira e Sucesso","link":"https:\/\/ismaelcolosi.com.br\/index.php\/category\/carreira-e-sucesso-dicas-para-carreira\/"},"img":{"alt_text":"","src":"https:\/\/i0.wp.com\/ismaelcolosi.com.br\/wp-content\/uploads\/2023\/12\/carreira-openAI-sam-altman-1024x683.jpg?fit=1024%2C683&ssl=1&resize=350%2C200","width":350,"height":200,"srcset":"https:\/\/i0.wp.com\/ismaelcolosi.com.br\/wp-content\/uploads\/2023\/12\/carreira-openAI-sam-altman-1024x683.jpg?fit=1024%2C683&ssl=1&resize=350%2C200 1x, https:\/\/i0.wp.com\/ismaelcolosi.com.br\/wp-content\/uploads\/2023\/12\/carreira-openAI-sam-altman-1024x683.jpg?fit=1024%2C683&ssl=1&resize=525%2C300 1.5x, https:\/\/i0.wp.com\/ismaelcolosi.com.br\/wp-content\/uploads\/2023\/12\/carreira-openAI-sam-altman-1024x683.jpg?fit=1024%2C683&ssl=1&resize=700%2C400 2x"},"classes":[]},{"id":14462,"url":"https:\/\/ismaelcolosi.com.br\/index.php\/2023\/12\/12\/o-que-aconteceu-apos-sam-altman-foi-demitido-da-openai\/","url_meta":{"origin":14508,"position":2},"title":"O que aconteceu ap\u00f3s Sam Altman foi demitido da OpenAI","author":"ismaelcolosi.com.br","date":"12 de December de 2023","format":false,"excerpt":"Getty ImagesSam Altman (\u00e0 esqueda) e Satya Nadella (\u00e0 direita) estabeleceram uma parceria multibilion\u00e1ria entre a OpenAI e a Microsoft Desde que foi demitido da sua pr\u00f3pria empresa, a OpenAI, dona do ChatGPT, Sam Altman causou um alvoro\u00e7o no setor de tecnologia. O an\u00fancio veio na \u00faltima sexta-feira (17), com\u2026","rel":"","context":"In &quot;Carreira e Sucesso&quot;","block_context":{"text":"Carreira e Sucesso","link":"https:\/\/ismaelcolosi.com.br\/index.php\/category\/carreira-e-sucesso-dicas-para-carreira\/"},"img":{"alt_text":"","src":"https:\/\/i0.wp.com\/ismaelcolosi.com.br\/wp-content\/uploads\/2023\/12\/carreira-tech-openai-microsoft-1024x683.jpg?fit=1024%2C683&ssl=1&resize=350%2C200","width":350,"height":200,"srcset":"https:\/\/i0.wp.com\/ismaelcolosi.com.br\/wp-content\/uploads\/2023\/12\/carreira-tech-openai-microsoft-1024x683.jpg?fit=1024%2C683&ssl=1&resize=350%2C200 1x, https:\/\/i0.wp.com\/ismaelcolosi.com.br\/wp-content\/uploads\/2023\/12\/carreira-tech-openai-microsoft-1024x683.jpg?fit=1024%2C683&ssl=1&resize=525%2C300 1.5x, https:\/\/i0.wp.com\/ismaelcolosi.com.br\/wp-content\/uploads\/2023\/12\/carreira-tech-openai-microsoft-1024x683.jpg?fit=1024%2C683&ssl=1&resize=700%2C400 2x"},"classes":[]},{"id":14480,"url":"https:\/\/ismaelcolosi.com.br\/index.php\/2023\/12\/12\/quem-e-emmett-shear-o-novo-ceo-interino-da-openai\/","url_meta":{"origin":14508,"position":3},"title":"Quem \u00e9 Emmett Shear, o novo CEO interino da OpenAI","author":"ismaelcolosi.com.br","date":"12 de December de 2023","format":false,"excerpt":"Getty ImagesEmmett Shear foi CEO do Twitch por 12 anos Emmett Shear, ex-CEO da plataforma de streaming Twitch, foi anunciado como CEO interino da OpenAI na noite do \u00faltimo domingo (19). O an\u00fancio acontece ap\u00f3s a demiss\u00e3o de Sam Altman na \u00faltima sexta-feira (17) por falta de sinceridade em suas\u2026","rel":"","context":"In &quot;Carreira e Sucesso&quot;","block_context":{"text":"Carreira e Sucesso","link":"https:\/\/ismaelcolosi.com.br\/index.php\/category\/carreira-e-sucesso-dicas-para-carreira\/"},"img":{"alt_text":"","src":"https:\/\/i0.wp.com\/ismaelcolosi.com.br\/wp-content\/uploads\/2023\/12\/carreira-tech-openAI-Emmett-Shear-1024x683.jpg?fit=1024%2C683&ssl=1&resize=350%2C200","width":350,"height":200,"srcset":"https:\/\/i0.wp.com\/ismaelcolosi.com.br\/wp-content\/uploads\/2023\/12\/carreira-tech-openAI-Emmett-Shear-1024x683.jpg?fit=1024%2C683&ssl=1&resize=350%2C200 1x, https:\/\/i0.wp.com\/ismaelcolosi.com.br\/wp-content\/uploads\/2023\/12\/carreira-tech-openAI-Emmett-Shear-1024x683.jpg?fit=1024%2C683&ssl=1&resize=525%2C300 1.5x, https:\/\/i0.wp.com\/ismaelcolosi.com.br\/wp-content\/uploads\/2023\/12\/carreira-tech-openAI-Emmett-Shear-1024x683.jpg?fit=1024%2C683&ssl=1&resize=700%2C400 2x"},"classes":[]},{"id":21122,"url":"https:\/\/ismaelcolosi.com.br\/index.php\/2023\/12\/27\/os-maiores-fracassos-de-carreira-de-2023\/","url_meta":{"origin":14508,"position":4},"title":"Os maiores fracassos de carreira de 2023","author":"ismaelcolosi.com.br","date":"27 de December de 2023","format":false,"excerpt":"Benjamin Girette\/BloombergChangpeng Zhao, ex-CEO da Binance, deixou o cargo ap\u00f3s investiga\u00e7\u00f5es de fraude banc\u00e1ria e lavagem de dinheiro e est\u00e1 na lista Forbes dos maiores fracassos de carreira do ano Em um ano marcado por demiss\u00f5es em massa, incertezas econ\u00f4micas e inseguran\u00e7a de investidores, as carreiras de muitos muitos pagaram\u2026","rel":"","context":"In &quot;Carreira e Sucesso&quot;","block_context":{"text":"Carreira e Sucesso","link":"https:\/\/ismaelcolosi.com.br\/index.php\/category\/carreira-e-sucesso-dicas-para-carreira\/"},"img":{"alt_text":"","src":"https:\/\/i0.wp.com\/ismaelcolosi.com.br\/wp-content\/uploads\/2023\/12\/carreira-Changpeng-Zhao-binance-1024x683.jpg?fit=1024%2C683&ssl=1&resize=350%2C200","width":350,"height":200,"srcset":"https:\/\/i0.wp.com\/ismaelcolosi.com.br\/wp-content\/uploads\/2023\/12\/carreira-Changpeng-Zhao-binance-1024x683.jpg?fit=1024%2C683&ssl=1&resize=350%2C200 1x, https:\/\/i0.wp.com\/ismaelcolosi.com.br\/wp-content\/uploads\/2023\/12\/carreira-Changpeng-Zhao-binance-1024x683.jpg?fit=1024%2C683&ssl=1&resize=525%2C300 1.5x, https:\/\/i0.wp.com\/ismaelcolosi.com.br\/wp-content\/uploads\/2023\/12\/carreira-Changpeng-Zhao-binance-1024x683.jpg?fit=1024%2C683&ssl=1&resize=700%2C400 2x"},"classes":[]},{"id":85484,"url":"https:\/\/ismaelcolosi.com.br\/index.php\/2025\/05\/21\/openai-traz-ex-meta-como-nova-ceo-de-divisao-da-companhia\/","url_meta":{"origin":14508,"position":5},"title":"OpenAI Traz Ex-Meta Como Nova CEO de Divis\u00e3o da Companhia","author":"ismaelcolosi.com.br","date":"21 de May de 2025","format":false,"excerpt":"\r Getty Images\r Com quase duas d\u00e9cadas de carreira, Fidji Simo passou por empresas como Instacart, Facebook e eBay antes de assumir a lideran\u00e7a da OpenAI\r Acessibilidade \r L\r L\r A-\r A+\r \r \u25d0\r \r \u00a0 A OpenAI anunciou neste m\u00eas a nomea\u00e7\u00e3o de Fidji Simo como CEO da \u00e1rea\u2026","rel":"","context":"In &quot;Carreira e Sucesso&quot;","block_context":{"text":"Carreira e Sucesso","link":"https:\/\/ismaelcolosi.com.br\/index.php\/category\/carreira-e-sucesso-dicas-para-carreira\/"},"img":{"alt_text":"","src":"https:\/\/i0.wp.com\/ismaelcolosi.com.br\/wp-content\/uploads\/2025\/05\/forbes-Fidji-Simo-OpenAI-1200x675.jpg?fit=1200%2C675&ssl=1&resize=350%2C200","width":350,"height":200,"srcset":"https:\/\/i0.wp.com\/ismaelcolosi.com.br\/wp-content\/uploads\/2025\/05\/forbes-Fidji-Simo-OpenAI-1200x675.jpg?fit=1200%2C675&ssl=1&resize=350%2C200 1x, https:\/\/i0.wp.com\/ismaelcolosi.com.br\/wp-content\/uploads\/2025\/05\/forbes-Fidji-Simo-OpenAI-1200x675.jpg?fit=1200%2C675&ssl=1&resize=525%2C300 1.5x, https:\/\/i0.wp.com\/ismaelcolosi.com.br\/wp-content\/uploads\/2025\/05\/forbes-Fidji-Simo-OpenAI-1200x675.jpg?fit=1200%2C675&ssl=1&resize=700%2C400 2x, https:\/\/i0.wp.com\/ismaelcolosi.com.br\/wp-content\/uploads\/2025\/05\/forbes-Fidji-Simo-OpenAI-1200x675.jpg?fit=1200%2C675&ssl=1&resize=1050%2C600 3x"},"classes":[]}],"jetpack_sharing_enabled":true,"jetpack_shortlink":"https:\/\/wp.me\/pfMlyK-3M0","_links":{"self":[{"href":"https:\/\/ismaelcolosi.com.br\/index.php\/wp-json\/wp\/v2\/posts\/14508","targetHints":{"allow":["GET"]}}],"collection":[{"href":"https:\/\/ismaelcolosi.com.br\/index.php\/wp-json\/wp\/v2\/posts"}],"about":[{"href":"https:\/\/ismaelcolosi.com.br\/index.php\/wp-json\/wp\/v2\/types\/post"}],"author":[{"embeddable":true,"href":"https:\/\/ismaelcolosi.com.br\/index.php\/wp-json\/wp\/v2\/users\/1"}],"replies":[{"embeddable":true,"href":"https:\/\/ismaelcolosi.com.br\/index.php\/wp-json\/wp\/v2\/comments?post=14508"}],"version-history":[{"count":0,"href":"https:\/\/ismaelcolosi.com.br\/index.php\/wp-json\/wp\/v2\/posts\/14508\/revisions"}],"wp:featuredmedia":[{"embeddable":true,"href":"https:\/\/ismaelcolosi.com.br\/index.php\/wp-json\/wp\/v2\/media\/14509"}],"wp:attachment":[{"href":"https:\/\/ismaelcolosi.com.br\/index.php\/wp-json\/wp\/v2\/media?parent=14508"}],"wp:term":[{"taxonomy":"category","embeddable":true,"href":"https:\/\/ismaelcolosi.com.br\/index.php\/wp-json\/wp\/v2\/categories?post=14508"},{"taxonomy":"post_tag","embeddable":true,"href":"https:\/\/ismaelcolosi.com.br\/index.php\/wp-json\/wp\/v2\/tags?post=14508"}],"curies":[{"name":"wp","href":"https:\/\/api.w.org\/{rel}","templated":true}]}}