{"id":14203,"date":"2023-12-11T20:12:51","date_gmt":"2023-12-11T23:12:51","guid":{"rendered":"https:\/\/ismaelcolosi.com.br\/index.php\/2023\/12\/11\/ribeirao-preto-recebe-festival-de-musica-com-entrada-gratuita\/"},"modified":"2023-12-11T20:12:51","modified_gmt":"2023-12-11T23:12:51","slug":"ribeirao-preto-recebe-festival-de-musica-com-entrada-gratuita","status":"publish","type":"post","link":"https:\/\/ismaelcolosi.com.br\/index.php\/2023\/12\/11\/ribeirao-preto-recebe-festival-de-musica-com-entrada-gratuita\/","title":{"rendered":"Ribeir\u00e3o Preto recebe festival de m\u00fasica com entrada gratuita\u00a0"},"content":{"rendered":"<p> <br \/>\n<\/p>\n<div>\n<p>Ribeir\u00e3o Preto recebe, no dia 13 de dezembro, a <strong>57\u00b0 edi\u00e7\u00e3o do Festival M\u00fasica Nova Gilberto Mendes<\/strong>, com apresenta\u00e7\u00f5es e palestras gratuitas. \u00a0<\/p>\n<p>O festival acontece das 14h \u00e0s 20h\u00a0na <strong>Sala de Concertos da Tulha<\/strong>, no campus da USP, na zona Oeste de Ribeir\u00e3o Preto.\u00a0<\/p>\n<h4 class=\"wp-block-heading\"><strong>Confira a programa\u00e7\u00e3o e os hor\u00e1rios das atividades<\/strong>\u00a0<\/h4>\n<p>14h \u2013 Concerto \u2018Viva Paulo C. Chagas\u2019, com C\u00e1ssia Carrascoza e Hor\u00e1cio Gouveia\u00a0<\/p>\n<p>15h \u2013 Palestra \u2018A encena\u00e7\u00e3o musical: dos teatros greco-romanos \u00e0 m\u00fasica contempor\u00e2nea\u2019, com Jos\u00e9 Maur\u00edcio Cagno\u00a0<\/p>\n<p>17h \u2013 Concerto \u2018Viva Ricardo Kubala\u2019, com os vencedores do Pr\u00eamio Ricardo Kubala do Departamento de M\u00fasica da FFCLRP-USP.\u00a0<\/p>\n<p>18h \u2013 Palestra \u2018Artistas da poiesis: entre mestres e inventores\u2019, com Dr. Paulo Eduardo de Barros Veiga\u00a0<\/p>\n<p>19h \u2013 Palestra \u2018M\u00fasica contempor\u00e2nea para piano a quatro m\u00e3os\u2019, com Fernando Crespo Corvisier e F\u00e1tima Gra\u00e7a Monteiro Corvisier\u00a0<\/p>\n<p>20h \u2013 Concerto \u2018Duo Corvisier\u2019, com Fernando e F\u00e1tima.\u00a0<\/p>\n<p><strong>SERVI\u00c7O\u00a0<br \/><\/strong>57\u00b0 Festival de M\u00fasica Nova Gilberto Mendes\u00a0<br \/>Data: 13\/12 \u2013 quarta-feira\u00a0<br \/>Hor\u00e1rio: das 14h \u00e0s 20h\u00a0<br \/>Entrada: gratuita\u00a0<br \/>Local: Sala de Concertos da Tulha \u2013 R. Olivier Toni, s\/n\u00ba, Campus da USP, Ribeir\u00e3o Preto\u00a0<\/p>\n<p>VEJA TAMB\u00c9M <\/p>\n<p>Covid-19: Sa\u00fade de Ribeir\u00e3o Preto libera refor\u00e7o da vacina Pfizer bivalente \u00a0<\/p>\n<h4 class=\"wp-block-heading\"><strong>FIQUE ON \u00a0<\/strong><\/h4>\n<p>Fique ligado em tudo que acontece em Ribeir\u00e3o Preto e regi\u00e3o. Siga os perfis do<strong>\u00a0acidade on<\/strong>\u00a0no\u00a0<a href=\"https:\/\/www.instagram.com\/acidadeonribeirao\" target=\"_blank\" rel=\"noreferrer noopener\">Instagram\u00a0<\/a>e no\u00a0<a href=\"https:\/\/www.facebook.com\/acidadeonribeirao\" target=\"_blank\" rel=\"noreferrer noopener\">Facebook.<\/a><\/p>\n<p>Receba not\u00edcias do<strong>\u00a0acidade on<\/strong>\u00a0no WhatsApp.<a href=\"https:\/\/chat.whatsapp.com\/Bnv2w66ZT4VDyZW3oiZ69n\" target=\"_blank\" rel=\"noreferrer noopener\">\u00a0Para entrar no grupo, basta clicar aqui.<\/a><\/p>\n<p>Fa\u00e7a uma den\u00fancia ou sugira uma reportagem sobre a Ribeir\u00e3o Preto e regi\u00e3o pelo WhatsApp: (16) 99117 7802.<\/p>\n<p>LEIA MAIS <\/p>\n<p><a href=\"https:\/\/www.tudoep.com\/tudo-noticias\/NOT,0,0,1868666,veja-as-regioes-que-terao-nova-onda-de-calor.aspx\" target=\"_blank\" rel=\"noreferrer noopener\">Veja as regi\u00f5es que ter\u00e3o nova onda de calor<\/a><\/p>\n<p><!-- AI CONTENT END 1 -->\n<\/div>\n<p><script async src=\"\/\/www.instagram.com\/embed.js\"><\/script><br \/>\n<br \/><br \/>\n<br \/><a href=\"https:\/\/www.acidadeon.com\/ribeiraopreto\/lazer-e-cultura\/ribeirao-preto-recebe-festival-de-musica-com-entrada-gratuita\/\">Source link <\/a><\/p>\n<div class='code-block code-block-4' style='margin: 8px auto 8px 0; text-align: left; display: block; clear: both;'>\n\ud83d\udce2 Aviso Legal\n\nO site ismaelcolosi.com.br atua apenas como um canal de divulga\u00e7\u00e3o de oportunidades de emprego e n\u00e3o se responsabiliza pelo processo seletivo, contrata\u00e7\u00e3o ou qualquer outra etapa relacionada \u00e0s vagas publicadas. Todas as informa\u00e7\u00f5es s\u00e3o de responsabilidade dos anunciantes.\n\n\u26a0\ufe0f Aten\u00e7\u00e3o! Nunca pague por promessas de emprego nem compre cursos que garantam contrata\u00e7\u00e3o. Desconfie de qualquer cobran\u00e7a para participar de sele\u00e7\u00f5es.\n\n\n\n<\/div>\n<!-- CONTENT END 1 -->\n","protected":false},"excerpt":{"rendered":"<p>Ribeir\u00e3o Preto recebe, no dia 13 de dezembro, a 57\u00b0 edi\u00e7\u00e3o do Festival M\u00fasica Nova Gilberto Mendes, com apresenta\u00e7\u00f5es e palestras gratuitas. \u00a0 O festival&#8230;<\/p>\n","protected":false},"author":1,"featured_media":14204,"comment_status":"open","ping_status":"open","sticky":false,"template":"","format":"standard","meta":{"_uag_custom_page_level_css":"","advanced_seo_description":"","jetpack_seo_html_title":"","jetpack_seo_noindex":false,"jetpack_post_was_ever_published":false,"_jetpack_newsletter_access":"","_jetpack_dont_email_post_to_subs":false,"_jetpack_newsletter_tier_id":0,"_jetpack_memberships_contains_paywalled_content":false,"_jetpack_memberships_contains_paid_content":false,"footnotes":"","jetpack_publicize_message":"","jetpack_publicize_feature_enabled":true,"jetpack_social_post_already_shared":true,"jetpack_social_options":{"image_generator_settings":{"template":"highway","default_image_id":0,"font":"","enabled":false},"version":2}},"categories":[11],"tags":[509,141,343,92,27,407,26],"class_list":["post-14203","post","type-post","status-publish","format-standard","has-post-thumbnail","hentry","category-noticias-de-ribeirao-preto-sp-e-regiao-ismael-colosi","tag-entrada","tag-festival","tag-gratuita","tag-musica","tag-preto","tag-recebe","tag-ribeirao"],"jetpack_publicize_connections":[],"jetpack_featured_media_url":"https:\/\/i0.wp.com\/ismaelcolosi.com.br\/wp-content\/uploads\/2023\/12\/Tulha-FFCLRP.png?fit=618%2C416&ssl=1","uagb_featured_image_src":{"full":["https:\/\/i0.wp.com\/ismaelcolosi.com.br\/wp-content\/uploads\/2023\/12\/Tulha-FFCLRP.png?fit=618%2C416&ssl=1",618,416,false],"thumbnail":["https:\/\/i0.wp.com\/ismaelcolosi.com.br\/wp-content\/uploads\/2023\/12\/Tulha-FFCLRP.png?resize=150%2C150&ssl=1",150,150,true],"medium":["https:\/\/i0.wp.com\/ismaelcolosi.com.br\/wp-content\/uploads\/2023\/12\/Tulha-FFCLRP.png?fit=300%2C202&ssl=1",300,202,true],"medium_large":["https:\/\/i0.wp.com\/ismaelcolosi.com.br\/wp-content\/uploads\/2023\/12\/Tulha-FFCLRP.png?fit=618%2C416&ssl=1",618,416,true],"large":["https:\/\/i0.wp.com\/ismaelcolosi.com.br\/wp-content\/uploads\/2023\/12\/Tulha-FFCLRP.png?fit=618%2C416&ssl=1",618,416,true],"1536x1536":["https:\/\/i0.wp.com\/ismaelcolosi.com.br\/wp-content\/uploads\/2023\/12\/Tulha-FFCLRP.png?fit=618%2C416&ssl=1",618,416,true],"2048x2048":["https:\/\/i0.wp.com\/ismaelcolosi.com.br\/wp-content\/uploads\/2023\/12\/Tulha-FFCLRP.png?fit=618%2C416&ssl=1",618,416,true],"really-simple-thumb":["https:\/\/i0.wp.com\/ismaelcolosi.com.br\/wp-content\/uploads\/2023\/12\/Tulha-FFCLRP.png?resize=370%2C247&ssl=1",370,247,true]},"uagb_author_info":{"display_name":"ismaelcolosi.com.br","author_link":"https:\/\/ismaelcolosi.com.br\/index.php\/author\/vidareal-online\/"},"uagb_comment_info":0,"uagb_excerpt":"Ribeir\u00e3o Preto recebe, no dia 13 de dezembro, a 57\u00b0 edi\u00e7\u00e3o do Festival M\u00fasica Nova Gilberto Mendes, com apresenta\u00e7\u00f5es e palestras gratuitas. \u00a0 O festival...","jetpack-related-posts":[{"id":18220,"url":"https:\/\/ismaelcolosi.com.br\/index.php\/2023\/12\/19\/theatro-pedro-ii-em-ribeirao-preto-recebe-concerto-com-entrada-gratuita\/","url_meta":{"origin":14203,"position":0},"title":"Theatro Pedro II, em Ribeir\u00e3o Preto, recebe concerto com entrada gratuita","author":"ismaelcolosi.com.br","date":"19 de December de 2023","format":false,"excerpt":"Em seu \u00faltimo concerto do ano, a USP Filarm\u00f4nica de apresenta, nesta quarta-feira (20), \u00e0s 20 horas, no Theatro Pedro II, no Centro de Ribeir\u00e3o Preto. A entrada \u00e9 gratuita e n\u00e3o precisa retirar os ingressos com anteced\u00eancia. O evento tem apoio da Pr\u00f3-Reitoria de Gradua\u00e7\u00e3o da USP, que far\u00e1\u2026","rel":"","context":"In &quot;Not\u00edcias de Ribeir\u00e3o Preto-SP e Regi\u00e3o&quot;","block_context":{"text":"Not\u00edcias de Ribeir\u00e3o Preto-SP e Regi\u00e3o","link":"https:\/\/ismaelcolosi.com.br\/index.php\/category\/noticias-de-ribeirao-preto-sp-e-regiao-ismael-colosi\/"},"img":{"alt_text":"","src":"https:\/\/i0.wp.com\/ismaelcolosi.com.br\/wp-content\/uploads\/2023\/12\/WhatsApp-Image-2023-12-19-at-11.16.15.jpeg?fit=1200%2C675&ssl=1&resize=350%2C200","width":350,"height":200,"srcset":"https:\/\/i0.wp.com\/ismaelcolosi.com.br\/wp-content\/uploads\/2023\/12\/WhatsApp-Image-2023-12-19-at-11.16.15.jpeg?fit=1200%2C675&ssl=1&resize=350%2C200 1x, https:\/\/i0.wp.com\/ismaelcolosi.com.br\/wp-content\/uploads\/2023\/12\/WhatsApp-Image-2023-12-19-at-11.16.15.jpeg?fit=1200%2C675&ssl=1&resize=525%2C300 1.5x, https:\/\/i0.wp.com\/ismaelcolosi.com.br\/wp-content\/uploads\/2023\/12\/WhatsApp-Image-2023-12-19-at-11.16.15.jpeg?fit=1200%2C675&ssl=1&resize=700%2C400 2x, https:\/\/i0.wp.com\/ismaelcolosi.com.br\/wp-content\/uploads\/2023\/12\/WhatsApp-Image-2023-12-19-at-11.16.15.jpeg?fit=1200%2C675&ssl=1&resize=1050%2C600 3x"},"classes":[]},{"id":3049,"url":"https:\/\/ismaelcolosi.com.br\/index.php\/2023\/11\/17\/drift-legiao-urbana-e-guilherme-de-sa-saiba-o-que-acontece-no-fim-de-semana-em-ribeirao\/","url_meta":{"origin":14203,"position":1},"title":"Drift, Legi\u00e3o Urbana e Guilherme de S\u00e1: Saiba o que acontece no fim de semana em Ribeir\u00e3o\u00a0","author":"ismaelcolosi.com.br","date":"17 de November de 2023","format":false,"excerpt":"O fim de semana em Ribeir\u00e3o Preto conta com diversas apresenta\u00e7\u00f5es de m\u00fasica, espet\u00e1culos nos teatros e atividades gratuitas. \u00a0 H\u00e1 a final do Campeonato Brasileiro de Drift, show com integrantes da Legi\u00e3o Urbana, tributo \u00e0 Rita Lee, Guilherme de S\u00e1, festival de hip hop, entre outros. CHORINHO NA 7\u00a0\u2026","rel":"","context":"In &quot;Not\u00edcias de Ribeir\u00e3o Preto-SP e Regi\u00e3o&quot;","block_context":{"text":"Not\u00edcias de Ribeir\u00e3o Preto-SP e Regi\u00e3o","link":"https:\/\/ismaelcolosi.com.br\/index.php\/category\/noticias-de-ribeirao-preto-sp-e-regiao-ismael-colosi\/"},"img":{"alt_text":"","src":"https:\/\/i0.wp.com\/ismaelcolosi.com.br\/wp-content\/uploads\/2023\/11\/Pilotos-de-drift-em-acao-durante-a-temporada-em-2022-1-1024x683.jpg?fit=1024%2C683&ssl=1&resize=350%2C200","width":350,"height":200,"srcset":"https:\/\/i0.wp.com\/ismaelcolosi.com.br\/wp-content\/uploads\/2023\/11\/Pilotos-de-drift-em-acao-durante-a-temporada-em-2022-1-1024x683.jpg?fit=1024%2C683&ssl=1&resize=350%2C200 1x, https:\/\/i0.wp.com\/ismaelcolosi.com.br\/wp-content\/uploads\/2023\/11\/Pilotos-de-drift-em-acao-durante-a-temporada-em-2022-1-1024x683.jpg?fit=1024%2C683&ssl=1&resize=525%2C300 1.5x, https:\/\/i0.wp.com\/ismaelcolosi.com.br\/wp-content\/uploads\/2023\/11\/Pilotos-de-drift-em-acao-durante-a-temporada-em-2022-1-1024x683.jpg?fit=1024%2C683&ssl=1&resize=700%2C400 2x"},"classes":[]},{"id":2755,"url":"https:\/\/ismaelcolosi.com.br\/index.php\/2023\/11\/16\/usp-de-ribeirao-preto-realiza-concerto-gratuito\/","url_meta":{"origin":14203,"position":2},"title":"USP de Ribeir\u00e3o Preto realiza concerto gratuito\u00a0","author":"ismaelcolosi.com.br","date":"16 de November de 2023","format":false,"excerpt":"A Sala de Concertos da Tulha da USP de Ribeir\u00e3o Preto, recebe, nesta sexta-feira (17), um concerto com o grupo de m\u00fasica de c\u00e2mara Ensemble Mentemanuque. A entrada \u00e9 gratuita. \u00a0 A apresenta\u00e7\u00e3o \u00e9 em celebra\u00e7\u00e3o ao Dia da Consci\u00eancia Negra com maestro e compositor Rubens Russomanno Ricciardi e participa\u00e7\u00e3o\u2026","rel":"","context":"In &quot;Not\u00edcias de Ribeir\u00e3o Preto-SP e Regi\u00e3o&quot;","block_context":{"text":"Not\u00edcias de Ribeir\u00e3o Preto-SP e Regi\u00e3o","link":"https:\/\/ismaelcolosi.com.br\/index.php\/category\/noticias-de-ribeirao-preto-sp-e-regiao-ismael-colosi\/"},"img":{"alt_text":"","src":"https:\/\/i0.wp.com\/ismaelcolosi.com.br\/wp-content\/uploads\/2023\/11\/Tulha-FFCLRP.png?fit=618%2C416&ssl=1&resize=350%2C200","width":350,"height":200,"srcset":"https:\/\/i0.wp.com\/ismaelcolosi.com.br\/wp-content\/uploads\/2023\/11\/Tulha-FFCLRP.png?fit=618%2C416&ssl=1&resize=350%2C200 1x, https:\/\/i0.wp.com\/ismaelcolosi.com.br\/wp-content\/uploads\/2023\/11\/Tulha-FFCLRP.png?fit=618%2C416&ssl=1&resize=525%2C300 1.5x"},"classes":[]},{"id":57520,"url":"https:\/\/ismaelcolosi.com.br\/index.php\/2024\/07\/22\/teatro-de-arena-de-ribeirao-preto-recebe-festival-sobre-diversidade-religiosa\/","url_meta":{"origin":14203,"position":3},"title":"Teatro de Arena de Ribeir\u00e3o Preto recebe festival sobre diversidade religiosa","author":"ismaelcolosi.com.br","date":"22 de July de 2024","format":false,"excerpt":"O Teatro de Arena de Ribeir\u00e3o Preto recebe no pr\u00f3ximo domingo (28) o \u201cNas Encruzas Festival\u201d, sobre diversidade religiosa. O evento contar\u00e1 com m\u00fasica, oficina, feirinha de artesanato, comida e bebida. O festival come\u00e7a a partir das 15h30 e foi criado com o objetivo de \u201creunir as pessoas em torno\u2026","rel":"","context":"In &quot;Not\u00edcias de Ribeir\u00e3o Preto-SP e Regi\u00e3o&quot;","block_context":{"text":"Not\u00edcias de Ribeir\u00e3o Preto-SP e Regi\u00e3o","link":"https:\/\/ismaelcolosi.com.br\/index.php\/category\/noticias-de-ribeirao-preto-sp-e-regiao-ismael-colosi\/"},"img":{"alt_text":"","src":"https:\/\/i0.wp.com\/ismaelcolosi.com.br\/wp-content\/uploads\/2024\/07\/nas-encruzas_2024-07-22_17-15-15_jpg_2024-07-22_17-15-15.webp.webp?fit=1199%2C852&ssl=1&resize=350%2C200","width":350,"height":200,"srcset":"https:\/\/i0.wp.com\/ismaelcolosi.com.br\/wp-content\/uploads\/2024\/07\/nas-encruzas_2024-07-22_17-15-15_jpg_2024-07-22_17-15-15.webp.webp?fit=1199%2C852&ssl=1&resize=350%2C200 1x, https:\/\/i0.wp.com\/ismaelcolosi.com.br\/wp-content\/uploads\/2024\/07\/nas-encruzas_2024-07-22_17-15-15_jpg_2024-07-22_17-15-15.webp.webp?fit=1199%2C852&ssl=1&resize=525%2C300 1.5x, https:\/\/i0.wp.com\/ismaelcolosi.com.br\/wp-content\/uploads\/2024\/07\/nas-encruzas_2024-07-22_17-15-15_jpg_2024-07-22_17-15-15.webp.webp?fit=1199%2C852&ssl=1&resize=700%2C400 2x, https:\/\/i0.wp.com\/ismaelcolosi.com.br\/wp-content\/uploads\/2024\/07\/nas-encruzas_2024-07-22_17-15-15_jpg_2024-07-22_17-15-15.webp.webp?fit=1199%2C852&ssl=1&resize=1050%2C600 3x"},"classes":[]},{"id":71743,"url":"https:\/\/ismaelcolosi.com.br\/index.php\/2024\/10\/17\/ribeirao-preto-recebe-festival-com-shows-de-di-ferrero-e-gabriel-o-pensador-veja-a-programacao\/","url_meta":{"origin":14203,"position":4},"title":"Ribeir\u00e3o Preto recebe festival com shows de Di Ferrero e Gabriel O Pensador; Veja a programa\u00e7\u00e3o","author":"ismaelcolosi.com.br","date":"17 de October de 2024","format":false,"excerpt":"Ribeir\u00e3o Preto recebe a segunda edi\u00e7\u00e3o do Pow Festival nos dias 19 e 20 de outubro, no espa\u00e7o A F\u00e1brica. A entrada para o evento \u00e9 gratuita e contar\u00e1 com shows de Di Ferrero e Gabriel O Pensador. O tema deste ano \u00e9 \u201cenergia da inova\u00e7\u00e3o para revolucionar\u201d. O festival\u2026","rel":"","context":"In &quot;Not\u00edcias de Ribeir\u00e3o Preto-SP e Regi\u00e3o&quot;","block_context":{"text":"Not\u00edcias de Ribeir\u00e3o Preto-SP e Regi\u00e3o","link":"https:\/\/ismaelcolosi.com.br\/index.php\/category\/noticias-de-ribeirao-preto-sp-e-regiao-ismael-colosi\/"},"img":{"alt_text":"","src":"https:\/\/i0.wp.com\/ismaelcolosi.com.br\/wp-content\/uploads\/2024\/10\/Copia-de-Copia-de-Copia-de-TAMANHO-EXATO-PARA-FOTOS-NO-SISTEMA-NOVO-17_2024-10-17_15-07-32_jpg_2024-10-17_15-07-32.webp.webp?fit=1200%2C675&ssl=1&resize=350%2C200","width":350,"height":200,"srcset":"https:\/\/i0.wp.com\/ismaelcolosi.com.br\/wp-content\/uploads\/2024\/10\/Copia-de-Copia-de-Copia-de-TAMANHO-EXATO-PARA-FOTOS-NO-SISTEMA-NOVO-17_2024-10-17_15-07-32_jpg_2024-10-17_15-07-32.webp.webp?fit=1200%2C675&ssl=1&resize=350%2C200 1x, https:\/\/i0.wp.com\/ismaelcolosi.com.br\/wp-content\/uploads\/2024\/10\/Copia-de-Copia-de-Copia-de-TAMANHO-EXATO-PARA-FOTOS-NO-SISTEMA-NOVO-17_2024-10-17_15-07-32_jpg_2024-10-17_15-07-32.webp.webp?fit=1200%2C675&ssl=1&resize=525%2C300 1.5x, https:\/\/i0.wp.com\/ismaelcolosi.com.br\/wp-content\/uploads\/2024\/10\/Copia-de-Copia-de-Copia-de-TAMANHO-EXATO-PARA-FOTOS-NO-SISTEMA-NOVO-17_2024-10-17_15-07-32_jpg_2024-10-17_15-07-32.webp.webp?fit=1200%2C675&ssl=1&resize=700%2C400 2x, https:\/\/i0.wp.com\/ismaelcolosi.com.br\/wp-content\/uploads\/2024\/10\/Copia-de-Copia-de-Copia-de-TAMANHO-EXATO-PARA-FOTOS-NO-SISTEMA-NOVO-17_2024-10-17_15-07-32_jpg_2024-10-17_15-07-32.webp.webp?fit=1200%2C675&ssl=1&resize=1050%2C600 3x"},"classes":[]},{"id":54050,"url":"https:\/\/ismaelcolosi.com.br\/index.php\/2024\/06\/21\/raimundos-e-encontro-de-fuscas-veja-a-programacao-do-fim-de-semana-em-ribeirao\/","url_meta":{"origin":14203,"position":5},"title":"Raimundos e Encontro de Fuscas: Veja a programa\u00e7\u00e3o do fim de semana em Ribeir\u00e3o","author":"ismaelcolosi.com.br","date":"21 de June de 2024","format":false,"excerpt":"A programa\u00e7\u00e3o cultural deste fim de semana em Ribeir\u00e3o Preto recebe atividades para toda curtir com a fam\u00edlia e amigos, al\u00e9m de diversos eventos gratuitos. Entre os destaques est\u00e3o: Show do Raimundos e Encontro de Fuscas. Confira o que fazer neste fim de semana em Ribeir\u00e3o Preto: Raimundos A banda\u2026","rel":"","context":"In &quot;Not\u00edcias de Ribeir\u00e3o Preto-SP e Regi\u00e3o&quot;","block_context":{"text":"Not\u00edcias de Ribeir\u00e3o Preto-SP e Regi\u00e3o","link":"https:\/\/ismaelcolosi.com.br\/index.php\/category\/noticias-de-ribeirao-preto-sp-e-regiao-ismael-colosi\/"},"img":{"alt_text":"","src":"https:\/\/i0.wp.com\/ismaelcolosi.com.br\/wp-content\/uploads\/2024\/06\/Copia-de-Copia-de-TAMANHO-EXATO-PARA-FOTOS-NO-SISTEMA-NOVO-15_2024-06-21_12-55-47_jpg_2024-06-21_12-55-47.webp.webp?fit=1200%2C675&ssl=1&resize=350%2C200","width":350,"height":200,"srcset":"https:\/\/i0.wp.com\/ismaelcolosi.com.br\/wp-content\/uploads\/2024\/06\/Copia-de-Copia-de-TAMANHO-EXATO-PARA-FOTOS-NO-SISTEMA-NOVO-15_2024-06-21_12-55-47_jpg_2024-06-21_12-55-47.webp.webp?fit=1200%2C675&ssl=1&resize=350%2C200 1x, https:\/\/i0.wp.com\/ismaelcolosi.com.br\/wp-content\/uploads\/2024\/06\/Copia-de-Copia-de-TAMANHO-EXATO-PARA-FOTOS-NO-SISTEMA-NOVO-15_2024-06-21_12-55-47_jpg_2024-06-21_12-55-47.webp.webp?fit=1200%2C675&ssl=1&resize=525%2C300 1.5x, https:\/\/i0.wp.com\/ismaelcolosi.com.br\/wp-content\/uploads\/2024\/06\/Copia-de-Copia-de-TAMANHO-EXATO-PARA-FOTOS-NO-SISTEMA-NOVO-15_2024-06-21_12-55-47_jpg_2024-06-21_12-55-47.webp.webp?fit=1200%2C675&ssl=1&resize=700%2C400 2x, https:\/\/i0.wp.com\/ismaelcolosi.com.br\/wp-content\/uploads\/2024\/06\/Copia-de-Copia-de-TAMANHO-EXATO-PARA-FOTOS-NO-SISTEMA-NOVO-15_2024-06-21_12-55-47_jpg_2024-06-21_12-55-47.webp.webp?fit=1200%2C675&ssl=1&resize=1050%2C600 3x"},"classes":[]}],"jetpack_sharing_enabled":true,"jetpack_shortlink":"https:\/\/wp.me\/pfMlyK-3H5","_links":{"self":[{"href":"https:\/\/ismaelcolosi.com.br\/index.php\/wp-json\/wp\/v2\/posts\/14203","targetHints":{"allow":["GET"]}}],"collection":[{"href":"https:\/\/ismaelcolosi.com.br\/index.php\/wp-json\/wp\/v2\/posts"}],"about":[{"href":"https:\/\/ismaelcolosi.com.br\/index.php\/wp-json\/wp\/v2\/types\/post"}],"author":[{"embeddable":true,"href":"https:\/\/ismaelcolosi.com.br\/index.php\/wp-json\/wp\/v2\/users\/1"}],"replies":[{"embeddable":true,"href":"https:\/\/ismaelcolosi.com.br\/index.php\/wp-json\/wp\/v2\/comments?post=14203"}],"version-history":[{"count":0,"href":"https:\/\/ismaelcolosi.com.br\/index.php\/wp-json\/wp\/v2\/posts\/14203\/revisions"}],"wp:featuredmedia":[{"embeddable":true,"href":"https:\/\/ismaelcolosi.com.br\/index.php\/wp-json\/wp\/v2\/media\/14204"}],"wp:attachment":[{"href":"https:\/\/ismaelcolosi.com.br\/index.php\/wp-json\/wp\/v2\/media?parent=14203"}],"wp:term":[{"taxonomy":"category","embeddable":true,"href":"https:\/\/ismaelcolosi.com.br\/index.php\/wp-json\/wp\/v2\/categories?post=14203"},{"taxonomy":"post_tag","embeddable":true,"href":"https:\/\/ismaelcolosi.com.br\/index.php\/wp-json\/wp\/v2\/tags?post=14203"}],"curies":[{"name":"wp","href":"https:\/\/api.w.org\/{rel}","templated":true}]}}