{"id":13895,"date":"2023-12-11T12:49:35","date_gmt":"2023-12-11T15:49:35","guid":{"rendered":"https:\/\/ismaelcolosi.com.br\/index.php\/2023\/12\/11\/bebe-nao-resiste-apos-ser-ejetado-de-veiculo-na-br-369-mae-esta-em-estado-grave\/"},"modified":"2023-12-11T12:49:35","modified_gmt":"2023-12-11T15:49:35","slug":"bebe-nao-resiste-apos-ser-ejetado-de-veiculo-na-br-369-mae-esta-em-estado-grave","status":"publish","type":"post","link":"https:\/\/ismaelcolosi.com.br\/index.php\/2023\/12\/11\/bebe-nao-resiste-apos-ser-ejetado-de-veiculo-na-br-369-mae-esta-em-estado-grave\/","title":{"rendered":"Beb\u00ea n\u00e3o resiste ap\u00f3s ser ejetado de ve\u00edculo na BR-369; m\u00e3e est\u00e1 em estado grave"},"content":{"rendered":"<p> [ad_1]<br \/>\n<\/p>\n<div itemprop=\"text\">\n<p>Neste \u00faltimo domingo, dia 10 de dezembro, um beb\u00ea morreu ap\u00f3s ter sido ejetado de um ve\u00edculo na BR-369, entre as regi\u00f5es de Londrina e Ibipor\u00e3, no norte do Paran\u00e1. O caso aconteceu durante o per\u00edodo noturno e est\u00e1 sendo bastante lamentado.<\/p>\n<p>De acordo com informa\u00e7\u00f5es fornecidas pela PRF (Pol\u00edcia Rodovi\u00e1ria Federal), o beb\u00ea estava em um carro junto com os seus pais, de 18 e 19 anos de idade, quando o motorista perdeu o controle do ve\u00edculo, capotou e bateu contra um poste.<\/p>\n<p>Segundo o Corpo de Bombeiros, a crian\u00e7a acabou sendo ejetada para fora do ve\u00edculo, pois o vidro da janela do carro estava quebrado. No interior do autom\u00f3vel, tamb\u00e9m havia uma cadeirinha.<\/p>\n<p>Ainda conforme informa\u00e7\u00f5es dos bombeiros, h\u00e1 suspeita de que o carro estava em alta velocidade no momento em que ocorreu todo o acidente. Testemunhas teriam relatado que um outro ve\u00edculo que estaria envolvido em toda a situa\u00e7\u00e3o teria fugido do local.<\/p>\n<p>O motorista, de 19 anos de idade, apresentou alguns ferimentos espalhados pelos seu corpo e foi encaminhado para uma unidade de sa\u00fade, local em que recebeu atendimento m\u00e9dico. Em rela\u00e7\u00e3o a jovem de 18 anos, ela foi levada para um hospital, em estado grave de sa\u00fade.<\/p>\n<p>Conforme o exposto pelo relato, se tratou de um grave acidente, e infelizmente, o filho do casal, um beb\u00ea de apenas 1 ano e 2 meses, n\u00e3o conseguiu resistir aos graves ferimentos e acabou falecendo.<\/p>\n<\/div>\n<p>[ad_2]<br \/>\n<br \/><a href=\"https:\/\/fnmais.com\/bebe-nao-resiste-apos-ser-ejetado-veiculo-na-br-369-mae-esta-em-estado-grave\/\" target=\"_blank\" rel=\"noopener\">Source link <\/a><\/p>\n<div class='code-block code-block-4' style='margin: 8px auto 8px 0; text-align: left; display: block; clear: both;'>\n\ud83d\udce2 Aviso Legal\n\nO site ismaelcolosi.com.br atua apenas como um canal de divulga\u00e7\u00e3o de oportunidades de emprego e n\u00e3o se responsabiliza pelo processo seletivo, contrata\u00e7\u00e3o ou qualquer outra etapa relacionada \u00e0s vagas publicadas. Todas as informa\u00e7\u00f5es s\u00e3o de responsabilidade dos anunciantes.\n\n\u26a0\ufe0f Aten\u00e7\u00e3o! Nunca pague por promessas de emprego nem compre cursos que garantam contrata\u00e7\u00e3o. Desconfie de qualquer cobran\u00e7a para participar de sele\u00e7\u00f5es.\n\n\n\n<\/div>\n<!-- CONTENT END 1 -->\n","protected":false},"excerpt":{"rendered":"<p>[ad_1] Neste \u00faltimo domingo, dia 10 de dezembro, um beb\u00ea morreu ap\u00f3s ter sido ejetado de um ve\u00edculo na BR-369, entre as regi\u00f5es de Londrina e Ibipor\u00e3, no norte do Paran\u00e1. O caso aconteceu durante o per\u00edodo noturno e est\u00e1 sendo bastante lamentado. De acordo com informa\u00e7\u00f5es fornecidas pela PRF (Pol\u00edcia Rodovi\u00e1ria Federal), o beb\u00ea&hellip;&nbsp;<\/p>\n","protected":false},"author":1,"featured_media":13896,"comment_status":"open","ping_status":"open","sticky":false,"template":"","format":"standard","meta":{"_uag_custom_page_level_css":"","neve_meta_sidebar":"","neve_meta_container":"","neve_meta_enable_content_width":"","neve_meta_content_width":0,"neve_meta_title_alignment":"","neve_meta_author_avatar":"","neve_post_elements_order":"","neve_meta_disable_header":"","neve_meta_disable_footer":"","neve_meta_disable_title":"","_jetpack_newsletter_access":"","_jetpack_dont_email_post_to_subs":false,"_jetpack_newsletter_tier_id":0,"_jetpack_memberships_contains_paywalled_content":false,"_jetpack_memberships_contains_paid_content":false,"footnotes":""},"categories":[1],"tags":[],"class_list":["post-13895","post","type-post","status-publish","format-standard","has-post-thumbnail","hentry","category-blog"],"uagb_featured_image_src":{"full":["https:\/\/i0.wp.com\/ismaelcolosi.com.br\/wp-content\/uploads\/2023\/12\/postimg-65772acf01e4e8965.jpg?fit=1200%2C628&ssl=1",1200,628,false],"thumbnail":["https:\/\/i0.wp.com\/ismaelcolosi.com.br\/wp-content\/uploads\/2023\/12\/postimg-65772acf01e4e8965.jpg?resize=150%2C150&ssl=1",150,150,true],"medium":["https:\/\/i0.wp.com\/ismaelcolosi.com.br\/wp-content\/uploads\/2023\/12\/postimg-65772acf01e4e8965.jpg?fit=300%2C157&ssl=1",300,157,true],"medium_large":["https:\/\/i0.wp.com\/ismaelcolosi.com.br\/wp-content\/uploads\/2023\/12\/postimg-65772acf01e4e8965.jpg?fit=768%2C402&ssl=1",768,402,true],"large":["https:\/\/i0.wp.com\/ismaelcolosi.com.br\/wp-content\/uploads\/2023\/12\/postimg-65772acf01e4e8965.jpg?fit=1024%2C536&ssl=1",1024,536,true],"1536x1536":["https:\/\/i0.wp.com\/ismaelcolosi.com.br\/wp-content\/uploads\/2023\/12\/postimg-65772acf01e4e8965.jpg?fit=1200%2C628&ssl=1",1200,628,true],"2048x2048":["https:\/\/i0.wp.com\/ismaelcolosi.com.br\/wp-content\/uploads\/2023\/12\/postimg-65772acf01e4e8965.jpg?fit=1200%2C628&ssl=1",1200,628,true],"neve-blog":["https:\/\/i0.wp.com\/ismaelcolosi.com.br\/wp-content\/uploads\/2023\/12\/postimg-65772acf01e4e8965.jpg?resize=930%2C620&ssl=1",930,620,true]},"uagb_author_info":{"display_name":"ismaelcolosi.com.br","author_link":"https:\/\/ismaelcolosi.com.br\/author\/vidareal-online\/"},"uagb_comment_info":0,"uagb_excerpt":"[ad_1] Neste \u00faltimo domingo, dia 10 de dezembro, um beb\u00ea morreu ap\u00f3s ter sido ejetado de um ve\u00edculo na BR-369, entre as regi\u00f5es de Londrina e Ibipor\u00e3, no norte do Paran\u00e1. O caso aconteceu durante o per\u00edodo noturno e est\u00e1 sendo bastante lamentado. De acordo com informa\u00e7\u00f5es fornecidas pela PRF (Pol\u00edcia Rodovi\u00e1ria Federal), o beb\u00ea&hellip;&nbsp;","jetpack-related-posts":[{"id":31550,"url":"https:\/\/ismaelcolosi.com.br\/index.php\/2024\/01\/22\/carro-bate-em-carreta-destroi-familia-pai-mae-e-bebe-perderam-a-vida-crianca-foi-ejetada-do-carro\/","url_meta":{"origin":13895,"position":0},"title":"Carro bate em carreta, destr\u00f3i fam\u00edlia, pai, m\u00e3e e beb\u00ea perderam a vida, crian\u00e7a foi ejetada do carro","author":"ismaelcolosi.com.br","date":"22 de Janeiro de 2024","format":false,"excerpt":"[ad_1] Uma colis\u00e3o frontal entre um carro e uma carreta destruiu uma fam\u00edlia, o acidente teve como cen\u00e1rio a rodovia BR-25 e aconteceu na tarde deste domingo (21). No final da tarde deste \u00faltimo domingo, um tr\u00e1gico acidente na BR-251, pr\u00f3ximo a localidade de Curral de Dentro, que fica no\u2026","rel":"","context":"In &quot;Blog&quot;","block_context":{"text":"Blog","link":"https:\/\/ismaelcolosi.com.br\/index.php\/category\/blog\/"},"img":{"alt_text":"","src":"https:\/\/i0.wp.com\/ismaelcolosi.com.br\/wp-content\/uploads\/2024\/01\/postimg-65aeb8e91dccd9738.jpg?fit=1200%2C628&ssl=1&resize=350%2C200","width":350,"height":200,"srcset":"https:\/\/i0.wp.com\/ismaelcolosi.com.br\/wp-content\/uploads\/2024\/01\/postimg-65aeb8e91dccd9738.jpg?fit=1200%2C628&ssl=1&resize=350%2C200 1x, https:\/\/i0.wp.com\/ismaelcolosi.com.br\/wp-content\/uploads\/2024\/01\/postimg-65aeb8e91dccd9738.jpg?fit=1200%2C628&ssl=1&resize=525%2C300 1.5x, https:\/\/i0.wp.com\/ismaelcolosi.com.br\/wp-content\/uploads\/2024\/01\/postimg-65aeb8e91dccd9738.jpg?fit=1200%2C628&ssl=1&resize=700%2C400 2x, https:\/\/i0.wp.com\/ismaelcolosi.com.br\/wp-content\/uploads\/2024\/01\/postimg-65aeb8e91dccd9738.jpg?fit=1200%2C628&ssl=1&resize=1050%2C600 3x"},"classes":[]},{"id":25926,"url":"https:\/\/ismaelcolosi.com.br\/index.php\/2024\/01\/08\/homem-que-perdeu-a-vida-em-acidente-grave-apos-ser-ejetado-de-carro-e-identificado\/","url_meta":{"origin":13895,"position":1},"title":"Homem que perdeu a vida em acidente grave ap\u00f3s ser ejetado de carro \u00e9 identificado","author":"ismaelcolosi.com.br","date":"8 de Janeiro de 2024","format":false,"excerpt":"[ad_1] Mais um grave acidente registrado uma das estradas que corta o estado de Santa Catarina, deixou outra v\u00edtima fatal. O caso esta sendo apurado pelas autoridades.De acordo com as primeiras informa\u00e7\u00f5es repassadas pelos agentes da Pol\u00edcia Rodovi\u00e1ria Federal (PRF), que foram acionados para atender a ocorr\u00eancia, a v\u00edtima fatal\u2026","rel":"","context":"In &quot;Blog&quot;","block_context":{"text":"Blog","link":"https:\/\/ismaelcolosi.com.br\/index.php\/category\/blog\/"},"img":{"alt_text":"","src":"https:\/\/i0.wp.com\/ismaelcolosi.com.br\/wp-content\/uploads\/2024\/01\/postimg-659c45ffc9e1f5667.jpg?fit=1200%2C628&ssl=1&resize=350%2C200","width":350,"height":200,"srcset":"https:\/\/i0.wp.com\/ismaelcolosi.com.br\/wp-content\/uploads\/2024\/01\/postimg-659c45ffc9e1f5667.jpg?fit=1200%2C628&ssl=1&resize=350%2C200 1x, https:\/\/i0.wp.com\/ismaelcolosi.com.br\/wp-content\/uploads\/2024\/01\/postimg-659c45ffc9e1f5667.jpg?fit=1200%2C628&ssl=1&resize=525%2C300 1.5x, https:\/\/i0.wp.com\/ismaelcolosi.com.br\/wp-content\/uploads\/2024\/01\/postimg-659c45ffc9e1f5667.jpg?fit=1200%2C628&ssl=1&resize=700%2C400 2x, https:\/\/i0.wp.com\/ismaelcolosi.com.br\/wp-content\/uploads\/2024\/01\/postimg-659c45ffc9e1f5667.jpg?fit=1200%2C628&ssl=1&resize=1050%2C600 3x"},"classes":[]},{"id":29182,"url":"https:\/\/ismaelcolosi.com.br\/index.php\/2024\/01\/17\/acidente-provoca-tragedia-na-br-280-deixa-vitimas-fatais-e-cenario-de-destruicao\/","url_meta":{"origin":13895,"position":2},"title":"Acidente provoca trag\u00e9dia na BR-280, deixa v\u00edtimas fatais e cen\u00e1rio de destrui\u00e7\u00e3o","author":"ismaelcolosi.com.br","date":"17 de Janeiro de 2024","format":false,"excerpt":"[ad_1] Um grave acidente envolvendo dois ve\u00edculos provocou uma verdadeira trag\u00e9dia que teve cen\u00e1rio a rodovia BR-280.De acordo com as primeiras informa\u00e7\u00f5es repassadas pelas autoridades locais respons\u00e1veis pelo atendimento da ocorr\u00eancia, a colis\u00e3o violenta aconteceu na altura da cidade de Canoinhas, localizada na regi\u00e3o do Planalto Norte do estado de\u2026","rel":"","context":"In &quot;Blog&quot;","block_context":{"text":"Blog","link":"https:\/\/ismaelcolosi.com.br\/index.php\/category\/blog\/"},"img":{"alt_text":"","src":"https:\/\/i0.wp.com\/ismaelcolosi.com.br\/wp-content\/uploads\/2024\/01\/postimg-65a8304ced6827072.jpg?fit=1200%2C675&ssl=1&resize=350%2C200","width":350,"height":200,"srcset":"https:\/\/i0.wp.com\/ismaelcolosi.com.br\/wp-content\/uploads\/2024\/01\/postimg-65a8304ced6827072.jpg?fit=1200%2C675&ssl=1&resize=350%2C200 1x, https:\/\/i0.wp.com\/ismaelcolosi.com.br\/wp-content\/uploads\/2024\/01\/postimg-65a8304ced6827072.jpg?fit=1200%2C675&ssl=1&resize=525%2C300 1.5x, https:\/\/i0.wp.com\/ismaelcolosi.com.br\/wp-content\/uploads\/2024\/01\/postimg-65a8304ced6827072.jpg?fit=1200%2C675&ssl=1&resize=700%2C400 2x, https:\/\/i0.wp.com\/ismaelcolosi.com.br\/wp-content\/uploads\/2024\/01\/postimg-65a8304ced6827072.jpg?fit=1200%2C675&ssl=1&resize=1050%2C600 3x"},"classes":[]},{"id":18529,"url":"https:\/\/ismaelcolosi.com.br\/index.php\/2023\/12\/20\/acidente-de-transito-na-br-369-deixa-vitimas-fatais-entre-elas-um-bebe-e-helicoptero-foi-acionado-devido-a-gravidade\/","url_meta":{"origin":13895,"position":3},"title":"Acidente de tr\u00e2nsito na BR-369 deixa v\u00edtimas fatais, entre elas, um beb\u00ea, e helic\u00f3ptero foi acionado devido a gravidade","author":"ismaelcolosi.com.br","date":"20 de Dezembro de 2023","format":false,"excerpt":"[ad_1] Durante o per\u00edodo da manh\u00e3 desta ter\u00e7a-feira, dia 19 de dezembro, um tr\u00e1gico acidente de tr\u00e2nsito chocou a regi\u00e3o do Paran\u00e1, mais precisamente na BR-369, entre as regi\u00f5es de Campo Mour\u00e3o e Mambor\u00e9.A situa\u00e7\u00e3o envolveu dois ve\u00edculos, identificados como um HB20 e um Gol e resultou em oito pessoas\u2026","rel":"","context":"In &quot;Blog&quot;","block_context":{"text":"Blog","link":"https:\/\/ismaelcolosi.com.br\/index.php\/category\/blog\/"},"img":{"alt_text":"","src":"https:\/\/i0.wp.com\/ismaelcolosi.com.br\/wp-content\/uploads\/2023\/12\/postimg-658302a389a778979.jpg?fit=1200%2C628&ssl=1&resize=350%2C200","width":350,"height":200,"srcset":"https:\/\/i0.wp.com\/ismaelcolosi.com.br\/wp-content\/uploads\/2023\/12\/postimg-658302a389a778979.jpg?fit=1200%2C628&ssl=1&resize=350%2C200 1x, https:\/\/i0.wp.com\/ismaelcolosi.com.br\/wp-content\/uploads\/2023\/12\/postimg-658302a389a778979.jpg?fit=1200%2C628&ssl=1&resize=525%2C300 1.5x, https:\/\/i0.wp.com\/ismaelcolosi.com.br\/wp-content\/uploads\/2023\/12\/postimg-658302a389a778979.jpg?fit=1200%2C628&ssl=1&resize=700%2C400 2x, https:\/\/i0.wp.com\/ismaelcolosi.com.br\/wp-content\/uploads\/2023\/12\/postimg-658302a389a778979.jpg?fit=1200%2C628&ssl=1&resize=1050%2C600 3x"},"classes":[]},{"id":18523,"url":"https:\/\/ismaelcolosi.com.br\/index.php\/2023\/12\/20\/familia-e-bebe-vitimas-de-grave-acidente-na-br-369-sao-identificados-e-nota-de-pesar-e-divulgada-dia-triste\/","url_meta":{"origin":13895,"position":4},"title":"Fam\u00edlia e beb\u00ea v\u00edtimas de grave acidente na BR-369 s\u00e3o identificados e nota de pesar \u00e9 divulgada: &#8216;Dia triste&#8217;","author":"ismaelcolosi.com.br","date":"20 de Dezembro de 2023","format":false,"excerpt":"[ad_1] Na manh\u00e3 desta ter\u00e7a-feira, dia 19 de dezembro, as quatro v\u00edtimas do grave acidente ocorrido na BR-369, na regi\u00e3o de Mambor\u00ea, no Paran\u00e1, foram identificadas.As v\u00edtimas s\u00e3o Franciele Marchese, M\u00e1rcio Fernando da Cruz, Marlene Rosa de Ara\u00fajo Cruz e a pequena Sofia Leonardi Ferreira Trento, uma beb\u00ea que n\u00e3o\u2026","rel":"","context":"In &quot;Blog&quot;","block_context":{"text":"Blog","link":"https:\/\/ismaelcolosi.com.br\/index.php\/category\/blog\/"},"img":{"alt_text":"","src":"https:\/\/i0.wp.com\/ismaelcolosi.com.br\/wp-content\/uploads\/2023\/12\/postimg-658302d67550f4885.jpg?fit=1200%2C628&ssl=1&resize=350%2C200","width":350,"height":200,"srcset":"https:\/\/i0.wp.com\/ismaelcolosi.com.br\/wp-content\/uploads\/2023\/12\/postimg-658302d67550f4885.jpg?fit=1200%2C628&ssl=1&resize=350%2C200 1x, https:\/\/i0.wp.com\/ismaelcolosi.com.br\/wp-content\/uploads\/2023\/12\/postimg-658302d67550f4885.jpg?fit=1200%2C628&ssl=1&resize=525%2C300 1.5x, https:\/\/i0.wp.com\/ismaelcolosi.com.br\/wp-content\/uploads\/2023\/12\/postimg-658302d67550f4885.jpg?fit=1200%2C628&ssl=1&resize=700%2C400 2x, https:\/\/i0.wp.com\/ismaelcolosi.com.br\/wp-content\/uploads\/2023\/12\/postimg-658302d67550f4885.jpg?fit=1200%2C628&ssl=1&resize=1050%2C600 3x"},"classes":[]},{"id":39001,"url":"https:\/\/ismaelcolosi.com.br\/index.php\/2024\/02\/22\/cinto-de-seguranca-nao-e-utilizado-por-41-dos-passageiros-no-banco-traseiro\/","url_meta":{"origin":13895,"position":5},"title":"Cinto de seguran\u00e7a n\u00e3o \u00e9 utilizado por 41% dos passageiros no banco traseiro","author":"ismaelcolosi.com.br","date":"22 de Fevereiro de 2024","format":false,"excerpt":"[ad_1] No caso de caminh\u00f5es, tamb\u00e9m avaliados na pesquisa, a utiliza\u00e7\u00e3o do dispositivo \u00e9 ainda menos usual: 26,2% dos ocupantes deixam de fazer uso, ante 10,3% quando analisado entre motoristas e ocupantes de autom\u00f3veis de passeio.Os resultados corroboram outras estat\u00edsticas da concession\u00e1ria. Em 2023, a empresa registrou tr\u00eas ocorr\u00eancias com\u2026","rel":"","context":"In &quot;Not\u00edcias de Ribeir\u00e3o Preto-SP e Regi\u00e3o&quot;","block_context":{"text":"Not\u00edcias de Ribeir\u00e3o Preto-SP e Regi\u00e3o","link":"https:\/\/ismaelcolosi.com.br\/index.php\/category\/noticias-de-ribeirao-preto-sp-e-regiao-ismael-colosi\/"},"img":{"alt_text":"","src":"https:\/\/i0.wp.com\/ismaelcolosi.com.br\/wp-content\/uploads\/2024\/02\/a61b7162-932e-47a8-9782-bca4aca583ce-scaled.jpg?fit=938%2C645&ssl=1&resize=350%2C200","width":350,"height":200,"srcset":"https:\/\/i0.wp.com\/ismaelcolosi.com.br\/wp-content\/uploads\/2024\/02\/a61b7162-932e-47a8-9782-bca4aca583ce-scaled.jpg?fit=938%2C645&ssl=1&resize=350%2C200 1x, https:\/\/i0.wp.com\/ismaelcolosi.com.br\/wp-content\/uploads\/2024\/02\/a61b7162-932e-47a8-9782-bca4aca583ce-scaled.jpg?fit=938%2C645&ssl=1&resize=525%2C300 1.5x, https:\/\/i0.wp.com\/ismaelcolosi.com.br\/wp-content\/uploads\/2024\/02\/a61b7162-932e-47a8-9782-bca4aca583ce-scaled.jpg?fit=938%2C645&ssl=1&resize=700%2C400 2x"},"classes":[]}],"jetpack_sharing_enabled":true,"jetpack_shortlink":"https:\/\/wp.me\/pfMlyK-3C7","jetpack_featured_media_url":"https:\/\/i0.wp.com\/ismaelcolosi.com.br\/wp-content\/uploads\/2023\/12\/postimg-65772acf01e4e8965.jpg?fit=1200%2C628&ssl=1","_links":{"self":[{"href":"https:\/\/ismaelcolosi.com.br\/index.php\/wp-json\/wp\/v2\/posts\/13895","targetHints":{"allow":["GET"]}}],"collection":[{"href":"https:\/\/ismaelcolosi.com.br\/index.php\/wp-json\/wp\/v2\/posts"}],"about":[{"href":"https:\/\/ismaelcolosi.com.br\/index.php\/wp-json\/wp\/v2\/types\/post"}],"author":[{"embeddable":true,"href":"https:\/\/ismaelcolosi.com.br\/index.php\/wp-json\/wp\/v2\/users\/1"}],"replies":[{"embeddable":true,"href":"https:\/\/ismaelcolosi.com.br\/index.php\/wp-json\/wp\/v2\/comments?post=13895"}],"version-history":[{"count":0,"href":"https:\/\/ismaelcolosi.com.br\/index.php\/wp-json\/wp\/v2\/posts\/13895\/revisions"}],"wp:featuredmedia":[{"embeddable":true,"href":"https:\/\/ismaelcolosi.com.br\/index.php\/wp-json\/wp\/v2\/media\/13896"}],"wp:attachment":[{"href":"https:\/\/ismaelcolosi.com.br\/index.php\/wp-json\/wp\/v2\/media?parent=13895"}],"wp:term":[{"taxonomy":"category","embeddable":true,"href":"https:\/\/ismaelcolosi.com.br\/index.php\/wp-json\/wp\/v2\/categories?post=13895"},{"taxonomy":"post_tag","embeddable":true,"href":"https:\/\/ismaelcolosi.com.br\/index.php\/wp-json\/wp\/v2\/tags?post=13895"}],"curies":[{"name":"wp","href":"https:\/\/api.w.org\/{rel}","templated":true}]}}