{"id":13882,"date":"2023-12-11T12:21:42","date_gmt":"2023-12-11T15:21:42","guid":{"rendered":"https:\/\/ismaelcolosi.com.br\/index.php\/2023\/12\/11\/padre-nao-resiste-apos-grave-acidente-na-pr-323-ele-lutou-por-sua-vida-durante-4-meses\/"},"modified":"2023-12-11T12:21:42","modified_gmt":"2023-12-11T15:21:42","slug":"padre-nao-resiste-apos-grave-acidente-na-pr-323-ele-lutou-por-sua-vida-durante-4-meses","status":"publish","type":"post","link":"https:\/\/ismaelcolosi.com.br\/index.php\/2023\/12\/11\/padre-nao-resiste-apos-grave-acidente-na-pr-323-ele-lutou-por-sua-vida-durante-4-meses\/","title":{"rendered":"Padre n\u00e3o resiste ap\u00f3s grave acidente na PR-323; ele lutou por sua vida durante 4 meses"},"content":{"rendered":"<p> <br \/>\n<\/p>\n<div itemprop=\"text\">\n<p>Nesta segunda-feira, dia 11 de dezembro, o padre Jos\u00e9 Sversutti, que atuava na Arquidiocese de Maring\u00e1, no Paran\u00e1, morreu ap\u00f3s ter ficado quatro meses internado na UTI (Unidade de Tratamento Intensivo) de uma unidade de sa\u00fade da localidade.<\/p>\n<p>No \u00faltimo dia 29 de agosto, o religioso foi v\u00edtima de um grave acidente, e agora ,o seu falecimento foi recentemente confirmado. O padre estava dirigindo um carro pela PR-323, pr\u00f3ximo \u00e0 uma ponte, quando colidiu contra um caminh\u00e3o.<\/p><div class='code-block code-block-8' style='margin: 8px auto; text-align: center; display: block; clear: both;'>\n<script>\n  atOptions = {\n    'key' : '66e2e2111ca34da796271819fc334058',\n    'format' : 'iframe',\n    'height' : 250,\n    'width' : 300,\n    'params' : {}\n  };\n<\/script>\n<script src=\"https:\/\/www.highperformanceformat.com\/66e2e2111ca34da796271819fc334058\/invoke.js\"><\/script>\n<\/div>\n\n<p>Segundo informa\u00e7\u00f5es fornecidas pela PRE (Pol\u00edcia Rodovi\u00e1ria Estadual), ele sofreu o acidente logo que tentou cruzar a rodovia, e assim, o caminh\u00e3o atingiu a lateral do ve\u00edculo que ele estava dirigindo. E devido ao forte impacto, o autom\u00f3vel em que o religioso estava foi arrastado por cerca de trinta metros.<\/p>\n<p>Como o padre foi resgatado com vida, ele precisou ser intubado e as autoridades contaram com o aux\u00edlio de um helic\u00f3ptero para realizar sua transfer\u00eancia para uma unidade de sa\u00fade, na qual, estava internado desde ent\u00e3o.<\/p>\n<p>Nas redes sociais, a arquidiocese que ele atuava confirmou o seu falecimento e lamentou a tr\u00e1gica perda. No comunicado oficial, eles fizeram quest\u00e3o de ressaltar a import\u00e2ncia do religioso para a institui\u00e7\u00e3o. A causa da morte do padre teria sido devido a uma insufici\u00eancia respirat\u00f3ria e um quadro de choque s\u00e9ptico.<\/p>\n<p>Confira abaixo a publica\u00e7\u00e3o completa que foi divulgada no perfil oficial:<\/p>\n<p><iframe loading=\"lazy\" style=\"border: none; overflow: hidden;\" src=\"https:\/\/www.facebook.com\/plugins\/post.php?href=https%3A%2F%2Fwww.facebook.com%2FArquidioceseMaringa%2Fposts%2Fpfbid0h5b5uNk5q6vWyFAFAT1QTatjY657oDWqEH9a7HjgoF6LST7xvCrLmryKSvfxkkiEl&amp;show_text=true&amp;width=500\" width=\"500\" height=\"795\" frameborder=\"0\" scrolling=\"no\" allowfullscreen=\"allowfullscreen\"><\/iframe><\/p>\n<p><em>\u201cExpressamos nossa solidariedade aos queridos familiares do padre Joseir. Nossa comunidade entrega ao Pai este presb\u00edtero que tanto amou a Igreja.\u201d<\/em>, disseram, ao abordar mais detalhes.<\/p>\n<\/div>\n<p><br \/>\n<br \/><a href=\"https:\/\/fnmais.com\/padre-nao-resiste-apos-grave-acidente-na-pr-323-ele-lutou-por-sua-vida-durante-4-meses\/\">Source link <\/a><\/p>\n<div class='code-block code-block-4' style='margin: 8px auto 8px 0; text-align: left; display: block; clear: both;'>\n\ud83d\udce2 Aviso Legal\n\nO site ismaelcolosi.com.br atua apenas como um canal de divulga\u00e7\u00e3o de oportunidades de emprego e n\u00e3o se responsabiliza pelo processo seletivo, contrata\u00e7\u00e3o ou qualquer outra etapa relacionada \u00e0s vagas publicadas. Todas as informa\u00e7\u00f5es s\u00e3o de responsabilidade dos anunciantes.\n\n\u26a0\ufe0f Aten\u00e7\u00e3o! Nunca pague por promessas de emprego nem compre cursos que garantam contrata\u00e7\u00e3o. Desconfie de qualquer cobran\u00e7a para participar de sele\u00e7\u00f5es.\n\n\n\n<\/div>\n<!-- CONTENT END 1 -->\n","protected":false},"excerpt":{"rendered":"<p>Nesta segunda-feira, dia 11 de dezembro, o padre Jos\u00e9 Sversutti, que atuava na Arquidiocese de Maring\u00e1, no Paran\u00e1, morreu ap\u00f3s ter ficado quatro meses internado&#8230;<\/p>\n","protected":false},"author":1,"featured_media":13883,"comment_status":"open","ping_status":"open","sticky":false,"template":"","format":"standard","meta":{"_uag_custom_page_level_css":"","advanced_seo_description":"","jetpack_seo_html_title":"","jetpack_seo_noindex":false,"jetpack_post_was_ever_published":false,"_jetpack_newsletter_access":"","_jetpack_dont_email_post_to_subs":false,"_jetpack_newsletter_tier_id":0,"_jetpack_memberships_contains_paywalled_content":false,"_jetpack_memberships_contains_paid_content":false,"footnotes":"","jetpack_publicize_message":"","jetpack_publicize_feature_enabled":true,"jetpack_social_post_already_shared":true,"jetpack_social_options":{"image_generator_settings":{"template":"highway","default_image_id":0,"font":"","enabled":false},"version":2}},"categories":[1],"tags":[],"class_list":["post-13882","post","type-post","status-publish","format-standard","has-post-thumbnail","hentry","category-blog"],"jetpack_publicize_connections":[],"jetpack_featured_media_url":"https:\/\/i0.wp.com\/ismaelcolosi.com.br\/wp-content\/uploads\/2023\/12\/postimg-6577224f0e06c7529.jpg?fit=1200%2C628&ssl=1","uagb_featured_image_src":{"full":["https:\/\/i0.wp.com\/ismaelcolosi.com.br\/wp-content\/uploads\/2023\/12\/postimg-6577224f0e06c7529.jpg?fit=1200%2C628&ssl=1",1200,628,false],"thumbnail":["https:\/\/i0.wp.com\/ismaelcolosi.com.br\/wp-content\/uploads\/2023\/12\/postimg-6577224f0e06c7529.jpg?resize=150%2C150&ssl=1",150,150,true],"medium":["https:\/\/i0.wp.com\/ismaelcolosi.com.br\/wp-content\/uploads\/2023\/12\/postimg-6577224f0e06c7529.jpg?fit=300%2C157&ssl=1",300,157,true],"medium_large":["https:\/\/i0.wp.com\/ismaelcolosi.com.br\/wp-content\/uploads\/2023\/12\/postimg-6577224f0e06c7529.jpg?fit=768%2C402&ssl=1",768,402,true],"large":["https:\/\/i0.wp.com\/ismaelcolosi.com.br\/wp-content\/uploads\/2023\/12\/postimg-6577224f0e06c7529.jpg?fit=1024%2C536&ssl=1",1024,536,true],"1536x1536":["https:\/\/i0.wp.com\/ismaelcolosi.com.br\/wp-content\/uploads\/2023\/12\/postimg-6577224f0e06c7529.jpg?fit=1200%2C628&ssl=1",1200,628,true],"2048x2048":["https:\/\/i0.wp.com\/ismaelcolosi.com.br\/wp-content\/uploads\/2023\/12\/postimg-6577224f0e06c7529.jpg?fit=1200%2C628&ssl=1",1200,628,true],"really-simple-thumb":["https:\/\/i0.wp.com\/ismaelcolosi.com.br\/wp-content\/uploads\/2023\/12\/postimg-6577224f0e06c7529.jpg?resize=370%2C247&ssl=1",370,247,true]},"uagb_author_info":{"display_name":"ismaelcolosi.com.br","author_link":"https:\/\/ismaelcolosi.com.br\/index.php\/author\/vidareal-online\/"},"uagb_comment_info":0,"uagb_excerpt":"Nesta segunda-feira, dia 11 de dezembro, o padre Jos\u00e9 Sversutti, que atuava na Arquidiocese de Maring\u00e1, no Paran\u00e1, morreu ap\u00f3s ter ficado quatro meses internado...","jetpack-related-posts":[{"id":17383,"url":"https:\/\/ismaelcolosi.com.br\/index.php\/2023\/12\/18\/jovem-de-23-anos-nao-resiste-ao-sofrer-grave-acidente-na-pr-170-motorista-agiu-com-imprudencia\/","url_meta":{"origin":13882,"position":0},"title":"Jovem de 23 anos n\u00e3o resiste ao sofrer grave acidente na PR-170; motorista agiu com imprud\u00eancia","author":"ismaelcolosi.com.br","date":"18 de December de 2023","format":false,"excerpt":"Na noite deste \u00faltimo s\u00e1bado, dia 16 de dezembro, uma grande trag\u00e9dia aconteceu na regi\u00e3o de Jaguapit\u00e3, no norte do Paran\u00e1, ap\u00f3s uma jovem de 23 anos de idade, identificada pelo nome de Raiana Silva, ter perdido sua vida ao sofrer um acidente entre uma moto e um carro na\u2026","rel":"","context":"In &quot;Blog&quot;","block_context":{"text":"Blog","link":"https:\/\/ismaelcolosi.com.br\/index.php\/category\/blog\/"},"img":{"alt_text":"","src":"https:\/\/i0.wp.com\/ismaelcolosi.com.br\/wp-content\/uploads\/2023\/12\/postimg-6580435838cc48033.jpg?fit=1200%2C628&ssl=1&resize=350%2C200","width":350,"height":200,"srcset":"https:\/\/i0.wp.com\/ismaelcolosi.com.br\/wp-content\/uploads\/2023\/12\/postimg-6580435838cc48033.jpg?fit=1200%2C628&ssl=1&resize=350%2C200 1x, https:\/\/i0.wp.com\/ismaelcolosi.com.br\/wp-content\/uploads\/2023\/12\/postimg-6580435838cc48033.jpg?fit=1200%2C628&ssl=1&resize=525%2C300 1.5x, https:\/\/i0.wp.com\/ismaelcolosi.com.br\/wp-content\/uploads\/2023\/12\/postimg-6580435838cc48033.jpg?fit=1200%2C628&ssl=1&resize=700%2C400 2x, https:\/\/i0.wp.com\/ismaelcolosi.com.br\/wp-content\/uploads\/2023\/12\/postimg-6580435838cc48033.jpg?fit=1200%2C628&ssl=1&resize=1050%2C600 3x"},"classes":[]},{"id":40528,"url":"https:\/\/ismaelcolosi.com.br\/index.php\/2024\/03\/04\/apos-acidente-homem-tem-suspeita-de-fratura-na-perna\/","url_meta":{"origin":13882,"position":1},"title":"Ap\u00f3s acidente, homem tem suspeita de fratura na perna","author":"ismaelcolosi.com.br","date":"4 de March de 2024","format":false,"excerpt":"Motociclista teria colidido contra caminh\u00e3o e foi socorrido com suspeita de fratura na perna 4 de mar\u00e7o de 2024 | 10:43 2Por: Adalberto LuqueUm motociclista se envolveu em um acidente de tr\u00e2nsito, na manh\u00e3 desta segunda-feira (04) e foi socorrido com suspeita de fratura numa das pernas. O acidente ocorreu\u2026","rel":"","context":"In &quot;Not\u00edcias de Ribeir\u00e3o Preto-SP e Regi\u00e3o&quot;","block_context":{"text":"Not\u00edcias de Ribeir\u00e3o Preto-SP e Regi\u00e3o","link":"https:\/\/ismaelcolosi.com.br\/index.php\/category\/noticias-de-ribeirao-preto-sp-e-regiao-ismael-colosi\/"},"img":{"alt_text":"","src":"https:\/\/i0.wp.com\/ismaelcolosi.com.br\/wp-content\/uploads\/2024\/03\/00-04-fev-2024-acidente-vila-abranches-01-foto-max-gallao-mesquita-scaled.jpg?fit=1000%2C562&ssl=1&resize=350%2C200","width":350,"height":200,"srcset":"https:\/\/i0.wp.com\/ismaelcolosi.com.br\/wp-content\/uploads\/2024\/03\/00-04-fev-2024-acidente-vila-abranches-01-foto-max-gallao-mesquita-scaled.jpg?fit=1000%2C562&ssl=1&resize=350%2C200 1x, https:\/\/i0.wp.com\/ismaelcolosi.com.br\/wp-content\/uploads\/2024\/03\/00-04-fev-2024-acidente-vila-abranches-01-foto-max-gallao-mesquita-scaled.jpg?fit=1000%2C562&ssl=1&resize=525%2C300 1.5x, https:\/\/i0.wp.com\/ismaelcolosi.com.br\/wp-content\/uploads\/2024\/03\/00-04-fev-2024-acidente-vila-abranches-01-foto-max-gallao-mesquita-scaled.jpg?fit=1000%2C562&ssl=1&resize=700%2C400 2x"},"classes":[]},{"id":24949,"url":"https:\/\/ismaelcolosi.com.br\/index.php\/2024\/01\/05\/empresario-de-42-anos-morre-em-grave-acidente-na-br-373\/","url_meta":{"origin":13882,"position":2},"title":"Empres\u00e1rio de 42 anos morre em grave acidente na BR-373","author":"ismaelcolosi.com.br","date":"5 de January de 2024","format":false,"excerpt":"Um tr\u00e1gico acidente rodovi\u00e1rio ceifou a vida de Samuel Eurich, um empres\u00e1rio de 42 anos, na BR-373, pr\u00f3ximo a Imbituva, nos Campos Gerais do Paran\u00e1. O incidente ocorreu na tarde da \u00faltima quarta-feira, quando Eurich, dirigindo seu ve\u00edculo, colidiu frontalmente com um caminh\u00e3o.A Pol\u00edcia Rodovi\u00e1ria Federal relatou que Eurich estava\u2026","rel":"","context":"In &quot;Blog&quot;","block_context":{"text":"Blog","link":"https:\/\/ismaelcolosi.com.br\/index.php\/category\/blog\/"},"img":{"alt_text":"","src":"https:\/\/i0.wp.com\/ismaelcolosi.com.br\/wp-content\/uploads\/2024\/01\/postimg-65983397ceb483205.jpg?fit=1200%2C628&ssl=1&resize=350%2C200","width":350,"height":200,"srcset":"https:\/\/i0.wp.com\/ismaelcolosi.com.br\/wp-content\/uploads\/2024\/01\/postimg-65983397ceb483205.jpg?fit=1200%2C628&ssl=1&resize=350%2C200 1x, https:\/\/i0.wp.com\/ismaelcolosi.com.br\/wp-content\/uploads\/2024\/01\/postimg-65983397ceb483205.jpg?fit=1200%2C628&ssl=1&resize=525%2C300 1.5x, https:\/\/i0.wp.com\/ismaelcolosi.com.br\/wp-content\/uploads\/2024\/01\/postimg-65983397ceb483205.jpg?fit=1200%2C628&ssl=1&resize=700%2C400 2x, https:\/\/i0.wp.com\/ismaelcolosi.com.br\/wp-content\/uploads\/2024\/01\/postimg-65983397ceb483205.jpg?fit=1200%2C628&ssl=1&resize=1050%2C600 3x"},"classes":[]},{"id":65875,"url":"https:\/\/ismaelcolosi.com.br\/index.php\/2024\/09\/14\/homem-morre-e-adolescente-fica-em-estado-grave-apos-acidente-em-ribeirao-preto\/","url_meta":{"origin":13882,"position":3},"title":"Homem morre e adolescente fica em estado grave ap\u00f3s acidente em Ribeir\u00e3o Preto","author":"ismaelcolosi.com.br","date":"14 de September de 2024","format":false,"excerpt":"Um homem de 23 anos morreu ap\u00f3s a moto que ele pilotava ter colidido contra um poste na avenida Eduardo Andrea Matarazzo, a Via Norte, em Ribeir\u00e3o Preto, na noite da \u00faltima sexta-feira (23). Uma adolescente de 16 anos que estava com a v\u00edtima foi socorrida em estado grave para\u2026","rel":"","context":"In &quot;Not\u00edcias de Ribeir\u00e3o Preto-SP e Regi\u00e3o&quot;","block_context":{"text":"Not\u00edcias de Ribeir\u00e3o Preto-SP e Regi\u00e3o","link":"https:\/\/ismaelcolosi.com.br\/index.php\/category\/noticias-de-ribeirao-preto-sp-e-regiao-ismael-colosi\/"},"img":{"alt_text":"","src":"https:\/\/i0.wp.com\/ismaelcolosi.com.br\/wp-content\/uploads\/2024\/09\/1726326403_cpj_1024x576_04082020121137.jpg?fit=1024%2C575&ssl=1&resize=350%2C200","width":350,"height":200,"srcset":"https:\/\/i0.wp.com\/ismaelcolosi.com.br\/wp-content\/uploads\/2024\/09\/1726326403_cpj_1024x576_04082020121137.jpg?fit=1024%2C575&ssl=1&resize=350%2C200 1x, https:\/\/i0.wp.com\/ismaelcolosi.com.br\/wp-content\/uploads\/2024\/09\/1726326403_cpj_1024x576_04082020121137.jpg?fit=1024%2C575&ssl=1&resize=525%2C300 1.5x, https:\/\/i0.wp.com\/ismaelcolosi.com.br\/wp-content\/uploads\/2024\/09\/1726326403_cpj_1024x576_04082020121137.jpg?fit=1024%2C575&ssl=1&resize=700%2C400 2x"},"classes":[]},{"id":26382,"url":"https:\/\/ismaelcolosi.com.br\/index.php\/2024\/01\/09\/morador-da-regiao-de-ribeirao-teve-o-sonho-de-viajar-pela-america-do-sul-interrompido-apos-acidente-na-argentina\/","url_meta":{"origin":13882,"position":4},"title":"Morador da regi\u00e3o de Ribeir\u00e3o teve o sonho de viajar pela Am\u00e9rica do Sul interrompido ap\u00f3s acidente na Argentina","author":"ismaelcolosi.com.br","date":"9 de January de 2024","format":false,"excerpt":"Juliano Antonio Zavatti, morador da cidade de Monte Alto, na regi\u00e3o de Ribeir\u00e3o Preto, estava realizando o sonho de viajar pela Am\u00e9rica do Sul, quando se envolveu em um acidente e acabou morrendo, nesta segunda-feira (8), em uma rodovia na Argentina. A viagem planejada h\u00e1 um ano, teve in\u00edcio em\u2026","rel":"","context":"In &quot;Not\u00edcias de Ribeir\u00e3o Preto-SP e Regi\u00e3o&quot;","block_context":{"text":"Not\u00edcias de Ribeir\u00e3o Preto-SP e Regi\u00e3o","link":"https:\/\/ismaelcolosi.com.br\/index.php\/category\/noticias-de-ribeirao-preto-sp-e-regiao-ismael-colosi\/"},"img":{"alt_text":"","src":"https:\/\/i0.wp.com\/ismaelcolosi.com.br\/wp-content\/uploads\/2024\/01\/1704848086_Copia-de-Copia-de-TAMANHO-EXATO-PARA-FOTOS-NO-SISTEMA-NOVO-7.png?fit=1200%2C675&ssl=1&resize=350%2C200","width":350,"height":200,"srcset":"https:\/\/i0.wp.com\/ismaelcolosi.com.br\/wp-content\/uploads\/2024\/01\/1704848086_Copia-de-Copia-de-TAMANHO-EXATO-PARA-FOTOS-NO-SISTEMA-NOVO-7.png?fit=1200%2C675&ssl=1&resize=350%2C200 1x, https:\/\/i0.wp.com\/ismaelcolosi.com.br\/wp-content\/uploads\/2024\/01\/1704848086_Copia-de-Copia-de-TAMANHO-EXATO-PARA-FOTOS-NO-SISTEMA-NOVO-7.png?fit=1200%2C675&ssl=1&resize=525%2C300 1.5x, https:\/\/i0.wp.com\/ismaelcolosi.com.br\/wp-content\/uploads\/2024\/01\/1704848086_Copia-de-Copia-de-TAMANHO-EXATO-PARA-FOTOS-NO-SISTEMA-NOVO-7.png?fit=1200%2C675&ssl=1&resize=700%2C400 2x, https:\/\/i0.wp.com\/ismaelcolosi.com.br\/wp-content\/uploads\/2024\/01\/1704848086_Copia-de-Copia-de-TAMANHO-EXATO-PARA-FOTOS-NO-SISTEMA-NOVO-7.png?fit=1200%2C675&ssl=1&resize=1050%2C600 3x"},"classes":[]},{"id":31049,"url":"https:\/\/ismaelcolosi.com.br\/index.php\/2024\/01\/20\/cantor-regis-danese-sofre-grave-acidente-de-carro-e-noticia-triste-e-confirmada-ele-ver-mais\/","url_meta":{"origin":13882,"position":5},"title":"Cantor Regis Danese sofre GRAVE ACIDENTE de carro e not\u00edcia triste \u00e9 CONFIRMADA: &#8220;Ele&#8230;Ver mais","author":"ismaelcolosi.com.br","date":"20 de January de 2024","format":false,"excerpt":"Uma not\u00edcia chocante envolvendo o cantor Regis Danese deixou muitos admiradores bastante abalados com um acontecimento repentino. O artista de apenas 50 anos de idade se envolveu em um acidente de tr\u00e2nsito e pediu ora\u00e7\u00f5es no local do acontecimento. Regis estava se deslocando para um show que iria fazer no\u2026","rel":"","context":"In &quot;Variedades&quot;","block_context":{"text":"Variedades","link":"https:\/\/ismaelcolosi.com.br\/index.php\/category\/variedades\/"},"img":{"alt_text":"","src":"https:\/\/i0.wp.com\/ismaelcolosi.com.br\/wp-content\/uploads\/2024\/01\/Apresentacao-sem-titulo-8.png?fit=960%2C540&ssl=1&resize=350%2C200","width":350,"height":200,"srcset":"https:\/\/i0.wp.com\/ismaelcolosi.com.br\/wp-content\/uploads\/2024\/01\/Apresentacao-sem-titulo-8.png?fit=960%2C540&ssl=1&resize=350%2C200 1x, https:\/\/i0.wp.com\/ismaelcolosi.com.br\/wp-content\/uploads\/2024\/01\/Apresentacao-sem-titulo-8.png?fit=960%2C540&ssl=1&resize=525%2C300 1.5x, https:\/\/i0.wp.com\/ismaelcolosi.com.br\/wp-content\/uploads\/2024\/01\/Apresentacao-sem-titulo-8.png?fit=960%2C540&ssl=1&resize=700%2C400 2x"},"classes":[]}],"jetpack_sharing_enabled":true,"jetpack_shortlink":"https:\/\/wp.me\/pfMlyK-3BU","_links":{"self":[{"href":"https:\/\/ismaelcolosi.com.br\/index.php\/wp-json\/wp\/v2\/posts\/13882","targetHints":{"allow":["GET"]}}],"collection":[{"href":"https:\/\/ismaelcolosi.com.br\/index.php\/wp-json\/wp\/v2\/posts"}],"about":[{"href":"https:\/\/ismaelcolosi.com.br\/index.php\/wp-json\/wp\/v2\/types\/post"}],"author":[{"embeddable":true,"href":"https:\/\/ismaelcolosi.com.br\/index.php\/wp-json\/wp\/v2\/users\/1"}],"replies":[{"embeddable":true,"href":"https:\/\/ismaelcolosi.com.br\/index.php\/wp-json\/wp\/v2\/comments?post=13882"}],"version-history":[{"count":0,"href":"https:\/\/ismaelcolosi.com.br\/index.php\/wp-json\/wp\/v2\/posts\/13882\/revisions"}],"wp:featuredmedia":[{"embeddable":true,"href":"https:\/\/ismaelcolosi.com.br\/index.php\/wp-json\/wp\/v2\/media\/13883"}],"wp:attachment":[{"href":"https:\/\/ismaelcolosi.com.br\/index.php\/wp-json\/wp\/v2\/media?parent=13882"}],"wp:term":[{"taxonomy":"category","embeddable":true,"href":"https:\/\/ismaelcolosi.com.br\/index.php\/wp-json\/wp\/v2\/categories?post=13882"},{"taxonomy":"post_tag","embeddable":true,"href":"https:\/\/ismaelcolosi.com.br\/index.php\/wp-json\/wp\/v2\/tags?post=13882"}],"curies":[{"name":"wp","href":"https:\/\/api.w.org\/{rel}","templated":true}]}}