{"id":13882,"date":"2023-12-11T12:21:42","date_gmt":"2023-12-11T15:21:42","guid":{"rendered":"https:\/\/ismaelcolosi.com.br\/index.php\/2023\/12\/11\/padre-nao-resiste-apos-grave-acidente-na-pr-323-ele-lutou-por-sua-vida-durante-4-meses\/"},"modified":"2023-12-11T12:21:42","modified_gmt":"2023-12-11T15:21:42","slug":"padre-nao-resiste-apos-grave-acidente-na-pr-323-ele-lutou-por-sua-vida-durante-4-meses","status":"publish","type":"post","link":"https:\/\/ismaelcolosi.com.br\/index.php\/2023\/12\/11\/padre-nao-resiste-apos-grave-acidente-na-pr-323-ele-lutou-por-sua-vida-durante-4-meses\/","title":{"rendered":"Padre n\u00e3o resiste ap\u00f3s grave acidente na PR-323; ele lutou por sua vida durante 4 meses"},"content":{"rendered":"<p> [ad_1]<br \/>\n<\/p>\n<div itemprop=\"text\">\n<p>Nesta segunda-feira, dia 11 de dezembro, o padre Jos\u00e9 Sversutti, que atuava na Arquidiocese de Maring\u00e1, no Paran\u00e1, morreu ap\u00f3s ter ficado quatro meses internado na UTI (Unidade de Tratamento Intensivo) de uma unidade de sa\u00fade da localidade.<\/p>\n<p>No \u00faltimo dia 29 de agosto, o religioso foi v\u00edtima de um grave acidente, e agora ,o seu falecimento foi recentemente confirmado. O padre estava dirigindo um carro pela PR-323, pr\u00f3ximo \u00e0 uma ponte, quando colidiu contra um caminh\u00e3o.<\/p>\n<p>Segundo informa\u00e7\u00f5es fornecidas pela PRE (Pol\u00edcia Rodovi\u00e1ria Estadual), ele sofreu o acidente logo que tentou cruzar a rodovia, e assim, o caminh\u00e3o atingiu a lateral do ve\u00edculo que ele estava dirigindo. E devido ao forte impacto, o autom\u00f3vel em que o religioso estava foi arrastado por cerca de trinta metros.<\/p>\n<p>Como o padre foi resgatado com vida, ele precisou ser intubado e as autoridades contaram com o aux\u00edlio de um helic\u00f3ptero para realizar sua transfer\u00eancia para uma unidade de sa\u00fade, na qual, estava internado desde ent\u00e3o.<\/p>\n<p>Nas redes sociais, a arquidiocese que ele atuava confirmou o seu falecimento e lamentou a tr\u00e1gica perda. No comunicado oficial, eles fizeram quest\u00e3o de ressaltar a import\u00e2ncia do religioso para a institui\u00e7\u00e3o. A causa da morte do padre teria sido devido a uma insufici\u00eancia respirat\u00f3ria e um quadro de choque s\u00e9ptico.<\/p>\n<p>Confira abaixo a publica\u00e7\u00e3o completa que foi divulgada no perfil oficial:<\/p>\n<p><iframe loading=\"lazy\" style=\"border: none; overflow: hidden;\" src=\"https:\/\/www.facebook.com\/plugins\/post.php?href=https%3A%2F%2Fwww.facebook.com%2FArquidioceseMaringa%2Fposts%2Fpfbid0h5b5uNk5q6vWyFAFAT1QTatjY657oDWqEH9a7HjgoF6LST7xvCrLmryKSvfxkkiEl&amp;show_text=true&amp;width=500\" width=\"500\" height=\"795\" frameborder=\"0\" scrolling=\"no\" allowfullscreen=\"allowfullscreen\"><\/iframe><\/p>\n<p><em>\u201cExpressamos nossa solidariedade aos queridos familiares do padre Joseir. Nossa comunidade entrega ao Pai este presb\u00edtero que tanto amou a Igreja.\u201d<\/em>, disseram, ao abordar mais detalhes.<\/p>\n<\/div>\n<p>[ad_2]<br \/>\n<br \/><a href=\"https:\/\/fnmais.com\/padre-nao-resiste-apos-grave-acidente-na-pr-323-ele-lutou-por-sua-vida-durante-4-meses\/\" target=\"_blank\" rel=\"noopener\">Source link <\/a><\/p>\n<div class='code-block code-block-4' style='margin: 8px auto 8px 0; text-align: left; display: block; clear: both;'>\n\ud83d\udce2 Aviso Legal\n\nO site ismaelcolosi.com.br atua apenas como um canal de divulga\u00e7\u00e3o de oportunidades de emprego e n\u00e3o se responsabiliza pelo processo seletivo, contrata\u00e7\u00e3o ou qualquer outra etapa relacionada \u00e0s vagas publicadas. Todas as informa\u00e7\u00f5es s\u00e3o de responsabilidade dos anunciantes.\n\n\u26a0\ufe0f Aten\u00e7\u00e3o! Nunca pague por promessas de emprego nem compre cursos que garantam contrata\u00e7\u00e3o. Desconfie de qualquer cobran\u00e7a para participar de sele\u00e7\u00f5es.\n\n\n\n<\/div>\n<!-- CONTENT END 1 -->\n","protected":false},"excerpt":{"rendered":"<p>[ad_1] Nesta segunda-feira, dia 11 de dezembro, o padre Jos\u00e9 Sversutti, que atuava na Arquidiocese de Maring\u00e1, no Paran\u00e1, morreu ap\u00f3s ter ficado quatro meses internado na UTI (Unidade de Tratamento Intensivo) de uma unidade de sa\u00fade da localidade. No \u00faltimo dia 29 de agosto, o religioso foi v\u00edtima de um grave acidente, e agora&hellip;&nbsp;<\/p>\n","protected":false},"author":1,"featured_media":13883,"comment_status":"open","ping_status":"open","sticky":false,"template":"","format":"standard","meta":{"_uag_custom_page_level_css":"","neve_meta_sidebar":"","neve_meta_container":"","neve_meta_enable_content_width":"","neve_meta_content_width":0,"neve_meta_title_alignment":"","neve_meta_author_avatar":"","neve_post_elements_order":"","neve_meta_disable_header":"","neve_meta_disable_footer":"","neve_meta_disable_title":"","_jetpack_newsletter_access":"","_jetpack_dont_email_post_to_subs":false,"_jetpack_newsletter_tier_id":0,"_jetpack_memberships_contains_paywalled_content":false,"_jetpack_memberships_contains_paid_content":false,"footnotes":""},"categories":[1],"tags":[],"class_list":["post-13882","post","type-post","status-publish","format-standard","has-post-thumbnail","hentry","category-blog"],"uagb_featured_image_src":{"full":["https:\/\/i0.wp.com\/ismaelcolosi.com.br\/wp-content\/uploads\/2023\/12\/postimg-6577224f0e06c7529.jpg?fit=1200%2C628&ssl=1",1200,628,false],"thumbnail":["https:\/\/i0.wp.com\/ismaelcolosi.com.br\/wp-content\/uploads\/2023\/12\/postimg-6577224f0e06c7529.jpg?resize=150%2C150&ssl=1",150,150,true],"medium":["https:\/\/i0.wp.com\/ismaelcolosi.com.br\/wp-content\/uploads\/2023\/12\/postimg-6577224f0e06c7529.jpg?fit=300%2C157&ssl=1",300,157,true],"medium_large":["https:\/\/i0.wp.com\/ismaelcolosi.com.br\/wp-content\/uploads\/2023\/12\/postimg-6577224f0e06c7529.jpg?fit=768%2C402&ssl=1",768,402,true],"large":["https:\/\/i0.wp.com\/ismaelcolosi.com.br\/wp-content\/uploads\/2023\/12\/postimg-6577224f0e06c7529.jpg?fit=1024%2C536&ssl=1",1024,536,true],"1536x1536":["https:\/\/i0.wp.com\/ismaelcolosi.com.br\/wp-content\/uploads\/2023\/12\/postimg-6577224f0e06c7529.jpg?fit=1200%2C628&ssl=1",1200,628,true],"2048x2048":["https:\/\/i0.wp.com\/ismaelcolosi.com.br\/wp-content\/uploads\/2023\/12\/postimg-6577224f0e06c7529.jpg?fit=1200%2C628&ssl=1",1200,628,true],"neve-blog":["https:\/\/i0.wp.com\/ismaelcolosi.com.br\/wp-content\/uploads\/2023\/12\/postimg-6577224f0e06c7529.jpg?resize=930%2C620&ssl=1",930,620,true]},"uagb_author_info":{"display_name":"ismaelcolosi.com.br","author_link":"https:\/\/ismaelcolosi.com.br\/author\/vidareal-online\/"},"uagb_comment_info":0,"uagb_excerpt":"[ad_1] Nesta segunda-feira, dia 11 de dezembro, o padre Jos\u00e9 Sversutti, que atuava na Arquidiocese de Maring\u00e1, no Paran\u00e1, morreu ap\u00f3s ter ficado quatro meses internado na UTI (Unidade de Tratamento Intensivo) de uma unidade de sa\u00fade da localidade. No \u00faltimo dia 29 de agosto, o religioso foi v\u00edtima de um grave acidente, e agora&hellip;&nbsp;","jetpack-related-posts":[{"id":26614,"url":"https:\/\/ismaelcolosi.com.br\/index.php\/2024\/01\/10\/deve-ser-um-casal-pobre-video\/","url_meta":{"origin":13882,"position":0},"title":"&#8216;Deve ser um casal pobre&#8217;; v\u00eddeo","author":"ismaelcolosi.com.br","date":"10 de Janeiro de 2024","format":false,"excerpt":"[ad_1] De forma recente, o padre que viralizou ap\u00f3s ter dito que um casal pobre estava realizando uma cerim\u00f4nia de casamento ao criticar a decora\u00e7\u00e3o escolhida, gravou um novo v\u00eddeo para se retratar.O Padre Raimundo Diniz utilizou as redes sociais como meio de retrata\u00e7\u00e3o, expressando publicamente seu pedido de desculpas\u2026","rel":"","context":"In &quot;Blog&quot;","block_context":{"text":"Blog","link":"https:\/\/ismaelcolosi.com.br\/index.php\/category\/blog\/"},"img":{"alt_text":"","src":"https:\/\/i0.wp.com\/ismaelcolosi.com.br\/wp-content\/uploads\/2024\/01\/postimg-659e9abcab4e67495.jpg?fit=1200%2C628&ssl=1&resize=350%2C200","width":350,"height":200,"srcset":"https:\/\/i0.wp.com\/ismaelcolosi.com.br\/wp-content\/uploads\/2024\/01\/postimg-659e9abcab4e67495.jpg?fit=1200%2C628&ssl=1&resize=350%2C200 1x, https:\/\/i0.wp.com\/ismaelcolosi.com.br\/wp-content\/uploads\/2024\/01\/postimg-659e9abcab4e67495.jpg?fit=1200%2C628&ssl=1&resize=525%2C300 1.5x, https:\/\/i0.wp.com\/ismaelcolosi.com.br\/wp-content\/uploads\/2024\/01\/postimg-659e9abcab4e67495.jpg?fit=1200%2C628&ssl=1&resize=700%2C400 2x, https:\/\/i0.wp.com\/ismaelcolosi.com.br\/wp-content\/uploads\/2024\/01\/postimg-659e9abcab4e67495.jpg?fit=1200%2C628&ssl=1&resize=1050%2C600 3x"},"classes":[]},{"id":4878,"url":"https:\/\/ismaelcolosi.com.br\/index.php\/2023\/11\/22\/amigos-e-religiosos-fazem-comovente-despedida-e-homenagem-a-jornalista-gravida-que-perdeu-a-vida-aos-38-anos\/","url_meta":{"origin":13882,"position":1},"title":"Amigos e religiosos fazem comovente despedida e homenagem a jornalista gr\u00e1vida que perdeu a vida aos 38 anos","author":"ismaelcolosi.com.br","date":"22 de Novembro de 2023","format":false,"excerpt":"[ad_1] A comunidade cat\u00f3lica Can\u00e7\u00e3o Nova enfrentou um momento de luto e como\u00e7\u00e3o ap\u00f3s o falecimento precoce da jornalista Elaine Santos, aos 38 anos de idade.Elaine, uma figura querida e respeitada, foi v\u00edtima de uma batalha contra uma pneumonia e uma infec\u00e7\u00e3o generalizada que resultou em sua partida. Ainda mais\u2026","rel":"","context":"In &quot;Blog&quot;","block_context":{"text":"Blog","link":"https:\/\/ismaelcolosi.com.br\/index.php\/category\/blog\/"},"img":{"alt_text":"","src":"https:\/\/i0.wp.com\/ismaelcolosi.com.br\/wp-content\/uploads\/2023\/11\/postimg-655e1ee5ec8272642.jpg?fit=1200%2C628&ssl=1&resize=350%2C200","width":350,"height":200,"srcset":"https:\/\/i0.wp.com\/ismaelcolosi.com.br\/wp-content\/uploads\/2023\/11\/postimg-655e1ee5ec8272642.jpg?fit=1200%2C628&ssl=1&resize=350%2C200 1x, https:\/\/i0.wp.com\/ismaelcolosi.com.br\/wp-content\/uploads\/2023\/11\/postimg-655e1ee5ec8272642.jpg?fit=1200%2C628&ssl=1&resize=525%2C300 1.5x, https:\/\/i0.wp.com\/ismaelcolosi.com.br\/wp-content\/uploads\/2023\/11\/postimg-655e1ee5ec8272642.jpg?fit=1200%2C628&ssl=1&resize=700%2C400 2x, https:\/\/i0.wp.com\/ismaelcolosi.com.br\/wp-content\/uploads\/2023\/11\/postimg-655e1ee5ec8272642.jpg?fit=1200%2C628&ssl=1&resize=1050%2C600 3x"},"classes":[]},{"id":19540,"url":"https:\/\/ismaelcolosi.com.br\/index.php\/2023\/12\/22\/crianca-e-casal-nao-sobrevivem-apos-carro-colidir-com-anta-e-bater-em-um-caminhao-na-br-262\/","url_meta":{"origin":13882,"position":2},"title":"Crian\u00e7a e casal n\u00e3o sobrevivem ap\u00f3s carro colidir com anta e bater em um caminh\u00e3o na BR-262","author":"ismaelcolosi.com.br","date":"22 de Dezembro de 2023","format":false,"excerpt":"[ad_1] Na noite desta quinta-feira, dia 21 de dezembro, ocorreu um tr\u00e1gico acidente na BR-262, na regi\u00e3o de Ribas do Rio Padro, algo que resultou na perda de tr\u00eas vidas. As v\u00edtimas foram identificadas pelos nomes de Rodrigo Sotto, de 34 anos de idade, Maristela da Silva, de 33 anos,\u2026","rel":"","context":"In &quot;Blog&quot;","block_context":{"text":"Blog","link":"https:\/\/ismaelcolosi.com.br\/index.php\/category\/blog\/"},"img":{"alt_text":"","src":"https:\/\/i0.wp.com\/ismaelcolosi.com.br\/wp-content\/uploads\/2023\/12\/postimg-6585ca5d92e569682.jpg?fit=1200%2C628&ssl=1&resize=350%2C200","width":350,"height":200,"srcset":"https:\/\/i0.wp.com\/ismaelcolosi.com.br\/wp-content\/uploads\/2023\/12\/postimg-6585ca5d92e569682.jpg?fit=1200%2C628&ssl=1&resize=350%2C200 1x, https:\/\/i0.wp.com\/ismaelcolosi.com.br\/wp-content\/uploads\/2023\/12\/postimg-6585ca5d92e569682.jpg?fit=1200%2C628&ssl=1&resize=525%2C300 1.5x, https:\/\/i0.wp.com\/ismaelcolosi.com.br\/wp-content\/uploads\/2023\/12\/postimg-6585ca5d92e569682.jpg?fit=1200%2C628&ssl=1&resize=700%2C400 2x, https:\/\/i0.wp.com\/ismaelcolosi.com.br\/wp-content\/uploads\/2023\/12\/postimg-6585ca5d92e569682.jpg?fit=1200%2C628&ssl=1&resize=1050%2C600 3x"},"classes":[]},{"id":17383,"url":"https:\/\/ismaelcolosi.com.br\/index.php\/2023\/12\/18\/jovem-de-23-anos-nao-resiste-ao-sofrer-grave-acidente-na-pr-170-motorista-agiu-com-imprudencia\/","url_meta":{"origin":13882,"position":3},"title":"Jovem de 23 anos n\u00e3o resiste ao sofrer grave acidente na PR-170; motorista agiu com imprud\u00eancia","author":"ismaelcolosi.com.br","date":"18 de Dezembro de 2023","format":false,"excerpt":"[ad_1] Na noite deste \u00faltimo s\u00e1bado, dia 16 de dezembro, uma grande trag\u00e9dia aconteceu na regi\u00e3o de Jaguapit\u00e3, no norte do Paran\u00e1, ap\u00f3s uma jovem de 23 anos de idade, identificada pelo nome de Raiana Silva, ter perdido sua vida ao sofrer um acidente entre uma moto e um carro\u2026","rel":"","context":"In &quot;Blog&quot;","block_context":{"text":"Blog","link":"https:\/\/ismaelcolosi.com.br\/index.php\/category\/blog\/"},"img":{"alt_text":"","src":"https:\/\/i0.wp.com\/ismaelcolosi.com.br\/wp-content\/uploads\/2023\/12\/postimg-6580435838cc48033.jpg?fit=1200%2C628&ssl=1&resize=350%2C200","width":350,"height":200,"srcset":"https:\/\/i0.wp.com\/ismaelcolosi.com.br\/wp-content\/uploads\/2023\/12\/postimg-6580435838cc48033.jpg?fit=1200%2C628&ssl=1&resize=350%2C200 1x, https:\/\/i0.wp.com\/ismaelcolosi.com.br\/wp-content\/uploads\/2023\/12\/postimg-6580435838cc48033.jpg?fit=1200%2C628&ssl=1&resize=525%2C300 1.5x, https:\/\/i0.wp.com\/ismaelcolosi.com.br\/wp-content\/uploads\/2023\/12\/postimg-6580435838cc48033.jpg?fit=1200%2C628&ssl=1&resize=700%2C400 2x, https:\/\/i0.wp.com\/ismaelcolosi.com.br\/wp-content\/uploads\/2023\/12\/postimg-6580435838cc48033.jpg?fit=1200%2C628&ssl=1&resize=1050%2C600 3x"},"classes":[]},{"id":25065,"url":"https:\/\/ismaelcolosi.com.br\/index.php\/2024\/01\/05\/padre-fabio-de-melo-quebra-o-silencio-e-abre-o-jogo-sobre-o-polemico-caso-do-padre-julio-lancellotti\/","url_meta":{"origin":13882,"position":4},"title":"Padre F\u00e1bio de Melo quebra o sil\u00eancio e abre o jogo sobre o pol\u00eamico caso do Padre J\u00falio Lancellotti","author":"ismaelcolosi.com.br","date":"5 de Janeiro de 2024","format":false,"excerpt":"[ad_1] A \u00faltima quinta, dia 4 de janeiro, foi marcada por intensos debates nas redes sociais ap\u00f3s o padre F\u00e1bio de Melo ser alvo de cr\u00edticas por seu posicionamento sobre a poss\u00edvel instaura\u00e7\u00e3o de uma CPI contra o padre J\u00falio Lancellotti.Este \u00faltimo \u00e9 acusado de liderar uma suposta \u201cM\u00e1fia da\u2026","rel":"","context":"In &quot;Blog&quot;","block_context":{"text":"Blog","link":"https:\/\/ismaelcolosi.com.br\/index.php\/category\/blog\/"},"img":{"alt_text":"","src":"https:\/\/i0.wp.com\/ismaelcolosi.com.br\/wp-content\/uploads\/2024\/01\/postimg-6598432f73ff49926.jpg?fit=1200%2C628&ssl=1&resize=350%2C200","width":350,"height":200,"srcset":"https:\/\/i0.wp.com\/ismaelcolosi.com.br\/wp-content\/uploads\/2024\/01\/postimg-6598432f73ff49926.jpg?fit=1200%2C628&ssl=1&resize=350%2C200 1x, https:\/\/i0.wp.com\/ismaelcolosi.com.br\/wp-content\/uploads\/2024\/01\/postimg-6598432f73ff49926.jpg?fit=1200%2C628&ssl=1&resize=525%2C300 1.5x, https:\/\/i0.wp.com\/ismaelcolosi.com.br\/wp-content\/uploads\/2024\/01\/postimg-6598432f73ff49926.jpg?fit=1200%2C628&ssl=1&resize=700%2C400 2x, https:\/\/i0.wp.com\/ismaelcolosi.com.br\/wp-content\/uploads\/2024\/01\/postimg-6598432f73ff49926.jpg?fit=1200%2C628&ssl=1&resize=1050%2C600 3x"},"classes":[]},{"id":4669,"url":"https:\/\/ismaelcolosi.com.br\/index.php\/2023\/11\/22\/padre-fabio-de-melo-expoe-o-motivo-de-ter-deixado-de-assinar-o-seu-novo-livro-como-padre-video\/","url_meta":{"origin":13882,"position":5},"title":"Padre F\u00e1bio de Melo exp\u00f5e o motivo de ter deixado de assinar o seu novo livro como &#8216;padre&#8217;; v\u00eddeo","author":"ismaelcolosi.com.br","date":"22 de Novembro de 2023","format":false,"excerpt":"[ad_1] Recentemente, diversos canais de comunica\u00e7\u00e3o noticiaram que o padre F\u00e1bio de Melo deixou de assinar o seu livro \u2018A Vida \u00c9 Cruel, Ana Maria\u2019, da editora Record, da maneira que costumava.Em todas as suas outras publica\u00e7\u00f5es, ele assinou como \u2018Padre F\u00e1bio de Melo\u2019. Contudo, no livro que conta a\u2026","rel":"","context":"In &quot;Blog&quot;","block_context":{"text":"Blog","link":"https:\/\/ismaelcolosi.com.br\/index.php\/category\/blog\/"},"img":{"alt_text":"","src":"https:\/\/i0.wp.com\/ismaelcolosi.com.br\/wp-content\/uploads\/2023\/11\/postimg-655d88ec546af6587.jpg?fit=1200%2C628&ssl=1&resize=350%2C200","width":350,"height":200,"srcset":"https:\/\/i0.wp.com\/ismaelcolosi.com.br\/wp-content\/uploads\/2023\/11\/postimg-655d88ec546af6587.jpg?fit=1200%2C628&ssl=1&resize=350%2C200 1x, https:\/\/i0.wp.com\/ismaelcolosi.com.br\/wp-content\/uploads\/2023\/11\/postimg-655d88ec546af6587.jpg?fit=1200%2C628&ssl=1&resize=525%2C300 1.5x, https:\/\/i0.wp.com\/ismaelcolosi.com.br\/wp-content\/uploads\/2023\/11\/postimg-655d88ec546af6587.jpg?fit=1200%2C628&ssl=1&resize=700%2C400 2x, https:\/\/i0.wp.com\/ismaelcolosi.com.br\/wp-content\/uploads\/2023\/11\/postimg-655d88ec546af6587.jpg?fit=1200%2C628&ssl=1&resize=1050%2C600 3x"},"classes":[]}],"jetpack_sharing_enabled":true,"jetpack_shortlink":"https:\/\/wp.me\/pfMlyK-3BU","jetpack_featured_media_url":"https:\/\/i0.wp.com\/ismaelcolosi.com.br\/wp-content\/uploads\/2023\/12\/postimg-6577224f0e06c7529.jpg?fit=1200%2C628&ssl=1","_links":{"self":[{"href":"https:\/\/ismaelcolosi.com.br\/index.php\/wp-json\/wp\/v2\/posts\/13882","targetHints":{"allow":["GET"]}}],"collection":[{"href":"https:\/\/ismaelcolosi.com.br\/index.php\/wp-json\/wp\/v2\/posts"}],"about":[{"href":"https:\/\/ismaelcolosi.com.br\/index.php\/wp-json\/wp\/v2\/types\/post"}],"author":[{"embeddable":true,"href":"https:\/\/ismaelcolosi.com.br\/index.php\/wp-json\/wp\/v2\/users\/1"}],"replies":[{"embeddable":true,"href":"https:\/\/ismaelcolosi.com.br\/index.php\/wp-json\/wp\/v2\/comments?post=13882"}],"version-history":[{"count":0,"href":"https:\/\/ismaelcolosi.com.br\/index.php\/wp-json\/wp\/v2\/posts\/13882\/revisions"}],"wp:featuredmedia":[{"embeddable":true,"href":"https:\/\/ismaelcolosi.com.br\/index.php\/wp-json\/wp\/v2\/media\/13883"}],"wp:attachment":[{"href":"https:\/\/ismaelcolosi.com.br\/index.php\/wp-json\/wp\/v2\/media?parent=13882"}],"wp:term":[{"taxonomy":"category","embeddable":true,"href":"https:\/\/ismaelcolosi.com.br\/index.php\/wp-json\/wp\/v2\/categories?post=13882"},{"taxonomy":"post_tag","embeddable":true,"href":"https:\/\/ismaelcolosi.com.br\/index.php\/wp-json\/wp\/v2\/tags?post=13882"}],"curies":[{"name":"wp","href":"https:\/\/api.w.org\/{rel}","templated":true}]}}