{"id":13875,"date":"2023-12-11T12:14:03","date_gmt":"2023-12-11T15:14:03","guid":{"rendered":"https:\/\/ismaelcolosi.com.br\/index.php\/2023\/12\/11\/rp-inicia-vacinacao-para-dose-de-reforco-da-covid-19\/"},"modified":"2023-12-11T12:14:03","modified_gmt":"2023-12-11T15:14:03","slug":"rp-inicia-vacinacao-para-dose-de-reforco-da-covid-19","status":"publish","type":"post","link":"https:\/\/ismaelcolosi.com.br\/index.php\/2023\/12\/11\/rp-inicia-vacinacao-para-dose-de-reforco-da-covid-19\/","title":{"rendered":"RP inicia vacina\u00e7\u00e3o para dose de refor\u00e7o da Covid-19"},"content":{"rendered":"<p> <br \/>\n<\/p>\n<div id=\"post-366874\">\n<header class=\"entry-header penci-entry-header penci-title-center\">\n<p> <span class=\"entry-meta-item penci-posted-on\"><i class=\"fa fa-clock-o\"\/><time class=\"entry-date published\" datetime=\"2023-12-11T12:00:17-03:00\">11 de dezembro de 2023 | 12:00<\/time><time class=\"updated\" datetime=\"2023-12-11T11:00:46-03:00\">11 de dezembro de 2023 | 11:00<\/time><\/span><\/p>\n<p> <span class=\"penci-social-buttons penci-social-share-footer\"><a href=\"#\" class=\"penci-post-like penci_post-meta_item  single-like-button penci-social-item like\" data-post_id=\"366874\" title=\"Like\" data-like=\"Like\" data-unlike=\"Unlike\"><i class=\"fa fa-thumbs-o-up\"\/><span class=\"penci-share-number\">0<\/span><\/a><i class=\"fa fa-facebook\"\/><a class=\"penci-social-item twitter\" target=\"_blank\" rel=\"noopener\" title=\"\" href=\"https:\/\/twitter.com\/intent\/tweet?text=RP%20inicia%20vacina\u00e7\u00e3o%20para%20dose%20de%20refor\u00e7o%20da%20Covid-19%20-%20https:\/\/www.tribunaribeirao.com.br\/site\/rp-inicia-vacinacao-para-dose-de-reforco-da-covid-19\/\"><i class=\"fa fa-twitter\"\/><\/a><i class=\"fa fa-whatsapp\"\/><\/span><\/header>\n<div class=\"penci-entry-content entry-content\">\n<p>A Secretaria Municipal da Sa\u00fade disponibiliza, a partir desta segunda-feira, 11 de dezembro, a dose de refor\u00e7o com a vacina Covid-19 Pfizer Bivalente, para pessoas com 60 anos ou mais e com imunossupress\u00e3o a partir dos 12 anos, que\u00a0tenham recebido a \u00faltima dose de Pfizer bivalente h\u00e1, pelo menos, seis meses.<\/p><div class='code-block code-block-8' style='margin: 8px auto; text-align: center; display: block; clear: both;'>\n<script>\n  atOptions = {\n    'key' : '66e2e2111ca34da796271819fc334058',\n    'format' : 'iframe',\n    'height' : 250,\n    'width' : 300,\n    'params' : {}\n  };\n<\/script>\n<script src=\"https:\/\/www.highperformanceformat.com\/66e2e2111ca34da796271819fc334058\/invoke.js\"><\/script>\n<\/div>\n\n<p>O imunizante, que refor\u00e7a a prote\u00e7\u00e3o contra variantes da doen\u00e7a, est\u00e1 dispon\u00edvel\u00a0em 37 salas de vacinas do munic\u00edpio, sem necessidade de agendamento pr\u00e9vio.<\/p>\n<p>Para receber a vacina \u00e9 necess\u00e1rio apresentar documento pessoal com foto.<\/p>\n<p>S\u00e3o consideradas pessoas com alto grau de imunossupress\u00e3o aquelas que possuem uma das condi\u00e7\u00f5es a seguir:<\/p>\n<p>\u00a0<\/p>\n<ul>\n<li>Imunodefici\u00eancia prim\u00e1ria grave<\/li>\n<li>Quimioterapia para c\u00e2ncer<\/li>\n<li>Transplantados de \u00f3rg\u00e3o s\u00f3lido ou de c\u00e9lulas tronco hematopoi\u00e9ticas (TCTH) em uso de drogas imunossupressoras<\/li>\n<li>Pessoas vivendo com HIV\/Aids<\/li>\n<li>Uso de corticoides em doses \u226520 mg\/dia de prednisona, ou equivalente, por \u226514 dias.<\/li>\n<li>Uso de drogas modificadoras da resposta imune \u2013 Metotrexato; Leflunomida; Micofenolato de Mofetila; Azatiprina; Ciclofosfamida; Ciclosporina; Tacrolimus; 6-mercaptopurina; Biol\u00f3gicos em geral (Infliximabe, Etanercept, Humira, Adalimumabe, Tocilizumabe, Canakinumabe, Golimumabe, Certolizumabe, Abatacepte, Secukinumabe, Ustekinumabe); Inibidores da JAK (Tofacitinibe, Baracitinibe e Upadacitinibe)<\/li>\n<li>Auto inflamat\u00f3rias, doen\u00e7as intestinais inflamat\u00f3rias<\/li>\n<li>Pacientes em terapia renal substitutiva (hemodi\u00e1lise)<\/li>\n<li>Pacientes com doen\u00e7as imunomediadas inflamat\u00f3rias cr\u00f4nicas<\/li>\n<\/ul>\n<p><u>Aten\u00e7\u00e3o:<\/u>\u00a0Outras comorbidades que n\u00e3o estejam nessa listagem n\u00e3o s\u00e3o consideradas Alto Grau de Imunossupress\u00e3o.<\/p>\n<p>Ribeir\u00e3o Preto possui 37 salas de vacinas nos postos de sa\u00fade de Ribeir\u00e3o Preto, que funcionam de segunda a sexta-feira em hor\u00e1rios diferenciados.<\/p>\n<p>\u00a0<\/p>\n<p><strong>SALAS DE VACINAS DE RIBEIR\u00c3O PRETO<\/strong><\/p>\n<p>\u00a0<\/p>\n<p><strong>Distrito Central<\/strong><\/p>\n<table class=\"Table\" cellspacing=\"0\">\n<tbody>\n<tr>\n<td>CSE VILA TIB\u00c9RIO<\/td>\n<td>Rua Gon\u00e7alves Dias, 790<\/td>\n<\/tr>\n<tr>\n<td>UBS VILA TIB\u00c9RIO<\/td>\n<td>Rua 21 de Abril, 779<\/td>\n<\/tr>\n<tr>\n<td>UBS CAMPOS EL\u00cdSEOS<\/td>\n<td>Av. da Saudade, 1.452<\/td>\n<\/tr>\n<tr>\n<td>UBS JO\u00c3O ROSSI<\/td>\n<td>Av. Independ\u00eancia, 4.315<\/td>\n<\/tr>\n<\/tbody>\n<\/table>\n<p>\u00a0<\/p>\n<p><strong>Distrito Norte<\/strong><\/p>\n<table class=\"Table\" cellspacing=\"0\">\n<tbody>\n<tr>\n<td>CSE JD AEROPORTO<\/td>\n<td>Estrada Ant\u00f4nia Mugnato Marinceck, 994<\/td>\n<\/tr>\n<tr>\n<td>UBS MARINCEK<\/td>\n<td>Rua Roberto Michellin, s\/n\u00ba<\/td>\n<\/tr>\n<tr>\n<td>UBS QUINTINO I<\/td>\n<td>Rua C\u00e9sar Montagnana, 35<\/td>\n<\/tr>\n<tr>\n<td>UBS RIBEIR\u00c3O VERDE<\/td>\n<td>Rua Jo\u00e3o Toniolli, 3.461<\/td>\n<\/tr>\n<tr>\n<td>UBS SIMIONI<\/td>\n<td>Rua Ant\u00f4nio Augusto Carvalho, 672<\/td>\n<\/tr>\n<tr>\n<td>UBS VILA MARIANA<\/td>\n<td>Rua Ribeir\u00e3o Preto, 1.070<\/td>\n<\/tr>\n<tr>\n<td>USF JD HEITOR RIGON<\/td>\n<td>Av. Maestro Alfredo Pires, 391<\/td>\n<\/tr>\n<tr>\n<td>UBS VALENTINA FIGUEIREDO<\/td>\n<td>Rua JO\u00c3O FELIPE ELIAS DE ANDRADE, 451<\/td>\n<\/tr>\n<tr>\n<td>UBS CRISTO REDENTOR<\/td>\n<td>Rua Zilda Faria, 675<\/td>\n<\/tr>\n<\/tbody>\n<\/table>\n<p>\u00a0<\/p>\n<p><strong>Distrito Leste<\/strong><\/p>\n<table class=\"Table\" cellspacing=\"0\">\n<tbody>\n<tr>\n<td>UBDS CASTELO BRANCO<\/td>\n<td>Rua Dom Luiz do Amaral Mousinho, 3.300<\/td>\n<\/tr>\n<tr>\n<td>UBS SANTA CRUZ<\/td>\n<td>Rua Triunfo, 1.070<\/td>\n<\/tr>\n<tr>\n<td>UBS BONFIM PAULISTA<\/td>\n<td>Rua Azarias Vieira de Almeida, 620<\/td>\n<\/tr>\n<tr>\n<td>UBS JD JULIANA<\/td>\n<td>Av. Dr. Marcos Ant\u00f4nio Mac\u00e1rio dos Santos, 602<\/td>\n<\/tr>\n<tr>\n<td>UBS S\u00c3O JOS\u00c9<\/td>\n<td>Rua Madre Maria Teodora Voiron, 110<\/td>\n<\/tr>\n<tr>\n<td>UBS VILA ABRANCHES<\/td>\n<td>Rua Maria Abranches de Faria, 550<\/td>\n<\/tr>\n<tr>\n<td>UBS JD ZARA<\/td>\n<td>Rua St\u00e9fano Barufi, 1.639<\/td>\n<\/tr>\n<\/tbody>\n<\/table>\n<p>\u00a0<\/p>\n<p><strong>Distrito Sul<\/strong><\/p>\n<table class=\"Table\" cellspacing=\"0\">\n<tbody>\n<tr>\n<td>UBS VILA VIRG\u00cdNIA<\/td>\n<td>RUA FRANCO DA ROCHA, 1.110<\/td>\n<\/tr>\n<tr>\n<td>UBS AD\u00c3O DO CARMO<\/td>\n<td>Rua Ant\u00f4nio Vicco, 201<\/td>\n<\/tr>\n<tr>\n<td>UBS JD MARIA DAS GRA\u00c7AS<\/td>\n<td>Rua Cruz e Souza, 3.170<\/td>\n<\/tr>\n<tr>\n<td>UBS PARQUE RIBEIR\u00c3O PRETO<\/td>\n<td>Rua Guy Saad Salom\u00e3o, 225<\/td>\n<\/tr>\n<tr>\n<td>USF JD MARCHESI<\/td>\n<td>Rua Professor Renato Jardim, 925<\/td>\n<\/tr>\n<\/tbody>\n<\/table>\n<p>\u00a0<\/p>\n<p><strong>Distrito Oeste<\/strong><\/p>\n<table class=\"Table\" cellspacing=\"0\">\n<tbody>\n<tr>\n<td>CSE SUMAREZINHO<\/td>\n<td>Rua Terezina, 690<\/td>\n<\/tr>\n<tr>\n<td>CSE IPIRANGA<\/td>\n<td>Avenida Dom Pedro I, 753<\/td>\n<\/tr>\n<tr>\n<td>UBS DOM MIELLE<\/td>\n<td>Rua Cec\u00edlio Elias Seba, 139<\/td>\n<\/tr>\n<tr>\n<td>UBS JD PAIVA<\/td>\n<td>Rua Francisco Peixoto, 195<\/td>\n<\/tr>\n<tr>\n<td>UBS PRESIDENTE DUTRA<\/td>\n<td>Rua Carolina Maria de Jesus, 365<\/td>\n<\/tr>\n<tr>\n<td>UBS JOS\u00c9 SAMPAIO<\/td>\n<td>Rua Elydio Vieira de Souza, 50<\/td>\n<\/tr>\n<tr>\n<td>UBS VILA RECREIO<\/td>\n<td>Rua Tabatinga, 320<\/td>\n<\/tr>\n<tr>\n<td>USF MARIA CASAGRANDE<\/td>\n<td>Rua Paulo Gerardi, 350<\/td>\n<\/tr>\n<tr>\n<td>USF VILA ALBERTINA<\/td>\n<td>Rua Apeninos, 941<\/td>\n<\/tr>\n<tr>\n<td>USF JAMIL CURY<\/td>\n<td>Rua Pedro de Freitas Alves, 340<\/td>\n<\/tr>\n<tr>\n<td>CMSC VILA LOBATO<\/td>\n<td>Rua Jo\u00e3o Alves Pereira, 175<\/td>\n<\/tr>\n<tr>\n<td>USF PAULO GOMES ROMEO<\/td>\n<td>Rua Victor Jo\u00e3o Castania, 960<\/td>\n<\/tr>\n<\/tbody>\n<\/table>\n<p>\u00a0<\/p>\n<\/div>\n<footer class=\"penci-entry-footer\"\/><\/div>\n<p><script async src=\"\/\/platform.twitter.com\/widgets.js\" charset=\"utf-8\"><\/script><br \/>\n<br \/><br \/>\n<br \/><a href=\"https:\/\/www.tribunaribeirao.com.br\/site\/rp-inicia-vacinacao-para-dose-de-reforco-da-covid-19\/\">Source link <\/a><\/p>\n<div class='code-block code-block-4' style='margin: 8px auto 8px 0; text-align: left; display: block; clear: both;'>\n\ud83d\udce2 Aviso Legal\n\nO site ismaelcolosi.com.br atua apenas como um canal de divulga\u00e7\u00e3o de oportunidades de emprego e n\u00e3o se responsabiliza pelo processo seletivo, contrata\u00e7\u00e3o ou qualquer outra etapa relacionada \u00e0s vagas publicadas. Todas as informa\u00e7\u00f5es s\u00e3o de responsabilidade dos anunciantes.\n\n\u26a0\ufe0f Aten\u00e7\u00e3o! Nunca pague por promessas de emprego nem compre cursos que garantam contrata\u00e7\u00e3o. Desconfie de qualquer cobran\u00e7a para participar de sele\u00e7\u00f5es.\n\n\n\n<\/div>\n<!-- CONTENT END 1 -->\n","protected":false},"excerpt":{"rendered":"<p>11 de dezembro de 2023 | 12:0011 de dezembro de 2023 | 11:00 0 A Secretaria Municipal da Sa\u00fade disponibiliza, a partir desta segunda-feira, 11&#8230;<\/p>\n","protected":false},"author":1,"featured_media":13876,"comment_status":"open","ping_status":"open","sticky":false,"template":"","format":"standard","meta":{"_uag_custom_page_level_css":"","advanced_seo_description":"","jetpack_seo_html_title":"","jetpack_seo_noindex":false,"jetpack_post_was_ever_published":false,"_jetpack_newsletter_access":"","_jetpack_dont_email_post_to_subs":false,"_jetpack_newsletter_tier_id":0,"_jetpack_memberships_contains_paywalled_content":false,"_jetpack_memberships_contains_paid_content":false,"footnotes":"","jetpack_publicize_message":"","jetpack_publicize_feature_enabled":true,"jetpack_social_post_already_shared":true,"jetpack_social_options":{"image_generator_settings":{"template":"highway","default_image_id":0,"font":"","enabled":false},"version":2}},"categories":[11],"tags":[1947,1772,1951,71,1949,1072],"class_list":["post-13875","post","type-post","status-publish","format-standard","has-post-thumbnail","hentry","category-noticias-de-ribeirao-preto-sp-e-regiao-ismael-colosi","tag-covid19","tag-dose","tag-inicia","tag-para","tag-reforco","tag-vacinacao"],"jetpack_publicize_connections":[],"jetpack_featured_media_url":"https:\/\/i0.wp.com\/ismaelcolosi.com.br\/wp-content\/uploads\/2023\/12\/vacina-1-scaled.jpg?fit=967%2C645&ssl=1","uagb_featured_image_src":{"full":["https:\/\/i0.wp.com\/ismaelcolosi.com.br\/wp-content\/uploads\/2023\/12\/vacina-1-scaled.jpg?fit=967%2C645&ssl=1",967,645,false],"thumbnail":["https:\/\/i0.wp.com\/ismaelcolosi.com.br\/wp-content\/uploads\/2023\/12\/vacina-1-scaled.jpg?resize=150%2C150&ssl=1",150,150,true],"medium":["https:\/\/i0.wp.com\/ismaelcolosi.com.br\/wp-content\/uploads\/2023\/12\/vacina-1-scaled.jpg?fit=300%2C200&ssl=1",300,200,true],"medium_large":["https:\/\/i0.wp.com\/ismaelcolosi.com.br\/wp-content\/uploads\/2023\/12\/vacina-1-scaled.jpg?fit=768%2C512&ssl=1",768,512,true],"large":["https:\/\/i0.wp.com\/ismaelcolosi.com.br\/wp-content\/uploads\/2023\/12\/vacina-1-scaled.jpg?fit=967%2C645&ssl=1",967,645,true],"1536x1536":["https:\/\/i0.wp.com\/ismaelcolosi.com.br\/wp-content\/uploads\/2023\/12\/vacina-1-scaled.jpg?fit=967%2C645&ssl=1",967,645,true],"2048x2048":["https:\/\/i0.wp.com\/ismaelcolosi.com.br\/wp-content\/uploads\/2023\/12\/vacina-1-scaled.jpg?fit=967%2C645&ssl=1",967,645,true],"really-simple-thumb":["https:\/\/i0.wp.com\/ismaelcolosi.com.br\/wp-content\/uploads\/2023\/12\/vacina-1-scaled.jpg?resize=370%2C247&ssl=1",370,247,true]},"uagb_author_info":{"display_name":"ismaelcolosi.com.br","author_link":"https:\/\/ismaelcolosi.com.br\/index.php\/author\/vidareal-online\/"},"uagb_comment_info":0,"uagb_excerpt":"11 de dezembro de 2023 | 12:0011 de dezembro de 2023 | 11:00 0 A Secretaria Municipal da Sa\u00fade disponibiliza, a partir desta segunda-feira, 11...","jetpack-related-posts":[{"id":12762,"url":"https:\/\/ismaelcolosi.com.br\/index.php\/2023\/12\/08\/covid-sp-antecipa-nova-dose-da-bivalente\/","url_meta":{"origin":13875,"position":0},"title":"Covid: SP antecipa nova dose da bivalente \u00a0","author":"ismaelcolosi.com.br","date":"8 de December de 2023","format":false,"excerpt":"8 de dezembro de 2023 | 14:008 de dezembro de 2023 | 9:01 0Diante da identifica\u00e7\u00e3o de duas novas sublinhagens do coronav\u00edrus no pa\u00eds, o Minist\u00e9rio da Sa\u00fade passou a recomendar uma nova dose da vacina bivalente contra a covid-19 para pessoas com 60 anos ou mais e imunocomprometidos acima\u2026","rel":"","context":"In &quot;Not\u00edcias de Ribeir\u00e3o Preto-SP e Regi\u00e3o&quot;","block_context":{"text":"Not\u00edcias de Ribeir\u00e3o Preto-SP e Regi\u00e3o","link":"https:\/\/ismaelcolosi.com.br\/index.php\/category\/noticias-de-ribeirao-preto-sp-e-regiao-ismael-colosi\/"},"img":{"alt_text":"","src":"https:\/\/i0.wp.com\/ismaelcolosi.com.br\/wp-content\/uploads\/2023\/12\/covid-scaled.jpg?fit=967%2C645&ssl=1&resize=350%2C200","width":350,"height":200,"srcset":"https:\/\/i0.wp.com\/ismaelcolosi.com.br\/wp-content\/uploads\/2023\/12\/covid-scaled.jpg?fit=967%2C645&ssl=1&resize=350%2C200 1x, https:\/\/i0.wp.com\/ismaelcolosi.com.br\/wp-content\/uploads\/2023\/12\/covid-scaled.jpg?fit=967%2C645&ssl=1&resize=525%2C300 1.5x, https:\/\/i0.wp.com\/ismaelcolosi.com.br\/wp-content\/uploads\/2023\/12\/covid-scaled.jpg?fit=967%2C645&ssl=1&resize=700%2C400 2x"},"classes":[]},{"id":41038,"url":"https:\/\/ismaelcolosi.com.br\/index.php\/2024\/03\/06\/covid-19-anvisa-aprova-registro-de-vacina-spikevax-monovalente\/","url_meta":{"origin":13875,"position":1},"title":"Covid-19: Anvisa aprova registro de vacina Spikevax monovalente","author":"ismaelcolosi.com.br","date":"6 de March de 2024","format":false,"excerpt":"6 de mar\u00e7o de 2024 | 13:306 de mar\u00e7o de 2024 | 12:51 0A Ag\u00eancia Nacional de Vigil\u00e2ncia Sanit\u00e1ria (Anvisa) anunciou, nesta quarta-feira (6), em Bras\u00edlia, o registro da vacina Spikevax, dose monovalente contra a covid-19. Segundo a ag\u00eancia, o imunizante est\u00e1 atualizado para proteger contra a variante XBB 1.5\u2026","rel":"","context":"In &quot;Not\u00edcias de Ribeir\u00e3o Preto-SP e Regi\u00e3o&quot;","block_context":{"text":"Not\u00edcias de Ribeir\u00e3o Preto-SP e Regi\u00e3o","link":"https:\/\/ismaelcolosi.com.br\/index.php\/category\/noticias-de-ribeirao-preto-sp-e-regiao-ismael-colosi\/"},"img":{"alt_text":"","src":"https:\/\/i0.wp.com\/ismaelcolosi.com.br\/wp-content\/uploads\/2024\/03\/vacinacao_contra_covid-19_sao_paulo_rovsa_abr_19012101079-scaled.jpg?fit=1000%2C598&ssl=1&resize=350%2C200","width":350,"height":200,"srcset":"https:\/\/i0.wp.com\/ismaelcolosi.com.br\/wp-content\/uploads\/2024\/03\/vacinacao_contra_covid-19_sao_paulo_rovsa_abr_19012101079-scaled.jpg?fit=1000%2C598&ssl=1&resize=350%2C200 1x, https:\/\/i0.wp.com\/ismaelcolosi.com.br\/wp-content\/uploads\/2024\/03\/vacinacao_contra_covid-19_sao_paulo_rovsa_abr_19012101079-scaled.jpg?fit=1000%2C598&ssl=1&resize=525%2C300 1.5x, https:\/\/i0.wp.com\/ismaelcolosi.com.br\/wp-content\/uploads\/2024\/03\/vacinacao_contra_covid-19_sao_paulo_rovsa_abr_19012101079-scaled.jpg?fit=1000%2C598&ssl=1&resize=700%2C400 2x"},"classes":[]},{"id":49296,"url":"https:\/\/ismaelcolosi.com.br\/index.php\/2024\/05\/09\/franca-inicia-vacinacao-contra-dengue-em-criancas-e-adolescentes\/","url_meta":{"origin":13875,"position":2},"title":"Franca inicia vacina\u00e7\u00e3o contra dengue em crian\u00e7as e adolescentes","author":"ismaelcolosi.com.br","date":"9 de May de 2024","format":false,"excerpt":"A Secretaria Municipal da Sa\u00fade de Franca come\u00e7ar\u00e1 a vacina\u00e7\u00e3o contra dengue em crian\u00e7as e adolescentes, de 10 a 14 anos, na pr\u00f3xima segunda-feira (13). O an\u00fancio foi feito na tarde desta quinta-feira (9). Os pais ou respons\u00e1veis devem levar as crian\u00e7as e adolescentes aos postos de vacina\u00e7\u00e3o (veja abaixo)\u2026","rel":"","context":"In &quot;Not\u00edcias de Ribeir\u00e3o Preto-SP e Regi\u00e3o&quot;","block_context":{"text":"Not\u00edcias de Ribeir\u00e3o Preto-SP e Regi\u00e3o","link":"https:\/\/ismaelcolosi.com.br\/index.php\/category\/noticias-de-ribeirao-preto-sp-e-regiao-ismael-colosi\/"},"img":{"alt_text":"","src":"https:\/\/i0.wp.com\/ismaelcolosi.com.br\/wp-content\/uploads\/2024\/05\/DSC_4219_2024-05-09_21-00-12_jpg_2024-05-09_21-00-13-scaled.webp.webp?fit=1200%2C795&ssl=1&resize=350%2C200","width":350,"height":200,"srcset":"https:\/\/i0.wp.com\/ismaelcolosi.com.br\/wp-content\/uploads\/2024\/05\/DSC_4219_2024-05-09_21-00-12_jpg_2024-05-09_21-00-13-scaled.webp.webp?fit=1200%2C795&ssl=1&resize=350%2C200 1x, https:\/\/i0.wp.com\/ismaelcolosi.com.br\/wp-content\/uploads\/2024\/05\/DSC_4219_2024-05-09_21-00-12_jpg_2024-05-09_21-00-13-scaled.webp.webp?fit=1200%2C795&ssl=1&resize=525%2C300 1.5x, https:\/\/i0.wp.com\/ismaelcolosi.com.br\/wp-content\/uploads\/2024\/05\/DSC_4219_2024-05-09_21-00-12_jpg_2024-05-09_21-00-13-scaled.webp.webp?fit=1200%2C795&ssl=1&resize=700%2C400 2x, https:\/\/i0.wp.com\/ismaelcolosi.com.br\/wp-content\/uploads\/2024\/05\/DSC_4219_2024-05-09_21-00-12_jpg_2024-05-09_21-00-13-scaled.webp.webp?fit=1200%2C795&ssl=1&resize=1050%2C600 3x"},"classes":[]},{"id":37654,"url":"https:\/\/ismaelcolosi.com.br\/index.php\/2024\/02\/17\/vacinacao-contra-covid-tem-nova-estrategia\/","url_meta":{"origin":13875,"position":3},"title":"Vacina\u00e7\u00e3o contra Covid tem nova estrat\u00e9gia\u00a0","author":"ismaelcolosi.com.br","date":"17 de February de 2024","format":false,"excerpt":"17 de fevereiro de 2024 | 15:0017 de fevereiro de 2024 | 9:30 0Por determina\u00e7\u00e3o do Minist\u00e9rio da Sa\u00fade, a Secretaria Municipal da Sa\u00fade passa a adotar, a partir deste ano, uma nova estrat\u00e9gia para a vacina\u00e7\u00e3o contra a covid-19. O objetivo \u00e9 priorizar a imuniza\u00e7\u00e3o das pessoas mais suscet\u00edveis\u2026","rel":"","context":"In &quot;Not\u00edcias de Ribeir\u00e3o Preto-SP e Regi\u00e3o&quot;","block_context":{"text":"Not\u00edcias de Ribeir\u00e3o Preto-SP e Regi\u00e3o","link":"https:\/\/ismaelcolosi.com.br\/index.php\/category\/noticias-de-ribeirao-preto-sp-e-regiao-ismael-colosi\/"},"img":{"alt_text":"","src":"https:\/\/i0.wp.com\/ismaelcolosi.com.br\/wp-content\/uploads\/2024\/02\/CovidVAC-Prefeitura-de-Ribeirao-Preto-04-scaled.jpg?fit=970%2C645&ssl=1&resize=350%2C200","width":350,"height":200,"srcset":"https:\/\/i0.wp.com\/ismaelcolosi.com.br\/wp-content\/uploads\/2024\/02\/CovidVAC-Prefeitura-de-Ribeirao-Preto-04-scaled.jpg?fit=970%2C645&ssl=1&resize=350%2C200 1x, https:\/\/i0.wp.com\/ismaelcolosi.com.br\/wp-content\/uploads\/2024\/02\/CovidVAC-Prefeitura-de-Ribeirao-Preto-04-scaled.jpg?fit=970%2C645&ssl=1&resize=525%2C300 1.5x, https:\/\/i0.wp.com\/ismaelcolosi.com.br\/wp-content\/uploads\/2024\/02\/CovidVAC-Prefeitura-de-Ribeirao-Preto-04-scaled.jpg?fit=970%2C645&ssl=1&resize=700%2C400 2x"},"classes":[]},{"id":41875,"url":"https:\/\/ismaelcolosi.com.br\/index.php\/2024\/03\/11\/covid-19-apos-4-anos-veja-como-esta-a-situacao-em-ribeirao-preto\/","url_meta":{"origin":13875,"position":4},"title":"Covid-19: Ap\u00f3s 4 anos veja como est\u00e1 a situa\u00e7\u00e3o em Ribeir\u00e3o Preto","author":"ismaelcolosi.com.br","date":"11 de March de 2024","format":false,"excerpt":"Quatro anos ap\u00f3s o in\u00edcio oficial da pandemia da covid-19 decretado pela OMS (Organiza\u00e7\u00e3o Mundial da Sa\u00fade) em 11 de mar\u00e7o de 2020, o portal acidade on Ribeir\u00e3o mostra como est\u00e1 \u00e0 situa\u00e7\u00e3o da doen\u00e7a em Ribeir\u00e3o Preto. Segundo dados da Secretaria Municipal da Sa\u00fade, 12 pessoas morreram em consequ\u00eancia\u2026","rel":"","context":"In &quot;Not\u00edcias de Ribeir\u00e3o Preto-SP e Regi\u00e3o&quot;","block_context":{"text":"Not\u00edcias de Ribeir\u00e3o Preto-SP e Regi\u00e3o","link":"https:\/\/ismaelcolosi.com.br\/index.php\/category\/noticias-de-ribeirao-preto-sp-e-regiao-ismael-colosi\/"},"img":{"alt_text":"","src":"https:\/\/i0.wp.com\/ismaelcolosi.com.br\/wp-content\/uploads\/2024\/03\/3-7.jpg?fit=1200%2C675&ssl=1&resize=350%2C200","width":350,"height":200,"srcset":"https:\/\/i0.wp.com\/ismaelcolosi.com.br\/wp-content\/uploads\/2024\/03\/3-7.jpg?fit=1200%2C675&ssl=1&resize=350%2C200 1x, https:\/\/i0.wp.com\/ismaelcolosi.com.br\/wp-content\/uploads\/2024\/03\/3-7.jpg?fit=1200%2C675&ssl=1&resize=525%2C300 1.5x, https:\/\/i0.wp.com\/ismaelcolosi.com.br\/wp-content\/uploads\/2024\/03\/3-7.jpg?fit=1200%2C675&ssl=1&resize=700%2C400 2x, https:\/\/i0.wp.com\/ismaelcolosi.com.br\/wp-content\/uploads\/2024\/03\/3-7.jpg?fit=1200%2C675&ssl=1&resize=1050%2C600 3x"},"classes":[]},{"id":15306,"url":"https:\/\/ismaelcolosi.com.br\/index.php\/2023\/12\/13\/reforco-da-vacina-bivalente-acaba-em-dois-dias-em-ribeirao-veja-a-previsao-para-novas-doses\/","url_meta":{"origin":13875,"position":5},"title":"Refor\u00e7o da vacina bivalente acaba em dois dias em Ribeir\u00e3o; Veja a previs\u00e3o para novas doses","author":"ismaelcolosi.com.br","date":"13 de December de 2023","format":false,"excerpt":"Dois dias depois do come\u00e7o da campanha de refor\u00e7o da vacina Pfizer bivalente contra a Covid-19, moradores de Ribeir\u00e3o Preto, que procuraram alguma das 37 salas de vacinas para tomar a dose do imunizante, n\u00e3o conseguiram a prote\u00e7\u00e3o extra. Isso porque, de acordo com a Secret\u00e1ria Municipal de Sa\u00fade da\u2026","rel":"","context":"In &quot;Not\u00edcias de Ribeir\u00e3o Preto-SP e Regi\u00e3o&quot;","block_context":{"text":"Not\u00edcias de Ribeir\u00e3o Preto-SP e Regi\u00e3o","link":"https:\/\/ismaelcolosi.com.br\/index.php\/category\/noticias-de-ribeirao-preto-sp-e-regiao-ismael-colosi\/"},"img":{"alt_text":"","src":"https:\/\/i0.wp.com\/ismaelcolosi.com.br\/wp-content\/uploads\/2023\/12\/2021_06_16_vacinacao_prefeito_-_foto_fernando_gonzaga_21_.jpg?fit=1200%2C800&ssl=1&resize=350%2C200","width":350,"height":200,"srcset":"https:\/\/i0.wp.com\/ismaelcolosi.com.br\/wp-content\/uploads\/2023\/12\/2021_06_16_vacinacao_prefeito_-_foto_fernando_gonzaga_21_.jpg?fit=1200%2C800&ssl=1&resize=350%2C200 1x, https:\/\/i0.wp.com\/ismaelcolosi.com.br\/wp-content\/uploads\/2023\/12\/2021_06_16_vacinacao_prefeito_-_foto_fernando_gonzaga_21_.jpg?fit=1200%2C800&ssl=1&resize=525%2C300 1.5x, https:\/\/i0.wp.com\/ismaelcolosi.com.br\/wp-content\/uploads\/2023\/12\/2021_06_16_vacinacao_prefeito_-_foto_fernando_gonzaga_21_.jpg?fit=1200%2C800&ssl=1&resize=700%2C400 2x, https:\/\/i0.wp.com\/ismaelcolosi.com.br\/wp-content\/uploads\/2023\/12\/2021_06_16_vacinacao_prefeito_-_foto_fernando_gonzaga_21_.jpg?fit=1200%2C800&ssl=1&resize=1050%2C600 3x"},"classes":[]}],"jetpack_sharing_enabled":true,"jetpack_shortlink":"https:\/\/wp.me\/pfMlyK-3BN","_links":{"self":[{"href":"https:\/\/ismaelcolosi.com.br\/index.php\/wp-json\/wp\/v2\/posts\/13875","targetHints":{"allow":["GET"]}}],"collection":[{"href":"https:\/\/ismaelcolosi.com.br\/index.php\/wp-json\/wp\/v2\/posts"}],"about":[{"href":"https:\/\/ismaelcolosi.com.br\/index.php\/wp-json\/wp\/v2\/types\/post"}],"author":[{"embeddable":true,"href":"https:\/\/ismaelcolosi.com.br\/index.php\/wp-json\/wp\/v2\/users\/1"}],"replies":[{"embeddable":true,"href":"https:\/\/ismaelcolosi.com.br\/index.php\/wp-json\/wp\/v2\/comments?post=13875"}],"version-history":[{"count":0,"href":"https:\/\/ismaelcolosi.com.br\/index.php\/wp-json\/wp\/v2\/posts\/13875\/revisions"}],"wp:featuredmedia":[{"embeddable":true,"href":"https:\/\/ismaelcolosi.com.br\/index.php\/wp-json\/wp\/v2\/media\/13876"}],"wp:attachment":[{"href":"https:\/\/ismaelcolosi.com.br\/index.php\/wp-json\/wp\/v2\/media?parent=13875"}],"wp:term":[{"taxonomy":"category","embeddable":true,"href":"https:\/\/ismaelcolosi.com.br\/index.php\/wp-json\/wp\/v2\/categories?post=13875"},{"taxonomy":"post_tag","embeddable":true,"href":"https:\/\/ismaelcolosi.com.br\/index.php\/wp-json\/wp\/v2\/tags?post=13875"}],"curies":[{"name":"wp","href":"https:\/\/api.w.org\/{rel}","templated":true}]}}