{"id":1385,"date":"2023-11-12T13:07:32","date_gmt":"2023-11-12T16:07:32","guid":{"rendered":"https:\/\/ismaelcolosi.com.br\/index.php\/2023\/11\/12\/rp-repasse-de-icms-vai-a-r-4419-mi-neste-ano\/"},"modified":"2023-11-12T13:07:32","modified_gmt":"2023-11-12T16:07:32","slug":"rp-repasse-de-icms-vai-a-r-4419-mi-neste-ano","status":"publish","type":"post","link":"https:\/\/ismaelcolosi.com.br\/index.php\/2023\/11\/12\/rp-repasse-de-icms-vai-a-r-4419-mi-neste-ano\/","title":{"rendered":"RP: Repasse de ICMS vai a R$ 441,9 mi\u00a0neste ano"},"content":{"rendered":"<p> <br \/>\n<\/p>\n<div>\n<p><span data-contrast=\"auto\">Na semana passada, a Secretaria da Fazenda e Planejamento do Estado de S\u00e3o Paulo (Sefaz-SP) transferiu mais R$ 306,6 milh\u00f5es para 645 munic\u00edpios paulistas, referente ao primeiro repasse de novembro de Imposto sobre Circula\u00e7\u00e3o de Mercadorias e Servi\u00e7os (ICMS), relativo \u00e0 arrecada\u00e7\u00e3o entre os dias 30 de outubro e 3 deste m\u00eas.<\/span><span data-ccp-props=\"{&quot;201341983&quot;:0,&quot;335559739&quot;:0,&quot;335559740&quot;:240}\">\u00a0<\/span><\/p>\n<p><span data-ccp-props=\"{&quot;201341983&quot;:0,&quot;335559739&quot;:0,&quot;335559740&quot;:240}\">\u00a0<\/span><span data-contrast=\"auto\">A estimativa da Sefaz-SP \u00e9 que para novembro sejam transferidos cerca de R$ 3,7 bilh\u00f5es aos caixas municipais paulistas, ante R$ 3,3 bilh\u00f5es de outubro, mesmo montante de setembro. As prefeituras receberam cerca de R$ 3,5 bilh\u00f5es em agosto.\u00a0<\/span><span data-ccp-props=\"{&quot;201341983&quot;:0,&quot;335559739&quot;:0,&quot;335559740&quot;:240}\">\u00a0<\/span><\/p>\n<p><span data-ccp-props=\"{&quot;201341983&quot;:0,&quot;335559739&quot;:0,&quot;335559740&quot;:240}\">\u00a0<\/span><span data-contrast=\"auto\">Em julho, foram transferidos R$ 3,1 bilh\u00f5es em ICMS. Fechou junho com R$ 3,42 bilh\u00f5es. A Sefaz-SP transferiu R$ 2,9 bilh\u00f5es em maio e R$ 3,2 bilh\u00f5es em abril. Os repasses de mar\u00e7o somaram R$ 3,4 bilh\u00f5es. Chegou a R$ 2,6 bilh\u00f5es em fevereiro e R$ 3 bilh\u00f5es em janeiro, segundo a Secretaria da Fazenda e Planejamento.\u00a0<\/span><span data-ccp-props=\"{&quot;201341983&quot;:0,&quot;335559739&quot;:0,&quot;335559740&quot;:240}\">\u00a0<\/span><\/p>\n<p><span data-ccp-props=\"{&quot;201341983&quot;:0,&quot;335559739&quot;:0,&quot;335559740&quot;:240}\">\u00a0<\/span><span data-contrast=\"auto\">Em dez meses, at\u00e9 outubro, segundo a Sefaz-SP, as cidades paulistas receberam cerca de R$ 31,72 bilh\u00f5es. Em 2022, a Secretaria da Fazenda e Planejamento do Estado de S\u00e3o Paulo depositou mais de R$ 40 bilh\u00f5es aos 645 munic\u00edpios paulistas.<\/span><span data-ccp-props=\"{&quot;201341983&quot;:0,&quot;335559739&quot;:0,&quot;335559740&quot;:240}\">\u00a0<\/span><\/p>\n<p><span data-ccp-props=\"{&quot;201341983&quot;:0,&quot;335559739&quot;:0,&quot;335559740&quot;:240}\">\u00a0<\/span><span data-contrast=\"auto\">O 44\u00ba repasse do ano e o primeiro de novembro para Ribeir\u00e3o Preto \u00e9 R$ 4.120.614,43, contra R$ 7.048.314,14 do mesmo per\u00edodo do ano passado. S\u00e3o R$ 2.927.699,71 a menos, queda de 41,53%. Em 2022, o montante para o m\u00eas chegou a R$ 45.319.418,51 em cinco transfer\u00eancias semanais.<\/span><span data-ccp-props=\"{&quot;201341983&quot;:0,&quot;335559739&quot;:0,&quot;335559740&quot;:240}\">\u00a0<\/span><\/p>\n<p><span data-ccp-props=\"{&quot;201341983&quot;:0,&quot;335559739&quot;:0,&quot;335559740&quot;:240}\">\u00a0<\/span><span data-contrast=\"auto\">Ribeir\u00e3o Preto encerrou outubro com transfer\u00eancia de R$ 52.395.311,26, ante R$ 42.894.452,51 do mesmo m\u00eas do ano passado (quatro repasses), alta de 22,15%. S\u00e3o R$ 9.500.858,75 a mais. O valor tamb\u00e9m \u00e9 15,18% superior aos R$ 45.490.864,42 de setembro, acr\u00e9scimo de R$ 6.904.446,84.\u00a0<\/span><span data-ccp-props=\"{&quot;201341983&quot;:0,&quot;335559739&quot;:0,&quot;335559740&quot;:240}\">\u00a0<\/span><\/p>\n<p><span data-ccp-props=\"{&quot;201341983&quot;:0,&quot;335559739&quot;:0,&quot;335559740&quot;:240}\">\u00a0<\/span><span data-contrast=\"auto\">Segundo a Secretaria da Fazenda do Estado, a cidade fechou agosto de 2023 com R$ 46.722.308,11. A soma dos 44 repasses chega a R$ 441.986.587,27, ante R$ 450.234.110,54 do mesmo per\u00edodo do ano passado, queda de 1,83% e R$ 8.247.523,27 a menos.\u00a0<\/span><span data-ccp-props=\"{&quot;201341983&quot;:0,&quot;335559739&quot;:0,&quot;335559740&quot;:240}\">\u00a0<\/span><\/p>\n<p><span data-ccp-props=\"{&quot;201341983&quot;:0,&quot;335559739&quot;:0,&quot;335559740&quot;:240}\">\u00a0<\/span><span data-contrast=\"auto\">Os repasses s\u00e3o feitos semanalmente e, no ano passado, a cidade recebeu R$ 540.216.240,60. O montante \u00e9 6,1% superior aos R$ 509.163.500,70 de 2021, aporte de R$ 31.052.739,90. Tamb\u00e9m est\u00e1 acima dos R$ 406.298.442,37 de 2020, ano da pandemia de coronav\u00edrus. O acr\u00e9scimo em 2022 chega a R$ 133.917.798,23, alta de quase 33%.\u00a0<\/span><span data-ccp-props=\"{&quot;201341983&quot;:0,&quot;335559739&quot;:0,&quot;335559740&quot;:240}\">\u00a0<\/span><\/p>\n<p><span data-ccp-props=\"{&quot;201341983&quot;:0,&quot;335559739&quot;:0,&quot;335559740&quot;:240}\">\u00a0<\/span><span data-contrast=\"auto\">Na compara\u00e7\u00e3o entre 2021 e 2020, o aporte \u00e9 de R$ 102.865.058,33, aumento de 25,3%. O governo de S\u00e3o Paulo transferiu, em seis parcelas, entre agosto e o dia 23 de janeiro deste ano, R$ 71.178.591,77 em recursos para 70 munic\u00edpios da \u00e1rea da 6\u00aa Delegacia Regional Tribut\u00e1ria, com sede em Ribeir\u00e3o Preto \u2013 a cidade recebeu R$ 15.280.614,67.\u00a0<\/span><span data-ccp-props=\"{&quot;201341983&quot;:0,&quot;335559739&quot;:0,&quot;335559740&quot;:240}\">\u00a0<\/span><\/p>\n<p><b><span data-contrast=\"auto\">O repasse de ICMS\u00a0<\/span><\/b><b><span data-contrast=\"auto\">para Ribeir\u00e3o Preto<\/span><\/b><span data-ccp-props=\"{&quot;201341983&quot;:0,&quot;335559739&quot;:0,&quot;335559740&quot;:240}\">\u00a0<\/span><\/p>\n<p><span data-contrast=\"auto\">Total em 2022: R$ 540.216.240,60<\/span><span data-ccp-props=\"{&quot;201341983&quot;:0,&quot;335559739&quot;:0,&quot;335559740&quot;:240}\">\u00a0<\/span><\/p>\n<p><span data-contrast=\"auto\">Em 2020: R$ 406.298.442,37<\/span><span data-ccp-props=\"{&quot;201341983&quot;:0,&quot;335559739&quot;:0,&quot;335559740&quot;:240}\">\u00a0<\/span><\/p>\n<p><span data-contrast=\"auto\">Em 2021: R$ 509.163.500,70<\/span><span data-ccp-props=\"{&quot;201341983&quot;:0,&quot;335559739&quot;:0,&quot;335559740&quot;:240}\">\u00a0<\/span><\/p>\n<p><span data-contrast=\"auto\">Janeiro de 2023: R$ 48.548.277,39<\/span><span data-ccp-props=\"{&quot;201341983&quot;:0,&quot;335559739&quot;:0,&quot;335559740&quot;:240}\">\u00a0<\/span><\/p>\n<p><span data-contrast=\"auto\">Fevereiro de 2023: R$ 35.993.516,58\u00a0<\/span><span data-ccp-props=\"{&quot;201341983&quot;:0,&quot;335559739&quot;:0,&quot;335559740&quot;:240}\">\u00a0<\/span><\/p>\n<p><span data-contrast=\"auto\">Mar\u00e7o de 2023: R$ 39.254.743,21\u00a0<\/span><span data-ccp-props=\"{&quot;201341983&quot;:0,&quot;335559739&quot;:0,&quot;335559740&quot;:240}\">\u00a0<\/span><\/p>\n<p><span data-contrast=\"auto\">Abril de 2023: R$ 21.313.038,86\u00a0<\/span><span data-ccp-props=\"{&quot;201341983&quot;:0,&quot;335559739&quot;:0,&quot;335559740&quot;:240}\">\u00a0<\/span><\/p>\n<p><span data-contrast=\"auto\">Maio de 2023: R$ 61.117.196,33\u00a0<\/span><span data-ccp-props=\"{&quot;201341983&quot;:0,&quot;335559739&quot;:0,&quot;335559740&quot;:240}\">\u00a0<\/span><\/p>\n<p><span data-contrast=\"auto\">Junho de 2023: R$ 38.061.641,07\u00a0<\/span><span data-ccp-props=\"{&quot;201341983&quot;:0,&quot;335559739&quot;:0,&quot;335559740&quot;:240}\">\u00a0<\/span><\/p>\n<p><span data-contrast=\"auto\">Julho de 2023: R$ 42.627.053,33\u00a0<\/span><span data-ccp-props=\"{&quot;201341983&quot;:0,&quot;335559739&quot;:0,&quot;335559740&quot;:240}\">\u00a0<\/span><\/p>\n<p><span data-contrast=\"auto\">Agosto de 2023: R$ 46.722.308,11\u00a0<\/span><span data-ccp-props=\"{&quot;201341983&quot;:0,&quot;335559739&quot;:0,&quot;335559740&quot;:240}\">\u00a0<\/span><\/p>\n<p><span data-contrast=\"auto\">Setembro de 2023: R$ 23.427.949,66<\/span> <span data-ccp-props=\"{&quot;201341983&quot;:0,&quot;335559739&quot;:0,&quot;335559740&quot;:240}\">\u00a0<\/span><\/p>\n<p><span data-contrast=\"auto\">Outubro de 2023: R$ 52.395.311,26<\/span><span data-ccp-props=\"{&quot;201341983&quot;:0,&quot;335559739&quot;:0,&quot;335559740&quot;:240}\">\u00a0<\/span><\/p>\n<p><span data-contrast=\"auto\">Novembro de 2023: R$ 4.120.614,43*<\/span><span data-ccp-props=\"{&quot;201341983&quot;:0,&quot;335559739&quot;:0,&quot;335559740&quot;:240}\">\u00a0<\/span><\/p>\n<p><span data-contrast=\"auto\">Total em 2023: R$ 441.986.587,27**<\/span><span data-ccp-props=\"{&quot;201341983&quot;:0,&quot;335559739&quot;:0,&quot;335559740&quot;:240}\">\u00a0<\/span><\/p>\n<p><span data-contrast=\"auto\">Compensa\u00e7\u00e3o (lei n\u00ba 194\/22)<\/span><span data-ccp-props=\"{&quot;201341983&quot;:0,&quot;335559739&quot;:0,&quot;335559740&quot;:240}\">\u00a0<\/span><\/p>\n<p><span data-contrast=\"auto\">Ribeir\u00e3o Preto<\/span><span data-ccp-props=\"{&quot;201341983&quot;:0,&quot;335559739&quot;:0,&quot;335559740&quot;:240}\">\u00a0<\/span><\/p>\n<p><span data-contrast=\"auto\">Total:<\/span> <span data-contrast=\"auto\">R$ 15.280.614,67<\/span><span data-ccp-props=\"{&quot;201341983&quot;:0,&quot;335559739&quot;:0,&quot;335559740&quot;:240}\">\u00a0<\/span><\/p>\n<p><span data-contrast=\"auto\">DRT-6 (70 cidades)<\/span><span data-ccp-props=\"{&quot;201341983&quot;:0,&quot;335559739&quot;:0,&quot;335559740&quot;:240}\">\u00a0<\/span><\/p>\n<p><span data-contrast=\"auto\">Total:<\/span> <span data-contrast=\"auto\">R$ 71.178.591,77<\/span><span data-ccp-props=\"{&quot;201341983&quot;:0,&quot;335559739&quot;:0,&quot;335559740&quot;:240}\">\u00a0<\/span><\/p>\n<p><span data-contrast=\"auto\">Fonte \u2013 Secretaria Estadual da Fazenda<\/span><span data-ccp-props=\"{&quot;201341983&quot;:0,&quot;335559739&quot;:0,&quot;335559740&quot;:240}\">\u00a0<\/span><\/p>\n<p><span data-contrast=\"auto\">* Primeiro repasse no m\u00eas<\/span><span data-ccp-props=\"{&quot;201341983&quot;:0,&quot;335559739&quot;:0,&quot;335559740&quot;:240}\">\u00a0<\/span><\/p>\n<p><span data-contrast=\"auto\">** Em 44 semanas<\/span><span data-ccp-props=\"{&quot;201341983&quot;:0,&quot;335559739&quot;:0,&quot;335559740&quot;:240}\">\u00a0<\/span><\/p>\n<\/div>\n<p><br \/>\n<br \/><a href=\"https:\/\/www.tribunaribeirao.com.br\/site\/rp-repasse-de-icms-vai-a-r-4419-mi-neste-ano\/\">Source link <\/a><\/p>\n<div class='code-block code-block-4' style='margin: 8px auto 8px 0; text-align: left; display: block; clear: both;'>\n\ud83d\udce2 Aviso Legal\n\nO site ismaelcolosi.com.br atua apenas como um canal de divulga\u00e7\u00e3o de oportunidades de emprego e n\u00e3o se responsabiliza pelo processo seletivo, contrata\u00e7\u00e3o ou qualquer outra etapa relacionada \u00e0s vagas publicadas. Todas as informa\u00e7\u00f5es s\u00e3o de responsabilidade dos anunciantes.\n\n\u26a0\ufe0f Aten\u00e7\u00e3o! Nunca pague por promessas de emprego nem compre cursos que garantam contrata\u00e7\u00e3o. Desconfie de qualquer cobran\u00e7a para participar de sele\u00e7\u00f5es.\n\n\n\n<\/div>\n<!-- CONTENT END 1 -->\n","protected":false},"excerpt":{"rendered":"<p>Na semana passada, a Secretaria da Fazenda e Planejamento do Estado de S\u00e3o Paulo (Sefaz-SP) transferiu mais R$ 306,6 milh\u00f5es para 645 munic\u00edpios paulistas, referente&#8230;<\/p>\n","protected":false},"author":1,"featured_media":1386,"comment_status":"open","ping_status":"open","sticky":false,"template":"","format":"standard","meta":{"_uag_custom_page_level_css":"","advanced_seo_description":"","jetpack_seo_html_title":"","jetpack_seo_noindex":false,"jetpack_post_was_ever_published":false,"_jetpack_newsletter_access":"","_jetpack_dont_email_post_to_subs":false,"_jetpack_newsletter_tier_id":0,"_jetpack_memberships_contains_paywalled_content":false,"_jetpack_memberships_contains_paid_content":false,"footnotes":"","jetpack_publicize_message":"","jetpack_publicize_feature_enabled":true,"jetpack_social_post_already_shared":false,"jetpack_social_options":{"image_generator_settings":{"template":"highway","default_image_id":0,"font":"","enabled":false},"version":2}},"categories":[11],"tags":[],"class_list":["post-1385","post","type-post","status-publish","format-standard","has-post-thumbnail","hentry","category-noticias-de-ribeirao-preto-sp-e-regiao-ismael-colosi"],"jetpack_publicize_connections":[],"jetpack_featured_media_url":"https:\/\/i0.wp.com\/ismaelcolosi.com.br\/wp-content\/uploads\/2023\/11\/ICMS-Max-Gallao-Mesquita-nova-scaled.jpg?fit=963%2C645&ssl=1","uagb_featured_image_src":{"full":["https:\/\/i0.wp.com\/ismaelcolosi.com.br\/wp-content\/uploads\/2023\/11\/ICMS-Max-Gallao-Mesquita-nova-scaled.jpg?fit=963%2C645&ssl=1",963,645,false],"thumbnail":["https:\/\/i0.wp.com\/ismaelcolosi.com.br\/wp-content\/uploads\/2023\/11\/ICMS-Max-Gallao-Mesquita-nova-scaled.jpg?resize=150%2C150&ssl=1",150,150,true],"medium":["https:\/\/i0.wp.com\/ismaelcolosi.com.br\/wp-content\/uploads\/2023\/11\/ICMS-Max-Gallao-Mesquita-nova-scaled.jpg?fit=300%2C201&ssl=1",300,201,true],"medium_large":["https:\/\/i0.wp.com\/ismaelcolosi.com.br\/wp-content\/uploads\/2023\/11\/ICMS-Max-Gallao-Mesquita-nova-scaled.jpg?fit=768%2C514&ssl=1",768,514,true],"large":["https:\/\/i0.wp.com\/ismaelcolosi.com.br\/wp-content\/uploads\/2023\/11\/ICMS-Max-Gallao-Mesquita-nova-scaled.jpg?fit=963%2C645&ssl=1",963,645,true],"1536x1536":["https:\/\/i0.wp.com\/ismaelcolosi.com.br\/wp-content\/uploads\/2023\/11\/ICMS-Max-Gallao-Mesquita-nova-scaled.jpg?fit=963%2C645&ssl=1",963,645,true],"2048x2048":["https:\/\/i0.wp.com\/ismaelcolosi.com.br\/wp-content\/uploads\/2023\/11\/ICMS-Max-Gallao-Mesquita-nova-scaled.jpg?fit=963%2C645&ssl=1",963,645,true],"really-simple-thumb":["https:\/\/i0.wp.com\/ismaelcolosi.com.br\/wp-content\/uploads\/2023\/11\/ICMS-Max-Gallao-Mesquita-nova-scaled.jpg?resize=370%2C247&ssl=1",370,247,true]},"uagb_author_info":{"display_name":"ismaelcolosi.com.br","author_link":"https:\/\/ismaelcolosi.com.br\/index.php\/author\/vidareal-online\/"},"uagb_comment_info":0,"uagb_excerpt":"Na semana passada, a Secretaria da Fazenda e Planejamento do Estado de S\u00e3o Paulo (Sefaz-SP) transferiu mais R$ 306,6 milh\u00f5es para 645 munic\u00edpios paulistas, referente...","jetpack-related-posts":[{"id":17944,"url":"https:\/\/ismaelcolosi.com.br\/index.php\/2023\/12\/19\/repasse-de-icms-chega-a-r-502-mi-para-rp\/","url_meta":{"origin":1385,"position":0},"title":"Repasse de ICMS chega a R$ 502 mi para RP","author":"ismaelcolosi.com.br","date":"19 de December de 2023","format":false,"excerpt":"Nesta ter\u00e7a-feira (19), a Secretaria da Fazenda e Planejamento do Estado de S\u00e3o Paulo (Sefaz-SP) vai creditar, para 645 munic\u00edpios paulistas, o montante referente ao terceiro repasse de dezembro de Imposto sobre Circula\u00e7\u00e3o de Mercadorias e Servi\u00e7os (ICMS), relativo \u00e0 arrecada\u00e7\u00e3o entre os dias 11 e 15 deste m\u00eas. \u00a0\u00a0O\u2026","rel":"","context":"In &quot;Not\u00edcias de Ribeir\u00e3o Preto-SP e Regi\u00e3o&quot;","block_context":{"text":"Not\u00edcias de Ribeir\u00e3o Preto-SP e Regi\u00e3o","link":"https:\/\/ismaelcolosi.com.br\/index.php\/category\/noticias-de-ribeirao-preto-sp-e-regiao-ismael-colosi\/"},"img":{"alt_text":"","src":"https:\/\/i0.wp.com\/ismaelcolosi.com.br\/wp-content\/uploads\/2023\/12\/ICMS-Max-Gallao-Mesquita-nova-scaled.jpg?fit=963%2C645&ssl=1&resize=350%2C200","width":350,"height":200,"srcset":"https:\/\/i0.wp.com\/ismaelcolosi.com.br\/wp-content\/uploads\/2023\/12\/ICMS-Max-Gallao-Mesquita-nova-scaled.jpg?fit=963%2C645&ssl=1&resize=350%2C200 1x, https:\/\/i0.wp.com\/ismaelcolosi.com.br\/wp-content\/uploads\/2023\/12\/ICMS-Max-Gallao-Mesquita-nova-scaled.jpg?fit=963%2C645&ssl=1&resize=525%2C300 1.5x, https:\/\/i0.wp.com\/ismaelcolosi.com.br\/wp-content\/uploads\/2023\/12\/ICMS-Max-Gallao-Mesquita-nova-scaled.jpg?fit=963%2C645&ssl=1&resize=700%2C400 2x"},"classes":[]},{"id":26473,"url":"https:\/\/ismaelcolosi.com.br\/index.php\/2024\/01\/10\/repasse-de-icms-fica-em-r-534-mi\/","url_meta":{"origin":1385,"position":1},"title":"Repasse de ICMS fica em R$ 534 mi \u00a0","author":"ismaelcolosi.com.br","date":"10 de January de 2024","format":false,"excerpt":"Nesta ter\u00e7a-feira (9), a Secretaria da Fazenda e Planejamento do Estado de S\u00e3o Paulo (Sefaz-SP) vai creditar, para 645 munic\u00edpios paulistas, o montante referente ao primeiro repasse de janeiro de Imposto sobre Circula\u00e7\u00e3o de Mercadorias e Servi\u00e7os (ICMS), relativo \u00e0 arrecada\u00e7\u00e3o entre os dias 2 e 5. No site da\u2026","rel":"","context":"In &quot;Not\u00edcias de Ribeir\u00e3o Preto-SP e Regi\u00e3o&quot;","block_context":{"text":"Not\u00edcias de Ribeir\u00e3o Preto-SP e Regi\u00e3o","link":"https:\/\/ismaelcolosi.com.br\/index.php\/category\/noticias-de-ribeirao-preto-sp-e-regiao-ismael-colosi\/"},"img":{"alt_text":"","src":"https:\/\/i0.wp.com\/ismaelcolosi.com.br\/wp-content\/uploads\/2024\/01\/ICMS-Max-Gallao-Mesquita-Arquivo-scaled.jpg?fit=991%2C645&ssl=1&resize=350%2C200","width":350,"height":200,"srcset":"https:\/\/i0.wp.com\/ismaelcolosi.com.br\/wp-content\/uploads\/2024\/01\/ICMS-Max-Gallao-Mesquita-Arquivo-scaled.jpg?fit=991%2C645&ssl=1&resize=350%2C200 1x, https:\/\/i0.wp.com\/ismaelcolosi.com.br\/wp-content\/uploads\/2024\/01\/ICMS-Max-Gallao-Mesquita-Arquivo-scaled.jpg?fit=991%2C645&ssl=1&resize=525%2C300 1.5x, https:\/\/i0.wp.com\/ismaelcolosi.com.br\/wp-content\/uploads\/2024\/01\/ICMS-Max-Gallao-Mesquita-Arquivo-scaled.jpg?fit=991%2C645&ssl=1&resize=700%2C400 2x"},"classes":[]},{"id":40793,"url":"https:\/\/ismaelcolosi.com.br\/index.php\/2024\/03\/05\/rp-repasse-de-icms-chega-a-r-952-mi\/","url_meta":{"origin":1385,"position":2},"title":"RP: repasse de ICMS chega a R$ 95,2 mi","author":"ismaelcolosi.com.br","date":"5 de March de 2024","format":false,"excerpt":"Na semana passada, a Secretaria da Fazenda e Planejamento do Estado de S\u00e3o Paulo (Sefaz-SP) creditou, para 645 munic\u00edpios paulistas, R$ 1,44 bilh\u00e3o referentes ao \u00faltimo repasse de fevereiro de Imposto sobre Circula\u00e7\u00e3o de Mercadorias e Servi\u00e7os (ICMS), relativo \u00e0 arrecada\u00e7\u00e3o entre os 19 e 23 deste m\u00eas. Nesta ter\u00e7a-feira,\u2026","rel":"","context":"In &quot;Not\u00edcias de Ribeir\u00e3o Preto-SP e Regi\u00e3o&quot;","block_context":{"text":"Not\u00edcias de Ribeir\u00e3o Preto-SP e Regi\u00e3o","link":"https:\/\/ismaelcolosi.com.br\/index.php\/category\/noticias-de-ribeirao-preto-sp-e-regiao-ismael-colosi\/"},"img":{"alt_text":"","src":"https:\/\/i0.wp.com\/ismaelcolosi.com.br\/wp-content\/uploads\/2024\/03\/imagem_materia-1.jpg?fit=860%2C570&ssl=1&resize=350%2C200","width":350,"height":200,"srcset":"https:\/\/i0.wp.com\/ismaelcolosi.com.br\/wp-content\/uploads\/2024\/03\/imagem_materia-1.jpg?fit=860%2C570&ssl=1&resize=350%2C200 1x, https:\/\/i0.wp.com\/ismaelcolosi.com.br\/wp-content\/uploads\/2024\/03\/imagem_materia-1.jpg?fit=860%2C570&ssl=1&resize=525%2C300 1.5x, https:\/\/i0.wp.com\/ismaelcolosi.com.br\/wp-content\/uploads\/2024\/03\/imagem_materia-1.jpg?fit=860%2C570&ssl=1&resize=700%2C400 2x"},"classes":[]},{"id":1127,"url":"https:\/\/ismaelcolosi.com.br\/index.php\/2023\/11\/10\/congresso-libera-r-15-bi-por-perdas-de-impostos-ribeirao-deixou-de-receber-r-20-mi\/","url_meta":{"origin":1385,"position":3},"title":"Congresso libera R$ 15 bi por perdas de impostos; Ribeir\u00e3o deixou de receber R$ 20 mi","author":"ismaelcolosi.com.br","date":"10 de November de 2023","format":false,"excerpt":"O Congresso Nacional aprovou na quinta-feira (9), em Bras\u00edlia, projeto de lei que libera R$ 15 bilh\u00f5es para compensar a perda de arrecada\u00e7\u00e3o de estados, Distrito Federal e munic\u00edpios, por conta da diminui\u00e7\u00e3o da al\u00edquota de impostos. Apenas no per\u00edodo entre janeiro e agosto, Ribeir\u00e3o Preto perdeu mais de R$\u2026","rel":"","context":"In &quot;Not\u00edcias de Ribeir\u00e3o Preto-SP e Regi\u00e3o&quot;","block_context":{"text":"Not\u00edcias de Ribeir\u00e3o Preto-SP e Regi\u00e3o","link":"https:\/\/ismaelcolosi.com.br\/index.php\/category\/noticias-de-ribeirao-preto-sp-e-regiao-ismael-colosi\/"},"img":{"alt_text":"","src":"https:\/\/i0.wp.com\/ismaelcolosi.com.br\/wp-content\/uploads\/2023\/11\/ribeirao-preto-prefeitura.jpg?fit=1200%2C900&ssl=1&resize=350%2C200","width":350,"height":200,"srcset":"https:\/\/i0.wp.com\/ismaelcolosi.com.br\/wp-content\/uploads\/2023\/11\/ribeirao-preto-prefeitura.jpg?fit=1200%2C900&ssl=1&resize=350%2C200 1x, https:\/\/i0.wp.com\/ismaelcolosi.com.br\/wp-content\/uploads\/2023\/11\/ribeirao-preto-prefeitura.jpg?fit=1200%2C900&ssl=1&resize=525%2C300 1.5x, https:\/\/i0.wp.com\/ismaelcolosi.com.br\/wp-content\/uploads\/2023\/11\/ribeirao-preto-prefeitura.jpg?fit=1200%2C900&ssl=1&resize=700%2C400 2x, https:\/\/i0.wp.com\/ismaelcolosi.com.br\/wp-content\/uploads\/2023\/11\/ribeirao-preto-prefeitura.jpg?fit=1200%2C900&ssl=1&resize=1050%2C600 3x"},"classes":[]},{"id":19111,"url":"https:\/\/ismaelcolosi.com.br\/index.php\/2023\/12\/21\/sefaz-libera-mais-r-371-mi-em-creditos\/","url_meta":{"origin":1385,"position":4},"title":"Sefaz libera mais R$ 37,1 mi em cr\u00e9ditos\u00a0","author":"ismaelcolosi.com.br","date":"21 de December de 2023","format":false,"excerpt":"21 de dezembro de 2023 | 18:0021 de dezembro de 2023 | 10:24 0Em dezembro, a Secretaria da Fazenda e Planejamento (Sefaz-SP) totaliza a distribui\u00e7\u00e3o de R$ 457,5 milh\u00f5es em cr\u00e9ditos do programa da Nota Fiscal Paulista aos consumidores cadastrados no programa. O montante foi conclu\u00eddo com a libera\u00e7\u00e3o de\u2026","rel":"","context":"In &quot;Not\u00edcias de Ribeir\u00e3o Preto-SP e Regi\u00e3o&quot;","block_context":{"text":"Not\u00edcias de Ribeir\u00e3o Preto-SP e Regi\u00e3o","link":"https:\/\/ismaelcolosi.com.br\/index.php\/category\/noticias-de-ribeirao-preto-sp-e-regiao-ismael-colosi\/"},"img":{"alt_text":"","src":"https:\/\/i0.wp.com\/ismaelcolosi.com.br\/wp-content\/uploads\/2023\/12\/3-NotaSP-Divulgacao-10-scaled.jpg?fit=967%2C645&ssl=1&resize=350%2C200","width":350,"height":200,"srcset":"https:\/\/i0.wp.com\/ismaelcolosi.com.br\/wp-content\/uploads\/2023\/12\/3-NotaSP-Divulgacao-10-scaled.jpg?fit=967%2C645&ssl=1&resize=350%2C200 1x, https:\/\/i0.wp.com\/ismaelcolosi.com.br\/wp-content\/uploads\/2023\/12\/3-NotaSP-Divulgacao-10-scaled.jpg?fit=967%2C645&ssl=1&resize=525%2C300 1.5x, https:\/\/i0.wp.com\/ismaelcolosi.com.br\/wp-content\/uploads\/2023\/12\/3-NotaSP-Divulgacao-10-scaled.jpg?fit=967%2C645&ssl=1&resize=700%2C400 2x"},"classes":[]},{"id":7747,"url":"https:\/\/ismaelcolosi.com.br\/index.php\/2023\/11\/28\/exportacoes-superam-us-300-bi-pelo-segundo-ano\/","url_meta":{"origin":1385,"position":5},"title":"Exporta\u00e7\u00f5es superam US$ 300 bi pelo segundo ano\u00a0","author":"ismaelcolosi.com.br","date":"28 de November de 2023","format":false,"excerpt":"28 de novembro de 2023 | 18:0028 de novembro de 2023 | 9:08 0Pelo segundo ano seguido, as exporta\u00e7\u00f5es brasileiras superaram a marca de US$ 300 bilh\u00f5es, divulgou o Minist\u00e9rio do Desenvolvimento, Ind\u00fastria, Com\u00e9rcio e Servi\u00e7os (MDIC). At\u00e9 a terceira semana de novembro, as vendas para o exterior somaram US$\u2026","rel":"","context":"In &quot;Not\u00edcias de Ribeir\u00e3o Preto-SP e Regi\u00e3o&quot;","block_context":{"text":"Not\u00edcias de Ribeir\u00e3o Preto-SP e Regi\u00e3o","link":"https:\/\/ismaelcolosi.com.br\/index.php\/category\/noticias-de-ribeirao-preto-sp-e-regiao-ismael-colosi\/"},"img":{"alt_text":"","src":"https:\/\/i0.wp.com\/ismaelcolosi.com.br\/wp-content\/uploads\/2023\/11\/dolares.jpg?fit=1170%2C700&ssl=1&resize=350%2C200","width":350,"height":200,"srcset":"https:\/\/i0.wp.com\/ismaelcolosi.com.br\/wp-content\/uploads\/2023\/11\/dolares.jpg?fit=1170%2C700&ssl=1&resize=350%2C200 1x, https:\/\/i0.wp.com\/ismaelcolosi.com.br\/wp-content\/uploads\/2023\/11\/dolares.jpg?fit=1170%2C700&ssl=1&resize=525%2C300 1.5x, https:\/\/i0.wp.com\/ismaelcolosi.com.br\/wp-content\/uploads\/2023\/11\/dolares.jpg?fit=1170%2C700&ssl=1&resize=700%2C400 2x, https:\/\/i0.wp.com\/ismaelcolosi.com.br\/wp-content\/uploads\/2023\/11\/dolares.jpg?fit=1170%2C700&ssl=1&resize=1050%2C600 3x"},"classes":[]}],"jetpack_sharing_enabled":true,"jetpack_shortlink":"https:\/\/wp.me\/pfMlyK-ml","_links":{"self":[{"href":"https:\/\/ismaelcolosi.com.br\/index.php\/wp-json\/wp\/v2\/posts\/1385","targetHints":{"allow":["GET"]}}],"collection":[{"href":"https:\/\/ismaelcolosi.com.br\/index.php\/wp-json\/wp\/v2\/posts"}],"about":[{"href":"https:\/\/ismaelcolosi.com.br\/index.php\/wp-json\/wp\/v2\/types\/post"}],"author":[{"embeddable":true,"href":"https:\/\/ismaelcolosi.com.br\/index.php\/wp-json\/wp\/v2\/users\/1"}],"replies":[{"embeddable":true,"href":"https:\/\/ismaelcolosi.com.br\/index.php\/wp-json\/wp\/v2\/comments?post=1385"}],"version-history":[{"count":0,"href":"https:\/\/ismaelcolosi.com.br\/index.php\/wp-json\/wp\/v2\/posts\/1385\/revisions"}],"wp:featuredmedia":[{"embeddable":true,"href":"https:\/\/ismaelcolosi.com.br\/index.php\/wp-json\/wp\/v2\/media\/1386"}],"wp:attachment":[{"href":"https:\/\/ismaelcolosi.com.br\/index.php\/wp-json\/wp\/v2\/media?parent=1385"}],"wp:term":[{"taxonomy":"category","embeddable":true,"href":"https:\/\/ismaelcolosi.com.br\/index.php\/wp-json\/wp\/v2\/categories?post=1385"},{"taxonomy":"post_tag","embeddable":true,"href":"https:\/\/ismaelcolosi.com.br\/index.php\/wp-json\/wp\/v2\/tags?post=1385"}],"curies":[{"name":"wp","href":"https:\/\/api.w.org\/{rel}","templated":true}]}}