{"id":13783,"date":"2023-12-11T09:22:35","date_gmt":"2023-12-11T12:22:35","guid":{"rendered":"https:\/\/ismaelcolosi.com.br\/index.php\/2023\/12\/11\/acontece-hoje-velorio-do-jornalista-antonio-claret-gouvea\/"},"modified":"2023-12-11T09:22:35","modified_gmt":"2023-12-11T12:22:35","slug":"acontece-hoje-velorio-do-jornalista-antonio-claret-gouvea","status":"publish","type":"post","link":"https:\/\/ismaelcolosi.com.br\/index.php\/2023\/12\/11\/acontece-hoje-velorio-do-jornalista-antonio-claret-gouvea\/","title":{"rendered":"Acontece hoje vel\u00f3rio do jornalista Antonio Claret Gouvea"},"content":{"rendered":"<p> <br \/>\n<\/p>\n<div id=\"post-366847\">\n<header class=\"entry-header penci-entry-header penci-title-center\">\n<p> <span class=\"entry-meta-item penci-posted-on\"><i class=\"fa fa-clock-o\"\/><time class=\"entry-date published updated\" datetime=\"2023-12-11T09:08:38-03:00\">11 de dezembro de 2023 | 9:08<\/time><\/span><\/p>\n<p> <span class=\"penci-social-buttons penci-social-share-footer\"><a href=\"#\" class=\"penci-post-like penci_post-meta_item  single-like-button penci-social-item like\" data-post_id=\"366847\" title=\"Like\" data-like=\"Like\" data-unlike=\"Unlike\"><i class=\"fa fa-thumbs-o-up\"\/><span class=\"penci-share-number\">0<\/span><\/a><i class=\"fa fa-facebook\"\/><a class=\"penci-social-item twitter\" target=\"_blank\" rel=\"noopener\" title=\"\" href=\"https:\/\/twitter.com\/intent\/tweet?text=Acontece%20hoje%20vel\u00f3rio%20do%20jornalista%20Antonio%20Claret%20Gouvea%20-%20https:\/\/www.tribunaribeirao.com.br\/site\/acontece-hoje-velorio-do-jornalista-antonio-claret-gouvea\/\"><i class=\"fa fa-twitter\"\/><\/a><i class=\"fa fa-whatsapp\"\/><\/span><\/header>\n<div class=\"penci-entry-content entry-content\">\n<p>Morreu neste domingo (10), o jornalista Antonio Claret Gouvea. Claret tinha 86 anos e, segundo informa\u00e7\u00f5es da fam\u00edlia, ele faleceu em casa em decorr\u00eancia de uma estenose esof\u00e1gica, doen\u00e7a que acomete o es\u00f4fago.<\/p>\n<p>Antonio Claret Gouvea\u00a0deixa\u00a0tr\u00eas filhos, oito netos e dois bisnetos.<\/p>\n<p>O vel\u00f3rio acontece nesta segunda-feira (11), na Sala 3 do\u00a0Vel\u00f3rio Samaritano, na rua Fl\u00e1vio Uchoa, 988, no bairro Campos El\u00edseos, em Ribeir\u00e3o, at\u00e9 \u00e0s 13h30.<\/p>\n<p><span class=\"td_text_highlight_marker\">O sepultamento ser\u00e1 em seguida, no Cemit\u00e9rio da Saudade.<\/span><\/p>\n<\/div>\n<footer class=\"penci-entry-footer\"\/><\/div>\n<p><script async src=\"\/\/platform.twitter.com\/widgets.js\" charset=\"utf-8\"><\/script><br \/>\n<br \/><br \/>\n<br \/><a href=\"https:\/\/www.tribunaribeirao.com.br\/site\/acontece-hoje-velorio-do-jornalista-antonio-claret-gouvea\/\">Source link <\/a><\/p>\n<div class='code-block code-block-4' style='margin: 8px auto 8px 0; text-align: left; display: block; clear: both;'>\n\ud83d\udce2 Aviso Legal\n\nO site ismaelcolosi.com.br atua apenas como um canal de divulga\u00e7\u00e3o de oportunidades de emprego e n\u00e3o se responsabiliza pelo processo seletivo, contrata\u00e7\u00e3o ou qualquer outra etapa relacionada \u00e0s vagas publicadas. Todas as informa\u00e7\u00f5es s\u00e3o de responsabilidade dos anunciantes.\n\n\u26a0\ufe0f Aten\u00e7\u00e3o! Nunca pague por promessas de emprego nem compre cursos que garantam contrata\u00e7\u00e3o. Desconfie de qualquer cobran\u00e7a para participar de sele\u00e7\u00f5es.\n\n\n\n<\/div>\n<!-- CONTENT END 1 -->\n","protected":false},"excerpt":{"rendered":"<p>11 de dezembro de 2023 | 9:08 0 Morreu neste domingo (10), o jornalista Antonio Claret Gouvea. Claret tinha 86 anos e, segundo informa\u00e7\u00f5es da&#8230;<\/p>\n","protected":false},"author":1,"featured_media":13784,"comment_status":"open","ping_status":"open","sticky":false,"template":"","format":"standard","meta":{"_uag_custom_page_level_css":"","advanced_seo_description":"","jetpack_seo_html_title":"","jetpack_seo_noindex":false,"jetpack_post_was_ever_published":false,"_jetpack_newsletter_access":"","_jetpack_dont_email_post_to_subs":false,"_jetpack_newsletter_tier_id":0,"_jetpack_memberships_contains_paywalled_content":false,"_jetpack_memberships_contains_paid_content":false,"footnotes":"","jetpack_publicize_message":"","jetpack_publicize_feature_enabled":true,"jetpack_social_post_already_shared":true,"jetpack_social_options":{"image_generator_settings":{"template":"highway","default_image_id":0,"font":"","enabled":false},"version":2}},"categories":[11],"tags":[124,1937,1938,1939,1752,1936,1935],"class_list":["post-13783","post","type-post","status-publish","format-standard","has-post-thumbnail","hentry","category-noticias-de-ribeirao-preto-sp-e-regiao-ismael-colosi","tag-acontece","tag-antonio","tag-claret","tag-gouvea","tag-hoje","tag-jornalista","tag-velorio"],"jetpack_publicize_connections":[],"jetpack_featured_media_url":"https:\/\/i0.wp.com\/ismaelcolosi.com.br\/wp-content\/uploads\/2023\/12\/claret-scaled.jpg?fit=995%2C645&ssl=1","uagb_featured_image_src":{"full":["https:\/\/i0.wp.com\/ismaelcolosi.com.br\/wp-content\/uploads\/2023\/12\/claret-scaled.jpg?fit=995%2C645&ssl=1",995,645,false],"thumbnail":["https:\/\/i0.wp.com\/ismaelcolosi.com.br\/wp-content\/uploads\/2023\/12\/claret-scaled.jpg?resize=150%2C150&ssl=1",150,150,true],"medium":["https:\/\/i0.wp.com\/ismaelcolosi.com.br\/wp-content\/uploads\/2023\/12\/claret-scaled.jpg?fit=300%2C194&ssl=1",300,194,true],"medium_large":["https:\/\/i0.wp.com\/ismaelcolosi.com.br\/wp-content\/uploads\/2023\/12\/claret-scaled.jpg?fit=768%2C498&ssl=1",768,498,true],"large":["https:\/\/i0.wp.com\/ismaelcolosi.com.br\/wp-content\/uploads\/2023\/12\/claret-scaled.jpg?fit=995%2C645&ssl=1",995,645,true],"1536x1536":["https:\/\/i0.wp.com\/ismaelcolosi.com.br\/wp-content\/uploads\/2023\/12\/claret-scaled.jpg?fit=995%2C645&ssl=1",995,645,true],"2048x2048":["https:\/\/i0.wp.com\/ismaelcolosi.com.br\/wp-content\/uploads\/2023\/12\/claret-scaled.jpg?fit=995%2C645&ssl=1",995,645,true],"really-simple-thumb":["https:\/\/i0.wp.com\/ismaelcolosi.com.br\/wp-content\/uploads\/2023\/12\/claret-scaled.jpg?resize=370%2C247&ssl=1",370,247,true]},"uagb_author_info":{"display_name":"ismaelcolosi.com.br","author_link":"https:\/\/ismaelcolosi.com.br\/index.php\/author\/vidareal-online\/"},"uagb_comment_info":0,"uagb_excerpt":"11 de dezembro de 2023 | 9:08 0 Morreu neste domingo (10), o jornalista Antonio Claret Gouvea. Claret tinha 86 anos e, segundo informa\u00e7\u00f5es da...","jetpack-related-posts":[{"id":48065,"url":"https:\/\/ismaelcolosi.com.br\/index.php\/2024\/04\/30\/velorio-e-sepultamento-da-jornalista-erica-amendola-serao-nesta-quarta-em-ribeirao\/","url_meta":{"origin":13783,"position":0},"title":"Vel\u00f3rio e sepultamento da jornalista \u00c9rica Am\u00eandola ser\u00e3o nesta quarta em Ribeir\u00e3o","author":"ismaelcolosi.com.br","date":"30 de April de 2024","format":false,"excerpt":"O corpo da jornalista \u00c9rica Am\u00eandola ser\u00e1 velado nesta quarta-feira (1\u00ba), das 9h30 \u00e0s 13h, no Sal\u00e3o Nobre do Vel\u00f3rio da Saudade, na rua Fl\u00e1vio Uch\u00f4a, 836, no bairro Campos El\u00edseos, zona Norte de Ribeir\u00e3o Preto. Ela morreu nesta ter\u00e7a-feira (30), aos 63 anos, depois de uma luta contra o\u2026","rel":"","context":"In &quot;Not\u00edcias de Ribeir\u00e3o Preto-SP e Regi\u00e3o&quot;","block_context":{"text":"Not\u00edcias de Ribeir\u00e3o Preto-SP e Regi\u00e3o","link":"https:\/\/ismaelcolosi.com.br\/index.php\/category\/noticias-de-ribeirao-preto-sp-e-regiao-ismael-colosi\/"},"img":{"alt_text":"","src":"https:\/\/i0.wp.com\/ismaelcolosi.com.br\/wp-content\/uploads\/2024\/04\/ERICA-AMENDOLA-2_2024-04-30_17-05-40_jpg.webp.webp?fit=1200%2C841&ssl=1&resize=350%2C200","width":350,"height":200,"srcset":"https:\/\/i0.wp.com\/ismaelcolosi.com.br\/wp-content\/uploads\/2024\/04\/ERICA-AMENDOLA-2_2024-04-30_17-05-40_jpg.webp.webp?fit=1200%2C841&ssl=1&resize=350%2C200 1x, https:\/\/i0.wp.com\/ismaelcolosi.com.br\/wp-content\/uploads\/2024\/04\/ERICA-AMENDOLA-2_2024-04-30_17-05-40_jpg.webp.webp?fit=1200%2C841&ssl=1&resize=525%2C300 1.5x, https:\/\/i0.wp.com\/ismaelcolosi.com.br\/wp-content\/uploads\/2024\/04\/ERICA-AMENDOLA-2_2024-04-30_17-05-40_jpg.webp.webp?fit=1200%2C841&ssl=1&resize=700%2C400 2x, https:\/\/i0.wp.com\/ismaelcolosi.com.br\/wp-content\/uploads\/2024\/04\/ERICA-AMENDOLA-2_2024-04-30_17-05-40_jpg.webp.webp?fit=1200%2C841&ssl=1&resize=1050%2C600 3x"},"classes":[]},{"id":56123,"url":"https:\/\/ismaelcolosi.com.br\/index.php\/2024\/07\/09\/idosos-morrem-com-intervalo-de-horas-apos-ficarem-casados-por-70-anos-no-interior-de-sp\/","url_meta":{"origin":13783,"position":1},"title":"Idosos morrem com intervalo de horas ap\u00f3s ficarem casados por 70 anos no interior de SP","author":"ismaelcolosi.com.br","date":"9 de July de 2024","format":false,"excerpt":"Um idoso morreu com diferen\u00e7a de horas do falecimento da mulher, depois de terem permanecido casados por 70 anos em Motuca, cidade no interior de S\u00e3o Paulo. Lourdes Gouvea Figueiredo, de 88 anos, morreu no \u00faltimo domingo (7). O marido, Alcyr Figueiredo, conhecido como Cilo, de 92 anos, faleceu na\u2026","rel":"","context":"In &quot;Not\u00edcias de Ribeir\u00e3o Preto-SP e Regi\u00e3o&quot;","block_context":{"text":"Not\u00edcias de Ribeir\u00e3o Preto-SP e Regi\u00e3o","link":"https:\/\/ismaelcolosi.com.br\/index.php\/category\/noticias-de-ribeirao-preto-sp-e-regiao-ismael-colosi\/"},"img":{"alt_text":"","src":"https:\/\/i0.wp.com\/ismaelcolosi.com.br\/wp-content\/uploads\/2024\/07\/CASAL_2024-07-09_17-11-32_jpg_2024-07-09_17-11-33.webp.webp?fit=1200%2C760&ssl=1&resize=350%2C200","width":350,"height":200,"srcset":"https:\/\/i0.wp.com\/ismaelcolosi.com.br\/wp-content\/uploads\/2024\/07\/CASAL_2024-07-09_17-11-32_jpg_2024-07-09_17-11-33.webp.webp?fit=1200%2C760&ssl=1&resize=350%2C200 1x, https:\/\/i0.wp.com\/ismaelcolosi.com.br\/wp-content\/uploads\/2024\/07\/CASAL_2024-07-09_17-11-32_jpg_2024-07-09_17-11-33.webp.webp?fit=1200%2C760&ssl=1&resize=525%2C300 1.5x, https:\/\/i0.wp.com\/ismaelcolosi.com.br\/wp-content\/uploads\/2024\/07\/CASAL_2024-07-09_17-11-32_jpg_2024-07-09_17-11-33.webp.webp?fit=1200%2C760&ssl=1&resize=700%2C400 2x, https:\/\/i0.wp.com\/ismaelcolosi.com.br\/wp-content\/uploads\/2024\/07\/CASAL_2024-07-09_17-11-32_jpg_2024-07-09_17-11-33.webp.webp?fit=1200%2C760&ssl=1&resize=1050%2C600 3x"},"classes":[]},{"id":50418,"url":"https:\/\/ismaelcolosi.com.br\/index.php\/2024\/05\/16\/morre-o-jornalista-esportivo-antero-greco-aos-69-anos-em-sao-paulo\/","url_meta":{"origin":13783,"position":2},"title":"Morre o jornalista esportivo Antero Greco, aos 69 anos, em S\u00e3o Paulo","author":"ismaelcolosi.com.br","date":"16 de May de 2024","format":false,"excerpt":"Na madrugada desta quinta-feira (16), morreu o jornalista esportivo Antero Greco, aos 69 anos, em S\u00e3o Paulo. Ele estava internado tratando de um tumor no c\u00e9rebro, descoberto em junho de 2022. A informa\u00e7\u00e3o foi divulgada em nota pelo Hospital Benefic\u00eancia Portuguesa, onde estava internado para tratar a doen\u00e7a, e confirmada\u2026","rel":"","context":"In &quot;Not\u00edcias de Ribeir\u00e3o Preto-SP e Regi\u00e3o&quot;","block_context":{"text":"Not\u00edcias de Ribeir\u00e3o Preto-SP e Regi\u00e3o","link":"https:\/\/ismaelcolosi.com.br\/index.php\/category\/noticias-de-ribeirao-preto-sp-e-regiao-ismael-colosi\/"},"img":{"alt_text":"","src":"https:\/\/i0.wp.com\/ismaelcolosi.com.br\/wp-content\/uploads\/2024\/05\/Capturar_2024-05-16_13-12-36_jpg_2024-05-16_13-12-36.webp.webp?fit=918%2C509&ssl=1&resize=350%2C200","width":350,"height":200,"srcset":"https:\/\/i0.wp.com\/ismaelcolosi.com.br\/wp-content\/uploads\/2024\/05\/Capturar_2024-05-16_13-12-36_jpg_2024-05-16_13-12-36.webp.webp?fit=918%2C509&ssl=1&resize=350%2C200 1x, https:\/\/i0.wp.com\/ismaelcolosi.com.br\/wp-content\/uploads\/2024\/05\/Capturar_2024-05-16_13-12-36_jpg_2024-05-16_13-12-36.webp.webp?fit=918%2C509&ssl=1&resize=525%2C300 1.5x, https:\/\/i0.wp.com\/ismaelcolosi.com.br\/wp-content\/uploads\/2024\/05\/Capturar_2024-05-16_13-12-36_jpg_2024-05-16_13-12-36.webp.webp?fit=918%2C509&ssl=1&resize=700%2C400 2x"},"classes":[]},{"id":53076,"url":"https:\/\/ismaelcolosi.com.br\/index.php\/2024\/06\/13\/ribeirao-preto-se-despede-do-professor-e-jornalista-sergio-degrande-junior\/","url_meta":{"origin":13783,"position":3},"title":"Ribeir\u00e3o Preto se despede do professor e jornalista S\u00e9rgio Degrande J\u00fanior","author":"ismaelcolosi.com.br","date":"13 de June de 2024","format":false,"excerpt":"O professor e jornalista S\u00e9rgio Degrande J\u00fanior morreu nesta quinta-feira (12), aos 64 anos, em Ribeir\u00e3o Preto. Ele havia sido acometido por uma anemia e infec\u00e7\u00e3o urin\u00e1ria em abril deste ano. A causa da morte, contudo, n\u00e3o foi informada. O corpo de Degrande est\u00e1 no Vel\u00f3rio Samaritano, na rua Fl\u00e1vio\u2026","rel":"","context":"In &quot;Not\u00edcias de Ribeir\u00e3o Preto-SP e Regi\u00e3o&quot;","block_context":{"text":"Not\u00edcias de Ribeir\u00e3o Preto-SP e Regi\u00e3o","link":"https:\/\/ismaelcolosi.com.br\/index.php\/category\/noticias-de-ribeirao-preto-sp-e-regiao-ismael-colosi\/"},"img":{"alt_text":"","src":"https:\/\/i0.wp.com\/ismaelcolosi.com.br\/wp-content\/uploads\/2024\/06\/SERGIO-DEGRANDE_2024-06-13_13-42-57_jpg_2024-06-13_13-42-58.webp.webp?fit=1200%2C981&ssl=1&resize=350%2C200","width":350,"height":200,"srcset":"https:\/\/i0.wp.com\/ismaelcolosi.com.br\/wp-content\/uploads\/2024\/06\/SERGIO-DEGRANDE_2024-06-13_13-42-57_jpg_2024-06-13_13-42-58.webp.webp?fit=1200%2C981&ssl=1&resize=350%2C200 1x, https:\/\/i0.wp.com\/ismaelcolosi.com.br\/wp-content\/uploads\/2024\/06\/SERGIO-DEGRANDE_2024-06-13_13-42-57_jpg_2024-06-13_13-42-58.webp.webp?fit=1200%2C981&ssl=1&resize=525%2C300 1.5x, https:\/\/i0.wp.com\/ismaelcolosi.com.br\/wp-content\/uploads\/2024\/06\/SERGIO-DEGRANDE_2024-06-13_13-42-57_jpg_2024-06-13_13-42-58.webp.webp?fit=1200%2C981&ssl=1&resize=700%2C400 2x, https:\/\/i0.wp.com\/ismaelcolosi.com.br\/wp-content\/uploads\/2024\/06\/SERGIO-DEGRANDE_2024-06-13_13-42-57_jpg_2024-06-13_13-42-58.webp.webp?fit=1200%2C981&ssl=1&resize=1050%2C600 3x"},"classes":[]},{"id":50466,"url":"https:\/\/ismaelcolosi.com.br\/index.php\/2024\/05\/16\/narrador-esportivo-silvio-luiz-morre-aos-89-anos-em-sao-paulo\/","url_meta":{"origin":13783,"position":4},"title":"Narrador esportivo Silvio Luiz morre aos 89 anos em S\u00e3o Paulo","author":"ismaelcolosi.com.br","date":"16 de May de 2024","format":false,"excerpt":"O narrador esportivo Silvio Luiz morreu nesta quinta-feira (19), aos 89 amos, em S\u00e3o Paulo. Ele foi v\u00edtima de fal\u00eancia de m\u00faltiplos \u00f3rg\u00e3os. Dono de bord\u00f5es marcantes, como \u201cOlho no lance\u201d, \u201cPelas barbas do profeta\u201d e \u201cFoi, foi, foi, foi ele\u2026o craque da camisa n\u00famero\u2026\u201d, Silvio Luiz tamb\u00e9m foi \u00e1rbitro\u2026","rel":"","context":"In &quot;Not\u00edcias de Ribeir\u00e3o Preto-SP e Regi\u00e3o&quot;","block_context":{"text":"Not\u00edcias de Ribeir\u00e3o Preto-SP e Regi\u00e3o","link":"https:\/\/ismaelcolosi.com.br\/index.php\/category\/noticias-de-ribeirao-preto-sp-e-regiao-ismael-colosi\/"},"img":{"alt_text":"","src":"https:\/\/i0.wp.com\/ismaelcolosi.com.br\/wp-content\/uploads\/2024\/05\/WhatsApp-Image-2024-05-16-at-11.05.27_2024-05-16_14-05-49_jpeg_2024-05-16_14-05-49.webp.webp?fit=1200%2C675&ssl=1&resize=350%2C200","width":350,"height":200,"srcset":"https:\/\/i0.wp.com\/ismaelcolosi.com.br\/wp-content\/uploads\/2024\/05\/WhatsApp-Image-2024-05-16-at-11.05.27_2024-05-16_14-05-49_jpeg_2024-05-16_14-05-49.webp.webp?fit=1200%2C675&ssl=1&resize=350%2C200 1x, https:\/\/i0.wp.com\/ismaelcolosi.com.br\/wp-content\/uploads\/2024\/05\/WhatsApp-Image-2024-05-16-at-11.05.27_2024-05-16_14-05-49_jpeg_2024-05-16_14-05-49.webp.webp?fit=1200%2C675&ssl=1&resize=525%2C300 1.5x, https:\/\/i0.wp.com\/ismaelcolosi.com.br\/wp-content\/uploads\/2024\/05\/WhatsApp-Image-2024-05-16-at-11.05.27_2024-05-16_14-05-49_jpeg_2024-05-16_14-05-49.webp.webp?fit=1200%2C675&ssl=1&resize=700%2C400 2x, https:\/\/i0.wp.com\/ismaelcolosi.com.br\/wp-content\/uploads\/2024\/05\/WhatsApp-Image-2024-05-16-at-11.05.27_2024-05-16_14-05-49_jpeg_2024-05-16_14-05-49.webp.webp?fit=1200%2C675&ssl=1&resize=1050%2C600 3x"},"classes":[]},{"id":4878,"url":"https:\/\/ismaelcolosi.com.br\/index.php\/2023\/11\/22\/amigos-e-religiosos-fazem-comovente-despedida-e-homenagem-a-jornalista-gravida-que-perdeu-a-vida-aos-38-anos\/","url_meta":{"origin":13783,"position":5},"title":"Amigos e religiosos fazem comovente despedida e homenagem a jornalista gr\u00e1vida que perdeu a vida aos 38 anos","author":"ismaelcolosi.com.br","date":"22 de November de 2023","format":false,"excerpt":"A comunidade cat\u00f3lica Can\u00e7\u00e3o Nova enfrentou um momento de luto e como\u00e7\u00e3o ap\u00f3s o falecimento precoce da jornalista Elaine Santos, aos 38 anos de idade.Elaine, uma figura querida e respeitada, foi v\u00edtima de uma batalha contra uma pneumonia e uma infec\u00e7\u00e3o generalizada que resultou em sua partida. Ainda mais doloroso\u2026","rel":"","context":"In &quot;Blog&quot;","block_context":{"text":"Blog","link":"https:\/\/ismaelcolosi.com.br\/index.php\/category\/blog\/"},"img":{"alt_text":"","src":"https:\/\/i0.wp.com\/ismaelcolosi.com.br\/wp-content\/uploads\/2023\/11\/postimg-655e1ee5ec8272642.jpg?fit=1200%2C628&ssl=1&resize=350%2C200","width":350,"height":200,"srcset":"https:\/\/i0.wp.com\/ismaelcolosi.com.br\/wp-content\/uploads\/2023\/11\/postimg-655e1ee5ec8272642.jpg?fit=1200%2C628&ssl=1&resize=350%2C200 1x, https:\/\/i0.wp.com\/ismaelcolosi.com.br\/wp-content\/uploads\/2023\/11\/postimg-655e1ee5ec8272642.jpg?fit=1200%2C628&ssl=1&resize=525%2C300 1.5x, https:\/\/i0.wp.com\/ismaelcolosi.com.br\/wp-content\/uploads\/2023\/11\/postimg-655e1ee5ec8272642.jpg?fit=1200%2C628&ssl=1&resize=700%2C400 2x, https:\/\/i0.wp.com\/ismaelcolosi.com.br\/wp-content\/uploads\/2023\/11\/postimg-655e1ee5ec8272642.jpg?fit=1200%2C628&ssl=1&resize=1050%2C600 3x"},"classes":[]}],"jetpack_sharing_enabled":true,"jetpack_shortlink":"https:\/\/wp.me\/pfMlyK-3Aj","_links":{"self":[{"href":"https:\/\/ismaelcolosi.com.br\/index.php\/wp-json\/wp\/v2\/posts\/13783","targetHints":{"allow":["GET"]}}],"collection":[{"href":"https:\/\/ismaelcolosi.com.br\/index.php\/wp-json\/wp\/v2\/posts"}],"about":[{"href":"https:\/\/ismaelcolosi.com.br\/index.php\/wp-json\/wp\/v2\/types\/post"}],"author":[{"embeddable":true,"href":"https:\/\/ismaelcolosi.com.br\/index.php\/wp-json\/wp\/v2\/users\/1"}],"replies":[{"embeddable":true,"href":"https:\/\/ismaelcolosi.com.br\/index.php\/wp-json\/wp\/v2\/comments?post=13783"}],"version-history":[{"count":0,"href":"https:\/\/ismaelcolosi.com.br\/index.php\/wp-json\/wp\/v2\/posts\/13783\/revisions"}],"wp:featuredmedia":[{"embeddable":true,"href":"https:\/\/ismaelcolosi.com.br\/index.php\/wp-json\/wp\/v2\/media\/13784"}],"wp:attachment":[{"href":"https:\/\/ismaelcolosi.com.br\/index.php\/wp-json\/wp\/v2\/media?parent=13783"}],"wp:term":[{"taxonomy":"category","embeddable":true,"href":"https:\/\/ismaelcolosi.com.br\/index.php\/wp-json\/wp\/v2\/categories?post=13783"},{"taxonomy":"post_tag","embeddable":true,"href":"https:\/\/ismaelcolosi.com.br\/index.php\/wp-json\/wp\/v2\/tags?post=13783"}],"curies":[{"name":"wp","href":"https:\/\/api.w.org\/{rel}","templated":true}]}}