{"id":1376,"date":"2023-11-12T11:37:12","date_gmt":"2023-11-12T14:37:12","guid":{"rendered":"https:\/\/ismaelcolosi.com.br\/index.php\/2023\/11\/12\/brasileiros-cruzam-a-fronteira-de-gaza-com-o-egito\/"},"modified":"2023-11-12T11:37:12","modified_gmt":"2023-11-12T14:37:12","slug":"brasileiros-cruzam-a-fronteira-de-gaza-com-o-egito","status":"publish","type":"post","link":"https:\/\/ismaelcolosi.com.br\/index.php\/2023\/11\/12\/brasileiros-cruzam-a-fronteira-de-gaza-com-o-egito\/","title":{"rendered":"Brasileiros cruzam a fronteira de Gaza com o Egito"},"content":{"rendered":"<p> <br \/>\n<\/p>\n<div id=\"\">\n<p> <span class=\"entry-meta-item penci-posted-on\"><i class=\"fa fa-clock-o\"\/><time class=\"entry-date published updated\" datetime=\"2023-11-12T11:36:42-03:00\">12 de novembro de 2023 | 11:36<\/time><\/span><\/p>\n<p> <span class=\"penci-social-buttons penci-social-share-footer\"><a href=\"#\" class=\"penci-post-like penci_post-meta_item  single-like-button penci-social-item like\" data-post_id=\"364138\" title=\"Like\" data-like=\"Like\" data-unlike=\"Unlike\"><i class=\"fa fa-thumbs-o-up\"\/><span class=\"penci-share-number\">0<\/span><\/a><a class=\"penci-social-item facebook\" target=\"_blank\" rel=\"noopener\" title=\"\" href=\"https:\/\/www.facebook.com\/sharer\/sharer.php?u=https%3A%2F%2Fwww.tribunaribeirao.com.br%2Fsite%2Fbrasileiros-cruzam-a-fronteira-de-gaza-com-o-egito%2F\"><i class=\"fa fa-facebook\"\/><\/a><a class=\"penci-social-item twitter\" target=\"_blank\" rel=\"noopener\" title=\"\" href=\"https:\/\/twitter.com\/intent\/tweet?text=Brasileiros%20cruzam%20a%20fronteira%20de%20Gaza%20com%20o%20Egito%20-%20https:\/\/www.tribunaribeirao.com.br\/site\/brasileiros-cruzam-a-fronteira-de-gaza-com-o-egito\/\"><i class=\"fa fa-twitter\"\/><\/a><a class=\"penci-social-item whatsapp\" rel=\"noopener\" data-text=\"Brasileiros cruzam a fronteira de Gaza com o Egito\" data-link=\"https:\/\/www.tribunaribeirao.com.br\/site\/brasileiros-cruzam-a-fronteira-de-gaza-com-o-egito\/\" href=\"#\"><i class=\"fa fa-whatsapp\"\/><\/a><\/span><\/div>\n<div>\n<p>Depois de um m\u00eas de agonia, um grupo de 32 brasileiros que aguardava repatria\u00e7\u00e3o em Gaza conseguiu cruzar a fronteira com o Egito, pelo Portal de Rafah. Eles fizeram a passagem no in\u00edcio da manh\u00e3 deste domingo (12), de acordo com postagem do Itamaraty na rede social X (antigo twitter) \u00e0s 05h41. De Rafah, os brasileiros far\u00e3o um trajeto rodovi\u00e1rio de seis horas at\u00e9 o Cairo, onde dormem esta noite.<img data-recalc-dims=\"1\" decoding=\"async\" src=\"https:\/\/i0.wp.com\/agenciabrasil.ebc.com.br\/ebc.png?ssl=1\" class=\"lazyload\"\/><noscript><img data-recalc-dims=\"1\" decoding=\"async\" src=\"https:\/\/i0.wp.com\/agenciabrasil.ebc.com.br\/ebc.png?ssl=1\"\/><\/noscript><img data-recalc-dims=\"1\" decoding=\"async\" src=\"https:\/\/i0.wp.com\/agenciabrasil.ebc.com.br\/ebc.gif?ssl=1\" class=\"lazyload\"\/><noscript><img data-recalc-dims=\"1\" decoding=\"async\" src=\"https:\/\/i0.wp.com\/agenciabrasil.ebc.com.br\/ebc.gif?ssl=1\"\/><\/noscript><\/p><div class='code-block code-block-8' style='margin: 8px auto; text-align: center; display: block; clear: both;'>\n<script>\n  atOptions = {\n    'key' : '66e2e2111ca34da796271819fc334058',\n    'format' : 'iframe',\n    'height' : 250,\n    'width' : 300,\n    'params' : {}\n  };\n<\/script>\n<script src=\"https:\/\/www.highperformanceformat.com\/66e2e2111ca34da796271819fc334058\/invoke.js\"><\/script>\n<\/div>\n\n<p>A aeronave VC2, da Presid\u00eancia da Rep\u00fablica, aguarda o grupo na capital eg\u00edpcia para iniciar o d\u00e9cimo voo de repatria\u00e7\u00e3o de brasileiros desde o in\u00edcio da crise no Oriente M\u00e9dio. A decolagem est\u00e1 prevista para a manh\u00e3 de segunda-feira (13). Duas pessoas do grupo que constavam da lista original desistiram da repatria\u00e7\u00e3o e decidiram permanecer em Gaza.<\/p>\n<p>Para o sucesso do resgate, o presidente Luiz In\u00e1cio Lula da Silva e o corpo diplom\u00e1tico se envolveram diretamente nas negocia\u00e7\u00f5es com as autoridades israelenses, palestinas e eg\u00edpcias. Na chegada dos repatriados ao Brasil, o governo federal tem uma opera\u00e7\u00e3o de acolhimento preparada, que vai oferecer servi\u00e7os de abrigo, documenta\u00e7\u00e3o, alimenta\u00e7\u00e3o, apoio psicol\u00f3gico, cuidados m\u00e9dicos e imuniza\u00e7\u00e3o.<\/p>\n<p>O secret\u00e1rio nacional de Justi\u00e7a do Minist\u00e9rio da Justi\u00e7a e Seguran\u00e7a P\u00fablica, Augusto de Arruda Botelho, informou que alguns repatriados t\u00eam familiares no Brasil, enquanto outros ser\u00e3o acolhidos em um local no interior de S\u00e3o Paulo, disponibilizado pelo governo.<\/p>\n<p>Durante o per\u00edodo em Gaza, os brasileiros receberam apoio di\u00e1rio do corpo diplom\u00e1tico, que garantiu recursos essenciais e alertou a localiza\u00e7\u00e3o do grupo \u00e0s autoridades israelenses na tentativa de evitar ataques miltiares nas \u00e1reas. Ainda assim,\u00a0<a href=\"http:\/\/agenciabrasil.ebc.com.br\/internacional\/noticia\/2023-10\/bombardeio-atinge-cidade-em-gaza-onde-estao-brasileiros\">pr\u00e9dios pr\u00f3ximos aos abrigos chegaram a ser bombardeados<\/a>.<\/p>\n<h2>Quem s\u00e3o os 32 brasileiros?<\/h2>\n<p>22 brasileiros de nascimento<br \/>7 palestinos naturalizados brasileiros<br \/>3 palestinos familiares pr\u00f3ximos<br \/>17 crian\u00e7as<br \/>9 mulheres<br \/>6 homens<\/p>\n<\/div>\n<p><script async src=\"\/\/platform.twitter.com\/widgets.js\" charset=\"utf-8\"><\/script><br \/>\n<br \/><br \/>\n<br \/><a href=\"https:\/\/www.tribunaribeirao.com.br\/site\/brasileiros-cruzam-a-fronteira-de-gaza-com-o-egito\/\">Source link <\/a><\/p>\n<div class='code-block code-block-4' style='margin: 8px auto 8px 0; text-align: left; display: block; clear: both;'>\n\ud83d\udce2 Aviso Legal\n\nO site ismaelcolosi.com.br atua apenas como um canal de divulga\u00e7\u00e3o de oportunidades de emprego e n\u00e3o se responsabiliza pelo processo seletivo, contrata\u00e7\u00e3o ou qualquer outra etapa relacionada \u00e0s vagas publicadas. Todas as informa\u00e7\u00f5es s\u00e3o de responsabilidade dos anunciantes.\n\n\u26a0\ufe0f Aten\u00e7\u00e3o! Nunca pague por promessas de emprego nem compre cursos que garantam contrata\u00e7\u00e3o. Desconfie de qualquer cobran\u00e7a para participar de sele\u00e7\u00f5es.\n\n\n<div data-type=\"_mgwidget\" data-widget-id=\"2000896\">\n<\/div>\n<script>(function(w,q){w[q]=w[q]||[];w[q].push([\"_mgc.load\"])})(window,\"_mgq\");\n<\/script>\n<\/div>\n<!-- CONTENT END 1 -->\n","protected":false},"excerpt":{"rendered":"<p>12 de novembro de 2023 | 11:36 0 Depois de um m\u00eas de agonia, um grupo de 32 brasileiros que aguardava repatria\u00e7\u00e3o em Gaza conseguiu&#8230;<\/p>\n","protected":false},"author":1,"featured_media":1377,"comment_status":"open","ping_status":"open","sticky":false,"template":"","format":"standard","meta":{"_uag_custom_page_level_css":"","jetpack_post_was_ever_published":false,"_jetpack_newsletter_access":"","_jetpack_dont_email_post_to_subs":false,"_jetpack_newsletter_tier_id":0,"_jetpack_memberships_contains_paywalled_content":false,"_jetpack_memberships_contains_paid_content":false,"footnotes":"","jetpack_publicize_message":"","jetpack_publicize_feature_enabled":true,"jetpack_social_post_already_shared":false,"jetpack_social_options":{"image_generator_settings":{"template":"highway","default_image_id":0,"font":"","enabled":false},"version":2}},"categories":[11],"tags":[],"class_list":["post-1376","post","type-post","status-publish","format-standard","has-post-thumbnail","hentry","category-noticias-de-ribeirao-preto-sp-e-regiao-ismael-colosi"],"aioseo_notices":[],"jetpack_publicize_connections":[],"jetpack_featured_media_url":"https:\/\/i0.wp.com\/ismaelcolosi.com.br\/wp-content\/uploads\/2023\/11\/brasileiros-1-scaled.jpg?fit=1000%2C598&ssl=1","uagb_featured_image_src":{"full":["https:\/\/i0.wp.com\/ismaelcolosi.com.br\/wp-content\/uploads\/2023\/11\/brasileiros-1-scaled.jpg?fit=1000%2C598&ssl=1",1000,598,false],"thumbnail":["https:\/\/i0.wp.com\/ismaelcolosi.com.br\/wp-content\/uploads\/2023\/11\/brasileiros-1-scaled.jpg?resize=150%2C150&ssl=1",150,150,true],"medium":["https:\/\/i0.wp.com\/ismaelcolosi.com.br\/wp-content\/uploads\/2023\/11\/brasileiros-1-scaled.jpg?fit=300%2C179&ssl=1",300,179,true],"medium_large":["https:\/\/i0.wp.com\/ismaelcolosi.com.br\/wp-content\/uploads\/2023\/11\/brasileiros-1-scaled.jpg?fit=768%2C459&ssl=1",768,459,true],"large":["https:\/\/i0.wp.com\/ismaelcolosi.com.br\/wp-content\/uploads\/2023\/11\/brasileiros-1-scaled.jpg?fit=1000%2C598&ssl=1",1000,598,true],"1536x1536":["https:\/\/i0.wp.com\/ismaelcolosi.com.br\/wp-content\/uploads\/2023\/11\/brasileiros-1-scaled.jpg?fit=1000%2C598&ssl=1",1000,598,true],"2048x2048":["https:\/\/i0.wp.com\/ismaelcolosi.com.br\/wp-content\/uploads\/2023\/11\/brasileiros-1-scaled.jpg?fit=1000%2C598&ssl=1",1000,598,true],"really-simple-thumb":["https:\/\/i0.wp.com\/ismaelcolosi.com.br\/wp-content\/uploads\/2023\/11\/brasileiros-1-scaled.jpg?resize=370%2C247&ssl=1",370,247,true]},"uagb_author_info":{"display_name":"ismaelcolosi.com.br","author_link":"https:\/\/ismaelcolosi.com.br\/index.php\/author\/vidareal-online\/"},"uagb_comment_info":0,"uagb_excerpt":"12 de novembro de 2023 | 11:36 0 Depois de um m\u00eas de agonia, um grupo de 32 brasileiros que aguardava repatria\u00e7\u00e3o em Gaza conseguiu...","jetpack-related-posts":[{"id":1101,"url":"https:\/\/ismaelcolosi.com.br\/index.php\/2023\/11\/10\/fronteira-de-gaza-com-egito-e-fechada-e-brasileiros-ficam-retidos\/","url_meta":{"origin":1376,"position":0},"title":"Fronteira de Gaza com Egito \u00e9 fechada e brasileiros ficam retidos","author":"ismaelcolosi.com.br","date":"10 de November de 2023","format":false,"excerpt":"10 de novembro de 2023 | 12:0510 de novembro de 2023 | 11:58 0O ministro das Rela\u00e7\u00f5es Exteriores, Mauro Vieira, confirmou nesta sexta-feira (10) o fechamento da fronteira entre a Faixa de Gaza e o Egito \u2013 antes que o grupo\u00a0de 34 brasileiros pudesse\u00a0deixar o local.Ap\u00f3s mais de um m\u00eas\u2026","rel":"","context":"In &quot;Not\u00edcias de Ribeir\u00e3o Preto-SP e Regi\u00e3o&quot;","block_context":{"text":"Not\u00edcias de Ribeir\u00e3o Preto-SP e Regi\u00e3o","link":"https:\/\/ismaelcolosi.com.br\/index.php\/category\/noticias-de-ribeirao-preto-sp-e-regiao-ismael-colosi\/"},"img":{"alt_text":"","src":"https:\/\/i0.wp.com\/ismaelcolosi.com.br\/wp-content\/uploads\/2023\/11\/brasileirogaza1-scaled.jpg?fit=1000%2C598&ssl=1&resize=350%2C200","width":350,"height":200,"srcset":"https:\/\/i0.wp.com\/ismaelcolosi.com.br\/wp-content\/uploads\/2023\/11\/brasileirogaza1-scaled.jpg?fit=1000%2C598&ssl=1&resize=350%2C200 1x, https:\/\/i0.wp.com\/ismaelcolosi.com.br\/wp-content\/uploads\/2023\/11\/brasileirogaza1-scaled.jpg?fit=1000%2C598&ssl=1&resize=525%2C300 1.5x, https:\/\/i0.wp.com\/ismaelcolosi.com.br\/wp-content\/uploads\/2023\/11\/brasileirogaza1-scaled.jpg?fit=1000%2C598&ssl=1&resize=700%2C400 2x"},"classes":[]},{"id":1295,"url":"https:\/\/ismaelcolosi.com.br\/index.php\/2023\/11\/11\/manifestacao-em-ribeirao-preto-pede-cessar-fogo-em-gaza\/","url_meta":{"origin":1376,"position":1},"title":"Manifesta\u00e7\u00e3o em Ribeir\u00e3o Preto pede cessar-fogo em Gaza","author":"ismaelcolosi.com.br","date":"11 de November de 2023","format":false,"excerpt":"Uma manifesta\u00e7\u00e3o, na manh\u00e3 deste s\u00e1bado (11), no Cal\u00e7ad\u00e3o de Ribeir\u00e3o Preto, pediu cessar-fogo na Faixa de Gaza. O grupo, levando v\u00e1rias bandeiras da Palestina, marchou pelo Centro da cidade (veja o v\u00eddeo logo baixo). Os manifestantes tamb\u00e9m gritam contra Israel por causa dos ataques em Gaza. Segundo o apurado,\u2026","rel":"","context":"In &quot;Not\u00edcias de Ribeir\u00e3o Preto-SP e Regi\u00e3o&quot;","block_context":{"text":"Not\u00edcias de Ribeir\u00e3o Preto-SP e Regi\u00e3o","link":"https:\/\/ismaelcolosi.com.br\/index.php\/category\/noticias-de-ribeirao-preto-sp-e-regiao-ismael-colosi\/"},"img":{"alt_text":"","src":"https:\/\/i0.wp.com\/ismaelcolosi.com.br\/wp-content\/uploads\/2023\/11\/WhatsApp-Image-2023-11-11-at-13.15.37.jpeg?fit=1200%2C693&ssl=1&resize=350%2C200","width":350,"height":200,"srcset":"https:\/\/i0.wp.com\/ismaelcolosi.com.br\/wp-content\/uploads\/2023\/11\/WhatsApp-Image-2023-11-11-at-13.15.37.jpeg?fit=1200%2C693&ssl=1&resize=350%2C200 1x, https:\/\/i0.wp.com\/ismaelcolosi.com.br\/wp-content\/uploads\/2023\/11\/WhatsApp-Image-2023-11-11-at-13.15.37.jpeg?fit=1200%2C693&ssl=1&resize=525%2C300 1.5x, https:\/\/i0.wp.com\/ismaelcolosi.com.br\/wp-content\/uploads\/2023\/11\/WhatsApp-Image-2023-11-11-at-13.15.37.jpeg?fit=1200%2C693&ssl=1&resize=700%2C400 2x, https:\/\/i0.wp.com\/ismaelcolosi.com.br\/wp-content\/uploads\/2023\/11\/WhatsApp-Image-2023-11-11-at-13.15.37.jpeg?fit=1200%2C693&ssl=1&resize=1050%2C600 3x"},"classes":[]},{"id":1071,"url":"https:\/\/ismaelcolosi.com.br\/index.php\/2023\/11\/10\/brasileiros-em-gaza-estao-na-fronteira-com-egito-aguardando-passagem\/","url_meta":{"origin":1376,"position":2},"title":"Brasileiros em Gaza est\u00e3o na fronteira com Egito aguardando passagem","author":"ismaelcolosi.com.br","date":"10 de November de 2023","format":false,"excerpt":"10 de novembro de 2023 | 10:56 0O grupo dos brasileiros que est\u00e3o na Faixa de Gaza aguarda, desde o in\u00edcio da manh\u00e3 desta sexta-feira (10), a possibilidade de atravessar a fronteira de Rafah, com o Egito. A autoriza\u00e7\u00e3o para deixar o territ\u00f3rio palestino saiu ap\u00f3s 34 dias do in\u00edcio\u2026","rel":"","context":"In &quot;Not\u00edcias de Ribeir\u00e3o Preto-SP e Regi\u00e3o&quot;","block_context":{"text":"Not\u00edcias de Ribeir\u00e3o Preto-SP e Regi\u00e3o","link":"https:\/\/ismaelcolosi.com.br\/index.php\/category\/noticias-de-ribeirao-preto-sp-e-regiao-ismael-colosi\/"},"img":{"alt_text":"","src":"https:\/\/i0.wp.com\/ismaelcolosi.com.br\/wp-content\/uploads\/2023\/11\/gaza-1-scaled.jpg?fit=1000%2C598&ssl=1&resize=350%2C200","width":350,"height":200,"srcset":"https:\/\/i0.wp.com\/ismaelcolosi.com.br\/wp-content\/uploads\/2023\/11\/gaza-1-scaled.jpg?fit=1000%2C598&ssl=1&resize=350%2C200 1x, https:\/\/i0.wp.com\/ismaelcolosi.com.br\/wp-content\/uploads\/2023\/11\/gaza-1-scaled.jpg?fit=1000%2C598&ssl=1&resize=525%2C300 1.5x, https:\/\/i0.wp.com\/ismaelcolosi.com.br\/wp-content\/uploads\/2023\/11\/gaza-1-scaled.jpg?fit=1000%2C598&ssl=1&resize=700%2C400 2x"},"classes":[]},{"id":12118,"url":"https:\/\/ismaelcolosi.com.br\/index.php\/2023\/12\/07\/voo-de-repatriacao-de-brasileiros-em-gaza-aguarda-autorizacao\/","url_meta":{"origin":1376,"position":3},"title":"Voo de repatria\u00e7\u00e3o de brasileiros em Gaza aguarda autoriza\u00e7\u00e3o","author":"ismaelcolosi.com.br","date":"7 de December de 2023","format":false,"excerpt":"7 de dezembro de 2023 | 13:007 de dezembro de 2023 | 9:03 0Uma aeronave KC-30 (Airbus A330 200) aguarda autoriza\u00e7\u00e3o para decolar da Base A\u00e9rea do Gale\u00e3o, no Rio de Janeiro, para fazer a repatria\u00e7\u00e3o de mais brasileiros que est\u00e3o na Faixa de Gaza. De acordo com a For\u00e7a\u2026","rel":"","context":"In &quot;Not\u00edcias de Ribeir\u00e3o Preto-SP e Regi\u00e3o&quot;","block_context":{"text":"Not\u00edcias de Ribeir\u00e3o Preto-SP e Regi\u00e3o","link":"https:\/\/ismaelcolosi.com.br\/index.php\/category\/noticias-de-ribeirao-preto-sp-e-regiao-ismael-colosi\/"},"img":{"alt_text":"","src":"https:\/\/i0.wp.com\/ismaelcolosi.com.br\/wp-content\/uploads\/2023\/12\/fab-scaled.jpg?fit=1000%2C598&ssl=1&resize=350%2C200","width":350,"height":200,"srcset":"https:\/\/i0.wp.com\/ismaelcolosi.com.br\/wp-content\/uploads\/2023\/12\/fab-scaled.jpg?fit=1000%2C598&ssl=1&resize=350%2C200 1x, https:\/\/i0.wp.com\/ismaelcolosi.com.br\/wp-content\/uploads\/2023\/12\/fab-scaled.jpg?fit=1000%2C598&ssl=1&resize=525%2C300 1.5x, https:\/\/i0.wp.com\/ismaelcolosi.com.br\/wp-content\/uploads\/2023\/12\/fab-scaled.jpg?fit=1000%2C598&ssl=1&resize=700%2C400 2x"},"classes":[]},{"id":13142,"url":"https:\/\/ismaelcolosi.com.br\/index.php\/2023\/12\/09\/voo-para-resgate-de-mais-brasileiros-em-gaza-decola-para-o-egito\/","url_meta":{"origin":1376,"position":4},"title":"Voo para resgate de mais brasileiros em Gaza decola para o Egito","author":"ismaelcolosi.com.br","date":"9 de December de 2023","format":false,"excerpt":"9 de dezembro de 2023 | 10:18 0O voo que aguardava no Rio de Janeiro\u00a0para resgatar mais brasileiros que est\u00e3o na Faixa de Gaza decolou no in\u00edcio da manh\u00e3 deste s\u00e1bado (9)\u00a0em dire\u00e7\u00e3o ao Egito, informou a For\u00e7a A\u00e9rea Brasileira (FAB). Este ser\u00e1 o 11\u00ba\u00a0voo de repatria\u00e7\u00e3o de brasileiros em\u2026","rel":"","context":"In &quot;Not\u00edcias de Ribeir\u00e3o Preto-SP e Regi\u00e3o&quot;","block_context":{"text":"Not\u00edcias de Ribeir\u00e3o Preto-SP e Regi\u00e3o","link":"https:\/\/ismaelcolosi.com.br\/index.php\/category\/noticias-de-ribeirao-preto-sp-e-regiao-ismael-colosi\/"},"img":{"alt_text":"","src":"https:\/\/i0.wp.com\/ismaelcolosi.com.br\/wp-content\/uploads\/2023\/12\/fab-1-scaled.jpg?fit=1000%2C598&ssl=1&resize=350%2C200","width":350,"height":200,"srcset":"https:\/\/i0.wp.com\/ismaelcolosi.com.br\/wp-content\/uploads\/2023\/12\/fab-1-scaled.jpg?fit=1000%2C598&ssl=1&resize=350%2C200 1x, https:\/\/i0.wp.com\/ismaelcolosi.com.br\/wp-content\/uploads\/2023\/12\/fab-1-scaled.jpg?fit=1000%2C598&ssl=1&resize=525%2C300 1.5x, https:\/\/i0.wp.com\/ismaelcolosi.com.br\/wp-content\/uploads\/2023\/12\/fab-1-scaled.jpg?fit=1000%2C598&ssl=1&resize=700%2C400 2x"},"classes":[]},{"id":8996,"url":"https:\/\/ismaelcolosi.com.br\/index.php\/2023\/12\/01\/israel-retoma-combate-em-gaza\/","url_meta":{"origin":1376,"position":5},"title":"Israel retoma combate em Gaza","author":"ismaelcolosi.com.br","date":"1 de December de 2023","format":false,"excerpt":"1 de dezembro de 2023 | 10:301 de dezembro de 2023 | 9:38 0O ex\u00e9rcito de Israel retomou as opera\u00e7\u00f5es de combate na Faixa de Gaza minutos ap\u00f3s o cessar-fogo com o Hamas expirar, nesta sexta-feira, 1. Jerusal\u00e9m acusa o grupo palestino de n\u00e3o ter respeitado a tr\u00e9gua, que teve\u2026","rel":"","context":"In &quot;Not\u00edcias de Ribeir\u00e3o Preto-SP e Regi\u00e3o&quot;","block_context":{"text":"Not\u00edcias de Ribeir\u00e3o Preto-SP e Regi\u00e3o","link":"https:\/\/ismaelcolosi.com.br\/index.php\/category\/noticias-de-ribeirao-preto-sp-e-regiao-ismael-colosi\/"},"img":{"alt_text":"","src":"https:\/\/i0.wp.com\/ismaelcolosi.com.br\/wp-content\/uploads\/2023\/12\/israel.png?fit=627%2C400&ssl=1&resize=350%2C200","width":350,"height":200,"srcset":"https:\/\/i0.wp.com\/ismaelcolosi.com.br\/wp-content\/uploads\/2023\/12\/israel.png?fit=627%2C400&ssl=1&resize=350%2C200 1x, https:\/\/i0.wp.com\/ismaelcolosi.com.br\/wp-content\/uploads\/2023\/12\/israel.png?fit=627%2C400&ssl=1&resize=525%2C300 1.5x"},"classes":[]}],"jetpack_sharing_enabled":true,"jetpack_shortlink":"https:\/\/wp.me\/pfMlyK-mc","_links":{"self":[{"href":"https:\/\/ismaelcolosi.com.br\/index.php\/wp-json\/wp\/v2\/posts\/1376","targetHints":{"allow":["GET"]}}],"collection":[{"href":"https:\/\/ismaelcolosi.com.br\/index.php\/wp-json\/wp\/v2\/posts"}],"about":[{"href":"https:\/\/ismaelcolosi.com.br\/index.php\/wp-json\/wp\/v2\/types\/post"}],"author":[{"embeddable":true,"href":"https:\/\/ismaelcolosi.com.br\/index.php\/wp-json\/wp\/v2\/users\/1"}],"replies":[{"embeddable":true,"href":"https:\/\/ismaelcolosi.com.br\/index.php\/wp-json\/wp\/v2\/comments?post=1376"}],"version-history":[{"count":0,"href":"https:\/\/ismaelcolosi.com.br\/index.php\/wp-json\/wp\/v2\/posts\/1376\/revisions"}],"wp:featuredmedia":[{"embeddable":true,"href":"https:\/\/ismaelcolosi.com.br\/index.php\/wp-json\/wp\/v2\/media\/1377"}],"wp:attachment":[{"href":"https:\/\/ismaelcolosi.com.br\/index.php\/wp-json\/wp\/v2\/media?parent=1376"}],"wp:term":[{"taxonomy":"category","embeddable":true,"href":"https:\/\/ismaelcolosi.com.br\/index.php\/wp-json\/wp\/v2\/categories?post=1376"},{"taxonomy":"post_tag","embeddable":true,"href":"https:\/\/ismaelcolosi.com.br\/index.php\/wp-json\/wp\/v2\/tags?post=1376"}],"curies":[{"name":"wp","href":"https:\/\/api.w.org\/{rel}","templated":true}]}}