{"id":1374,"date":"2023-11-12T11:00:48","date_gmt":"2023-11-12T14:00:48","guid":{"rendered":"https:\/\/ismaelcolosi.com.br\/index.php\/2023\/11\/12\/cor-da-pele-e-dificuldades-financeiras-pioram-saude-mental\/"},"modified":"2023-11-12T11:00:48","modified_gmt":"2023-11-12T14:00:48","slug":"cor-da-pele-e-dificuldades-financeiras-pioram-saude-mental","status":"publish","type":"post","link":"https:\/\/ismaelcolosi.com.br\/index.php\/2023\/11\/12\/cor-da-pele-e-dificuldades-financeiras-pioram-saude-mental\/","title":{"rendered":"Cor da pele e dificuldades financeiras pioram sa\u00fade mental"},"content":{"rendered":"<p> <br \/>\n<\/p>\n<div>\n<figure id=\"attachment_364092\" aria-describedby=\"caption-attachment-364092\" style=\"width: 225px\" class=\"wp-caption alignleft\"><img data-recalc-dims=\"1\" loading=\"lazy\" decoding=\"async\" alt=\"\" width=\"225\" height=\"300\" srcset=\"https:\/\/www.tribunaribeirao.com.br\/site\/wp-content\/uploads\/2023\/11\/Fernanda-e-cristina-225x300.jpg 225w, https:\/\/www.tribunaribeirao.com.br\/site\/wp-content\/uploads\/2023\/11\/Fernanda-e-cristina-300x400.jpg 300w, https:\/\/www.tribunaribeirao.com.br\/site\/wp-content\/uploads\/2023\/11\/Fernanda-e-cristina.jpg 315w\" src=\"https:\/\/i0.wp.com\/www.tribunaribeirao.com.br\/site\/wp-content\/uploads\/2023\/11\/Fernanda-e-cristina-225x300.jpg?resize=225%2C300&#038;ssl=1\" data-sizes=\"(max-width: 225px) 100vw, 225px\" class=\"wp-image-364092 size-medium lazyload\"\/><noscript><img data-recalc-dims=\"1\" loading=\"lazy\" decoding=\"async\" class=\"wp-image-364092 size-medium\" src=\"https:\/\/i0.wp.com\/www.tribunaribeirao.com.br\/site\/wp-content\/uploads\/2023\/11\/Fernanda-e-cristina-225x300.jpg?resize=225%2C300&#038;ssl=1\" alt=\"\" width=\"225\" height=\"300\" srcset=\"https:\/\/www.tribunaribeirao.com.br\/site\/wp-content\/uploads\/2023\/11\/Fernanda-e-cristina-225x300.jpg 225w, https:\/\/www.tribunaribeirao.com.br\/site\/wp-content\/uploads\/2023\/11\/Fernanda-e-cristina-300x400.jpg 300w, https:\/\/www.tribunaribeirao.com.br\/site\/wp-content\/uploads\/2023\/11\/Fernanda-e-cristina.jpg 315w\" sizes=\"auto, (max-width: 225px) 100vw, 225px\"\/><\/noscript><figcaption id=\"caption-attachment-364092\" class=\"wp-caption-text\">Pesquisa de Fernanda teve orienta\u00e7\u00e3o da professora Cristina Marta Del-Ben (Reprodu\u00e7\u00e3o)<\/figcaption><\/figure>\n<p><b><span data-contrast=\"none\">Adriana Dorazi \u2013 especial para o Tribuna Ribeir\u00e3o<\/span><\/b><br \/><i><span data-contrast=\"none\">*com informa\u00e7\u00f5es do Jornal da USP<\/span><\/i><\/p>\n<p><span data-contrast=\"none\">Pessoas que se autodeclaram negras e que convivem com as adversidades sociais est\u00e3o mais sujeitas a desenvolverem um primeiro epis\u00f3dio de psicose na cidade de Ribeir\u00e3o Preto e regi\u00e3o. A constata\u00e7\u00e3o faz parte de um estudo de mestrado que relaciona a cor de pele e adversidades sociais como fator de risco para as psicoses.<\/span><\/p><div class='code-block code-block-8' style='margin: 8px auto; text-align: center; display: block; clear: both;'>\n<script>\n  atOptions = {\n    'key' : '66e2e2111ca34da796271819fc334058',\n    'format' : 'iframe',\n    'height' : 250,\n    'width' : 300,\n    'params' : {}\n  };\n<\/script>\n<script src=\"https:\/\/www.highperformanceformat.com\/66e2e2111ca34da796271819fc334058\/invoke.js\"><\/script>\n<\/div>\n\n<p><span data-contrast=\"none\">De autoria da m\u00e9dica psiquiatra Fernanda Naira Zambelli Ramalho, a pesquisa se baseia em um universo de 197 pessoas diagnosticadas com um quadro de primeiro epis\u00f3dio psic\u00f3tico no qual 49,8% (98) se autodeclararam como n\u00e3o brancas.\u00a0<\/span><span data-ccp-props=\"{&quot;134233117&quot;:false,&quot;134233118&quot;:false,&quot;201341983&quot;:0,&quot;335559738&quot;:0,&quot;335559739&quot;:200,&quot;335559740&quot;:240}\">\u00a0<\/span><\/p>\n<p><span data-contrast=\"none\">\u201cNo nosso estudo tivemos o grupo controle composto de 302 pessoas saud\u00e1veis, n\u00e3o diagnosticadas com o problema. Dentre elas, 68,5% (207) se autodeclararam brancas e 31,5% (95) n\u00e3o brancas\u201d, diz Fernanda, que desenvolveu sua pesquisa no Programa de Mestrado Profissional da Faculdade de Medicina de da USP\/RP sob a orienta\u00e7\u00e3o da professora Cristina Marta Del-Ben.<\/span><\/p>\n<p><span data-contrast=\"none\">Fernanda conta que foi detectada maior incid\u00eancia de psicose nos munic\u00edpios menores que ficam nos arredores da cidade de Ribeir\u00e3o Preto. Ao todo, o estudo envolveu outras 25 cidades menores da regi\u00e3o, compreendendo \u00e1rea de 9.300 quil\u00f4metros quadrados (km2) e popula\u00e7\u00e3o de aproximadamente 1,3 milh\u00e3o de pessoas.\u00a0<\/span><span data-ccp-props=\"{&quot;134233117&quot;:false,&quot;134233118&quot;:false,&quot;201341983&quot;:0,&quot;335559738&quot;:0,&quot;335559739&quot;:200,&quot;335559740&quot;:240}\">\u00a0<\/span><\/p>\n<p><span data-contrast=\"none\">\u201cFica claro que o desenvolvimento socioecon\u00f4mico \u00e9 fator de risco, visto que os munic\u00edpios analisados possuem piores indicadores socioecon\u00f4micos em rela\u00e7\u00e3o \u00e0 RP\u201d, analisa a m\u00e9dica.\u00a0<\/span><span data-ccp-props=\"{&quot;134233117&quot;:false,&quot;134233118&quot;:false,&quot;201341983&quot;:0,&quot;335559738&quot;:0,&quot;335559739&quot;:200,&quot;335559740&quot;:240}\">\u00a0<\/span><\/p>\n<p><span data-contrast=\"none\">Os munic\u00edpios analisados, em sua maioria, t\u00eam as atividades rurais e agr\u00edcolas como principal fonte de renda. O levantamento de dados foi realizado entre os anos de 2012 e 2015.<\/span><\/p>\n<p><b><span data-contrast=\"none\">Question\u00e1rios<\/span><\/b><br \/><span data-contrast=\"none\">Para o levantamento e an\u00e1lise dos dados e com o consentimento de todos os participantes e respons\u00e1veis, os pesquisadores aplicaram question\u00e1rios aos pacientes que eram atendidos via ambulat\u00f3rios, pronto-atendimentos e enfermarias. \u201cA medida de vulnerabilidade social utilizada foi o \u00edndice de desvantagem social, que foi calculado pela somat\u00f3ria de indicadores sociodemogr\u00e1ficos como escolaridade, situa\u00e7\u00e3o empregat\u00edcia, estado civil e apoio social\u201d, descreve a m\u00e9dica psiquiatra.<\/span><\/p>\n<p><span data-contrast=\"none\">Segundo a pesquisadora, cerca de 22% do risco aumentado de psicose na popula\u00e7\u00e3o negra (ou n\u00e3o branca) pode ser explicado pela desvantagem social. \u201cOs outros cerca de 80% correspondem a fatores ambientais e gen\u00e9ticos, sendo eles alvos de investiga\u00e7\u00e3o intensa do nosso grupo de pesquisa coordenado pela professora Cristina Del-Ben\u201d, aponta Fernanda.<\/span><\/p>\n<p><span data-contrast=\"none\">O tratamento b\u00e1sico para um primeiro surto de psicose consiste em medica\u00e7\u00f5es antipsic\u00f3ticas. \u201c\u00c9 tamb\u00e9m recomend\u00e1vel que se tomem medidas socioeducativas de psicoeduca\u00e7\u00e3o junto \u00e0s fam\u00edlias para que se combata o estigma do diagn\u00f3stico psiqui\u00e1trico e se tenha regularidade na administra\u00e7\u00e3o das medica\u00e7\u00f5es e nas consultas de reavalia\u00e7\u00e3o m\u00e9dica peri\u00f3dica \u201d, recomenda Fernanda. \u201cE o n\u00e3o tratamento adequado para o primeiro surto de psicose pode ocasionar a piora progressiva dos sintomas e a falha da resposta \u00e0 medica\u00e7\u00e3o, levando at\u00e9 a consequ\u00eancias sociais, pois pode colocar em perigo a pr\u00f3pria pessoa ou terceiros, devido ao risco de epis\u00f3dios de agressividade e agita\u00e7\u00e3o psicomotora quando o quadro n\u00e3o \u00e9 tratado.\u201d<\/span><\/p>\n<p><b><span data-contrast=\"none\">Identificando a doen\u00e7a<\/span><\/b><br \/><span data-contrast=\"none\">Como explica Fernanda, a psicose pode ser identificada quando o paciente apresenta sintomas como alucina\u00e7\u00f5es, del\u00edrios e comportamento e fala desorganizados. Ocorre mais comumente entre as idades de 15 e 30 anos e pode ser precedida por sinais sutis na inf\u00e2ncia. Ela pode evoluir para sintomas mais graves como agressividade, agita\u00e7\u00e3o psicomotora e tentativas de suic\u00eddio. Al\u00e9m disso, pode acarretar comprometimento funcional de forma cr\u00f4nica.<\/span><\/p>\n<p><b><span data-contrast=\"none\">As dificuldades<\/span><\/b><br \/><span data-contrast=\"none\">O estudo de Fernanda tamb\u00e9m mostra as principais dificuldades para que tais situa\u00e7\u00f5es sejam amenizadas. H\u00e1 a falta de contrata\u00e7\u00e3o de profissionais habilitados nas unidades de atendimento e, por conta disso, os pacientes chegam a esperar entre tr\u00eas e quatro meses para serem atendidos. \u201cIsso sem contar que os medicamentos, no caso os antipsic\u00f3ticos, s\u00e3o fornecidos pelas farm\u00e1cias de alto custo e frequentemente est\u00e3o em falta na rede p\u00fablica\u201d, destaca Fernanda.<\/span><\/p>\n<p><span data-contrast=\"none\">O estudo da m\u00e9dica psiquiatra foi realizado num grupo de pesquisa que \u00e9 coordenado pela sua orientadora, professora Cristina Del-Ben. O estudo, como informa Fernanda, integrou um cons\u00f3rcio multic\u00eantrico internacional de pesquisa em esquizofrenia e outras psicoses denominado EU-GEI (European Network of National Schizophrenia Networks Studying Gene-Environment Interactions), cujo objetivo \u00e9 investigar a etiologia, mecanismos e progn\u00f3stico da esquizofrenia e outros transtornos psic\u00f3ticos. \u201cO cons\u00f3rcio envolve 17 centros de pesquisas em seis pa\u00edses: Espanha, Fran\u00e7a, Holanda, Inglaterra, It\u00e1lia e Brasil, que \u00e9 representado pela FMRP\u201d, descreve Fernanda.\u202f<\/span><\/p>\n<p><span data-ccp-props=\"{&quot;134233117&quot;:false,&quot;134233118&quot;:false,&quot;201341983&quot;:0,&quot;335559738&quot;:0,&quot;335559739&quot;:200,&quot;335559740&quot;:240}\">\u00a0<\/span><\/p>\n<p><span data-ccp-props=\"{&quot;134233117&quot;:false,&quot;134233118&quot;:false,&quot;201341983&quot;:0,&quot;335559738&quot;:0,&quot;335559739&quot;:200,&quot;335559740&quot;:240}\">\u00a0<\/span><\/p>\n<\/div>\n<p><br \/>\n<br \/><a href=\"https:\/\/www.tribunaribeirao.com.br\/site\/cor-da-pele-e-dificuldades-financeiras-pioram-saude-mental\/\">Source link <\/a><\/p>\n<div class='code-block code-block-4' style='margin: 8px auto 8px 0; text-align: left; display: block; clear: both;'>\n\ud83d\udce2 Aviso Legal\n\nO site ismaelcolosi.com.br atua apenas como um canal de divulga\u00e7\u00e3o de oportunidades de emprego e n\u00e3o se responsabiliza pelo processo seletivo, contrata\u00e7\u00e3o ou qualquer outra etapa relacionada \u00e0s vagas publicadas. Todas as informa\u00e7\u00f5es s\u00e3o de responsabilidade dos anunciantes.\n\n\u26a0\ufe0f Aten\u00e7\u00e3o! Nunca pague por promessas de emprego nem compre cursos que garantam contrata\u00e7\u00e3o. Desconfie de qualquer cobran\u00e7a para participar de sele\u00e7\u00f5es.\n\n\n<div data-type=\"_mgwidget\" data-widget-id=\"2000896\">\n<\/div>\n<script>(function(w,q){w[q]=w[q]||[];w[q].push([\"_mgc.load\"])})(window,\"_mgq\");\n<\/script>\n<\/div>\n<!-- CONTENT END 1 -->\n","protected":false},"excerpt":{"rendered":"<p>Pesquisa de Fernanda teve orienta\u00e7\u00e3o da professora Cristina Marta Del-Ben (Reprodu\u00e7\u00e3o) Adriana Dorazi \u2013 especial para o Tribuna Ribeir\u00e3o*com informa\u00e7\u00f5es do Jornal da USP Pessoas&#8230;<\/p>\n","protected":false},"author":1,"featured_media":1375,"comment_status":"open","ping_status":"open","sticky":false,"template":"","format":"standard","meta":{"_uag_custom_page_level_css":"","jetpack_post_was_ever_published":false,"_jetpack_newsletter_access":"","_jetpack_dont_email_post_to_subs":false,"_jetpack_newsletter_tier_id":0,"_jetpack_memberships_contains_paywalled_content":false,"_jetpack_memberships_contains_paid_content":false,"footnotes":"","jetpack_publicize_message":"","jetpack_publicize_feature_enabled":true,"jetpack_social_post_already_shared":false,"jetpack_social_options":{"image_generator_settings":{"template":"highway","default_image_id":0,"font":"","enabled":false},"version":2}},"categories":[11],"tags":[],"class_list":["post-1374","post","type-post","status-publish","format-standard","has-post-thumbnail","hentry","category-noticias-de-ribeirao-preto-sp-e-regiao-ismael-colosi"],"aioseo_notices":[],"jetpack_publicize_connections":[],"jetpack_featured_media_url":"https:\/\/i0.wp.com\/ismaelcolosi.com.br\/wp-content\/uploads\/2023\/11\/foto-abre.png?fit=549%2C645&ssl=1","uagb_featured_image_src":{"full":["https:\/\/i0.wp.com\/ismaelcolosi.com.br\/wp-content\/uploads\/2023\/11\/foto-abre.png?fit=549%2C645&ssl=1",549,645,false],"thumbnail":["https:\/\/i0.wp.com\/ismaelcolosi.com.br\/wp-content\/uploads\/2023\/11\/foto-abre.png?resize=150%2C150&ssl=1",150,150,true],"medium":["https:\/\/i0.wp.com\/ismaelcolosi.com.br\/wp-content\/uploads\/2023\/11\/foto-abre.png?fit=255%2C300&ssl=1",255,300,true],"medium_large":["https:\/\/i0.wp.com\/ismaelcolosi.com.br\/wp-content\/uploads\/2023\/11\/foto-abre.png?fit=549%2C645&ssl=1",549,645,true],"large":["https:\/\/i0.wp.com\/ismaelcolosi.com.br\/wp-content\/uploads\/2023\/11\/foto-abre.png?fit=549%2C645&ssl=1",549,645,true],"1536x1536":["https:\/\/i0.wp.com\/ismaelcolosi.com.br\/wp-content\/uploads\/2023\/11\/foto-abre.png?fit=549%2C645&ssl=1",549,645,true],"2048x2048":["https:\/\/i0.wp.com\/ismaelcolosi.com.br\/wp-content\/uploads\/2023\/11\/foto-abre.png?fit=549%2C645&ssl=1",549,645,true],"really-simple-thumb":["https:\/\/i0.wp.com\/ismaelcolosi.com.br\/wp-content\/uploads\/2023\/11\/foto-abre.png?resize=370%2C247&ssl=1",370,247,true]},"uagb_author_info":{"display_name":"ismaelcolosi.com.br","author_link":"https:\/\/ismaelcolosi.com.br\/index.php\/author\/vidareal-online\/"},"uagb_comment_info":0,"uagb_excerpt":"Pesquisa de Fernanda teve orienta\u00e7\u00e3o da professora Cristina Marta Del-Ben (Reprodu\u00e7\u00e3o) Adriana Dorazi \u2013 especial para o Tribuna Ribeir\u00e3o*com informa\u00e7\u00f5es do Jornal da USP Pessoas...","jetpack-related-posts":[{"id":57415,"url":"https:\/\/ismaelcolosi.com.br\/index.php\/2024\/07\/21\/inmet-aumenta-grau-de-perigo-no-interior-de-sp-veja-cidades-afetadas\/","url_meta":{"origin":1374,"position":0},"title":"Inmet aumenta grau de perigo no interior de SP; Veja cidades afetadas","author":"ismaelcolosi.com.br","date":"21 de July de 2024","format":false,"excerpt":"O Inmet (Instituto Nacional de Meteorologia) elevou o alerta para a baixa umidade do ar em parte do interior de S\u00e3o Paulo neste domingo (21). O aviso, que passa a ser de perigo e n\u00e3o perigo potencial, tem validade entre 12h e 17h e inclui parte da regi\u00e3o de Ribeir\u00e3o\u2026","rel":"","context":"In &quot;Not\u00edcias de Ribeir\u00e3o Preto-SP e Regi\u00e3o&quot;","block_context":{"text":"Not\u00edcias de Ribeir\u00e3o Preto-SP e Regi\u00e3o","link":"https:\/\/ismaelcolosi.com.br\/index.php\/category\/noticias-de-ribeirao-preto-sp-e-regiao-ismael-colosi\/"},"img":{"alt_text":"","src":"https:\/\/i0.wp.com\/ismaelcolosi.com.br\/wp-content\/uploads\/2024\/07\/ribeirao_preto_1024x576_16102020221204.jpg?fit=1024%2C576&ssl=1&resize=350%2C200","width":350,"height":200,"srcset":"https:\/\/i0.wp.com\/ismaelcolosi.com.br\/wp-content\/uploads\/2024\/07\/ribeirao_preto_1024x576_16102020221204.jpg?fit=1024%2C576&ssl=1&resize=350%2C200 1x, https:\/\/i0.wp.com\/ismaelcolosi.com.br\/wp-content\/uploads\/2024\/07\/ribeirao_preto_1024x576_16102020221204.jpg?fit=1024%2C576&ssl=1&resize=525%2C300 1.5x, https:\/\/i0.wp.com\/ismaelcolosi.com.br\/wp-content\/uploads\/2024\/07\/ribeirao_preto_1024x576_16102020221204.jpg?fit=1024%2C576&ssl=1&resize=700%2C400 2x"},"classes":[]},{"id":58084,"url":"https:\/\/ismaelcolosi.com.br\/index.php\/2024\/07\/26\/prorrogado-alerta-laranja-de-perigo-do-inmet-para-cidades-do-interior-de-sp-veja-quais\/","url_meta":{"origin":1374,"position":1},"title":"Prorrogado alerta laranja de perigo do Inmet para cidades do interior de SP; Veja quais","author":"ismaelcolosi.com.br","date":"26 de July de 2024","format":false,"excerpt":"Foi prorrogado, por mais uma vez, o alerta de perigo do Inmet (Instituto Nacional de Meteorologia) por conta da baixa umidade do ar para cidades do interior de S\u00e3o Paulo, entre elas, Ribeir\u00e3o Preto. O aviso \u00e9 v\u00e1lido das 12h \u00e0s 17h deste s\u00e1bado (27). Desta vez, a prorroga\u00e7\u00e3o \u00e9\u2026","rel":"","context":"In &quot;Not\u00edcias de Ribeir\u00e3o Preto-SP e Regi\u00e3o&quot;","block_context":{"text":"Not\u00edcias de Ribeir\u00e3o Preto-SP e Regi\u00e3o","link":"https:\/\/ismaelcolosi.com.br\/index.php\/category\/noticias-de-ribeirao-preto-sp-e-regiao-ismael-colosi\/"},"img":{"alt_text":"","src":"https:\/\/i0.wp.com\/ismaelcolosi.com.br\/wp-content\/uploads\/2024\/07\/Copia-de-Copia-de-TAMANHO-EXATO-PARA-FOTOS-NO-SISTEMA-NOVO-42_2024-07-26_23-44-19_jpg_2024-07-26_23-44-20.webp.webp?fit=1200%2C675&ssl=1&resize=350%2C200","width":350,"height":200,"srcset":"https:\/\/i0.wp.com\/ismaelcolosi.com.br\/wp-content\/uploads\/2024\/07\/Copia-de-Copia-de-TAMANHO-EXATO-PARA-FOTOS-NO-SISTEMA-NOVO-42_2024-07-26_23-44-19_jpg_2024-07-26_23-44-20.webp.webp?fit=1200%2C675&ssl=1&resize=350%2C200 1x, https:\/\/i0.wp.com\/ismaelcolosi.com.br\/wp-content\/uploads\/2024\/07\/Copia-de-Copia-de-TAMANHO-EXATO-PARA-FOTOS-NO-SISTEMA-NOVO-42_2024-07-26_23-44-19_jpg_2024-07-26_23-44-20.webp.webp?fit=1200%2C675&ssl=1&resize=525%2C300 1.5x, https:\/\/i0.wp.com\/ismaelcolosi.com.br\/wp-content\/uploads\/2024\/07\/Copia-de-Copia-de-TAMANHO-EXATO-PARA-FOTOS-NO-SISTEMA-NOVO-42_2024-07-26_23-44-19_jpg_2024-07-26_23-44-20.webp.webp?fit=1200%2C675&ssl=1&resize=700%2C400 2x, https:\/\/i0.wp.com\/ismaelcolosi.com.br\/wp-content\/uploads\/2024\/07\/Copia-de-Copia-de-TAMANHO-EXATO-PARA-FOTOS-NO-SISTEMA-NOVO-42_2024-07-26_23-44-19_jpg_2024-07-26_23-44-20.webp.webp?fit=1200%2C675&ssl=1&resize=1050%2C600 3x"},"classes":[]},{"id":58005,"url":"https:\/\/ismaelcolosi.com.br\/index.php\/2024\/07\/26\/interior-de-sp-tem-novo-alerta-laranja-de-perigo-veja-as-regioes-afetadas\/","url_meta":{"origin":1374,"position":2},"title":"Interior de SP tem novo alerta laranja de perigo; Veja as regi\u00f5es afetadas","author":"ismaelcolosi.com.br","date":"26 de July de 2024","format":false,"excerpt":"O Inmet (Instituto Nacional de Meteorologia) emitiu um novo alerta de perigo para a baixa umidade do ar em parte do interior de S\u00e3o Paulo. O aviso tem validade entre 12h e 17h desta sexta-feira (26), e inclui Ribeir\u00e3o Preto e cidades da regi\u00e3o. O alerta \u00e9 na cor laranja\u2026","rel":"","context":"In &quot;Not\u00edcias de Ribeir\u00e3o Preto-SP e Regi\u00e3o&quot;","block_context":{"text":"Not\u00edcias de Ribeir\u00e3o Preto-SP e Regi\u00e3o","link":"https:\/\/ismaelcolosi.com.br\/index.php\/category\/noticias-de-ribeirao-preto-sp-e-regiao-ismael-colosi\/"},"img":{"alt_text":"","src":"https:\/\/i0.wp.com\/ismaelcolosi.com.br\/wp-content\/uploads\/2024\/07\/20230711_174150-scaled.jpg?fit=1200%2C540&ssl=1&resize=350%2C200","width":350,"height":200,"srcset":"https:\/\/i0.wp.com\/ismaelcolosi.com.br\/wp-content\/uploads\/2024\/07\/20230711_174150-scaled.jpg?fit=1200%2C540&ssl=1&resize=350%2C200 1x, https:\/\/i0.wp.com\/ismaelcolosi.com.br\/wp-content\/uploads\/2024\/07\/20230711_174150-scaled.jpg?fit=1200%2C540&ssl=1&resize=525%2C300 1.5x, https:\/\/i0.wp.com\/ismaelcolosi.com.br\/wp-content\/uploads\/2024\/07\/20230711_174150-scaled.jpg?fit=1200%2C540&ssl=1&resize=700%2C400 2x, https:\/\/i0.wp.com\/ismaelcolosi.com.br\/wp-content\/uploads\/2024\/07\/20230711_174150-scaled.jpg?fit=1200%2C540&ssl=1&resize=1050%2C600 3x"},"classes":[]},{"id":57477,"url":"https:\/\/ismaelcolosi.com.br\/index.php\/2024\/07\/22\/inmet-emite-alerta-laranja-de-perigo-para-o-interior-de-sp-veja-cidades-afetadas\/","url_meta":{"origin":1374,"position":3},"title":"Inmet emite alerta laranja de perigo para o interior de SP; Veja cidades afetadas","author":"ismaelcolosi.com.br","date":"22 de July de 2024","format":false,"excerpt":"O Inmet (Instituto Nacional de Meteorologia) emitiu dois alertas para baixa umidade do ar em parte do interior de S\u00e3o Paulo. Todos os avisos incluem Ribeir\u00e3o Preto e cidades da regi\u00e3o. O primeiro, das 11h \u00e0s 19h, \u00e9 na cor amarela \u2013 a primeira em uma escala at\u00e9 tr\u00eas n\u00edveis\u2026","rel":"","context":"In &quot;Not\u00edcias de Ribeir\u00e3o Preto-SP e Regi\u00e3o&quot;","block_context":{"text":"Not\u00edcias de Ribeir\u00e3o Preto-SP e Regi\u00e3o","link":"https:\/\/ismaelcolosi.com.br\/index.php\/category\/noticias-de-ribeirao-preto-sp-e-regiao-ismael-colosi\/"},"img":{"alt_text":"","src":"https:\/\/i0.wp.com\/ismaelcolosi.com.br\/wp-content\/uploads\/2024\/07\/por_do_1024x576_21042020072407.jpg?fit=1024%2C576&ssl=1&resize=350%2C200","width":350,"height":200,"srcset":"https:\/\/i0.wp.com\/ismaelcolosi.com.br\/wp-content\/uploads\/2024\/07\/por_do_1024x576_21042020072407.jpg?fit=1024%2C576&ssl=1&resize=350%2C200 1x, https:\/\/i0.wp.com\/ismaelcolosi.com.br\/wp-content\/uploads\/2024\/07\/por_do_1024x576_21042020072407.jpg?fit=1024%2C576&ssl=1&resize=525%2C300 1.5x, https:\/\/i0.wp.com\/ismaelcolosi.com.br\/wp-content\/uploads\/2024\/07\/por_do_1024x576_21042020072407.jpg?fit=1024%2C576&ssl=1&resize=700%2C400 2x"},"classes":[]},{"id":58206,"url":"https:\/\/ismaelcolosi.com.br\/index.php\/2024\/07\/29\/inmet-emite-novo-alerta-laranja-para-o-interior-de-sp-veja-cidades-afetadas\/","url_meta":{"origin":1374,"position":4},"title":"Inmet emite novo alerta laranja para o interior de SP; Veja cidades afetadas","author":"ismaelcolosi.com.br","date":"29 de July de 2024","format":false,"excerpt":"O Inmet (Instituto Nacional de Meteorologia) emitiu um novo alerta de perigo para a baixa umidade do ar em parte do interior de S\u00e3o Paulo. O aviso tem validade entre 13h e 17h desta segunda-feira (29), e inclui Ribeir\u00e3o Preto e cidades da regi\u00e3o. O alerta \u00e9 na cor laranja\u2026","rel":"","context":"In &quot;Not\u00edcias de Ribeir\u00e3o Preto-SP e Regi\u00e3o&quot;","block_context":{"text":"Not\u00edcias de Ribeir\u00e3o Preto-SP e Regi\u00e3o","link":"https:\/\/ismaelcolosi.com.br\/index.php\/category\/noticias-de-ribeirao-preto-sp-e-regiao-ismael-colosi\/"},"img":{"alt_text":"","src":"https:\/\/i0.wp.com\/ismaelcolosi.com.br\/wp-content\/uploads\/2024\/07\/WhatsApp-Image-2024-03-11-at-12.29.24-1.jpeg?fit=1200%2C804&ssl=1&resize=350%2C200","width":350,"height":200,"srcset":"https:\/\/i0.wp.com\/ismaelcolosi.com.br\/wp-content\/uploads\/2024\/07\/WhatsApp-Image-2024-03-11-at-12.29.24-1.jpeg?fit=1200%2C804&ssl=1&resize=350%2C200 1x, https:\/\/i0.wp.com\/ismaelcolosi.com.br\/wp-content\/uploads\/2024\/07\/WhatsApp-Image-2024-03-11-at-12.29.24-1.jpeg?fit=1200%2C804&ssl=1&resize=525%2C300 1.5x, https:\/\/i0.wp.com\/ismaelcolosi.com.br\/wp-content\/uploads\/2024\/07\/WhatsApp-Image-2024-03-11-at-12.29.24-1.jpeg?fit=1200%2C804&ssl=1&resize=700%2C400 2x, https:\/\/i0.wp.com\/ismaelcolosi.com.br\/wp-content\/uploads\/2024\/07\/WhatsApp-Image-2024-03-11-at-12.29.24-1.jpeg?fit=1200%2C804&ssl=1&resize=1050%2C600 3x"},"classes":[]},{"id":64069,"url":"https:\/\/ismaelcolosi.com.br\/index.php\/2024\/09\/05\/interior-de-sp-recebe-novo-alerta-de-grande-perigo-veja-as-cidade-afetadas\/","url_meta":{"origin":1374,"position":5},"title":"Interior de SP recebe novo alerta de &#8216;grande perigo&#8217;; Veja as cidade afetadas","author":"ismaelcolosi.com.br","date":"5 de September de 2024","format":false,"excerpt":"O Inmet (Instituto Nacional de Meteorologia) emitiu um novo alerta de \u201cgrande perigo\u201d para a baixa umidade do ar em parte do interior de S\u00e3o Paulo. O aviso tem validade entre 13h e 17h desta quinta-feira (5), e inclui Ribeir\u00e3o Preto e cidades da regi\u00e3o. O alerta \u00e9 na cor\u2026","rel":"","context":"In &quot;Not\u00edcias de Ribeir\u00e3o Preto-SP e Regi\u00e3o&quot;","block_context":{"text":"Not\u00edcias de Ribeir\u00e3o Preto-SP e Regi\u00e3o","link":"https:\/\/ismaelcolosi.com.br\/index.php\/category\/noticias-de-ribeirao-preto-sp-e-regiao-ismael-colosi\/"},"img":{"alt_text":"","src":"https:\/\/i0.wp.com\/ismaelcolosi.com.br\/wp-content\/uploads\/2024\/09\/BAIXA-UMIDADE_2024-09-05_13-47-44_jpg_2024-09-05_13-47-44.webp.webp?fit=1200%2C766&ssl=1&resize=350%2C200","width":350,"height":200,"srcset":"https:\/\/i0.wp.com\/ismaelcolosi.com.br\/wp-content\/uploads\/2024\/09\/BAIXA-UMIDADE_2024-09-05_13-47-44_jpg_2024-09-05_13-47-44.webp.webp?fit=1200%2C766&ssl=1&resize=350%2C200 1x, https:\/\/i0.wp.com\/ismaelcolosi.com.br\/wp-content\/uploads\/2024\/09\/BAIXA-UMIDADE_2024-09-05_13-47-44_jpg_2024-09-05_13-47-44.webp.webp?fit=1200%2C766&ssl=1&resize=525%2C300 1.5x, https:\/\/i0.wp.com\/ismaelcolosi.com.br\/wp-content\/uploads\/2024\/09\/BAIXA-UMIDADE_2024-09-05_13-47-44_jpg_2024-09-05_13-47-44.webp.webp?fit=1200%2C766&ssl=1&resize=700%2C400 2x, https:\/\/i0.wp.com\/ismaelcolosi.com.br\/wp-content\/uploads\/2024\/09\/BAIXA-UMIDADE_2024-09-05_13-47-44_jpg_2024-09-05_13-47-44.webp.webp?fit=1200%2C766&ssl=1&resize=1050%2C600 3x"},"classes":[]}],"jetpack_sharing_enabled":true,"jetpack_shortlink":"https:\/\/wp.me\/pfMlyK-ma","_links":{"self":[{"href":"https:\/\/ismaelcolosi.com.br\/index.php\/wp-json\/wp\/v2\/posts\/1374","targetHints":{"allow":["GET"]}}],"collection":[{"href":"https:\/\/ismaelcolosi.com.br\/index.php\/wp-json\/wp\/v2\/posts"}],"about":[{"href":"https:\/\/ismaelcolosi.com.br\/index.php\/wp-json\/wp\/v2\/types\/post"}],"author":[{"embeddable":true,"href":"https:\/\/ismaelcolosi.com.br\/index.php\/wp-json\/wp\/v2\/users\/1"}],"replies":[{"embeddable":true,"href":"https:\/\/ismaelcolosi.com.br\/index.php\/wp-json\/wp\/v2\/comments?post=1374"}],"version-history":[{"count":0,"href":"https:\/\/ismaelcolosi.com.br\/index.php\/wp-json\/wp\/v2\/posts\/1374\/revisions"}],"wp:featuredmedia":[{"embeddable":true,"href":"https:\/\/ismaelcolosi.com.br\/index.php\/wp-json\/wp\/v2\/media\/1375"}],"wp:attachment":[{"href":"https:\/\/ismaelcolosi.com.br\/index.php\/wp-json\/wp\/v2\/media?parent=1374"}],"wp:term":[{"taxonomy":"category","embeddable":true,"href":"https:\/\/ismaelcolosi.com.br\/index.php\/wp-json\/wp\/v2\/categories?post=1374"},{"taxonomy":"post_tag","embeddable":true,"href":"https:\/\/ismaelcolosi.com.br\/index.php\/wp-json\/wp\/v2\/tags?post=1374"}],"curies":[{"name":"wp","href":"https:\/\/api.w.org\/{rel}","templated":true}]}}