{"id":13718,"date":"2023-12-11T05:32:37","date_gmt":"2023-12-11T08:32:37","guid":{"rendered":"https:\/\/ismaelcolosi.com.br\/index.php\/2023\/12\/11\/instituto-federal-de-sp-tem-vagas-em-cursos-gratuitos-da-eja\/"},"modified":"2023-12-11T05:32:37","modified_gmt":"2023-12-11T08:32:37","slug":"instituto-federal-de-sp-tem-vagas-em-cursos-gratuitos-da-eja","status":"publish","type":"post","link":"https:\/\/ismaelcolosi.com.br\/index.php\/2023\/12\/11\/instituto-federal-de-sp-tem-vagas-em-cursos-gratuitos-da-eja\/","title":{"rendered":"Instituto Federal de SP tem vagas em cursos gratuitos da EJA"},"content":{"rendered":"<p> <br \/>\n<\/p>\n<div>\n<p>O Instituto Federal de Educa\u00e7\u00e3o, Ci\u00eancia e Tecnologia de S\u00e3o Paulo (<a href=\"https:\/\/www.ifsp.edu.br\/\" target=\"_blank\" rel=\"noopener\">IFSP<\/a>) recebe inscri\u00e7\u00f5es para o processo seletivo dos cursos gratuitos no programa Educa\u00e7\u00e3o de Jovens e Adultos (<a href=\"https:\/\/catracalivre.com.br\/educacao\/sesi-sp-oferece-cursos-gratuitos-para-jovens-e-adultos\/\" target=\"_blank\" rel=\"noopener\">EJA<\/a>) para o 1\u00ba semestre de 2024.<\/p>\n<p>As inscri\u00e7\u00f5es est\u00e3o abertas at\u00e9 11 de janeiro e devem ser feitas exclusivamente de forma online por meio do formul\u00e1rio dispon\u00edvel <a href=\"https:\/\/docs.google.com\/forms\/d\/e\/1FAIpQLSdstcDVS-qDo6ddeV-55mCcNUZBwF9op0kDSxeGASmmca9wqw\/viewform\" target=\"_blank\" rel=\"noopener\">aqui<\/a>.<\/p>\n<div id=\"attachment_2234516\" class=\"wp-caption aligncenter\">\n<div class=\"d-flex justify-content-center\" data-attachment-id=\"2234516\">\n<div class=\"position-relative d-inline-block\"><img data-recalc-dims=\"1\" data-portal-copyright=\"Divulga\u00e7\u00e3o\/IFSP\" fetchpriority=\"high\" decoding=\"async\" class=\"wp-image-2234516 size-full\" src=\"https:\/\/i0.wp.com\/catracalivre.com.br\/wp-content\/uploads\/2022\/10\/cursos-gratuitos-ifsp-votuporanga.png?resize=746%2C423&#038;ssl=1\" alt=\"Oito campi no estado de S\u00e3o Paulo oferecem oportunidades; inscri\u00e7\u00f5es online at\u00e9 11 de janeiro\" width=\"746\" height=\"423\" srcset=\"https:\/\/catracalivre.com.br\/wp-content\/uploads\/2022\/10\/cursos-gratuitos-ifsp-votuporanga.png 746w, https:\/\/catracalivre.com.br\/wp-content\/uploads\/2022\/10\/cursos-gratuitos-ifsp-votuporanga-450x255.png 450w\" sizes=\"(max-width: 746px) 100vw, 746px\"\/><\/p>\n<p>Cr\u00e9ditos: Divulga\u00e7\u00e3o\/IFSP<\/p>\n<\/div>\n<\/div>\n<p><span class=\"post-imagem__legenda\">Oito campi no estado de S\u00e3o Paulo oferecem oportunidades; inscri\u00e7\u00f5es online at\u00e9 11 de janeiro<\/span><\/p>\n<\/div>\n<p>O candidato deve anexar os documentos conforme solicitado no item 3, do referido edital.<\/p>\n<p>Para aqueles que n\u00e3o possuem acesso \u00e0 internet ou computador, ou exce\u00e7\u00f5es de aux\u00edlio na inscri\u00e7\u00e3o, o IFSP oferecer\u00e1 suporte presencial nos campi de interesse. Os endere\u00e7os podem ser consultados no Anexo I do Edital n.\u00ba 620\/2023.<\/p>\n<h2>Distribui\u00e7\u00e3o das vagas dos cursos gratuitos<\/h2>\n<p>Ao todo, oito campus do IFSP, distribu\u00eddos por diferentes regi\u00f5es do estado, est\u00e3o oferecendo um total de 380 vagas para os cursos EJA.<\/p>\n<p>\u00c9 requisito fundamental que os candidatos tenham conclu\u00eddo o Ensino Fundamental.<\/p>\n<p>A sele\u00e7\u00e3o dos candidatos ser\u00e1 realizada de maneiras distintas em nove campus. Haver\u00e1 sorteio em oito deles, enquanto no Campus Capivari a escolha ser\u00e1 dada por meio de entrevistas.<\/p>\n<p>O sorteio est\u00e1 agendado para o dia 17 de janeiro, com local e hor\u00e1rio a serem divulgados anteriormente. J\u00e1 as entrevistas no Campus Capivari ocorrer\u00e3o nos dias 17 e 18 de janeiro, e a convoca\u00e7\u00e3o ser\u00e1 feita pelo pr\u00f3prio campus.<\/p>\n<p>A divulga\u00e7\u00e3o do resultado final da sele\u00e7\u00e3o e a primeira convoca\u00e7\u00e3o para matr\u00edcula est\u00e3o previstas para o dia 24 de janeiro de 2024.<\/p>\n<h3>Campus e cursos oferecidos<\/h3>\n<ul>\n<li>Barretos \u2013 T\u00e9cnico em Hospedagem Integrado ao Ensino M\u00e9dio (Noturno \u2013 6 semestres)<\/li>\n<li>Birigui \u2013 T\u00e9cnico em Com\u00e9rcio Integrado ao Ensino M\u00e9dio (Noturno \u2013 6 semestres)<\/li>\n<li>Campinas \u2013 T\u00e9cnico em Telecomunica\u00e7\u00f5es Integrado ao Ensino M\u00e9dio (Noturno \u2013 6 semestres)<\/li>\n<li>Capivari \u2013 T\u00e9cnico em Administra\u00e7\u00e3o Integrado ao Ensino M\u00e9dio (Noturno \u2013 6 semestres)<\/li>\n<li>Jacare\u00ed \u2013 T\u00e9cnico em Log\u00edstica Integrado ao Ensino M\u00e9dio (Noturno \u2013 6 semestres)<\/li>\n<li>Mat\u00e3o \u2013 T\u00e9cnico em Seguran\u00e7a do Trabalho integrado ao Ensino M\u00e9dio (Noturno \u2013 6 semestres)<\/li>\n<li>S\u00e3o Paulo \u2013 T\u00e9cnico em Administra\u00e7\u00e3o Integrado ao Ensino M\u00e9dio (Noturno \u2013 6 semestres)<\/li>\n<li>Sert\u00e3ozinho \u2013 T\u00e9cnico em Mec\u00e2nica Integrado ao Ensino M\u00e9dio (Noturno \u2013 6 semestres)<\/li>\n<\/ul>\n<p>D\u00favidas relacionadas ao processo seletivo podem ser encaminhadas para <a href=\"https:\/\/catracalivre.com.br\/educacao\/instituto-federal-de-sp-tem-vagas-em-cursos-gratuitos-da-eja\/mailto:processoseletivo.eja@ifsp.edu.br\" target=\"_blank\" rel=\"noopener\">processoseletivo.eja@ifsp.edu.br<\/a>.<\/p>\n<p>O IFSP reitera a import\u00e2ncia de uma leitura atenta ao edital para garantir uma participa\u00e7\u00e3o bem sucedida no processo seletivo (acesse <a href=\"https:\/\/www.ifsp.edu.br\/images\/2023\/12_Dezembro\/Edital_EJA-2024-1_-_Versao_Finaldocx_1_assinado.pdf\" target=\"_blank\" rel=\"noopener\">aqui<\/a>).<\/p>\n<\/div>\n<p><script>\n\t\t! function(f, b, e, v, n, t, s) {\n\t\t\tif (f.fbq) return;\n\t\t\tn = f.fbq = function() {\n\t\t\t\tn.callMethod ?\n\t\t\t\t\tn.callMethod.apply(n, arguments) : n.queue.push(arguments)\n\t\t\t};\n\t\t\tif (!f._fbq) f._fbq = n;\n\t\t\tn.push = n;\n\t\t\tn.loaded = !0;\n\t\t\tn.version = '2.0';\n\t\t\tn.queue = [];\n\t\t\tt = b.createElement(e);\n\t\t\tt.async = !0;\n\t\t\tt.src = v;\n\t\t\ts = b.getElementsByTagName(e)[0];\n\t\t\ts.parentNode.insertBefore(t, s)\n\t\t}(window, document, 'script',\n\t\t\t'https:\/\/connect.facebook.net\/en_US\/fbevents.js');\n\t\tfbq('init', '338315473262380');\n\t\tfbq('track', 'PageView');\n\t<\/script><br \/>\n<br \/><br \/>\n<br \/><a href=\"https:\/\/catracalivre.com.br\/educacao\/instituto-federal-de-sp-tem-vagas-em-cursos-gratuitos-da-eja\/\">Source link <\/a><\/p>\n<div class='code-block code-block-4' style='margin: 8px auto 8px 0; text-align: left; display: block; clear: both;'>\n\ud83d\udce2 Aviso Legal\n\nO site ismaelcolosi.com.br atua apenas como um canal de divulga\u00e7\u00e3o de oportunidades de emprego e n\u00e3o se responsabiliza pelo processo seletivo, contrata\u00e7\u00e3o ou qualquer outra etapa relacionada \u00e0s vagas publicadas. Todas as informa\u00e7\u00f5es s\u00e3o de responsabilidade dos anunciantes.\n\n\u26a0\ufe0f Aten\u00e7\u00e3o! Nunca pague por promessas de emprego nem compre cursos que garantam contrata\u00e7\u00e3o. Desconfie de qualquer cobran\u00e7a para participar de sele\u00e7\u00f5es.\n\n\n\n<\/div>\n<!-- CONTENT END 1 -->\n","protected":false},"excerpt":{"rendered":"<p>O Instituto Federal de Educa\u00e7\u00e3o, Ci\u00eancia e Tecnologia de S\u00e3o Paulo (IFSP) recebe inscri\u00e7\u00f5es para o processo seletivo dos cursos gratuitos no programa Educa\u00e7\u00e3o de&#8230;<\/p>\n","protected":false},"author":1,"featured_media":13719,"comment_status":"open","ping_status":"open","sticky":false,"template":"","format":"standard","meta":{"_uag_custom_page_level_css":"","advanced_seo_description":"","jetpack_seo_html_title":"","jetpack_seo_noindex":false,"jetpack_post_was_ever_published":false,"_jetpack_newsletter_access":"","_jetpack_dont_email_post_to_subs":false,"_jetpack_newsletter_tier_id":0,"_jetpack_memberships_contains_paywalled_content":false,"_jetpack_memberships_contains_paid_content":false,"footnotes":"","jetpack_publicize_message":"","jetpack_publicize_feature_enabled":true,"jetpack_social_post_already_shared":true,"jetpack_social_options":{"image_generator_settings":{"template":"highway","default_image_id":0,"font":"","enabled":false},"version":2}},"categories":[19],"tags":[],"class_list":["post-13718","post","type-post","status-publish","format-standard","has-post-thumbnail","hentry","category-variedades"],"jetpack_publicize_connections":[],"jetpack_featured_media_url":"https:\/\/i0.wp.com\/ismaelcolosi.com.br\/wp-content\/uploads\/2023\/12\/ifsp-cursos-tecnicos-gratuitos.jpg?fit=1200%2C638&ssl=1","uagb_featured_image_src":{"full":["https:\/\/i0.wp.com\/ismaelcolosi.com.br\/wp-content\/uploads\/2023\/12\/ifsp-cursos-tecnicos-gratuitos.jpg?fit=1200%2C638&ssl=1",1200,638,false],"thumbnail":["https:\/\/i0.wp.com\/ismaelcolosi.com.br\/wp-content\/uploads\/2023\/12\/ifsp-cursos-tecnicos-gratuitos.jpg?resize=150%2C150&ssl=1",150,150,true],"medium":["https:\/\/i0.wp.com\/ismaelcolosi.com.br\/wp-content\/uploads\/2023\/12\/ifsp-cursos-tecnicos-gratuitos.jpg?fit=300%2C160&ssl=1",300,160,true],"medium_large":["https:\/\/i0.wp.com\/ismaelcolosi.com.br\/wp-content\/uploads\/2023\/12\/ifsp-cursos-tecnicos-gratuitos.jpg?fit=768%2C408&ssl=1",768,408,true],"large":["https:\/\/i0.wp.com\/ismaelcolosi.com.br\/wp-content\/uploads\/2023\/12\/ifsp-cursos-tecnicos-gratuitos.jpg?fit=1024%2C544&ssl=1",1024,544,true],"1536x1536":["https:\/\/i0.wp.com\/ismaelcolosi.com.br\/wp-content\/uploads\/2023\/12\/ifsp-cursos-tecnicos-gratuitos.jpg?fit=1200%2C638&ssl=1",1200,638,true],"2048x2048":["https:\/\/i0.wp.com\/ismaelcolosi.com.br\/wp-content\/uploads\/2023\/12\/ifsp-cursos-tecnicos-gratuitos.jpg?fit=1200%2C638&ssl=1",1200,638,true],"really-simple-thumb":["https:\/\/i0.wp.com\/ismaelcolosi.com.br\/wp-content\/uploads\/2023\/12\/ifsp-cursos-tecnicos-gratuitos.jpg?resize=370%2C247&ssl=1",370,247,true]},"uagb_author_info":{"display_name":"ismaelcolosi.com.br","author_link":"https:\/\/ismaelcolosi.com.br\/index.php\/author\/vidareal-online\/"},"uagb_comment_info":0,"uagb_excerpt":"O Instituto Federal de Educa\u00e7\u00e3o, Ci\u00eancia e Tecnologia de S\u00e3o Paulo (IFSP) recebe inscri\u00e7\u00f5es para o processo seletivo dos cursos gratuitos no programa Educa\u00e7\u00e3o de...","jetpack-related-posts":[{"id":9153,"url":"https:\/\/ismaelcolosi.com.br\/index.php\/2023\/12\/01\/ifal-seleciona-estudantes-para-cursos-tecnicos-gratuitos\/","url_meta":{"origin":13718,"position":0},"title":"IFAL seleciona estudantes para cursos t\u00e9cnicos gratuitos","author":"ismaelcolosi.com.br","date":"1 de December de 2023","format":false,"excerpt":"O Instituto Federal de Alagoas (IFAL) est\u00e1 com inscri\u00e7\u00f5es abertas para a sele\u00e7\u00e3o de alunos para cursos t\u00e9cnicos gratuitos com in\u00edcio no 1\u00ba semestre de 2024. As vagas s\u00e3o para cursos subsequentes e na modalidade Educa\u00e7\u00e3o de Jovens e Adultos (EJA) nos campi de Penedo, Piranhas e Maragogi. Cr\u00e9ditos: Divulga\u00e7\u00e3o\/IFALIFAL\u2026","rel":"","context":"In &quot;Variedades&quot;","block_context":{"text":"Variedades","link":"https:\/\/ismaelcolosi.com.br\/index.php\/category\/variedades\/"},"img":{"alt_text":"","src":"https:\/\/i0.wp.com\/ismaelcolosi.com.br\/wp-content\/uploads\/2023\/12\/ifal-cursos-gratuitos.jpg?fit=1200%2C638&ssl=1&resize=350%2C200","width":350,"height":200,"srcset":"https:\/\/i0.wp.com\/ismaelcolosi.com.br\/wp-content\/uploads\/2023\/12\/ifal-cursos-gratuitos.jpg?fit=1200%2C638&ssl=1&resize=350%2C200 1x, https:\/\/i0.wp.com\/ismaelcolosi.com.br\/wp-content\/uploads\/2023\/12\/ifal-cursos-gratuitos.jpg?fit=1200%2C638&ssl=1&resize=525%2C300 1.5x, https:\/\/i0.wp.com\/ismaelcolosi.com.br\/wp-content\/uploads\/2023\/12\/ifal-cursos-gratuitos.jpg?fit=1200%2C638&ssl=1&resize=700%2C400 2x, https:\/\/i0.wp.com\/ismaelcolosi.com.br\/wp-content\/uploads\/2023\/12\/ifal-cursos-gratuitos.jpg?fit=1200%2C638&ssl=1&resize=1050%2C600 3x"},"classes":[]},{"id":7936,"url":"https:\/\/ismaelcolosi.com.br\/index.php\/2023\/11\/29\/sesi-sp-oferece-cursos-gratuitos-para-jovens-e-adultos\/","url_meta":{"origin":13718,"position":1},"title":"Sesi-SP oferece cursos gratuitos para jovens e adultos","author":"ismaelcolosi.com.br","date":"29 de November de 2023","format":false,"excerpt":"O Servi\u00e7o Social da Ind\u00fastria em S\u00e3o Paulo (Sesi-SP) est\u00e1 com inscri\u00e7\u00f5es abertas para Educa\u00e7\u00e3o de Jovens e Adultos, com a Nova EJA e a EJA Profissionalizante. Os programas s\u00e3o gratuitos e visam proporcionar a conclus\u00e3o da educa\u00e7\u00e3o b\u00e1sica para aqueles que n\u00e3o tiveram a oportunidade de finaliz\u00e1-la. Cr\u00e9ditos: Divulga\u00e7\u00e3oInscri\u00e7\u00f5es\u2026","rel":"","context":"In &quot;Variedades&quot;","block_context":{"text":"Variedades","link":"https:\/\/ismaelcolosi.com.br\/index.php\/category\/variedades\/"},"img":{"alt_text":"","src":"https:\/\/i0.wp.com\/ismaelcolosi.com.br\/wp-content\/uploads\/2023\/11\/escolas-sesi-sp.jpg?fit=1200%2C638&ssl=1&resize=350%2C200","width":350,"height":200,"srcset":"https:\/\/i0.wp.com\/ismaelcolosi.com.br\/wp-content\/uploads\/2023\/11\/escolas-sesi-sp.jpg?fit=1200%2C638&ssl=1&resize=350%2C200 1x, https:\/\/i0.wp.com\/ismaelcolosi.com.br\/wp-content\/uploads\/2023\/11\/escolas-sesi-sp.jpg?fit=1200%2C638&ssl=1&resize=525%2C300 1.5x, https:\/\/i0.wp.com\/ismaelcolosi.com.br\/wp-content\/uploads\/2023\/11\/escolas-sesi-sp.jpg?fit=1200%2C638&ssl=1&resize=700%2C400 2x, https:\/\/i0.wp.com\/ismaelcolosi.com.br\/wp-content\/uploads\/2023\/11\/escolas-sesi-sp.jpg?fit=1200%2C638&ssl=1&resize=1050%2C600 3x"},"classes":[]},{"id":10848,"url":"https:\/\/ismaelcolosi.com.br\/index.php\/2023\/12\/05\/centro-de-educacao-profissional-de-campinas-abre-vagas-em-cursos-tecnicos-gratuitos\/","url_meta":{"origin":13718,"position":2},"title":"Centro de Educa\u00e7\u00e3o Profissional de Campinas abre vagas em cursos t\u00e9cnicos gratuitos","author":"ismaelcolosi.com.br","date":"5 de December de 2023","format":false,"excerpt":"O Centro de Educa\u00e7\u00e3o Profissional de Campinas (Ceprocamp), vinculado \u00e0 Funda\u00e7\u00e3o Municipal para a Educa\u00e7\u00e3o Comunit\u00e1ria (Fumec), abre 150 vagas para cursos t\u00e9cnicos gratuitos em n\u00edvel m\u00e9dio para o primeiro semestre de 2024. As inscri\u00e7\u00f5es come\u00e7am nesta segunda-feira, 4, \u00e0s 9h, e podem ser feitas, exclusivamente, pela internet (fumec.sp.gov.br\/ceprocamp), at\u00e9\u2026","rel":"","context":"In &quot;Variedades&quot;","block_context":{"text":"Variedades","link":"https:\/\/ismaelcolosi.com.br\/index.php\/category\/variedades\/"},"img":{"alt_text":"","src":"https:\/\/i0.wp.com\/ismaelcolosi.com.br\/wp-content\/uploads\/2023\/12\/curso-gratuito-ceprocamp.jpg?fit=1200%2C638&ssl=1&resize=350%2C200","width":350,"height":200,"srcset":"https:\/\/i0.wp.com\/ismaelcolosi.com.br\/wp-content\/uploads\/2023\/12\/curso-gratuito-ceprocamp.jpg?fit=1200%2C638&ssl=1&resize=350%2C200 1x, https:\/\/i0.wp.com\/ismaelcolosi.com.br\/wp-content\/uploads\/2023\/12\/curso-gratuito-ceprocamp.jpg?fit=1200%2C638&ssl=1&resize=525%2C300 1.5x, https:\/\/i0.wp.com\/ismaelcolosi.com.br\/wp-content\/uploads\/2023\/12\/curso-gratuito-ceprocamp.jpg?fit=1200%2C638&ssl=1&resize=700%2C400 2x, https:\/\/i0.wp.com\/ismaelcolosi.com.br\/wp-content\/uploads\/2023\/12\/curso-gratuito-ceprocamp.jpg?fit=1200%2C638&ssl=1&resize=1050%2C600 3x"},"classes":[]},{"id":57086,"url":"https:\/\/ismaelcolosi.com.br\/index.php\/2024\/07\/17\/veja-como-se-inscrever-para-mais-de-200-vagas-gratuitas-para-educacao-de-jovens-e-adultos\/","url_meta":{"origin":13718,"position":3},"title":"Veja como se inscrever para mais de 200 vagas gratuitas para Educa\u00e7\u00e3o de Jovens e Adultos","author":"ismaelcolosi.com.br","date":"17 de July de 2024","format":false,"excerpt":"O Sesi Ribeir\u00e3o Preto, em parceria com o Senai, est\u00e1 com inscri\u00e7\u00f5es abertas at\u00e9 o dia 26 de julho para jovens e adultos que queiram cursar a educa\u00e7\u00e3o b\u00e1sica ou cursos profissionalizantes. Ao todo, s\u00e3o oferecidas mais de 200 vagas gratuitas. As inscri\u00e7\u00f5es podem ser feitas, exclusivamente, pelo site do\u2026","rel":"","context":"In &quot;Not\u00edcias de Ribeir\u00e3o Preto-SP e Regi\u00e3o&quot;","block_context":{"text":"Not\u00edcias de Ribeir\u00e3o Preto-SP e Regi\u00e3o","link":"https:\/\/ismaelcolosi.com.br\/index.php\/category\/noticias-de-ribeirao-preto-sp-e-regiao-ismael-colosi\/"},"img":{"alt_text":"","src":"https:\/\/i0.wp.com\/ismaelcolosi.com.br\/wp-content\/uploads\/2024\/07\/Copia-de-Copia-de-TAMANHO-EXATO-PARA-FOTOS-NO-SISTEMA-NOVO-31_2024-07-17_20-08-08_jpg_2024-07-17_20-08-08.webp.webp?fit=1200%2C675&ssl=1&resize=350%2C200","width":350,"height":200,"srcset":"https:\/\/i0.wp.com\/ismaelcolosi.com.br\/wp-content\/uploads\/2024\/07\/Copia-de-Copia-de-TAMANHO-EXATO-PARA-FOTOS-NO-SISTEMA-NOVO-31_2024-07-17_20-08-08_jpg_2024-07-17_20-08-08.webp.webp?fit=1200%2C675&ssl=1&resize=350%2C200 1x, https:\/\/i0.wp.com\/ismaelcolosi.com.br\/wp-content\/uploads\/2024\/07\/Copia-de-Copia-de-TAMANHO-EXATO-PARA-FOTOS-NO-SISTEMA-NOVO-31_2024-07-17_20-08-08_jpg_2024-07-17_20-08-08.webp.webp?fit=1200%2C675&ssl=1&resize=525%2C300 1.5x, https:\/\/i0.wp.com\/ismaelcolosi.com.br\/wp-content\/uploads\/2024\/07\/Copia-de-Copia-de-TAMANHO-EXATO-PARA-FOTOS-NO-SISTEMA-NOVO-31_2024-07-17_20-08-08_jpg_2024-07-17_20-08-08.webp.webp?fit=1200%2C675&ssl=1&resize=700%2C400 2x, https:\/\/i0.wp.com\/ismaelcolosi.com.br\/wp-content\/uploads\/2024\/07\/Copia-de-Copia-de-TAMANHO-EXATO-PARA-FOTOS-NO-SISTEMA-NOVO-31_2024-07-17_20-08-08_jpg_2024-07-17_20-08-08.webp.webp?fit=1200%2C675&ssl=1&resize=1050%2C600 3x"},"classes":[]},{"id":52945,"url":"https:\/\/ismaelcolosi.com.br\/index.php\/2024\/06\/12\/ribeirao-preto-tem-mais-de-200-vagas-gratuitas-para-educacao-de-jovens-e-adultos\/","url_meta":{"origin":13718,"position":4},"title":"Ribeir\u00e3o Preto tem mais de 200 vagas gratuitas para Educa\u00e7\u00e3o de Jovens e Adultos","author":"ismaelcolosi.com.br","date":"12 de June de 2024","format":false,"excerpt":"Uma parceria entre o Sesi Ribeir\u00e3o Preto e o Senai est\u00e1 oferecendo mais de 200 vagas gratuitas para a Nova EJA (Educa\u00e7\u00e3o Jovens e Adultos) e tamb\u00e9m para cursos profissionalizantes destinados ao mesmo p\u00fablico. Os interessados podem se inscrever at\u00e9 o dia 26 de julho. As inscri\u00e7\u00f5es podem ser feitas,\u2026","rel":"","context":"In &quot;Not\u00edcias de Ribeir\u00e3o Preto-SP e Regi\u00e3o&quot;","block_context":{"text":"Not\u00edcias de Ribeir\u00e3o Preto-SP e Regi\u00e3o","link":"https:\/\/ismaelcolosi.com.br\/index.php\/category\/noticias-de-ribeirao-preto-sp-e-regiao-ismael-colosi\/"},"img":{"alt_text":"","src":"https:\/\/i0.wp.com\/ismaelcolosi.com.br\/wp-content\/uploads\/2024\/06\/Copia-de-Copia-de-TAMANHO-EXATO-PARA-FOTOS-NO-SISTEMA-NOVO-9_2024-06-12_13-53-12_jpg_2024-06-12_13-53-12.webp.webp?fit=1200%2C675&ssl=1&resize=350%2C200","width":350,"height":200,"srcset":"https:\/\/i0.wp.com\/ismaelcolosi.com.br\/wp-content\/uploads\/2024\/06\/Copia-de-Copia-de-TAMANHO-EXATO-PARA-FOTOS-NO-SISTEMA-NOVO-9_2024-06-12_13-53-12_jpg_2024-06-12_13-53-12.webp.webp?fit=1200%2C675&ssl=1&resize=350%2C200 1x, https:\/\/i0.wp.com\/ismaelcolosi.com.br\/wp-content\/uploads\/2024\/06\/Copia-de-Copia-de-TAMANHO-EXATO-PARA-FOTOS-NO-SISTEMA-NOVO-9_2024-06-12_13-53-12_jpg_2024-06-12_13-53-12.webp.webp?fit=1200%2C675&ssl=1&resize=525%2C300 1.5x, https:\/\/i0.wp.com\/ismaelcolosi.com.br\/wp-content\/uploads\/2024\/06\/Copia-de-Copia-de-TAMANHO-EXATO-PARA-FOTOS-NO-SISTEMA-NOVO-9_2024-06-12_13-53-12_jpg_2024-06-12_13-53-12.webp.webp?fit=1200%2C675&ssl=1&resize=700%2C400 2x, https:\/\/i0.wp.com\/ismaelcolosi.com.br\/wp-content\/uploads\/2024\/06\/Copia-de-Copia-de-TAMANHO-EXATO-PARA-FOTOS-NO-SISTEMA-NOVO-9_2024-06-12_13-53-12_jpg_2024-06-12_13-53-12.webp.webp?fit=1200%2C675&ssl=1&resize=1050%2C600 3x"},"classes":[]},{"id":11182,"url":"https:\/\/ismaelcolosi.com.br\/index.php\/2023\/12\/05\/cursos-gratuitos-da-fiocruz-estao-com-inscricoes-abertas\/","url_meta":{"origin":13718,"position":5},"title":"Cursos gratuitos da Fiocruz est\u00e3o com inscri\u00e7\u00f5es abertas","author":"ismaelcolosi.com.br","date":"5 de December de 2023","format":false,"excerpt":"A Funda\u00e7\u00e3o Oswaldo Cruz (Fiocruz) est\u00e1 com inscri\u00e7\u00f5es abertas para cursos gratuitos na \u00e1rea da sa\u00fade. Ao todo, mais de 90 forma\u00e7\u00f5es com certificado de conclus\u00e3o est\u00e3o dispon\u00edveis no Campus Virtual Fiocruz, nas modalidades EaD e presencial. Cr\u00e9ditos: Divulga\u00e7\u00e3oCursos gratuitos da Fiocruz est\u00e3o com inscri\u00e7\u00f5es abertas Para fazer a inscri\u00e7\u00e3o\u2026","rel":"","context":"In &quot;Variedades&quot;","block_context":{"text":"Variedades","link":"https:\/\/ismaelcolosi.com.br\/index.php\/category\/variedades\/"},"img":{"alt_text":"","src":"https:\/\/i0.wp.com\/ismaelcolosi.com.br\/wp-content\/uploads\/2023\/12\/cursos-gratuitos-fiocruz.jpg?fit=1200%2C638&ssl=1&resize=350%2C200","width":350,"height":200,"srcset":"https:\/\/i0.wp.com\/ismaelcolosi.com.br\/wp-content\/uploads\/2023\/12\/cursos-gratuitos-fiocruz.jpg?fit=1200%2C638&ssl=1&resize=350%2C200 1x, https:\/\/i0.wp.com\/ismaelcolosi.com.br\/wp-content\/uploads\/2023\/12\/cursos-gratuitos-fiocruz.jpg?fit=1200%2C638&ssl=1&resize=525%2C300 1.5x, https:\/\/i0.wp.com\/ismaelcolosi.com.br\/wp-content\/uploads\/2023\/12\/cursos-gratuitos-fiocruz.jpg?fit=1200%2C638&ssl=1&resize=700%2C400 2x, https:\/\/i0.wp.com\/ismaelcolosi.com.br\/wp-content\/uploads\/2023\/12\/cursos-gratuitos-fiocruz.jpg?fit=1200%2C638&ssl=1&resize=1050%2C600 3x"},"classes":[]}],"jetpack_sharing_enabled":true,"jetpack_shortlink":"https:\/\/wp.me\/pfMlyK-3zg","_links":{"self":[{"href":"https:\/\/ismaelcolosi.com.br\/index.php\/wp-json\/wp\/v2\/posts\/13718","targetHints":{"allow":["GET"]}}],"collection":[{"href":"https:\/\/ismaelcolosi.com.br\/index.php\/wp-json\/wp\/v2\/posts"}],"about":[{"href":"https:\/\/ismaelcolosi.com.br\/index.php\/wp-json\/wp\/v2\/types\/post"}],"author":[{"embeddable":true,"href":"https:\/\/ismaelcolosi.com.br\/index.php\/wp-json\/wp\/v2\/users\/1"}],"replies":[{"embeddable":true,"href":"https:\/\/ismaelcolosi.com.br\/index.php\/wp-json\/wp\/v2\/comments?post=13718"}],"version-history":[{"count":0,"href":"https:\/\/ismaelcolosi.com.br\/index.php\/wp-json\/wp\/v2\/posts\/13718\/revisions"}],"wp:featuredmedia":[{"embeddable":true,"href":"https:\/\/ismaelcolosi.com.br\/index.php\/wp-json\/wp\/v2\/media\/13719"}],"wp:attachment":[{"href":"https:\/\/ismaelcolosi.com.br\/index.php\/wp-json\/wp\/v2\/media?parent=13718"}],"wp:term":[{"taxonomy":"category","embeddable":true,"href":"https:\/\/ismaelcolosi.com.br\/index.php\/wp-json\/wp\/v2\/categories?post=13718"},{"taxonomy":"post_tag","embeddable":true,"href":"https:\/\/ismaelcolosi.com.br\/index.php\/wp-json\/wp\/v2\/tags?post=13718"}],"curies":[{"name":"wp","href":"https:\/\/api.w.org\/{rel}","templated":true}]}}