{"id":13708,"date":"2023-12-11T03:13:22","date_gmt":"2023-12-11T06:13:22","guid":{"rendered":"https:\/\/ismaelcolosi.com.br\/index.php\/2023\/12\/11\/ative-este-botao-e-voce-tera-legendas-automaticas-em-videos-no-instagram\/"},"modified":"2023-12-11T03:13:22","modified_gmt":"2023-12-11T06:13:22","slug":"ative-este-botao-e-voce-tera-legendas-automaticas-em-videos-no-instagram","status":"publish","type":"post","link":"https:\/\/ismaelcolosi.com.br\/index.php\/2023\/12\/11\/ative-este-botao-e-voce-tera-legendas-automaticas-em-videos-no-instagram\/","title":{"rendered":"Ative este bot\u00e3o e voc\u00ea ter\u00e1 legendas autom\u00e1ticas em v\u00eddeos no Instagram"},"content":{"rendered":"<p> <br \/>\n<\/p>\n<div>\n<div id=\"attachment_2315820\" class=\"wp-caption alignnone\">\n<div class=\"d-flex justify-content-center\" data-attachment-id=\"2315820\">\n<div class=\"position-relative d-inline-block\"><img data-recalc-dims=\"1\" data-portal-copyright=\"divulga\u00e7\u00e3o\/Instagram\" fetchpriority=\"high\" decoding=\"async\" class=\"size-full wp-image-2315820\" src=\"https:\/\/i0.wp.com\/catracalivre.com.br\/wp-content\/uploads\/2023\/12\/legendas-insta.jpeg?resize=1200%2C675&#038;ssl=1\" alt=\"Aprenda a adicionar legendas autom\u00e1ticas em v\u00eddeos no Instagram\" width=\"1200\" height=\"675\" srcset=\"https:\/\/catracalivre.com.br\/wp-content\/uploads\/2023\/12\/legendas-insta.jpeg 1200w, https:\/\/catracalivre.com.br\/wp-content\/uploads\/2023\/12\/legendas-insta-450x253.jpeg 450w, https:\/\/catracalivre.com.br\/wp-content\/uploads\/2023\/12\/legendas-insta-768x432.jpeg 768w\" sizes=\"(max-width: 1200px) 100vw, 1200px\"\/><\/p>\n<p>Cr\u00e9ditos: divulga\u00e7\u00e3o\/Instagram<\/p>\n<\/div>\n<\/div>\n<p><span class=\"post-imagem__legenda\">Aprenda a adicionar legendas autom\u00e1ticas em v\u00eddeos no Instagram<\/span><\/p>\n<\/div>\n<p>A inclus\u00e3o digital \u00e9 um assunto primordial. Tendo em vista essa necessidade, o <a href=\"https:\/\/www.instagram.com\/catracalivre\/\" target=\"_blank\" rel=\"noopener\">Instagram<\/a>, uma das redes sociais mais populares da atualidade, tem um recurso para tornar seu <a href=\"https:\/\/catracalivre.com.br\/cidadania\/gratuito-vendas-instagram\/\" target=\"_blank\" rel=\"noopener\">conte\u00fado<\/a> mais acess\u00edvel para os usu\u00e1rios: as legendas autom\u00e1ticas nos Reels.<\/p>\n<p>A funcionalidade, que usa a intelig\u00eancia artificial para legendar v\u00eddeos em 17 idiomas diferentes \u2013 incluindo portugu\u00eas, <a href=\"https:\/\/catracalivre.com.br\/educacao\/santander-oferece-5-mil-bolsas-para-cursos-de-ingles\/\" target=\"_blank\" rel=\"noopener\">ingl\u00eas<\/a> e espanhol \u2013 est\u00e1 dispon\u00edvel para todos.<\/p>\n<p>O recurso \u00e9 relevante para aqueles usu\u00e1rios que preferem navegar no aplicativo com o <a href=\"https:\/\/catracalivre.com.br\/entretenimento\/aprenda-a-silenciar-ligacoes-de-anonimos-no-whatsapp-em-5-passos\/\" target=\"_blank\" rel=\"noopener\">celular no silencioso<\/a>, e, ainda mais importante, para a comunidade surda e com defici\u00eancia auditiva.<\/p>\n<h2>Como o novo recurso do Instagram funciona?<\/h2>\n<p>Por enquanto, o recurso \u00e9 limitado apenas a v\u00eddeos postados no feed, ou seja, ainda n\u00e3o \u00e9 poss\u00edvel legendar automaticamente <a href=\"https:\/\/catracalivre.com.br\/entretenimento\/instagram-testa-recurso-inedito-para-quem-usa-a-lista-de-amigos-proximos\/\" target=\"_blank\" rel=\"noopener\">v\u00eddeos postados nos Stories<\/a>.<\/p>\n<p>Contudo, ativar as legendas autom\u00e1ticas \u00e9 um processo muito simples e descomplicado. E o melhor: voc\u00ea n\u00e3o vai precisar de outros aplicativos.<\/p>\n<p>As legendas autom\u00e1ticas ser\u00e3o ativadas por padr\u00e3o para os produtores de v\u00eddeo, embora sejam opcionais para os espectadores.<\/p>\n<h2>Passo a passo para ativar as legendas autom\u00e1ticas nos Reels<\/h2>\n<p>Abaixo, siga as instru\u00e7\u00f5es e ative as legendas autom\u00e1ticas na sua conta na rede social.<\/p>\n<ul>\n<li>Primeiro, abra o Instagram e clique no \u00edcone de \u201cPerfil\u201d;<\/li>\n<li>Agora acesse o menu, localizado no canto superior direito, e depois \u00e9 s\u00f3 escolher a op\u00e7\u00e3o \u201cConfigura\u00e7\u00f5es e privacidade\u201d;<\/li>\n<li>Em seguida, role a tela at\u00e9 a op\u00e7\u00e3o \u201cAcessibilidade\u201d;<\/li>\n<li>Ent\u00e3o, toque em \u201cLegendas\u201d;<\/li>\n<li>Feito isso, basta ativar a op\u00e7\u00e3o \u201cLegendas\u201d e escolher seu idioma;<\/li>\n<\/ul>\n<div id=\"attachment_2315819\" class=\"wp-caption alignnone\">\n<div class=\"d-flex justify-content-center\" data-attachment-id=\"2315819\">\n<div class=\"position-relative d-inline-block\"><img data-recalc-dims=\"1\" loading=\"lazy\" data-portal-copyright=\"Captura de tela do Instagram\" decoding=\"async\" class=\"wp-image-2315819 size-full\" src=\"https:\/\/i0.wp.com\/catracalivre.com.br\/wp-content\/uploads\/2023\/12\/img-20231201-wa0004-scaled-e1701403659353.jpg?resize=2551%2C1228&#038;ssl=1\" alt=\"Mudan\u00e7as nas configura\u00e7\u00f5es para gerar as legendas autom\u00e1ticas\" width=\"2551\" height=\"1228\" srcset=\"https:\/\/catracalivre.com.br\/wp-content\/uploads\/2023\/12\/img-20231201-wa0004-scaled-e1701403659353.jpg 2551w, https:\/\/catracalivre.com.br\/wp-content\/uploads\/2023\/12\/img-20231201-wa0004-scaled-e1701403659353-450x217.jpg 450w, https:\/\/catracalivre.com.br\/wp-content\/uploads\/2023\/12\/img-20231201-wa0004-scaled-e1701403659353-768x370.jpg 768w\" sizes=\"auto, (max-width: 2551px) 100vw, 2551px\"\/><\/p>\n<p>Cr\u00e9ditos: Captura de tela do Instagram<\/p>\n<\/div>\n<\/div>\n<p><span class=\"post-imagem__legenda\">Mudan\u00e7as nas configura\u00e7\u00f5es para gerar as legendas autom\u00e1ticas<\/span><\/p>\n<\/div>\n<ul>\n<li>Feito isso, escolha o v\u00eddeo desejado para publica\u00e7\u00e3o. Agora, no campo de adicionar legenda voc\u00ea vai buscar pela op\u00e7\u00e3o \u201cConfigura\u00e7\u00f5es avan\u00e7adas\u201d;<\/li>\n<li>Na tela seguinte, procure pela aba de \u201cAcessibilidade\u201d;<\/li>\n<li>A op\u00e7\u00e3o \u201cMostrar legendas\u201d estar\u00e1 desabilitada, ent\u00e3o basta voc\u00ea ativar o bot\u00e3o;<\/li>\n<li>Pronto! Agora voc\u00ea pode publicar seu v\u00eddeo normalmente.<\/li>\n<\/ul>\n<div id=\"attachment_2315818\" class=\"wp-caption alignnone\">\n<div class=\"d-flex justify-content-center\" data-attachment-id=\"2315818\">\n<div class=\"position-relative d-inline-block\"><img data-recalc-dims=\"1\" loading=\"lazy\" data-portal-copyright=\"Captura de tela do Instagram\" decoding=\"async\" class=\"size-full wp-image-2315818\" src=\"https:\/\/i0.wp.com\/catracalivre.com.br\/wp-content\/uploads\/2023\/12\/img-20231130-wa0210-scaled.jpg?resize=2560%2C1677&#038;ssl=1\" alt=\"Veja como colocar legendas autom\u00e1ticas nos Reels\" width=\"2560\" height=\"1677\" srcset=\"https:\/\/catracalivre.com.br\/wp-content\/uploads\/2023\/12\/img-20231130-wa0210-scaled.jpg 2560w, https:\/\/catracalivre.com.br\/wp-content\/uploads\/2023\/12\/img-20231130-wa0210-450x295.jpg 450w, https:\/\/catracalivre.com.br\/wp-content\/uploads\/2023\/12\/img-20231130-wa0210-768x503.jpg 768w\" sizes=\"auto, (max-width: 2560px) 100vw, 2560px\"\/><\/p>\n<p>Cr\u00e9ditos: Captura de tela do Instagram<\/p>\n<\/div>\n<\/div>\n<p><span class=\"post-imagem__legenda\">Veja como colocar legendas autom\u00e1ticas nos Reels<\/span><\/p>\n<\/div>\n<\/div>\n<p><script>\n\t\t! function(f, b, e, v, n, t, s) {\n\t\t\tif (f.fbq) return;\n\t\t\tn = f.fbq = function() {\n\t\t\t\tn.callMethod ?\n\t\t\t\t\tn.callMethod.apply(n, arguments) : n.queue.push(arguments)\n\t\t\t};\n\t\t\tif (!f._fbq) f._fbq = n;\n\t\t\tn.push = n;\n\t\t\tn.loaded = !0;\n\t\t\tn.version = '2.0';\n\t\t\tn.queue = [];\n\t\t\tt = b.createElement(e);\n\t\t\tt.async = !0;\n\t\t\tt.src = v;\n\t\t\ts = b.getElementsByTagName(e)[0];\n\t\t\ts.parentNode.insertBefore(t, s)\n\t\t}(window, document, 'script',\n\t\t\t'https:\/\/connect.facebook.net\/en_US\/fbevents.js');\n\t\tfbq('init', '338315473262380');\n\t\tfbq('track', 'PageView');\n\t<\/script><script async src=\"\/\/www.instagram.com\/embed.js\"><\/script><br \/>\n<br \/><br \/>\n<br \/><a href=\"https:\/\/catracalivre.com.br\/entretenimento\/ative-este-botao-e-voce-tera-legendas-automaticas-em-videos-no-instagram\/\">Source link <\/a><\/p>\n<div class='code-block code-block-4' style='margin: 8px auto 8px 0; text-align: left; display: block; clear: both;'>\n\ud83d\udce2 Aviso Legal\n\nO site ismaelcolosi.com.br atua apenas como um canal de divulga\u00e7\u00e3o de oportunidades de emprego e n\u00e3o se responsabiliza pelo processo seletivo, contrata\u00e7\u00e3o ou qualquer outra etapa relacionada \u00e0s vagas publicadas. Todas as informa\u00e7\u00f5es s\u00e3o de responsabilidade dos anunciantes.\n\n\u26a0\ufe0f Aten\u00e7\u00e3o! Nunca pague por promessas de emprego nem compre cursos que garantam contrata\u00e7\u00e3o. Desconfie de qualquer cobran\u00e7a para participar de sele\u00e7\u00f5es.\n\n\n\n<\/div>\n<!-- CONTENT END 1 -->\n","protected":false},"excerpt":{"rendered":"<p>Cr\u00e9ditos: divulga\u00e7\u00e3o\/Instagram Aprenda a adicionar legendas autom\u00e1ticas em v\u00eddeos no Instagram A inclus\u00e3o digital \u00e9 um assunto primordial. Tendo em vista essa necessidade, o Instagram,&#8230;<\/p>\n","protected":false},"author":1,"featured_media":13709,"comment_status":"open","ping_status":"open","sticky":false,"template":"","format":"standard","meta":{"_uag_custom_page_level_css":"","advanced_seo_description":"","jetpack_seo_html_title":"","jetpack_seo_noindex":false,"jetpack_post_was_ever_published":false,"_jetpack_newsletter_access":"","_jetpack_dont_email_post_to_subs":false,"_jetpack_newsletter_tier_id":0,"_jetpack_memberships_contains_paywalled_content":false,"_jetpack_memberships_contains_paid_content":false,"footnotes":"","jetpack_publicize_message":"","jetpack_publicize_feature_enabled":true,"jetpack_social_post_already_shared":true,"jetpack_social_options":{"image_generator_settings":{"template":"highway","default_image_id":0,"font":"","enabled":false},"version":2}},"categories":[19],"tags":[],"class_list":["post-13708","post","type-post","status-publish","format-standard","has-post-thumbnail","hentry","category-variedades"],"jetpack_publicize_connections":[],"jetpack_featured_media_url":"https:\/\/i0.wp.com\/ismaelcolosi.com.br\/wp-content\/uploads\/2023\/12\/legendas-insta.jpeg?fit=1200%2C638&ssl=1","uagb_featured_image_src":{"full":["https:\/\/i0.wp.com\/ismaelcolosi.com.br\/wp-content\/uploads\/2023\/12\/legendas-insta.jpeg?fit=1200%2C638&ssl=1",1200,638,false],"thumbnail":["https:\/\/i0.wp.com\/ismaelcolosi.com.br\/wp-content\/uploads\/2023\/12\/legendas-insta.jpeg?resize=150%2C150&ssl=1",150,150,true],"medium":["https:\/\/i0.wp.com\/ismaelcolosi.com.br\/wp-content\/uploads\/2023\/12\/legendas-insta.jpeg?fit=300%2C160&ssl=1",300,160,true],"medium_large":["https:\/\/i0.wp.com\/ismaelcolosi.com.br\/wp-content\/uploads\/2023\/12\/legendas-insta.jpeg?fit=768%2C408&ssl=1",768,408,true],"large":["https:\/\/i0.wp.com\/ismaelcolosi.com.br\/wp-content\/uploads\/2023\/12\/legendas-insta.jpeg?fit=1024%2C544&ssl=1",1024,544,true],"1536x1536":["https:\/\/i0.wp.com\/ismaelcolosi.com.br\/wp-content\/uploads\/2023\/12\/legendas-insta.jpeg?fit=1200%2C638&ssl=1",1200,638,true],"2048x2048":["https:\/\/i0.wp.com\/ismaelcolosi.com.br\/wp-content\/uploads\/2023\/12\/legendas-insta.jpeg?fit=1200%2C638&ssl=1",1200,638,true],"really-simple-thumb":["https:\/\/i0.wp.com\/ismaelcolosi.com.br\/wp-content\/uploads\/2023\/12\/legendas-insta.jpeg?resize=370%2C247&ssl=1",370,247,true]},"uagb_author_info":{"display_name":"ismaelcolosi.com.br","author_link":"https:\/\/ismaelcolosi.com.br\/index.php\/author\/vidareal-online\/"},"uagb_comment_info":0,"uagb_excerpt":"Cr\u00e9ditos: divulga\u00e7\u00e3o\/Instagram Aprenda a adicionar legendas autom\u00e1ticas em v\u00eddeos no Instagram A inclus\u00e3o digital \u00e9 um assunto primordial. Tendo em vista essa necessidade, o Instagram,...","jetpack-related-posts":[{"id":22429,"url":"https:\/\/ismaelcolosi.com.br\/index.php\/2023\/12\/29\/mundo-inclusivo-saiba-como-criar-videos-narrados-e-legendados\/","url_meta":{"origin":13708,"position":0},"title":"Mundo inclusivo: saiba como criar v\u00eddeos narrados e legendados","author":"ismaelcolosi.com.br","date":"29 de December de 2023","format":false,"excerpt":"Quanto mais acess\u00edvel forem os conte\u00fados, mais abrangente ser\u00e1 seu p\u00fablico. Essa \u00e9 uma das raz\u00f5es para criar v\u00eddeos narrados e legendados: incluir uma vasta gama de espectadores.V\u00eddeos narrados e legendados s\u00e3o ferramentas essenciais para garantir inclus\u00e3o digital e acessibilidade aos mais variados p\u00fablicos.\u00a0Pessoas possuem uma infinidade de particularidades. Algumas\u2026","rel":"","context":"In &quot;Not\u00edcias de Ribeir\u00e3o Preto-SP e Regi\u00e3o&quot;","block_context":{"text":"Not\u00edcias de Ribeir\u00e3o Preto-SP e Regi\u00e3o","link":"https:\/\/ismaelcolosi.com.br\/index.php\/category\/noticias-de-ribeirao-preto-sp-e-regiao-ismael-colosi\/"},"img":{"alt_text":"","src":"https:\/\/i0.wp.com\/ismaelcolosi.com.br\/wp-content\/uploads\/2023\/12\/1703893739_imagem1.jpg?fit=847%2C562&ssl=1&resize=350%2C200","width":350,"height":200,"srcset":"https:\/\/i0.wp.com\/ismaelcolosi.com.br\/wp-content\/uploads\/2023\/12\/1703893739_imagem1.jpg?fit=847%2C562&ssl=1&resize=350%2C200 1x, https:\/\/i0.wp.com\/ismaelcolosi.com.br\/wp-content\/uploads\/2023\/12\/1703893739_imagem1.jpg?fit=847%2C562&ssl=1&resize=525%2C300 1.5x, https:\/\/i0.wp.com\/ismaelcolosi.com.br\/wp-content\/uploads\/2023\/12\/1703893739_imagem1.jpg?fit=847%2C562&ssl=1&resize=700%2C400 2x"},"classes":[]},{"id":49429,"url":"https:\/\/ismaelcolosi.com.br\/index.php\/2024\/05\/10\/harvard-oferece-163-cursos-gratuitos-online-com-legendas-em-portugues\/","url_meta":{"origin":13708,"position":1},"title":"Harvard oferece 163 cursos gratuitos online com legendas em portugu\u00eas!","author":"ismaelcolosi.com.br","date":"10 de May de 2024","format":false,"excerpt":"A Universidade de Harvard, uma das mais prestigiadas institui\u00e7\u00f5es de ensino do mundo, est\u00e1 oferecendo uma oportunidade incr\u00edvel para estudantes globais: mais de 160 cursos gratuitos e online, muitos deles com legendas em portugu\u00eas. Essa \u00e9 uma chance \u00fanica de acessar conte\u00fado educacional de alta qualidade sem nenhum custo. Expandindo\u2026","rel":"","context":"In &quot;Cursos Gratuitos e Bolsas de Estudos&quot;","block_context":{"text":"Cursos Gratuitos e Bolsas de Estudos","link":"https:\/\/ismaelcolosi.com.br\/index.php\/category\/cursos-gratuitos-e-bolsas-de-estudos-ribeirao-preto\/"},"img":{"alt_text":"","src":"https:\/\/i0.wp.com\/ismaelcolosi.com.br\/wp-content\/uploads\/2024\/05\/Harvard-oferece-163-cursos-gratuitos-online-com-legendas-em-portugues.png?fit=1200%2C630&ssl=1&resize=350%2C200","width":350,"height":200,"srcset":"https:\/\/i0.wp.com\/ismaelcolosi.com.br\/wp-content\/uploads\/2024\/05\/Harvard-oferece-163-cursos-gratuitos-online-com-legendas-em-portugues.png?fit=1200%2C630&ssl=1&resize=350%2C200 1x, https:\/\/i0.wp.com\/ismaelcolosi.com.br\/wp-content\/uploads\/2024\/05\/Harvard-oferece-163-cursos-gratuitos-online-com-legendas-em-portugues.png?fit=1200%2C630&ssl=1&resize=525%2C300 1.5x, https:\/\/i0.wp.com\/ismaelcolosi.com.br\/wp-content\/uploads\/2024\/05\/Harvard-oferece-163-cursos-gratuitos-online-com-legendas-em-portugues.png?fit=1200%2C630&ssl=1&resize=700%2C400 2x, https:\/\/i0.wp.com\/ismaelcolosi.com.br\/wp-content\/uploads\/2024\/05\/Harvard-oferece-163-cursos-gratuitos-online-com-legendas-em-portugues.png?fit=1200%2C630&ssl=1&resize=1050%2C600 3x"},"classes":[]},{"id":54524,"url":"https:\/\/ismaelcolosi.com.br\/index.php\/2024\/06\/25\/problemas-com-o-instagram-usuarios-relatam-falhas-no-aplicativo\/","url_meta":{"origin":13708,"position":2},"title":"Problemas com o Instagram? Usu\u00e1rios relatam falhas no aplicativo","author":"ismaelcolosi.com.br","date":"25 de June de 2024","format":false,"excerpt":"O Instagram apresenta instabilidade na noite desta ter\u00e7a-feira (25). Usu\u00e1rios da plataforma est\u00e3o relatando problemas com as curtidas e legendas das fotos, al\u00e9m de dificuldades em enviar \u00e1udios nas mensagens particulares. De acordo com o site Downdetector, que monitora falhas nas redes sociais, houve aumento de notifica\u00e7\u00f5es sobre os problemas\u2026","rel":"","context":"In &quot;Not\u00edcias de Ribeir\u00e3o Preto-SP e Regi\u00e3o&quot;","block_context":{"text":"Not\u00edcias de Ribeir\u00e3o Preto-SP e Regi\u00e3o","link":"https:\/\/ismaelcolosi.com.br\/index.php\/category\/noticias-de-ribeirao-preto-sp-e-regiao-ismael-colosi\/"},"img":{"alt_text":"","src":"https:\/\/i0.wp.com\/ismaelcolosi.com.br\/wp-content\/uploads\/2024\/06\/UsuriosdoInstagramrelataminstabilidadenoaplicativo_Tamanho_2_image.jpg?fit=1200%2C900&ssl=1&resize=350%2C200","width":350,"height":200,"srcset":"https:\/\/i0.wp.com\/ismaelcolosi.com.br\/wp-content\/uploads\/2024\/06\/UsuriosdoInstagramrelataminstabilidadenoaplicativo_Tamanho_2_image.jpg?fit=1200%2C900&ssl=1&resize=350%2C200 1x, https:\/\/i0.wp.com\/ismaelcolosi.com.br\/wp-content\/uploads\/2024\/06\/UsuriosdoInstagramrelataminstabilidadenoaplicativo_Tamanho_2_image.jpg?fit=1200%2C900&ssl=1&resize=525%2C300 1.5x, https:\/\/i0.wp.com\/ismaelcolosi.com.br\/wp-content\/uploads\/2024\/06\/UsuriosdoInstagramrelataminstabilidadenoaplicativo_Tamanho_2_image.jpg?fit=1200%2C900&ssl=1&resize=700%2C400 2x, https:\/\/i0.wp.com\/ismaelcolosi.com.br\/wp-content\/uploads\/2024\/06\/UsuriosdoInstagramrelataminstabilidadenoaplicativo_Tamanho_2_image.jpg?fit=1200%2C900&ssl=1&resize=1050%2C600 3x"},"classes":[]},{"id":88185,"url":"https:\/\/ismaelcolosi.com.br\/index.php\/2025\/11\/08\/universidade-de-yale-lancou-16-cursos-online-gratuitos-em-portugues\/","url_meta":{"origin":13708,"position":3},"title":"Universidade de Yale lan\u00e7ou 16 cursos online gratuitos em portugu\u00eas","author":"ismaelcolosi.com.br","date":"8 de November de 2025","format":false,"excerpt":"\u00a0 Universidade de Yale lan\u00e7ou 16 cursos online gratuitos em portugu\u00eas A Ivy League mais perto de voc\u00ea: 16 cursos gratuitos (com legendas em portugu\u00eas) em psicologia, finan\u00e7as, bem-estar, negocia\u00e7\u00e3o, sa\u00fade global e mais\u2014com op\u00e7\u00e3o de certificado. Acessar os cursos da Yale na Coursera Sum\u00e1rio do artigo Por que estes\u2026","rel":"","context":"In &quot;Cursos Gratuitos e Bolsas de Estudos&quot;","block_context":{"text":"Cursos Gratuitos e Bolsas de Estudos","link":"https:\/\/ismaelcolosi.com.br\/index.php\/category\/cursos-gratuitos-e-bolsas-de-estudos-ribeirao-preto\/"},"img":{"alt_text":"","src":"https:\/\/i0.wp.com\/ismaelcolosi.com.br\/wp-content\/uploads\/2025\/11\/Universidade-Yale-oferece-80-cursos-online-gratuitos-confira.png?fit=1200%2C630&ssl=1&resize=350%2C200","width":350,"height":200,"srcset":"https:\/\/i0.wp.com\/ismaelcolosi.com.br\/wp-content\/uploads\/2025\/11\/Universidade-Yale-oferece-80-cursos-online-gratuitos-confira.png?fit=1200%2C630&ssl=1&resize=350%2C200 1x, https:\/\/i0.wp.com\/ismaelcolosi.com.br\/wp-content\/uploads\/2025\/11\/Universidade-Yale-oferece-80-cursos-online-gratuitos-confira.png?fit=1200%2C630&ssl=1&resize=525%2C300 1.5x, https:\/\/i0.wp.com\/ismaelcolosi.com.br\/wp-content\/uploads\/2025\/11\/Universidade-Yale-oferece-80-cursos-online-gratuitos-confira.png?fit=1200%2C630&ssl=1&resize=700%2C400 2x, https:\/\/i0.wp.com\/ismaelcolosi.com.br\/wp-content\/uploads\/2025\/11\/Universidade-Yale-oferece-80-cursos-online-gratuitos-confira.png?fit=1200%2C630&ssl=1&resize=1050%2C600 3x"},"classes":[]},{"id":42122,"url":"https:\/\/ismaelcolosi.com.br\/index.php\/2024\/03\/12\/dicas-de-como-utilizar-o-youtube-para-empresas\/","url_meta":{"origin":13708,"position":4},"title":"Dicas de como utilizar o Youtube para empresas","author":"ismaelcolosi.com.br","date":"12 de March de 2024","format":false,"excerpt":"Descubra a import\u00e2ncia que um canal no youtube possui para que a sua empresa tenha ainda mais alcance no mercado! \u00c9 quase imposs\u00edvel que voc\u00ea nunca tenha tido d\u00favidas sobre como fazer algo ou curiosidade sobre um produto que est\u00e1 a dias pensando em comprar e acabou jogando no Youtube\u2026","rel":"","context":"In &quot;Empreendedorismo&quot;","block_context":{"text":"Empreendedorismo","link":"https:\/\/ismaelcolosi.com.br\/index.php\/category\/empreendedorismo-negocios-ismael-colosi-negocios\/"},"img":{"alt_text":"","src":"https:\/\/i0.wp.com\/ismaelcolosi.com.br\/wp-content\/uploads\/2024\/03\/Youtube-1024x286.jpg?fit=1024%2C286&ssl=1&resize=350%2C200","width":350,"height":200,"srcset":"https:\/\/i0.wp.com\/ismaelcolosi.com.br\/wp-content\/uploads\/2024\/03\/Youtube-1024x286.jpg?fit=1024%2C286&ssl=1&resize=350%2C200 1x, https:\/\/i0.wp.com\/ismaelcolosi.com.br\/wp-content\/uploads\/2024\/03\/Youtube-1024x286.jpg?fit=1024%2C286&ssl=1&resize=525%2C300 1.5x, https:\/\/i0.wp.com\/ismaelcolosi.com.br\/wp-content\/uploads\/2024\/03\/Youtube-1024x286.jpg?fit=1024%2C286&ssl=1&resize=700%2C400 2x"},"classes":[]},{"id":65701,"url":"https:\/\/ismaelcolosi.com.br\/index.php\/2024\/09\/13\/mariana-negri-participa-nesta-sexta-da-serie-de-entrevistas-com-candidatos-a-prefeitura-de-franca\/","url_meta":{"origin":13708,"position":5},"title":"Mariana Negri participa nesta sexta da s\u00e9rie de entrevistas com candidatos \u00e0 Prefeitura de Franca","author":"ismaelcolosi.com.br","date":"13 de September de 2024","format":false,"excerpt":"O acidade on Ribeir\u00e3o realiza nesta semana uma s\u00e9rie de entrevistas com os candidatos \u00e0 Prefeitura de Franca nas elei\u00e7\u00f5es 2024. Nesta sexta-feira (13) \u00e9 a vez da sabatina da advogada Mariana Negri (PT) \u2013 veja o player acima. A entrevista vai ao ar, ao vivo, logo ap\u00f3s a sabatina\u2026","rel":"","context":"In &quot;Not\u00edcias de Ribeir\u00e3o Preto-SP e Regi\u00e3o&quot;","block_context":{"text":"Not\u00edcias de Ribeir\u00e3o Preto-SP e Regi\u00e3o","link":"https:\/\/ismaelcolosi.com.br\/index.php\/category\/noticias-de-ribeirao-preto-sp-e-regiao-ismael-colosi\/"},"img":{"alt_text":"","src":"https:\/\/i0.wp.com\/ismaelcolosi.com.br\/wp-content\/uploads\/2024\/09\/Mariana-Negri_2024-09-13_14-30-22_jpg_2024-09-13_14-30-22.webp.webp?fit=1199%2C933&ssl=1&resize=350%2C200","width":350,"height":200,"srcset":"https:\/\/i0.wp.com\/ismaelcolosi.com.br\/wp-content\/uploads\/2024\/09\/Mariana-Negri_2024-09-13_14-30-22_jpg_2024-09-13_14-30-22.webp.webp?fit=1199%2C933&ssl=1&resize=350%2C200 1x, https:\/\/i0.wp.com\/ismaelcolosi.com.br\/wp-content\/uploads\/2024\/09\/Mariana-Negri_2024-09-13_14-30-22_jpg_2024-09-13_14-30-22.webp.webp?fit=1199%2C933&ssl=1&resize=525%2C300 1.5x, https:\/\/i0.wp.com\/ismaelcolosi.com.br\/wp-content\/uploads\/2024\/09\/Mariana-Negri_2024-09-13_14-30-22_jpg_2024-09-13_14-30-22.webp.webp?fit=1199%2C933&ssl=1&resize=700%2C400 2x, https:\/\/i0.wp.com\/ismaelcolosi.com.br\/wp-content\/uploads\/2024\/09\/Mariana-Negri_2024-09-13_14-30-22_jpg_2024-09-13_14-30-22.webp.webp?fit=1199%2C933&ssl=1&resize=1050%2C600 3x"},"classes":[]}],"jetpack_sharing_enabled":true,"jetpack_shortlink":"https:\/\/wp.me\/pfMlyK-3z6","_links":{"self":[{"href":"https:\/\/ismaelcolosi.com.br\/index.php\/wp-json\/wp\/v2\/posts\/13708","targetHints":{"allow":["GET"]}}],"collection":[{"href":"https:\/\/ismaelcolosi.com.br\/index.php\/wp-json\/wp\/v2\/posts"}],"about":[{"href":"https:\/\/ismaelcolosi.com.br\/index.php\/wp-json\/wp\/v2\/types\/post"}],"author":[{"embeddable":true,"href":"https:\/\/ismaelcolosi.com.br\/index.php\/wp-json\/wp\/v2\/users\/1"}],"replies":[{"embeddable":true,"href":"https:\/\/ismaelcolosi.com.br\/index.php\/wp-json\/wp\/v2\/comments?post=13708"}],"version-history":[{"count":0,"href":"https:\/\/ismaelcolosi.com.br\/index.php\/wp-json\/wp\/v2\/posts\/13708\/revisions"}],"wp:featuredmedia":[{"embeddable":true,"href":"https:\/\/ismaelcolosi.com.br\/index.php\/wp-json\/wp\/v2\/media\/13709"}],"wp:attachment":[{"href":"https:\/\/ismaelcolosi.com.br\/index.php\/wp-json\/wp\/v2\/media?parent=13708"}],"wp:term":[{"taxonomy":"category","embeddable":true,"href":"https:\/\/ismaelcolosi.com.br\/index.php\/wp-json\/wp\/v2\/categories?post=13708"},{"taxonomy":"post_tag","embeddable":true,"href":"https:\/\/ismaelcolosi.com.br\/index.php\/wp-json\/wp\/v2\/tags?post=13708"}],"curies":[{"name":"wp","href":"https:\/\/api.w.org\/{rel}","templated":true}]}}