{"id":13688,"date":"2023-12-11T00:12:45","date_gmt":"2023-12-11T03:12:45","guid":{"rendered":"https:\/\/ismaelcolosi.com.br\/index.php\/2023\/12\/11\/prazo-para-renovacao-cadastral-acaba-em-breve-entenda\/"},"modified":"2023-12-11T00:12:45","modified_gmt":"2023-12-11T03:12:45","slug":"prazo-para-renovacao-cadastral-acaba-em-breve-entenda","status":"publish","type":"post","link":"https:\/\/ismaelcolosi.com.br\/index.php\/2023\/12\/11\/prazo-para-renovacao-cadastral-acaba-em-breve-entenda\/","title":{"rendered":"prazo para renova\u00e7\u00e3o cadastral acaba em breve; entenda"},"content":{"rendered":"<p> <br \/>\n<\/p>\n<div>\n<div id=\"attachment_2297885\" class=\"wp-caption alignnone\">\n<div class=\"d-flex justify-content-center\" data-attachment-id=\"2297885\">\n<div class=\"position-relative d-inline-block\"><img data-recalc-dims=\"1\" data-portal-copyright=\"Istock\/Weekend Images Inc.\" fetchpriority=\"high\" decoding=\"async\" class=\"size-full wp-image-2297885\" src=\"https:\/\/i0.wp.com\/catracalivre.com.br\/wp-content\/uploads\/2023\/09\/istock-638953230.jpg?resize=1254%2C836&#038;ssl=1\" alt=\"MEI: A melhor not\u00edcia para alavancar seu neg\u00f3cio acaba de chegar\" width=\"1254\" height=\"836\" srcset=\"https:\/\/catracalivre.com.br\/wp-content\/uploads\/2023\/09\/istock-638953230.jpg 1254w, https:\/\/catracalivre.com.br\/wp-content\/uploads\/2023\/09\/istock-638953230-450x300.jpg 450w, https:\/\/catracalivre.com.br\/wp-content\/uploads\/2023\/09\/istock-638953230-768x512.jpg 768w\" sizes=\"(max-width: 1254px) 100vw, 1254px\"\/><\/p>\n<p>Cr\u00e9ditos: Istock\/Weekend Images Inc.<\/p>\n<\/div>\n<\/div>\n<p><span class=\"post-imagem__legenda\">MEI: A melhor not\u00edcia para alavancar seu neg\u00f3cio acaba de chegar<\/span><\/p>\n<\/div>\n<p>O Microempreendedor Individual (MEI) desfruta de in\u00fameros benef\u00edcios ao estar cadastrado no Simples Nacional. Contudo, manter essa condi\u00e7\u00e3o exige o cumprimento de algumas obriga\u00e7\u00f5es, e a renova\u00e7\u00e3o cadastral \u00e9 uma delas. O MEI que n\u00e3o regularizar suas pend\u00eancias at\u00e9 o dia 1\u00ba de janeiro enfrenta o risco de exclus\u00e3o do Simples Nacional, o que acarreta em consequ\u00eancias significativas para sua atividade empresarial.<\/p>\n<h2>Consequ\u00eancias da Exclus\u00e3o do Simples Nacional<\/h2>\n<p>A exclus\u00e3o do Simples Nacional implica em diversas repercuss\u00f5es para o <a href=\"https:\/\/catracalivre.com.br\/cidadania\/mei-pode-ampliar-o-valor-da-aposentadoria-pelo-inss\/\">MEI<\/a>, sendo uma das mais not\u00e1veis a retirada da lista dos microempreendedores que se beneficiam da tributa\u00e7\u00e3o simplificada. Essa modalidade de tributa\u00e7\u00e3o \u00e9 essencial para a simplifica\u00e7\u00e3o do recolhimento de impostos, proporcionando vantagens significativas para os pequenos empres\u00e1rios.<\/p>\n<p>Uma das obriga\u00e7\u00f5es primordiais para a manuten\u00e7\u00e3o da condi\u00e7\u00e3o de MEI \u00e9 o pagamento regular do Documento de Arrecada\u00e7\u00e3o do Simples Nacional (DAS). Esse documento consolida, de forma unificada, os tributos devidos pelos microempreendedores. Dentre esses tributos, destaca-se a contribui\u00e7\u00e3o para o Instituto Nacional do Seguro Social (INSS), que assegura benef\u00edcios trabalhistas como aux\u00edlio-doen\u00e7a e aposentadoria. O n\u00e3o cumprimento dessas obriga\u00e7\u00f5es pode levar \u00e0 exclus\u00e3o do cadastro nacional, privando o <a href=\"https:\/\/catracalivre.com.br\/cidadania\/mei-pode-ter-ate-30-de-desconto-em-compra-de-carro-confira\/\">MEI<\/a> desses importantes benef\u00edcios.<\/p>\n<p>Segundo dados da Receita Federal, mais de 400 mil microempreendedores individuais apresentam algum tipo de pend\u00eancia com o \u00f3rg\u00e3o. A d\u00edvida total acumulada pela categoria atinge a expressiva cifra de aproximadamente R$ 2,25 bilh\u00f5es. Diante desse cen\u00e1rio, \u00e9 urgente que os MEIs verifiquem sua situa\u00e7\u00e3o cadastral e realizem as devidas regulariza\u00e7\u00f5es para evitar preju\u00edzos futuros.<\/p>\n<h2>Procedimentos para Regularizar o MEI<\/h2>\n<p>Para garantir a perman\u00eancia no Simples Nacional e preservar os benef\u00edcios concedidos ao MEI, \u00e9 crucial que o microempreendedor regularize sua situa\u00e7\u00e3o junto \u00e0 Receita Federal. Esse processo pode ser efetuado de maneira online, proporcionando maior comodidade e agilidade. Abaixo, destacamos os passos necess\u00e1rios para realizar a regulariza\u00e7\u00e3o:<\/p>\n<p><strong>Acesse o Portal do Simples Nacional: <\/strong>Inicie o processo de regulariza\u00e7\u00e3o acessando o Portal do Simples Nacional, uma plataforma intuitiva que oferece diversas funcionalidades aos contribuintes.<\/p>\n<p><strong>Utilize o Centro de Atendimento ao Contribuinte (e-CAC):\u00a0<\/strong>O e-CAC \u00e9 uma ferramenta valiosa para os contribuintes. Utilize essa op\u00e7\u00e3o para consultar extratos e pend\u00eancias, obtendo uma vis\u00e3o clara da situa\u00e7\u00e3o cadastral.<\/p>\n<p><strong>Consulta de Extrato\/Pend\u00eancias:\u00a0<\/strong>No Portal, selecione a op\u00e7\u00e3o \u201cConsultar Extrato\/Pend\u00eancias\u201d para acessar as informa\u00e7\u00f5es relevantes sobre a situa\u00e7\u00e3o cadastral do MEI.<\/p>\n<p><strong>Consultar Pend\u00eancias no Simei:\u00a0<\/strong>Dentro da plataforma, clique na op\u00e7\u00e3o \u201cConsultar Pend\u00eancias no Simei\u201d para visualizar detalhes sobre as d\u00edvidas e escolher as op\u00e7\u00f5es para regulariza\u00e7\u00e3o.<\/p>\n<p><strong>Op\u00e7\u00f5es de Regulariza\u00e7\u00e3o:\u00a0<\/strong>Dependendo do valor devido \u00e0 Receita Federal, o sistema poder\u00e1 oferecer op\u00e7\u00f5es de parcelamento, facilitando o processo de regulariza\u00e7\u00e3o financeira.<\/p>\n<p>A regulariza\u00e7\u00e3o atempada \u00e9 fundamental para assegurar a continuidade do MEI no Simples Nacional e evitar transtornos decorrentes da exclus\u00e3o. Ao seguir esses passos, os microempreendedores poder\u00e3o enfrentar suas pend\u00eancias de forma organizada e eficaz.<\/p>\n<\/div>\n<p><script>\n\t\t! function(f, b, e, v, n, t, s) {\n\t\t\tif (f.fbq) return;\n\t\t\tn = f.fbq = function() {\n\t\t\t\tn.callMethod ?\n\t\t\t\t\tn.callMethod.apply(n, arguments) : n.queue.push(arguments)\n\t\t\t};\n\t\t\tif (!f._fbq) f._fbq = n;\n\t\t\tn.push = n;\n\t\t\tn.loaded = !0;\n\t\t\tn.version = '2.0';\n\t\t\tn.queue = [];\n\t\t\tt = b.createElement(e);\n\t\t\tt.async = !0;\n\t\t\tt.src = v;\n\t\t\ts = b.getElementsByTagName(e)[0];\n\t\t\ts.parentNode.insertBefore(t, s)\n\t\t}(window, document, 'script',\n\t\t\t'https:\/\/connect.facebook.net\/en_US\/fbevents.js');\n\t\tfbq('init', '338315473262380');\n\t\tfbq('track', 'PageView');\n\t<\/script><br \/>\n<br \/><br \/>\n<br \/><a href=\"https:\/\/catracalivre.com.br\/cidadania\/mei-prazo-para-renovacao-cadastral-acaba-em-breve-entenda\/\">Source link <\/a><\/p>\n<div class='code-block code-block-4' style='margin: 8px auto 8px 0; text-align: left; display: block; clear: both;'>\n\ud83d\udce2 Aviso Legal\n\nO site ismaelcolosi.com.br atua apenas como um canal de divulga\u00e7\u00e3o de oportunidades de emprego e n\u00e3o se responsabiliza pelo processo seletivo, contrata\u00e7\u00e3o ou qualquer outra etapa relacionada \u00e0s vagas publicadas. Todas as informa\u00e7\u00f5es s\u00e3o de responsabilidade dos anunciantes.\n\n\u26a0\ufe0f Aten\u00e7\u00e3o! Nunca pague por promessas de emprego nem compre cursos que garantam contrata\u00e7\u00e3o. Desconfie de qualquer cobran\u00e7a para participar de sele\u00e7\u00f5es.\n\n\n\n<\/div>\n<!-- CONTENT END 1 -->\n","protected":false},"excerpt":{"rendered":"<p>Cr\u00e9ditos: Istock\/Weekend Images Inc. MEI: A melhor not\u00edcia para alavancar seu neg\u00f3cio acaba de chegar O Microempreendedor Individual (MEI) desfruta de in\u00fameros benef\u00edcios ao estar&#8230;<\/p>\n","protected":false},"author":1,"featured_media":13689,"comment_status":"open","ping_status":"open","sticky":false,"template":"","format":"standard","meta":{"_uag_custom_page_level_css":"","advanced_seo_description":"","jetpack_seo_html_title":"","jetpack_seo_noindex":false,"jetpack_post_was_ever_published":false,"_jetpack_newsletter_access":"","_jetpack_dont_email_post_to_subs":false,"_jetpack_newsletter_tier_id":0,"_jetpack_memberships_contains_paywalled_content":false,"_jetpack_memberships_contains_paid_content":false,"footnotes":"","jetpack_publicize_message":"","jetpack_publicize_feature_enabled":true,"jetpack_social_post_already_shared":true,"jetpack_social_options":{"image_generator_settings":{"template":"highway","default_image_id":0,"font":"","enabled":false},"version":2}},"categories":[19],"tags":[],"class_list":["post-13688","post","type-post","status-publish","format-standard","has-post-thumbnail","hentry","category-variedades"],"jetpack_publicize_connections":[],"jetpack_featured_media_url":"https:\/\/i0.wp.com\/ismaelcolosi.com.br\/wp-content\/uploads\/2023\/12\/1702264369_istock-1690799866.jpg?fit=1200%2C638&ssl=1","uagb_featured_image_src":{"full":["https:\/\/i0.wp.com\/ismaelcolosi.com.br\/wp-content\/uploads\/2023\/12\/1702264369_istock-1690799866.jpg?fit=1200%2C638&ssl=1",1200,638,false],"thumbnail":["https:\/\/i0.wp.com\/ismaelcolosi.com.br\/wp-content\/uploads\/2023\/12\/1702264369_istock-1690799866.jpg?resize=150%2C150&ssl=1",150,150,true],"medium":["https:\/\/i0.wp.com\/ismaelcolosi.com.br\/wp-content\/uploads\/2023\/12\/1702264369_istock-1690799866.jpg?fit=300%2C160&ssl=1",300,160,true],"medium_large":["https:\/\/i0.wp.com\/ismaelcolosi.com.br\/wp-content\/uploads\/2023\/12\/1702264369_istock-1690799866.jpg?fit=768%2C408&ssl=1",768,408,true],"large":["https:\/\/i0.wp.com\/ismaelcolosi.com.br\/wp-content\/uploads\/2023\/12\/1702264369_istock-1690799866.jpg?fit=1024%2C544&ssl=1",1024,544,true],"1536x1536":["https:\/\/i0.wp.com\/ismaelcolosi.com.br\/wp-content\/uploads\/2023\/12\/1702264369_istock-1690799866.jpg?fit=1200%2C638&ssl=1",1200,638,true],"2048x2048":["https:\/\/i0.wp.com\/ismaelcolosi.com.br\/wp-content\/uploads\/2023\/12\/1702264369_istock-1690799866.jpg?fit=1200%2C638&ssl=1",1200,638,true],"really-simple-thumb":["https:\/\/i0.wp.com\/ismaelcolosi.com.br\/wp-content\/uploads\/2023\/12\/1702264369_istock-1690799866.jpg?resize=370%2C247&ssl=1",370,247,true]},"uagb_author_info":{"display_name":"ismaelcolosi.com.br","author_link":"https:\/\/ismaelcolosi.com.br\/index.php\/author\/vidareal-online\/"},"uagb_comment_info":0,"uagb_excerpt":"Cr\u00e9ditos: Istock\/Weekend Images Inc. MEI: A melhor not\u00edcia para alavancar seu neg\u00f3cio acaba de chegar O Microempreendedor Individual (MEI) desfruta de in\u00fameros benef\u00edcios ao estar...","jetpack-related-posts":[{"id":11315,"url":"https:\/\/ismaelcolosi.com.br\/index.php\/2023\/12\/05\/a-noticia-mais-esperada-do-bolsa-familia-de-dezembro-acaba-de-chegar\/","url_meta":{"origin":13688,"position":0},"title":"A not\u00edcia mais esperada do Bolsa Fam\u00edlia de dezembro acaba de chegar","author":"ismaelcolosi.com.br","date":"5 de December de 2023","format":false,"excerpt":"O governo federal anunciou o calend\u00e1rio de pagamento do programa Bolsa Fam\u00edlia para o m\u00eas de dezembro. De acordo com o planejamento do Governo Federal, os pagamentos ter\u00e3o in\u00edcio no dia 11 e se estender\u00e3o at\u00e9 o dia 22, antecipando os pagamentos para o Natal.Cr\u00e9ditos: Ag\u00eancia Brasil\/ArquivoA not\u00edcia mais esperada\u2026","rel":"","context":"In &quot;Variedades&quot;","block_context":{"text":"Variedades","link":"https:\/\/ismaelcolosi.com.br\/index.php\/category\/variedades\/"},"img":{"alt_text":"","src":"https:\/\/i0.wp.com\/ismaelcolosi.com.br\/wp-content\/uploads\/2023\/12\/1701828531_bolsa-familia-caixa-libera-pagamento-para-novo-grupo-em-julho.jpg?fit=1200%2C638&ssl=1&resize=350%2C200","width":350,"height":200,"srcset":"https:\/\/i0.wp.com\/ismaelcolosi.com.br\/wp-content\/uploads\/2023\/12\/1701828531_bolsa-familia-caixa-libera-pagamento-para-novo-grupo-em-julho.jpg?fit=1200%2C638&ssl=1&resize=350%2C200 1x, https:\/\/i0.wp.com\/ismaelcolosi.com.br\/wp-content\/uploads\/2023\/12\/1701828531_bolsa-familia-caixa-libera-pagamento-para-novo-grupo-em-julho.jpg?fit=1200%2C638&ssl=1&resize=525%2C300 1.5x, https:\/\/i0.wp.com\/ismaelcolosi.com.br\/wp-content\/uploads\/2023\/12\/1701828531_bolsa-familia-caixa-libera-pagamento-para-novo-grupo-em-julho.jpg?fit=1200%2C638&ssl=1&resize=700%2C400 2x, https:\/\/i0.wp.com\/ismaelcolosi.com.br\/wp-content\/uploads\/2023\/12\/1701828531_bolsa-familia-caixa-libera-pagamento-para-novo-grupo-em-julho.jpg?fit=1200%2C638&ssl=1&resize=1050%2C600 3x"},"classes":[]},{"id":10902,"url":"https:\/\/ismaelcolosi.com.br\/index.php\/2023\/12\/05\/novo-calendario-do-bolsa-familia-de-dezembro-acaba-de-chegar\/","url_meta":{"origin":13688,"position":1},"title":"Novo calend\u00e1rio do Bolsa Fam\u00edlia de dezembro acaba de chegar","author":"ismaelcolosi.com.br","date":"5 de December de 2023","format":false,"excerpt":"O governo federal anunciou o calend\u00e1rio de pagamento do programa Bolsa Fam\u00edlia para o m\u00eas de dezembro. De acordo com o planejamento do Governo Federal, os pagamentos ter\u00e3o in\u00edcio no dia 11 e se estender\u00e3o at\u00e9 o dia 22, antecipando os pagamentos para o Natal.Cr\u00e9ditos: Roberta Aline \/ MDSNovo calend\u00e1rio\u2026","rel":"","context":"In &quot;Variedades&quot;","block_context":{"text":"Variedades","link":"https:\/\/ismaelcolosi.com.br\/index.php\/category\/variedades\/"},"img":{"alt_text":"","src":"https:\/\/i0.wp.com\/ismaelcolosi.com.br\/wp-content\/uploads\/2023\/12\/beneficiarios-tem-bolsa-familia-suspenso-por-motivo-inesperado.jpeg?fit=1200%2C638&ssl=1&resize=350%2C200","width":350,"height":200,"srcset":"https:\/\/i0.wp.com\/ismaelcolosi.com.br\/wp-content\/uploads\/2023\/12\/beneficiarios-tem-bolsa-familia-suspenso-por-motivo-inesperado.jpeg?fit=1200%2C638&ssl=1&resize=350%2C200 1x, https:\/\/i0.wp.com\/ismaelcolosi.com.br\/wp-content\/uploads\/2023\/12\/beneficiarios-tem-bolsa-familia-suspenso-por-motivo-inesperado.jpeg?fit=1200%2C638&ssl=1&resize=525%2C300 1.5x, https:\/\/i0.wp.com\/ismaelcolosi.com.br\/wp-content\/uploads\/2023\/12\/beneficiarios-tem-bolsa-familia-suspenso-por-motivo-inesperado.jpeg?fit=1200%2C638&ssl=1&resize=700%2C400 2x, https:\/\/i0.wp.com\/ismaelcolosi.com.br\/wp-content\/uploads\/2023\/12\/beneficiarios-tem-bolsa-familia-suspenso-por-motivo-inesperado.jpeg?fit=1200%2C638&ssl=1&resize=1050%2C600 3x"},"classes":[]},{"id":15066,"url":"https:\/\/ismaelcolosi.com.br\/index.php\/2023\/12\/13\/a-novidade-mais-aguardada-do-bolsa-familia-em-dezembro-acaba-de-chegar\/","url_meta":{"origin":13688,"position":2},"title":"A novidade mais aguardada do Bolsa Fam\u00edlia em dezembro acaba de chegar","author":"ismaelcolosi.com.br","date":"13 de December de 2023","format":false,"excerpt":"O governo federal inicia calend\u00e1rio de pagamento do programa Bolsa Fam\u00edlia para o m\u00eas de dezembro. De acordo com o planejamento do Governo Federal, os pagamentos ter\u00e3o in\u00edcio, hoje, 11 de dezembro e se estender\u00e3o at\u00e9 o dia 22, seguindo uma ordem baseada no \u00faltimo d\u00edgito do N\u00famero de Identifica\u00e7\u00e3o\u2026","rel":"","context":"In &quot;Variedades&quot;","block_context":{"text":"Variedades","link":"https:\/\/ismaelcolosi.com.br\/index.php\/category\/variedades\/"},"img":{"alt_text":"","src":"https:\/\/i0.wp.com\/ismaelcolosi.com.br\/wp-content\/uploads\/2023\/12\/1702440192_bolsa-familia-caixa-libera-pagamento-para-novo-grupo-em-julho.jpg?fit=1200%2C638&ssl=1&resize=350%2C200","width":350,"height":200,"srcset":"https:\/\/i0.wp.com\/ismaelcolosi.com.br\/wp-content\/uploads\/2023\/12\/1702440192_bolsa-familia-caixa-libera-pagamento-para-novo-grupo-em-julho.jpg?fit=1200%2C638&ssl=1&resize=350%2C200 1x, https:\/\/i0.wp.com\/ismaelcolosi.com.br\/wp-content\/uploads\/2023\/12\/1702440192_bolsa-familia-caixa-libera-pagamento-para-novo-grupo-em-julho.jpg?fit=1200%2C638&ssl=1&resize=525%2C300 1.5x, https:\/\/i0.wp.com\/ismaelcolosi.com.br\/wp-content\/uploads\/2023\/12\/1702440192_bolsa-familia-caixa-libera-pagamento-para-novo-grupo-em-julho.jpg?fit=1200%2C638&ssl=1&resize=700%2C400 2x, https:\/\/i0.wp.com\/ismaelcolosi.com.br\/wp-content\/uploads\/2023\/12\/1702440192_bolsa-familia-caixa-libera-pagamento-para-novo-grupo-em-julho.jpg?fit=1200%2C638&ssl=1&resize=1050%2C600 3x"},"classes":[]},{"id":56175,"url":"https:\/\/ismaelcolosi.com.br\/index.php\/2024\/07\/10\/ocorrencia-mobiliza-policia-e-acaba-em-mortes-na-regiao-de-ribeirao-preto\/","url_meta":{"origin":13688,"position":3},"title":"Ocorr\u00eancia mobiliza pol\u00edcia e acaba em mortes na regi\u00e3o de Ribeir\u00e3o Preto","author":"ismaelcolosi.com.br","date":"10 de July de 2024","format":false,"excerpt":"Uma ocorr\u00eancia mobilizou a PM (Pol\u00edcia Militar) na noite desta ter\u00e7a-feira (9) e terminou em mortes na liga\u00e7\u00e3o da rodovia Anhanguera (SP-330) com a vicinal de Cruz da Posses, em trecho entre Jardin\u00f3polis e Ribeir\u00e3o Preto. Segundo as primeiras informa\u00e7\u00f5es, tr\u00eas suspeitos teriam roubado um carro em Sert\u00e3ozinho e trocado\u2026","rel":"","context":"In &quot;Not\u00edcias de Ribeir\u00e3o Preto-SP e Regi\u00e3o&quot;","block_context":{"text":"Not\u00edcias de Ribeir\u00e3o Preto-SP e Regi\u00e3o","link":"https:\/\/ismaelcolosi.com.br\/index.php\/category\/noticias-de-ribeirao-preto-sp-e-regiao-ismael-colosi\/"},"img":{"alt_text":"","src":"https:\/\/i0.wp.com\/ismaelcolosi.com.br\/wp-content\/uploads\/2024\/07\/POLICIA_2024-07-10_10-08-22_jpg_2024-07-10_10-08-22.webp.webp?fit=1200%2C881&ssl=1&resize=350%2C200","width":350,"height":200,"srcset":"https:\/\/i0.wp.com\/ismaelcolosi.com.br\/wp-content\/uploads\/2024\/07\/POLICIA_2024-07-10_10-08-22_jpg_2024-07-10_10-08-22.webp.webp?fit=1200%2C881&ssl=1&resize=350%2C200 1x, https:\/\/i0.wp.com\/ismaelcolosi.com.br\/wp-content\/uploads\/2024\/07\/POLICIA_2024-07-10_10-08-22_jpg_2024-07-10_10-08-22.webp.webp?fit=1200%2C881&ssl=1&resize=525%2C300 1.5x, https:\/\/i0.wp.com\/ismaelcolosi.com.br\/wp-content\/uploads\/2024\/07\/POLICIA_2024-07-10_10-08-22_jpg_2024-07-10_10-08-22.webp.webp?fit=1200%2C881&ssl=1&resize=700%2C400 2x, https:\/\/i0.wp.com\/ismaelcolosi.com.br\/wp-content\/uploads\/2024\/07\/POLICIA_2024-07-10_10-08-22_jpg_2024-07-10_10-08-22.webp.webp?fit=1200%2C881&ssl=1&resize=1050%2C600 3x"},"classes":[]},{"id":5706,"url":"https:\/\/ismaelcolosi.com.br\/index.php\/2023\/11\/24\/a-melhor-noticia-para-quem-vai-comprar-online-na-black-friday-acaba-de-chegar\/","url_meta":{"origin":13688,"position":4},"title":"A melhor not\u00edcia para quem vai comprar online na Black Friday acaba de chegar","author":"ismaelcolosi.com.br","date":"24 de November de 2023","format":false,"excerpt":"\u00c1s v\u00e9speras da Black Friday,\u00a0nesta sexta-feira (24), os trabalhadores dos Correios do Rio de Janeiro, S\u00e3o Paulo, Maranh\u00e3o e Bauru, em S\u00e3o Paulo, desistiram de entrar em greve por tempo indeterminado. Tocantins, que j\u00e1 estava em greve, suspendeu a paralisa\u00e7\u00e3o. Cr\u00e9ditos: iStock\/svetikdA melhor not\u00edcia para quem vai comprar online na\u2026","rel":"","context":"In &quot;Variedades&quot;","block_context":{"text":"Variedades","link":"https:\/\/ismaelcolosi.com.br\/index.php\/category\/variedades\/"},"img":{"alt_text":"","src":"https:\/\/i0.wp.com\/ismaelcolosi.com.br\/wp-content\/uploads\/2023\/11\/istock-1062674570.jpg?fit=1200%2C638&ssl=1&resize=350%2C200","width":350,"height":200,"srcset":"https:\/\/i0.wp.com\/ismaelcolosi.com.br\/wp-content\/uploads\/2023\/11\/istock-1062674570.jpg?fit=1200%2C638&ssl=1&resize=350%2C200 1x, https:\/\/i0.wp.com\/ismaelcolosi.com.br\/wp-content\/uploads\/2023\/11\/istock-1062674570.jpg?fit=1200%2C638&ssl=1&resize=525%2C300 1.5x, https:\/\/i0.wp.com\/ismaelcolosi.com.br\/wp-content\/uploads\/2023\/11\/istock-1062674570.jpg?fit=1200%2C638&ssl=1&resize=700%2C400 2x, https:\/\/i0.wp.com\/ismaelcolosi.com.br\/wp-content\/uploads\/2023\/11\/istock-1062674570.jpg?fit=1200%2C638&ssl=1&resize=1050%2C600 3x"},"classes":[]},{"id":79537,"url":"https:\/\/ismaelcolosi.com.br\/index.php\/2024\/12\/17\/briga-por-causa-de-droga-acaba-em-morte-na-zona-oeste-de-ribeirao-preto\/","url_meta":{"origin":13688,"position":5},"title":"Briga por causa de droga acaba em morte na zona Oeste de Ribeir\u00e3o Preto","author":"ismaelcolosi.com.br","date":"17 de December de 2024","format":false,"excerpt":"Um homem foi morto na madrugada desta ter\u00e7a-feira (17), na avenida Bandeirantes, na Vila Virg\u00ednia, zona Oeste de Ribeir\u00e3o Preto. Segundo a PM (Pol\u00edcia Militar), um suspeito do crime foi preso e levado \u00e0 CPJ (Central de Pol\u00edcia Judici\u00e1ria) Permanente. Ainda conforme a pol\u00edcia, os dois homens estariam em situa\u00e7\u00e3o\u2026","rel":"","context":"In &quot;Not\u00edcias de Ribeir\u00e3o Preto-SP e Regi\u00e3o&quot;","block_context":{"text":"Not\u00edcias de Ribeir\u00e3o Preto-SP e Regi\u00e3o","link":"https:\/\/ismaelcolosi.com.br\/index.php\/category\/noticias-de-ribeirao-preto-sp-e-regiao-ismael-colosi\/"},"img":{"alt_text":"","src":"https:\/\/i0.wp.com\/ismaelcolosi.com.br\/wp-content\/uploads\/2024\/12\/1734430237_JovemmortoporatiradoresemmotosemavenidadeRibeiroPreto_Tamanho_2_image.jpg?fit=1200%2C900&ssl=1&resize=350%2C200","width":350,"height":200,"srcset":"https:\/\/i0.wp.com\/ismaelcolosi.com.br\/wp-content\/uploads\/2024\/12\/1734430237_JovemmortoporatiradoresemmotosemavenidadeRibeiroPreto_Tamanho_2_image.jpg?fit=1200%2C900&ssl=1&resize=350%2C200 1x, https:\/\/i0.wp.com\/ismaelcolosi.com.br\/wp-content\/uploads\/2024\/12\/1734430237_JovemmortoporatiradoresemmotosemavenidadeRibeiroPreto_Tamanho_2_image.jpg?fit=1200%2C900&ssl=1&resize=525%2C300 1.5x, https:\/\/i0.wp.com\/ismaelcolosi.com.br\/wp-content\/uploads\/2024\/12\/1734430237_JovemmortoporatiradoresemmotosemavenidadeRibeiroPreto_Tamanho_2_image.jpg?fit=1200%2C900&ssl=1&resize=700%2C400 2x, https:\/\/i0.wp.com\/ismaelcolosi.com.br\/wp-content\/uploads\/2024\/12\/1734430237_JovemmortoporatiradoresemmotosemavenidadeRibeiroPreto_Tamanho_2_image.jpg?fit=1200%2C900&ssl=1&resize=1050%2C600 3x"},"classes":[]}],"jetpack_sharing_enabled":true,"jetpack_shortlink":"https:\/\/wp.me\/pfMlyK-3yM","_links":{"self":[{"href":"https:\/\/ismaelcolosi.com.br\/index.php\/wp-json\/wp\/v2\/posts\/13688","targetHints":{"allow":["GET"]}}],"collection":[{"href":"https:\/\/ismaelcolosi.com.br\/index.php\/wp-json\/wp\/v2\/posts"}],"about":[{"href":"https:\/\/ismaelcolosi.com.br\/index.php\/wp-json\/wp\/v2\/types\/post"}],"author":[{"embeddable":true,"href":"https:\/\/ismaelcolosi.com.br\/index.php\/wp-json\/wp\/v2\/users\/1"}],"replies":[{"embeddable":true,"href":"https:\/\/ismaelcolosi.com.br\/index.php\/wp-json\/wp\/v2\/comments?post=13688"}],"version-history":[{"count":0,"href":"https:\/\/ismaelcolosi.com.br\/index.php\/wp-json\/wp\/v2\/posts\/13688\/revisions"}],"wp:featuredmedia":[{"embeddable":true,"href":"https:\/\/ismaelcolosi.com.br\/index.php\/wp-json\/wp\/v2\/media\/13689"}],"wp:attachment":[{"href":"https:\/\/ismaelcolosi.com.br\/index.php\/wp-json\/wp\/v2\/media?parent=13688"}],"wp:term":[{"taxonomy":"category","embeddable":true,"href":"https:\/\/ismaelcolosi.com.br\/index.php\/wp-json\/wp\/v2\/categories?post=13688"},{"taxonomy":"post_tag","embeddable":true,"href":"https:\/\/ismaelcolosi.com.br\/index.php\/wp-json\/wp\/v2\/tags?post=13688"}],"curies":[{"name":"wp","href":"https:\/\/api.w.org\/{rel}","templated":true}]}}