{"id":13684,"date":"2023-12-10T23:58:55","date_gmt":"2023-12-11T02:58:55","guid":{"rendered":"https:\/\/ismaelcolosi.com.br\/index.php\/2023\/12\/10\/cantor-nao-resiste-apos-sofrer-grave-acidente-entre-carro-e-caminhao-na-br-116\/"},"modified":"2023-12-10T23:58:55","modified_gmt":"2023-12-11T02:58:55","slug":"cantor-nao-resiste-apos-sofrer-grave-acidente-entre-carro-e-caminhao-na-br-116","status":"publish","type":"post","link":"https:\/\/ismaelcolosi.com.br\/index.php\/2023\/12\/10\/cantor-nao-resiste-apos-sofrer-grave-acidente-entre-carro-e-caminhao-na-br-116\/","title":{"rendered":"Cantor n\u00e3o resiste ap\u00f3s sofrer grave acidente entre carro e caminh\u00e3o na BR-116"},"content":{"rendered":"<p> <br \/>\n<\/p>\n<div itemprop=\"text\">\n<p>Neste s\u00e1bado, dia 9 de dezembro, ap\u00f3s um acidente ter ocorrido na BR-116, foi anunciada a morte do cantor de forr\u00f3 Luigi Pereira Gon\u00e7alves. Infelizmente, ele n\u00e3o conseguiu resistir aos graves ferimentos que foram causados na colis\u00e3o sofrida.<\/p>\n<p>O carro em que ele estava colidiu contra um caminh\u00e3o, perto da regi\u00e3o de Manoel Vitorino, no sudoeste da Bahia. Ele, que tamb\u00e9m atuava como empres\u00e1rio, morreu aos 49 anos de idade.<\/p>\n<p>Devido a grave batida, o caminh\u00e3o ficou completamente destru\u00eddo, pegando fogo e n\u00e3o restando nada al\u00e9m de cinzas. As informa\u00e7\u00f5es foram fornecidas pela PRF (Pol\u00edcia Rodovi\u00e1ria Federal). O ve\u00edculo, contudo, parou na \u00e1rea de vegeta\u00e7\u00e3o.<\/p>\n<p>Por enquanto, n\u00e3o se tem informa\u00e7\u00f5es se Luigi estava sozinho dentro do autom\u00f3vel, por\u00e9m, o que se sabe \u00e9 que ele n\u00e3o conseguiu resistir ao sofrer a colis\u00e3o, tendo o seu falecimento confirmado no mesmo momento.<\/p>\n<p>O motorista do caminh\u00e3o, por sua vez, n\u00e3o apresentou graves ferimentos e deixou o ve\u00edculo de carga. Luigi atuava como vocalista da banda \u2018Trio Xote Novo\u2019, segundo o que foi divulgado em suas redes sociais.<\/p>\n<p>O artista tinha como destino a regi\u00e3o de Jequi\u00e9, local em que buscaria sua filha. Infelizmente, ele nunca conseguiu chegar ao seu destino. E agora, com o seu falecimento, diversas pessoas est\u00e3o lamentando sua partida e deixando mensagens de homenagens.<\/p>\n<p>Com a morte do cantor de forr\u00f3, muitos se solidarizaram com a situa\u00e7\u00e3o e est\u00e3o buscando prestar apoio para os familiares neste momento t\u00e3o complicado.<\/p>\n<\/div>\n<p><br \/>\n<br \/><a href=\"https:\/\/fnmais.com\/cantor-nao-resiste-apos-sofrer-grave-acidente-entre-carro-caminhao-na-br-116\/\">Source link <\/a><\/p>\n<div class='code-block code-block-4' style='margin: 8px auto 8px 0; text-align: left; display: block; clear: both;'>\n\ud83d\udce2 Aviso Legal\n\nO site ismaelcolosi.com.br atua apenas como um canal de divulga\u00e7\u00e3o de oportunidades de emprego e n\u00e3o se responsabiliza pelo processo seletivo, contrata\u00e7\u00e3o ou qualquer outra etapa relacionada \u00e0s vagas publicadas. Todas as informa\u00e7\u00f5es s\u00e3o de responsabilidade dos anunciantes.\n\n\u26a0\ufe0f Aten\u00e7\u00e3o! Nunca pague por promessas de emprego nem compre cursos que garantam contrata\u00e7\u00e3o. Desconfie de qualquer cobran\u00e7a para participar de sele\u00e7\u00f5es.\n\n\n\n<\/div>\n<!-- CONTENT END 1 -->\n","protected":false},"excerpt":{"rendered":"<p>Neste s\u00e1bado, dia 9 de dezembro, ap\u00f3s um acidente ter ocorrido na BR-116, foi anunciada a morte do cantor de forr\u00f3 Luigi Pereira Gon\u00e7alves. Infelizmente,&#8230;<\/p>\n","protected":false},"author":1,"featured_media":13685,"comment_status":"open","ping_status":"open","sticky":false,"template":"","format":"standard","meta":{"_uag_custom_page_level_css":"","advanced_seo_description":"","jetpack_seo_html_title":"","jetpack_seo_noindex":false,"jetpack_post_was_ever_published":false,"_jetpack_newsletter_access":"","_jetpack_dont_email_post_to_subs":false,"_jetpack_newsletter_tier_id":0,"_jetpack_memberships_contains_paywalled_content":false,"_jetpack_memberships_contains_paid_content":false,"footnotes":"","jetpack_publicize_message":"","jetpack_publicize_feature_enabled":true,"jetpack_social_post_already_shared":true,"jetpack_social_options":{"image_generator_settings":{"template":"highway","default_image_id":0,"font":"","enabled":false},"version":2}},"categories":[1],"tags":[],"class_list":["post-13684","post","type-post","status-publish","format-standard","has-post-thumbnail","hentry","category-blog"],"jetpack_publicize_connections":[],"jetpack_featured_media_url":"https:\/\/i0.wp.com\/ismaelcolosi.com.br\/wp-content\/uploads\/2023\/12\/postimg-6576713ccb1e39063.jpg?fit=1200%2C628&ssl=1","uagb_featured_image_src":{"full":["https:\/\/i0.wp.com\/ismaelcolosi.com.br\/wp-content\/uploads\/2023\/12\/postimg-6576713ccb1e39063.jpg?fit=1200%2C628&ssl=1",1200,628,false],"thumbnail":["https:\/\/i0.wp.com\/ismaelcolosi.com.br\/wp-content\/uploads\/2023\/12\/postimg-6576713ccb1e39063.jpg?resize=150%2C150&ssl=1",150,150,true],"medium":["https:\/\/i0.wp.com\/ismaelcolosi.com.br\/wp-content\/uploads\/2023\/12\/postimg-6576713ccb1e39063.jpg?fit=300%2C157&ssl=1",300,157,true],"medium_large":["https:\/\/i0.wp.com\/ismaelcolosi.com.br\/wp-content\/uploads\/2023\/12\/postimg-6576713ccb1e39063.jpg?fit=768%2C402&ssl=1",768,402,true],"large":["https:\/\/i0.wp.com\/ismaelcolosi.com.br\/wp-content\/uploads\/2023\/12\/postimg-6576713ccb1e39063.jpg?fit=1024%2C536&ssl=1",1024,536,true],"1536x1536":["https:\/\/i0.wp.com\/ismaelcolosi.com.br\/wp-content\/uploads\/2023\/12\/postimg-6576713ccb1e39063.jpg?fit=1200%2C628&ssl=1",1200,628,true],"2048x2048":["https:\/\/i0.wp.com\/ismaelcolosi.com.br\/wp-content\/uploads\/2023\/12\/postimg-6576713ccb1e39063.jpg?fit=1200%2C628&ssl=1",1200,628,true],"really-simple-thumb":["https:\/\/i0.wp.com\/ismaelcolosi.com.br\/wp-content\/uploads\/2023\/12\/postimg-6576713ccb1e39063.jpg?resize=370%2C247&ssl=1",370,247,true]},"uagb_author_info":{"display_name":"ismaelcolosi.com.br","author_link":"https:\/\/ismaelcolosi.com.br\/index.php\/author\/vidareal-online\/"},"uagb_comment_info":0,"uagb_excerpt":"Neste s\u00e1bado, dia 9 de dezembro, ap\u00f3s um acidente ter ocorrido na BR-116, foi anunciada a morte do cantor de forr\u00f3 Luigi Pereira Gon\u00e7alves. Infelizmente,...","jetpack-related-posts":[{"id":17441,"url":"https:\/\/ismaelcolosi.com.br\/index.php\/2023\/12\/18\/acidente-de-carro-causa-falecimentos-em-familia-apos-colisao-contra-arvore\/","url_meta":{"origin":13684,"position":0},"title":"Acidente de carro causa falecimentos em fam\u00edlia ap\u00f3s colis\u00e3o contra \u00e1rvore","author":"ismaelcolosi.com.br","date":"18 de December de 2023","format":false,"excerpt":"Na madrugada desta segunda-feira, dia 18 de dezembro, ocorreu um tr\u00e1gico acidente na BR-251, na regi\u00e3o de Francisco S\u00e1, ap\u00f3s ter sido confirmada a morte de uma mulher de 36 anos de idade e seu filho de apenas 11 anos de idade. Os dois sofreram um grave acidente de carro.O\u2026","rel":"","context":"In &quot;Blog&quot;","block_context":{"text":"Blog","link":"https:\/\/ismaelcolosi.com.br\/index.php\/category\/blog\/"},"img":{"alt_text":"","src":"https:\/\/i0.wp.com\/ismaelcolosi.com.br\/wp-content\/uploads\/2023\/12\/postimg-658064bf3bf2d9500.jpg?fit=1200%2C628&ssl=1&resize=350%2C200","width":350,"height":200,"srcset":"https:\/\/i0.wp.com\/ismaelcolosi.com.br\/wp-content\/uploads\/2023\/12\/postimg-658064bf3bf2d9500.jpg?fit=1200%2C628&ssl=1&resize=350%2C200 1x, https:\/\/i0.wp.com\/ismaelcolosi.com.br\/wp-content\/uploads\/2023\/12\/postimg-658064bf3bf2d9500.jpg?fit=1200%2C628&ssl=1&resize=525%2C300 1.5x, https:\/\/i0.wp.com\/ismaelcolosi.com.br\/wp-content\/uploads\/2023\/12\/postimg-658064bf3bf2d9500.jpg?fit=1200%2C628&ssl=1&resize=700%2C400 2x, https:\/\/i0.wp.com\/ismaelcolosi.com.br\/wp-content\/uploads\/2023\/12\/postimg-658064bf3bf2d9500.jpg?fit=1200%2C628&ssl=1&resize=1050%2C600 3x"},"classes":[]},{"id":7059,"url":"https:\/\/ismaelcolosi.com.br\/index.php\/2023\/11\/27\/pericia-e-acionada-para-investigar-acidente-entre-carro-e-caminhao-que-deixou-duas-vitimas-fatais-e-acaba-tendo-o-veiculo-atingido-na-br-101\/","url_meta":{"origin":13684,"position":1},"title":"Per\u00edcia \u00e9 acionada para investigar acidente entre carro e caminh\u00e3o que deixou duas v\u00edtimas fatais e acaba tendo o ve\u00edculo atingido na BR-101","author":"ismaelcolosi.com.br","date":"27 de November de 2023","format":false,"excerpt":"Na noite deste \u00faltimo domingo, dia 26 de novembro, duas pessoas morreram ap\u00f3s uma batida entre um caminh\u00e3o e um carro. O caso aconteceu na BR-101, na cidade de Mascote, na Bahia.De acordo com informa\u00e7\u00f5es fornecidas pela Pol\u00edcia Militar (PM), as duas v\u00edtimas fatais, que n\u00e3o estavam com os seus\u2026","rel":"","context":"In &quot;Blog&quot;","block_context":{"text":"Blog","link":"https:\/\/ismaelcolosi.com.br\/index.php\/category\/blog\/"},"img":{"alt_text":"","src":"https:\/\/i0.wp.com\/ismaelcolosi.com.br\/wp-content\/uploads\/2023\/11\/postimg-6564ac444c11c5401.jpg?fit=1200%2C628&ssl=1&resize=350%2C200","width":350,"height":200,"srcset":"https:\/\/i0.wp.com\/ismaelcolosi.com.br\/wp-content\/uploads\/2023\/11\/postimg-6564ac444c11c5401.jpg?fit=1200%2C628&ssl=1&resize=350%2C200 1x, https:\/\/i0.wp.com\/ismaelcolosi.com.br\/wp-content\/uploads\/2023\/11\/postimg-6564ac444c11c5401.jpg?fit=1200%2C628&ssl=1&resize=525%2C300 1.5x, https:\/\/i0.wp.com\/ismaelcolosi.com.br\/wp-content\/uploads\/2023\/11\/postimg-6564ac444c11c5401.jpg?fit=1200%2C628&ssl=1&resize=700%2C400 2x, https:\/\/i0.wp.com\/ismaelcolosi.com.br\/wp-content\/uploads\/2023\/11\/postimg-6564ac444c11c5401.jpg?fit=1200%2C628&ssl=1&resize=1050%2C600 3x"},"classes":[]},{"id":27658,"url":"https:\/\/ismaelcolosi.com.br\/index.php\/2024\/01\/12\/gravissimo-acidente-mata-pai-mae-filho-e-cunhado-na-ba\/","url_meta":{"origin":13684,"position":2},"title":"Grav\u00edssimo acidente mata pai, m\u00e3e, filho e cunhado na BA","author":"ismaelcolosi.com.br","date":"12 de January de 2024","format":false,"excerpt":"Uma trag\u00e9dia chocante ocorreu na BR-116, entre as cidades de Po\u00e7\u00f5es e Planalto, na Bahia, deixando uma comunidade inteira em luto. Quatro membros de uma mesma fam\u00edlia, que viajavam de S\u00e3o Paulo para Sergipe, perderam suas vidas em um acidente devastador.O grupo, composto por Maria Tainara de Oliveira Carvalho (m\u00e3e),\u2026","rel":"","context":"In &quot;Blog&quot;","block_context":{"text":"Blog","link":"https:\/\/ismaelcolosi.com.br\/index.php\/category\/blog\/"},"img":{"alt_text":"","src":"https:\/\/i0.wp.com\/ismaelcolosi.com.br\/wp-content\/uploads\/2024\/01\/postimg-65a1c82012d342582.jpg?fit=1200%2C628&ssl=1&resize=350%2C200","width":350,"height":200,"srcset":"https:\/\/i0.wp.com\/ismaelcolosi.com.br\/wp-content\/uploads\/2024\/01\/postimg-65a1c82012d342582.jpg?fit=1200%2C628&ssl=1&resize=350%2C200 1x, https:\/\/i0.wp.com\/ismaelcolosi.com.br\/wp-content\/uploads\/2024\/01\/postimg-65a1c82012d342582.jpg?fit=1200%2C628&ssl=1&resize=525%2C300 1.5x, https:\/\/i0.wp.com\/ismaelcolosi.com.br\/wp-content\/uploads\/2024\/01\/postimg-65a1c82012d342582.jpg?fit=1200%2C628&ssl=1&resize=700%2C400 2x, https:\/\/i0.wp.com\/ismaelcolosi.com.br\/wp-content\/uploads\/2024\/01\/postimg-65a1c82012d342582.jpg?fit=1200%2C628&ssl=1&resize=1050%2C600 3x"},"classes":[]},{"id":19265,"url":"https:\/\/ismaelcolosi.com.br\/index.php\/2023\/12\/22\/caminhao-carregado-de-combustivel-van-e-4-carros-se-envolvem-em-acidente-no-parana-motorista-nao-conseguiu-frear\/","url_meta":{"origin":13684,"position":3},"title":"Caminh\u00e3o carregado de combust\u00edvel, van e 4 carros se envolvem em acidente no Paran\u00e1 motorista n\u00e3o conseguiu frear","author":"ismaelcolosi.com.br","date":"22 de December de 2023","format":false,"excerpt":"V\u00e1rios ve\u00edculos se envolveram em um acidente na tarde desta quinta-feira (21\/12). O epis\u00f3dio aconteceu na PR-986, que fica situada na cidade de Rol\u00e2ndia, na regi\u00e3o norte do estado do Paran\u00e1, e um dos ve\u00edculos estava carregado de combust\u00edvel.Um dos envolvidos no acidente era um caminh\u00e3o-tanque. O ve\u00edculo de grande\u2026","rel":"","context":"In &quot;Blog&quot;","block_context":{"text":"Blog","link":"https:\/\/ismaelcolosi.com.br\/index.php\/category\/blog\/"},"img":{"alt_text":"","src":"https:\/\/i0.wp.com\/ismaelcolosi.com.br\/wp-content\/uploads\/2023\/12\/postimg-6585169a9070f1159.jpg?fit=1200%2C628&ssl=1&resize=350%2C200","width":350,"height":200,"srcset":"https:\/\/i0.wp.com\/ismaelcolosi.com.br\/wp-content\/uploads\/2023\/12\/postimg-6585169a9070f1159.jpg?fit=1200%2C628&ssl=1&resize=350%2C200 1x, https:\/\/i0.wp.com\/ismaelcolosi.com.br\/wp-content\/uploads\/2023\/12\/postimg-6585169a9070f1159.jpg?fit=1200%2C628&ssl=1&resize=525%2C300 1.5x, https:\/\/i0.wp.com\/ismaelcolosi.com.br\/wp-content\/uploads\/2023\/12\/postimg-6585169a9070f1159.jpg?fit=1200%2C628&ssl=1&resize=700%2C400 2x, https:\/\/i0.wp.com\/ismaelcolosi.com.br\/wp-content\/uploads\/2023\/12\/postimg-6585169a9070f1159.jpg?fit=1200%2C628&ssl=1&resize=1050%2C600 3x"},"classes":[]},{"id":13882,"url":"https:\/\/ismaelcolosi.com.br\/index.php\/2023\/12\/11\/padre-nao-resiste-apos-grave-acidente-na-pr-323-ele-lutou-por-sua-vida-durante-4-meses\/","url_meta":{"origin":13684,"position":4},"title":"Padre n\u00e3o resiste ap\u00f3s grave acidente na PR-323; ele lutou por sua vida durante 4 meses","author":"ismaelcolosi.com.br","date":"11 de December de 2023","format":false,"excerpt":"Nesta segunda-feira, dia 11 de dezembro, o padre Jos\u00e9 Sversutti, que atuava na Arquidiocese de Maring\u00e1, no Paran\u00e1, morreu ap\u00f3s ter ficado quatro meses internado na UTI (Unidade de Tratamento Intensivo) de uma unidade de sa\u00fade da localidade.No \u00faltimo dia 29 de agosto, o religioso foi v\u00edtima de um grave\u2026","rel":"","context":"In &quot;Blog&quot;","block_context":{"text":"Blog","link":"https:\/\/ismaelcolosi.com.br\/index.php\/category\/blog\/"},"img":{"alt_text":"","src":"https:\/\/i0.wp.com\/ismaelcolosi.com.br\/wp-content\/uploads\/2023\/12\/postimg-6577224f0e06c7529.jpg?fit=1200%2C628&ssl=1&resize=350%2C200","width":350,"height":200,"srcset":"https:\/\/i0.wp.com\/ismaelcolosi.com.br\/wp-content\/uploads\/2023\/12\/postimg-6577224f0e06c7529.jpg?fit=1200%2C628&ssl=1&resize=350%2C200 1x, https:\/\/i0.wp.com\/ismaelcolosi.com.br\/wp-content\/uploads\/2023\/12\/postimg-6577224f0e06c7529.jpg?fit=1200%2C628&ssl=1&resize=525%2C300 1.5x, https:\/\/i0.wp.com\/ismaelcolosi.com.br\/wp-content\/uploads\/2023\/12\/postimg-6577224f0e06c7529.jpg?fit=1200%2C628&ssl=1&resize=700%2C400 2x, https:\/\/i0.wp.com\/ismaelcolosi.com.br\/wp-content\/uploads\/2023\/12\/postimg-6577224f0e06c7529.jpg?fit=1200%2C628&ssl=1&resize=1050%2C600 3x"},"classes":[]},{"id":27158,"url":"https:\/\/ismaelcolosi.com.br\/index.php\/2024\/01\/11\/colisao-entre-carreta-e-caminhonete-deixa-vitimas-fatais-e-rastro-de-destruicao\/","url_meta":{"origin":13684,"position":5},"title":"Colis\u00e3o entre carreta e caminhonete deixa v\u00edtimas fatais e rastro de destrui\u00e7\u00e3o","author":"ismaelcolosi.com.br","date":"11 de January de 2024","format":false,"excerpt":"Um grave acidente que deixou v\u00edtimas fatais e um cen\u00e1rio de completa destrui\u00e7\u00e3o teve como cen\u00e1rio a rodovia BR-267. A colis\u00e3o brutal ocorreu na tarde da \u00faltima ter\u00e7a-feira (9).O acidente aconteceu na BR-267 resultou na perda de tr\u00eas vidas na altura de Nova Casa Verde, distrito do munic\u00edpio de Nova\u2026","rel":"","context":"In &quot;Blog&quot;","block_context":{"text":"Blog","link":"https:\/\/ismaelcolosi.com.br\/index.php\/category\/blog\/"},"img":{"alt_text":"","src":"https:\/\/i0.wp.com\/ismaelcolosi.com.br\/wp-content\/uploads\/2024\/01\/postimg-65a02f7564a532958.jpg?fit=1200%2C628&ssl=1&resize=350%2C200","width":350,"height":200,"srcset":"https:\/\/i0.wp.com\/ismaelcolosi.com.br\/wp-content\/uploads\/2024\/01\/postimg-65a02f7564a532958.jpg?fit=1200%2C628&ssl=1&resize=350%2C200 1x, https:\/\/i0.wp.com\/ismaelcolosi.com.br\/wp-content\/uploads\/2024\/01\/postimg-65a02f7564a532958.jpg?fit=1200%2C628&ssl=1&resize=525%2C300 1.5x, https:\/\/i0.wp.com\/ismaelcolosi.com.br\/wp-content\/uploads\/2024\/01\/postimg-65a02f7564a532958.jpg?fit=1200%2C628&ssl=1&resize=700%2C400 2x, https:\/\/i0.wp.com\/ismaelcolosi.com.br\/wp-content\/uploads\/2024\/01\/postimg-65a02f7564a532958.jpg?fit=1200%2C628&ssl=1&resize=1050%2C600 3x"},"classes":[]}],"jetpack_sharing_enabled":true,"jetpack_shortlink":"https:\/\/wp.me\/pfMlyK-3yI","_links":{"self":[{"href":"https:\/\/ismaelcolosi.com.br\/index.php\/wp-json\/wp\/v2\/posts\/13684","targetHints":{"allow":["GET"]}}],"collection":[{"href":"https:\/\/ismaelcolosi.com.br\/index.php\/wp-json\/wp\/v2\/posts"}],"about":[{"href":"https:\/\/ismaelcolosi.com.br\/index.php\/wp-json\/wp\/v2\/types\/post"}],"author":[{"embeddable":true,"href":"https:\/\/ismaelcolosi.com.br\/index.php\/wp-json\/wp\/v2\/users\/1"}],"replies":[{"embeddable":true,"href":"https:\/\/ismaelcolosi.com.br\/index.php\/wp-json\/wp\/v2\/comments?post=13684"}],"version-history":[{"count":0,"href":"https:\/\/ismaelcolosi.com.br\/index.php\/wp-json\/wp\/v2\/posts\/13684\/revisions"}],"wp:featuredmedia":[{"embeddable":true,"href":"https:\/\/ismaelcolosi.com.br\/index.php\/wp-json\/wp\/v2\/media\/13685"}],"wp:attachment":[{"href":"https:\/\/ismaelcolosi.com.br\/index.php\/wp-json\/wp\/v2\/media?parent=13684"}],"wp:term":[{"taxonomy":"category","embeddable":true,"href":"https:\/\/ismaelcolosi.com.br\/index.php\/wp-json\/wp\/v2\/categories?post=13684"},{"taxonomy":"post_tag","embeddable":true,"href":"https:\/\/ismaelcolosi.com.br\/index.php\/wp-json\/wp\/v2\/tags?post=13684"}],"curies":[{"name":"wp","href":"https:\/\/api.w.org\/{rel}","templated":true}]}}