{"id":13681,"date":"2023-12-10T23:46:48","date_gmt":"2023-12-11T02:46:48","guid":{"rendered":"https:\/\/ismaelcolosi.com.br\/index.php\/2023\/12\/10\/corpo-da-menina-e-encontrado-e-policia-pega-o-suspeito-um-primo-da-vitima\/"},"modified":"2023-12-10T23:46:48","modified_gmt":"2023-12-11T02:46:48","slug":"corpo-da-menina-e-encontrado-e-policia-pega-o-suspeito-um-primo-da-vitima","status":"publish","type":"post","link":"https:\/\/ismaelcolosi.com.br\/index.php\/2023\/12\/10\/corpo-da-menina-e-encontrado-e-policia-pega-o-suspeito-um-primo-da-vitima\/","title":{"rendered":"corpo da menina \u00e9 encontrado e pol\u00edcia pega o suspeito, um primo da v\u00edtima"},"content":{"rendered":"<p> <br \/>\n<\/p>\n<div itemprop=\"text\">\n<p>Neste domingo (10\/12), um homem foi detido pelas autoridades sob acusa\u00e7\u00e3o de ter cometido crime contra a menina Kemilly Hadassa Silva. A menina havia sido dada como desaparecida pela fam\u00edlia recentemente, mas seu corpo foi encontrado sem vida ap\u00f3s a pol\u00edcia receber informa\u00e7\u00f5es sobre a localiza\u00e7\u00e3o.<\/p>\n<p>O suspeito foi preso em Nova Igua\u00e7u, na Baixada Fluminense, no Rio de Janeiro por suspeita na morte de Kemilly. Os parentes da crian\u00e7a haviam registrado o desaparecimento no \u00faltimo final de semana, quando deram por falta da menina, de 4 anos.<\/p>\n<p>Kemilly desapareceu entre os dias 8 e 9 de dezembro da comunidade Beira Rio, no distrito de Cabu\u00e7u, tamb\u00e9m em Nova Igua\u00e7u. Ela estava com os irm\u00e3os.<\/p>\n<p>Em resposta ao portal UOL, as autoridades disseram que policiais do 20\u00ba batalh\u00e3o foram chamados para o bairro Campo Alegre, na mesma regi\u00e3o, neste domingo.<\/p>\n<p>A pessoa que acionou a pol\u00edcia disse que o homem teria confessado o assassinato de uma crian\u00e7a que estava desaparecida desde sexta-feira. Detido por moradores, o suspeito foi levado para a delegacia de Nova Igua\u00e7u, onde foi ouvido.<\/p>\n<p>A m\u00e3e dele tamb\u00e9m foi levada para esclarecimentos, pois pode ter envolvimento no crime. A per\u00edcia interditou uma resid\u00eancia que pode ser do suspeito, pois foram encontradas marcas de sangue no local.<\/p>\n<p>O homem, vale destacar, \u00e9 primo da m\u00e3e de Kemilly. Ele confessou o envolvimento no crime e apontou onde estava o corpo, \u00e0s margens de um val\u00e3o.<\/p>\n<\/div>\n<p><br \/>\n<br \/><a href=\"https:\/\/fnmais.com\/caso-hadassa-corpo-menina-encontrado-policia-pega-suspeito-primo-vitima\/\">Source link <\/a><\/p>\n<div class='code-block code-block-4' style='margin: 8px auto 8px 0; text-align: left; display: block; clear: both;'>\n\ud83d\udce2 Aviso Legal\n\nO site ismaelcolosi.com.br atua apenas como um canal de divulga\u00e7\u00e3o de oportunidades de emprego e n\u00e3o se responsabiliza pelo processo seletivo, contrata\u00e7\u00e3o ou qualquer outra etapa relacionada \u00e0s vagas publicadas. Todas as informa\u00e7\u00f5es s\u00e3o de responsabilidade dos anunciantes.\n\n\u26a0\ufe0f Aten\u00e7\u00e3o! Nunca pague por promessas de emprego nem compre cursos que garantam contrata\u00e7\u00e3o. Desconfie de qualquer cobran\u00e7a para participar de sele\u00e7\u00f5es.\n\n\n\n<\/div>\n<!-- CONTENT END 1 -->\n","protected":false},"excerpt":{"rendered":"<p>Neste domingo (10\/12), um homem foi detido pelas autoridades sob acusa\u00e7\u00e3o de ter cometido crime contra a menina Kemilly Hadassa Silva. A menina havia sido&#8230;<\/p>\n","protected":false},"author":1,"featured_media":13682,"comment_status":"open","ping_status":"open","sticky":false,"template":"","format":"standard","meta":{"_uag_custom_page_level_css":"","advanced_seo_description":"","jetpack_seo_html_title":"","jetpack_seo_noindex":false,"jetpack_post_was_ever_published":false,"_jetpack_newsletter_access":"","_jetpack_dont_email_post_to_subs":false,"_jetpack_newsletter_tier_id":0,"_jetpack_memberships_contains_paywalled_content":false,"_jetpack_memberships_contains_paid_content":false,"footnotes":"","jetpack_publicize_message":"","jetpack_publicize_feature_enabled":true,"jetpack_social_post_already_shared":true,"jetpack_social_options":{"image_generator_settings":{"template":"highway","default_image_id":0,"font":"","enabled":false},"version":2}},"categories":[1],"tags":[],"class_list":["post-13681","post","type-post","status-publish","format-standard","has-post-thumbnail","hentry","category-blog"],"jetpack_publicize_connections":[],"jetpack_featured_media_url":"https:\/\/i0.wp.com\/ismaelcolosi.com.br\/wp-content\/uploads\/2023\/12\/postimg-6576740dd56ce2114.jpg?fit=1200%2C638&ssl=1","uagb_featured_image_src":{"full":["https:\/\/i0.wp.com\/ismaelcolosi.com.br\/wp-content\/uploads\/2023\/12\/postimg-6576740dd56ce2114.jpg?fit=1200%2C638&ssl=1",1200,638,false],"thumbnail":["https:\/\/i0.wp.com\/ismaelcolosi.com.br\/wp-content\/uploads\/2023\/12\/postimg-6576740dd56ce2114.jpg?resize=150%2C150&ssl=1",150,150,true],"medium":["https:\/\/i0.wp.com\/ismaelcolosi.com.br\/wp-content\/uploads\/2023\/12\/postimg-6576740dd56ce2114.jpg?fit=300%2C160&ssl=1",300,160,true],"medium_large":["https:\/\/i0.wp.com\/ismaelcolosi.com.br\/wp-content\/uploads\/2023\/12\/postimg-6576740dd56ce2114.jpg?fit=768%2C408&ssl=1",768,408,true],"large":["https:\/\/i0.wp.com\/ismaelcolosi.com.br\/wp-content\/uploads\/2023\/12\/postimg-6576740dd56ce2114.jpg?fit=1024%2C544&ssl=1",1024,544,true],"1536x1536":["https:\/\/i0.wp.com\/ismaelcolosi.com.br\/wp-content\/uploads\/2023\/12\/postimg-6576740dd56ce2114.jpg?fit=1200%2C638&ssl=1",1200,638,true],"2048x2048":["https:\/\/i0.wp.com\/ismaelcolosi.com.br\/wp-content\/uploads\/2023\/12\/postimg-6576740dd56ce2114.jpg?fit=1200%2C638&ssl=1",1200,638,true],"really-simple-thumb":["https:\/\/i0.wp.com\/ismaelcolosi.com.br\/wp-content\/uploads\/2023\/12\/postimg-6576740dd56ce2114.jpg?resize=370%2C247&ssl=1",370,247,true]},"uagb_author_info":{"display_name":"ismaelcolosi.com.br","author_link":"https:\/\/ismaelcolosi.com.br\/index.php\/author\/vidareal-online\/"},"uagb_comment_info":0,"uagb_excerpt":"Neste domingo (10\/12), um homem foi detido pelas autoridades sob acusa\u00e7\u00e3o de ter cometido crime contra a menina Kemilly Hadassa Silva. A menina havia sido...","jetpack-related-posts":[{"id":13546,"url":"https:\/\/ismaelcolosi.com.br\/index.php\/2023\/12\/10\/moradores-alegam-que-homem-confessou-ter-tirado-a-vida-da-crianca-hadassa-desaparecida-no-rj-videos-flagram-retaliacao\/","url_meta":{"origin":13681,"position":0},"title":"Moradores alegam que homem confessou ter tirado a vida da crian\u00e7a Hadassa, desaparecida no RJ; v\u00eddeos flagram retalia\u00e7\u00e3o","author":"ismaelcolosi.com.br","date":"10 de December de 2023","format":false,"excerpt":"A menina Kemilly Hadassa Silva, de 4 anos de idade, est\u00e1 desaparecida desde a \u00faltima sexta-feira, dia 8 de dezembro. E agora, de acordo com novas informa\u00e7\u00f5es divulgadas, moradores de Nova Igua\u00e7u, no Rio de Janeiro, afirmam que homem confessou o crime.De acordo com a Pol\u00edcia Militar, as autoridades foram\u2026","rel":"","context":"In &quot;Blog&quot;","block_context":{"text":"Blog","link":"https:\/\/ismaelcolosi.com.br\/index.php\/category\/blog\/"},"img":{"alt_text":"","src":"https:\/\/i0.wp.com\/ismaelcolosi.com.br\/wp-content\/uploads\/2023\/12\/postimg-6575f20e401761491.jpg?fit=1200%2C628&ssl=1&resize=350%2C200","width":350,"height":200,"srcset":"https:\/\/i0.wp.com\/ismaelcolosi.com.br\/wp-content\/uploads\/2023\/12\/postimg-6575f20e401761491.jpg?fit=1200%2C628&ssl=1&resize=350%2C200 1x, https:\/\/i0.wp.com\/ismaelcolosi.com.br\/wp-content\/uploads\/2023\/12\/postimg-6575f20e401761491.jpg?fit=1200%2C628&ssl=1&resize=525%2C300 1.5x, https:\/\/i0.wp.com\/ismaelcolosi.com.br\/wp-content\/uploads\/2023\/12\/postimg-6575f20e401761491.jpg?fit=1200%2C628&ssl=1&resize=700%2C400 2x, https:\/\/i0.wp.com\/ismaelcolosi.com.br\/wp-content\/uploads\/2023\/12\/postimg-6575f20e401761491.jpg?fit=1200%2C628&ssl=1&resize=1050%2C600 3x"},"classes":[]},{"id":13903,"url":"https:\/\/ismaelcolosi.com.br\/index.php\/2023\/12\/11\/corpo-de-menina-de-4-anos-e-encontrado-dentro-de-saco-de-racao-primo-confessa-crime-com-detalhes-de-arrepiar\/","url_meta":{"origin":13681,"position":1},"title":"Corpo de menina de 4 anos \u00e9 encontrado dentro de saco de ra\u00e7\u00e3o; primo confessa crime com detalhes de arrepiar","author":"ismaelcolosi.com.br","date":"11 de December de 2023","format":false,"excerpt":"A pequena Kemilly Hadassa Silva, de apenas 4 anos de idade, perdeu sua vida de forma precoce e cruel tendo como autor do crime o pr\u00f3prio primo que a tirou de sua resid\u00eancia durante a madrugada do \u00faltimo s\u00e1bado, dia 09 de dezembro, enquanto sua m\u00e3e estava em uma festa.De\u2026","rel":"","context":"In &quot;Blog&quot;","block_context":{"text":"Blog","link":"https:\/\/ismaelcolosi.com.br\/index.php\/category\/blog\/"},"img":{"alt_text":"","src":"https:\/\/i0.wp.com\/ismaelcolosi.com.br\/wp-content\/uploads\/2023\/12\/postimg-65772aac57b2f6427.jpg?fit=1200%2C628&ssl=1&resize=350%2C200","width":350,"height":200,"srcset":"https:\/\/i0.wp.com\/ismaelcolosi.com.br\/wp-content\/uploads\/2023\/12\/postimg-65772aac57b2f6427.jpg?fit=1200%2C628&ssl=1&resize=350%2C200 1x, https:\/\/i0.wp.com\/ismaelcolosi.com.br\/wp-content\/uploads\/2023\/12\/postimg-65772aac57b2f6427.jpg?fit=1200%2C628&ssl=1&resize=525%2C300 1.5x, https:\/\/i0.wp.com\/ismaelcolosi.com.br\/wp-content\/uploads\/2023\/12\/postimg-65772aac57b2f6427.jpg?fit=1200%2C628&ssl=1&resize=700%2C400 2x, https:\/\/i0.wp.com\/ismaelcolosi.com.br\/wp-content\/uploads\/2023\/12\/postimg-65772aac57b2f6427.jpg?fit=1200%2C628&ssl=1&resize=1050%2C600 3x"},"classes":[]},{"id":28384,"url":"https:\/\/ismaelcolosi.com.br\/index.php\/2024\/01\/15\/utm_sourcerssutm_mediumrssutm_campaignprincipal-suspeito-de-matar-engenheiro-em-ribeirao-preto-e-preso-no-rio-de-janeiro\/","url_meta":{"origin":13681,"position":2},"title":"Principal suspeito de matar engenheiro em Ribeir\u00e3o Preto \u00e9 preso no Rio de Janeiro \u2013 X Tudo Ribeir\u00e3o","author":"ismaelcolosi.com.br","date":"15 de January de 2024","format":false,"excerpt":"O principal suspeito de matar um engenheiro de 34 anos, na cidade de Ribeir\u00e3o Preto no final do ano passado, foi preso pela Pol\u00edcia Civil em Nova Igua\u00e7u, no Rio de Janeiro.\u00a0 Segundo as informa\u00e7\u00f5es da Pol\u00edcia Civil, os Policiais da 1\u00aa DIG \/ DEIC do Deinter 3, ap\u00f3s o\u2026","rel":"","context":"In &quot;Not\u00edcias de Ribeir\u00e3o Preto-SP e Regi\u00e3o&quot;","block_context":{"text":"Not\u00edcias de Ribeir\u00e3o Preto-SP e Regi\u00e3o","link":"https:\/\/ismaelcolosi.com.br\/index.php\/category\/noticias-de-ribeirao-preto-sp-e-regiao-ismael-colosi\/"},"img":{"alt_text":"","src":"https:\/\/i0.wp.com\/ismaelcolosi.com.br\/wp-content\/uploads\/2024\/01\/WhatsApp-Image-2024-01-15-at-16.08.41.jpeg?fit=921%2C623&ssl=1&resize=350%2C200","width":350,"height":200,"srcset":"https:\/\/i0.wp.com\/ismaelcolosi.com.br\/wp-content\/uploads\/2024\/01\/WhatsApp-Image-2024-01-15-at-16.08.41.jpeg?fit=921%2C623&ssl=1&resize=350%2C200 1x, https:\/\/i0.wp.com\/ismaelcolosi.com.br\/wp-content\/uploads\/2024\/01\/WhatsApp-Image-2024-01-15-at-16.08.41.jpeg?fit=921%2C623&ssl=1&resize=525%2C300 1.5x, https:\/\/i0.wp.com\/ismaelcolosi.com.br\/wp-content\/uploads\/2024\/01\/WhatsApp-Image-2024-01-15-at-16.08.41.jpeg?fit=921%2C623&ssl=1&resize=700%2C400 2x"},"classes":[]},{"id":28538,"url":"https:\/\/ismaelcolosi.com.br\/index.php\/2024\/01\/16\/deic-prende-principal-suspeito-da-morte-de-engenheiro\/","url_meta":{"origin":13681,"position":3},"title":"DEIC prende principal suspeito da morte de engenheiro","author":"ismaelcolosi.com.br","date":"16 de January de 2024","format":false,"excerpt":"Homem foi preso em Nova Igua\u00e7u (RJ) e se apresentava como garoto de programa em redes sociais 15 de janeiro de 2024 | 16:30 4Por: Adalberto LuqueO principal suspeito da morte do engenheiro Paulo Roberto Carvalho Pena Braga Filho, de 34 anos, foi preso nesta segunda-feira (15). Gabriel Souza Brito,\u2026","rel":"","context":"In &quot;Not\u00edcias de Ribeir\u00e3o Preto-SP e Regi\u00e3o&quot;","block_context":{"text":"Not\u00edcias de Ribeir\u00e3o Preto-SP e Regi\u00e3o","link":"https:\/\/ismaelcolosi.com.br\/index.php\/category\/noticias-de-ribeirao-preto-sp-e-regiao-ismael-colosi\/"},"img":{"alt_text":"","src":"https:\/\/i0.wp.com\/ismaelcolosi.com.br\/wp-content\/uploads\/2024\/01\/00-15-jan-2024-suspeito-latrocinio-engenheiro-02-foto-reproducao.jpg?fit=782%2C574&ssl=1&resize=350%2C200","width":350,"height":200,"srcset":"https:\/\/i0.wp.com\/ismaelcolosi.com.br\/wp-content\/uploads\/2024\/01\/00-15-jan-2024-suspeito-latrocinio-engenheiro-02-foto-reproducao.jpg?fit=782%2C574&ssl=1&resize=350%2C200 1x, https:\/\/i0.wp.com\/ismaelcolosi.com.br\/wp-content\/uploads\/2024\/01\/00-15-jan-2024-suspeito-latrocinio-engenheiro-02-foto-reproducao.jpg?fit=782%2C574&ssl=1&resize=525%2C300 1.5x, https:\/\/i0.wp.com\/ismaelcolosi.com.br\/wp-content\/uploads\/2024\/01\/00-15-jan-2024-suspeito-latrocinio-engenheiro-02-foto-reproducao.jpg?fit=782%2C574&ssl=1&resize=700%2C400 2x"},"classes":[]},{"id":21395,"url":"https:\/\/ismaelcolosi.com.br\/index.php\/2023\/12\/27\/chega-ao-fim-de-forma-tragica-as-buscas-por-menina-de-4-anos-que-desapareceu-apos-cair-em-rio-de-sc-era-uma-filha-maravilhosa\/","url_meta":{"origin":13681,"position":4},"title":"Chega ao fim de forma tr\u00e1gica as buscas por menina de 4 anos que desapareceu ap\u00f3s cair em rio de SC: &#8216;Era uma filha maravilhosa&#8217;","author":"ismaelcolosi.com.br","date":"27 de December de 2023","format":false,"excerpt":"O corpo da menina de 4 anos, Lavinia Oliveira Pereira, desaparecida desde domingo em Pedras Grandes, Sul de Santa Catarina, foi encontrado no in\u00edcio da tarde desta quarta-feira, cerca de 13 quil\u00f4metros do local onde foi vista pela \u00faltima vez, de acordo com informa\u00e7\u00f5es dos bombeiros.A trag\u00e9dia ocorreu quando a\u2026","rel":"","context":"In &quot;Blog&quot;","block_context":{"text":"Blog","link":"https:\/\/ismaelcolosi.com.br\/index.php\/category\/blog\/"},"img":{"alt_text":"","src":"https:\/\/i0.wp.com\/ismaelcolosi.com.br\/wp-content\/uploads\/2023\/12\/postimg-658c82d7959899819.jpg?fit=1200%2C628&ssl=1&resize=350%2C200","width":350,"height":200,"srcset":"https:\/\/i0.wp.com\/ismaelcolosi.com.br\/wp-content\/uploads\/2023\/12\/postimg-658c82d7959899819.jpg?fit=1200%2C628&ssl=1&resize=350%2C200 1x, https:\/\/i0.wp.com\/ismaelcolosi.com.br\/wp-content\/uploads\/2023\/12\/postimg-658c82d7959899819.jpg?fit=1200%2C628&ssl=1&resize=525%2C300 1.5x, https:\/\/i0.wp.com\/ismaelcolosi.com.br\/wp-content\/uploads\/2023\/12\/postimg-658c82d7959899819.jpg?fit=1200%2C628&ssl=1&resize=700%2C400 2x, https:\/\/i0.wp.com\/ismaelcolosi.com.br\/wp-content\/uploads\/2023\/12\/postimg-658c82d7959899819.jpg?fit=1200%2C628&ssl=1&resize=1050%2C600 3x"},"classes":[]},{"id":21310,"url":"https:\/\/ismaelcolosi.com.br\/index.php\/2023\/12\/27\/pai-e-preso-suspeito-de-tirar-a-vida-da-esposa-e-dos-quatro-filhos-de-forma-cruel-no-dia-de-natal\/","url_meta":{"origin":13681,"position":5},"title":"Pai \u00e9 preso suspeito de tirar a vida da esposa e dos quatro filhos de forma cruel no dia de Natal","author":"ismaelcolosi.com.br","date":"27 de December de 2023","format":false,"excerpt":"Um indiv\u00edduo de 33 anos, apontado como autor do assassinato de sua esposa e dos quatro filhos na noite de segunda-feira (25) em sua resid\u00eancia em Meaux, foi capturado na ter\u00e7a-feira (26) em Sevran.A casa da fam\u00edlia fica localizada no departamento de Seine-et-Marne, a cerca de 50 km a oeste\u2026","rel":"","context":"In &quot;Blog&quot;","block_context":{"text":"Blog","link":"https:\/\/ismaelcolosi.com.br\/index.php\/category\/blog\/"},"img":{"alt_text":"","src":"https:\/\/i0.wp.com\/ismaelcolosi.com.br\/wp-content\/uploads\/2023\/12\/postimg-658c60a33f2008668.jpg?fit=1200%2C628&ssl=1&resize=350%2C200","width":350,"height":200,"srcset":"https:\/\/i0.wp.com\/ismaelcolosi.com.br\/wp-content\/uploads\/2023\/12\/postimg-658c60a33f2008668.jpg?fit=1200%2C628&ssl=1&resize=350%2C200 1x, https:\/\/i0.wp.com\/ismaelcolosi.com.br\/wp-content\/uploads\/2023\/12\/postimg-658c60a33f2008668.jpg?fit=1200%2C628&ssl=1&resize=525%2C300 1.5x, https:\/\/i0.wp.com\/ismaelcolosi.com.br\/wp-content\/uploads\/2023\/12\/postimg-658c60a33f2008668.jpg?fit=1200%2C628&ssl=1&resize=700%2C400 2x, https:\/\/i0.wp.com\/ismaelcolosi.com.br\/wp-content\/uploads\/2023\/12\/postimg-658c60a33f2008668.jpg?fit=1200%2C628&ssl=1&resize=1050%2C600 3x"},"classes":[]}],"jetpack_sharing_enabled":true,"jetpack_shortlink":"https:\/\/wp.me\/pfMlyK-3yF","_links":{"self":[{"href":"https:\/\/ismaelcolosi.com.br\/index.php\/wp-json\/wp\/v2\/posts\/13681","targetHints":{"allow":["GET"]}}],"collection":[{"href":"https:\/\/ismaelcolosi.com.br\/index.php\/wp-json\/wp\/v2\/posts"}],"about":[{"href":"https:\/\/ismaelcolosi.com.br\/index.php\/wp-json\/wp\/v2\/types\/post"}],"author":[{"embeddable":true,"href":"https:\/\/ismaelcolosi.com.br\/index.php\/wp-json\/wp\/v2\/users\/1"}],"replies":[{"embeddable":true,"href":"https:\/\/ismaelcolosi.com.br\/index.php\/wp-json\/wp\/v2\/comments?post=13681"}],"version-history":[{"count":0,"href":"https:\/\/ismaelcolosi.com.br\/index.php\/wp-json\/wp\/v2\/posts\/13681\/revisions"}],"wp:featuredmedia":[{"embeddable":true,"href":"https:\/\/ismaelcolosi.com.br\/index.php\/wp-json\/wp\/v2\/media\/13682"}],"wp:attachment":[{"href":"https:\/\/ismaelcolosi.com.br\/index.php\/wp-json\/wp\/v2\/media?parent=13681"}],"wp:term":[{"taxonomy":"category","embeddable":true,"href":"https:\/\/ismaelcolosi.com.br\/index.php\/wp-json\/wp\/v2\/categories?post=13681"},{"taxonomy":"post_tag","embeddable":true,"href":"https:\/\/ismaelcolosi.com.br\/index.php\/wp-json\/wp\/v2\/tags?post=13681"}],"curies":[{"name":"wp","href":"https:\/\/api.w.org\/{rel}","templated":true}]}}