{"id":1368,"date":"2023-11-12T10:01:05","date_gmt":"2023-11-12T13:01:05","guid":{"rendered":"https:\/\/ismaelcolosi.com.br\/index.php\/2023\/11\/12\/pequenas-empresas-poderao-escolher-fornecedor-de-energia\/"},"modified":"2023-11-12T10:01:05","modified_gmt":"2023-11-12T13:01:05","slug":"pequenas-empresas-poderao-escolher-fornecedor-de-energia","status":"publish","type":"post","link":"https:\/\/ismaelcolosi.com.br\/index.php\/2023\/11\/12\/pequenas-empresas-poderao-escolher-fornecedor-de-energia\/","title":{"rendered":"Pequenas empresas poder\u00e3o escolher fornecedor de energia"},"content":{"rendered":"<p> <br \/>\n<\/p>\n<div>\n<p><span data-contrast=\"auto\">A partir de janeiro de 2024, empresas de pequeno e m\u00e9dio porte poder\u00e3o escolher seu fornecedor de energia. O chamado grupo A \u00e9 composto por cerca de 165 mil empresas e ter\u00e1 a op\u00e7\u00e3o de escolher seus pr\u00f3prios fornecedores al\u00e9m das concession\u00e1rias tradicionais. Atualmente, o mercado livre de energia \u00e9 formado por grandes companhias industriais.<\/span><span data-ccp-props=\"{&quot;201341983&quot;:0,&quot;335559739&quot;:0,&quot;335559740&quot;:240}\">\u00a0<\/span><\/p>\n<p><span data-ccp-props=\"{&quot;201341983&quot;:0,&quot;335559739&quot;:0,&quot;335559740&quot;:240}\">\u00a0<\/span><span data-contrast=\"auto\">A promessa de consultorias e empresas do segmento \u00e9 que a maior concorr\u00eancia na oferta pode gerar redu\u00e7\u00f5es de at\u00e9 30% na conta de luz. Segundo a Associa\u00e7\u00e3o Brasileira dos Comercializadores de Energia (Abraceel), com dados da Ag\u00eancia Nacional de Energia El\u00e9trica (Aneel), mais de 8.700 empresas j\u00e1 pediram a migra\u00e7\u00e3o para o mercado livre.<\/span><span data-ccp-props=\"{&quot;201341983&quot;:0,&quot;335559739&quot;:0,&quot;335559740&quot;:240}\">\u00a0<\/span><\/p>\n<p><span data-ccp-props=\"{&quot;201341983&quot;:0,&quot;335559739&quot;:0,&quot;335559740&quot;:240}\">\u00a0<\/span><span data-contrast=\"auto\">O mercado livre j\u00e1 existe para companhias ligadas \u00e0 alta tens\u00e3o, com contrato de demanda superior a 500 quilowats (KW). Geralmente, essas empresas apresentam contas mensais de eletricidade que ultrapassam os R$ 10 mil.\u00a0<\/span><span data-ccp-props=\"{&quot;201341983&quot;:0,&quot;335559739&quot;:0,&quot;335559740&quot;:240}\">\u00a0<\/span><\/p>\n<p><span data-ccp-props=\"{&quot;201341983&quot;:0,&quot;335559739&quot;:0,&quot;335559740&quot;:240}\">\u00a0<\/span><span data-contrast=\"auto\">Com a implementa\u00e7\u00e3o da nova regra, a exig\u00eancia de um consumo m\u00ednimo de 500 kW por m\u00eas para ingressar no mercado livre de energia \u00e9 abolida, permitindo que um espectro mais amplo de empresas tenha acesso a esse mercado. A estimativa \u00e9 de que a abertura para neg\u00f3cios de menor porte crie um mercado de, pelo menos, 100 mil novas empresas com contas mensais entre R$ 10 mil e R$ 60 mil.<\/span><span data-ccp-props=\"{&quot;201341983&quot;:0,&quot;335559739&quot;:0,&quot;335559740&quot;:240}\">\u00a0<\/span><\/p>\n<p><b><span data-contrast=\"auto\">Como funciona o mercado livre<\/span><\/b><span data-ccp-props=\"{&quot;201341983&quot;:0,&quot;335559739&quot;:0,&quot;335559740&quot;:240}\">\u00a0<\/span><\/p>\n<p><span data-contrast=\"auto\">No mercado livre de energia, o consumidor pode decidir qual ser\u00e1 a sua comercializadora ou geradora, assim como a fonte energ\u00e9tica, que pode ser h\u00eddrica, fotovoltaica, e\u00f3lica, biog\u00e1s, carv\u00e3o, entre outras.\u00a0<\/span><span data-ccp-props=\"{&quot;201341983&quot;:0,&quot;335559739&quot;:0,&quot;335559740&quot;:240}\">\u00a0<\/span><\/p>\n<p><span data-ccp-props=\"{&quot;201341983&quot;:0,&quot;335559739&quot;:0,&quot;335559740&quot;:240}\">\u00a0<\/span><span data-contrast=\"auto\">A expectativa \u00e9 que at\u00e9 2026 o mercado livre possa ser liberado tamb\u00e9m para a baixa tens\u00e3o, \u00e0 exce\u00e7\u00e3o de resid\u00eancias e \u00e1reas rurais. De 2028 em diante, a\u00ed sim o acesso seria liberado tamb\u00e9m para os consumidores residenciais e a classe rural.<\/span><span data-ccp-props=\"{&quot;201341983&quot;:0,&quot;335559739&quot;:0,&quot;335559740&quot;:240}\">\u00a0<\/span><\/p>\n<p><span data-contrast=\"auto\">Esses prazos constam de uma minuta de portaria do Minist\u00e9rio de Minas e Energia (MME). O projeto de lei 414\/2021, aprovado pelo Senado, mas que est\u00e1 parado na C\u00e2mara desde 2022, tamb\u00e9m prev\u00ea a libera\u00e7\u00e3o total em 2028.<\/span><span data-ccp-props=\"{&quot;201341983&quot;:0,&quot;335559739&quot;:0,&quot;335559740&quot;:240}\">\u00a0<\/span><\/p>\n<p><span data-ccp-props=\"{&quot;201341983&quot;:0,&quot;335559739&quot;:0,&quot;335559740&quot;:240}\">\u00a0<\/span><span data-contrast=\"auto\">Para especialistas, \u00e9 preciso cuidado e aten\u00e7\u00e3o extra antes de aderir ao mercado livre. Isso porque as comercializadoras respons\u00e1veis por vender a eletricidade precisam entender a empresa e oferecer pacotes espec\u00edficos com previs\u00e3o de consumo para os diferentes meses do ano.<\/span><span data-ccp-props=\"{&quot;201341983&quot;:0,&quot;335559739&quot;:0,&quot;335559740&quot;:240}\">\u00a0<\/span><\/p>\n<p><span data-ccp-props=\"{&quot;201341983&quot;:0,&quot;335559739&quot;:0,&quot;335559740&quot;:240}\">\u00a0<\/span><span data-contrast=\"auto\">Al\u00e9m disso, diferentemente da concession\u00e1ria, no mercado livre s\u00e3o firmados contratos que podem variar de um ano a cinco anos com diferentes \u00edndices de reajuste anual. Por isso, \u00e9 importante estar atento ao contrato antes de aderir.<\/span><span data-ccp-props=\"{&quot;201341983&quot;:0,&quot;335559739&quot;:0,&quot;335559740&quot;:240}\">\u00a0<\/span><\/p>\n<p><span data-contrast=\"auto\">Para as empresas, a redu\u00e7\u00e3o de pre\u00e7o ocorre em raz\u00e3o da maior diversidade de fontes que s\u00e3o escolhidas pelos comercializadores \u2014 j\u00e1 s\u00e3o 93 empresas credenciadas e 39 em processo de autoriza\u00e7\u00e3o \u2014 na hora de vender a energia, que pode ser ajustada de acordo com os pre\u00e7os no mercado e condi\u00e7\u00f5es hidrol\u00f3gicas.<\/span><span data-ccp-props=\"{&quot;201341983&quot;:0,&quot;335559739&quot;:0,&quot;335559740&quot;:240}\">\u00a0<\/span><\/p>\n<p><span data-contrast=\"auto\">As principais a\u00e7\u00f5es de empresas de energia el\u00e9trica do Brasil s\u00e3o: Alupar, AES, Celesc, Cemig, CPFL, Copel, Eletrobras, Eneva, Energisa, Engie, Equatorial, Light, Neoenergia, \u00d4mega, Taesa e Transmiss\u00e3o Paulista.<\/span><span data-ccp-props=\"{&quot;201341983&quot;:0,&quot;335559739&quot;:0,&quot;335559740&quot;:240}\">\u00a0<\/span><\/p>\n<p><b><span data-contrast=\"auto\">Matriz hidrel\u00e9trica<\/span><\/b><span data-ccp-props=\"{&quot;201341983&quot;:0,&quot;335559739&quot;:0,&quot;335559740&quot;:240}\">\u00a0<\/span><\/p>\n<p><span data-contrast=\"auto\">Segundo dados da Ag\u00eancia Nacional de Energia El\u00e9trica (Aneel), a atual matriz energ\u00e9tica brasileira \u00e9 predominantemente de usinas hidrel\u00e9tricas, com mais de 60% da gera\u00e7\u00e3o. Mas isso n\u00e3o \u00e9 algo que deve durar para sempre, uma vez que h\u00e1 investimentos em realiza\u00e7\u00e3o para a gera\u00e7\u00e3o de mais energia por fontes renov\u00e1veis como a e\u00f3lica e a solar.<\/span><span data-ccp-props=\"{&quot;201341983&quot;:0,&quot;335559739&quot;:0,&quot;335559740&quot;:240}\">\u00a0<\/span><\/p>\n<p><span data-ccp-props=\"{&quot;201341983&quot;:0,&quot;335559739&quot;:0,&quot;335559740&quot;:240}\">\u00a0<\/span><span data-contrast=\"auto\">A energia fotovoltaica \u00e9 proveniente da convers\u00e3o direta da luz solar em eletricidade e tem se estabelecido como uma solu\u00e7\u00e3o energ\u00e9tica promissora no Brasil. Nos \u00faltimos anos, o Brasil testemunhou um not\u00e1vel crescimento nesse setor.\u00a0<\/span><span data-ccp-props=\"{&quot;201341983&quot;:0,&quot;335559739&quot;:0,&quot;335559740&quot;:240}\">\u00a0<\/span><\/p>\n<p><span data-contrast=\"auto\">Segundo dados da Associa\u00e7\u00e3o Brasileira de Energia Solar Fotovoltaica (Absolar), a capacidade instalada de energia solar no pa\u00eds ultrapassou a marca de 22,4 gigawatts (GW) at\u00e9 o final de 2022. O crescimento tem sido impulsionado por incentivos governamentais, leil\u00f5es de energia e uma maior conscientiza\u00e7\u00e3o sobre os benef\u00edcios ambientais e econ\u00f4micos da energia solar.\u00a0<\/span><span data-ccp-props=\"{&quot;201341983&quot;:0,&quot;335559739&quot;:0,&quot;335559740&quot;:240}\">\u00a0<\/span><\/p>\n<p><b><span data-contrast=\"auto\">Escola Municipal produz energia por meio da capta\u00e7\u00e3o solar<\/span><\/b><span data-ccp-props=\"{&quot;201341983&quot;:0,&quot;335559739&quot;:0,&quot;335559740&quot;:240}\">\u00a0<\/span><\/p>\n<p><span data-ccp-props=\"{&quot;201341983&quot;:0,&quot;335559739&quot;:0,&quot;335559740&quot;:240}\">\u00a0<\/span><i><span data-contrast=\"auto\">Escola Municipal de Ensino Fundamental Dercy C\u00e9lia Seixas Ferrari foi a primeira a receber 50 placas fotovoltaicas, que produzem cerca de 25 mil Watts; economia ser\u00e1 de R$ 30 mil no ano<\/span><\/i><span data-ccp-props=\"{&quot;201341983&quot;:0,&quot;335559739&quot;:0,&quot;335559740&quot;:240}\">\u00a0<\/span><\/p>\n<p><span data-ccp-props=\"{&quot;201341983&quot;:0,&quot;335559739&quot;:0,&quot;335559740&quot;:240}\">\u00a0<\/span><span data-contrast=\"auto\">Desde o m\u00eas de fevereiro, a<\/span> <span data-contrast=\"auto\">Escola Municipal de Ensino Fundamental (Emef) Professora Dercy C\u00e9lia Seixas Ferrari, \u00e9 a primeira escola municipal de Ribeir\u00e3o Preto a produzir energia el\u00e9trica limpa por meio da capta\u00e7\u00e3o de luz solar. Foram instaladas 50 placas fotovoltaicas, que produzir\u00e3o, em m\u00e9dia, 25KW de energia fotovoltaica. A economia prevista \u00e9 de R$ 30 mil anuais e o retorno do investimento ser\u00e1 em pouco mais de tr\u00eas anos.<\/span><span data-ccp-props=\"{&quot;201341983&quot;:0,&quot;335559739&quot;:0,&quot;335559740&quot;:240}\">\u00a0<\/span><\/p>\n<p><span data-ccp-props=\"{&quot;201341983&quot;:0,&quot;335559739&quot;:0,&quot;335559740&quot;:240}\">\u00a0<\/span><span data-contrast=\"auto\">A instala\u00e7\u00e3o de placas fotovoltaicas para a produ\u00e7\u00e3o de energia el\u00e9trica limpa \u00e9 uma escolha consciente e sustent\u00e1vel, que contribui para a prote\u00e7\u00e3o do meio ambiente e para a mitiga\u00e7\u00e3o das mudan\u00e7as clim\u00e1ticas. Essa tecnologia \u00e9 capaz de captar a energia do sol e convert\u00ea-la em eletricidade, sem gerar emiss\u00f5es de gases de efeito estufa ou outros poluentes\u201d, pontuou o prefeito de Ribeir\u00e3o, Duarte Nogueira.\u00a0<\/span><span data-ccp-props=\"{&quot;201341983&quot;:0,&quot;335559739&quot;:0,&quot;335559740&quot;:240}\">\u00a0<\/span><\/p>\n<p><span data-ccp-props=\"{&quot;201341983&quot;:0,&quot;335559739&quot;:0,&quot;335559740&quot;:240}\">\u00a0<\/span><span data-contrast=\"auto\">\u201cAs pr\u00f3ximas escolas municipais que receber\u00e3o as placas s\u00e3o a Emef Raul Machado e a Escola de Educa\u00e7\u00e3o Infantil Dr. F\u00e1bio Musa\u201d, afirmou na ocasi\u00e3o o prefeito.<\/span><span data-ccp-props=\"{&quot;201341983&quot;:0,&quot;335559739&quot;:0,&quot;335559740&quot;:240}\">\u00a0<\/span><\/p>\n<p><span data-ccp-props=\"{&quot;201341983&quot;:0,&quot;335559739&quot;:0,&quot;335559740&quot;:240}\">\u00a0<\/span><b><span data-contrast=\"auto\">Placas Fotovoltaicas\u00a0<\/span><\/b><span data-ccp-props=\"{&quot;201341983&quot;:0,&quot;335559739&quot;:0,&quot;335559740&quot;:240}\">\u00a0<\/span><\/p>\n<p><span data-contrast=\"auto\">Pain\u00e9is solares fotovoltaicos, tamb\u00e9m chamados de placas solares fotovoltaicas, s\u00e3o dispositivos utilizados para converter a energia da luz do Sol em energia el\u00e9trica. Os pain\u00e9is solares fotovoltaicos s\u00e3o compostos por c\u00e9lulas solares, assim designadas j\u00e1 que captam, em geral, a luz solar. Estas c\u00e9lulas s\u00e3o, por vezes, chamadas de c\u00e9lulas fotovoltaicas, ou seja, criam uma diferen\u00e7a de potencial el\u00e9trico por a\u00e7\u00e3o da luz. As c\u00e9lulas solares contam com o efeito fotovoltaico para absorver a energia do sol e fazem a corrente el\u00e9trica fluir entre duas camadas com cargas opostas.<\/span><span data-ccp-props=\"{&quot;201341983&quot;:0,&quot;335559739&quot;:0,&quot;335559740&quot;:240}\">\u00a0<\/span><\/p>\n<p><span data-ccp-props=\"{&quot;201341983&quot;:0,&quot;335559739&quot;:0,&quot;335559740&quot;:240}\">\u00a0<\/span><\/p>\n<p><span data-ccp-props=\"{&quot;201341983&quot;:0,&quot;335559739&quot;:0,&quot;335559740&quot;:240}\">\u00a0<\/span><\/p>\n<p>\u00a0<\/p>\n<\/div>\n<p><br \/>\n<br \/><a href=\"https:\/\/www.tribunaribeirao.com.br\/site\/pequenas-empresas-poderao-escolher-fornecedor-de-energia\/\">Source link <\/a><\/p>\n<div class='code-block code-block-4' style='margin: 8px auto 8px 0; text-align: left; display: block; clear: both;'>\n\ud83d\udce2 Aviso Legal\n\nO site ismaelcolosi.com.br atua apenas como um canal de divulga\u00e7\u00e3o de oportunidades de emprego e n\u00e3o se responsabiliza pelo processo seletivo, contrata\u00e7\u00e3o ou qualquer outra etapa relacionada \u00e0s vagas publicadas. Todas as informa\u00e7\u00f5es s\u00e3o de responsabilidade dos anunciantes.\n\n\u26a0\ufe0f Aten\u00e7\u00e3o! Nunca pague por promessas de emprego nem compre cursos que garantam contrata\u00e7\u00e3o. Desconfie de qualquer cobran\u00e7a para participar de sele\u00e7\u00f5es.\n\n\n\n<\/div>\n<!-- CONTENT END 1 -->\n","protected":false},"excerpt":{"rendered":"<p>A partir de janeiro de 2024, empresas de pequeno e m\u00e9dio porte poder\u00e3o escolher seu fornecedor de energia. O chamado grupo A \u00e9 composto por&#8230;<\/p>\n","protected":false},"author":1,"featured_media":1369,"comment_status":"open","ping_status":"open","sticky":false,"template":"","format":"standard","meta":{"_uag_custom_page_level_css":"","advanced_seo_description":"","jetpack_seo_html_title":"","jetpack_seo_noindex":false,"jetpack_post_was_ever_published":false,"_jetpack_newsletter_access":"","_jetpack_dont_email_post_to_subs":false,"_jetpack_newsletter_tier_id":0,"_jetpack_memberships_contains_paywalled_content":false,"_jetpack_memberships_contains_paid_content":false,"footnotes":"","jetpack_publicize_message":"","jetpack_publicize_feature_enabled":true,"jetpack_social_post_already_shared":false,"jetpack_social_options":{"image_generator_settings":{"template":"highway","default_image_id":0,"font":"","enabled":false},"version":2}},"categories":[11],"tags":[],"class_list":["post-1368","post","type-post","status-publish","format-standard","has-post-thumbnail","hentry","category-noticias-de-ribeirao-preto-sp-e-regiao-ismael-colosi"],"jetpack_publicize_connections":[],"jetpack_featured_media_url":"https:\/\/i0.wp.com\/ismaelcolosi.com.br\/wp-content\/uploads\/2023\/11\/2-fotoenergiaescolamunicipal-creditoCCS-scaled.jpg?fit=967%2C645&ssl=1","uagb_featured_image_src":{"full":["https:\/\/i0.wp.com\/ismaelcolosi.com.br\/wp-content\/uploads\/2023\/11\/2-fotoenergiaescolamunicipal-creditoCCS-scaled.jpg?fit=967%2C645&ssl=1",967,645,false],"thumbnail":["https:\/\/i0.wp.com\/ismaelcolosi.com.br\/wp-content\/uploads\/2023\/11\/2-fotoenergiaescolamunicipal-creditoCCS-scaled.jpg?resize=150%2C150&ssl=1",150,150,true],"medium":["https:\/\/i0.wp.com\/ismaelcolosi.com.br\/wp-content\/uploads\/2023\/11\/2-fotoenergiaescolamunicipal-creditoCCS-scaled.jpg?fit=300%2C200&ssl=1",300,200,true],"medium_large":["https:\/\/i0.wp.com\/ismaelcolosi.com.br\/wp-content\/uploads\/2023\/11\/2-fotoenergiaescolamunicipal-creditoCCS-scaled.jpg?fit=768%2C512&ssl=1",768,512,true],"large":["https:\/\/i0.wp.com\/ismaelcolosi.com.br\/wp-content\/uploads\/2023\/11\/2-fotoenergiaescolamunicipal-creditoCCS-scaled.jpg?fit=967%2C645&ssl=1",967,645,true],"1536x1536":["https:\/\/i0.wp.com\/ismaelcolosi.com.br\/wp-content\/uploads\/2023\/11\/2-fotoenergiaescolamunicipal-creditoCCS-scaled.jpg?fit=967%2C645&ssl=1",967,645,true],"2048x2048":["https:\/\/i0.wp.com\/ismaelcolosi.com.br\/wp-content\/uploads\/2023\/11\/2-fotoenergiaescolamunicipal-creditoCCS-scaled.jpg?fit=967%2C645&ssl=1",967,645,true],"really-simple-thumb":["https:\/\/i0.wp.com\/ismaelcolosi.com.br\/wp-content\/uploads\/2023\/11\/2-fotoenergiaescolamunicipal-creditoCCS-scaled.jpg?resize=370%2C247&ssl=1",370,247,true]},"uagb_author_info":{"display_name":"ismaelcolosi.com.br","author_link":"https:\/\/ismaelcolosi.com.br\/index.php\/author\/vidareal-online\/"},"uagb_comment_info":0,"uagb_excerpt":"A partir de janeiro de 2024, empresas de pequeno e m\u00e9dio porte poder\u00e3o escolher seu fornecedor de energia. O chamado grupo A \u00e9 composto por...","jetpack-related-posts":[{"id":46016,"url":"https:\/\/ismaelcolosi.com.br\/index.php\/2024\/04\/09\/feira-de-empresas-chinesas-oferece-mais-de-300-vagas-no-brasil-veja-oportunidades\/","url_meta":{"origin":1368,"position":0},"title":"Feira de empresas chinesas oferece mais de 300 vagas no Brasil; veja oportunidades","author":"ismaelcolosi.com.br","date":"9 de April de 2024","format":false,"excerpt":"Da reda\u00e7\u00e3oi Da reda\u00e7\u00e3o 09\/04\/2024 - 10:43 A VI Feira de Recrutamento das Empresas Chinesas vai oferecer mais de 300 vagas de trabalho neste s\u00e1bado, 13 de abril, nas instala\u00e7\u00f5es da ESEG \u2013 Faculdade do Grupo Etapa, na Vila Mariana, S\u00e3o Paulo.O evento, gratuito e aberto ao p\u00fablico, vai disponibilizar\u2026","rel":"","context":"In &quot;Empregos - Classificados&quot;","block_context":{"text":"Empregos - Classificados","link":"https:\/\/ismaelcolosi.com.br\/index.php\/category\/empregos-classificados-vagas-trabalho\/"},"img":{"alt_text":"","src":"https:\/\/i0.wp.com\/ismaelcolosi.com.br\/wp-content\/uploads\/2024\/04\/vagas.jpg?fit=1200%2C770&ssl=1&resize=350%2C200","width":350,"height":200,"srcset":"https:\/\/i0.wp.com\/ismaelcolosi.com.br\/wp-content\/uploads\/2024\/04\/vagas.jpg?fit=1200%2C770&ssl=1&resize=350%2C200 1x, https:\/\/i0.wp.com\/ismaelcolosi.com.br\/wp-content\/uploads\/2024\/04\/vagas.jpg?fit=1200%2C770&ssl=1&resize=525%2C300 1.5x, https:\/\/i0.wp.com\/ismaelcolosi.com.br\/wp-content\/uploads\/2024\/04\/vagas.jpg?fit=1200%2C770&ssl=1&resize=700%2C400 2x, https:\/\/i0.wp.com\/ismaelcolosi.com.br\/wp-content\/uploads\/2024\/04\/vagas.jpg?fit=1200%2C770&ssl=1&resize=1050%2C600 3x"},"classes":[]},{"id":85474,"url":"https:\/\/ismaelcolosi.com.br\/index.php\/2025\/05\/21\/regus-trabalho-hibrido-uma-escolha-sustentavel\/","url_meta":{"origin":1368,"position":1},"title":"Regus: Trabalho H\u00edbrido: uma Escolha Sustent\u00e1vel","author":"ismaelcolosi.com.br","date":"21 de May de 2025","format":false,"excerpt":"\r Divulga\u00e7\u00e3o\r Regus 575 Norte Sul, em Campinas, SP\r Acessibilidade \r L\r L\r A-\r A+\r \r \u25d0\r \r Nos \u00faltimos anos, o modelo h\u00edbrido de trabalho tem se consolidado como uma das maiores transforma\u00e7\u00f5es no universo corporativo. Muito al\u00e9m da flexibiliza\u00e7\u00e3o da jornada e da busca por equil\u00edbrio entre vida\u2026","rel":"","context":"In &quot;Carreira e Sucesso&quot;","block_context":{"text":"Carreira e Sucesso","link":"https:\/\/ismaelcolosi.com.br\/index.php\/category\/carreira-e-sucesso-dicas-para-carreira\/"},"img":{"alt_text":"","src":"https:\/\/i0.wp.com\/ismaelcolosi.com.br\/wp-content\/uploads\/2025\/05\/1-8-1200x675.png?fit=1200%2C675&ssl=1&resize=350%2C200","width":350,"height":200,"srcset":"https:\/\/i0.wp.com\/ismaelcolosi.com.br\/wp-content\/uploads\/2025\/05\/1-8-1200x675.png?fit=1200%2C675&ssl=1&resize=350%2C200 1x, https:\/\/i0.wp.com\/ismaelcolosi.com.br\/wp-content\/uploads\/2025\/05\/1-8-1200x675.png?fit=1200%2C675&ssl=1&resize=525%2C300 1.5x, https:\/\/i0.wp.com\/ismaelcolosi.com.br\/wp-content\/uploads\/2025\/05\/1-8-1200x675.png?fit=1200%2C675&ssl=1&resize=700%2C400 2x, https:\/\/i0.wp.com\/ismaelcolosi.com.br\/wp-content\/uploads\/2025\/05\/1-8-1200x675.png?fit=1200%2C675&ssl=1&resize=1050%2C600 3x"},"classes":[]},{"id":87635,"url":"https:\/\/ismaelcolosi.com.br\/index.php\/2025\/09\/22\/mercado-livre-anuncia-unidade-voltada-a-empresas\/","url_meta":{"origin":1368,"position":2},"title":"Mercado Livre Anuncia Unidade Voltada a Empresas","author":"ismaelcolosi.com.br","date":"22 de September de 2025","format":false,"excerpt":"\r SOPA Images\/Getty Images\r Com\u00e9rcio B2B j\u00e1 supera B2C e deve quintuplicar at\u00e9 2026\r Acessibilidade \r L\r L\r A-\r A+\r \r \u25d0\r \r O Mercado Livre anunciou nesta segunda-feira (22) uma nova unidade voltada para clientes corporativos (B2B), mirando um p\u00fablico mais robusto, enquanto busca alavancar seu ecossisema para al\u00e9m\u2026","rel":"","context":"In &quot;Carreira e Sucesso&quot;","block_context":{"text":"Carreira e Sucesso","link":"https:\/\/ismaelcolosi.com.br\/index.php\/category\/carreira-e-sucesso-dicas-para-carreira\/"},"img":{"alt_text":"","src":"https:\/\/i0.wp.com\/ismaelcolosi.com.br\/wp-content\/uploads\/2025\/09\/Logo-do-Mercado-Livre-1200x675.jpg?fit=1200%2C675&ssl=1&resize=350%2C200","width":350,"height":200,"srcset":"https:\/\/i0.wp.com\/ismaelcolosi.com.br\/wp-content\/uploads\/2025\/09\/Logo-do-Mercado-Livre-1200x675.jpg?fit=1200%2C675&ssl=1&resize=350%2C200 1x, https:\/\/i0.wp.com\/ismaelcolosi.com.br\/wp-content\/uploads\/2025\/09\/Logo-do-Mercado-Livre-1200x675.jpg?fit=1200%2C675&ssl=1&resize=525%2C300 1.5x, https:\/\/i0.wp.com\/ismaelcolosi.com.br\/wp-content\/uploads\/2025\/09\/Logo-do-Mercado-Livre-1200x675.jpg?fit=1200%2C675&ssl=1&resize=700%2C400 2x, https:\/\/i0.wp.com\/ismaelcolosi.com.br\/wp-content\/uploads\/2025\/09\/Logo-do-Mercado-Livre-1200x675.jpg?fit=1200%2C675&ssl=1&resize=1050%2C600 3x"},"classes":[]},{"id":54287,"url":"https:\/\/ismaelcolosi.com.br\/index.php\/2024\/06\/24\/empresas-latino-americanas-e-as-prioridades-em-sustentabilidade\/","url_meta":{"origin":1368,"position":3},"title":"Empresas latino-americanas e as prioridades em sustentabilidade","author":"ismaelcolosi.com.br","date":"24 de June de 2024","format":false,"excerpt":"O Dia Mundial do Meio Ambiente, lembrado neste ano no in\u00edcio de junho, lan\u00e7a luz sobre o impacto das mudan\u00e7as clim\u00e1ticas em nosso planeta. A reflex\u00e3o, fundamental para a preserva\u00e7\u00e3o ambiental, tamb\u00e9m se depara diante do compromisso das empresas latino-americanas com o meio ambiente e com a sustentabilidade. Um estudo\u2026","rel":"","context":"In &quot;Carreira e Sucesso&quot;","block_context":{"text":"Carreira e Sucesso","link":"https:\/\/ismaelcolosi.com.br\/index.php\/category\/carreira-e-sucesso-dicas-para-carreira\/"},"img":{"alt_text":"","src":"https:\/\/i0.wp.com\/ismaelcolosi.com.br\/wp-content\/uploads\/2024\/06\/CEOS_ESG_13jan23_Artem-Peretiatko_Guettyimages-1024x683.jpg?fit=1024%2C683&ssl=1&resize=350%2C200","width":350,"height":200,"srcset":"https:\/\/i0.wp.com\/ismaelcolosi.com.br\/wp-content\/uploads\/2024\/06\/CEOS_ESG_13jan23_Artem-Peretiatko_Guettyimages-1024x683.jpg?fit=1024%2C683&ssl=1&resize=350%2C200 1x, https:\/\/i0.wp.com\/ismaelcolosi.com.br\/wp-content\/uploads\/2024\/06\/CEOS_ESG_13jan23_Artem-Peretiatko_Guettyimages-1024x683.jpg?fit=1024%2C683&ssl=1&resize=525%2C300 1.5x, https:\/\/i0.wp.com\/ismaelcolosi.com.br\/wp-content\/uploads\/2024\/06\/CEOS_ESG_13jan23_Artem-Peretiatko_Guettyimages-1024x683.jpg?fit=1024%2C683&ssl=1&resize=700%2C400 2x"},"classes":[]},{"id":52363,"url":"https:\/\/ismaelcolosi.com.br\/index.php\/2024\/06\/06\/regus-trabalho-hibrido-garante-sustentabilidade\/","url_meta":{"origin":1368,"position":4},"title":"Regus: Trabalho h\u00edbrido garante sustentabilidade","author":"ismaelcolosi.com.br","date":"6 de June de 2024","format":false,"excerpt":"Foto: Divulga\u00e7\u00e3oRegus Pal\u00e1cio da Agricultura, em Bras\u00edlia Acessibilidade L L A- A+ \u25d0 Com a ascens\u00e3o do modelo de trabalho h\u00edbrido, empresas de diversos setores t\u00eam encontrado maneiras de reduzir seu consumo de energia e diminuir sua pegada de carbono, contribuindo para um futuro mais sustent\u00e1vel. Nos \u00faltimos anos, o\u2026","rel":"","context":"In &quot;Carreira e Sucesso&quot;","block_context":{"text":"Carreira e Sucesso","link":"https:\/\/ismaelcolosi.com.br\/index.php\/category\/carreira-e-sucesso-dicas-para-carreira\/"},"img":{"alt_text":"","src":"https:\/\/i0.wp.com\/ismaelcolosi.com.br\/wp-content\/uploads\/2024\/06\/bv-regus_119-2-1024x683.jpg?fit=1024%2C683&ssl=1&resize=350%2C200","width":350,"height":200,"srcset":"https:\/\/i0.wp.com\/ismaelcolosi.com.br\/wp-content\/uploads\/2024\/06\/bv-regus_119-2-1024x683.jpg?fit=1024%2C683&ssl=1&resize=350%2C200 1x, https:\/\/i0.wp.com\/ismaelcolosi.com.br\/wp-content\/uploads\/2024\/06\/bv-regus_119-2-1024x683.jpg?fit=1024%2C683&ssl=1&resize=525%2C300 1.5x, https:\/\/i0.wp.com\/ismaelcolosi.com.br\/wp-content\/uploads\/2024\/06\/bv-regus_119-2-1024x683.jpg?fit=1024%2C683&ssl=1&resize=700%2C400 2x"},"classes":[]},{"id":55420,"url":"https:\/\/ismaelcolosi.com.br\/index.php\/2024\/07\/03\/regus-trabalho-hibrido-garante-sustentabilidade-2\/","url_meta":{"origin":1368,"position":5},"title":"Regus: Trabalho h\u00edbrido garante sustentabilidade","author":"ismaelcolosi.com.br","date":"3 de July de 2024","format":false,"excerpt":"Foto: Divulga\u00e7\u00e3oRegus Pal\u00e1cio da Agricultura, em Bras\u00edlia Acessibilidade L L A- A+ \u25d0 Com a ascens\u00e3o do modelo de trabalho h\u00edbrido, empresas de diversos setores t\u00eam encontrado maneiras de reduzir seu consumo de energia e diminuir sua pegada de carbono, contribuindo para um futuro mais sustent\u00e1vel. Nos \u00faltimos anos, o\u2026","rel":"","context":"In &quot;Carreira e Sucesso&quot;","block_context":{"text":"Carreira e Sucesso","link":"https:\/\/ismaelcolosi.com.br\/index.php\/category\/carreira-e-sucesso-dicas-para-carreira\/"},"img":{"alt_text":"","src":"https:\/\/i0.wp.com\/ismaelcolosi.com.br\/wp-content\/uploads\/2024\/07\/bv-regus_119-2-1024x683.jpg?fit=1024%2C683&ssl=1&resize=350%2C200","width":350,"height":200,"srcset":"https:\/\/i0.wp.com\/ismaelcolosi.com.br\/wp-content\/uploads\/2024\/07\/bv-regus_119-2-1024x683.jpg?fit=1024%2C683&ssl=1&resize=350%2C200 1x, https:\/\/i0.wp.com\/ismaelcolosi.com.br\/wp-content\/uploads\/2024\/07\/bv-regus_119-2-1024x683.jpg?fit=1024%2C683&ssl=1&resize=525%2C300 1.5x, https:\/\/i0.wp.com\/ismaelcolosi.com.br\/wp-content\/uploads\/2024\/07\/bv-regus_119-2-1024x683.jpg?fit=1024%2C683&ssl=1&resize=700%2C400 2x"},"classes":[]}],"jetpack_sharing_enabled":true,"jetpack_shortlink":"https:\/\/wp.me\/pfMlyK-m4","_links":{"self":[{"href":"https:\/\/ismaelcolosi.com.br\/index.php\/wp-json\/wp\/v2\/posts\/1368","targetHints":{"allow":["GET"]}}],"collection":[{"href":"https:\/\/ismaelcolosi.com.br\/index.php\/wp-json\/wp\/v2\/posts"}],"about":[{"href":"https:\/\/ismaelcolosi.com.br\/index.php\/wp-json\/wp\/v2\/types\/post"}],"author":[{"embeddable":true,"href":"https:\/\/ismaelcolosi.com.br\/index.php\/wp-json\/wp\/v2\/users\/1"}],"replies":[{"embeddable":true,"href":"https:\/\/ismaelcolosi.com.br\/index.php\/wp-json\/wp\/v2\/comments?post=1368"}],"version-history":[{"count":0,"href":"https:\/\/ismaelcolosi.com.br\/index.php\/wp-json\/wp\/v2\/posts\/1368\/revisions"}],"wp:featuredmedia":[{"embeddable":true,"href":"https:\/\/ismaelcolosi.com.br\/index.php\/wp-json\/wp\/v2\/media\/1369"}],"wp:attachment":[{"href":"https:\/\/ismaelcolosi.com.br\/index.php\/wp-json\/wp\/v2\/media?parent=1368"}],"wp:term":[{"taxonomy":"category","embeddable":true,"href":"https:\/\/ismaelcolosi.com.br\/index.php\/wp-json\/wp\/v2\/categories?post=1368"},{"taxonomy":"post_tag","embeddable":true,"href":"https:\/\/ismaelcolosi.com.br\/index.php\/wp-json\/wp\/v2\/tags?post=1368"}],"curies":[{"name":"wp","href":"https:\/\/api.w.org\/{rel}","templated":true}]}}