{"id":13679,"date":"2023-12-10T23:40:20","date_gmt":"2023-12-11T02:40:20","guid":{"rendered":"https:\/\/ismaelcolosi.com.br\/index.php\/2023\/12\/10\/8-destinos-incriveis-para-conhecer-em-2024\/"},"modified":"2023-12-10T23:40:20","modified_gmt":"2023-12-11T02:40:20","slug":"8-destinos-incriveis-para-conhecer-em-2024","status":"publish","type":"post","link":"https:\/\/ismaelcolosi.com.br\/index.php\/2023\/12\/10\/8-destinos-incriveis-para-conhecer-em-2024\/","title":{"rendered":"8 destinos incr\u00edveis para conhecer em 2024"},"content":{"rendered":"<p> <br \/>\n<\/p>\n<div>\n<p>O in\u00edcio do ano \u00e9 a melhor \u00e9poca para planejar aquela t\u00e3o sonhada viagem. N\u00e3o importa o destino, planejando com anteced\u00eancia \u00e9 poss\u00edvel obter \u00f3timos descontos em passagens a\u00e9reas, hospedagem e passeio e realizar aquela viagem dos sonhos nas f\u00e9rias ou <a href=\"https:\/\/catracalivre.com.br\/viagem-livre\/brasil-deve-ganhar-mais-um-feriado-nacional-em-2024\/\" target=\"_blank\" rel=\"noopener\">feriados<\/a>.<\/p>\n<p>Seja para lugares calmos ou mais agitados, o importante \u00e9 aproveitar!<\/p>\n<div id=\"attachment_2317966\" class=\"wp-caption aligncenter\">\n<div class=\"d-flex justify-content-center\" data-attachment-id=\"2317966\">\n<div class=\"position-relative d-inline-block\"><img src=\"https:\/\/catracalivre.com.br\/viagem-livre\/viagem-dos-sonhos-8-destinos-incriveis-para-conhecer-em-2024\/Divulga\u00e7\u00e3o\" fetchpriority=\"high\" decoding=\"async\" class=\"wp-image-2317966 size-large\" alt=\"In\u00edcio do ano \u00e9 a melhor \u00e9poca para programar a viagem dos sonhos; confira op\u00e7\u00f5es de destinos \u00fanicos\" width=\"910\" height=\"607\" srcset=\"https:\/\/catracalivre.com.br\/wp-content\/uploads\/2023\/12\/viajar-em-2024-910x607.jpg 910w, https:\/\/catracalivre.com.br\/wp-content\/uploads\/2023\/12\/viajar-em-2024-450x300.jpg 450w, https:\/\/catracalivre.com.br\/wp-content\/uploads\/2023\/12\/viajar-em-2024-768x512.jpg 768w\" sizes=\"(max-width: 910px) 100vw, 910px\"\/><\/p>\n<p>Cr\u00e9ditos: Divulga\u00e7\u00e3o<\/p>\n<\/div>\n<\/div>\n<p><span class=\"post-imagem__legenda\">In\u00edcio do ano \u00e9 a melhor \u00e9poca para programar a viagem dos sonhos; confira op\u00e7\u00f5es de destinos \u00fanicos<\/span><\/p>\n<\/div>\n<p>Melhor ainda se forem destino fora do comum. Seja na Am\u00e9rica do Sul, Estados Unidos, Europa ou Tahiti, cada pa\u00eds proporciona uma imers\u00e3o na cultura local e muitas experi\u00eancias inesquec\u00edveis.<\/p>\n<h2>8 destinos imperd\u00edveis para viagem dos sonhos em 2024<\/h2>\n<h3>Atol de Tetiaroa (Polin\u00e9sia Francesa)<\/h3>\n<p>Localizado em meio ao Oceano Pac\u00edfico, no lind\u00edssimo atol de Tetiaroa, no Tahiti, est\u00e1 o resort sustent\u00e1vel\u00a0<a href=\"https:\/\/thebrando.com\/\" target=\"_blank\" rel=\"noopener\">The Brando<\/a>. Por l\u00e1, al\u00e9m do cen\u00e1rio paradis\u00edaco de \u00e1guas mornas para visitar o ano todo, voc\u00ea estar\u00e1 imerso na cultura da Polin\u00e9sia e nas experi\u00eancias impressionantes que o resort oferece.<\/p>\n<div id=\"attachment_2318649\" class=\"wp-caption aligncenter\">\n<div class=\"d-flex justify-content-center\" data-attachment-id=\"2318649\">\n<div class=\"position-relative d-inline-block\"><img loading=\"lazy\" src=\"https:\/\/catracalivre.com.br\/viagem-livre\/viagem-dos-sonhos-8-destinos-incriveis-para-conhecer-em-2024\/Divulga\u00e7\u00e3o\" decoding=\"async\" class=\"wp-image-2318649 size-large\" alt=\"Hotel The Brando fica no lind\u00edssimo atol de Tetiaroa, no Tahiti\" width=\"910\" height=\"682\" srcset=\"https:\/\/catracalivre.com.br\/wp-content\/uploads\/2023\/12\/brado-polinesia-910x682.webp 910w, https:\/\/catracalivre.com.br\/wp-content\/uploads\/2023\/12\/brado-polinesia-450x337.webp 450w, https:\/\/catracalivre.com.br\/wp-content\/uploads\/2023\/12\/brado-polinesia-768x575.webp 768w\" sizes=\"auto, (max-width: 910px) 100vw, 910px\"\/><\/p>\n<p>Cr\u00e9ditos: Divulga\u00e7\u00e3o<\/p>\n<\/div>\n<\/div>\n<p><span class=\"post-imagem__legenda\">Hotel The Brando fica no lind\u00edssimo atol de Tetiaroa, no Tahiti<\/span><\/p>\n<\/div>\n<p>Os experientes guias da Tetiaroa Society v\u00e3o compartilhar sua pr\u00f3pria hist\u00f3ria local e programar experi\u00eancias impactantes como a observa\u00e7\u00e3o das baleias Jubarte durante um mergulho livre.<\/p>\n<p>Para isso, programe sua viagem para o m\u00eas de outubro, que \u00e9 quando ser\u00e1 poss\u00edvel avist\u00e1-las fora do atol.<\/p>\n<h3>Descolado bairro de Brickell (Miami, EUA)<\/h3>\n<p>Miami \u00e9 pulsante, que mistura a modernidade americana com a energia dos latinos. Para uma viagem al\u00e9m das famosas praias, hospede-se no bairro de Brickell, onde est\u00e1 localizado o hotel <a href=\"https:\/\/www.easthotels.com\/pt\/miami\/\" target=\"_blank\" rel=\"noopener\">East Miami<\/a>.<\/p>\n<div id=\"attachment_2318157\" class=\"wp-caption aligncenter\">\n<div class=\"d-flex justify-content-center\" data-attachment-id=\"2318157\">\n<div class=\"position-relative d-inline-block\"><img loading=\"lazy\" src=\"https:\/\/catracalivre.com.br\/viagem-livre\/viagem-dos-sonhos-8-destinos-incriveis-para-conhecer-em-2024\/xavierarnau\/iStock\" decoding=\"async\" class=\"wp-image-2318157 size-large\" alt=\"O descolado bairro de Brickell, em East Miami\" width=\"910\" height=\"607\" srcset=\"https:\/\/catracalivre.com.br\/wp-content\/uploads\/2023\/12\/brickell-miami-910x607.jpg 910w, https:\/\/catracalivre.com.br\/wp-content\/uploads\/2023\/12\/brickell-miami-450x300.jpg 450w, https:\/\/catracalivre.com.br\/wp-content\/uploads\/2023\/12\/brickell-miami-768x512.jpg 768w\" sizes=\"auto, (max-width: 910px) 100vw, 910px\"\/><\/p>\n<p>Cr\u00e9ditos: xavierarnau\/iStock<\/p>\n<\/div>\n<\/div>\n<p><span class=\"post-imagem__legenda\">O descolado bairro de Brickell, em East Miami<\/span><\/p>\n<\/div>\n<p>Energizante e moderno \u00e9 o local ideal para os viajantes que procuram inova\u00e7\u00e3o, estilo e servi\u00e7o personalizado. Uma vez em Wynwood \u2013mais conhecido como museu do grafite a c\u00e9u aberto\u2013 n\u00e3o perca a oportunidade de deixar sua marca registrada em uma das paredes do bairro com o acompanhamento de um profissional do Museu do Graffiti.<\/p>\n<h3>Charmosa cidade do Porto (Portugal)<\/h3>\n<p>A regi\u00e3o do Porto possui muitas atra\u00e7\u00f5es que devem estar em seu roteiro, como visitar a l\u00fadica Livraria Lello bem no centro da cidade.<\/p>\n<p>Mas, para uma viagem inesquec\u00edvel mesmo, fa\u00e7a um passeio de barco pelo rio Douro com almo\u00e7o assinado pelo chef estrela Michelin, Arnaldo Azevedo.<\/p>\n<div id=\"attachment_2241992\" class=\"wp-caption aligncenter\">\n<div class=\"d-flex justify-content-center\" data-attachment-id=\"2241992\">\n<div class=\"position-relative d-inline-block\"><img src=\"https:\/\/catracalivre.com.br\/viagem-livre\/viagem-dos-sonhos-8-destinos-incriveis-para-conhecer-em-2024\/DianaRui\/iStock\" loading=\"lazy\" decoding=\"async\" class=\"wp-image-2241992 size-large\" alt=\"Vista da cidade do Porto, em Portugal\" width=\"910\" height=\"607\" srcset=\"https:\/\/catracalivre.com.br\/wp-content\/uploads\/2017\/04\/port-vila-nova-gaia-910x607.jpg 910w, https:\/\/catracalivre.com.br\/wp-content\/uploads\/2017\/04\/port-vila-nova-gaia-450x300.jpg 450w, https:\/\/catracalivre.com.br\/wp-content\/uploads\/2017\/04\/port-vila-nova-gaia-768x512.jpg 768w\" sizes=\"auto, (max-width: 910px) 100vw, 910px\"\/><\/p>\n<p>Cr\u00e9ditos: DianaRui\/iStock<\/p>\n<\/div>\n<\/div>\n<p><span class=\"post-imagem__legenda\">Vista da cidade do Porto, em Portugal<\/span><\/p>\n<\/div>\n<p>Ele \u00e9 o nome \u00e0 frente do restaurante do hotel\u00a0<a href=\"https:\/\/www.vilafozhotel.pt\/\" target=\"_blank\" rel=\"noopener\">Vila Foz<\/a>,\u00a0que\u00a0fica em uma \u00e1rea exclusiva da cidade e possui uma vista privilegiada para o mar!<\/p>\n<p>A oportunidade \u00e9 especial para os viajantes provarem os peixes e mariscos preparados pelas m\u00e3os talentosas e criativas do chef de um jeito \u00fanico enquanto apreciam a vista da cidade do Porto de outra perspectiva.<\/p>\n<h3>Vale del Maipo (Chile)<\/h3>\n<p>Localizado aos arredores de Santiago, no Vale del Maipo, ao lado da Cordilheira dos Andes, o hotel\u00a0Las Majadas de Pirque\u00a0\u00e9 perfeito para quem pretende ter uma experi\u00eancia completa em 2024, com viv\u00eancias que possibilitam conhecer a cultura e as belezas naturais da regi\u00e3o.<\/p>\n<div id=\"attachment_2318465\" class=\"wp-caption aligncenter\">\n<div class=\"d-flex justify-content-center\" data-attachment-id=\"2318465\">\n<div class=\"position-relative d-inline-block\"><img src=\"https:\/\/catracalivre.com.br\/viagem-livre\/viagem-dos-sonhos-8-destinos-incriveis-para-conhecer-em-2024\/Ligia Moreira Photograph\/iStock\" loading=\"lazy\" decoding=\"async\" class=\"size-large wp-image-2318465\" alt=\"Cajon del Maipo, no Chile\" width=\"910\" height=\"512\" srcset=\"https:\/\/catracalivre.com.br\/wp-content\/uploads\/2023\/12\/istock-1398067860-910x512.jpg 910w, https:\/\/catracalivre.com.br\/wp-content\/uploads\/2023\/12\/istock-1398067860-450x253.jpg 450w, https:\/\/catracalivre.com.br\/wp-content\/uploads\/2023\/12\/istock-1398067860-768x432.jpg 768w\" sizes=\"auto, (max-width: 910px) 100vw, 910px\"\/><\/p>\n<p>Cr\u00e9ditos: Ligia Moreira Photograph\/iStock<\/p>\n<\/div>\n<\/div>\n<p><span class=\"post-imagem__legenda\">Cajon del Maipo, no Chile<\/span><\/p>\n<\/div>\n<p>Uma vez l\u00e1, programe-se para fazer aulas de coquet\u00e9is no subsolo de um pal\u00e1cio centen\u00e1rio. Ou ainda, deixe-se encantar pelas vin\u00edcolas da regi\u00e3o realizando degusta\u00e7\u00f5es harmonizadas com queijos artesanais.<\/p>\n<p>J\u00e1 os aventureiros podem se esbaldar e escolher entre diferentes op\u00e7\u00f5es de hiking e trekking para todos os n\u00edveis e gostos: desde explorar parques regionais at\u00e9 mesmo desbravar a Cordilheira dos Andes.<\/p>\n<h3>As incr\u00edveis reservas naturais de Chill\u00e1n (Chile)<\/h3>\n<p>A cidade de Chill\u00e1n fica num lugar privilegiado do mapa, com montanhas, bosques e reservas naturais por todos os lados.<\/p>\n<p>\u00c9 l\u00e1 tamb\u00e9m que se encontra o rec\u00e9m-restaurado hotel\u00a0<a href=\"https:\/\/termaschillan.cl\/pt\/\" target=\"_blank\" rel=\"noopener\">Termas Chill\u00e1n<\/a>, com sua arquitetura moderna e design de interiores vanguardista de brilhar os olhos.<\/p>\n<div id=\"attachment_2318414\" class=\"wp-caption aligncenter\">\n<div class=\"d-flex justify-content-center\" data-attachment-id=\"2318414\">\n<div class=\"position-relative d-inline-block\"><img src=\"https:\/\/catracalivre.com.br\/viagem-livre\/viagem-dos-sonhos-8-destinos-incriveis-para-conhecer-em-2024\/Divulga\u00e7\u00e3o\" loading=\"lazy\" decoding=\"async\" class=\"wp-image-2318414 size-large\" alt=\"Piscina do hotel\u00a0Termas Chill\u00e1n\" width=\"910\" height=\"512\" srcset=\"https:\/\/catracalivre.com.br\/wp-content\/uploads\/2023\/12\/termaschillan-piscina-910x512.jpg 910w, https:\/\/catracalivre.com.br\/wp-content\/uploads\/2023\/12\/termaschillan-piscina-450x253.jpg 450w, https:\/\/catracalivre.com.br\/wp-content\/uploads\/2023\/12\/termaschillan-piscina-768x432.jpg 768w\" sizes=\"auto, (max-width: 910px) 100vw, 910px\"\/><\/p>\n<p>Cr\u00e9ditos: Divulga\u00e7\u00e3o<\/p>\n<\/div>\n<\/div>\n<p><span class=\"post-imagem__legenda\">Piscina do hotel\u00a0Termas Chill\u00e1n<\/span><\/p>\n<\/div>\n<p>Nada mais encantador do que se hospedar ali para\u00a0desfrutar de diversas atra\u00e7\u00f5es na natureza durante o ver\u00e3o. Entre\u00a0escaladas e caminhadas nas montanhas, o imperd\u00edvel \u00e9 visitar as reservas naturais de dif\u00edcil e exclusivo acesso que proporcionam momentos de relaxamento e conex\u00e3o profunda com a natureza.<\/p>\n<h3>Vinhos e belas paisagens em Mendoza (Argentina)<\/h3>\n<p>Por estar localizada aos p\u00e9s da Cordilheira dos Andes, a regi\u00e3o favorece a pr\u00e1tica de v\u00e1rias atividades ao ar livre, como cavalgadas e passeios de bicicleta.<\/p>\n<div id=\"attachment_2317919\" class=\"wp-caption aligncenter\">\n<div class=\"d-flex justify-content-center\" data-attachment-id=\"2317919\">\n<div class=\"position-relative d-inline-block\"><img src=\"https:\/\/catracalivre.com.br\/viagem-livre\/viagem-dos-sonhos-8-destinos-incriveis-para-conhecer-em-2024\/Divulga\u00e7\u00e3o\" loading=\"lazy\" decoding=\"async\" class=\"wp-image-2317919 size-large\" alt=\"Cavalgar entre os vinhedos \u00e9 uma das atra\u00e7\u00f5es em Mendoza, na Argentina\" width=\"910\" height=\"607\" srcset=\"https:\/\/catracalivre.com.br\/wp-content\/uploads\/2023\/12\/mendoza-argentina-910x607.jpg 910w, https:\/\/catracalivre.com.br\/wp-content\/uploads\/2023\/12\/mendoza-argentina-450x300.jpg 450w, https:\/\/catracalivre.com.br\/wp-content\/uploads\/2023\/12\/mendoza-argentina-768x512.jpg 768w\" sizes=\"auto, (max-width: 910px) 100vw, 910px\"\/><\/p>\n<p>Cr\u00e9ditos: Divulga\u00e7\u00e3o<\/p>\n<\/div>\n<\/div>\n<p><span class=\"post-imagem__legenda\">Cavalgar entre os vinhedos \u00e9 uma das atra\u00e7\u00f5es em Mendoza, na Argentina<\/span><\/p>\n<\/div>\n<p>Por isso, se hospedar no\u00a0<a href=\"https:\/\/www.casadeuco.com\/\" target=\"_blank\" rel=\"noopener\">Casa de Uco<\/a>, hotel reconhecido como o melhor da Argentina pela Cond\u00e9 Nast Traveler, em 2023, e um dos 11 melhores hot\u00e9is da Am\u00e9rica do Sul, \u00e9 perfeito!<\/p>\n<p>O hotel une isso a outras atra\u00e7\u00f5es, como seu t\u00edpico assado argentino servido no meio dos vinhedos. Afinal, a gastronomia \u00e9 impec\u00e1vel com ingredientes frescos e a melhor experi\u00eancia de degusta\u00e7\u00e3o e harmoniza\u00e7\u00e3o de vinhos do Vale do Uco, unindo conforto, com experi\u00eancias aut\u00eanticas da regi\u00e3o.<\/p>\n<h3>A m\u00edstica ilha de Santorini (Gr\u00e9cia)<\/h3>\n<p>Santorini reserva muitos encantos e fica dif\u00edcil escolher qual dos\u00a0<a href=\"https:\/\/www.andronis.com\/hotels\/\" target=\"_blank\" rel=\"noopener\">Andronis Hotels<\/a>, na ilha, visitar em 2024, mas voc\u00ea pode optar, por exemplo, pelo\u00a0Andronis Arcadia.<\/p>\n<div id=\"attachment_2182524\" class=\"wp-caption aligncenter\">\n<div class=\"d-flex justify-content-center\" data-attachment-id=\"2182524\">\n<div class=\"position-relative d-inline-block\"><img src=\"https:\/\/catracalivre.com.br\/viagem-livre\/viagem-dos-sonhos-8-destinos-incriveis-para-conhecer-em-2024\/Aleh Varanishcha\/iStock\" loading=\"lazy\" decoding=\"async\" class=\"size-large wp-image-2182524\" alt=\"Vista panor\u00e2mica de Oia, uma das vilas mais bonitas de Santorini\" width=\"910\" height=\"607\" srcset=\"https:\/\/catracalivre.com.br\/wp-content\/uploads\/2016\/07\/istock-1334131566-910x607.jpg 910w, https:\/\/catracalivre.com.br\/wp-content\/uploads\/2016\/07\/istock-1334131566-450x300.jpg 450w, https:\/\/catracalivre.com.br\/wp-content\/uploads\/2016\/07\/istock-1334131566-768x512.jpg 768w\" sizes=\"auto, (max-width: 910px) 100vw, 910px\"\/><\/p>\n<p>Cr\u00e9ditos: Aleh Varanishcha\/iStock<\/p>\n<\/div>\n<\/div>\n<p><span class=\"post-imagem__legenda\">Vista panor\u00e2mica de Oia, uma das vilas mais bonitas de Santorini<\/span><\/p>\n<\/div>\n<p>Localizado em Oia, \u00e9 perfeito para caminhar at\u00e9 o centrinho e tamb\u00e9m ter a paz e privacidade garantidas. Al\u00e9m disso, uma das melhores maneiras de experimentar a famosa paisagem de Santorini \u00e9 a partir de um incr\u00edvel barco Catamar\u00e3, navegando ao redor da magn\u00edfica ilha.<\/p>\n<p>O passeio para em todos os principais pontos tur\u00edsticos, incluindo as Hot Springs.<\/p>\n<h3>A animada Mykonos (Gr\u00e9cia)<\/h3>\n<p>Para ter a viagem dos seus sonhos em 2024, saber onde ficar em Mykonos \u00e9 importante para programar melhor o roteiro. Nesta badalada ilha, escolha o hotel\u00a0<a href=\"https:\/\/ornos.online-reservations.com\/?hotelid=6085384&amp;gad_source=1&amp;gclid=CjwKCAiAjrarBhAWEiwA2qWdCM_m0dMpIuSiZz0mqG5Nj2whrxypi--Hi_VWRTBbsZQOrgddnzyUSRoCHEgQAvD_BwE\" target=\"_blank\" rel=\"noopener\">Kalesma<\/a>\u00a0que fica pr\u00f3ximo o suficiente do centrinho e suas baladas, mas longe o bastante para se ter paz e tranquilidade.<\/p>\n<div id=\"attachment_2310021\" class=\"wp-caption aligncenter\">\n<div class=\"d-flex justify-content-center\" data-attachment-id=\"2310021\">\n<div class=\"position-relative d-inline-block\"><img src=\"https:\/\/catracalivre.com.br\/viagem-livre\/viagem-dos-sonhos-8-destinos-incriveis-para-conhecer-em-2024\/SHansche\/iStock\" loading=\"lazy\" decoding=\"async\" class=\"size-large wp-image-2310021\" alt=\"Vista da ilha de Mykonos, na Gr\u00e9cia\" width=\"910\" height=\"607\" srcset=\"https:\/\/catracalivre.com.br\/wp-content\/uploads\/2023\/11\/mykonos-910x607.jpg 910w, https:\/\/catracalivre.com.br\/wp-content\/uploads\/2023\/11\/mykonos-450x300.jpg 450w, https:\/\/catracalivre.com.br\/wp-content\/uploads\/2023\/11\/mykonos-768x512.jpg 768w\" sizes=\"auto, (max-width: 910px) 100vw, 910px\"\/><\/p>\n<p>Cr\u00e9ditos: SHansche\/iStock<\/p>\n<\/div>\n<\/div>\n<p><span class=\"post-imagem__legenda\">Vista da ilha de Mykonos, na Gr\u00e9cia<\/span><\/p>\n<\/div>\n<p>Uma das experi\u00eancias incr\u00edveis por l\u00e1, \u00e9 vivenciar a Gr\u00e9cia de 100 anos atr\u00e1s e aprender a preparar pratos t\u00edpicos locais na fazenda Rizes, onde ir\u00e1 conhecer as tradi\u00e7\u00f5es e costumes das antigas fam\u00edlias da ilha.<\/p>\n<p>Al\u00e9m do forno de pedra, h\u00e1 queijaria, vinha para fazer os vinhos, horta com diversos tipos de legumes e algumas \u00e1rvores frut\u00edferas. Se o turista quiser, tamb\u00e9m pode ajudar na colheita e depois do passeio, \u00e9 convidado a cozinhar seu pr\u00f3prio almo\u00e7o, vivenciando algo inesquec\u00edvel!<\/p>\n<\/div>\n<p><script>\n\t\t! function(f, b, e, v, n, t, s) {\n\t\t\tif (f.fbq) return;\n\t\t\tn = f.fbq = function() {\n\t\t\t\tn.callMethod ?\n\t\t\t\t\tn.callMethod.apply(n, arguments) : n.queue.push(arguments)\n\t\t\t};\n\t\t\tif (!f._fbq) f._fbq = n;\n\t\t\tn.push = n;\n\t\t\tn.loaded = !0;\n\t\t\tn.version = '2.0';\n\t\t\tn.queue = [];\n\t\t\tt = b.createElement(e);\n\t\t\tt.async = !0;\n\t\t\tt.src = v;\n\t\t\ts = b.getElementsByTagName(e)[0];\n\t\t\ts.parentNode.insertBefore(t, s)\n\t\t}(window, document, 'script',\n\t\t\t'https:\/\/connect.facebook.net\/en_US\/fbevents.js');\n\t\tfbq('init', '338315473262380');\n\t\tfbq('track', 'PageView');\n\t<\/script><br \/>\n<br \/><br \/>\n<br \/><a href=\"https:\/\/catracalivre.com.br\/viagem-livre\/viagem-dos-sonhos-8-destinos-incriveis-para-conhecer-em-2024\/\">Source link <\/a><\/p>\n<div class='code-block code-block-4' style='margin: 8px auto 8px 0; text-align: left; display: block; clear: both;'>\n\ud83d\udce2 Aviso Legal\n\nO site ismaelcolosi.com.br atua apenas como um canal de divulga\u00e7\u00e3o de oportunidades de emprego e n\u00e3o se responsabiliza pelo processo seletivo, contrata\u00e7\u00e3o ou qualquer outra etapa relacionada \u00e0s vagas publicadas. Todas as informa\u00e7\u00f5es s\u00e3o de responsabilidade dos anunciantes.\n\n\u26a0\ufe0f Aten\u00e7\u00e3o! Nunca pague por promessas de emprego nem compre cursos que garantam contrata\u00e7\u00e3o. Desconfie de qualquer cobran\u00e7a para participar de sele\u00e7\u00f5es.\n\n\n\n<\/div>\n<!-- CONTENT END 1 -->\n","protected":false},"excerpt":{"rendered":"<p>O in\u00edcio do ano \u00e9 a melhor \u00e9poca para planejar aquela t\u00e3o sonhada viagem. N\u00e3o importa o destino, planejando com anteced\u00eancia \u00e9 poss\u00edvel obter \u00f3timos&#8230;<\/p>\n","protected":false},"author":1,"featured_media":13680,"comment_status":"open","ping_status":"open","sticky":false,"template":"","format":"standard","meta":{"_uag_custom_page_level_css":"","advanced_seo_description":"","jetpack_seo_html_title":"","jetpack_seo_noindex":false,"jetpack_post_was_ever_published":false,"_jetpack_newsletter_access":"","_jetpack_dont_email_post_to_subs":false,"_jetpack_newsletter_tier_id":0,"_jetpack_memberships_contains_paywalled_content":false,"_jetpack_memberships_contains_paid_content":false,"footnotes":"","jetpack_publicize_message":"","jetpack_publicize_feature_enabled":true,"jetpack_social_post_already_shared":true,"jetpack_social_options":{"image_generator_settings":{"template":"highway","default_image_id":0,"font":"","enabled":false},"version":2}},"categories":[19],"tags":[],"class_list":["post-13679","post","type-post","status-publish","format-standard","has-post-thumbnail","hentry","category-variedades"],"jetpack_publicize_connections":[],"jetpack_featured_media_url":"https:\/\/i0.wp.com\/ismaelcolosi.com.br\/wp-content\/uploads\/2023\/12\/brado-polinesia.jpg?fit=1200%2C638&ssl=1","uagb_featured_image_src":{"full":["https:\/\/i0.wp.com\/ismaelcolosi.com.br\/wp-content\/uploads\/2023\/12\/brado-polinesia.jpg?fit=1200%2C638&ssl=1",1200,638,false],"thumbnail":["https:\/\/i0.wp.com\/ismaelcolosi.com.br\/wp-content\/uploads\/2023\/12\/brado-polinesia.jpg?resize=150%2C150&ssl=1",150,150,true],"medium":["https:\/\/i0.wp.com\/ismaelcolosi.com.br\/wp-content\/uploads\/2023\/12\/brado-polinesia.jpg?fit=300%2C160&ssl=1",300,160,true],"medium_large":["https:\/\/i0.wp.com\/ismaelcolosi.com.br\/wp-content\/uploads\/2023\/12\/brado-polinesia.jpg?fit=768%2C408&ssl=1",768,408,true],"large":["https:\/\/i0.wp.com\/ismaelcolosi.com.br\/wp-content\/uploads\/2023\/12\/brado-polinesia.jpg?fit=1024%2C544&ssl=1",1024,544,true],"1536x1536":["https:\/\/i0.wp.com\/ismaelcolosi.com.br\/wp-content\/uploads\/2023\/12\/brado-polinesia.jpg?fit=1200%2C638&ssl=1",1200,638,true],"2048x2048":["https:\/\/i0.wp.com\/ismaelcolosi.com.br\/wp-content\/uploads\/2023\/12\/brado-polinesia.jpg?fit=1200%2C638&ssl=1",1200,638,true],"really-simple-thumb":["https:\/\/i0.wp.com\/ismaelcolosi.com.br\/wp-content\/uploads\/2023\/12\/brado-polinesia.jpg?resize=370%2C247&ssl=1",370,247,true]},"uagb_author_info":{"display_name":"ismaelcolosi.com.br","author_link":"https:\/\/ismaelcolosi.com.br\/index.php\/author\/vidareal-online\/"},"uagb_comment_info":0,"uagb_excerpt":"O in\u00edcio do ano \u00e9 a melhor \u00e9poca para planejar aquela t\u00e3o sonhada viagem. N\u00e3o importa o destino, planejando com anteced\u00eancia \u00e9 poss\u00edvel obter \u00f3timos...","jetpack-related-posts":[{"id":21092,"url":"https:\/\/ismaelcolosi.com.br\/index.php\/2023\/12\/27\/saiba-como-tirar-a-autorizacao-de-viagem-para-criancas\/","url_meta":{"origin":13679,"position":0},"title":"Saiba como tirar a autoriza\u00e7\u00e3o de viagem para crian\u00e7as","author":"ismaelcolosi.com.br","date":"27 de December de 2023","format":false,"excerpt":"Cm o fim de ano, muitas fam\u00edlias aproveitam para viajar. Nessa hora \u00e9 importante ter em m\u00e3os todos os documentos e se atentar para as regras e documentos essenciais para poder viajar com crian\u00e7as e os adolescentes. O Estatuto da Crian\u00e7a e do Adolescente (ECA) estabelece que crian\u00e7as ou adolescentes\u2026","rel":"","context":"In &quot;Variedades&quot;","block_context":{"text":"Variedades","link":"https:\/\/ismaelcolosi.com.br\/index.php\/category\/variedades\/"},"img":{"alt_text":"","src":"https:\/\/i0.wp.com\/ismaelcolosi.com.br\/wp-content\/uploads\/2023\/12\/cartorios-autorizacao-de-viagem-para-menores.jpg?fit=1200%2C638&ssl=1&resize=350%2C200","width":350,"height":200,"srcset":"https:\/\/i0.wp.com\/ismaelcolosi.com.br\/wp-content\/uploads\/2023\/12\/cartorios-autorizacao-de-viagem-para-menores.jpg?fit=1200%2C638&ssl=1&resize=350%2C200 1x, https:\/\/i0.wp.com\/ismaelcolosi.com.br\/wp-content\/uploads\/2023\/12\/cartorios-autorizacao-de-viagem-para-menores.jpg?fit=1200%2C638&ssl=1&resize=525%2C300 1.5x, https:\/\/i0.wp.com\/ismaelcolosi.com.br\/wp-content\/uploads\/2023\/12\/cartorios-autorizacao-de-viagem-para-menores.jpg?fit=1200%2C638&ssl=1&resize=700%2C400 2x, https:\/\/i0.wp.com\/ismaelcolosi.com.br\/wp-content\/uploads\/2023\/12\/cartorios-autorizacao-de-viagem-para-menores.jpg?fit=1200%2C638&ssl=1&resize=1050%2C600 3x"},"classes":[]},{"id":19703,"url":"https:\/\/ismaelcolosi.com.br\/index.php\/2023\/12\/23\/feriados-em-2024-confira-as-datas-e-planeje-suas-viagens\/","url_meta":{"origin":13679,"position":1},"title":"Feriados em 2024: confira as datas e planeje suas\u00a0viagens","author":"ismaelcolosi.com.br","date":"23 de December de 2023","format":false,"excerpt":"O ano de 2023 ainda nem acabou, mas j\u00e1 \u00e9 hora ir planejando aquela escapada nos feriados de 2024. Ao todo, o ano ter\u00e1 13 feriados nacionais (ou pontos facultativos, como Carnaval e Corpus Christi), sendo que tr\u00eas deles caem num s\u00e1bado e um no domingo. Cr\u00e9ditos: Global_Pics\/iStock Para quem\u2026","rel":"","context":"In &quot;Variedades&quot;","block_context":{"text":"Variedades","link":"https:\/\/ismaelcolosi.com.br\/index.php\/category\/variedades\/"},"img":{"alt_text":"","src":"https:\/\/i0.wp.com\/ismaelcolosi.com.br\/wp-content\/uploads\/2023\/12\/praia-do-espelho-porto-seguro.jpg?fit=1200%2C638&ssl=1&resize=350%2C200","width":350,"height":200,"srcset":"https:\/\/i0.wp.com\/ismaelcolosi.com.br\/wp-content\/uploads\/2023\/12\/praia-do-espelho-porto-seguro.jpg?fit=1200%2C638&ssl=1&resize=350%2C200 1x, https:\/\/i0.wp.com\/ismaelcolosi.com.br\/wp-content\/uploads\/2023\/12\/praia-do-espelho-porto-seguro.jpg?fit=1200%2C638&ssl=1&resize=525%2C300 1.5x, https:\/\/i0.wp.com\/ismaelcolosi.com.br\/wp-content\/uploads\/2023\/12\/praia-do-espelho-porto-seguro.jpg?fit=1200%2C638&ssl=1&resize=700%2C400 2x, https:\/\/i0.wp.com\/ismaelcolosi.com.br\/wp-content\/uploads\/2023\/12\/praia-do-espelho-porto-seguro.jpg?fit=1200%2C638&ssl=1&resize=1050%2C600 3x"},"classes":[]},{"id":20552,"url":"https:\/\/ismaelcolosi.com.br\/index.php\/2023\/12\/25\/broadway-pela-1a-vez-como-comprar-ingressos-e-o-que-assistir\/","url_meta":{"origin":13679,"position":2},"title":"Broadway pela 1\u00aa vez? Como comprar ingressos e o que assistir","author":"ismaelcolosi.com.br","date":"25 de December de 2023","format":false,"excerpt":"Turistar pela Times Square, visitar a Est\u00e1tua da Liberdade ou tirar aquela foto na ponte do Brooklyn. S\u00e3o passeios que n\u00e3o pode faltar no roteiro de quem viaja \u00e0 Nova York (EUA). Por\u00e9m, a viagem n\u00e3o ser\u00e1 completa sem assistir \u00e0 um espet\u00e1culo da Broadway. N\u00e3o importa quantas vezes voc\u00ea\u2026","rel":"","context":"In &quot;Variedades&quot;","block_context":{"text":"Variedades","link":"https:\/\/ismaelcolosi.com.br\/index.php\/category\/variedades\/"},"img":{"alt_text":"","src":"https:\/\/i0.wp.com\/ismaelcolosi.com.br\/wp-content\/uploads\/2023\/12\/broadway.jpg?fit=1200%2C638&ssl=1&resize=350%2C200","width":350,"height":200,"srcset":"https:\/\/i0.wp.com\/ismaelcolosi.com.br\/wp-content\/uploads\/2023\/12\/broadway.jpg?fit=1200%2C638&ssl=1&resize=350%2C200 1x, https:\/\/i0.wp.com\/ismaelcolosi.com.br\/wp-content\/uploads\/2023\/12\/broadway.jpg?fit=1200%2C638&ssl=1&resize=525%2C300 1.5x, https:\/\/i0.wp.com\/ismaelcolosi.com.br\/wp-content\/uploads\/2023\/12\/broadway.jpg?fit=1200%2C638&ssl=1&resize=700%2C400 2x, https:\/\/i0.wp.com\/ismaelcolosi.com.br\/wp-content\/uploads\/2023\/12\/broadway.jpg?fit=1200%2C638&ssl=1&resize=1050%2C600 3x"},"classes":[]},{"id":45687,"url":"https:\/\/ismaelcolosi.com.br\/index.php\/2024\/04\/05\/aquela-dupla-chega-com-suas-parodias-ao-teatro-renaissance\/","url_meta":{"origin":13679,"position":3},"title":"Aquela dupla chega com suas par\u00f3dias ao teatro Renaissance","author":"ismaelcolosi.com.br","date":"5 de April de 2024","format":false,"excerpt":"Aquela dupla chega com suas par\u00f3dias ao teatro RenaissanceFormada por Livia La Gatto e Renata Maciel, a dupla que conquistou o mundo virtual prossegue sua pesquisa musical e mostra suas novas par\u00f3dias, que v\u00e3o dos cl\u00e1ssicos da MPB ao compositor Leonard Cohen Tudo era apenas uma brincadeira e foi crescendo,\u2026","rel":"","context":"In &quot;Not\u00edcias de Ribeir\u00e3o Preto-SP e Regi\u00e3o&quot;","block_context":{"text":"Not\u00edcias de Ribeir\u00e3o Preto-SP e Regi\u00e3o","link":"https:\/\/ismaelcolosi.com.br\/index.php\/category\/noticias-de-ribeirao-preto-sp-e-regiao-ismael-colosi\/"},"img":{"alt_text":"","src":"https:\/\/i0.wp.com\/ismaelcolosi.com.br\/wp-content\/uploads\/2024\/04\/image002-1.jpg?fit=1200%2C800&ssl=1&resize=350%2C200","width":350,"height":200,"srcset":"https:\/\/i0.wp.com\/ismaelcolosi.com.br\/wp-content\/uploads\/2024\/04\/image002-1.jpg?fit=1200%2C800&ssl=1&resize=350%2C200 1x, https:\/\/i0.wp.com\/ismaelcolosi.com.br\/wp-content\/uploads\/2024\/04\/image002-1.jpg?fit=1200%2C800&ssl=1&resize=525%2C300 1.5x, https:\/\/i0.wp.com\/ismaelcolosi.com.br\/wp-content\/uploads\/2024\/04\/image002-1.jpg?fit=1200%2C800&ssl=1&resize=700%2C400 2x, https:\/\/i0.wp.com\/ismaelcolosi.com.br\/wp-content\/uploads\/2024\/04\/image002-1.jpg?fit=1200%2C800&ssl=1&resize=1050%2C600 3x"},"classes":[]},{"id":9310,"url":"https:\/\/ismaelcolosi.com.br\/index.php\/2023\/12\/01\/brasil-deve-ganhar-mais-um-feriado-nacional-em-2024\/","url_meta":{"origin":13679,"position":4},"title":"Brasil deve ganhar mais um feriado nacional em 2024","author":"ismaelcolosi.com.br","date":"1 de December de 2023","format":false,"excerpt":"A partir de 2024, o Brasil pode ganhar mais um feriado nacional. \u00c9 que na \u00faltima quarta-feira, 29, a C\u00e2mara dos Deputados aprovou o Projeto de Lei (PL 3268\/21), que instituiu o 20 de novembro como feriado em celebra\u00e7\u00e3o ao Dia Nacional de Zumbi e da Consci\u00eancia Negra em todo\u2026","rel":"","context":"In &quot;Variedades&quot;","block_context":{"text":"Variedades","link":"https:\/\/ismaelcolosi.com.br\/index.php\/category\/variedades\/"},"img":{"alt_text":"","src":"https:\/\/i0.wp.com\/ismaelcolosi.com.br\/wp-content\/uploads\/2023\/12\/feriado-nacional-20-de-novembro.jpg?fit=1200%2C638&ssl=1&resize=350%2C200","width":350,"height":200,"srcset":"https:\/\/i0.wp.com\/ismaelcolosi.com.br\/wp-content\/uploads\/2023\/12\/feriado-nacional-20-de-novembro.jpg?fit=1200%2C638&ssl=1&resize=350%2C200 1x, https:\/\/i0.wp.com\/ismaelcolosi.com.br\/wp-content\/uploads\/2023\/12\/feriado-nacional-20-de-novembro.jpg?fit=1200%2C638&ssl=1&resize=525%2C300 1.5x, https:\/\/i0.wp.com\/ismaelcolosi.com.br\/wp-content\/uploads\/2023\/12\/feriado-nacional-20-de-novembro.jpg?fit=1200%2C638&ssl=1&resize=700%2C400 2x, https:\/\/i0.wp.com\/ismaelcolosi.com.br\/wp-content\/uploads\/2023\/12\/feriado-nacional-20-de-novembro.jpg?fit=1200%2C638&ssl=1&resize=1050%2C600 3x"},"classes":[]},{"id":74241,"url":"https:\/\/ismaelcolosi.com.br\/index.php\/2024\/10\/30\/confira-as-97-vagas-de-empregos-no-pat-ribeirao-preto-sp-nao-perca\/","url_meta":{"origin":13679,"position":5},"title":"Confira as 97 VAGAS de Empregos no PAT Ribeir\u00e3o Preto-SP, n\u00e3o perca","author":"ismaelcolosi.com.br","date":"30 de October de 2024","format":false,"excerpt":"Os Postos de Atendimento ao Trabalhador (PAT) s\u00e3o uma rede de refer\u00eancia do Governo do Estado de S\u00e3o Paulo que concentra servi\u00e7os gratuitos \u00e0 popula\u00e7\u00e3o, destinados \u00e0 gera\u00e7\u00e3o de emprego e renda. Os PATs fornecem informa\u00e7\u00f5es e orienta\u00e7\u00f5es ao trabalhador e auxiliam os empregadores na busca de recursos humanos, promovendo\u2026","rel":"","context":"In &quot;Blog&quot;","block_context":{"text":"Blog","link":"https:\/\/ismaelcolosi.com.br\/index.php\/category\/blog\/"},"img":{"alt_text":"","src":"","width":0,"height":0},"classes":[]}],"jetpack_sharing_enabled":true,"jetpack_shortlink":"https:\/\/wp.me\/pfMlyK-3yD","_links":{"self":[{"href":"https:\/\/ismaelcolosi.com.br\/index.php\/wp-json\/wp\/v2\/posts\/13679","targetHints":{"allow":["GET"]}}],"collection":[{"href":"https:\/\/ismaelcolosi.com.br\/index.php\/wp-json\/wp\/v2\/posts"}],"about":[{"href":"https:\/\/ismaelcolosi.com.br\/index.php\/wp-json\/wp\/v2\/types\/post"}],"author":[{"embeddable":true,"href":"https:\/\/ismaelcolosi.com.br\/index.php\/wp-json\/wp\/v2\/users\/1"}],"replies":[{"embeddable":true,"href":"https:\/\/ismaelcolosi.com.br\/index.php\/wp-json\/wp\/v2\/comments?post=13679"}],"version-history":[{"count":0,"href":"https:\/\/ismaelcolosi.com.br\/index.php\/wp-json\/wp\/v2\/posts\/13679\/revisions"}],"wp:featuredmedia":[{"embeddable":true,"href":"https:\/\/ismaelcolosi.com.br\/index.php\/wp-json\/wp\/v2\/media\/13680"}],"wp:attachment":[{"href":"https:\/\/ismaelcolosi.com.br\/index.php\/wp-json\/wp\/v2\/media?parent=13679"}],"wp:term":[{"taxonomy":"category","embeddable":true,"href":"https:\/\/ismaelcolosi.com.br\/index.php\/wp-json\/wp\/v2\/categories?post=13679"},{"taxonomy":"post_tag","embeddable":true,"href":"https:\/\/ismaelcolosi.com.br\/index.php\/wp-json\/wp\/v2\/tags?post=13679"}],"curies":[{"name":"wp","href":"https:\/\/api.w.org\/{rel}","templated":true}]}}