{"id":13677,"date":"2023-12-10T23:03:39","date_gmt":"2023-12-11T02:03:39","guid":{"rendered":"https:\/\/ismaelcolosi.com.br\/index.php\/2023\/12\/10\/deficiencia-de-vitamina-aumenta-risco-de-cancer-alertam-especialistas\/"},"modified":"2023-12-10T23:03:39","modified_gmt":"2023-12-11T02:03:39","slug":"deficiencia-de-vitamina-aumenta-risco-de-cancer-alertam-especialistas","status":"publish","type":"post","link":"https:\/\/ismaelcolosi.com.br\/index.php\/2023\/12\/10\/deficiencia-de-vitamina-aumenta-risco-de-cancer-alertam-especialistas\/","title":{"rendered":"Defici\u00eancia de vitamina aumenta risco de c\u00e2ncer, alertam especialistas"},"content":{"rendered":"<p> <br \/>\n<\/p>\n<div>\n<div id=\"attachment_2326774\" class=\"wp-caption alignnone\">\n<div class=\"d-flex justify-content-center\" data-attachment-id=\"2326774\">\n<div class=\"position-relative d-inline-block\"><img data-recalc-dims=\"1\" data-portal-copyright=\"Getty Images\" fetchpriority=\"high\" decoding=\"async\" class=\"wp-image-2326774 size-full\" src=\"https:\/\/i0.wp.com\/catracalivre.com.br\/wp-content\/uploads\/2023\/12\/istock-1074199182.jpg?resize=1254%2C836&#038;ssl=1\" alt=\"Entenda por que defici\u00eancia de vitamina est\u00e1 relacionada a diagn\u00f3stico de c\u00e2ncer de intestino \u2013 iStock\/Getty Images\" width=\"1254\" height=\"836\" srcset=\"https:\/\/catracalivre.com.br\/wp-content\/uploads\/2023\/12\/istock-1074199182.jpg 1254w, https:\/\/catracalivre.com.br\/wp-content\/uploads\/2023\/12\/istock-1074199182-450x300.jpg 450w, https:\/\/catracalivre.com.br\/wp-content\/uploads\/2023\/12\/istock-1074199182-768x512.jpg 768w\" sizes=\"(max-width: 1254px) 100vw, 1254px\"\/><\/p>\n<p>Cr\u00e9ditos: Getty Images<\/p>\n<\/div>\n<\/div>\n<p><span class=\"post-imagem__legenda\">Entenda por que defici\u00eancia de vitamina est\u00e1 relacionada a diagn\u00f3stico de c\u00e2ncer de intestino \u2013 iStock\/Getty Images<\/span><\/p>\n<\/div>\n<p>Pesquisas recentes destacam que a car\u00eancia de \u00e1cido f\u00f3lico, conhecido tamb\u00e9m como vitamina B9, pode ter consequ\u00eancias ainda mais not\u00e1veis, incluindo um potencial aumento no risco de se desenvolver c\u00e2ncer de intestino.<\/p>\n<p>Essa n\u00e3o \u00e9 a primeira vez que um estudo cient\u00edfico evidencia que uma alimenta\u00e7\u00e3o carente em determinados nutrientes pode resultar em defici\u00eancias e desequil\u00edbrios em nosso organismo.<\/p>\n<h2>Por que a falta de vitamina B9 pode aumentar o risco de c\u00e2ncer?<\/h2>\n<p>Uma pesquisa veiculada pelo <strong><a href=\"https:\/\/www.annalsofoncology.org\/\" target=\"_blank\" rel=\"noopener\">Annals of Oncology<\/a><\/strong>, em 2011, revelou dados que mudariam a historia da oncologia em todo o mundo: a defici\u00eancia de \u00e1cido f\u00f3lico poderia impulsionar o risco de desenvolver variados tipos de c\u00e2ncer, sobretudo o c\u00e2ncer de intestino. Para chegar \u00e0 essa conclus\u00e3o, o estudo englobou mais de 5 mil participantes, diversificando entre indiv\u00edduos acometidos por c\u00e2ncer e pessoas com menos de oito anos.<\/p>\n<p>Al\u00e9m disso, o mesmo experimento concluiu que os indiv\u00edduos que tinham uma ingest\u00e3o adequada de vitamina B9 possu\u00edam um risco diminu\u00eddo para v\u00e1rios tipos de c\u00e2ncer, incluindo o c\u00e2ncer de intestino.<\/p>\n<p>Os respons\u00e1veis pelo estudo frisaram que essas descobertas n\u00e3o apenas corroboravam com estudos anteriores sobre a associa\u00e7\u00e3o entre alto consumo de folato e a diminui\u00e7\u00e3o do risco para c\u00e2ncer colorretal e esof\u00e1gico, mas tamb\u00e9m evidenciaram um menor risco para diversos outros tipos de c\u00e2ncer.<\/p>\n<h2>O que \u00e9 o c\u00e2ncer de intestino?<\/h2>\n<p>O c\u00e2ncer de intestino, ou c\u00e2ncer colorretal, \u00e9 uma enfermidade que se inicia no intestino grosso englobando o c\u00f3lon e o reto. Ao redor do mundo, figura como a terceira neoplasia mais diagnosticada.<\/p>\n<ul>\n<li><strong>Quais os fatores de risco?<\/strong><\/li>\n<\/ul>\n<p>O risco de desenvolver c\u00e2ncer de intestino depende de v\u00e1rios fatores, incluindo idade, gen\u00e9tica e estilo de vida. J\u00e1 se sabe que alimentos ultraprocessados e carne vermelha em excesso aumentam as chances da doen\u00e7a se desenvolver.<\/p>\n<p>A recomenda\u00e7\u00e3o do\u00a0Instituto Nacional do C\u00e2ncer (INCA)\u00a0\u00e9 limitar o consumo de carne vermelha a no m\u00e1ximo 500 gramas de carne cozida por semana.<\/p>\n<p>Outros fatores de risco incluem obesidade, sedentarismo, alcoolismo e tabagismo.<\/p>\n<p>Estudos t\u00eam mostrado que incluir mais alimentos ricos em fibras e verduras saud\u00e1veis na dieta, bem como fazer atividade f\u00edsica regular pode minimizar o risco de c\u00e2ncer.<\/p>\n<p>O exame de sangue oculto nas fezes pode identificar pequenos sangramentos nas fezes, invis\u00edveis a olho nu, causados por p\u00f3lipos e tumores de intestino. Se esse exame mostrar altera\u00e7\u00e3o, o paciente \u00e9 encaminhado para fazer uma colonoscopia, procedimento capaz de diagnosticar e mesmo tratar algumas les\u00f5es, evitando que elas se transformem em c\u00e2ncer.<\/p>\n<ul>\n<li><strong>Como \u00e9 feito o tratamento para c\u00e2ncer de intestino?<\/strong><\/li>\n<\/ul>\n<p>Os est\u00e1gios iniciais da doen\u00e7a (est\u00e1gios I a III) se referem a c\u00e2ncer de intestino localizado e geralmente tratado com cirurgia, com ou sem quimioterapia. O c\u00e2ncer em est\u00e1gio IV \u00e9 o chamado c\u00e2ncer de intestino avan\u00e7ado. O tratamento envolve a quimioterapia e terapia direcionada.<\/p>\n<\/div>\n<p><script>\n\t\t! function(f, b, e, v, n, t, s) {\n\t\t\tif (f.fbq) return;\n\t\t\tn = f.fbq = function() {\n\t\t\t\tn.callMethod ?\n\t\t\t\t\tn.callMethod.apply(n, arguments) : n.queue.push(arguments)\n\t\t\t};\n\t\t\tif (!f._fbq) f._fbq = n;\n\t\t\tn.push = n;\n\t\t\tn.loaded = !0;\n\t\t\tn.version = '2.0';\n\t\t\tn.queue = [];\n\t\t\tt = b.createElement(e);\n\t\t\tt.async = !0;\n\t\t\tt.src = v;\n\t\t\ts = b.getElementsByTagName(e)[0];\n\t\t\ts.parentNode.insertBefore(t, s)\n\t\t}(window, document, 'script',\n\t\t\t'https:\/\/connect.facebook.net\/en_US\/fbevents.js');\n\t\tfbq('init', '338315473262380');\n\t\tfbq('track', 'PageView');\n\t<\/script><br \/>\n<br \/><br \/>\n<br \/><a href=\"https:\/\/catracalivre.com.br\/saude-bem-estar\/deficiencia-de-vitamina-aumenta-risco-de-cancer-alertam-especialistas\/\">Source link <\/a><\/p>\n<div class='code-block code-block-4' style='margin: 8px auto 8px 0; text-align: left; display: block; clear: both;'>\n\ud83d\udce2 Aviso Legal\n\nO site ismaelcolosi.com.br atua apenas como um canal de divulga\u00e7\u00e3o de oportunidades de emprego e n\u00e3o se responsabiliza pelo processo seletivo, contrata\u00e7\u00e3o ou qualquer outra etapa relacionada \u00e0s vagas publicadas. Todas as informa\u00e7\u00f5es s\u00e3o de responsabilidade dos anunciantes.\n\n\u26a0\ufe0f Aten\u00e7\u00e3o! Nunca pague por promessas de emprego nem compre cursos que garantam contrata\u00e7\u00e3o. Desconfie de qualquer cobran\u00e7a para participar de sele\u00e7\u00f5es.\n\n\n\n<\/div>\n<!-- CONTENT END 1 -->\n","protected":false},"excerpt":{"rendered":"<p>Cr\u00e9ditos: Getty Images Entenda por que defici\u00eancia de vitamina est\u00e1 relacionada a diagn\u00f3stico de c\u00e2ncer de intestino \u2013 iStock\/Getty Images Pesquisas recentes destacam que a&#8230;<\/p>\n","protected":false},"author":1,"featured_media":13678,"comment_status":"open","ping_status":"open","sticky":false,"template":"","format":"standard","meta":{"_uag_custom_page_level_css":"","advanced_seo_description":"","jetpack_seo_html_title":"","jetpack_seo_noindex":false,"jetpack_post_was_ever_published":false,"_jetpack_newsletter_access":"","_jetpack_dont_email_post_to_subs":false,"_jetpack_newsletter_tier_id":0,"_jetpack_memberships_contains_paywalled_content":false,"_jetpack_memberships_contains_paid_content":false,"footnotes":"","jetpack_publicize_message":"","jetpack_publicize_feature_enabled":true,"jetpack_social_post_already_shared":true,"jetpack_social_options":{"image_generator_settings":{"template":"highway","default_image_id":0,"font":"","enabled":false},"version":2}},"categories":[19],"tags":[],"class_list":["post-13677","post","type-post","status-publish","format-standard","has-post-thumbnail","hentry","category-variedades"],"jetpack_publicize_connections":[],"jetpack_featured_media_url":"https:\/\/i0.wp.com\/ismaelcolosi.com.br\/wp-content\/uploads\/2023\/12\/istock-1074199182.jpg?fit=1200%2C638&ssl=1","uagb_featured_image_src":{"full":["https:\/\/i0.wp.com\/ismaelcolosi.com.br\/wp-content\/uploads\/2023\/12\/istock-1074199182.jpg?fit=1200%2C638&ssl=1",1200,638,false],"thumbnail":["https:\/\/i0.wp.com\/ismaelcolosi.com.br\/wp-content\/uploads\/2023\/12\/istock-1074199182.jpg?resize=150%2C150&ssl=1",150,150,true],"medium":["https:\/\/i0.wp.com\/ismaelcolosi.com.br\/wp-content\/uploads\/2023\/12\/istock-1074199182.jpg?fit=300%2C160&ssl=1",300,160,true],"medium_large":["https:\/\/i0.wp.com\/ismaelcolosi.com.br\/wp-content\/uploads\/2023\/12\/istock-1074199182.jpg?fit=768%2C408&ssl=1",768,408,true],"large":["https:\/\/i0.wp.com\/ismaelcolosi.com.br\/wp-content\/uploads\/2023\/12\/istock-1074199182.jpg?fit=1024%2C544&ssl=1",1024,544,true],"1536x1536":["https:\/\/i0.wp.com\/ismaelcolosi.com.br\/wp-content\/uploads\/2023\/12\/istock-1074199182.jpg?fit=1200%2C638&ssl=1",1200,638,true],"2048x2048":["https:\/\/i0.wp.com\/ismaelcolosi.com.br\/wp-content\/uploads\/2023\/12\/istock-1074199182.jpg?fit=1200%2C638&ssl=1",1200,638,true],"really-simple-thumb":["https:\/\/i0.wp.com\/ismaelcolosi.com.br\/wp-content\/uploads\/2023\/12\/istock-1074199182.jpg?resize=370%2C247&ssl=1",370,247,true]},"uagb_author_info":{"display_name":"ismaelcolosi.com.br","author_link":"https:\/\/ismaelcolosi.com.br\/index.php\/author\/vidareal-online\/"},"uagb_comment_info":0,"uagb_excerpt":"Cr\u00e9ditos: Getty Images Entenda por que defici\u00eancia de vitamina est\u00e1 relacionada a diagn\u00f3stico de c\u00e2ncer de intestino \u2013 iStock\/Getty Images Pesquisas recentes destacam que a...","jetpack-related-posts":[{"id":17285,"url":"https:\/\/ismaelcolosi.com.br\/index.php\/2023\/12\/18\/deficiencia-em-vitamina-a-se-manifesta-durante-a-noite\/","url_meta":{"origin":13677,"position":0},"title":"Defici\u00eancia em vitamina A se manifesta durante a noite","author":"ismaelcolosi.com.br","date":"18 de December de 2023","format":false,"excerpt":"Cr\u00e9ditos: Getty ImagesA defici\u00eancia de vitamina A acomete mais as crian\u00e7as e os idosos, especialmente nas regi\u00f5es mais pobres \u2013 iStock\/Getty Images Respons\u00e1vel por desempenhar um papel fundamental no crescimento, a vitamina A ajuda no desenvolvimento, manuten\u00e7\u00e3o da vis\u00e3o, sistema imunol\u00f3gico, reprodu\u00e7\u00e3o e integridade da pele. Contudo, a defici\u00eancia de\u2026","rel":"","context":"In &quot;Variedades&quot;","block_context":{"text":"Variedades","link":"https:\/\/ismaelcolosi.com.br\/index.php\/category\/variedades\/"},"img":{"alt_text":"","src":"https:\/\/i0.wp.com\/ismaelcolosi.com.br\/wp-content\/uploads\/2023\/12\/istock-1146682879.jpg?fit=1200%2C638&ssl=1&resize=350%2C200","width":350,"height":200,"srcset":"https:\/\/i0.wp.com\/ismaelcolosi.com.br\/wp-content\/uploads\/2023\/12\/istock-1146682879.jpg?fit=1200%2C638&ssl=1&resize=350%2C200 1x, https:\/\/i0.wp.com\/ismaelcolosi.com.br\/wp-content\/uploads\/2023\/12\/istock-1146682879.jpg?fit=1200%2C638&ssl=1&resize=525%2C300 1.5x, https:\/\/i0.wp.com\/ismaelcolosi.com.br\/wp-content\/uploads\/2023\/12\/istock-1146682879.jpg?fit=1200%2C638&ssl=1&resize=700%2C400 2x, https:\/\/i0.wp.com\/ismaelcolosi.com.br\/wp-content\/uploads\/2023\/12\/istock-1146682879.jpg?fit=1200%2C638&ssl=1&resize=1050%2C600 3x"},"classes":[]},{"id":13410,"url":"https:\/\/ismaelcolosi.com.br\/index.php\/2023\/12\/10\/por-que-gordura-abdominal-esta-associada-a-vitamina-d\/","url_meta":{"origin":13677,"position":1},"title":"Por que gordura abdominal est\u00e1 associada \u00e0 vitamina D?","author":"ismaelcolosi.com.br","date":"10 de December de 2023","format":false,"excerpt":"Cr\u00e9ditos: Getty ImagesRela\u00e7\u00e3o entre gordura abdominal e vitamina D \u00e9 mais complexa do que se imaginava \u2013 iStock\/Getty Images O ac\u00famulo de gordura na barriga pode ser um indicador de defici\u00eancia de vitamina D em pessoas com mais de 50 anos, indica uma recente pesquisa in\u00e9dita realizada por cientistas da\u2026","rel":"","context":"In &quot;Variedades&quot;","block_context":{"text":"Variedades","link":"https:\/\/ismaelcolosi.com.br\/index.php\/category\/variedades\/"},"img":{"alt_text":"","src":"https:\/\/i0.wp.com\/ismaelcolosi.com.br\/wp-content\/uploads\/2023\/12\/istock-1091854202.jpg?fit=1200%2C638&ssl=1&resize=350%2C200","width":350,"height":200,"srcset":"https:\/\/i0.wp.com\/ismaelcolosi.com.br\/wp-content\/uploads\/2023\/12\/istock-1091854202.jpg?fit=1200%2C638&ssl=1&resize=350%2C200 1x, https:\/\/i0.wp.com\/ismaelcolosi.com.br\/wp-content\/uploads\/2023\/12\/istock-1091854202.jpg?fit=1200%2C638&ssl=1&resize=525%2C300 1.5x, https:\/\/i0.wp.com\/ismaelcolosi.com.br\/wp-content\/uploads\/2023\/12\/istock-1091854202.jpg?fit=1200%2C638&ssl=1&resize=700%2C400 2x, https:\/\/i0.wp.com\/ismaelcolosi.com.br\/wp-content\/uploads\/2023\/12\/istock-1091854202.jpg?fit=1200%2C638&ssl=1&resize=1050%2C600 3x"},"classes":[]},{"id":10026,"url":"https:\/\/ismaelcolosi.com.br\/index.php\/2023\/12\/03\/deficiencia-desta-vitamina-pode-provocar-doencas-pulmonares\/","url_meta":{"origin":13677,"position":2},"title":"Defici\u00eancia desta vitamina pode provocar doen\u00e7as pulmonares","author":"ismaelcolosi.com.br","date":"3 de December de 2023","format":false,"excerpt":"Cr\u00e9ditos: Getty Images\/iStockphotoNo Brasil, a estimativa da Sociedade Brasileira de Pneumologia e Tisiologia (SBPT) \u00e9 de que pelo menos 6 milh\u00f5es de pessoas t\u00eam algum tipo de doen\u00e7a pulmonar \u2013 iStock\/Getty ImagesA defici\u00eancia de vitamina K pode estar associada ao surgimento de eventuais problemas pulmonares, indica estudo recente divulgado pela\u2026","rel":"","context":"In &quot;Variedades&quot;","block_context":{"text":"Variedades","link":"https:\/\/ismaelcolosi.com.br\/index.php\/category\/variedades\/"},"img":{"alt_text":"","src":"https:\/\/i0.wp.com\/ismaelcolosi.com.br\/wp-content\/uploads\/2023\/12\/istock-1388308060.jpg?fit=1200%2C638&ssl=1&resize=350%2C200","width":350,"height":200,"srcset":"https:\/\/i0.wp.com\/ismaelcolosi.com.br\/wp-content\/uploads\/2023\/12\/istock-1388308060.jpg?fit=1200%2C638&ssl=1&resize=350%2C200 1x, https:\/\/i0.wp.com\/ismaelcolosi.com.br\/wp-content\/uploads\/2023\/12\/istock-1388308060.jpg?fit=1200%2C638&ssl=1&resize=525%2C300 1.5x, https:\/\/i0.wp.com\/ismaelcolosi.com.br\/wp-content\/uploads\/2023\/12\/istock-1388308060.jpg?fit=1200%2C638&ssl=1&resize=700%2C400 2x, https:\/\/i0.wp.com\/ismaelcolosi.com.br\/wp-content\/uploads\/2023\/12\/istock-1388308060.jpg?fit=1200%2C638&ssl=1&resize=1050%2C600 3x"},"classes":[]},{"id":12680,"url":"https:\/\/ismaelcolosi.com.br\/index.php\/2023\/12\/08\/5-sinais-do-seu-corpo-que-indicam-a-falta-do-nutriente\/","url_meta":{"origin":13677,"position":3},"title":"5 sinais do seu corpo que indicam a falta do nutriente","author":"ismaelcolosi.com.br","date":"8 de December de 2023","format":false,"excerpt":"Cr\u00e9ditos: Getty ImagesA vitamina C \u00e9 uma importante aliada da sa\u00fade e est\u00e1 diretamente ligada \u00e0 preven\u00e7\u00e3o de gripes e resfriados \u2013 iStock\/Getty Images Tamb\u00e9m conhecida como \u00e1cido asc\u00f3rbico, a vitamina C \u00e9 um nutriente essencial que desempenha diversos pap\u00e9is vitais no funcionamento do organismo. Justamente por isso, a defici\u00eancia\u2026","rel":"","context":"In &quot;Variedades&quot;","block_context":{"text":"Variedades","link":"https:\/\/ismaelcolosi.com.br\/index.php\/category\/variedades\/"},"img":{"alt_text":"","src":"https:\/\/i0.wp.com\/ismaelcolosi.com.br\/wp-content\/uploads\/2023\/12\/istock-1227488268.jpg?fit=1200%2C638&ssl=1&resize=350%2C200","width":350,"height":200,"srcset":"https:\/\/i0.wp.com\/ismaelcolosi.com.br\/wp-content\/uploads\/2023\/12\/istock-1227488268.jpg?fit=1200%2C638&ssl=1&resize=350%2C200 1x, https:\/\/i0.wp.com\/ismaelcolosi.com.br\/wp-content\/uploads\/2023\/12\/istock-1227488268.jpg?fit=1200%2C638&ssl=1&resize=525%2C300 1.5x, https:\/\/i0.wp.com\/ismaelcolosi.com.br\/wp-content\/uploads\/2023\/12\/istock-1227488268.jpg?fit=1200%2C638&ssl=1&resize=700%2C400 2x, https:\/\/i0.wp.com\/ismaelcolosi.com.br\/wp-content\/uploads\/2023\/12\/istock-1227488268.jpg?fit=1200%2C638&ssl=1&resize=1050%2C600 3x"},"classes":[]},{"id":18813,"url":"https:\/\/ismaelcolosi.com.br\/index.php\/2023\/12\/21\/este-sintoma-a-noite-pode-indicar-deficiencia-de-vitamina-a\/","url_meta":{"origin":13677,"position":4},"title":"Este sintoma \u00e0 noite pode indicar defici\u00eancia de vitamina A","author":"ismaelcolosi.com.br","date":"21 de December de 2023","format":false,"excerpt":"A vitamina A desempenha um papel fundamental no crescimento, desenvolvimento, manuten\u00e7\u00e3o da vis\u00e3o, sistema imunol\u00f3gico, reprodu\u00e7\u00e3o e integridade da pele. A defici\u00eancia dessa vitamina pode ser causada por diversas raz\u00f5es, e os sintomas podem variar em intensidade. Um sintoma cl\u00e1ssico \u00e9 a cegueira noturna, caracterizada pela dificuldade de enxergar adequadamente\u2026","rel":"","context":"In &quot;Variedades&quot;","block_context":{"text":"Variedades","link":"https:\/\/ismaelcolosi.com.br\/index.php\/category\/variedades\/"},"img":{"alt_text":"","src":"https:\/\/i0.wp.com\/ismaelcolosi.com.br\/wp-content\/uploads\/2023\/12\/depositphotos-180846888-l.jpg?fit=1200%2C638&ssl=1&resize=350%2C200","width":350,"height":200,"srcset":"https:\/\/i0.wp.com\/ismaelcolosi.com.br\/wp-content\/uploads\/2023\/12\/depositphotos-180846888-l.jpg?fit=1200%2C638&ssl=1&resize=350%2C200 1x, https:\/\/i0.wp.com\/ismaelcolosi.com.br\/wp-content\/uploads\/2023\/12\/depositphotos-180846888-l.jpg?fit=1200%2C638&ssl=1&resize=525%2C300 1.5x, https:\/\/i0.wp.com\/ismaelcolosi.com.br\/wp-content\/uploads\/2023\/12\/depositphotos-180846888-l.jpg?fit=1200%2C638&ssl=1&resize=700%2C400 2x, https:\/\/i0.wp.com\/ismaelcolosi.com.br\/wp-content\/uploads\/2023\/12\/depositphotos-180846888-l.jpg?fit=1200%2C638&ssl=1&resize=1050%2C600 3x"},"classes":[]},{"id":14868,"url":"https:\/\/ismaelcolosi.com.br\/index.php\/2023\/12\/12\/e-isso-que-deficiencia-de-vitamina-c-causa-no-cerebro-alerta-estudo\/","url_meta":{"origin":13677,"position":5},"title":"\u00c9 isso que defici\u00eancia de vitamina C causa no c\u00e9rebro, alerta estudo","author":"ismaelcolosi.com.br","date":"12 de December de 2023","format":false,"excerpt":"De acordo com um estudo realizado pela Universidade Flinders, na Austr\u00e1lia, a defici\u00eancia de vitamina C pode estar associada ao comprometimento cognitivo. A descoberta sinaliza um alarme sobre os baixos n\u00edveis dessa vitamina, particularmente entre os idosos. A Organiza\u00e7\u00e3o Mundial de Sa\u00fade (OMS) estima que entre 25% e 30% das\u2026","rel":"","context":"In &quot;Variedades&quot;","block_context":{"text":"Variedades","link":"https:\/\/ismaelcolosi.com.br\/index.php\/category\/variedades\/"},"img":{"alt_text":"","src":"https:\/\/i0.wp.com\/ismaelcolosi.com.br\/wp-content\/uploads\/2023\/12\/depositphotos-208021784-xl-scaled.jpg?fit=1200%2C638&ssl=1&resize=350%2C200","width":350,"height":200,"srcset":"https:\/\/i0.wp.com\/ismaelcolosi.com.br\/wp-content\/uploads\/2023\/12\/depositphotos-208021784-xl-scaled.jpg?fit=1200%2C638&ssl=1&resize=350%2C200 1x, https:\/\/i0.wp.com\/ismaelcolosi.com.br\/wp-content\/uploads\/2023\/12\/depositphotos-208021784-xl-scaled.jpg?fit=1200%2C638&ssl=1&resize=525%2C300 1.5x, https:\/\/i0.wp.com\/ismaelcolosi.com.br\/wp-content\/uploads\/2023\/12\/depositphotos-208021784-xl-scaled.jpg?fit=1200%2C638&ssl=1&resize=700%2C400 2x, https:\/\/i0.wp.com\/ismaelcolosi.com.br\/wp-content\/uploads\/2023\/12\/depositphotos-208021784-xl-scaled.jpg?fit=1200%2C638&ssl=1&resize=1050%2C600 3x"},"classes":[]}],"jetpack_sharing_enabled":true,"jetpack_shortlink":"https:\/\/wp.me\/pfMlyK-3yB","_links":{"self":[{"href":"https:\/\/ismaelcolosi.com.br\/index.php\/wp-json\/wp\/v2\/posts\/13677","targetHints":{"allow":["GET"]}}],"collection":[{"href":"https:\/\/ismaelcolosi.com.br\/index.php\/wp-json\/wp\/v2\/posts"}],"about":[{"href":"https:\/\/ismaelcolosi.com.br\/index.php\/wp-json\/wp\/v2\/types\/post"}],"author":[{"embeddable":true,"href":"https:\/\/ismaelcolosi.com.br\/index.php\/wp-json\/wp\/v2\/users\/1"}],"replies":[{"embeddable":true,"href":"https:\/\/ismaelcolosi.com.br\/index.php\/wp-json\/wp\/v2\/comments?post=13677"}],"version-history":[{"count":0,"href":"https:\/\/ismaelcolosi.com.br\/index.php\/wp-json\/wp\/v2\/posts\/13677\/revisions"}],"wp:featuredmedia":[{"embeddable":true,"href":"https:\/\/ismaelcolosi.com.br\/index.php\/wp-json\/wp\/v2\/media\/13678"}],"wp:attachment":[{"href":"https:\/\/ismaelcolosi.com.br\/index.php\/wp-json\/wp\/v2\/media?parent=13677"}],"wp:term":[{"taxonomy":"category","embeddable":true,"href":"https:\/\/ismaelcolosi.com.br\/index.php\/wp-json\/wp\/v2\/categories?post=13677"},{"taxonomy":"post_tag","embeddable":true,"href":"https:\/\/ismaelcolosi.com.br\/index.php\/wp-json\/wp\/v2\/tags?post=13677"}],"curies":[{"name":"wp","href":"https:\/\/api.w.org\/{rel}","templated":true}]}}