{"id":13675,"date":"2023-12-10T22:51:06","date_gmt":"2023-12-11T01:51:06","guid":{"rendered":"https:\/\/ismaelcolosi.com.br\/index.php\/2023\/12\/10\/antecipacao-do-vale-gas-em-dezembro-esta-valendo\/"},"modified":"2023-12-10T22:51:06","modified_gmt":"2023-12-11T01:51:06","slug":"antecipacao-do-vale-gas-em-dezembro-esta-valendo","status":"publish","type":"post","link":"https:\/\/ismaelcolosi.com.br\/index.php\/2023\/12\/10\/antecipacao-do-vale-gas-em-dezembro-esta-valendo\/","title":{"rendered":"Antecipa\u00e7\u00e3o do Vale-G\u00e1s em dezembro est\u00e1 valendo?"},"content":{"rendered":"<p> <br \/>\n<\/p>\n<div>\n<div id=\"attachment_2266765\" class=\"wp-caption alignnone\">\n<div class=\"d-flex justify-content-center\" data-attachment-id=\"2266765\">\n<div class=\"position-relative d-inline-block\"><img data-recalc-dims=\"1\" data-portal-copyright=\"Ag\u00eancia Brasil\/Marcello Casal Jr\" fetchpriority=\"high\" decoding=\"async\" class=\"size-full wp-image-2266765\" src=\"https:\/\/i0.wp.com\/catracalivre.com.br\/wp-content\/uploads\/2023\/04\/vale-gas.png?resize=1170%2C700&#038;ssl=1\" alt=\"Vale G\u00e1s volta a ser pago?\" width=\"1170\" height=\"700\" srcset=\"https:\/\/catracalivre.com.br\/wp-content\/uploads\/2023\/04\/vale-gas.png 1170w, https:\/\/catracalivre.com.br\/wp-content\/uploads\/2023\/04\/vale-gas-450x269.png 450w, https:\/\/catracalivre.com.br\/wp-content\/uploads\/2023\/04\/vale-gas-768x459.png 768w\" sizes=\"(max-width: 1170px) 100vw, 1170px\"\/><\/p>\n<p>Cr\u00e9ditos: Ag\u00eancia Brasil\/Marcello Casal Jr<\/p>\n<\/div>\n<\/div>\n<p><span class=\"post-imagem__legenda\">Vale G\u00e1s volta a ser pago?<\/span><\/p>\n<\/div>\n<p>A antecipa\u00e7\u00e3o do Vale-G\u00e1s de dezembro se tornou motivo de comemora\u00e7\u00e3o para os benefici\u00e1rios do Bolsa Fam\u00edlia, que aguardam ansiosos pelos \u00faltimos pagamentos do ano. Este <a href=\"https:\/\/catracalivre.com.br\/cidadania\/governo-solicita-r-350-milhoes-em-beneficios\/\">benef\u00edcio<\/a>, essencial para muitas fam\u00edlias, estar\u00e1 dispon\u00edvel entre os dias 11 e 22 deste m\u00eas, coincidindo com o calend\u00e1rio do Bolsa Fam\u00edlia. Uma pr\u00e1tica comum do Governo Federal \u00e9 antecipar esses benef\u00edcios em dezembro, proporcionando aos benefici\u00e1rios a tranquilidade necess\u00e1ria para as festividades de final de ano.<\/p>\n<p>Atualmente, cerca de nove milh\u00f5es de benefici\u00e1rios do <a href=\"https:\/\/catracalivre.com.br\/cidadania\/novo-calendario-do-bolsa-familia-de-dezembro-acaba-de-chegar\/\">Bolsa Fam\u00edlia<\/a> comp\u00f5em a folha de pagamento do Vale-G\u00e1s. Este benef\u00edcio, vinculado ao Aux\u00edlio G\u00e1s Nacional, \u00e9 destinado exclusivamente aos titulares do Bolsa Fam\u00edlia, refor\u00e7ando seu papel fundamental na transfer\u00eancia de renda.<\/p>\n<p>Estima-se que o Vale-G\u00e1s de dezembro alcance um valor m\u00e9dio de R$ 108, com base no pre\u00e7o m\u00e9dio nacional do botij\u00e3o de g\u00e1s de 13 kg, conforme levantamento da Ag\u00eancia Nacional de Petr\u00f3leo, G\u00e1s Natural e Biocombust\u00edveis (ANP). A expectativa em torno do benef\u00edcio cresce, e muitos benefici\u00e1rios est\u00e3o ansiosos para saber se t\u00eam direito ao aux\u00edlio e quando os pagamentos ser\u00e3o realizados.<\/p>\n<h2>Consulta do Vale-G\u00e1s pelo CPF<\/h2>\n<p>A boa not\u00edcia \u00e9 que, para aqueles que desejam antecipar a consulta e verificar seu direito ao Vale-G\u00e1s, j\u00e1 \u00e9 poss\u00edvel faz\u00ea-lo utilizando o n\u00famero do CPF. O processo \u00e9 simples e pode ser realizado por meio de um passo a passo pr\u00e1tico. Essa medida visa proporcionar maior transpar\u00eancia e acesso \u00e0s informa\u00e7\u00f5es, permitindo que os benefici\u00e1rios se organizem financeiramente.<\/p>\n<h2>Passo a Passo para Consulta pelo CPF<\/h2>\n<ul>\n<li><strong>Acesse o Site Oficial: <\/strong>a consulta pode ser realizada no site oficial do programa ou em plataformas governamentais espec\u00edficas<\/li>\n<li>.<strong>Informe o N\u00famero do CPF: <\/strong>insira o n\u00famero do CPF do benefici\u00e1rio na \u00e1rea designada para a consulta.<\/li>\n<li><strong>Verifique o Resultado: <\/strong>ap\u00f3s o fornecimento do CPF, o sistema apresentar\u00e1 informa\u00e7\u00f5es sobre o direito ao Vale-G\u00e1s, indicando se o benef\u00edcio est\u00e1 dispon\u00edvel.<\/li>\n<\/ul>\n<h2>Regras para Recebimento do Vale-G\u00e1s<\/h2>\n<p>O Vale-G\u00e1s \u00e9 destinado a cidad\u00e3os que atendem a crit\u00e9rios espec\u00edficos, garantindo que o benef\u00edcio alcance quem realmente necessita. Para se enquadrar nas regras e assegurar o recebimento do aux\u00edlio, \u00e9 necess\u00e1rio:<\/p>\n<ul>\n<li>Ter inscri\u00e7\u00e3o ativa no Cadastro \u00danico (Cad\u00danico);<\/li>\n<li>Possuir renda familiar per capita de at\u00e9 meio sal\u00e1rio m\u00ednimo (R$ 606); OU<\/li>\n<li>Ter renda familiar total igual ou inferior a tr\u00eas sal\u00e1rios m\u00ednimos;<\/li>\n<li>Ser parte de fam\u00edlias com renda superior a tr\u00eas sal\u00e1rios m\u00ednimos, desde que estejam inclu\u00eddas em programas de transfer\u00eancia de renda implementados pelas esferas de governo;<\/li>\n<li>Contar com um membro da fam\u00edlia que receba o Benef\u00edcio de Presta\u00e7\u00e3o Continuada (BPC\/Loas).<\/li>\n<\/ul>\n<\/div>\n<p><script>\n\t\t! function(f, b, e, v, n, t, s) {\n\t\t\tif (f.fbq) return;\n\t\t\tn = f.fbq = function() {\n\t\t\t\tn.callMethod ?\n\t\t\t\t\tn.callMethod.apply(n, arguments) : n.queue.push(arguments)\n\t\t\t};\n\t\t\tif (!f._fbq) f._fbq = n;\n\t\t\tn.push = n;\n\t\t\tn.loaded = !0;\n\t\t\tn.version = '2.0';\n\t\t\tn.queue = [];\n\t\t\tt = b.createElement(e);\n\t\t\tt.async = !0;\n\t\t\tt.src = v;\n\t\t\ts = b.getElementsByTagName(e)[0];\n\t\t\ts.parentNode.insertBefore(t, s)\n\t\t}(window, document, 'script',\n\t\t\t'https:\/\/connect.facebook.net\/en_US\/fbevents.js');\n\t\tfbq('init', '338315473262380');\n\t\tfbq('track', 'PageView');\n\t<\/script><br \/>\n<br \/><br \/>\n<br \/><a href=\"https:\/\/catracalivre.com.br\/cidadania\/antecipacao-do-vale-gas-em-dezembro-esta-valendo\/\">Source link <\/a><\/p>\n<div class='code-block code-block-4' style='margin: 8px auto 8px 0; text-align: left; display: block; clear: both;'>\n\ud83d\udce2 Aviso Legal\n\nO site ismaelcolosi.com.br atua apenas como um canal de divulga\u00e7\u00e3o de oportunidades de emprego e n\u00e3o se responsabiliza pelo processo seletivo, contrata\u00e7\u00e3o ou qualquer outra etapa relacionada \u00e0s vagas publicadas. Todas as informa\u00e7\u00f5es s\u00e3o de responsabilidade dos anunciantes.\n\n\u26a0\ufe0f Aten\u00e7\u00e3o! Nunca pague por promessas de emprego nem compre cursos que garantam contrata\u00e7\u00e3o. Desconfie de qualquer cobran\u00e7a para participar de sele\u00e7\u00f5es.\n\n\n\n<\/div>\n<!-- CONTENT END 1 -->\n","protected":false},"excerpt":{"rendered":"<p>Cr\u00e9ditos: Ag\u00eancia Brasil\/Marcello Casal Jr Vale G\u00e1s volta a ser pago? A antecipa\u00e7\u00e3o do Vale-G\u00e1s de dezembro se tornou motivo de comemora\u00e7\u00e3o para os benefici\u00e1rios&#8230;<\/p>\n","protected":false},"author":1,"featured_media":13676,"comment_status":"open","ping_status":"open","sticky":false,"template":"","format":"standard","meta":{"_uag_custom_page_level_css":"","advanced_seo_description":"","jetpack_seo_html_title":"","jetpack_seo_noindex":false,"jetpack_post_was_ever_published":false,"_jetpack_newsletter_access":"","_jetpack_dont_email_post_to_subs":false,"_jetpack_newsletter_tier_id":0,"_jetpack_memberships_contains_paywalled_content":false,"_jetpack_memberships_contains_paid_content":false,"footnotes":"","jetpack_publicize_message":"","jetpack_publicize_feature_enabled":true,"jetpack_social_post_already_shared":true,"jetpack_social_options":{"image_generator_settings":{"template":"highway","default_image_id":0,"font":"","enabled":false},"version":2}},"categories":[19],"tags":[],"class_list":["post-13675","post","type-post","status-publish","format-standard","has-post-thumbnail","hentry","category-variedades"],"jetpack_publicize_connections":[],"jetpack_featured_media_url":"https:\/\/i0.wp.com\/ismaelcolosi.com.br\/wp-content\/uploads\/2023\/12\/1702259468_istock-1411599118.jpg?fit=1200%2C638&ssl=1","uagb_featured_image_src":{"full":["https:\/\/i0.wp.com\/ismaelcolosi.com.br\/wp-content\/uploads\/2023\/12\/1702259468_istock-1411599118.jpg?fit=1200%2C638&ssl=1",1200,638,false],"thumbnail":["https:\/\/i0.wp.com\/ismaelcolosi.com.br\/wp-content\/uploads\/2023\/12\/1702259468_istock-1411599118.jpg?resize=150%2C150&ssl=1",150,150,true],"medium":["https:\/\/i0.wp.com\/ismaelcolosi.com.br\/wp-content\/uploads\/2023\/12\/1702259468_istock-1411599118.jpg?fit=300%2C160&ssl=1",300,160,true],"medium_large":["https:\/\/i0.wp.com\/ismaelcolosi.com.br\/wp-content\/uploads\/2023\/12\/1702259468_istock-1411599118.jpg?fit=768%2C408&ssl=1",768,408,true],"large":["https:\/\/i0.wp.com\/ismaelcolosi.com.br\/wp-content\/uploads\/2023\/12\/1702259468_istock-1411599118.jpg?fit=1024%2C544&ssl=1",1024,544,true],"1536x1536":["https:\/\/i0.wp.com\/ismaelcolosi.com.br\/wp-content\/uploads\/2023\/12\/1702259468_istock-1411599118.jpg?fit=1200%2C638&ssl=1",1200,638,true],"2048x2048":["https:\/\/i0.wp.com\/ismaelcolosi.com.br\/wp-content\/uploads\/2023\/12\/1702259468_istock-1411599118.jpg?fit=1200%2C638&ssl=1",1200,638,true],"really-simple-thumb":["https:\/\/i0.wp.com\/ismaelcolosi.com.br\/wp-content\/uploads\/2023\/12\/1702259468_istock-1411599118.jpg?resize=370%2C247&ssl=1",370,247,true]},"uagb_author_info":{"display_name":"ismaelcolosi.com.br","author_link":"https:\/\/ismaelcolosi.com.br\/index.php\/author\/vidareal-online\/"},"uagb_comment_info":0,"uagb_excerpt":"Cr\u00e9ditos: Ag\u00eancia Brasil\/Marcello Casal Jr Vale G\u00e1s volta a ser pago? A antecipa\u00e7\u00e3o do Vale-G\u00e1s de dezembro se tornou motivo de comemora\u00e7\u00e3o para os benefici\u00e1rios...","jetpack-related-posts":[{"id":10018,"url":"https:\/\/ismaelcolosi.com.br\/index.php\/2023\/12\/03\/confira-a-antecipacao-do-bolsa-familia-e-auxilio-gas-de-dezembro\/","url_meta":{"origin":13675,"position":0},"title":"Confira a antecipa\u00e7\u00e3o do Bolsa Fam\u00edlia e Aux\u00edlio G\u00e1s de dezembro","author":"ismaelcolosi.com.br","date":"3 de December de 2023","format":false,"excerpt":"Os benefici\u00e1rios do Bolsa Fam\u00edlia e do Aux\u00edlio G\u00e1s v\u00e3o receber os benef\u00edcios antecipadamente, a partir do dia 11 de dezembro. O pagamento, que geralmente \u00e9 feito nos \u00faltimos dez dias \u00fateis de cada m\u00eas, foi antecipado em uma semana.Cr\u00e9ditos: MDAS\/Divulga\u00e7\u00e3oBolsa Fam\u00edlia surpreende benefici\u00e1rios em dezembroOs pagamentos ser\u00e3o feitos de\u2026","rel":"","context":"In &quot;Variedades&quot;","block_context":{"text":"Variedades","link":"https:\/\/ismaelcolosi.com.br\/index.php\/category\/variedades\/"},"img":{"alt_text":"","src":"https:\/\/i0.wp.com\/ismaelcolosi.com.br\/wp-content\/uploads\/2023\/12\/bolsa-familia-governo-finalmente-libera-novo-calendario-de-julho.png?fit=1200%2C638&ssl=1&resize=350%2C200","width":350,"height":200,"srcset":"https:\/\/i0.wp.com\/ismaelcolosi.com.br\/wp-content\/uploads\/2023\/12\/bolsa-familia-governo-finalmente-libera-novo-calendario-de-julho.png?fit=1200%2C638&ssl=1&resize=350%2C200 1x, https:\/\/i0.wp.com\/ismaelcolosi.com.br\/wp-content\/uploads\/2023\/12\/bolsa-familia-governo-finalmente-libera-novo-calendario-de-julho.png?fit=1200%2C638&ssl=1&resize=525%2C300 1.5x, https:\/\/i0.wp.com\/ismaelcolosi.com.br\/wp-content\/uploads\/2023\/12\/bolsa-familia-governo-finalmente-libera-novo-calendario-de-julho.png?fit=1200%2C638&ssl=1&resize=700%2C400 2x, https:\/\/i0.wp.com\/ismaelcolosi.com.br\/wp-content\/uploads\/2023\/12\/bolsa-familia-governo-finalmente-libera-novo-calendario-de-julho.png?fit=1200%2C638&ssl=1&resize=1050%2C600 3x"},"classes":[]},{"id":11124,"url":"https:\/\/ismaelcolosi.com.br\/index.php\/2023\/12\/05\/governo-lula-antecipa-bolsa-familia-de-dezembro-veja-datas\/","url_meta":{"origin":13675,"position":1},"title":"Governo Lula antecipa Bolsa Fam\u00edlia de dezembro; veja datas","author":"ismaelcolosi.com.br","date":"5 de December de 2023","format":false,"excerpt":"Cr\u00e9ditos: Ag\u00eancia BrasilGoverno Lula antecipa pagamentos do Bolsa Fam\u00edlia O governo Lula, em colabora\u00e7\u00e3o com a Caixa Econ\u00f4mica Federal, anunciou a antecipa\u00e7\u00e3o do pagamento do Bolsa Fam\u00edlia de dezembro. Normalmente, os dep\u00f3sitos s\u00e3o realizados nos \u00faltimos 10 dias \u00fateis dos meses, mas em dezembro eles ocorrer\u00e3o do dia 11 ao\u2026","rel":"","context":"In &quot;Variedades&quot;","block_context":{"text":"Variedades","link":"https:\/\/ismaelcolosi.com.br\/index.php\/category\/variedades\/"},"img":{"alt_text":"","src":"https:\/\/i0.wp.com\/ismaelcolosi.com.br\/wp-content\/uploads\/2023\/12\/depositphotos-619569426-xl-scaled.jpg?fit=1200%2C638&ssl=1&resize=350%2C200","width":350,"height":200,"srcset":"https:\/\/i0.wp.com\/ismaelcolosi.com.br\/wp-content\/uploads\/2023\/12\/depositphotos-619569426-xl-scaled.jpg?fit=1200%2C638&ssl=1&resize=350%2C200 1x, https:\/\/i0.wp.com\/ismaelcolosi.com.br\/wp-content\/uploads\/2023\/12\/depositphotos-619569426-xl-scaled.jpg?fit=1200%2C638&ssl=1&resize=525%2C300 1.5x, https:\/\/i0.wp.com\/ismaelcolosi.com.br\/wp-content\/uploads\/2023\/12\/depositphotos-619569426-xl-scaled.jpg?fit=1200%2C638&ssl=1&resize=700%2C400 2x, https:\/\/i0.wp.com\/ismaelcolosi.com.br\/wp-content\/uploads\/2023\/12\/depositphotos-619569426-xl-scaled.jpg?fit=1200%2C638&ssl=1&resize=1050%2C600 3x"},"classes":[]},{"id":10196,"url":"https:\/\/ismaelcolosi.com.br\/index.php\/2023\/12\/04\/inss-surpreende-aposentados-com-pagamento-antecipado\/","url_meta":{"origin":13675,"position":2},"title":"INSS surpreende aposentados com pagamento antecipado","author":"ismaelcolosi.com.br","date":"4 de December de 2023","format":false,"excerpt":"Benefici\u00e1rios do INSS recebem uma boa not\u00edcia com a antecipa\u00e7\u00e3o dos dep\u00f3sitos de dezembro, encerrando o ano com alegria financeira. 3 de dezembro de 2023 \u00e0s 23:59 Por: Reda\u00e7\u00e3o Cr\u00e9ditos: Captura de telaPrint do portal Meu INSS O Instituto Nacional do Seguro Social (INSS) surpreendeu os aposentados e pensionistas ao\u2026","rel":"","context":"In &quot;Variedades&quot;","block_context":{"text":"Variedades","link":"https:\/\/ismaelcolosi.com.br\/index.php\/category\/variedades\/"},"img":{"alt_text":"","src":"https:\/\/i0.wp.com\/ismaelcolosi.com.br\/wp-content\/uploads\/2023\/12\/1701659671_depositphotos-366956486-xl-scaled.jpg?fit=1200%2C638&ssl=1&resize=350%2C200","width":350,"height":200,"srcset":"https:\/\/i0.wp.com\/ismaelcolosi.com.br\/wp-content\/uploads\/2023\/12\/1701659671_depositphotos-366956486-xl-scaled.jpg?fit=1200%2C638&ssl=1&resize=350%2C200 1x, https:\/\/i0.wp.com\/ismaelcolosi.com.br\/wp-content\/uploads\/2023\/12\/1701659671_depositphotos-366956486-xl-scaled.jpg?fit=1200%2C638&ssl=1&resize=525%2C300 1.5x, https:\/\/i0.wp.com\/ismaelcolosi.com.br\/wp-content\/uploads\/2023\/12\/1701659671_depositphotos-366956486-xl-scaled.jpg?fit=1200%2C638&ssl=1&resize=700%2C400 2x, https:\/\/i0.wp.com\/ismaelcolosi.com.br\/wp-content\/uploads\/2023\/12\/1701659671_depositphotos-366956486-xl-scaled.jpg?fit=1200%2C638&ssl=1&resize=1050%2C600 3x"},"classes":[]},{"id":13595,"url":"https:\/\/ismaelcolosi.com.br\/index.php\/2023\/12\/10\/bolsa-familia-e-auxilio-gas-comecam-a-ser-pagos-nesta-segunda-bolsa-familia\/","url_meta":{"origin":13675,"position":3},"title":"Bolsa Fam\u00edlia e Aux\u00edlio G\u00e1s come\u00e7am a ser pagos nesta segunda Bolsa Fam\u00edlia","author":"ismaelcolosi.com.br","date":"10 de December de 2023","format":false,"excerpt":"Os benefici\u00e1rios do Bolsa Fam\u00edlia e do Aux\u00edlio G\u00e1s v\u00e3o receber os benef\u00edcios a partir da pr\u00f3xima segunda-feira, dia 11 de dezembro. O pagamento, que geralmente \u00e9 feito nos \u00faltimos dez dias \u00fateis de cada m\u00eas, foi antecipado em uma semana.Os pagamentos ser\u00e3o feitos de acordo com o d\u00edgito final\u2026","rel":"","context":"In &quot;Variedades&quot;","block_context":{"text":"Variedades","link":"https:\/\/ismaelcolosi.com.br\/index.php\/category\/variedades\/"},"img":{"alt_text":"","src":"https:\/\/i0.wp.com\/ismaelcolosi.com.br\/wp-content\/uploads\/2023\/12\/finalmente-a-resposta-tao-esperada-sobre-o-13o-do-bolsa-familia-1.jpg?fit=1200%2C638&ssl=1&resize=350%2C200","width":350,"height":200,"srcset":"https:\/\/i0.wp.com\/ismaelcolosi.com.br\/wp-content\/uploads\/2023\/12\/finalmente-a-resposta-tao-esperada-sobre-o-13o-do-bolsa-familia-1.jpg?fit=1200%2C638&ssl=1&resize=350%2C200 1x, https:\/\/i0.wp.com\/ismaelcolosi.com.br\/wp-content\/uploads\/2023\/12\/finalmente-a-resposta-tao-esperada-sobre-o-13o-do-bolsa-familia-1.jpg?fit=1200%2C638&ssl=1&resize=525%2C300 1.5x, https:\/\/i0.wp.com\/ismaelcolosi.com.br\/wp-content\/uploads\/2023\/12\/finalmente-a-resposta-tao-esperada-sobre-o-13o-do-bolsa-familia-1.jpg?fit=1200%2C638&ssl=1&resize=700%2C400 2x, https:\/\/i0.wp.com\/ismaelcolosi.com.br\/wp-content\/uploads\/2023\/12\/finalmente-a-resposta-tao-esperada-sobre-o-13o-do-bolsa-familia-1.jpg?fit=1200%2C638&ssl=1&resize=1050%2C600 3x"},"classes":[]},{"id":13335,"url":"https:\/\/ismaelcolosi.com.br\/index.php\/2023\/12\/09\/vale-gas-retorna-em-dezembro-entenda\/","url_meta":{"origin":13675,"position":4},"title":"Vale-G\u00e1s retorna em dezembro; entenda","author":"ismaelcolosi.com.br","date":"9 de December de 2023","format":false,"excerpt":"Cr\u00e9ditos: Ag\u00eancia Brasil\/Marcello Casal JrVale G\u00e1s volta a ser pago O Vale-G\u00e1s, um programa essencial do Governo Federal, retorna neste m\u00eas de dezembro para proporcionar al\u00edvio financeiro a fam\u00edlias em vulnerabilidade socioecon\u00f4mica. Criado com o intuito de auxiliar na compra de um botij\u00e3o de g\u00e1s de 13 kg, o benef\u00edcio\u2026","rel":"","context":"In &quot;Variedades&quot;","block_context":{"text":"Variedades","link":"https:\/\/ismaelcolosi.com.br\/index.php\/category\/variedades\/"},"img":{"alt_text":"","src":"https:\/\/i0.wp.com\/ismaelcolosi.com.br\/wp-content\/uploads\/2023\/12\/istock-1411599118.jpg?fit=1200%2C638&ssl=1&resize=350%2C200","width":350,"height":200,"srcset":"https:\/\/i0.wp.com\/ismaelcolosi.com.br\/wp-content\/uploads\/2023\/12\/istock-1411599118.jpg?fit=1200%2C638&ssl=1&resize=350%2C200 1x, https:\/\/i0.wp.com\/ismaelcolosi.com.br\/wp-content\/uploads\/2023\/12\/istock-1411599118.jpg?fit=1200%2C638&ssl=1&resize=525%2C300 1.5x, https:\/\/i0.wp.com\/ismaelcolosi.com.br\/wp-content\/uploads\/2023\/12\/istock-1411599118.jpg?fit=1200%2C638&ssl=1&resize=700%2C400 2x, https:\/\/i0.wp.com\/ismaelcolosi.com.br\/wp-content\/uploads\/2023\/12\/istock-1411599118.jpg?fit=1200%2C638&ssl=1&resize=1050%2C600 3x"},"classes":[]},{"id":6557,"url":"https:\/\/ismaelcolosi.com.br\/index.php\/2023\/11\/26\/entenda-a-suspensao-dos-pagamentos-e-mais\/","url_meta":{"origin":13675,"position":5},"title":"entenda a suspens\u00e3o dos pagamentos e mais","author":"ismaelcolosi.com.br","date":"26 de November de 2023","format":false,"excerpt":"Cr\u00e9ditos: yorkfoto\/istockVale g\u00e1s tem novidades para brasileiros Em meio \u00e0 expectativa de muitas fam\u00edlias brasileiras que enfrentam vulnerabilidade social ou econ\u00f4mica, o benef\u00edcio do Vale G\u00e1s, criado em 2020, se destaca como uma iniciativa que visa aliviar os custos associados \u00e0 aquisi\u00e7\u00e3o de um botij\u00e3o de g\u00e1s. No entanto, para\u2026","rel":"","context":"In &quot;Variedades&quot;","block_context":{"text":"Variedades","link":"https:\/\/ismaelcolosi.com.br\/index.php\/category\/variedades\/"},"img":{"alt_text":"","src":"https:\/\/i0.wp.com\/ismaelcolosi.com.br\/wp-content\/uploads\/2023\/11\/vale-gas.jpg?fit=1200%2C638&ssl=1&resize=350%2C200","width":350,"height":200,"srcset":"https:\/\/i0.wp.com\/ismaelcolosi.com.br\/wp-content\/uploads\/2023\/11\/vale-gas.jpg?fit=1200%2C638&ssl=1&resize=350%2C200 1x, https:\/\/i0.wp.com\/ismaelcolosi.com.br\/wp-content\/uploads\/2023\/11\/vale-gas.jpg?fit=1200%2C638&ssl=1&resize=525%2C300 1.5x, https:\/\/i0.wp.com\/ismaelcolosi.com.br\/wp-content\/uploads\/2023\/11\/vale-gas.jpg?fit=1200%2C638&ssl=1&resize=700%2C400 2x, https:\/\/i0.wp.com\/ismaelcolosi.com.br\/wp-content\/uploads\/2023\/11\/vale-gas.jpg?fit=1200%2C638&ssl=1&resize=1050%2C600 3x"},"classes":[]}],"jetpack_sharing_enabled":true,"jetpack_shortlink":"https:\/\/wp.me\/pfMlyK-3yz","_links":{"self":[{"href":"https:\/\/ismaelcolosi.com.br\/index.php\/wp-json\/wp\/v2\/posts\/13675","targetHints":{"allow":["GET"]}}],"collection":[{"href":"https:\/\/ismaelcolosi.com.br\/index.php\/wp-json\/wp\/v2\/posts"}],"about":[{"href":"https:\/\/ismaelcolosi.com.br\/index.php\/wp-json\/wp\/v2\/types\/post"}],"author":[{"embeddable":true,"href":"https:\/\/ismaelcolosi.com.br\/index.php\/wp-json\/wp\/v2\/users\/1"}],"replies":[{"embeddable":true,"href":"https:\/\/ismaelcolosi.com.br\/index.php\/wp-json\/wp\/v2\/comments?post=13675"}],"version-history":[{"count":0,"href":"https:\/\/ismaelcolosi.com.br\/index.php\/wp-json\/wp\/v2\/posts\/13675\/revisions"}],"wp:featuredmedia":[{"embeddable":true,"href":"https:\/\/ismaelcolosi.com.br\/index.php\/wp-json\/wp\/v2\/media\/13676"}],"wp:attachment":[{"href":"https:\/\/ismaelcolosi.com.br\/index.php\/wp-json\/wp\/v2\/media?parent=13675"}],"wp:term":[{"taxonomy":"category","embeddable":true,"href":"https:\/\/ismaelcolosi.com.br\/index.php\/wp-json\/wp\/v2\/categories?post=13675"},{"taxonomy":"post_tag","embeddable":true,"href":"https:\/\/ismaelcolosi.com.br\/index.php\/wp-json\/wp\/v2\/tags?post=13675"}],"curies":[{"name":"wp","href":"https:\/\/api.w.org\/{rel}","templated":true}]}}