{"id":13672,"date":"2023-12-10T22:07:48","date_gmt":"2023-12-11T01:07:48","guid":{"rendered":"https:\/\/ismaelcolosi.com.br\/index.php\/2023\/12\/10\/como-usar-o-google-flights-para-conseguir-passagem-aerea-barata\/"},"modified":"2023-12-10T22:07:48","modified_gmt":"2023-12-11T01:07:48","slug":"como-usar-o-google-flights-para-conseguir-passagem-aerea-barata","status":"publish","type":"post","link":"https:\/\/ismaelcolosi.com.br\/index.php\/2023\/12\/10\/como-usar-o-google-flights-para-conseguir-passagem-aerea-barata\/","title":{"rendered":"Como usar o Google Flights para conseguir passagem a\u00e9rea barata"},"content":{"rendered":"<p> <br \/>\n<\/p>\n<div>\n<p>Procurando o melhor momento para comprar <a href=\"https:\/\/www.google.com\/travel\/flights?hl=pt-BR\" target=\"_blank\" rel=\"noopener\">passagem a\u00e9rea mais barata<\/a>, mas n\u00e3o tem tempo para ficar pesquisando na internet? O Google Flights lan\u00e7ou recentemente uma nova funcionalidade que indica o momento certo para comprar o <a href=\"https:\/\/catracalivre.com.br\/viagem-livre\/brasil-deve-ganhar-mais-um-feriado-nacional-em-2024\/\">bilhete a\u00e9reo<\/a>.<\/p>\n<p>Al\u00e9m de indicar o indica o momento ideal para conseguir os melhores descontos, o recurso identifica tend\u00eancias da flutua\u00e7\u00e3o dos pre\u00e7os.<\/p>\n<div id=\"attachment_1969824\" class=\"wp-caption aligncenter\">\n<div class=\"d-flex justify-content-center\" data-attachment-id=\"1969824\">\n<div class=\"position-relative d-inline-block\"><img data-recalc-dims=\"1\" data-portal-copyright=\"iStock\" fetchpriority=\"high\" decoding=\"async\" class=\"wp-image-1969824 size-large\" src=\"https:\/\/i0.wp.com\/catracalivre.com.br\/wp-content\/uploads\/2019\/10\/passageiro-no-aeroporto-embarque-910x607.jpg?resize=910%2C607&#038;ssl=1\" alt=\"Google indica melhor momento para comprar passagens a\u00e9reas\" width=\"910\" height=\"607\" srcset=\"https:\/\/catracalivre.com.br\/wp-content\/uploads\/2019\/10\/passageiro-no-aeroporto-embarque-910x607.jpg 910w, https:\/\/catracalivre.com.br\/wp-content\/uploads\/2019\/10\/passageiro-no-aeroporto-embarque-450x300.jpg 450w, https:\/\/catracalivre.com.br\/wp-content\/uploads\/2019\/10\/passageiro-no-aeroporto-embarque-768x512.jpg 768w\" sizes=\"(max-width: 910px) 100vw, 910px\"\/><\/p>\n<p>Cr\u00e9ditos: iStock<\/p>\n<\/div>\n<\/div>\n<p><span class=\"post-imagem__legenda\">Google indica melhor momento para comprar passagens a\u00e9reas<\/span><\/p>\n<\/div>\n<p>Os novos recursos est\u00e3o dispon\u00edveis em todos os pa\u00edses onde o Google Flights \u00e9 oferecido, inclusive no Brasil.<\/p>\n<p>Tudo isso \u00e9 feito pela pr\u00f3pria busca do Google. Ao digitar o nome de uma cidade ou pa\u00eds na ferramenta, \u00e9 s\u00f3 clicar no bot\u00e3o \u201cMais\u201d e ent\u00e3o em \u201cVoos\u201d, e voc\u00ea ser\u00e1 direcionado para a p\u00e1gina do Google Flights referente ao destino pesquisado.<\/p>\n<h2>As novas funcionalidades do Google Flights<\/h2>\n<p>Com o novo insight sobre o melhor momento para compra, os usu\u00e1rios poder\u00e3o ver informa\u00e7\u00f5es sobre se os pre\u00e7os dos voos da pesquisa est\u00e3o baixos, normais ou altos em compara\u00e7\u00e3o com as m\u00e9dias anteriores para viagens semelhantes.<\/p>\n<div id=\"attachment_2294438\" class=\"wp-caption aligncenter\">\n<div class=\"d-flex justify-content-center\" data-attachment-id=\"2294438\">\n<div class=\"position-relative d-inline-block\"><img data-recalc-dims=\"1\" loading=\"lazy\" data-portal-copyright=\"Divulga\u00e7\u00e3o\" decoding=\"async\" class=\"wp-image-2294438 size-large\" src=\"https:\/\/i0.wp.com\/catracalivre.com.br\/wp-content\/uploads\/2023\/08\/unnamed-1-1-910x905.png?resize=910%2C905&#038;ssl=1\" alt=\"As novas funcionalidades do Google Flights\" width=\"910\" height=\"905\" srcset=\"https:\/\/catracalivre.com.br\/wp-content\/uploads\/2023\/08\/unnamed-1-1-910x905.png 910w, https:\/\/catracalivre.com.br\/wp-content\/uploads\/2023\/08\/unnamed-1-1-450x447.png 450w, https:\/\/catracalivre.com.br\/wp-content\/uploads\/2023\/08\/unnamed-1-1-150x150.png 150w, https:\/\/catracalivre.com.br\/wp-content\/uploads\/2023\/08\/unnamed-1-1-768x763.png 768w\" sizes=\"auto, (max-width: 910px) 100vw, 910px\"\/><\/p>\n<p>Cr\u00e9ditos: Divulga\u00e7\u00e3o<\/p>\n<\/div>\n<\/div>\n<p><span class=\"post-imagem__legenda\">As novas funcionalidades do Google Flights<\/span><\/p>\n<\/div>\n<p>A informa\u00e7\u00e3o est\u00e1 dispon\u00edvel para os voos onde o hist\u00f3rico de pre\u00e7os \u00e9 s\u00f3lido, de modo a indicar o melhor momento de compra com maior precis\u00e3o.<\/p>\n<p>As viagens que s\u00e3o utilizadas para compara\u00e7\u00f5es s\u00e3o com as mesmas dura\u00e7\u00f5es de tempo, origem e destino, \u00e9poca do ano, n\u00famero de escalas, classe e companhia a\u00e9rea.<\/p>\n<div id=\"attachment_2294437\" class=\"wp-caption aligncenter\">\n<div class=\"d-flex justify-content-center\" data-attachment-id=\"2294437\">\n<div class=\"position-relative d-inline-block\"><img data-recalc-dims=\"1\" loading=\"lazy\" data-portal-copyright=\"Divulga\u00e7\u00e3o\" decoding=\"async\" class=\"wp-image-2294437 size-large\" src=\"https:\/\/i0.wp.com\/catracalivre.com.br\/wp-content\/uploads\/2023\/08\/unnamed-1-910x909.png?resize=910%2C909&#038;ssl=1\" alt=\"Novidade ajudar\u00e1 viajantes a economizar na hora de viajar Novidade ajudar\u00e1 viajantes a economizar na hora de viajar\" width=\"910\" height=\"909\" srcset=\"https:\/\/catracalivre.com.br\/wp-content\/uploads\/2023\/08\/unnamed-1-910x909.png 910w, https:\/\/catracalivre.com.br\/wp-content\/uploads\/2023\/08\/unnamed-1-450x449.png 450w, https:\/\/catracalivre.com.br\/wp-content\/uploads\/2023\/08\/unnamed-1-150x150.png 150w, https:\/\/catracalivre.com.br\/wp-content\/uploads\/2023\/08\/unnamed-1-768x767.png 768w\" sizes=\"auto, (max-width: 910px) 100vw, 910px\"\/><\/p>\n<p>Cr\u00e9ditos: Divulga\u00e7\u00e3o<\/p>\n<\/div>\n<\/div>\n<p><span class=\"post-imagem__legenda\">Novidade ajudar\u00e1 viajantes a economizar na hora de viajar Novidade ajudar\u00e1 viajantes a economizar na hora de viajar<\/span><\/p>\n<\/div>\n<h3>Passagens mais baratas<\/h3>\n<p>Para os usu\u00e1rios que desejarem esperar para economizar e buscar por tarifas mais baixas, o recurso de\u00a0rastreamento de pre\u00e7os\u00a0permitir\u00e1 monitorar pre\u00e7os de passagens por per\u00edodos espec\u00edficos ou n\u00e3o, permitindo que os usu\u00e1rios sejam notificados automaticamente caso os pre\u00e7os dos voos procurados caiam significativamente.<\/p>\n<p>No caso do rastreamento de pre\u00e7os para qualquer data, as op\u00e7\u00f5es ser\u00e3o apenas para rotas mais populares e com mais dados sobre voos futuros.<\/p>\n<p>De in\u00edcio, o rastreamento de pre\u00e7os para qualquer data aparecer\u00e1 apenas para pesquisas de op\u00e7\u00f5es para um adulto em classe econ\u00f4mica.<\/p>\n<\/div>\n<p><script>\n\t\t! function(f, b, e, v, n, t, s) {\n\t\t\tif (f.fbq) return;\n\t\t\tn = f.fbq = function() {\n\t\t\t\tn.callMethod ?\n\t\t\t\t\tn.callMethod.apply(n, arguments) : n.queue.push(arguments)\n\t\t\t};\n\t\t\tif (!f._fbq) f._fbq = n;\n\t\t\tn.push = n;\n\t\t\tn.loaded = !0;\n\t\t\tn.version = '2.0';\n\t\t\tn.queue = [];\n\t\t\tt = b.createElement(e);\n\t\t\tt.async = !0;\n\t\t\tt.src = v;\n\t\t\ts = b.getElementsByTagName(e)[0];\n\t\t\ts.parentNode.insertBefore(t, s)\n\t\t}(window, document, 'script',\n\t\t\t'https:\/\/connect.facebook.net\/en_US\/fbevents.js');\n\t\tfbq('init', '338315473262380');\n\t\tfbq('track', 'PageView');\n\t<\/script><br \/>\n<br \/><br \/>\n<br \/><a href=\"https:\/\/catracalivre.com.br\/viagem-livre\/como-usar-o-google-flights-para-conseguir-passagem-aerea-barata\/\">Source link <\/a><\/p>\n<div class='code-block code-block-4' style='margin: 8px auto 8px 0; text-align: left; display: block; clear: both;'>\n\ud83d\udce2 Aviso Legal\n\nO site ismaelcolosi.com.br atua apenas como um canal de divulga\u00e7\u00e3o de oportunidades de emprego e n\u00e3o se responsabiliza pelo processo seletivo, contrata\u00e7\u00e3o ou qualquer outra etapa relacionada \u00e0s vagas publicadas. Todas as informa\u00e7\u00f5es s\u00e3o de responsabilidade dos anunciantes.\n\n\u26a0\ufe0f Aten\u00e7\u00e3o! Nunca pague por promessas de emprego nem compre cursos que garantam contrata\u00e7\u00e3o. Desconfie de qualquer cobran\u00e7a para participar de sele\u00e7\u00f5es.\n\n\n\n<\/div>\n<!-- CONTENT END 1 -->\n","protected":false},"excerpt":{"rendered":"<p>Procurando o melhor momento para comprar passagem a\u00e9rea mais barata, mas n\u00e3o tem tempo para ficar pesquisando na internet? O Google Flights lan\u00e7ou recentemente uma&#8230;<\/p>\n","protected":false},"author":1,"featured_media":13673,"comment_status":"open","ping_status":"open","sticky":false,"template":"","format":"standard","meta":{"_uag_custom_page_level_css":"","advanced_seo_description":"","jetpack_seo_html_title":"","jetpack_seo_noindex":false,"jetpack_post_was_ever_published":false,"_jetpack_newsletter_access":"","_jetpack_dont_email_post_to_subs":false,"_jetpack_newsletter_tier_id":0,"_jetpack_memberships_contains_paywalled_content":false,"_jetpack_memberships_contains_paid_content":false,"footnotes":"","jetpack_publicize_message":"","jetpack_publicize_feature_enabled":true,"jetpack_social_post_already_shared":true,"jetpack_social_options":{"image_generator_settings":{"template":"highway","default_image_id":0,"font":"","enabled":false},"version":2}},"categories":[19],"tags":[],"class_list":["post-13672","post","type-post","status-publish","format-standard","has-post-thumbnail","hentry","category-variedades"],"jetpack_publicize_connections":[],"jetpack_featured_media_url":"https:\/\/i0.wp.com\/ismaelcolosi.com.br\/wp-content\/uploads\/2023\/12\/aeroporto.jpg?fit=1200%2C638&ssl=1","uagb_featured_image_src":{"full":["https:\/\/i0.wp.com\/ismaelcolosi.com.br\/wp-content\/uploads\/2023\/12\/aeroporto.jpg?fit=1200%2C638&ssl=1",1200,638,false],"thumbnail":["https:\/\/i0.wp.com\/ismaelcolosi.com.br\/wp-content\/uploads\/2023\/12\/aeroporto.jpg?resize=150%2C150&ssl=1",150,150,true],"medium":["https:\/\/i0.wp.com\/ismaelcolosi.com.br\/wp-content\/uploads\/2023\/12\/aeroporto.jpg?fit=300%2C160&ssl=1",300,160,true],"medium_large":["https:\/\/i0.wp.com\/ismaelcolosi.com.br\/wp-content\/uploads\/2023\/12\/aeroporto.jpg?fit=768%2C408&ssl=1",768,408,true],"large":["https:\/\/i0.wp.com\/ismaelcolosi.com.br\/wp-content\/uploads\/2023\/12\/aeroporto.jpg?fit=1024%2C544&ssl=1",1024,544,true],"1536x1536":["https:\/\/i0.wp.com\/ismaelcolosi.com.br\/wp-content\/uploads\/2023\/12\/aeroporto.jpg?fit=1200%2C638&ssl=1",1200,638,true],"2048x2048":["https:\/\/i0.wp.com\/ismaelcolosi.com.br\/wp-content\/uploads\/2023\/12\/aeroporto.jpg?fit=1200%2C638&ssl=1",1200,638,true],"really-simple-thumb":["https:\/\/i0.wp.com\/ismaelcolosi.com.br\/wp-content\/uploads\/2023\/12\/aeroporto.jpg?resize=370%2C247&ssl=1",370,247,true]},"uagb_author_info":{"display_name":"ismaelcolosi.com.br","author_link":"https:\/\/ismaelcolosi.com.br\/index.php\/author\/vidareal-online\/"},"uagb_comment_info":0,"uagb_excerpt":"Procurando o melhor momento para comprar passagem a\u00e9rea mais barata, mas n\u00e3o tem tempo para ficar pesquisando na internet? O Google Flights lan\u00e7ou recentemente uma...","jetpack-related-posts":[{"id":58005,"url":"https:\/\/ismaelcolosi.com.br\/index.php\/2024\/07\/26\/interior-de-sp-tem-novo-alerta-laranja-de-perigo-veja-as-regioes-afetadas\/","url_meta":{"origin":13672,"position":0},"title":"Interior de SP tem novo alerta laranja de perigo; Veja as regi\u00f5es afetadas","author":"ismaelcolosi.com.br","date":"26 de July de 2024","format":false,"excerpt":"O Inmet (Instituto Nacional de Meteorologia) emitiu um novo alerta de perigo para a baixa umidade do ar em parte do interior de S\u00e3o Paulo. O aviso tem validade entre 12h e 17h desta sexta-feira (26), e inclui Ribeir\u00e3o Preto e cidades da regi\u00e3o. O alerta \u00e9 na cor laranja\u2026","rel":"","context":"In &quot;Not\u00edcias de Ribeir\u00e3o Preto-SP e Regi\u00e3o&quot;","block_context":{"text":"Not\u00edcias de Ribeir\u00e3o Preto-SP e Regi\u00e3o","link":"https:\/\/ismaelcolosi.com.br\/index.php\/category\/noticias-de-ribeirao-preto-sp-e-regiao-ismael-colosi\/"},"img":{"alt_text":"","src":"https:\/\/i0.wp.com\/ismaelcolosi.com.br\/wp-content\/uploads\/2024\/07\/20230711_174150-scaled.jpg?fit=1200%2C540&ssl=1&resize=350%2C200","width":350,"height":200,"srcset":"https:\/\/i0.wp.com\/ismaelcolosi.com.br\/wp-content\/uploads\/2024\/07\/20230711_174150-scaled.jpg?fit=1200%2C540&ssl=1&resize=350%2C200 1x, https:\/\/i0.wp.com\/ismaelcolosi.com.br\/wp-content\/uploads\/2024\/07\/20230711_174150-scaled.jpg?fit=1200%2C540&ssl=1&resize=525%2C300 1.5x, https:\/\/i0.wp.com\/ismaelcolosi.com.br\/wp-content\/uploads\/2024\/07\/20230711_174150-scaled.jpg?fit=1200%2C540&ssl=1&resize=700%2C400 2x, https:\/\/i0.wp.com\/ismaelcolosi.com.br\/wp-content\/uploads\/2024\/07\/20230711_174150-scaled.jpg?fit=1200%2C540&ssl=1&resize=1050%2C600 3x"},"classes":[]},{"id":8438,"url":"https:\/\/ismaelcolosi.com.br\/index.php\/2023\/11\/30\/comissao-aprova-lei-que-preve-passagem-aerea-gratis-para-pcds\/","url_meta":{"origin":13672,"position":1},"title":"Comiss\u00e3o aprova lei que prev\u00ea passagem a\u00e9rea gr\u00e1tis para PCDs","author":"ismaelcolosi.com.br","date":"30 de November de 2023","format":false,"excerpt":"A Comiss\u00e3o de Assuntos Econ\u00f4micos (CAE) do Senado aprovou o projeto de lei (PL) que prev\u00ea passagem a\u00e9rea gratuita para pessoas de baixa renda com defici\u00eancia. De autoria da senadora Mara Gabrilli (PSD-SP), o texto segue agora para aprova\u00e7\u00e3o da C\u00e2mara dos Deputados. Cr\u00e9ditos: Tomaz Silva\/Ag\u00eancia BrasilComiss\u00e3o aprova lei que\u2026","rel":"","context":"In &quot;Variedades&quot;","block_context":{"text":"Variedades","link":"https:\/\/ismaelcolosi.com.br\/index.php\/category\/variedades\/"},"img":{"alt_text":"","src":"https:\/\/i0.wp.com\/ismaelcolosi.com.br\/wp-content\/uploads\/2023\/11\/passagens-aereas-em-queda.jpg?fit=1200%2C638&ssl=1&resize=350%2C200","width":350,"height":200,"srcset":"https:\/\/i0.wp.com\/ismaelcolosi.com.br\/wp-content\/uploads\/2023\/11\/passagens-aereas-em-queda.jpg?fit=1200%2C638&ssl=1&resize=350%2C200 1x, https:\/\/i0.wp.com\/ismaelcolosi.com.br\/wp-content\/uploads\/2023\/11\/passagens-aereas-em-queda.jpg?fit=1200%2C638&ssl=1&resize=525%2C300 1.5x, https:\/\/i0.wp.com\/ismaelcolosi.com.br\/wp-content\/uploads\/2023\/11\/passagens-aereas-em-queda.jpg?fit=1200%2C638&ssl=1&resize=700%2C400 2x, https:\/\/i0.wp.com\/ismaelcolosi.com.br\/wp-content\/uploads\/2023\/11\/passagens-aereas-em-queda.jpg?fit=1200%2C638&ssl=1&resize=1050%2C600 3x"},"classes":[]},{"id":57939,"url":"https:\/\/ismaelcolosi.com.br\/index.php\/2024\/07\/25\/jovem-da-regiao-de-ribeirao-preto-morre-apos-onibus-cair-de-ribanceira\/","url_meta":{"origin":13672,"position":2},"title":"Jovem da regi\u00e3o de Ribeir\u00e3o Preto morre ap\u00f3s \u00f4nibus cair de ribanceira","author":"ismaelcolosi.com.br","date":"25 de July de 2024","format":false,"excerpt":"Um trabalhador rural de Igarapava, na regi\u00e3o de Ribeir\u00e3o Preto, morreu na manh\u00e3 desta quinta-feira (25), ap\u00f3s o \u00f4nibus em que ele estava cair de uma ribanceira em Arax\u00e1, no interior de Minas Gerais. A v\u00edtima de apenas 18 anos estava no ve\u00edculo que caiu de uma altura de 15\u2026","rel":"","context":"In &quot;Not\u00edcias de Ribeir\u00e3o Preto-SP e Regi\u00e3o&quot;","block_context":{"text":"Not\u00edcias de Ribeir\u00e3o Preto-SP e Regi\u00e3o","link":"https:\/\/ismaelcolosi.com.br\/index.php\/category\/noticias-de-ribeirao-preto-sp-e-regiao-ismael-colosi\/"},"img":{"alt_text":"","src":"https:\/\/i0.wp.com\/ismaelcolosi.com.br\/wp-content\/uploads\/2024\/07\/onibus-ribanceira_2024-07-25_19-18-16_jpg_2024-07-25_19-18-16.webp.webp?fit=923%2C676&ssl=1&resize=350%2C200","width":350,"height":200,"srcset":"https:\/\/i0.wp.com\/ismaelcolosi.com.br\/wp-content\/uploads\/2024\/07\/onibus-ribanceira_2024-07-25_19-18-16_jpg_2024-07-25_19-18-16.webp.webp?fit=923%2C676&ssl=1&resize=350%2C200 1x, https:\/\/i0.wp.com\/ismaelcolosi.com.br\/wp-content\/uploads\/2024\/07\/onibus-ribanceira_2024-07-25_19-18-16_jpg_2024-07-25_19-18-16.webp.webp?fit=923%2C676&ssl=1&resize=525%2C300 1.5x, https:\/\/i0.wp.com\/ismaelcolosi.com.br\/wp-content\/uploads\/2024\/07\/onibus-ribanceira_2024-07-25_19-18-16_jpg_2024-07-25_19-18-16.webp.webp?fit=923%2C676&ssl=1&resize=700%2C400 2x"},"classes":[]},{"id":6049,"url":"https:\/\/ismaelcolosi.com.br\/index.php\/2023\/11\/24\/criancas-viajam-de-graca-em-pacotes-promocionais-da-cvc-confira\/","url_meta":{"origin":13672,"position":3},"title":"Crian\u00e7as viajam de gra\u00e7a em pacotes promocionais da CVC; confira","author":"ismaelcolosi.com.br","date":"24 de November de 2023","format":false,"excerpt":"A CVC lan\u00e7ou uma promo\u00e7\u00e3o imperd\u00edvel de pacotes de viagem voltados a fam\u00edlias com filhos durante a Black Friday. Crian\u00e7as de at\u00e9 12 anos viajam de gra\u00e7a com a operadora, ou seja, al\u00e9m da cortesia na hospedagem, em resorts all inclusive pelo Brasil, os pequenos viajantes tamb\u00e9m n\u00e3o pagam passagem\u2026","rel":"","context":"In &quot;Variedades&quot;","block_context":{"text":"Variedades","link":"https:\/\/ismaelcolosi.com.br\/index.php\/category\/variedades\/"},"img":{"alt_text":"","src":"https:\/\/i0.wp.com\/ismaelcolosi.com.br\/wp-content\/uploads\/2023\/11\/maragogi-alagoas.jpg?fit=1200%2C638&ssl=1&resize=350%2C200","width":350,"height":200,"srcset":"https:\/\/i0.wp.com\/ismaelcolosi.com.br\/wp-content\/uploads\/2023\/11\/maragogi-alagoas.jpg?fit=1200%2C638&ssl=1&resize=350%2C200 1x, https:\/\/i0.wp.com\/ismaelcolosi.com.br\/wp-content\/uploads\/2023\/11\/maragogi-alagoas.jpg?fit=1200%2C638&ssl=1&resize=525%2C300 1.5x, https:\/\/i0.wp.com\/ismaelcolosi.com.br\/wp-content\/uploads\/2023\/11\/maragogi-alagoas.jpg?fit=1200%2C638&ssl=1&resize=700%2C400 2x, https:\/\/i0.wp.com\/ismaelcolosi.com.br\/wp-content\/uploads\/2023\/11\/maragogi-alagoas.jpg?fit=1200%2C638&ssl=1&resize=1050%2C600 3x"},"classes":[]},{"id":58912,"url":"https:\/\/ismaelcolosi.com.br\/index.php\/2024\/08\/04\/os-melhores-paises-para-viver-durante-a-aposentadoria-em-2024\/","url_meta":{"origin":13672,"position":4},"title":"Os melhores pa\u00edses para viver durante a aposentadoria em 2024","author":"ismaelcolosi.com.br","date":"4 de August de 2024","format":false,"excerpt":"\u00a0 Acessibilidade L L A- A+ \u25d0 \u00a0 Se voc\u00ea est\u00e1 procurando custos mais baixos, paisagens atraentes, uma mudan\u00e7a no estilo de vida, na cultura ou uma sa\u00edda pol\u00edtica, mudar para outro pa\u00eds para aproveitar a sua aposentadoria pode ser a resposta. Sem precisar se preocupar com o mercado de\u2026","rel":"","context":"In &quot;Carreira e Sucesso&quot;","block_context":{"text":"Carreira e Sucesso","link":"https:\/\/ismaelcolosi.com.br\/index.php\/category\/carreira-e-sucesso-dicas-para-carreira\/"},"img":{"alt_text":"","src":"https:\/\/i0.wp.com\/ismaelcolosi.com.br\/wp-content\/uploads\/2024\/08\/paphos-chipre-1024x683.jpg?fit=1024%2C683&ssl=1&resize=350%2C200","width":350,"height":200,"srcset":"https:\/\/i0.wp.com\/ismaelcolosi.com.br\/wp-content\/uploads\/2024\/08\/paphos-chipre-1024x683.jpg?fit=1024%2C683&ssl=1&resize=350%2C200 1x, https:\/\/i0.wp.com\/ismaelcolosi.com.br\/wp-content\/uploads\/2024\/08\/paphos-chipre-1024x683.jpg?fit=1024%2C683&ssl=1&resize=525%2C300 1.5x, https:\/\/i0.wp.com\/ismaelcolosi.com.br\/wp-content\/uploads\/2024\/08\/paphos-chipre-1024x683.jpg?fit=1024%2C683&ssl=1&resize=700%2C400 2x"},"classes":[]},{"id":57931,"url":"https:\/\/ismaelcolosi.com.br\/index.php\/2024\/07\/25\/ainda-tem-quermesse-veja-tres-opcoes-de-festa-em-ribeirao-preto\/","url_meta":{"origin":13672,"position":5},"title":"Ainda tem quermesse: Veja tr\u00eas op\u00e7\u00f5es de festa em Ribeir\u00e3o Preto","author":"ismaelcolosi.com.br","date":"25 de July de 2024","format":false,"excerpt":"O m\u00eas de julho est\u00e1 acabando, mas ainda tem quermesses em Ribeir\u00e3o Preto. Lanche de pernil, por\u00e7\u00f5es de batata e polenta, cachorro quente, caldos, doces e bebidas est\u00e3o entre as op\u00e7\u00f5es em tr\u00eas festas no pr\u00f3ximo final de semana. Confira: Quermesse da Par\u00f3quia Nossa Senhora dos CanaviaisRua Ant\u00f4nio Augusto de\u2026","rel":"","context":"In &quot;Not\u00edcias de Ribeir\u00e3o Preto-SP e Regi\u00e3o&quot;","block_context":{"text":"Not\u00edcias de Ribeir\u00e3o Preto-SP e Regi\u00e3o","link":"https:\/\/ismaelcolosi.com.br\/index.php\/category\/noticias-de-ribeirao-preto-sp-e-regiao-ismael-colosi\/"},"img":{"alt_text":"","src":"https:\/\/i0.wp.com\/ismaelcolosi.com.br\/wp-content\/uploads\/2024\/07\/quermesse_2024-07-25_18-26-10_jpeg_2024-07-25_18-26-10.webp.webp?fit=1080%2C920&ssl=1&resize=350%2C200","width":350,"height":200,"srcset":"https:\/\/i0.wp.com\/ismaelcolosi.com.br\/wp-content\/uploads\/2024\/07\/quermesse_2024-07-25_18-26-10_jpeg_2024-07-25_18-26-10.webp.webp?fit=1080%2C920&ssl=1&resize=350%2C200 1x, https:\/\/i0.wp.com\/ismaelcolosi.com.br\/wp-content\/uploads\/2024\/07\/quermesse_2024-07-25_18-26-10_jpeg_2024-07-25_18-26-10.webp.webp?fit=1080%2C920&ssl=1&resize=525%2C300 1.5x, https:\/\/i0.wp.com\/ismaelcolosi.com.br\/wp-content\/uploads\/2024\/07\/quermesse_2024-07-25_18-26-10_jpeg_2024-07-25_18-26-10.webp.webp?fit=1080%2C920&ssl=1&resize=700%2C400 2x, https:\/\/i0.wp.com\/ismaelcolosi.com.br\/wp-content\/uploads\/2024\/07\/quermesse_2024-07-25_18-26-10_jpeg_2024-07-25_18-26-10.webp.webp?fit=1080%2C920&ssl=1&resize=1050%2C600 3x"},"classes":[]}],"jetpack_sharing_enabled":true,"jetpack_shortlink":"https:\/\/wp.me\/pfMlyK-3yw","_links":{"self":[{"href":"https:\/\/ismaelcolosi.com.br\/index.php\/wp-json\/wp\/v2\/posts\/13672","targetHints":{"allow":["GET"]}}],"collection":[{"href":"https:\/\/ismaelcolosi.com.br\/index.php\/wp-json\/wp\/v2\/posts"}],"about":[{"href":"https:\/\/ismaelcolosi.com.br\/index.php\/wp-json\/wp\/v2\/types\/post"}],"author":[{"embeddable":true,"href":"https:\/\/ismaelcolosi.com.br\/index.php\/wp-json\/wp\/v2\/users\/1"}],"replies":[{"embeddable":true,"href":"https:\/\/ismaelcolosi.com.br\/index.php\/wp-json\/wp\/v2\/comments?post=13672"}],"version-history":[{"count":0,"href":"https:\/\/ismaelcolosi.com.br\/index.php\/wp-json\/wp\/v2\/posts\/13672\/revisions"}],"wp:featuredmedia":[{"embeddable":true,"href":"https:\/\/ismaelcolosi.com.br\/index.php\/wp-json\/wp\/v2\/media\/13673"}],"wp:attachment":[{"href":"https:\/\/ismaelcolosi.com.br\/index.php\/wp-json\/wp\/v2\/media?parent=13672"}],"wp:term":[{"taxonomy":"category","embeddable":true,"href":"https:\/\/ismaelcolosi.com.br\/index.php\/wp-json\/wp\/v2\/categories?post=13672"},{"taxonomy":"post_tag","embeddable":true,"href":"https:\/\/ismaelcolosi.com.br\/index.php\/wp-json\/wp\/v2\/tags?post=13672"}],"curies":[{"name":"wp","href":"https:\/\/api.w.org\/{rel}","templated":true}]}}