{"id":13670,"date":"2023-12-10T21:36:22","date_gmt":"2023-12-11T00:36:22","guid":{"rendered":"https:\/\/ismaelcolosi.com.br\/index.php\/2023\/12\/10\/inss-anuncia-calendario-de-pagamentos-para-dezembro\/"},"modified":"2023-12-10T21:36:22","modified_gmt":"2023-12-11T00:36:22","slug":"inss-anuncia-calendario-de-pagamentos-para-dezembro","status":"publish","type":"post","link":"https:\/\/ismaelcolosi.com.br\/index.php\/2023\/12\/10\/inss-anuncia-calendario-de-pagamentos-para-dezembro\/","title":{"rendered":"INSS anuncia calend\u00e1rio de pagamentos para dezembro"},"content":{"rendered":"<p> <br \/>\n<\/p>\n<div id=\"attachment_2314868\">\n<div class=\"d-flex justify-content-center\" data-attachment-id=\"2314868\">\n<div class=\"position-relative d-inline-block\"><img data-recalc-dims=\"1\" data-portal-copyright=\"iStock\/rmcarvalhobsb\" fetchpriority=\"high\" decoding=\"async\" class=\"size-full wp-image-2314868\" src=\"https:\/\/i0.wp.com\/catracalivre.com.br\/wp-content\/uploads\/2023\/11\/depositphotos-652081292-xl-scaled.jpg?resize=2560%2C1707&#038;ssl=1\" alt=\"Mudan\u00e7as na aposentadoria para 2024\" width=\"2560\" height=\"1707\" srcset=\"https:\/\/catracalivre.com.br\/wp-content\/uploads\/2023\/11\/depositphotos-652081292-xl-scaled.jpg 2560w, https:\/\/catracalivre.com.br\/wp-content\/uploads\/2023\/11\/depositphotos-652081292-xl-450x300.jpg 450w, https:\/\/catracalivre.com.br\/wp-content\/uploads\/2023\/11\/depositphotos-652081292-xl-768x512.jpg 768w\" sizes=\"(max-width: 2560px) 100vw, 2560px\"\/><\/p>\n<p>Cr\u00e9ditos: iStock\/rmcarvalhobsb<\/p>\n<\/div>\n<\/div>\n<p><span class=\"post-imagem__legenda\">Mudan\u00e7as na aposentadoria para 2024<\/span><\/p>\n<\/div>\n<p>O Instituto Nacional do Seguro Social (INSS) acaba de divulgar o aguardado calend\u00e1rio de pagamentos para o m\u00eas de dezembro, trazendo importantes informa\u00e7\u00f5es para os 37 milh\u00f5es de aposentados e pensionistas que ser\u00e3o contemplados. Com o in\u00edcio dos dep\u00f3sitos marcado para o pr\u00f3ximo dia 25, \u00e9 fundamental entender as particularidades desse calend\u00e1rio e as mudan\u00e7as que podem impactar os benefici\u00e1rios a partir do pr\u00f3ximo ano.<\/p>\n<p>As datas de pagamento estabelecidas pelo INSS variam de acordo com o valor do benef\u00edcio, estabelecendo distin\u00e7\u00f5es entre os pagamentos destinados aos benefici\u00e1rios que recebem at\u00e9 um sal\u00e1rio m\u00ednimo e aqueles com renda superior a esse piso nacional.<\/p>\n<p>Para descobrir a data espec\u00edfica de recebimento, \u00e9 necess\u00e1rio atentar-se ao n\u00famero final do cart\u00e3o de benef\u00edcio, desconsiderando o \u00faltimo d\u00edgito verificador ap\u00f3s o tra\u00e7o.<\/p>\n<p>Apesar de os pagamentos seguirem com os mesmos valores em dezembro, uma importante ressalva deve ser considerada pelos benefici\u00e1rios do<a href=\"https:\/\/catracalivre.com.br\/cidadania\/inss-da-a-melhor-noticia-para-quem-espera-concessao-de-beneficio\/\"> INSS.<\/a> A partir do pr\u00f3ximo ano, est\u00e1 previsto um reajuste que impactar\u00e1 diretamente na sa\u00fade financeira dos aposentados e pensionistas. Contudo, os detalhes exatos desse reajuste ainda n\u00e3o foram divulgados, demandando aten\u00e7\u00e3o e acompanhamento por parte dos benefici\u00e1rios.<\/p>\n<p><script>\n\t\t! function(f, b, e, v, n, t, s) {\n\t\t\tif (f.fbq) return;\n\t\t\tn = f.fbq = function() {\n\t\t\t\tn.callMethod ?\n\t\t\t\t\tn.callMethod.apply(n, arguments) : n.queue.push(arguments)\n\t\t\t};\n\t\t\tif (!f._fbq) f._fbq = n;\n\t\t\tn.push = n;\n\t\t\tn.loaded = !0;\n\t\t\tn.version = '2.0';\n\t\t\tn.queue = [];\n\t\t\tt = b.createElement(e);\n\t\t\tt.async = !0;\n\t\t\tt.src = v;\n\t\t\ts = b.getElementsByTagName(e)[0];\n\t\t\ts.parentNode.insertBefore(t, s)\n\t\t}(window, document, 'script',\n\t\t\t'https:\/\/connect.facebook.net\/en_US\/fbevents.js');\n\t\tfbq('init', '338315473262380');\n\t\tfbq('track', 'PageView');\n\t<\/script><br \/>\n<br \/><br \/>\n<br \/><a href=\"https:\/\/catracalivre.com.br\/cidadania\/inss-anuncia-calendario-de-pagamentos-para-dezembro\/\">Source link <\/a><\/p>\n<div class='code-block code-block-4' style='margin: 8px auto 8px 0; text-align: left; display: block; clear: both;'>\n\ud83d\udce2 Aviso Legal\n\nO site ismaelcolosi.com.br atua apenas como um canal de divulga\u00e7\u00e3o de oportunidades de emprego e n\u00e3o se responsabiliza pelo processo seletivo, contrata\u00e7\u00e3o ou qualquer outra etapa relacionada \u00e0s vagas publicadas. Todas as informa\u00e7\u00f5es s\u00e3o de responsabilidade dos anunciantes.\n\n\u26a0\ufe0f Aten\u00e7\u00e3o! Nunca pague por promessas de emprego nem compre cursos que garantam contrata\u00e7\u00e3o. Desconfie de qualquer cobran\u00e7a para participar de sele\u00e7\u00f5es.\n\n\n\n<\/div>\n<!-- CONTENT END 1 -->\n","protected":false},"excerpt":{"rendered":"<p>Cr\u00e9ditos: iStock\/rmcarvalhobsb Mudan\u00e7as na aposentadoria para 2024 O Instituto Nacional do Seguro Social (INSS) acaba de divulgar o aguardado calend\u00e1rio de pagamentos para o m\u00eas&#8230;<\/p>\n","protected":false},"author":1,"featured_media":13671,"comment_status":"open","ping_status":"open","sticky":false,"template":"","format":"standard","meta":{"_uag_custom_page_level_css":"","advanced_seo_description":"","jetpack_seo_html_title":"","jetpack_seo_noindex":false,"jetpack_post_was_ever_published":false,"_jetpack_newsletter_access":"","_jetpack_dont_email_post_to_subs":false,"_jetpack_newsletter_tier_id":0,"_jetpack_memberships_contains_paywalled_content":false,"_jetpack_memberships_contains_paid_content":false,"footnotes":"","jetpack_publicize_message":"","jetpack_publicize_feature_enabled":true,"jetpack_social_post_already_shared":true,"jetpack_social_options":{"image_generator_settings":{"template":"highway","default_image_id":0,"font":"","enabled":false},"version":2}},"categories":[19],"tags":[],"class_list":["post-13670","post","type-post","status-publish","format-standard","has-post-thumbnail","hentry","category-variedades"],"jetpack_publicize_connections":[],"jetpack_featured_media_url":"https:\/\/i0.wp.com\/ismaelcolosi.com.br\/wp-content\/uploads\/2023\/12\/1702254986_depositphotos-366956486-xl-scaled.jpg?fit=1200%2C638&ssl=1","uagb_featured_image_src":{"full":["https:\/\/i0.wp.com\/ismaelcolosi.com.br\/wp-content\/uploads\/2023\/12\/1702254986_depositphotos-366956486-xl-scaled.jpg?fit=1200%2C638&ssl=1",1200,638,false],"thumbnail":["https:\/\/i0.wp.com\/ismaelcolosi.com.br\/wp-content\/uploads\/2023\/12\/1702254986_depositphotos-366956486-xl-scaled.jpg?resize=150%2C150&ssl=1",150,150,true],"medium":["https:\/\/i0.wp.com\/ismaelcolosi.com.br\/wp-content\/uploads\/2023\/12\/1702254986_depositphotos-366956486-xl-scaled.jpg?fit=300%2C160&ssl=1",300,160,true],"medium_large":["https:\/\/i0.wp.com\/ismaelcolosi.com.br\/wp-content\/uploads\/2023\/12\/1702254986_depositphotos-366956486-xl-scaled.jpg?fit=768%2C408&ssl=1",768,408,true],"large":["https:\/\/i0.wp.com\/ismaelcolosi.com.br\/wp-content\/uploads\/2023\/12\/1702254986_depositphotos-366956486-xl-scaled.jpg?fit=1024%2C544&ssl=1",1024,544,true],"1536x1536":["https:\/\/i0.wp.com\/ismaelcolosi.com.br\/wp-content\/uploads\/2023\/12\/1702254986_depositphotos-366956486-xl-scaled.jpg?fit=1200%2C638&ssl=1",1200,638,true],"2048x2048":["https:\/\/i0.wp.com\/ismaelcolosi.com.br\/wp-content\/uploads\/2023\/12\/1702254986_depositphotos-366956486-xl-scaled.jpg?fit=1200%2C638&ssl=1",1200,638,true],"really-simple-thumb":["https:\/\/i0.wp.com\/ismaelcolosi.com.br\/wp-content\/uploads\/2023\/12\/1702254986_depositphotos-366956486-xl-scaled.jpg?resize=370%2C247&ssl=1",370,247,true]},"uagb_author_info":{"display_name":"ismaelcolosi.com.br","author_link":"https:\/\/ismaelcolosi.com.br\/index.php\/author\/vidareal-online\/"},"uagb_comment_info":0,"uagb_excerpt":"Cr\u00e9ditos: iStock\/rmcarvalhobsb Mudan\u00e7as na aposentadoria para 2024 O Instituto Nacional do Seguro Social (INSS) acaba de divulgar o aguardado calend\u00e1rio de pagamentos para o m\u00eas...","jetpack-related-posts":[{"id":10547,"url":"https:\/\/ismaelcolosi.com.br\/index.php\/2023\/12\/04\/novo-calendario-de-pagamentos-do-inss-de-dezembro-acaba-de-chegar\/","url_meta":{"origin":13670,"position":0},"title":"Novo calend\u00e1rio de pagamentos do INSS de dezembro acaba de chegar","author":"ismaelcolosi.com.br","date":"4 de December de 2023","format":false,"excerpt":"O Instituto Nacional do Seguro Social (INSS) disponibilizou o calend\u00e1rio referente ao pagamento de benef\u00edcios para dezembro e agora todos os aposentados e pensionistas podem saber a data de pagamento do seu benef\u00edcio. Cr\u00e9ditos: Rmcarvalho\/iStockNovo calend\u00e1rio de pagamentos do INSS de dezembro acaba de chegar O pagamento em dezembro seguira\u2026","rel":"","context":"In &quot;Variedades&quot;","block_context":{"text":"Variedades","link":"https:\/\/ismaelcolosi.com.br\/index.php\/category\/variedades\/"},"img":{"alt_text":"","src":"https:\/\/i0.wp.com\/ismaelcolosi.com.br\/wp-content\/uploads\/2023\/12\/istock-1329610719.jpg?fit=1200%2C638&ssl=1&resize=350%2C200","width":350,"height":200,"srcset":"https:\/\/i0.wp.com\/ismaelcolosi.com.br\/wp-content\/uploads\/2023\/12\/istock-1329610719.jpg?fit=1200%2C638&ssl=1&resize=350%2C200 1x, https:\/\/i0.wp.com\/ismaelcolosi.com.br\/wp-content\/uploads\/2023\/12\/istock-1329610719.jpg?fit=1200%2C638&ssl=1&resize=525%2C300 1.5x, https:\/\/i0.wp.com\/ismaelcolosi.com.br\/wp-content\/uploads\/2023\/12\/istock-1329610719.jpg?fit=1200%2C638&ssl=1&resize=700%2C400 2x, https:\/\/i0.wp.com\/ismaelcolosi.com.br\/wp-content\/uploads\/2023\/12\/istock-1329610719.jpg?fit=1200%2C638&ssl=1&resize=1050%2C600 3x"},"classes":[]},{"id":8180,"url":"https:\/\/ismaelcolosi.com.br\/index.php\/2023\/11\/29\/veja-o-calendario-inss-para-pagamentos-da-aposentadoria-em-dezembro\/","url_meta":{"origin":13670,"position":1},"title":"Veja o calend\u00e1rio INSS para pagamentos da aposentadoria em dezembro","author":"ismaelcolosi.com.br","date":"29 de November de 2023","format":false,"excerpt":"Cr\u00e9ditos: Depositphotos\/rafapressVeja o calend\u00e1rio INSS para os pagamentos da aposentadoria O Instituto Nacional do Seguro Social (INSS) disponibilizou o calend\u00e1rio referente ao pagamento de benef\u00edcios para dezembro. Seguindo o cronograma, os dep\u00f3sitos est\u00e3o previstos para come\u00e7ar no dia 25 do pr\u00f3ximo m\u00eas. A informa\u00e7\u00e3o foi divulgada pelo Minist\u00e9rio da Previd\u00eancia\u2026","rel":"","context":"In &quot;Variedades&quot;","block_context":{"text":"Variedades","link":"https:\/\/ismaelcolosi.com.br\/index.php\/category\/variedades\/"},"img":{"alt_text":"","src":"https:\/\/i0.wp.com\/ismaelcolosi.com.br\/wp-content\/uploads\/2023\/11\/depositphotos-366956486-xl-scaled.jpg?fit=1200%2C638&ssl=1&resize=350%2C200","width":350,"height":200,"srcset":"https:\/\/i0.wp.com\/ismaelcolosi.com.br\/wp-content\/uploads\/2023\/11\/depositphotos-366956486-xl-scaled.jpg?fit=1200%2C638&ssl=1&resize=350%2C200 1x, https:\/\/i0.wp.com\/ismaelcolosi.com.br\/wp-content\/uploads\/2023\/11\/depositphotos-366956486-xl-scaled.jpg?fit=1200%2C638&ssl=1&resize=525%2C300 1.5x, https:\/\/i0.wp.com\/ismaelcolosi.com.br\/wp-content\/uploads\/2023\/11\/depositphotos-366956486-xl-scaled.jpg?fit=1200%2C638&ssl=1&resize=700%2C400 2x, https:\/\/i0.wp.com\/ismaelcolosi.com.br\/wp-content\/uploads\/2023\/11\/depositphotos-366956486-xl-scaled.jpg?fit=1200%2C638&ssl=1&resize=1050%2C600 3x"},"classes":[]},{"id":6587,"url":"https:\/\/ismaelcolosi.com.br\/index.php\/2023\/11\/26\/confira-o-calendario-de-pagamentos-do-inss\/","url_meta":{"origin":13670,"position":2},"title":"Confira o calend\u00e1rio de pagamentos do INSS","author":"ismaelcolosi.com.br","date":"26 de November de 2023","format":false,"excerpt":"Cr\u00e9ditos: Ag\u00eancia BrasilEXCELENTE not\u00edcia sobre as longas filas do INSS acaba de chegar \u00c0 medida que novembro se desenrola, a expectativa cresce para a nova rodada de pagamentos do INSS, beneficiando aposentados e pensionistas em todo o pa\u00eds. Com o intuito de fornecer clareza e transpar\u00eancia, as regras e datas\u2026","rel":"","context":"In &quot;Variedades&quot;","block_context":{"text":"Variedades","link":"https:\/\/ismaelcolosi.com.br\/index.php\/category\/variedades\/"},"img":{"alt_text":"","src":"https:\/\/i0.wp.com\/ismaelcolosi.com.br\/wp-content\/uploads\/2023\/11\/1701002512_a-melhor-noticia-para-quem-aguarda-uma-pericia-no-inss-acaba-de-chegar.jpg?fit=1200%2C638&ssl=1&resize=350%2C200","width":350,"height":200,"srcset":"https:\/\/i0.wp.com\/ismaelcolosi.com.br\/wp-content\/uploads\/2023\/11\/1701002512_a-melhor-noticia-para-quem-aguarda-uma-pericia-no-inss-acaba-de-chegar.jpg?fit=1200%2C638&ssl=1&resize=350%2C200 1x, https:\/\/i0.wp.com\/ismaelcolosi.com.br\/wp-content\/uploads\/2023\/11\/1701002512_a-melhor-noticia-para-quem-aguarda-uma-pericia-no-inss-acaba-de-chegar.jpg?fit=1200%2C638&ssl=1&resize=525%2C300 1.5x, https:\/\/i0.wp.com\/ismaelcolosi.com.br\/wp-content\/uploads\/2023\/11\/1701002512_a-melhor-noticia-para-quem-aguarda-uma-pericia-no-inss-acaba-de-chegar.jpg?fit=1200%2C638&ssl=1&resize=700%2C400 2x, https:\/\/i0.wp.com\/ismaelcolosi.com.br\/wp-content\/uploads\/2023\/11\/1701002512_a-melhor-noticia-para-quem-aguarda-uma-pericia-no-inss-acaba-de-chegar.jpg?fit=1200%2C638&ssl=1&resize=1050%2C600 3x"},"classes":[]},{"id":12243,"url":"https:\/\/ismaelcolosi.com.br\/index.php\/2023\/12\/07\/inss-inicia-pagamentos-de-dezembro-confira-as-datas\/","url_meta":{"origin":13670,"position":3},"title":"INSS inicia pagamentos de dezembro; confira as datas!","author":"ismaelcolosi.com.br","date":"7 de December de 2023","format":false,"excerpt":"O Instituto Nacional do Seguro Social (INSS) disponibilizou o calend\u00e1rio referente ao pagamento de benef\u00edcios para dezembro e agora todos os aposentados e pensionistas podem saber a data de pagamento do seu benef\u00edcio. Cr\u00e9ditos: Marcelo Casal Jr.\/ Ag. BrasilINSS inicia pagamentos de Dezembro; confira as datas! O pagamento em dezembro\u2026","rel":"","context":"In &quot;Variedades&quot;","block_context":{"text":"Variedades","link":"https:\/\/ismaelcolosi.com.br\/index.php\/category\/variedades\/"},"img":{"alt_text":"","src":"https:\/\/i0.wp.com\/ismaelcolosi.com.br\/wp-content\/uploads\/2023\/12\/1701982245_inss-7600vagas.jpg?fit=1200%2C638&ssl=1&resize=350%2C200","width":350,"height":200,"srcset":"https:\/\/i0.wp.com\/ismaelcolosi.com.br\/wp-content\/uploads\/2023\/12\/1701982245_inss-7600vagas.jpg?fit=1200%2C638&ssl=1&resize=350%2C200 1x, https:\/\/i0.wp.com\/ismaelcolosi.com.br\/wp-content\/uploads\/2023\/12\/1701982245_inss-7600vagas.jpg?fit=1200%2C638&ssl=1&resize=525%2C300 1.5x, https:\/\/i0.wp.com\/ismaelcolosi.com.br\/wp-content\/uploads\/2023\/12\/1701982245_inss-7600vagas.jpg?fit=1200%2C638&ssl=1&resize=700%2C400 2x, https:\/\/i0.wp.com\/ismaelcolosi.com.br\/wp-content\/uploads\/2023\/12\/1701982245_inss-7600vagas.jpg?fit=1200%2C638&ssl=1&resize=1050%2C600 3x"},"classes":[]},{"id":12873,"url":"https:\/\/ismaelcolosi.com.br\/index.php\/2023\/12\/08\/confira-o-calendario-de-pagamentos-de-2024\/","url_meta":{"origin":13670,"position":4},"title":"Confira o calend\u00e1rio de pagamentos de 2024","author":"ismaelcolosi.com.br","date":"8 de December de 2023","format":false,"excerpt":"Aposentados e pensionistas do Instituto Nacional do Seguro Social (INSS) j\u00e1 podem conferir a data em que receber\u00e3o o pagamento de seus benef\u00edcios durante o ano de 2024. Cr\u00e9ditos: Depositphotos\/rafapressINSS: Confira o calend\u00e1rio de pagamentos de 2024 O calend\u00e1rio leva em conta o n\u00famero final do cart\u00e3o de benef\u00edcio, sem\u2026","rel":"","context":"In &quot;Variedades&quot;","block_context":{"text":"Variedades","link":"https:\/\/ismaelcolosi.com.br\/index.php\/category\/variedades\/"},"img":{"alt_text":"","src":"https:\/\/i0.wp.com\/ismaelcolosi.com.br\/wp-content\/uploads\/2023\/12\/1702070311_depositphotos-366956486-xl-scaled.jpg?fit=1200%2C638&ssl=1&resize=350%2C200","width":350,"height":200,"srcset":"https:\/\/i0.wp.com\/ismaelcolosi.com.br\/wp-content\/uploads\/2023\/12\/1702070311_depositphotos-366956486-xl-scaled.jpg?fit=1200%2C638&ssl=1&resize=350%2C200 1x, https:\/\/i0.wp.com\/ismaelcolosi.com.br\/wp-content\/uploads\/2023\/12\/1702070311_depositphotos-366956486-xl-scaled.jpg?fit=1200%2C638&ssl=1&resize=525%2C300 1.5x, https:\/\/i0.wp.com\/ismaelcolosi.com.br\/wp-content\/uploads\/2023\/12\/1702070311_depositphotos-366956486-xl-scaled.jpg?fit=1200%2C638&ssl=1&resize=700%2C400 2x, https:\/\/i0.wp.com\/ismaelcolosi.com.br\/wp-content\/uploads\/2023\/12\/1702070311_depositphotos-366956486-xl-scaled.jpg?fit=1200%2C638&ssl=1&resize=1050%2C600 3x"},"classes":[]},{"id":18990,"url":"https:\/\/ismaelcolosi.com.br\/index.php\/2023\/12\/21\/novo-calendario-de-pagamentos-do-inss-acaba-de-chegar\/","url_meta":{"origin":13670,"position":5},"title":"Novo calend\u00e1rio de pagamentos do INSS ACABA DE CHEGAR","author":"ismaelcolosi.com.br","date":"21 de December de 2023","format":false,"excerpt":"Aposentados e pensionistas do Instituto Nacional do Seguro Social (INSS) j\u00e1 podem conferir a data em que receber\u00e3o o pagamento de seus benef\u00edcios durante o ano de 2024. Cr\u00e9ditos: Reprodu\u00e7\u00e3o\/Gov.brNovo calend\u00e1rio de pagamentos do INSS ACABA DE CHEGAR O calend\u00e1rio leva em conta o\u00a0n\u00famero final do cart\u00e3o de benef\u00edcio, sem\u2026","rel":"","context":"In &quot;Variedades&quot;","block_context":{"text":"Variedades","link":"https:\/\/ismaelcolosi.com.br\/index.php\/category\/variedades\/"},"img":{"alt_text":"","src":"https:\/\/i0.wp.com\/ismaelcolosi.com.br\/wp-content\/uploads\/2023\/12\/1703177594_a-melhor-noticia-para-aposentados-do-inss-acaba-de-chegar-1.jpeg?fit=1200%2C638&ssl=1&resize=350%2C200","width":350,"height":200,"srcset":"https:\/\/i0.wp.com\/ismaelcolosi.com.br\/wp-content\/uploads\/2023\/12\/1703177594_a-melhor-noticia-para-aposentados-do-inss-acaba-de-chegar-1.jpeg?fit=1200%2C638&ssl=1&resize=350%2C200 1x, https:\/\/i0.wp.com\/ismaelcolosi.com.br\/wp-content\/uploads\/2023\/12\/1703177594_a-melhor-noticia-para-aposentados-do-inss-acaba-de-chegar-1.jpeg?fit=1200%2C638&ssl=1&resize=525%2C300 1.5x, https:\/\/i0.wp.com\/ismaelcolosi.com.br\/wp-content\/uploads\/2023\/12\/1703177594_a-melhor-noticia-para-aposentados-do-inss-acaba-de-chegar-1.jpeg?fit=1200%2C638&ssl=1&resize=700%2C400 2x, https:\/\/i0.wp.com\/ismaelcolosi.com.br\/wp-content\/uploads\/2023\/12\/1703177594_a-melhor-noticia-para-aposentados-do-inss-acaba-de-chegar-1.jpeg?fit=1200%2C638&ssl=1&resize=1050%2C600 3x"},"classes":[]}],"jetpack_sharing_enabled":true,"jetpack_shortlink":"https:\/\/wp.me\/pfMlyK-3yu","_links":{"self":[{"href":"https:\/\/ismaelcolosi.com.br\/index.php\/wp-json\/wp\/v2\/posts\/13670","targetHints":{"allow":["GET"]}}],"collection":[{"href":"https:\/\/ismaelcolosi.com.br\/index.php\/wp-json\/wp\/v2\/posts"}],"about":[{"href":"https:\/\/ismaelcolosi.com.br\/index.php\/wp-json\/wp\/v2\/types\/post"}],"author":[{"embeddable":true,"href":"https:\/\/ismaelcolosi.com.br\/index.php\/wp-json\/wp\/v2\/users\/1"}],"replies":[{"embeddable":true,"href":"https:\/\/ismaelcolosi.com.br\/index.php\/wp-json\/wp\/v2\/comments?post=13670"}],"version-history":[{"count":0,"href":"https:\/\/ismaelcolosi.com.br\/index.php\/wp-json\/wp\/v2\/posts\/13670\/revisions"}],"wp:featuredmedia":[{"embeddable":true,"href":"https:\/\/ismaelcolosi.com.br\/index.php\/wp-json\/wp\/v2\/media\/13671"}],"wp:attachment":[{"href":"https:\/\/ismaelcolosi.com.br\/index.php\/wp-json\/wp\/v2\/media?parent=13670"}],"wp:term":[{"taxonomy":"category","embeddable":true,"href":"https:\/\/ismaelcolosi.com.br\/index.php\/wp-json\/wp\/v2\/categories?post=13670"},{"taxonomy":"post_tag","embeddable":true,"href":"https:\/\/ismaelcolosi.com.br\/index.php\/wp-json\/wp\/v2\/tags?post=13670"}],"curies":[{"name":"wp","href":"https:\/\/api.w.org\/{rel}","templated":true}]}}