{"id":1366,"date":"2023-11-12T09:22:20","date_gmt":"2023-11-12T12:22:20","guid":{"rendered":"https:\/\/ismaelcolosi.com.br\/index.php\/2023\/11\/12\/prefeitura-de-ribeirao-preto-quer-concessao-para-os-pontos-de-onibus-entenda\/"},"modified":"2023-11-12T09:22:20","modified_gmt":"2023-11-12T12:22:20","slug":"prefeitura-de-ribeirao-preto-quer-concessao-para-os-pontos-de-onibus-entenda","status":"publish","type":"post","link":"https:\/\/ismaelcolosi.com.br\/index.php\/2023\/11\/12\/prefeitura-de-ribeirao-preto-quer-concessao-para-os-pontos-de-onibus-entenda\/","title":{"rendered":"Prefeitura de Ribeir\u00e3o Preto quer concess\u00e3o para os pontos de \u00f4nibus; Entenda"},"content":{"rendered":"<p> <br \/>\n<\/p>\n<div>\n<p><strong>A <a href=\"https:\/\/www.ribeiraopreto.sp.gov.br\/\" target=\"_blank\" rel=\"noreferrer noopener nofollow\">Prefeitura de Ribeir\u00e3o Pret<\/a>o estuda, por meio da RP Mobi, a concess\u00e3o dos pontos de \u00f4nibus na cidade. A informa\u00e7\u00e3o consta em relat\u00f3rio da consultoria contratada pelo Executivo para avaliar os impactos econ\u00f4mico-financeiros do transporte coletivo.<\/strong><\/p>\n<p>Segundo o documento obtido pela coluna, a responsabilidade pela manuten\u00e7\u00e3o e limpeza dos pontos de \u00f4nibus ficaria a cargo de uma nova empresa da iniciativa privada.<\/p>\n<p>Contudo, o estudo apontou que, pelo menos, at\u00e9 dezembro de 2024, os servi\u00e7os devem continuar a ser realizados pelo cons\u00f3rcio Pr\u00f3Urbano, respons\u00e1vel pelo transporte coletivo na cidade.<\/p>\n<h4 class=\"wp-block-heading\"><strong>Mal conservados<\/strong><\/h4>\n<p>O documento aponta que parte dos abrigos e marcos de identifica\u00e7\u00e3o das paradas est\u00e3o em mal estado de conserva\u00e7\u00e3o, necessitando de manuten\u00e7\u00e3o corretiva, incluindo a limpeza. O documento refor\u00e7a que tamb\u00e9m se encontram nesta situa\u00e7\u00e3o os abrigos dos corredores de \u00f4nibus, rec\u00e9m-inaugurados.<\/p>\n<h4 class=\"wp-block-heading\"><strong>N\u00fameros<\/strong><\/h4>\n<p>Atualmente, <mark style=\"background-color:#fcb900\" class=\"has-inline-color has-black-color\">Ribeir\u00e3o Preto conta com 3.342 pontos de parada<\/mark>, sendo 1.125 possuem abrigos e 2.117 conta com postes de identifica\u00e7\u00e3o.<\/p>\n<p>A estimativa dos custos de manuten\u00e7\u00e3o dos abrigos \u00e9 de R$ 3,5 milh\u00f5es, j\u00e1 que s\u00e3o considerados a retirada do mobili\u00e1rio danificado, instala\u00e7\u00e3o dos abrigos, substitui\u00e7\u00e3o da cobertura, da coluna e dos bancos, al\u00e9m da pintura.<\/p>\n<p>J\u00e1 dos postes de identifica\u00e7\u00e3o dos pontos, \u00e9 de R$ 1,1 milh\u00e3o, e dos postes de madeira de R$ 310 mil. Com isso, <mark style=\"background-color:#fcb900\" class=\"has-inline-color has-black-color\">a manuten\u00e7\u00e3o completa dos pontos de \u00f4nibus custa R$ 4,9 milh\u00f5es.<\/mark><\/p>\n<h4 class=\"wp-block-heading\"><strong>O que diz a Prefeitura?<\/strong><\/h4>\n<p>Por meio de nota, a Prefeitura de Ribeir\u00e3o Preto informou que ainda est\u00e1 levantando os modelos que poderiam ser utilizados na concess\u00e3o, que permitir\u00e1 a explora\u00e7\u00e3o comercial dos pontos de \u00f4nibus.<\/p>\n<h4 class=\"wp-block-heading\"><strong>FIQUE ON<\/strong><\/h4>\n<p>Fique ligado em tudo que acontece em Ribeir\u00e3o Preto e regi\u00e3o. Siga os perfis do <strong>acidade on<\/strong> no <a href=\"https:\/\/www.instagram.com\/acidadeonribeirao\" target=\"_blank\" rel=\"noreferrer noopener nofollow\">Instagram<\/a> e no <a href=\"https:\/\/www.facebook.com\/acidadeonribeirao\" target=\"_blank\" rel=\"noreferrer noopener nofollow\">Facebook.<\/a><\/p>\n<p>Receba not\u00edcias do <strong>acidade on <\/strong>no WhatsApp. <a href=\"https:\/\/chat.whatsapp.com\/Bnv2w66ZT4VDyZW3oiZ69n\" target=\"_blank\" rel=\"noreferrer noopener nofollow\">Para entrar no grupo, basta clicar aqui.<\/a><\/p>\n<p>Fa\u00e7a uma den\u00fancia ou sugira uma reportagem sobre a Ribeir\u00e3o Preto e regi\u00e3o pelo WhatsApp: (16) 99117 7802.<\/p>\n<p>LEIA MAIS<\/p>\n<p><a href=\"https:\/\/www.acidadeon.com\/ribeiraopreto\/politica\/estudo-contratado-pela-prefeitura-de-ribeirao-preve-menos-onibus-nas-ruas-em-2024\/\" target=\"_blank\" rel=\"noreferrer noopener nofollow\">Estudo contratado pela Prefeitura de Ribeir\u00e3o prev\u00ea menos \u00f4nibus nas ruas em 2024<\/a><\/p>\n<p><!-- AI CONTENT END 1 -->\n<\/div>\n<p><script async src=\"\/\/www.instagram.com\/embed.js\"><\/script><br \/>\n<br \/><br \/>\n<br \/><a href=\"https:\/\/www.acidadeon.com\/ribeiraopreto\/politica\/prefeitura-de-ribeirao-preto-quer-concessao-para-os-pontos-de-onibus-entenda\/\">Source link <\/a><\/p>\n<div class='code-block code-block-4' style='margin: 8px auto 8px 0; text-align: left; display: block; clear: both;'>\n\ud83d\udce2 Aviso Legal\n\nO site ismaelcolosi.com.br atua apenas como um canal de divulga\u00e7\u00e3o de oportunidades de emprego e n\u00e3o se responsabiliza pelo processo seletivo, contrata\u00e7\u00e3o ou qualquer outra etapa relacionada \u00e0s vagas publicadas. Todas as informa\u00e7\u00f5es s\u00e3o de responsabilidade dos anunciantes.\n\n\u26a0\ufe0f Aten\u00e7\u00e3o! Nunca pague por promessas de emprego nem compre cursos que garantam contrata\u00e7\u00e3o. Desconfie de qualquer cobran\u00e7a para participar de sele\u00e7\u00f5es.\n\n\n\n<\/div>\n<!-- CONTENT END 1 -->\n","protected":false},"excerpt":{"rendered":"<p>A Prefeitura de Ribeir\u00e3o Preto estuda, por meio da RP Mobi, a concess\u00e3o dos pontos de \u00f4nibus na cidade. A informa\u00e7\u00e3o consta em relat\u00f3rio da&#8230;<\/p>\n","protected":false},"author":1,"featured_media":1367,"comment_status":"open","ping_status":"open","sticky":false,"template":"","format":"standard","meta":{"_uag_custom_page_level_css":"","advanced_seo_description":"","jetpack_seo_html_title":"","jetpack_seo_noindex":false,"jetpack_post_was_ever_published":false,"_jetpack_newsletter_access":"","_jetpack_dont_email_post_to_subs":false,"_jetpack_newsletter_tier_id":0,"_jetpack_memberships_contains_paywalled_content":false,"_jetpack_memberships_contains_paid_content":false,"footnotes":"","jetpack_publicize_message":"","jetpack_publicize_feature_enabled":true,"jetpack_social_post_already_shared":false,"jetpack_social_options":{"image_generator_settings":{"template":"highway","default_image_id":0,"font":"","enabled":false},"version":2}},"categories":[11],"tags":[],"class_list":["post-1366","post","type-post","status-publish","format-standard","has-post-thumbnail","hentry","category-noticias-de-ribeirao-preto-sp-e-regiao-ismael-colosi"],"jetpack_publicize_connections":[],"jetpack_featured_media_url":"https:\/\/i0.wp.com\/ismaelcolosi.com.br\/wp-content\/uploads\/2023\/11\/ponto-de-onibus.jpg?fit=1622%2C1080&ssl=1","uagb_featured_image_src":{"full":["https:\/\/i0.wp.com\/ismaelcolosi.com.br\/wp-content\/uploads\/2023\/11\/ponto-de-onibus.jpg?fit=1622%2C1080&ssl=1",1622,1080,false],"thumbnail":["https:\/\/i0.wp.com\/ismaelcolosi.com.br\/wp-content\/uploads\/2023\/11\/ponto-de-onibus.jpg?resize=150%2C150&ssl=1",150,150,true],"medium":["https:\/\/i0.wp.com\/ismaelcolosi.com.br\/wp-content\/uploads\/2023\/11\/ponto-de-onibus.jpg?fit=300%2C200&ssl=1",300,200,true],"medium_large":["https:\/\/i0.wp.com\/ismaelcolosi.com.br\/wp-content\/uploads\/2023\/11\/ponto-de-onibus.jpg?fit=768%2C511&ssl=1",768,511,true],"large":["https:\/\/i0.wp.com\/ismaelcolosi.com.br\/wp-content\/uploads\/2023\/11\/ponto-de-onibus.jpg?fit=1024%2C682&ssl=1",1024,682,true],"1536x1536":["https:\/\/i0.wp.com\/ismaelcolosi.com.br\/wp-content\/uploads\/2023\/11\/ponto-de-onibus.jpg?fit=1536%2C1023&ssl=1",1536,1023,true],"2048x2048":["https:\/\/i0.wp.com\/ismaelcolosi.com.br\/wp-content\/uploads\/2023\/11\/ponto-de-onibus.jpg?fit=1622%2C1080&ssl=1",1622,1080,true],"really-simple-thumb":["https:\/\/i0.wp.com\/ismaelcolosi.com.br\/wp-content\/uploads\/2023\/11\/ponto-de-onibus.jpg?resize=370%2C247&ssl=1",370,247,true]},"uagb_author_info":{"display_name":"ismaelcolosi.com.br","author_link":"https:\/\/ismaelcolosi.com.br\/index.php\/author\/vidareal-online\/"},"uagb_comment_info":0,"uagb_excerpt":"A Prefeitura de Ribeir\u00e3o Preto estuda, por meio da RP Mobi, a concess\u00e3o dos pontos de \u00f4nibus na cidade. A informa\u00e7\u00e3o consta em relat\u00f3rio da...","jetpack-related-posts":[{"id":32894,"url":"https:\/\/ismaelcolosi.com.br\/index.php\/2024\/01\/26\/repasses-da-prefeitura-de-ribeirao-para-o-prourbano-saltam-de-r-4-milhoes-para-r-86-milhoes\/","url_meta":{"origin":1366,"position":0},"title":"Repasses da Prefeitura de Ribeir\u00e3o para o Pr\u00f3Urbano saltam de R$ 4 milh\u00f5es para R$ 86 milh\u00f5es","author":"ismaelcolosi.com.br","date":"26 de January de 2024","format":false,"excerpt":"Desde 2020, a Prefeitura de Ribeir\u00e3o Preto aumentou em 21 vezes o valor do repasse para o cons\u00f3rcio Pr\u00f3Urbano, respons\u00e1vel pelo transporte coletivo na cidade. O montante saltou de R$ 4.231.954,70, em 2020, para R$ 86.114.328,59, em 2023. Os n\u00fameros s\u00e3o do Portal da Transpar\u00eancia, que apontam que em 2024,\u2026","rel":"","context":"In &quot;Not\u00edcias de Ribeir\u00e3o Preto-SP e Regi\u00e3o&quot;","block_context":{"text":"Not\u00edcias de Ribeir\u00e3o Preto-SP e Regi\u00e3o","link":"https:\/\/ismaelcolosi.com.br\/index.php\/category\/noticias-de-ribeirao-preto-sp-e-regiao-ismael-colosi\/"},"img":{"alt_text":"","src":"https:\/\/i0.wp.com\/ismaelcolosi.com.br\/wp-content\/uploads\/2024\/01\/1706307643_onibus-ribeirao-preto.jpg?fit=1200%2C675&ssl=1&resize=350%2C200","width":350,"height":200,"srcset":"https:\/\/i0.wp.com\/ismaelcolosi.com.br\/wp-content\/uploads\/2024\/01\/1706307643_onibus-ribeirao-preto.jpg?fit=1200%2C675&ssl=1&resize=350%2C200 1x, https:\/\/i0.wp.com\/ismaelcolosi.com.br\/wp-content\/uploads\/2024\/01\/1706307643_onibus-ribeirao-preto.jpg?fit=1200%2C675&ssl=1&resize=525%2C300 1.5x, https:\/\/i0.wp.com\/ismaelcolosi.com.br\/wp-content\/uploads\/2024\/01\/1706307643_onibus-ribeirao-preto.jpg?fit=1200%2C675&ssl=1&resize=700%2C400 2x, https:\/\/i0.wp.com\/ismaelcolosi.com.br\/wp-content\/uploads\/2024\/01\/1706307643_onibus-ribeirao-preto.jpg?fit=1200%2C675&ssl=1&resize=1050%2C600 3x"},"classes":[]},{"id":922,"url":"https:\/\/ismaelcolosi.com.br\/index.php\/2023\/11\/09\/estudo-contratado-pela-prefeitura-de-ribeirao-preve-menos-onibus-nas-ruas-em-2024\/","url_meta":{"origin":1366,"position":1},"title":"Estudo contratado pela Prefeitura de Ribeir\u00e3o prev\u00ea menos \u00f4nibus nas ruas em 2024","author":"ismaelcolosi.com.br","date":"9 de November de 2023","format":false,"excerpt":"Um estudo contratado pela Prefeitura de Ribeir\u00e3o Preto aponta diminui\u00e7\u00e3o no n\u00famero de \u00f4nibus na cidade a partir de 2024. Segundo o documento obtido pelo acidade on, a frota operacional do transporte coletivo em Ribeir\u00e3o Preto prevista para outubro era de 313 ve\u00edculos, mas o n\u00famero deve diminuir para 290\u2026","rel":"","context":"In &quot;Not\u00edcias de Ribeir\u00e3o Preto-SP e Regi\u00e3o&quot;","block_context":{"text":"Not\u00edcias de Ribeir\u00e3o Preto-SP e Regi\u00e3o","link":"https:\/\/ismaelcolosi.com.br\/index.php\/category\/noticias-de-ribeirao-preto-sp-e-regiao-ismael-colosi\/"},"img":{"alt_text":"","src":"https:\/\/i0.wp.com\/ismaelcolosi.com.br\/wp-content\/uploads\/2023\/11\/novos-onibus-ribeirao-preto.jpg?fit=1200%2C800&ssl=1&resize=350%2C200","width":350,"height":200,"srcset":"https:\/\/i0.wp.com\/ismaelcolosi.com.br\/wp-content\/uploads\/2023\/11\/novos-onibus-ribeirao-preto.jpg?fit=1200%2C800&ssl=1&resize=350%2C200 1x, https:\/\/i0.wp.com\/ismaelcolosi.com.br\/wp-content\/uploads\/2023\/11\/novos-onibus-ribeirao-preto.jpg?fit=1200%2C800&ssl=1&resize=525%2C300 1.5x, https:\/\/i0.wp.com\/ismaelcolosi.com.br\/wp-content\/uploads\/2023\/11\/novos-onibus-ribeirao-preto.jpg?fit=1200%2C800&ssl=1&resize=700%2C400 2x, https:\/\/i0.wp.com\/ismaelcolosi.com.br\/wp-content\/uploads\/2023\/11\/novos-onibus-ribeirao-preto.jpg?fit=1200%2C800&ssl=1&resize=1050%2C600 3x"},"classes":[]},{"id":28000,"url":"https:\/\/ismaelcolosi.com.br\/index.php\/2024\/01\/14\/passagem-do-onibus-custa-r-845-em-ribeirao-preto-entenda\/","url_meta":{"origin":1366,"position":2},"title":"Passagem do \u00f4nibus custa R$ 8,45 em Ribeir\u00e3o Preto? Entenda","author":"ismaelcolosi.com.br","date":"14 de January de 2024","format":false,"excerpt":"A tarifa do transporte coletivo de Ribeir\u00e3o Preto vai passar para R$ 8,45 a partir de 1\u00ba de fevereiro. Contudo, o valor cobrado do usu\u00e1rio comum que embarcar nos \u00f4nibus da cidade continuar\u00e1 a ser de R$ 5, pelo terceiro ano consecutivo. Os outros R$ 3,45, por passageiro, ser\u00e3o pagos\u2026","rel":"","context":"In &quot;Not\u00edcias de Ribeir\u00e3o Preto-SP e Regi\u00e3o&quot;","block_context":{"text":"Not\u00edcias de Ribeir\u00e3o Preto-SP e Regi\u00e3o","link":"https:\/\/ismaelcolosi.com.br\/index.php\/category\/noticias-de-ribeirao-preto-sp-e-regiao-ismael-colosi\/"},"img":{"alt_text":"","src":"https:\/\/i0.wp.com\/ismaelcolosi.com.br\/wp-content\/uploads\/2024\/01\/novos-onibus-ribeirao-preto.jpg?fit=1200%2C800&ssl=1&resize=350%2C200","width":350,"height":200,"srcset":"https:\/\/i0.wp.com\/ismaelcolosi.com.br\/wp-content\/uploads\/2024\/01\/novos-onibus-ribeirao-preto.jpg?fit=1200%2C800&ssl=1&resize=350%2C200 1x, https:\/\/i0.wp.com\/ismaelcolosi.com.br\/wp-content\/uploads\/2024\/01\/novos-onibus-ribeirao-preto.jpg?fit=1200%2C800&ssl=1&resize=525%2C300 1.5x, https:\/\/i0.wp.com\/ismaelcolosi.com.br\/wp-content\/uploads\/2024\/01\/novos-onibus-ribeirao-preto.jpg?fit=1200%2C800&ssl=1&resize=700%2C400 2x, https:\/\/i0.wp.com\/ismaelcolosi.com.br\/wp-content\/uploads\/2024\/01\/novos-onibus-ribeirao-preto.jpg?fit=1200%2C800&ssl=1&resize=1050%2C600 3x"},"classes":[]},{"id":39764,"url":"https:\/\/ismaelcolosi.com.br\/index.php\/2024\/02\/28\/tribunal-de-justica-mantem-vale-transporte-em-r-5-em-rp\/","url_meta":{"origin":1366,"position":3},"title":"Tribunal de Justi\u00e7a mant\u00e9m vale-transporte em R$ 5\u00a0em RP","author":"ismaelcolosi.com.br","date":"28 de February de 2024","format":false,"excerpt":"28 de fevereiro de 2024 | 9:0027 de fevereiro de 2024 | 19:40 0O Tribunal de Justi\u00e7a de S\u00e3o Paulo (TJSP) manteve a liminar da ju\u00edza Lucilene Aparecida Canella de Melo, da 2\u00aa Vara da Fazenda P\u00fablica de Ribeir\u00e3o Preto, que suspendeu o reajuste de 20% no valor do vale-transporte\u2026","rel":"","context":"In &quot;Not\u00edcias de Ribeir\u00e3o Preto-SP e Regi\u00e3o&quot;","block_context":{"text":"Not\u00edcias de Ribeir\u00e3o Preto-SP e Regi\u00e3o","link":"https:\/\/ismaelcolosi.com.br\/index.php\/category\/noticias-de-ribeirao-preto-sp-e-regiao-ismael-colosi\/"},"img":{"alt_text":"","src":"https:\/\/i0.wp.com\/ismaelcolosi.com.br\/wp-content\/uploads\/2024\/02\/OnibusRP-Alfredo-Risk-2-scaled.jpg?fit=1000%2C538&ssl=1&resize=350%2C200","width":350,"height":200,"srcset":"https:\/\/i0.wp.com\/ismaelcolosi.com.br\/wp-content\/uploads\/2024\/02\/OnibusRP-Alfredo-Risk-2-scaled.jpg?fit=1000%2C538&ssl=1&resize=350%2C200 1x, https:\/\/i0.wp.com\/ismaelcolosi.com.br\/wp-content\/uploads\/2024\/02\/OnibusRP-Alfredo-Risk-2-scaled.jpg?fit=1000%2C538&ssl=1&resize=525%2C300 1.5x, https:\/\/i0.wp.com\/ismaelcolosi.com.br\/wp-content\/uploads\/2024\/02\/OnibusRP-Alfredo-Risk-2-scaled.jpg?fit=1000%2C538&ssl=1&resize=700%2C400 2x"},"classes":[]},{"id":49615,"url":"https:\/\/ismaelcolosi.com.br\/index.php\/2024\/05\/12\/contrato-do-onibus-tera-de-ser-revisado-mais-uma-vez-em-ribeirao-preto-veja-o-motivo\/","url_meta":{"origin":1366,"position":4},"title":"Contrato do \u00f4nibus ter\u00e1 de ser revisado mais uma vez em Ribeir\u00e3o Preto; Veja o motivo","author":"ismaelcolosi.com.br","date":"12 de May de 2024","format":false,"excerpt":"Por conta da libera\u00e7\u00e3o dos recursos do Novo PAC (Programa de Acelera\u00e7\u00e3o do Crescimento) Sele\u00e7\u00f5es, o contrato de concess\u00e3o do transporte coletivo de Ribeir\u00e3o Preto dever\u00e1 ser revisto mais uma vez. Na \u00faltima semana, o Governo Federal liberou o financiamento de R$ 210 milh\u00f5es para compra de 60 \u00f4nibus el\u00e9tricos\u2026","rel":"","context":"In &quot;Not\u00edcias de Ribeir\u00e3o Preto-SP e Regi\u00e3o&quot;","block_context":{"text":"Not\u00edcias de Ribeir\u00e3o Preto-SP e Regi\u00e3o","link":"https:\/\/ismaelcolosi.com.br\/index.php\/category\/noticias-de-ribeirao-preto-sp-e-regiao-ismael-colosi\/"},"img":{"alt_text":"","src":"https:\/\/i0.wp.com\/ismaelcolosi.com.br\/wp-content\/uploads\/2024\/05\/teste_onibus_eletrico_3_-_foto_guilherme_sircili_27_2024-05-11_18-26-00_jpg_2024-05-11_18-26-01.webp.webp?fit=1200%2C800&ssl=1&resize=350%2C200","width":350,"height":200,"srcset":"https:\/\/i0.wp.com\/ismaelcolosi.com.br\/wp-content\/uploads\/2024\/05\/teste_onibus_eletrico_3_-_foto_guilherme_sircili_27_2024-05-11_18-26-00_jpg_2024-05-11_18-26-01.webp.webp?fit=1200%2C800&ssl=1&resize=350%2C200 1x, https:\/\/i0.wp.com\/ismaelcolosi.com.br\/wp-content\/uploads\/2024\/05\/teste_onibus_eletrico_3_-_foto_guilherme_sircili_27_2024-05-11_18-26-00_jpg_2024-05-11_18-26-01.webp.webp?fit=1200%2C800&ssl=1&resize=525%2C300 1.5x, https:\/\/i0.wp.com\/ismaelcolosi.com.br\/wp-content\/uploads\/2024\/05\/teste_onibus_eletrico_3_-_foto_guilherme_sircili_27_2024-05-11_18-26-00_jpg_2024-05-11_18-26-01.webp.webp?fit=1200%2C800&ssl=1&resize=700%2C400 2x, https:\/\/i0.wp.com\/ismaelcolosi.com.br\/wp-content\/uploads\/2024\/05\/teste_onibus_eletrico_3_-_foto_guilherme_sircili_27_2024-05-11_18-26-00_jpg_2024-05-11_18-26-01.webp.webp?fit=1200%2C800&ssl=1&resize=1050%2C600 3x"},"classes":[]},{"id":29438,"url":"https:\/\/ismaelcolosi.com.br\/index.php\/2024\/01\/18\/vereadora-aciona-a-justica-contra-aumento-da-tarifa-do-vale-transporte\/","url_meta":{"origin":1366,"position":5},"title":"Vereadora aciona a Justi\u00e7a contra aumento da tarifa do vale transporte","author":"ismaelcolosi.com.br","date":"18 de January de 2024","format":false,"excerpt":"18 de janeiro de 2024 | 11:29 0A vereadora de Ribeir\u00e3o Preto, Judeti Zilli (PT) do Coletivo Popular, protocolou uma A\u00e7\u00e3o Popular, na Justi\u00e7a de Ribeir\u00e3o Preto, pedindo a revoga\u00e7\u00e3o de parte do Decreto 08\/ 2024 do prefeito Duarte Nogueira (PSDB) que fixou o valor da passagem do transporte coletivo\u2026","rel":"","context":"In &quot;Not\u00edcias de Ribeir\u00e3o Preto-SP e Regi\u00e3o&quot;","block_context":{"text":"Not\u00edcias de Ribeir\u00e3o Preto-SP e Regi\u00e3o","link":"https:\/\/ismaelcolosi.com.br\/index.php\/category\/noticias-de-ribeirao-preto-sp-e-regiao-ismael-colosi\/"},"img":{"alt_text":"","src":"https:\/\/i0.wp.com\/ismaelcolosi.com.br\/wp-content\/uploads\/2024\/01\/OnibusRP-Alfredo-Risk-1-scaled.jpg?fit=1000%2C629&ssl=1&resize=350%2C200","width":350,"height":200,"srcset":"https:\/\/i0.wp.com\/ismaelcolosi.com.br\/wp-content\/uploads\/2024\/01\/OnibusRP-Alfredo-Risk-1-scaled.jpg?fit=1000%2C629&ssl=1&resize=350%2C200 1x, https:\/\/i0.wp.com\/ismaelcolosi.com.br\/wp-content\/uploads\/2024\/01\/OnibusRP-Alfredo-Risk-1-scaled.jpg?fit=1000%2C629&ssl=1&resize=525%2C300 1.5x, https:\/\/i0.wp.com\/ismaelcolosi.com.br\/wp-content\/uploads\/2024\/01\/OnibusRP-Alfredo-Risk-1-scaled.jpg?fit=1000%2C629&ssl=1&resize=700%2C400 2x"},"classes":[]}],"jetpack_sharing_enabled":true,"jetpack_shortlink":"https:\/\/wp.me\/pfMlyK-m2","_links":{"self":[{"href":"https:\/\/ismaelcolosi.com.br\/index.php\/wp-json\/wp\/v2\/posts\/1366","targetHints":{"allow":["GET"]}}],"collection":[{"href":"https:\/\/ismaelcolosi.com.br\/index.php\/wp-json\/wp\/v2\/posts"}],"about":[{"href":"https:\/\/ismaelcolosi.com.br\/index.php\/wp-json\/wp\/v2\/types\/post"}],"author":[{"embeddable":true,"href":"https:\/\/ismaelcolosi.com.br\/index.php\/wp-json\/wp\/v2\/users\/1"}],"replies":[{"embeddable":true,"href":"https:\/\/ismaelcolosi.com.br\/index.php\/wp-json\/wp\/v2\/comments?post=1366"}],"version-history":[{"count":0,"href":"https:\/\/ismaelcolosi.com.br\/index.php\/wp-json\/wp\/v2\/posts\/1366\/revisions"}],"wp:featuredmedia":[{"embeddable":true,"href":"https:\/\/ismaelcolosi.com.br\/index.php\/wp-json\/wp\/v2\/media\/1367"}],"wp:attachment":[{"href":"https:\/\/ismaelcolosi.com.br\/index.php\/wp-json\/wp\/v2\/media?parent=1366"}],"wp:term":[{"taxonomy":"category","embeddable":true,"href":"https:\/\/ismaelcolosi.com.br\/index.php\/wp-json\/wp\/v2\/categories?post=1366"},{"taxonomy":"post_tag","embeddable":true,"href":"https:\/\/ismaelcolosi.com.br\/index.php\/wp-json\/wp\/v2\/tags?post=1366"}],"curies":[{"name":"wp","href":"https:\/\/api.w.org\/{rel}","templated":true}]}}