{"id":1365,"date":"2023-11-12T09:12:50","date_gmt":"2023-11-12T12:12:50","guid":{"rendered":"https:\/\/ismaelcolosi.com.br\/index.php\/2023\/11\/12\/entenda-as-mudancas-da-reforma-tributaria-no-senado\/"},"modified":"2023-11-12T09:12:50","modified_gmt":"2023-11-12T12:12:50","slug":"entenda-as-mudancas-da-reforma-tributaria-no-senado","status":"publish","type":"post","link":"https:\/\/ismaelcolosi.com.br\/index.php\/2023\/11\/12\/entenda-as-mudancas-da-reforma-tributaria-no-senado\/","title":{"rendered":"Entenda as mudan\u00e7as da reforma tribut\u00e1ria no Senado\u00a0"},"content":{"rendered":"<p> <br \/>\n<\/p>\n<div>\n<p><span data-contrast=\"auto\">A primeira fase da reforma tribut\u00e1ria, que pretende simplificar e unificar tributos sobre o consumo, deu mais um passo na \u00faltima quarta-feira (8) com a aprova\u00e7\u00e3o no Senado. O texto volta \u00e0 C\u00e2mara dos Deputados, onde pode ser votado em sua totalidade ou fatiado, com os pontos sem mudan\u00e7as promulgados pelo presidente da C\u00e2mara, Arthur Lira, e o restante sendo votado posteriormente.<\/span><span data-ccp-props=\"{&quot;201341983&quot;:0,&quot;335559739&quot;:0,&quot;335559740&quot;:240}\">\u00a0<\/span><\/p>\n<p><span data-contrast=\"auto\">Em meio a uma ofensiva dos governadores do Sul e do Sudeste e a negocia\u00e7\u00f5es de \u00faltima hora, foram inclu\u00eddas exce\u00e7\u00f5es entre os setores que ter\u00e3o al\u00edquota reduzida para 40% da al\u00edquota-padr\u00e3o ou foram inclu\u00eddos em regimes especiais. Um fundo para o desenvolvimento do Amazonas foi ampliado para outros estados da Regi\u00e3o Norte.<\/span><span data-ccp-props=\"{&quot;201341983&quot;:0,&quot;335559739&quot;:0,&quot;335559740&quot;:240}\">\u00a0<\/span><\/p>\n<p><span data-contrast=\"auto\">Na vota\u00e7\u00e3o na Comiss\u00e3o de Constitui\u00e7\u00e3o e Justi\u00e7a (CCJ), na ter\u00e7a-feira (7), tinha havido mais concess\u00f5es. Foram aprovadas emendas que atenderam a times de futebol, taxistas e a governadores do Centro-Oeste.<\/span><span data-ccp-props=\"{&quot;201341983&quot;:0,&quot;335559739&quot;:0,&quot;335559740&quot;:240}\">\u00a0<\/span><\/p>\n<p><span data-contrast=\"auto\">As mudan\u00e7as principais, no entanto, haviam sido anunciadas pelo relator da reforma no Senado, Eduardo Braga (MDB-AM), no fim de outubro. Ele criou uma trava para a carga tribut\u00e1ria, ampliou o Fundo de Desenvolvimento Regional em R$ 20 bilh\u00f5es e incluiu uma revis\u00e3o de regimes especiais a cada cinco anos.<\/span><span data-ccp-props=\"{&quot;201341983&quot;:0,&quot;335559739&quot;:0,&quot;335559740&quot;:240}\">\u00a0<\/span><\/p>\n<p><span data-contrast=\"auto\">Confira as principais mudan\u00e7as na reforma tribut\u00e1ria no Senado em rela\u00e7\u00e3o ao que havia sido aprovado na C\u00e2mara dos Deputados<\/span><span data-ccp-props=\"{&quot;201341983&quot;:0,&quot;335559739&quot;:0,&quot;335559740&quot;:240}\">\u00a0<\/span><\/p>\n<p><b><span data-contrast=\"auto\">Setores com al\u00edquota reduzida<\/span><\/b><span data-ccp-props=\"{&quot;201341983&quot;:0,&quot;335559739&quot;:0,&quot;335559740&quot;:240}\">\u00a0<\/span><\/p>\n<ul>\n<li><span data-contrast=\"auto\"> Novos segmentos ter\u00e3o al\u00edquota reduzida para 40% da al\u00edquota-padr\u00e3o do futuro Imposto sobre Valor Adicionado (IVA)<\/span><\/li>\n<\/ul>\n<p><span data-contrast=\"auto\">\u00a0\u00a0\u00a0\u00a0\u00a0 \u2014\u00a0\u00a0\u00a0 Comunica\u00e7\u00e3o institucional<\/span><span data-ccp-props=\"{&quot;201341983&quot;:0,&quot;335559739&quot;:0,&quot;335559740&quot;:240}\">\u00a0<\/span><\/p>\n<p><span data-contrast=\"auto\">\u00a0\u00a0\u00a0\u00a0\u00a0 \u2014\u00a0\u00a0\u00a0 Produtos de limpeza consumidos por fam\u00edlias de baixa renda<\/span><span data-ccp-props=\"{&quot;201341983&quot;:0,&quot;335559739&quot;:0,&quot;335559740&quot;:240}\">\u00a0<\/span><\/p>\n<p><span data-contrast=\"auto\">\u00a0\u00a0\u00a0\u00a0\u00a0 \u2014\u00a0\u00a0\u00a0 Setor de eventos<\/span><span data-ccp-props=\"{&quot;201341983&quot;:0,&quot;335559739&quot;:0,&quot;335559740&quot;:240}\">\u00a0<\/span><\/p>\n<p><span data-contrast=\"auto\">\u00a0\u00a0\u00a0\u00a0\u00a0 \u2014\u00a0\u00a0\u00a0 Nutri\u00e7\u00e3o enteral ou parenteral (que previnem ou tratam complica\u00e7\u00f5es da desnutri\u00e7\u00e3o)<\/span><span data-ccp-props=\"{&quot;201341983&quot;:0,&quot;335559739&quot;:0,&quot;335559740&quot;:240}\">\u00a0<\/span><\/p>\n<p><span data-ccp-props=\"{&quot;201341983&quot;:0,&quot;335559739&quot;:0,&quot;335559740&quot;:240}\">\u00a0<\/span><\/p>\n<ul>\n<li><span data-contrast=\"auto\"> Profissionais liberais com atividades regulamentadas pagar\u00e3o 70% da al\u00edquota do IVA<\/span><\/li>\n<\/ul>\n<p><span data-contrast=\"auto\">\u00a0\u00a0\u00a0\u00a0\u00a0 \u2014\u00a0\u00a0 Na pr\u00e1tica, mudan\u00e7a beneficia apenas empresas, escrit\u00f3rios e cl\u00ednicas que faturem mais de R$ 4,8 milh\u00f5es por ano. Isso porque a maior parte dos profissionais aut\u00f4nomos, que ganham abaixo desse valor, est\u00e1 inclu\u00edda no Simples Nacional<\/span><span data-ccp-props=\"{&quot;201341983&quot;:0,&quot;335559739&quot;:0,&quot;335559740&quot;:240}\">\u00a0<\/span><\/p>\n<p><span data-ccp-props=\"{&quot;201341983&quot;:0,&quot;335559739&quot;:0,&quot;335559740&quot;:240}\">\u00a0<\/span><\/p>\n<p><b><span data-contrast=\"auto\">Al\u00edquota zero<\/span><\/b><span data-ccp-props=\"{&quot;201341983&quot;:0,&quot;335559739&quot;:0,&quot;335559740&quot;:240}\">\u00a0<\/span><\/p>\n<ul>\n<li><span data-contrast=\"auto\"> Seguintes setores passar\u00e3o a n\u00e3o pagar IVA:<\/span><\/li>\n<\/ul>\n<p><span data-contrast=\"auto\">\u00a0\u00a0\u00a0\u00a0\u00a0 \u2014\u00a0\u00a0 Servi\u00e7os prestados por Institui\u00e7\u00e3o Cient\u00edfica, Tecnol\u00f3gica e de Inova\u00e7\u00e3o (ICT) sem fins lucrativos<\/span><span data-ccp-props=\"{&quot;201341983&quot;:0,&quot;335559739&quot;:0,&quot;335559740&quot;:240}\">\u00a0<\/span><\/p>\n<p><span data-contrast=\"auto\">\u00a0\u00a0\u00a0\u00a0\u00a0 \u2014\u00a0\u00a0 Compra de autom\u00f3veis por taxistas e por pessoas com defici\u00eancia<\/span><span data-ccp-props=\"{&quot;201341983&quot;:0,&quot;335559739&quot;:0,&quot;335559740&quot;:240}\">\u00a0<\/span><\/p>\n<p><span data-contrast=\"auto\">\u00a0\u00a0\u00a0\u00a0\u00a0 \u2014\u00a0\u00a0 Compra de medicamentos e dispositivos m\u00e9dicos pela Administra\u00e7\u00e3o P\u00fablica e por entidades de assist\u00eancia social sem fins lucrativos<\/span><span data-ccp-props=\"{&quot;201341983&quot;:0,&quot;335559739&quot;:0,&quot;335559740&quot;:240}\">\u00a0<\/span><\/p>\n<p><span data-contrast=\"auto\">\u00a0\u00a0\u00a0\u00a0\u00a0 \u2014\u00a0\u00a0 Reabilita\u00e7\u00e3o urbana de zonas hist\u00f3ricas e de \u00e1reas cr\u00edticas de recupera\u00e7\u00e3o e reconvers\u00e3o urban\u00edstica<\/span><span data-ccp-props=\"{&quot;201341983&quot;:0,&quot;335559739&quot;:0,&quot;335559740&quot;:240}\">\u00a0<\/span><\/p>\n<p><span data-ccp-props=\"{&quot;201341983&quot;:0,&quot;335559739&quot;:0,&quot;335559740&quot;:240}\">\u00a0<\/span><\/p>\n<p><b><span data-contrast=\"auto\">Regimes espec\u00edficos<\/span><\/b><span data-ccp-props=\"{&quot;201341983&quot;:0,&quot;335559739&quot;:0,&quot;335559740&quot;:240}\">\u00a0<\/span><\/p>\n<ul>\n<li><span data-contrast=\"auto\"> Inclus\u00e3o dos seguintes setores em regimes espec\u00edficos de tributa\u00e7\u00e3o, com tratamento diferenciado na cobran\u00e7a e na coleta de tributos<\/span><\/li>\n<\/ul>\n<p><span data-contrast=\"auto\">\u00a0\u00a0\u00a0\u00a0\u00a0 \u2014\u00a0\u00a0 Ag\u00eancias de viagem;<\/span><span data-ccp-props=\"{&quot;201341983&quot;:0,&quot;335559739&quot;:0,&quot;335559740&quot;:240}\">\u00a0<\/span><\/p>\n<p><span data-contrast=\"auto\">\u00a0\u00a0\u00a0\u00a0\u00a0 \u2014\u00a0\u00a0 Concess\u00e3o de rodovias;<\/span><span data-ccp-props=\"{&quot;201341983&quot;:0,&quot;335559739&quot;:0,&quot;335559740&quot;:240}\">\u00a0<\/span><\/p>\n<p><span data-contrast=\"auto\">\u00a0\u00a0\u00a0\u00a0\u00a0 \u2014\u00a0\u00a0 Miss\u00f5es diplom\u00e1ticas;<\/span><span data-ccp-props=\"{&quot;201341983&quot;:0,&quot;335559739&quot;:0,&quot;335559740&quot;:240}\">\u00a0<\/span><\/p>\n<p><span data-contrast=\"auto\">\u00a0\u00a0\u00a0\u00a0\u00a0 \u2014\u00a0\u00a0 Servi\u00e7os de saneamento;<\/span><span data-ccp-props=\"{&quot;201341983&quot;:0,&quot;335559739&quot;:0,&quot;335559740&quot;:240}\">\u00a0<\/span><\/p>\n<p><span data-contrast=\"auto\">\u00a0\u00a0\u00a0\u00a0\u00a0 \u2014\u00a0\u00a0 Telecomunica\u00e7\u00f5es;<\/span><span data-ccp-props=\"{&quot;201341983&quot;:0,&quot;335559739&quot;:0,&quot;335559740&quot;:240}\">\u00a0<\/span><\/p>\n<p><span data-contrast=\"auto\">\u00a0\u00a0\u00a0\u00a0\u00a0 \u2014\u00a0\u00a0 Sociedades An\u00f4nimas de Futebol, que ter\u00e3o recolhimento unificado<\/span><span data-ccp-props=\"{&quot;201341983&quot;:0,&quot;335559739&quot;:0,&quot;335559740&quot;:240}\">\u00a0<\/span><\/p>\n<p><span data-contrast=\"auto\">\u00a0\u00a0\u00a0\u00a0\u00a0 \u2014\u00a0\u00a0 Servi\u00e7os de transporte coletivo intermunicipal e interestadual: migraram da al\u00edquota reduzida para regime espec\u00edfico.<\/span><span data-ccp-props=\"{&quot;201341983&quot;:0,&quot;335559739&quot;:0,&quot;335559740&quot;:240}\">\u00a0<\/span><\/p>\n<p><span data-ccp-props=\"{&quot;201341983&quot;:0,&quot;335559739&quot;:0,&quot;335559740&quot;:240}\">\u00a0<\/span><\/p>\n<p><b><span data-contrast=\"auto\">Revis\u00e3o peri\u00f3dica<\/span><\/b><span data-ccp-props=\"{&quot;201341983&quot;:0,&quot;335559739&quot;:0,&quot;335559740&quot;:240}\">\u00a0<\/span><\/p>\n<ul>\n<li><span data-contrast=\"auto\"> A cada cinco anos, exce\u00e7\u00f5es ser\u00e3o revisadas, com custo-benef\u00edcio avaliado<\/span><\/li>\n<\/ul>\n<p><span data-contrast=\"auto\">\u00a0\u00a0\u00a0\u00a0\u00a0 \u2014\u00a0\u00a0\u00a0 setores beneficiados dever\u00e3o seguir metas de desempenho econ\u00f4micas, sociais e ambientais;<\/span><span data-ccp-props=\"{&quot;201341983&quot;:0,&quot;335559739&quot;:0,&quot;335559740&quot;:240}\">\u00a0<\/span><\/p>\n<p><span data-contrast=\"auto\">\u00a0\u00a0\u00a0\u00a0\u00a0 \u2014\u00a0\u00a0\u00a0\u00a0 dependendo da revis\u00e3o, lei determinar\u00e1 regime de transi\u00e7\u00e3o para a al\u00edquota padr\u00e3o.<\/span><span data-ccp-props=\"{&quot;201341983&quot;:0,&quot;335559739&quot;:0,&quot;335559740&quot;:240}\">\u00a0<\/span><\/p>\n<p><span data-ccp-props=\"{&quot;201341983&quot;:0,&quot;335559739&quot;:0,&quot;335559740&quot;:240}\">\u00a0<\/span><\/p>\n<p><b><span data-contrast=\"auto\">Imposto seletivo<\/span><\/b><span data-ccp-props=\"{&quot;201341983&quot;:0,&quot;335559739&quot;:0,&quot;335559740&quot;:240}\">\u00a0<\/span><\/p>\n<ul>\n<li><span data-contrast=\"auto\"> Cobran\u00e7a sobre produtos que gerem danos \u00e0 sa\u00fade ou ao meio ambiente;<\/span><\/li>\n<li><span data-contrast=\"auto\"> Al\u00edquotas definidas por lei;<\/span><\/li>\n<li><span data-contrast=\"auto\"> 60% da receita vai para estados e munic\u00edpios;<\/span><\/li>\n<li><span data-contrast=\"auto\"> Princ\u00edpio da anualidade: cobran\u00e7a s\u00f3 poder\u00e1 come\u00e7ar no ano seguinte \u00e0 san\u00e7\u00e3o da lei;<\/span><\/li>\n<li><span data-contrast=\"auto\"> Imposto regulat\u00f3rio: n\u00e3o tem objetivo de arrecadar, mas regular mercado e punir condutas prejudiciais;<\/span><\/li>\n<li><span data-contrast=\"auto\"> Produtos:<\/span><\/li>\n<\/ul>\n<p><span data-contrast=\"auto\">\u00a0\u00a0\u00a0\u00a0\u00a0 \u2014\u00a0\u00a0\u00a0\u00a0 possibilidade de cobran\u00e7a sobre combust\u00edveis;<\/span><span data-ccp-props=\"{&quot;201341983&quot;:0,&quot;335559739&quot;:0,&quot;335559740&quot;:240}\">\u00a0<\/span><\/p>\n<p><span data-contrast=\"auto\">\u00a0\u00a0\u00a0\u00a0\u00a0 \u2014\u00a0\u00a0\u00a0\u00a0 al\u00edquota de 1% sobre extra\u00e7\u00e3o de recursos naturais n\u00e3o renov\u00e1veis, como min\u00e9rio e petr\u00f3leo;<\/span><span data-ccp-props=\"{&quot;201341983&quot;:0,&quot;335559739&quot;:0,&quot;335559740&quot;:240}\">\u00a0<\/span><\/p>\n<p><span data-contrast=\"auto\">\u00a0\u00a0\u00a0\u00a0\u00a0 \u2014\u00a0\u00a0\u00a0\u00a0 cobran\u00e7a sobre armas e muni\u00e7\u00f5es, exceto as usadas pela administra\u00e7\u00e3o p\u00fablica;<\/span><span data-ccp-props=\"{&quot;201341983&quot;:0,&quot;335559739&quot;:0,&quot;335559740&quot;:240}\">\u00a0<\/span><\/p>\n<p><span data-ccp-props=\"{&quot;201341983&quot;:0,&quot;335559739&quot;:0,&quot;335559740&quot;:240}\">\u00a0<\/span><\/p>\n<ul>\n<li><span data-contrast=\"auto\"> Exclus\u00e3o da incid\u00eancia sobre:<\/span><\/li>\n<\/ul>\n<p><span data-contrast=\"auto\">\u00a0\u00a0\u00a0\u00a0\u00a0 \u2014\u00a0\u00a0\u00a0\u00a0 telecomunica\u00e7\u00f5es;<\/span><span data-ccp-props=\"{&quot;201341983&quot;:0,&quot;335559739&quot;:0,&quot;335559740&quot;:240}\">\u00a0<\/span><\/p>\n<p><span data-contrast=\"auto\">\u00a0\u00a0\u00a0\u00a0\u00a0 \u2014\u00a0\u00a0\u00a0\u00a0 energia;<\/span><span data-ccp-props=\"{&quot;201341983&quot;:0,&quot;335559739&quot;:0,&quot;335559740&quot;:240}\">\u00a0<\/span><\/p>\n<p><span data-contrast=\"auto\">\u00a0\u00a0\u00a0\u00a0\u00a0 \u2014\u00a0\u00a0\u00a0\u00a0 produtos que concorrem com os produzidos na Zona Franca de Manaus.<\/span><span data-ccp-props=\"{&quot;201341983&quot;:0,&quot;335559739&quot;:0,&quot;335559740&quot;:240}\">\u00a0<\/span><\/p>\n<p><span data-ccp-props=\"{&quot;201341983&quot;:0,&quot;335559739&quot;:0,&quot;335559740&quot;:240}\">\u00a0<\/span><\/p>\n<p><b><span data-contrast=\"auto\">Cesta b\u00e1sica<\/span><\/b><span data-ccp-props=\"{&quot;201341983&quot;:0,&quot;335559739&quot;:0,&quot;335559740&quot;:240}\">\u00a0<\/span><\/p>\n<ul>\n<li><span data-contrast=\"auto\"> Restri\u00e7\u00e3o do n\u00famero de produtos com al\u00edquota zero, com desmembramento em duas listas a pedido do Minist\u00e9rio da Fazenda:<\/span><\/li>\n<\/ul>\n<p><span data-contrast=\"auto\">\u00a0\u00a0\u00a0\u00a0\u00a0 \u2014\u00a0\u00a0\u00a0\u00a0 cesta b\u00e1sica nacional, com al\u00edquota zero, e car\u00e1ter de enfrentamento \u00e0 fome;<\/span><span data-ccp-props=\"{&quot;201341983&quot;:0,&quot;335559739&quot;:0,&quot;335559740&quot;:240}\">\u00a0<\/span><\/p>\n<p><span data-contrast=\"auto\">\u00a0\u00a0\u00a0\u00a0\u00a0 \u2014\u00a0\u00a0\u00a0\u00a0 cesta b\u00e1sica estendida, com al\u00edquota reduzida para 40% da al\u00edquota padr\u00e3o e mecanismo de cashback (devolu\u00e7\u00e3o parcial de dinheiro);<\/span><span data-ccp-props=\"{&quot;201341983&quot;:0,&quot;335559739&quot;:0,&quot;335559740&quot;:240}\">\u00a0<\/span><\/p>\n<p><span data-contrast=\"auto\">\u00a0\u00a0\u00a0\u00a0\u00a0 \u2014\u00a0\u00a0\u00a0\u00a0 cesta nacional poder\u00e1 ser regionalizada, com itens definidos por lei complementar.<\/span><span data-ccp-props=\"{&quot;201341983&quot;:0,&quot;335559739&quot;:0,&quot;335559740&quot;:240}\">\u00a0<\/span><\/p>\n<p><span data-ccp-props=\"{&quot;201341983&quot;:0,&quot;335559739&quot;:0,&quot;335559740&quot;:240}\">\u00a0<\/span><\/p>\n<p><b><span data-contrast=\"auto\">Cashback para energia e g\u00e1s de cozinha<\/span><\/b><span data-ccp-props=\"{&quot;201341983&quot;:0,&quot;335559739&quot;:0,&quot;335559740&quot;:240}\">\u00a0<\/span><\/p>\n<ul>\n<li><span data-contrast=\"auto\"> Devolu\u00e7\u00e3o obrigat\u00f3ria de parte dos tributos da conta de luz e do botij\u00e3o de g\u00e1s para fam\u00edlias de baixa renda;<\/span><\/li>\n<li><span data-contrast=\"auto\"> Ressarcimento ocorreria no momento da cobran\u00e7a, entrando como desconto na conta de luz;<\/span><\/li>\n<li><span data-contrast=\"auto\"> Detalhes a serem regulamentados por lei complementar.<\/span><\/li>\n<\/ul>\n<p><b><span data-contrast=\"auto\">Trava<\/span><\/b><span data-ccp-props=\"{&quot;201341983&quot;:0,&quot;335559739&quot;:0,&quot;335559740&quot;:240}\">\u00a0<\/span><\/p>\n<ul>\n<li><span data-contrast=\"auto\"> Teto para manter constante a carga tribut\u00e1ria sobre o consumo;<\/span><\/li>\n<li><span data-contrast=\"auto\"> Atualmente, esse teto corresponderia a 12,5% do PIB;<\/span><\/li>\n<li><span data-contrast=\"auto\"> A cada 5 anos, seria aplicada uma f\u00f3rmula que considera a m\u00e9dia da receita dos tributos sobre consumo e servi\u00e7os entre 2012 e 2021;<\/span><\/li>\n<li><span data-contrast=\"auto\"> F\u00f3rmula ser\u00e1 calculada com base na rela\u00e7\u00e3o entre a receita m\u00e9dia e o Produto Interno Bruto (PIB, bens e servi\u00e7os produzidos no pa\u00eds);<\/span><\/li>\n<li><span data-contrast=\"auto\"> Caso o limite seja superado, a al\u00edquota de refer\u00eancia ter\u00e1 de cair;<\/span><\/li>\n<li><span data-contrast=\"auto\"> Redu\u00e7\u00e3o seria calculada pelo Tribunal de Contas da Uni\u00e3o, baseado em dados dos entes federativos e do futuro Comit\u00ea Gestor do IBS.<\/span><\/li>\n<\/ul>\n<p><span data-ccp-props=\"{&quot;201341983&quot;:0,&quot;335559739&quot;:0,&quot;335559740&quot;:240}\">\u00a0<\/span><\/p>\n<p><b><span data-contrast=\"auto\">Fundo Nacional de Desenvolvimento Regional<\/span><\/b><span data-ccp-props=\"{&quot;201341983&quot;:0,&quot;335559739&quot;:0,&quot;335559740&quot;:240}\">\u00a0<\/span><\/p>\n<ul>\n<li><span data-contrast=\"auto\"> Fundo que ajudar\u00e1 o desenvolvimento de regi\u00f5es de menor renda;<\/span><\/li>\n<li><span data-contrast=\"auto\"> Aumento da verba de R$ 40 bilh\u00f5es para R$ 60 bilh\u00f5es anuais;<\/span><\/li>\n<li><span data-contrast=\"auto\"> Transi\u00e7\u00e3o para o aumento:<\/span><\/li>\n<li><span data-contrast=\"auto\"> Fundo come\u00e7aria com aportes de R$ 8 bilh\u00f5es em 2029 at\u00e9 chegar a R$ 40 bilh\u00f5es no in\u00edcio de 2034;<\/span><\/li>\n<li><span data-contrast=\"auto\"> Em 2034, aportes subiriam R$ 2 bilh\u00f5es por ano at\u00e9 atingir R$ 60 bilh\u00f5es em 2043.<\/span><\/li>\n<li><span data-contrast=\"auto\"> Divis\u00e3o dos recursos:<\/span><\/li>\n<\/ul>\n<p><span data-contrast=\"auto\">\u00a0\u00a0\u00a0\u00a0\u00a0 \u2014\u00a0\u00a0\u00a0\u00a0 70% pelos crit\u00e9rios do Fundo de Participa\u00e7\u00e3o dos Estados (FPE);<\/span><span data-ccp-props=\"{&quot;201341983&quot;:0,&quot;335559739&quot;:0,&quot;335559740&quot;:240}\">\u00a0<\/span><\/p>\n<p><span data-contrast=\"auto\">\u00a0\u00a0\u00a0\u00a0\u00a0 \u2014\u00a0\u00a0\u00a0\u00a0 30% para estados mais populosos.<\/span><span data-ccp-props=\"{&quot;201341983&quot;:0,&quot;335559739&quot;:0,&quot;335559740&quot;:240}\">\u00a0<\/span><\/p>\n<p><span data-ccp-props=\"{&quot;201341983&quot;:0,&quot;335559739&quot;:0,&quot;335559740&quot;:240}\">\u00a0<\/span><\/p>\n<p><b><span data-contrast=\"auto\">Fundo de Desenvolvimento Sustent\u00e1vel<\/span><\/b><span data-ccp-props=\"{&quot;201341983&quot;:0,&quot;335559739&quot;:0,&quot;335559740&quot;:240}\">\u00a0<\/span><\/p>\n<ul>\n<li><span data-contrast=\"auto\"> Destinado a estados do Norte com \u00e1reas de livre-com\u00e9rcio<\/span><\/li>\n<li><span data-contrast=\"auto\"> Inicialmente restrito ao Amazonas, foi ampliado para Acre, Rond\u00f4nia, Roraima e Amap\u00e1<\/span><\/li>\n<li><span data-contrast=\"auto\"> Mudou de nome para Fundo de Desenvolvimento Sustent\u00e1vel dos Estados da Amaz\u00f4nia Ocidental<\/span><\/li>\n<\/ul>\n<p><span data-ccp-props=\"{&quot;201341983&quot;:0,&quot;335559739&quot;:0,&quot;335559740&quot;:240}\">\u00a0<\/span><\/p>\n<p><b><span data-contrast=\"auto\">Setor automotivo<\/span><\/b><span data-ccp-props=\"{&quot;201341983&quot;:0,&quot;335559739&quot;:0,&quot;335559740&quot;:240}\">\u00a0<\/span><\/p>\n<ul>\n<li><span data-contrast=\"auto\"> Prorroga\u00e7\u00e3o at\u00e9 31 de dezembro de 2032 de incentivos tribut\u00e1rios concedidos a montadoras instaladas no Norte, no Nordeste e no Centro-Oeste<\/span><\/li>\n<li><span data-contrast=\"auto\"> Benef\u00edcio vale apenas para projetos aprovados at\u00e9 31 de dezembro de 2024<\/span><\/li>\n<li><span data-contrast=\"auto\"> Incentivo n\u00e3o poder\u00e1 ser ampliado<\/span><\/li>\n<li><span data-contrast=\"auto\"> Vers\u00e3o inicial do relat\u00f3rio no Senado previa benef\u00edcio apenas para produ\u00e7\u00e3o de carros el\u00e9tricos<\/span><\/li>\n<li><span data-contrast=\"auto\"> Emendas dos senadores Fabiano Contarato (PT-ES) e Carlos Viana (Podemos-MG) estenderam incentivo a montadoras de ve\u00edculos movidos a biodiesel e a ve\u00edculos h\u00edbridos movidos a biodiesel e a gasolina<\/span><\/li>\n<li><span data-contrast=\"auto\"> Inclus\u00e3o do biodiesel beneficia produtores rurais<\/span><\/li>\n<li><span data-contrast=\"auto\"> Benef\u00edcio a ser regulamentado por lei complementar<\/span><\/li>\n<li><span data-contrast=\"auto\"> Amplia\u00e7\u00e3o gerou ofensiva de \u00faltima hora de governadores do Sul e do Sudeste e cr\u00edticas de montadoras tradicionais<\/span><\/li>\n<\/ul>\n<p><span data-ccp-props=\"{&quot;201341983&quot;:0,&quot;335559739&quot;:0,&quot;335559740&quot;:240}\">\u00a0<\/span><\/p>\n<p><b><span data-contrast=\"auto\">Bancos<\/span><\/b><span data-ccp-props=\"{&quot;201341983&quot;:0,&quot;335559739&quot;:0,&quot;335559740&quot;:240}\">\u00a0<\/span><\/p>\n<ul>\n<li><span data-contrast=\"auto\"> Manuten\u00e7\u00e3o da carga tribut\u00e1ria das opera\u00e7\u00f5es financeiras em geral;<\/span><\/li>\n<li><span data-contrast=\"auto\"> Manuten\u00e7\u00e3o da carga tribut\u00e1ria espec\u00edfica das opera\u00e7\u00f5es do FGTS e dos demais fundos garantidores, como Fundo de Arrendamento Residencial (FAR), Fundo Garantidor de Habita\u00e7\u00e3o Popular (FGHab), vinculados ao Minha Casa, Minha Vida, e Fundo de Desenvolvimento Social (FDS)<\/span><\/li>\n<\/ul>\n<p><span data-ccp-props=\"{&quot;201341983&quot;:0,&quot;335559739&quot;:0,&quot;335559740&quot;:240}\">\u00a0<\/span><\/p>\n<p><b><span data-contrast=\"auto\">Zona Franca de Manaus<\/span><\/b><span data-ccp-props=\"{&quot;201341983&quot;:0,&quot;335559739&quot;:0,&quot;335559740&quot;:240}\">\u00a0<\/span><\/p>\n<ul>\n<li><span data-contrast=\"auto\"> C\u00e2mara tinha inclu\u00eddo o imposto seletivo sobre produtos concorrentes de fora da regi\u00e3o para manter competitividade da Zona Franca;<\/span><\/li>\n<li><span data-contrast=\"auto\"> Relator trocou o imposto seletivo por Contribui\u00e7\u00e3o de Interven\u00e7\u00e3o no Dom\u00ednio Econ\u00f4mico (Cide).<\/span><\/li>\n<\/ul>\n<p><span data-ccp-props=\"{&quot;201341983&quot;:0,&quot;335559739&quot;:0,&quot;335559740&quot;:240}\">\u00a0<\/span><\/p>\n<p><b><span data-contrast=\"auto\">Limites a Unidades da Federa\u00e7\u00e3o<\/span><\/b><span data-ccp-props=\"{&quot;201341983&quot;:0,&quot;335559739&quot;:0,&quot;335559740&quot;:240}\">\u00a0<\/span><\/p>\n<ul>\n<li><span data-contrast=\"auto\"> Mantido artigo inclu\u00eddo de \u00faltima hora na C\u00e2mara que autoriza estados e Distrito Federal a criar contribui\u00e7\u00e3o sobre produtos prim\u00e1rios e semielaborados para financiar infraestruturas locais, mas foram acrescentadas restri\u00e7\u00f5es:<\/span><\/li>\n<\/ul>\n<p><span data-contrast=\"auto\">\u00a0\u00a0\u00a0\u00a0\u00a0 \u2014\u00a0\u00a0\u00a0\u00a0 Permiss\u00e3o apenas a fundos estaduais em funcionamento em 30 de abril de 2023<\/span><span data-ccp-props=\"{&quot;201341983&quot;:0,&quot;335559739&quot;:0,&quot;335559740&quot;:240}\">\u00a0<\/span><\/p>\n<p><span data-contrast=\"auto\">\u00a0\u00a0\u00a0\u00a0\u00a0 \u2014\u00a0\u00a0\u00a0\u00a0 Com a regra, apenas Goi\u00e1s, Mato Grosso, Mato Grosso do Sul e Par\u00e1 poder\u00e3o manter contribui\u00e7\u00e3o;<\/span><span data-ccp-props=\"{&quot;201341983&quot;:0,&quot;335559739&quot;:0,&quot;335559740&quot;:240}\">\u00a0<\/span><\/p>\n<p><span data-contrast=\"auto\">\u00a0\u00a0\u00a0\u00a0\u00a0 \u2014\u00a0\u00a0\u00a0\u00a0 Contribui\u00e7\u00e3o s\u00f3 poder\u00e1 ser cobrada at\u00e9 2032, para evitar nova guerra fiscal.<\/span><span data-ccp-props=\"{&quot;201341983&quot;:0,&quot;335559739&quot;:0,&quot;335559740&quot;:240}\">\u00a0<\/span><\/p>\n<p><span data-ccp-props=\"{&quot;201341983&quot;:0,&quot;335559739&quot;:0,&quot;335559740&quot;:240}\">\u00a0<\/span><\/p>\n<p><b><span data-contrast=\"auto\">Fundo de Compensa\u00e7\u00e3o de Benef\u00edcios Fiscais<\/span><\/b><span data-ccp-props=\"{&quot;201341983&quot;:0,&quot;335559739&quot;:0,&quot;335559740&quot;:240}\">\u00a0<\/span><\/p>\n<ul>\n<li><span data-contrast=\"auto\"> Seguro-receita para compensa\u00e7\u00e3o da perda de arrecada\u00e7\u00e3o dos entes federativos com o fim de incentivos fiscais sobe de 3% para 5% do Imposto sobre Bens e Servi\u00e7os (IBS);<\/span><\/li>\n<li><span data-contrast=\"auto\"> Mudan\u00e7a atende a pedido dos estados;<\/span><\/li>\n<li><span data-contrast=\"auto\"> Crit\u00e9rios de reparti\u00e7\u00e3o:<\/span><\/li>\n<\/ul>\n<p><span data-contrast=\"auto\">\u00a0\u00a0\u00a0\u00a0\u00a0 \u2014\u00a0\u00a0\u00a0\u00a0 estados e munic\u00edpios com maior perda relativa (em termos percentuais) de arrecada\u00e7\u00e3o;<\/span><span data-ccp-props=\"{&quot;201341983&quot;:0,&quot;335559739&quot;:0,&quot;335559740&quot;:240}\">\u00a0<\/span><\/p>\n<p><span data-contrast=\"auto\">\u00a0\u00a0\u00a0\u00a0\u00a0 \u2014\u00a0\u00a0\u00a0\u00a0 receita per capita (por habitante) do fundo n\u00e3o pode exceder tr\u00eas vezes a m\u00e9dia nacional, no caso dos estados, e tr\u00eas vezes a m\u00e9dia dos munic\u00edpios de todo o pa\u00eds, no caso das prefeituras.<\/span><span data-ccp-props=\"{&quot;201341983&quot;:0,&quot;335559739&quot;:0,&quot;335559740&quot;:240}\">\u00a0<\/span><\/p>\n<p><span data-ccp-props=\"{&quot;201341983&quot;:0,&quot;335559739&quot;:0,&quot;335559740&quot;:240}\">\u00a0<\/span><\/p>\n<p><b><span data-contrast=\"auto\">Comit\u00ea Gestor<\/span><\/b><span data-ccp-props=\"{&quot;201341983&quot;:0,&quot;335559739&quot;:0,&quot;335559740&quot;:240}\">\u00a0<\/span><\/p>\n<ul>\n<li><span data-contrast=\"auto\"> Encarregado de gerir a cobran\u00e7a e a arrecada\u00e7\u00e3o do IBS, Conselho Federativo foi rebatizado de Comit\u00ea Gestor;<\/span><\/li>\n<li><span data-contrast=\"auto\"> \u00d3rg\u00e3o passar\u00e1 a ter car\u00e1ter exclusivamente t\u00e9cnico, assegurando divis\u00e3o correta dos recursos, sem capacidade de propor regula\u00e7\u00f5es ao Legislativo;<\/span><\/li>\n<li><span data-contrast=\"auto\"> Presidente do Comit\u00ea Gestor ter\u00e1 de ser sabatinado pelo Senado.<\/span><\/li>\n<li><span data-contrast=\"auto\"> Congresso poder\u00e1 convocar o presidente do Comit\u00ea Gestor e pedir informa\u00e7\u00f5es, como ocorre com os ministros<\/span><\/li>\n<li><span data-contrast=\"auto\"> Representa\u00e7\u00e3o do \u00f3rg\u00e3o ser\u00e1 feita por integrantes das carreiras da Administra\u00e7\u00e3o Tribut\u00e1ria e das Procuradorias dos estados, do Distrito Federal e munic\u00edpios.<\/span><\/li>\n<li><span data-contrast=\"auto\"> Emenda sobre representantes do \u00f3rg\u00e3o acatada a pedido dos Fiscos para impedir cria\u00e7\u00e3o de carreiras e cargos dentro do Comit\u00ea Gestor<\/span><\/li>\n<\/ul>\n<p><span data-ccp-props=\"{&quot;201341983&quot;:0,&quot;335559739&quot;:0,&quot;335559740&quot;:240}\">\u00a0<\/span><\/p>\n<p><b><span data-contrast=\"auto\">Incentivo a estados e munic\u00edpios<\/span><\/b><span data-ccp-props=\"{&quot;201341983&quot;:0,&quot;335559739&quot;:0,&quot;335559740&quot;:240}\">\u00a0<\/span><\/p>\n<ul>\n<li><span data-contrast=\"auto\"> Estados e munic\u00edpios que aumentarem arrecada\u00e7\u00e3o ao longo do tempo acima da m\u00e9dia dos demais entes receber\u00e3o maior parcela do Imposto sobre Bens e Servi\u00e7os (IBS), de compet\u00eancia dos estados e dos munic\u00edpios<\/span><\/li>\n<li><span data-contrast=\"auto\"> Medida cria est\u00edmulos para gestores locais melhorarem efici\u00eancia da arrecada\u00e7\u00e3o<\/span><\/li>\n<li><span data-contrast=\"auto\"> Incentivo quer evitar \u201ccaroneiros\u201d, governadores e prefeitos que peguem carona na divis\u00e3o do IBS durante a transi\u00e7\u00e3o sem se esfor\u00e7arem para aumentar arrecada\u00e7\u00e3o pr\u00f3pria, porque a parcela de cada um estar\u00e1 estabelecida ap\u00f3s 2028<\/span><\/li>\n<\/ul>\n<p><span data-ccp-props=\"{&quot;201341983&quot;:0,&quot;335559739&quot;:0,&quot;335559740&quot;:240}\">\u00a0<\/span><\/p>\n<p><span data-ccp-props=\"{&quot;201341983&quot;:0,&quot;335559739&quot;:0,&quot;335559740&quot;:240}\">\u00a0<\/span><\/p>\n<p>\u00a0<\/p>\n<\/div>\n<p><br \/>\n<br \/><a href=\"https:\/\/www.tribunaribeirao.com.br\/site\/entenda-as-mudancas-da-reforma-tributaria-no-senado\/\">Source link <\/a><\/p>\n<div class='code-block code-block-4' style='margin: 8px auto 8px 0; text-align: left; display: block; clear: both;'>\n\ud83d\udce2 Aviso Legal\n\nO site ismaelcolosi.com.br atua apenas como um canal de divulga\u00e7\u00e3o de oportunidades de emprego e n\u00e3o se responsabiliza pelo processo seletivo, contrata\u00e7\u00e3o ou qualquer outra etapa relacionada \u00e0s vagas publicadas. Todas as informa\u00e7\u00f5es s\u00e3o de responsabilidade dos anunciantes.\n\n\u26a0\ufe0f Aten\u00e7\u00e3o! Nunca pague por promessas de emprego nem compre cursos que garantam contrata\u00e7\u00e3o. Desconfie de qualquer cobran\u00e7a para participar de sele\u00e7\u00f5es.\n\n\n\n<\/div>\n<!-- CONTENT END 1 -->\n","protected":false},"excerpt":{"rendered":"<p>A primeira fase da reforma tribut\u00e1ria, que pretende simplificar e unificar tributos sobre o consumo, deu mais um passo na \u00faltima quarta-feira (8) com a&#8230;<\/p>\n","protected":false},"author":1,"featured_media":0,"comment_status":"open","ping_status":"open","sticky":false,"template":"","format":"standard","meta":{"_uag_custom_page_level_css":"","advanced_seo_description":"","jetpack_seo_html_title":"","jetpack_seo_noindex":false,"jetpack_post_was_ever_published":false,"_jetpack_newsletter_access":"","_jetpack_dont_email_post_to_subs":false,"_jetpack_newsletter_tier_id":0,"_jetpack_memberships_contains_paywalled_content":false,"_jetpack_memberships_contains_paid_content":false,"footnotes":"","jetpack_publicize_message":"","jetpack_publicize_feature_enabled":true,"jetpack_social_post_already_shared":false,"jetpack_social_options":{"image_generator_settings":{"template":"highway","default_image_id":0,"font":"","enabled":false},"version":2}},"categories":[11],"tags":[],"class_list":["post-1365","post","type-post","status-publish","format-standard","hentry","category-noticias-de-ribeirao-preto-sp-e-regiao-ismael-colosi"],"jetpack_publicize_connections":[],"jetpack_featured_media_url":"","uagb_featured_image_src":{"full":false,"thumbnail":false,"medium":false,"medium_large":false,"large":false,"1536x1536":false,"2048x2048":false,"really-simple-thumb":false},"uagb_author_info":{"display_name":"ismaelcolosi.com.br","author_link":"https:\/\/ismaelcolosi.com.br\/index.php\/author\/vidareal-online\/"},"uagb_comment_info":0,"uagb_excerpt":"A primeira fase da reforma tribut\u00e1ria, que pretende simplificar e unificar tributos sobre o consumo, deu mais um passo na \u00faltima quarta-feira (8) com a...","jetpack-related-posts":[{"id":3850,"url":"https:\/\/ismaelcolosi.com.br\/index.php\/2023\/11\/20\/reforma-tributaria-pode-reduzir-o-valor-da-cesta-basica\/","url_meta":{"origin":1365,"position":0},"title":"Reforma Tribut\u00e1ria pode reduzir o valor da Cesta B\u00e1sica","author":"ismaelcolosi.com.br","date":"20 de November de 2023","format":false,"excerpt":"Cr\u00e9ditos: Ag\u00eancia Brasil\/T\u00e2nia RegoCesta b\u00e1sica: Governo d\u00e1 not\u00edcia sobre o pre\u00e7o de alimentos O Senado Federal aprovou a primeira fase da reforma tribut\u00e1ria, um marco que pode redefinir a tributa\u00e7\u00e3o de produtos de consumo no Brasil. Agora, o texto retorna \u00e0 C\u00e2mara dos Deputados, e a expectativa \u00e9 de mudan\u00e7as\u2026","rel":"","context":"In &quot;Variedades&quot;","block_context":{"text":"Variedades","link":"https:\/\/ismaelcolosi.com.br\/index.php\/category\/variedades\/"},"img":{"alt_text":"","src":"https:\/\/i0.wp.com\/ismaelcolosi.com.br\/wp-content\/uploads\/2023\/11\/cesta-basica-mais-barata-governo-traz-novidades-imperdiveis-sobre-os-alimentos.jpg?fit=1200%2C638&ssl=1&resize=350%2C200","width":350,"height":200,"srcset":"https:\/\/i0.wp.com\/ismaelcolosi.com.br\/wp-content\/uploads\/2023\/11\/cesta-basica-mais-barata-governo-traz-novidades-imperdiveis-sobre-os-alimentos.jpg?fit=1200%2C638&ssl=1&resize=350%2C200 1x, https:\/\/i0.wp.com\/ismaelcolosi.com.br\/wp-content\/uploads\/2023\/11\/cesta-basica-mais-barata-governo-traz-novidades-imperdiveis-sobre-os-alimentos.jpg?fit=1200%2C638&ssl=1&resize=525%2C300 1.5x, https:\/\/i0.wp.com\/ismaelcolosi.com.br\/wp-content\/uploads\/2023\/11\/cesta-basica-mais-barata-governo-traz-novidades-imperdiveis-sobre-os-alimentos.jpg?fit=1200%2C638&ssl=1&resize=700%2C400 2x, https:\/\/i0.wp.com\/ismaelcolosi.com.br\/wp-content\/uploads\/2023\/11\/cesta-basica-mais-barata-governo-traz-novidades-imperdiveis-sobre-os-alimentos.jpg?fit=1200%2C638&ssl=1&resize=1050%2C600 3x"},"classes":[]},{"id":16921,"url":"https:\/\/ismaelcolosi.com.br\/index.php\/2023\/12\/16\/aprovada-reforma-tributaria-historica\/","url_meta":{"origin":1365,"position":1},"title":"Aprovada reforma tribut\u00e1ria hist\u00f3rica\u00a0 &#8211; Jornal Tribuna Ribeir\u00e3o","author":"ismaelcolosi.com.br","date":"16 de December de 2023","format":false,"excerpt":"Ap\u00f3s 30 anos de tentativas frustradas, a C\u00e2mara dos Deputados aprovou, em vota\u00e7\u00e3o hist\u00f3rica nesta sexta-feira, 15 de dezembro, o texto final da Proposta de Emenda \u00e0 Constitui\u00e7\u00e3o (PEC) da Reforma Tribut\u00e1ria. \u00c9 a primeira grande mudan\u00e7a no sistema de tributos desde o fim da ditadura militar no pa\u00eds. \u00a0\u00a0A\u2026","rel":"","context":"In &quot;Not\u00edcias de Ribeir\u00e3o Preto-SP e Regi\u00e3o&quot;","block_context":{"text":"Not\u00edcias de Ribeir\u00e3o Preto-SP e Regi\u00e3o","link":"https:\/\/ismaelcolosi.com.br\/index.php\/category\/noticias-de-ribeirao-preto-sp-e-regiao-ismael-colosi\/"},"img":{"alt_text":"","src":"https:\/\/i0.wp.com\/ismaelcolosi.com.br\/wp-content\/uploads\/2023\/12\/Tributo-Lula-Marques-Ag.Br_-scaled.jpg?fit=1000%2C590&ssl=1&resize=350%2C200","width":350,"height":200,"srcset":"https:\/\/i0.wp.com\/ismaelcolosi.com.br\/wp-content\/uploads\/2023\/12\/Tributo-Lula-Marques-Ag.Br_-scaled.jpg?fit=1000%2C590&ssl=1&resize=350%2C200 1x, https:\/\/i0.wp.com\/ismaelcolosi.com.br\/wp-content\/uploads\/2023\/12\/Tributo-Lula-Marques-Ag.Br_-scaled.jpg?fit=1000%2C590&ssl=1&resize=525%2C300 1.5x, https:\/\/i0.wp.com\/ismaelcolosi.com.br\/wp-content\/uploads\/2023\/12\/Tributo-Lula-Marques-Ag.Br_-scaled.jpg?fit=1000%2C590&ssl=1&resize=700%2C400 2x"},"classes":[]},{"id":17642,"url":"https:\/\/ismaelcolosi.com.br\/index.php\/2023\/12\/18\/o-que-muda-com-reforma-tributaria\/","url_meta":{"origin":1365,"position":2},"title":"o que muda com reforma tribut\u00e1ria","author":"ismaelcolosi.com.br","date":"18 de December de 2023","format":false,"excerpt":"Aprovada na sexta-feira, 15, ap\u00f3s 30 anos de discuss\u00e3o, a reforma tribut\u00e1ria simplificar\u00e1 a tributa\u00e7\u00e3o sobre o consumo e provocar\u00e1 mudan\u00e7a na vida dos brasileiros na hora de comprar produtos e servi\u00e7os. Cr\u00e9ditos: istock\/joa_souzaCesta b\u00e1sica, combust\u00edvel, servi\u00e7os: o que muda com reforma tribut\u00e1ria Cesta b\u00e1sica, rem\u00e9dios, combust\u00edveis, servi\u00e7os de internet\u2026","rel":"","context":"In &quot;Variedades&quot;","block_context":{"text":"Variedades","link":"https:\/\/ismaelcolosi.com.br\/index.php\/category\/variedades\/"},"img":{"alt_text":"","src":"https:\/\/i0.wp.com\/ismaelcolosi.com.br\/wp-content\/uploads\/2023\/12\/istock-1344796730.jpg?fit=1200%2C638&ssl=1&resize=350%2C200","width":350,"height":200,"srcset":"https:\/\/i0.wp.com\/ismaelcolosi.com.br\/wp-content\/uploads\/2023\/12\/istock-1344796730.jpg?fit=1200%2C638&ssl=1&resize=350%2C200 1x, https:\/\/i0.wp.com\/ismaelcolosi.com.br\/wp-content\/uploads\/2023\/12\/istock-1344796730.jpg?fit=1200%2C638&ssl=1&resize=525%2C300 1.5x, https:\/\/i0.wp.com\/ismaelcolosi.com.br\/wp-content\/uploads\/2023\/12\/istock-1344796730.jpg?fit=1200%2C638&ssl=1&resize=700%2C400 2x, https:\/\/i0.wp.com\/ismaelcolosi.com.br\/wp-content\/uploads\/2023\/12\/istock-1344796730.jpg?fit=1200%2C638&ssl=1&resize=1050%2C600 3x"},"classes":[]},{"id":774,"url":"https:\/\/ismaelcolosi.com.br\/index.php\/2023\/11\/09\/senado-aprova-texto-da-reforma-tributaria\/","url_meta":{"origin":1365,"position":3},"title":"Senado aprova texto da reforma tribut\u00e1ria","author":"ismaelcolosi.com.br","date":"9 de November de 2023","format":false,"excerpt":"O Senado aprovou nesta quarta-feira, 8 de novembro, em dois turnos, o texto-base da reforma tribut\u00e1ria por 53 votos a 24. A aprova\u00e7\u00e3o se deu por uma margem apertada, j\u00e1 que eram necess\u00e1rios 49 votos para que o texto tivesse a chancela dos senadores. Como passou por modifica\u00e7\u00f5es no Senado\u2026","rel":"","context":"In &quot;Not\u00edcias de Ribeir\u00e3o Preto-SP e Regi\u00e3o&quot;","block_context":{"text":"Not\u00edcias de Ribeir\u00e3o Preto-SP e Regi\u00e3o","link":"https:\/\/ismaelcolosi.com.br\/index.php\/category\/noticias-de-ribeirao-preto-sp-e-regiao-ismael-colosi\/"},"img":{"alt_text":"","src":"https:\/\/i0.wp.com\/ismaelcolosi.com.br\/wp-content\/uploads\/2023\/11\/reformatributaria-1-scaled.jpg?fit=1000%2C598&ssl=1&resize=350%2C200","width":350,"height":200,"srcset":"https:\/\/i0.wp.com\/ismaelcolosi.com.br\/wp-content\/uploads\/2023\/11\/reformatributaria-1-scaled.jpg?fit=1000%2C598&ssl=1&resize=350%2C200 1x, https:\/\/i0.wp.com\/ismaelcolosi.com.br\/wp-content\/uploads\/2023\/11\/reformatributaria-1-scaled.jpg?fit=1000%2C598&ssl=1&resize=525%2C300 1.5x, https:\/\/i0.wp.com\/ismaelcolosi.com.br\/wp-content\/uploads\/2023\/11\/reformatributaria-1-scaled.jpg?fit=1000%2C598&ssl=1&resize=700%2C400 2x"},"classes":[]},{"id":17802,"url":"https:\/\/ismaelcolosi.com.br\/index.php\/2023\/12\/19\/veja-o-que-fica-mais-barato-e-o-que-fica-mais-caro\/","url_meta":{"origin":1365,"position":4},"title":"veja o que fica mais barato e o que fica mais caro","author":"ismaelcolosi.com.br","date":"19 de December de 2023","format":false,"excerpt":"Aprovada na sexta-feira, 15, ap\u00f3s 30 anos de discuss\u00e3o, a reforma tribut\u00e1ria simplificar\u00e1 a tributa\u00e7\u00e3o sobre o consumo e provocar\u00e1 mudan\u00e7a na vida dos brasileiros na hora de comprar produtos e servi\u00e7os. Cr\u00e9ditos: Istock\/Edson SouzaReforma tribut\u00e1ria: Veja o que fica mais barato e o que fica mais caro Cesta b\u00e1sica,\u2026","rel":"","context":"In &quot;Variedades&quot;","block_context":{"text":"Variedades","link":"https:\/\/ismaelcolosi.com.br\/index.php\/category\/variedades\/"},"img":{"alt_text":"","src":"https:\/\/i0.wp.com\/ismaelcolosi.com.br\/wp-content\/uploads\/2023\/12\/istock-1379164747.jpg?fit=1200%2C638&ssl=1&resize=350%2C200","width":350,"height":200,"srcset":"https:\/\/i0.wp.com\/ismaelcolosi.com.br\/wp-content\/uploads\/2023\/12\/istock-1379164747.jpg?fit=1200%2C638&ssl=1&resize=350%2C200 1x, https:\/\/i0.wp.com\/ismaelcolosi.com.br\/wp-content\/uploads\/2023\/12\/istock-1379164747.jpg?fit=1200%2C638&ssl=1&resize=525%2C300 1.5x, https:\/\/i0.wp.com\/ismaelcolosi.com.br\/wp-content\/uploads\/2023\/12\/istock-1379164747.jpg?fit=1200%2C638&ssl=1&resize=700%2C400 2x, https:\/\/i0.wp.com\/ismaelcolosi.com.br\/wp-content\/uploads\/2023\/12\/istock-1379164747.jpg?fit=1200%2C638&ssl=1&resize=1050%2C600 3x"},"classes":[]},{"id":20282,"url":"https:\/\/ismaelcolosi.com.br\/index.php\/2023\/12\/24\/entenda-a-reforma-tributaria-promulgada-nesta-semana\/","url_meta":{"origin":1365,"position":5},"title":"Entenda a reforma tribut\u00e1ria promulgada nesta semana\u00a0","author":"ismaelcolosi.com.br","date":"24 de December de 2023","format":false,"excerpt":"Depois de 30 anos de discuss\u00e3o, o Congresso Nacional deu um passo hist\u00f3rico e promulgou, na quarta-feira (20), a reforma tribut\u00e1ria sobre o consumo. No pr\u00f3ximo ano, os parlamentares se debru\u00e7ar\u00e3o sobre os projetos de lei complementar que regulamentar\u00e3o v\u00e1rios pontos da emenda constitucional e iniciar\u00e3o a segunda etapa da\u2026","rel":"","context":"In &quot;Not\u00edcias de Ribeir\u00e3o Preto-SP e Regi\u00e3o&quot;","block_context":{"text":"Not\u00edcias de Ribeir\u00e3o Preto-SP e Regi\u00e3o","link":"https:\/\/ismaelcolosi.com.br\/index.php\/category\/noticias-de-ribeirao-preto-sp-e-regiao-ismael-colosi\/"},"img":{"alt_text":"","src":"https:\/\/i0.wp.com\/ismaelcolosi.com.br\/wp-content\/uploads\/2023\/12\/reforma-b3-domingo-marcello-casal-jr-scaled.jpg?fit=1000%2C598&ssl=1&resize=350%2C200","width":350,"height":200,"srcset":"https:\/\/i0.wp.com\/ismaelcolosi.com.br\/wp-content\/uploads\/2023\/12\/reforma-b3-domingo-marcello-casal-jr-scaled.jpg?fit=1000%2C598&ssl=1&resize=350%2C200 1x, https:\/\/i0.wp.com\/ismaelcolosi.com.br\/wp-content\/uploads\/2023\/12\/reforma-b3-domingo-marcello-casal-jr-scaled.jpg?fit=1000%2C598&ssl=1&resize=525%2C300 1.5x, https:\/\/i0.wp.com\/ismaelcolosi.com.br\/wp-content\/uploads\/2023\/12\/reforma-b3-domingo-marcello-casal-jr-scaled.jpg?fit=1000%2C598&ssl=1&resize=700%2C400 2x"},"classes":[]}],"jetpack_sharing_enabled":true,"jetpack_shortlink":"https:\/\/wp.me\/pfMlyK-m1","_links":{"self":[{"href":"https:\/\/ismaelcolosi.com.br\/index.php\/wp-json\/wp\/v2\/posts\/1365","targetHints":{"allow":["GET"]}}],"collection":[{"href":"https:\/\/ismaelcolosi.com.br\/index.php\/wp-json\/wp\/v2\/posts"}],"about":[{"href":"https:\/\/ismaelcolosi.com.br\/index.php\/wp-json\/wp\/v2\/types\/post"}],"author":[{"embeddable":true,"href":"https:\/\/ismaelcolosi.com.br\/index.php\/wp-json\/wp\/v2\/users\/1"}],"replies":[{"embeddable":true,"href":"https:\/\/ismaelcolosi.com.br\/index.php\/wp-json\/wp\/v2\/comments?post=1365"}],"version-history":[{"count":0,"href":"https:\/\/ismaelcolosi.com.br\/index.php\/wp-json\/wp\/v2\/posts\/1365\/revisions"}],"wp:attachment":[{"href":"https:\/\/ismaelcolosi.com.br\/index.php\/wp-json\/wp\/v2\/media?parent=1365"}],"wp:term":[{"taxonomy":"category","embeddable":true,"href":"https:\/\/ismaelcolosi.com.br\/index.php\/wp-json\/wp\/v2\/categories?post=1365"},{"taxonomy":"post_tag","embeddable":true,"href":"https:\/\/ismaelcolosi.com.br\/index.php\/wp-json\/wp\/v2\/tags?post=1365"}],"curies":[{"name":"wp","href":"https:\/\/api.w.org\/{rel}","templated":true}]}}