{"id":1363,"date":"2023-11-12T08:39:31","date_gmt":"2023-11-12T11:39:31","guid":{"rendered":"https:\/\/ismaelcolosi.com.br\/index.php\/2023\/11\/12\/saiba-tudo-sobre-o-ultimo-dia-de-provas-do-enem-2023\/"},"modified":"2023-11-12T08:39:31","modified_gmt":"2023-11-12T11:39:31","slug":"saiba-tudo-sobre-o-ultimo-dia-de-provas-do-enem-2023","status":"publish","type":"post","link":"https:\/\/ismaelcolosi.com.br\/index.php\/2023\/11\/12\/saiba-tudo-sobre-o-ultimo-dia-de-provas-do-enem-2023\/","title":{"rendered":"Saiba tudo sobre o \u00faltimo dia de provas do Enem 2023"},"content":{"rendered":"<p> <br \/>\n<\/p>\n<div>\n<p><strong>Neste domingo (12), estudantes de todo o pa\u00eds voltar\u00e3o \u00e0s salas de aplica\u00e7\u00e3o do Exame Nacional do Ensino M\u00e9dio (Enem) para fazer as quest\u00f5es do segundo e \u00faltimo dia de prova.<\/strong><\/p>\n<p>Agora, ser\u00e3o resolvidas as <strong>quest\u00f5es de matem\u00e1tica e de ci\u00eancias da natureza.<\/strong> Para isso, ter\u00e3o 5 horas. A um dia da prova, verifique o que levar e o que n\u00e3o levar e os hor\u00e1rios do exame.<\/p>\n<p>\u00c9 obrigat\u00f3rio levar caneta esferogr\u00e1fica de tinta preta, fabricada em material transparente, e documento de identifica\u00e7\u00e3o v\u00e1lido, f\u00edsico ou digital. Tamb\u00e9m \u00e9 aconselh\u00e1vel levar o cart\u00e3o de confirma\u00e7\u00e3o de inscri\u00e7\u00e3o.<\/p>\n<p>Tamb\u00e9m s\u00e3o aceitos os documentos digitais e-T\u00edtulo, Carteira Nacional de Habilita\u00e7\u00e3o Digital e RG Digital, desde que apresentados nos respectivos aplicativos oficiais. Capturas de telas n\u00e3o ser\u00e3o aceitas.<\/p>\n<p>\u00c9 recomendado que os candidatos levem lanches e \u00e1gua, uma vez que se trata de uma prova longa.\u00a0<\/p>\n<h4 class=\"wp-block-heading\"><strong>Declara\u00e7\u00e3o de comparecimento<\/strong><\/h4>\n<p>Para quem precisa justificar sua presen\u00e7a no exame, o Instituto Nacional de Estudos e Pesquisas Educacionais An\u00edsio Teixeira (Inep) oferece uma declara\u00e7\u00e3o de comparecimento.\u00a0<\/p>\n<p>A declara\u00e7\u00e3o est\u00e1 dispon\u00edvel na <a href=\"https:\/\/enem.inep.gov.br\/participante\/#!\/\" target=\"_blank\" rel=\"noreferrer noopener\">P\u00e1gina do Participante<\/a>. \u00c9 preciso imprimir a declara\u00e7\u00e3o e lev\u00e1-la no dia do exame. Ela deve ser assinada pelo aplicador.\u00a0<\/p>\n<h4 class=\"wp-block-heading\"><strong>Hor\u00e1rios de prova<\/strong><\/h4>\n<p><strong>A abertura dos port\u00f5es ser\u00e1 \u00e0s 12h e o fechamento, \u00e0s 13h, pelo hor\u00e1rio de Bras\u00edlia<\/strong>. \u00c9 proibida a entrada do participante ap\u00f3s o fechamento dos port\u00f5es. <strong>O in\u00edcio est\u00e1 marcado para as 13h30. <\/strong>A prova termina \u00e0s 18h30. A partir das 18h, \u00e9 permitido sair com o caderno de provas.<\/p>\n<h4 class=\"wp-block-heading\"><strong>Elimina\u00e7\u00e3o<\/strong><\/h4>\n<p>Segundo estabelecido no edital do Enem, alguns objetos n\u00e3o podem permanecer com os candidatos durante a prova.<\/p>\n<p>Ao ingressar na sala de provas, o candidato dever\u00e1 guardar no envelope porta-objetos todos os seus pertences como \u00f3culos escuros, chap\u00e9u, caneta de material n\u00e3o transparente, l\u00e1pis, lapiseira, borrachas, r\u00e9guas, corretivos, livros, chaves e qualquer equipamento eletr\u00f4nico (que dever\u00e1 estar desligado).<\/p>\n<p>Quem n\u00e3o seguir essa regra tamb\u00e9m pode ser eliminado da prova. <strong>Se o aparelho eletr\u00f4nico, ainda que dentro do envelope porta-objetos, emitir qualquer tipo de som, como toque ou alarme, o participante ser\u00e1 eliminado.<\/strong><\/p>\n<p>No dia da prova, os candidatos ser\u00e3o submetidos \u00e0 revista eletr\u00f4nica, e os objetos e lanches tamb\u00e9m ser\u00e3o vistoriados. A recusa sem justificativa dessas vistorias pode ser motivo de elimina\u00e7\u00e3o.<\/p>\n<p>Ser\u00e1 eliminado do Enem o participante que se comunicar de qualquer forma com qualquer pessoa que n\u00e3o seja o aplicador da prova ou utilizar livros, notas, pap\u00e9is ou impressos durante a aplica\u00e7\u00e3o do exame.<\/p>\n<p>Sair da sala de provas a partir das 13h sem o acompanhamento de um fiscal ou ir embora do local antes de ter passado duas horas do in\u00edcio das provas tamb\u00e9m podem eliminar o candidato.<\/p>\n<h4 class=\"wp-block-heading\"><strong>Enem 2023<\/strong><\/h4>\n<p>O Enem come\u00e7ou a ser aplicado no \u00faltimo domingo (5), quando os estudantes fizeram as provas de linguagens, ci\u00eancias humanas e reda\u00e7\u00e3o. As provas seguem neste domingo (12), em mais de 1,7 mil munic\u00edpios de todo o pa\u00eds.<\/p>\n<p>Mais de 3,9 milh\u00f5es de candidatos est\u00e3o inscritos e cerca de 2,8 milh\u00f5es compareceram ao primeiro dia de prova.<\/p>\n<p><!-- AI CONTENT END 1 -->\n<\/div>\n<p><br \/>\n<br \/><a href=\"https:\/\/www.acidadeon.com\/ribeiraopreto\/cotidiano\/saiba-tudo-sobre-o-ultimo-dia-de-provas-do-enem-2023\/\">Source link <\/a><\/p>\n<div class='code-block code-block-4' style='margin: 8px auto 8px 0; text-align: left; display: block; clear: both;'>\n\ud83d\udce2 Aviso Legal\n\nO site ismaelcolosi.com.br atua apenas como um canal de divulga\u00e7\u00e3o de oportunidades de emprego e n\u00e3o se responsabiliza pelo processo seletivo, contrata\u00e7\u00e3o ou qualquer outra etapa relacionada \u00e0s vagas publicadas. Todas as informa\u00e7\u00f5es s\u00e3o de responsabilidade dos anunciantes.\n\n\u26a0\ufe0f Aten\u00e7\u00e3o! Nunca pague por promessas de emprego nem compre cursos que garantam contrata\u00e7\u00e3o. Desconfie de qualquer cobran\u00e7a para participar de sele\u00e7\u00f5es.\n\n\n\n<\/div>\n<!-- CONTENT END 1 -->\n","protected":false},"excerpt":{"rendered":"<p>Neste domingo (12), estudantes de todo o pa\u00eds voltar\u00e3o \u00e0s salas de aplica\u00e7\u00e3o do Exame Nacional do Ensino M\u00e9dio (Enem) para fazer as quest\u00f5es do&#8230;<\/p>\n","protected":false},"author":1,"featured_media":1364,"comment_status":"open","ping_status":"open","sticky":false,"template":"","format":"standard","meta":{"_uag_custom_page_level_css":"","advanced_seo_description":"","jetpack_seo_html_title":"","jetpack_seo_noindex":false,"jetpack_post_was_ever_published":false,"_jetpack_newsletter_access":"","_jetpack_dont_email_post_to_subs":false,"_jetpack_newsletter_tier_id":0,"_jetpack_memberships_contains_paywalled_content":false,"_jetpack_memberships_contains_paid_content":false,"footnotes":"","jetpack_publicize_message":"","jetpack_publicize_feature_enabled":true,"jetpack_social_post_already_shared":false,"jetpack_social_options":{"image_generator_settings":{"template":"highway","default_image_id":0,"font":"","enabled":false},"version":2}},"categories":[11],"tags":[],"class_list":["post-1363","post","type-post","status-publish","format-standard","has-post-thumbnail","hentry","category-noticias-de-ribeirao-preto-sp-e-regiao-ismael-colosi"],"jetpack_publicize_connections":[],"jetpack_featured_media_url":"https:\/\/i0.wp.com\/ismaelcolosi.com.br\/wp-content\/uploads\/2023\/11\/prova_do_1200x675_19112021093253.jpg?fit=1200%2C675&ssl=1","uagb_featured_image_src":{"full":["https:\/\/i0.wp.com\/ismaelcolosi.com.br\/wp-content\/uploads\/2023\/11\/prova_do_1200x675_19112021093253.jpg?fit=1200%2C675&ssl=1",1200,675,false],"thumbnail":["https:\/\/i0.wp.com\/ismaelcolosi.com.br\/wp-content\/uploads\/2023\/11\/prova_do_1200x675_19112021093253.jpg?resize=150%2C150&ssl=1",150,150,true],"medium":["https:\/\/i0.wp.com\/ismaelcolosi.com.br\/wp-content\/uploads\/2023\/11\/prova_do_1200x675_19112021093253.jpg?fit=300%2C169&ssl=1",300,169,true],"medium_large":["https:\/\/i0.wp.com\/ismaelcolosi.com.br\/wp-content\/uploads\/2023\/11\/prova_do_1200x675_19112021093253.jpg?fit=768%2C432&ssl=1",768,432,true],"large":["https:\/\/i0.wp.com\/ismaelcolosi.com.br\/wp-content\/uploads\/2023\/11\/prova_do_1200x675_19112021093253.jpg?fit=1024%2C576&ssl=1",1024,576,true],"1536x1536":["https:\/\/i0.wp.com\/ismaelcolosi.com.br\/wp-content\/uploads\/2023\/11\/prova_do_1200x675_19112021093253.jpg?fit=1200%2C675&ssl=1",1200,675,true],"2048x2048":["https:\/\/i0.wp.com\/ismaelcolosi.com.br\/wp-content\/uploads\/2023\/11\/prova_do_1200x675_19112021093253.jpg?fit=1200%2C675&ssl=1",1200,675,true],"really-simple-thumb":["https:\/\/i0.wp.com\/ismaelcolosi.com.br\/wp-content\/uploads\/2023\/11\/prova_do_1200x675_19112021093253.jpg?resize=370%2C247&ssl=1",370,247,true]},"uagb_author_info":{"display_name":"ismaelcolosi.com.br","author_link":"https:\/\/ismaelcolosi.com.br\/index.php\/author\/vidareal-online\/"},"uagb_comment_info":0,"uagb_excerpt":"Neste domingo (12), estudantes de todo o pa\u00eds voltar\u00e3o \u00e0s salas de aplica\u00e7\u00e3o do Exame Nacional do Ensino M\u00e9dio (Enem) para fazer as quest\u00f5es do...","jetpack-related-posts":[{"id":47250,"url":"https:\/\/ismaelcolosi.com.br\/index.php\/2024\/04\/25\/enem-dos-concursos-tera-coleta-de-digital-e-exame-grafologico-para-evitar-fraudes-entenda\/","url_meta":{"origin":1363,"position":0},"title":"\u2018Enem dos concursos\u2019 ter\u00e1 coleta de digital e exame grafol\u00f3gico para evitar fraudes; entenda","author":"ismaelcolosi.com.br","date":"25 de April de 2024","format":false,"excerpt":"Da reda\u00e7\u00e3oi Da reda\u00e7\u00e3o 23\/04\/2024 - 9:15 O CNPU (Concurso P\u00fablico Nacional Unificado), tamb\u00e9m conhecido como \u201cEnem dos Concursos\u201d, ser\u00e1 realizado no dia 5 de maio em 228 cidades.Para garantir a lisura do processo aos 2,1 milh\u00f5es de candidatos, a organiza\u00e7\u00e3o adotou medidas de seguran\u00e7a para a aplica\u00e7\u00e3o da prova.\u2026","rel":"","context":"In &quot;Empregos - Classificados&quot;","block_context":{"text":"Empregos - Classificados","link":"https:\/\/ismaelcolosi.com.br\/index.php\/category\/empregos-classificados-vagas-trabalho\/"},"img":{"alt_text":"","src":"https:\/\/i0.wp.com\/ismaelcolosi.com.br\/wp-content\/uploads\/2024\/04\/hand-with-pen-writing-paper-scaled.jpg?fit=1200%2C800&ssl=1&resize=350%2C200","width":350,"height":200,"srcset":"https:\/\/i0.wp.com\/ismaelcolosi.com.br\/wp-content\/uploads\/2024\/04\/hand-with-pen-writing-paper-scaled.jpg?fit=1200%2C800&ssl=1&resize=350%2C200 1x, https:\/\/i0.wp.com\/ismaelcolosi.com.br\/wp-content\/uploads\/2024\/04\/hand-with-pen-writing-paper-scaled.jpg?fit=1200%2C800&ssl=1&resize=525%2C300 1.5x, https:\/\/i0.wp.com\/ismaelcolosi.com.br\/wp-content\/uploads\/2024\/04\/hand-with-pen-writing-paper-scaled.jpg?fit=1200%2C800&ssl=1&resize=700%2C400 2x, https:\/\/i0.wp.com\/ismaelcolosi.com.br\/wp-content\/uploads\/2024\/04\/hand-with-pen-writing-paper-scaled.jpg?fit=1200%2C800&ssl=1&resize=1050%2C600 3x"},"classes":[]},{"id":60633,"url":"https:\/\/ismaelcolosi.com.br\/index.php\/2024\/08\/17\/enem-dos-concursos-e-neste-domingo-veja-locais-horarios-e-o-que-levar\/","url_meta":{"origin":1363,"position":1},"title":"\u2018Enem dos concursos\u2019 \u00e9 neste domingo: veja locais, hor\u00e1rios\u00a0e\u00a0o\u00a0que\u00a0levar","author":"ismaelcolosi.com.br","date":"17 de August de 2024","format":false,"excerpt":"Da reda\u00e7\u00e3oi Da reda\u00e7\u00e3o 17\/08\/2024 - 6:00 Neste domingo, 18, ser\u00e1 realizada a prova do CPNU (Concurso P\u00fablico Nacional Unificado), conhecida tamb\u00e9m por \u201cEnem dos concursos\u201d.S\u00e3o mais de 2 milh\u00f5es de inscritos, que\u00a0far\u00e3o as avalia\u00e7\u00f5es em 3.665 locais de aplica\u00e7\u00e3o e 75.730 salas, distribu\u00eddas em 228 munic\u00edpios de todos os\u2026","rel":"","context":"In &quot;Empregos - Classificados&quot;","block_context":{"text":"Empregos - Classificados","link":"https:\/\/ismaelcolosi.com.br\/index.php\/category\/empregos-classificados-vagas-trabalho\/"},"img":{"alt_text":"","src":"https:\/\/i0.wp.com\/ismaelcolosi.com.br\/wp-content\/uploads\/2024\/08\/prova-1.jpg?fit=1200%2C751&ssl=1&resize=350%2C200","width":350,"height":200,"srcset":"https:\/\/i0.wp.com\/ismaelcolosi.com.br\/wp-content\/uploads\/2024\/08\/prova-1.jpg?fit=1200%2C751&ssl=1&resize=350%2C200 1x, https:\/\/i0.wp.com\/ismaelcolosi.com.br\/wp-content\/uploads\/2024\/08\/prova-1.jpg?fit=1200%2C751&ssl=1&resize=525%2C300 1.5x, https:\/\/i0.wp.com\/ismaelcolosi.com.br\/wp-content\/uploads\/2024\/08\/prova-1.jpg?fit=1200%2C751&ssl=1&resize=700%2C400 2x, https:\/\/i0.wp.com\/ismaelcolosi.com.br\/wp-content\/uploads\/2024\/08\/prova-1.jpg?fit=1200%2C751&ssl=1&resize=1050%2C600 3x"},"classes":[]},{"id":72579,"url":"https:\/\/ismaelcolosi.com.br\/index.php\/2024\/10\/22\/vai-fazer-o-enem-veja-como-consultar-o-local-de-prova\/","url_meta":{"origin":1363,"position":2},"title":"Vai fazer o Enem? Veja como consultar o local de prova","author":"ismaelcolosi.com.br","date":"22 de October de 2024","format":false,"excerpt":"O Inep (Instituto Nacional de Estudos e Pesquisas Educacionais An\u00edsio Teixeira) disponibilizou nesta ter\u00e7a-feira (22) o Cart\u00e3o de Confirma\u00e7\u00e3o de Inscri\u00e7\u00e3o do Enem (Exame Nacional do Ensino M\u00e9dio) 2024. Nele, o estudante pode consultar informa\u00e7\u00f5es como o local de prova, n\u00famero de inscri\u00e7\u00e3o e hora das provas. No cart\u00e3o de\u2026","rel":"","context":"In &quot;Not\u00edcias de Ribeir\u00e3o Preto-SP e Regi\u00e3o&quot;","block_context":{"text":"Not\u00edcias de Ribeir\u00e3o Preto-SP e Regi\u00e3o","link":"https:\/\/ismaelcolosi.com.br\/index.php\/category\/noticias-de-ribeirao-preto-sp-e-regiao-ismael-colosi\/"},"img":{"alt_text":"","src":"https:\/\/i0.wp.com\/ismaelcolosi.com.br\/wp-content\/uploads\/2024\/10\/enem_2024-10-22_15-08-29_jpg_2024-10-22_15-08-30.webp.webp?fit=1166%2C696&ssl=1&resize=350%2C200","width":350,"height":200,"srcset":"https:\/\/i0.wp.com\/ismaelcolosi.com.br\/wp-content\/uploads\/2024\/10\/enem_2024-10-22_15-08-29_jpg_2024-10-22_15-08-30.webp.webp?fit=1166%2C696&ssl=1&resize=350%2C200 1x, https:\/\/i0.wp.com\/ismaelcolosi.com.br\/wp-content\/uploads\/2024\/10\/enem_2024-10-22_15-08-29_jpg_2024-10-22_15-08-30.webp.webp?fit=1166%2C696&ssl=1&resize=525%2C300 1.5x, https:\/\/i0.wp.com\/ismaelcolosi.com.br\/wp-content\/uploads\/2024\/10\/enem_2024-10-22_15-08-29_jpg_2024-10-22_15-08-30.webp.webp?fit=1166%2C696&ssl=1&resize=700%2C400 2x, https:\/\/i0.wp.com\/ismaelcolosi.com.br\/wp-content\/uploads\/2024\/10\/enem_2024-10-22_15-08-29_jpg_2024-10-22_15-08-30.webp.webp?fit=1166%2C696&ssl=1&resize=1050%2C600 3x"},"classes":[]},{"id":60292,"url":"https:\/\/ismaelcolosi.com.br\/index.php\/2024\/08\/15\/enem-dos-concursos-como-acessar-cartao-de-confirmacao-e-o-que-levar-para-a-prova\/","url_meta":{"origin":1363,"position":3},"title":"\u2018Enem dos Concursos\u2019: como acessar cart\u00e3o de confirma\u00e7\u00e3o e o que levar para a prova","author":"ismaelcolosi.com.br","date":"15 de August de 2024","format":false,"excerpt":"Da reda\u00e7\u00e3oi Da reda\u00e7\u00e3o 15\/08\/2024 - 10:46 Candidatos j\u00e1 podem acessar seu cart\u00e3o de confirma\u00e7\u00e3o no Concurso P\u00fablico Nacional Unificado (CPNU) para ter informa\u00e7\u00f5es sobre o local da prova. O documento foi disponibilizado desde o dia 7 de agosto na mesma p\u00e1gina em que foi feita a inscri\u00e7\u00e3o, a \u00c1rea\u2026","rel":"","context":"In &quot;Empregos - Classificados&quot;","block_context":{"text":"Empregos - Classificados","link":"https:\/\/ismaelcolosi.com.br\/index.php\/category\/empregos-classificados-vagas-trabalho\/"},"img":{"alt_text":"","src":"https:\/\/i0.wp.com\/ismaelcolosi.com.br\/wp-content\/uploads\/2024\/08\/1723730446_prova00.jpg?fit=1200%2C748&ssl=1&resize=350%2C200","width":350,"height":200,"srcset":"https:\/\/i0.wp.com\/ismaelcolosi.com.br\/wp-content\/uploads\/2024\/08\/1723730446_prova00.jpg?fit=1200%2C748&ssl=1&resize=350%2C200 1x, https:\/\/i0.wp.com\/ismaelcolosi.com.br\/wp-content\/uploads\/2024\/08\/1723730446_prova00.jpg?fit=1200%2C748&ssl=1&resize=525%2C300 1.5x, https:\/\/i0.wp.com\/ismaelcolosi.com.br\/wp-content\/uploads\/2024\/08\/1723730446_prova00.jpg?fit=1200%2C748&ssl=1&resize=700%2C400 2x, https:\/\/i0.wp.com\/ismaelcolosi.com.br\/wp-content\/uploads\/2024\/08\/1723730446_prova00.jpg?fit=1200%2C748&ssl=1&resize=1050%2C600 3x"},"classes":[]},{"id":60698,"url":"https:\/\/ismaelcolosi.com.br\/index.php\/2024\/08\/17\/enem-dos-concursos-saiba-o-que-pode-ou-nao-levar-para-a-prova\/","url_meta":{"origin":1363,"position":4},"title":"Enem dos Concursos: saiba o que pode ou n\u00e3o levar para a prova","author":"ismaelcolosi.com.br","date":"17 de August de 2024","format":false,"excerpt":"O Concurso P\u00fablico Nacional Unificado, conhecido como Enem dos Concursos, ser\u00e1 realizado neste domingo (18), em dois turnos, em 228 munic\u00edpios de todos os estados brasileiros. Os mais de 2,1 milh\u00f5es de inscritos disputam 6.640 vagas em 21 \u00f3rg\u00e3os da Administra\u00e7\u00e3o P\u00fablica Federal, no maior concurso p\u00fablico j\u00e1 realizado no\u2026","rel":"","context":"In &quot;Not\u00edcias de Ribeir\u00e3o Preto-SP e Regi\u00e3o&quot;","block_context":{"text":"Not\u00edcias de Ribeir\u00e3o Preto-SP e Regi\u00e3o","link":"https:\/\/ismaelcolosi.com.br\/index.php\/category\/noticias-de-ribeirao-preto-sp-e-regiao-ismael-colosi\/"},"img":{"alt_text":"","src":"https:\/\/i0.wp.com\/ismaelcolosi.com.br\/wp-content\/uploads\/2024\/05\/Copia-de-Copia-de-TAMANHO-EXATO-PARA-FOTOS-NO-SISTEMA-NOVO-33_2024-05-23_13-39-05_jpg_2024-05-23_13-39-05.webp.webp?fit=1200%2C675&ssl=1&resize=350%2C200","width":350,"height":200,"srcset":"https:\/\/i0.wp.com\/ismaelcolosi.com.br\/wp-content\/uploads\/2024\/05\/Copia-de-Copia-de-TAMANHO-EXATO-PARA-FOTOS-NO-SISTEMA-NOVO-33_2024-05-23_13-39-05_jpg_2024-05-23_13-39-05.webp.webp?fit=1200%2C675&ssl=1&resize=350%2C200 1x, https:\/\/i0.wp.com\/ismaelcolosi.com.br\/wp-content\/uploads\/2024\/05\/Copia-de-Copia-de-TAMANHO-EXATO-PARA-FOTOS-NO-SISTEMA-NOVO-33_2024-05-23_13-39-05_jpg_2024-05-23_13-39-05.webp.webp?fit=1200%2C675&ssl=1&resize=525%2C300 1.5x, https:\/\/i0.wp.com\/ismaelcolosi.com.br\/wp-content\/uploads\/2024\/05\/Copia-de-Copia-de-TAMANHO-EXATO-PARA-FOTOS-NO-SISTEMA-NOVO-33_2024-05-23_13-39-05_jpg_2024-05-23_13-39-05.webp.webp?fit=1200%2C675&ssl=1&resize=700%2C400 2x, https:\/\/i0.wp.com\/ismaelcolosi.com.br\/wp-content\/uploads\/2024\/05\/Copia-de-Copia-de-TAMANHO-EXATO-PARA-FOTOS-NO-SISTEMA-NOVO-33_2024-05-23_13-39-05_jpg_2024-05-23_13-39-05.webp.webp?fit=1200%2C675&ssl=1&resize=1050%2C600 3x"},"classes":[]},{"id":74864,"url":"https:\/\/ismaelcolosi.com.br\/index.php\/2024\/11\/03\/rp-tera-135-mil-alunos-no-enem\/","url_meta":{"origin":1363,"position":5},"title":"RP ter\u00e1 13,5 mil alunos no Enem","author":"ismaelcolosi.com.br","date":"3 de November de 2024","format":false,"excerpt":"O Instituto Nacional de Estudos e Pesquisas Educacionais An\u00edsio Teixeira (Inep) aplicar\u00e1 as provas do Exame Nacional do Ensino M\u00e9dio (Enem) de 2024 nos dias 3 e 10 de novembro, dois domingos, em 1.753 munic\u00edpios. S\u00e3o 4.325.960 inscri\u00e7\u00f5es confirmadas, sendo que 1.616.606 s\u00e3o de estudantes que est\u00e3o no \u00faltimo ano\u2026","rel":"","context":"In &quot;Not\u00edcias de Ribeir\u00e3o Preto-SP e Regi\u00e3o&quot;","block_context":{"text":"Not\u00edcias de Ribeir\u00e3o Preto-SP e Regi\u00e3o","link":"https:\/\/ismaelcolosi.com.br\/index.php\/category\/noticias-de-ribeirao-preto-sp-e-regiao-ismael-colosi\/"},"img":{"alt_text":"","src":"https:\/\/i0.wp.com\/ismaelcolosi.com.br\/wp-content\/uploads\/2024\/11\/Enem-Box-Marcelo-Camarago-Ag.Br_-scaled.jpg?fit=800%2C479&ssl=1&resize=350%2C200","width":350,"height":200,"srcset":"https:\/\/i0.wp.com\/ismaelcolosi.com.br\/wp-content\/uploads\/2024\/11\/Enem-Box-Marcelo-Camarago-Ag.Br_-scaled.jpg?fit=800%2C479&ssl=1&resize=350%2C200 1x, https:\/\/i0.wp.com\/ismaelcolosi.com.br\/wp-content\/uploads\/2024\/11\/Enem-Box-Marcelo-Camarago-Ag.Br_-scaled.jpg?fit=800%2C479&ssl=1&resize=525%2C300 1.5x, https:\/\/i0.wp.com\/ismaelcolosi.com.br\/wp-content\/uploads\/2024\/11\/Enem-Box-Marcelo-Camarago-Ag.Br_-scaled.jpg?fit=800%2C479&ssl=1&resize=700%2C400 2x"},"classes":[]}],"jetpack_sharing_enabled":true,"jetpack_shortlink":"https:\/\/wp.me\/pfMlyK-lZ","_links":{"self":[{"href":"https:\/\/ismaelcolosi.com.br\/index.php\/wp-json\/wp\/v2\/posts\/1363","targetHints":{"allow":["GET"]}}],"collection":[{"href":"https:\/\/ismaelcolosi.com.br\/index.php\/wp-json\/wp\/v2\/posts"}],"about":[{"href":"https:\/\/ismaelcolosi.com.br\/index.php\/wp-json\/wp\/v2\/types\/post"}],"author":[{"embeddable":true,"href":"https:\/\/ismaelcolosi.com.br\/index.php\/wp-json\/wp\/v2\/users\/1"}],"replies":[{"embeddable":true,"href":"https:\/\/ismaelcolosi.com.br\/index.php\/wp-json\/wp\/v2\/comments?post=1363"}],"version-history":[{"count":0,"href":"https:\/\/ismaelcolosi.com.br\/index.php\/wp-json\/wp\/v2\/posts\/1363\/revisions"}],"wp:featuredmedia":[{"embeddable":true,"href":"https:\/\/ismaelcolosi.com.br\/index.php\/wp-json\/wp\/v2\/media\/1364"}],"wp:attachment":[{"href":"https:\/\/ismaelcolosi.com.br\/index.php\/wp-json\/wp\/v2\/media?parent=1363"}],"wp:term":[{"taxonomy":"category","embeddable":true,"href":"https:\/\/ismaelcolosi.com.br\/index.php\/wp-json\/wp\/v2\/categories?post=1363"},{"taxonomy":"post_tag","embeddable":true,"href":"https:\/\/ismaelcolosi.com.br\/index.php\/wp-json\/wp\/v2\/tags?post=1363"}],"curies":[{"name":"wp","href":"https:\/\/api.w.org\/{rel}","templated":true}]}}