{"id":1361,"date":"2023-11-12T08:35:50","date_gmt":"2023-11-12T11:35:50","guid":{"rendered":"https:\/\/ismaelcolosi.com.br\/index.php\/2023\/11\/12\/voce-conhece-o-equador-e-sua-literatura-2\/"},"modified":"2023-11-12T08:35:50","modified_gmt":"2023-11-12T11:35:50","slug":"voce-conhece-o-equador-e-sua-literatura-2","status":"publish","type":"post","link":"https:\/\/ismaelcolosi.com.br\/index.php\/2023\/11\/12\/voce-conhece-o-equador-e-sua-literatura-2\/","title":{"rendered":"Voc\u00ea conhece o Equador e sua Literatura (2)?\u00a0"},"content":{"rendered":"<p> <br \/>\n<\/p>\n<div>\n<p><span data-contrast=\"auto\">Rosemary Concei\u00e7\u00e3o dos Santos*<\/span><span data-ccp-props=\"{&quot;201341983&quot;:0,&quot;335551550&quot;:3,&quot;335551620&quot;:3,&quot;335559739&quot;:0,&quot;335559740&quot;:240}\">\u00a0<\/span><\/p>\n<p><span data-contrast=\"auto\">De acordo com J. Rosas Ribeyro, em seu texto publicado em 11 de junho de 2021, na \u201cKipus\u201d: Revista Andina de Letras e Estudos Culturais, \u201cMuito pouco, quase nada, se sabe na Espanha sobre a narrativa do Equador. S\u00f3 muito recentemente foi divulgada a obra de M\u00f3nica Ojeda, com os romances \u201cNefando\u201d (2016) e \u201cMand\u00edbula\u201d (2018), ambos publicados pelas edi\u00e7\u00f5es Candaya, que tamb\u00e9m achou por bem propor ao p\u00fablico leitor \u201cSangu\u00ednea\u201d (2020), primeiro romance da tamb\u00e9m equatoriana Gabriela Ponce. Deve-se notar que a excelente recep\u00e7\u00e3o da narrativa de Ojeda na Espanha tornou-a uma refer\u00eancia para os romances latino-americanos atuais. Por\u00e9m, no que diz respeito \u00e0 hist\u00f3ria, ao conto, n\u00e3o houve publica\u00e7\u00e3o at\u00e9 o aparecimento em 2020 de \u201cEcuador en corto: antolog\u00eda de relatos ecuatorianos actuales, antologia preparada por Carlos Ferrer e editada por Prensas de la Universidad de Zaragoza, em sua cole\u00e7\u00e3o Oceanos e Livros\u201d.<\/span><span data-ccp-props=\"{&quot;201341983&quot;:0,&quot;335551550&quot;:6,&quot;335551620&quot;:6,&quot;335559739&quot;:0,&quot;335559740&quot;:240}\">\u00a0<\/span><\/p>\n<p><span data-contrast=\"auto\">\u2018Carlos Ferrer (Benidorm, 1976) \u00e9 um acad\u00eamico espanhol que realizou pesquisas sobre o teatro hisp\u00e2nico contempor\u00e2neo e j\u00e1 fez uma incurs\u00e3o anterior na literatura equatoriana com um trabalho sobre aquele grande escritor que foi Pablo Palacio, que, infelizmente, n\u00e3o \u00e9 conhecido tanto como merece fora do Equador. Ferrer tem la\u00e7os profundos com aquele pa\u00eds, onde viveu e trabalhou, e com o qual mant\u00e9m rela\u00e7\u00f5es afetivas e familiares, sendo companheiro da excelente poetisa Bernardita Maldonado (Loja, 1969). Em sua breve \u201cIntrodu\u00e7\u00e3o\u201d ao Equador, antes de lan\u00e7ar um olhar panor\u00e2mico sobre a hist\u00f3ria equatoriana anterior, e especificar algumas caracter\u00edsticas dos autores e das obras selecionadas, Carlos Ferrer escreve: \u2018Esta \u00e9 uma janela, uma vis\u00e3o global do que foi escrito e \u00e9 escrito no Equador, um pa\u00eds ancorado na periferia liter\u00e1ria e ofuscado primeiro por um boom latino-americano, que praticamente passou sem levar em conta o Equador, e depois por um Roberto Bola\u00f1o, que ofuscou a todos, independentemente de quererem parecer ele ou n\u00e3o.\u2019 E mais tarde, explicando os princ\u00edpios que nortearam a sua obra, Ferrer afirma: \u2018Esta antologia \u00e9 composta, sem quotas regionais nem raz\u00f5es de sexo ou idade, por escritores de diferentes gera\u00e7\u00f5es, reconhecidos e novos, todos com uma puls\u00e3o liter\u00e1ria que n\u00e3o se dilui e que se aprofunda na investiga\u00e7\u00e3o das ru\u00ednas da exist\u00eancia e na conspira\u00e7\u00e3o da tenta\u00e7\u00e3o do sil\u00eancio\u2019.<\/span><span data-ccp-props=\"{&quot;201341983&quot;:0,&quot;335551550&quot;:6,&quot;335551620&quot;:6,&quot;335559731&quot;:708,&quot;335559739&quot;:0,&quot;335559740&quot;:240}\">\u00a0<\/span><\/p>\n<p><span data-contrast=\"auto\">\u201cEcuador en corto\u201d, ainda segundo o especialista, \u201cre\u00fane vinte e oito contos de outros tantos escritores contempor\u00e2neos, nascidos entre 1941 e 1996, sendo o mais velho Marco Antonio Rodr\u00edguez e o mais novo Andrea Paola Armijos. Quinze dos autores nasceram nas d\u00e9cadas de 1940 e 1950, constituindo assim o maior grupo da antologia. Em quase todos os casos, trata-se de narradores que abordam o g\u00eanero curta dentro de par\u00e2metros bastante cl\u00e1ssicos, praticamente n\u00e3o deixando espa\u00e7o para experimenta\u00e7\u00e3o formal. S\u00e3o hist\u00f3rias bem escritas, que mostram um uso cuidadoso da linguagem e podem ser inclu\u00eddas dentro dos subg\u00eaneros j\u00e1 conhecidos: costumbrismo, realismo urbano, realismo m\u00e1gico, hist\u00f3ria fant\u00e1stica, etc\u201d. Como leitor, J. Rosas Ribeyro afirma n\u00e3o poder evitar certas prefer\u00eancias ap\u00f3s a leitura e foca algumas delas. \u201cEm ordem cronol\u00f3gica, a primeira que mais me chocou \u00e9 uma hist\u00f3ria do g\u00eanero fantasia com \u2013 eu diria \u2013 cunho cortazariano. Intitula-se \u201cDispers\u00e3o dos Muros\u201d e conta como uma comunidade que vivia em paz, \u2018num sil\u00eancio agrad\u00e1vel\u2019, \u2018sem gritos, sem risos inesperados\u2019, \u2018sem aquele ir e vir mon\u00f3tono de bolas de borracha\u2019 \u00e9 subitamente vista invadida pela presen\u00e7a sonora de in\u00fameras crian\u00e7as, o que acaba por produzir terror na popula\u00e7\u00e3o. O autor \u00e9 Francisco Proa\u00f1o, nascido em Cuenca, em 1944. \u201cA luz no abismo\u201d \u00e9 outra das hist\u00f3rias que mais me chamou a aten\u00e7\u00e3o. \u00c9, creio, um dos mais inovadores do grupo, do ponto de vista formal. Nele se cruzam v\u00e1rias vozes em primeira pessoa, que giram em torno dos cuidados de Pablito, um admirado escritor que se encontra em estado catat\u00f4nico e a quem procuram proteger de sua imobilidade, sil\u00eancio e pesadelos. N\u00e3o h\u00e1 d\u00favida de que se trata de uma evoca\u00e7\u00e3o do \u00faltimo per\u00edodo da vida de Pablo Palacio, marcado por doen\u00e7as e diversos dist\u00farbios ps\u00edquicos. A hist\u00f3ria \u00e9 contada de uma forma que de alguma forma remete \u00e0 prosa do pr\u00f3prio Pal\u00e1cio. O autor \u00e9 Jorge D\u00e1vila, nascido em Cuenca, em 1947\u201d.<\/span><span data-ccp-props=\"{&quot;201341983&quot;:0,&quot;335551550&quot;:6,&quot;335551620&quot;:6,&quot;335559731&quot;:708,&quot;335559739&quot;:0,&quot;335559740&quot;:240}\">\u00a0<\/span><\/p>\n<p><span data-contrast=\"auto\">Outras hist\u00f3rias que tamb\u00e9m impressionaram o cr\u00edtico foram \u201cAeroporto\u201d e \u201cEla, quem era ela?\u201d, al\u00e9m de \u201cApito da morte um blues\u201d, e \u201cA li\u00e7\u00e3o\u201d. Por sua vez, J. Rosas Ribeyro tamb\u00e9m apontou algumas omiss\u00f5es na antologia: a aus\u00eancia dos contos de Miguel Donoso Pareja (Guayaquil, 1931), bem como, dos contos de Ra\u00fal P\u00e9rez Torres (Quito, 1941) e dos contos de M\u00f3nica Ojeda, ainda que o seu muito elogiado livro de contos \u201cLas Voladoras\u201d tenha sido publicado depois de Equador em Curtas. Vale conferir.<\/span><span data-ccp-props=\"{&quot;201341983&quot;:0,&quot;335551550&quot;:6,&quot;335551620&quot;:6,&quot;335559731&quot;:708,&quot;335559739&quot;:0,&quot;335559740&quot;:240}\">\u00a0<\/span><\/p>\n<p><span data-contrast=\"auto\">Professora\u00a0 Universit\u00e1ria*<\/span><span data-ccp-props=\"{&quot;201341983&quot;:0,&quot;335551550&quot;:3,&quot;335551620&quot;:3,&quot;335559731&quot;:708,&quot;335559739&quot;:0,&quot;335559740&quot;:240}\">\u00a0<\/span><\/p>\n<p><span data-ccp-props=\"{&quot;201341983&quot;:0,&quot;335551550&quot;:3,&quot;335551620&quot;:3,&quot;335559731&quot;:708,&quot;335559739&quot;:0,&quot;335559740&quot;:240}\">\u00a0<\/span><\/p>\n<\/div>\n<p><br \/>\n<br \/><a href=\"https:\/\/www.tribunaribeirao.com.br\/site\/voce-conhece-o-equador-e-sua-literatura-2\/\">Source link <\/a><\/p>\n<div class='code-block code-block-4' style='margin: 8px auto 8px 0; text-align: left; display: block; clear: both;'>\n\ud83d\udce2 Aviso Legal\n\nO site ismaelcolosi.com.br atua apenas como um canal de divulga\u00e7\u00e3o de oportunidades de emprego e n\u00e3o se responsabiliza pelo processo seletivo, contrata\u00e7\u00e3o ou qualquer outra etapa relacionada \u00e0s vagas publicadas. Todas as informa\u00e7\u00f5es s\u00e3o de responsabilidade dos anunciantes.\n\n\u26a0\ufe0f Aten\u00e7\u00e3o! Nunca pague por promessas de emprego nem compre cursos que garantam contrata\u00e7\u00e3o. Desconfie de qualquer cobran\u00e7a para participar de sele\u00e7\u00f5es.\n\n\n\n<\/div>\n<!-- CONTENT END 1 -->\n","protected":false},"excerpt":{"rendered":"<p>Rosemary Concei\u00e7\u00e3o dos Santos*\u00a0 De acordo com J. Rosas Ribeyro, em seu texto publicado em 11 de junho de 2021, na \u201cKipus\u201d: Revista Andina de&#8230;<\/p>\n","protected":false},"author":1,"featured_media":1362,"comment_status":"open","ping_status":"open","sticky":false,"template":"","format":"standard","meta":{"_uag_custom_page_level_css":"","advanced_seo_description":"","jetpack_seo_html_title":"","jetpack_seo_noindex":false,"jetpack_post_was_ever_published":false,"_jetpack_newsletter_access":"","_jetpack_dont_email_post_to_subs":false,"_jetpack_newsletter_tier_id":0,"_jetpack_memberships_contains_paywalled_content":false,"_jetpack_memberships_contains_paid_content":false,"footnotes":"","jetpack_publicize_message":"","jetpack_publicize_feature_enabled":true,"jetpack_social_post_already_shared":false,"jetpack_social_options":{"image_generator_settings":{"template":"highway","default_image_id":0,"font":"","enabled":false},"version":2}},"categories":[11],"tags":[],"class_list":["post-1361","post","type-post","status-publish","format-standard","has-post-thumbnail","hentry","category-noticias-de-ribeirao-preto-sp-e-regiao-ismael-colosi"],"jetpack_publicize_connections":[],"jetpack_featured_media_url":"https:\/\/i0.wp.com\/ismaelcolosi.com.br\/wp-content\/uploads\/2023\/11\/rosemary-1068x687-1-scaled.jpg?fit=1000%2C643&ssl=1","uagb_featured_image_src":{"full":["https:\/\/i0.wp.com\/ismaelcolosi.com.br\/wp-content\/uploads\/2023\/11\/rosemary-1068x687-1-scaled.jpg?fit=1000%2C643&ssl=1",1000,643,false],"thumbnail":["https:\/\/i0.wp.com\/ismaelcolosi.com.br\/wp-content\/uploads\/2023\/11\/rosemary-1068x687-1-scaled.jpg?resize=150%2C150&ssl=1",150,150,true],"medium":["https:\/\/i0.wp.com\/ismaelcolosi.com.br\/wp-content\/uploads\/2023\/11\/rosemary-1068x687-1-scaled.jpg?fit=300%2C193&ssl=1",300,193,true],"medium_large":["https:\/\/i0.wp.com\/ismaelcolosi.com.br\/wp-content\/uploads\/2023\/11\/rosemary-1068x687-1-scaled.jpg?fit=768%2C494&ssl=1",768,494,true],"large":["https:\/\/i0.wp.com\/ismaelcolosi.com.br\/wp-content\/uploads\/2023\/11\/rosemary-1068x687-1-scaled.jpg?fit=1000%2C643&ssl=1",1000,643,true],"1536x1536":["https:\/\/i0.wp.com\/ismaelcolosi.com.br\/wp-content\/uploads\/2023\/11\/rosemary-1068x687-1-scaled.jpg?fit=1000%2C643&ssl=1",1000,643,true],"2048x2048":["https:\/\/i0.wp.com\/ismaelcolosi.com.br\/wp-content\/uploads\/2023\/11\/rosemary-1068x687-1-scaled.jpg?fit=1000%2C643&ssl=1",1000,643,true],"really-simple-thumb":["https:\/\/i0.wp.com\/ismaelcolosi.com.br\/wp-content\/uploads\/2023\/11\/rosemary-1068x687-1-scaled.jpg?resize=370%2C247&ssl=1",370,247,true]},"uagb_author_info":{"display_name":"ismaelcolosi.com.br","author_link":"https:\/\/ismaelcolosi.com.br\/index.php\/author\/vidareal-online\/"},"uagb_comment_info":0,"uagb_excerpt":"Rosemary Concei\u00e7\u00e3o dos Santos*\u00a0 De acordo com J. Rosas Ribeyro, em seu texto publicado em 11 de junho de 2021, na \u201cKipus\u201d: Revista Andina de...","jetpack-related-posts":[{"id":9923,"url":"https:\/\/ismaelcolosi.com.br\/index.php\/2023\/12\/03\/o-equador-e-sua-literatura-3-alfonso-rumazo-gonzalez\/","url_meta":{"origin":1361,"position":0},"title":"O Equador e sua literatura (3): Alfonso Rumazo Gonz\u00e1lez\u00a0 \u00a0","author":"ismaelcolosi.com.br","date":"3 de December de 2023","format":false,"excerpt":"Rosemary Concei\u00e7\u00e3o dos Santos*\u00a0Alfonso Rumazo Gonz\u00e1lez (1903 \u2013 2002) foi um escritor, historiador, ensa\u00edsta e cr\u00edtico liter\u00e1rio equatoriano cujos pais abriram uma farm\u00e1cia de grande repercuss\u00e3o no Equador, a \u201cPopular\u201d. Tendo perdido a m\u00e3e muito cedo, quando esta dera \u00e0 luz a seu irm\u00e3o mais novo, Jos\u00e9, Alfonso estudou no\u2026","rel":"","context":"In &quot;Not\u00edcias de Ribeir\u00e3o Preto-SP e Regi\u00e3o&quot;","block_context":{"text":"Not\u00edcias de Ribeir\u00e3o Preto-SP e Regi\u00e3o","link":"https:\/\/ismaelcolosi.com.br\/index.php\/category\/noticias-de-ribeirao-preto-sp-e-regiao-ismael-colosi\/"},"img":{"alt_text":"","src":"https:\/\/i0.wp.com\/ismaelcolosi.com.br\/wp-content\/uploads\/2023\/12\/rosemary-1068x687-1-scaled.jpg?fit=1000%2C643&ssl=1&resize=350%2C200","width":350,"height":200,"srcset":"https:\/\/i0.wp.com\/ismaelcolosi.com.br\/wp-content\/uploads\/2023\/12\/rosemary-1068x687-1-scaled.jpg?fit=1000%2C643&ssl=1&resize=350%2C200 1x, https:\/\/i0.wp.com\/ismaelcolosi.com.br\/wp-content\/uploads\/2023\/12\/rosemary-1068x687-1-scaled.jpg?fit=1000%2C643&ssl=1&resize=525%2C300 1.5x, https:\/\/i0.wp.com\/ismaelcolosi.com.br\/wp-content\/uploads\/2023\/12\/rosemary-1068x687-1-scaled.jpg?fit=1000%2C643&ssl=1&resize=700%2C400 2x"},"classes":[]},{"id":40386,"url":"https:\/\/ismaelcolosi.com.br\/index.php\/2024\/03\/03\/o-equador-e-sua-literatura-15-miguel-donoso-pareja\/","url_meta":{"origin":1361,"position":1},"title":"O Equador e sua literatura (15): Miguel Donoso Pareja\u00a0","author":"ismaelcolosi.com.br","date":"3 de March de 2024","format":false,"excerpt":"Rosemary Concei\u00e7\u00e3o dos Santos*\u00a0De acordo com especialistas, Miguel Donoso Pareja (1931-2015) nasceu em Guayaquil, Equador, falecendo na mesma cidade. Narrador, poeta, cr\u00edtico, jornalista e ensa\u00edsta, Pareja obteve, em 1948, o bacharelado pelo Colegio Nacional Vicente Rocafuerte; A partir de 1955 foi professor de l\u00f3gica, \u00e9tica, literatura e hist\u00f3ria da Am\u00e9rica\u2026","rel":"","context":"In &quot;Not\u00edcias de Ribeir\u00e3o Preto-SP e Regi\u00e3o&quot;","block_context":{"text":"Not\u00edcias de Ribeir\u00e3o Preto-SP e Regi\u00e3o","link":"https:\/\/ismaelcolosi.com.br\/index.php\/category\/noticias-de-ribeirao-preto-sp-e-regiao-ismael-colosi\/"},"img":{"alt_text":"","src":"https:\/\/i0.wp.com\/ismaelcolosi.com.br\/wp-content\/uploads\/2024\/03\/rosemary-1068x687-1-scaled.jpg?fit=1000%2C643&ssl=1&resize=350%2C200","width":350,"height":200,"srcset":"https:\/\/i0.wp.com\/ismaelcolosi.com.br\/wp-content\/uploads\/2024\/03\/rosemary-1068x687-1-scaled.jpg?fit=1000%2C643&ssl=1&resize=350%2C200 1x, https:\/\/i0.wp.com\/ismaelcolosi.com.br\/wp-content\/uploads\/2024\/03\/rosemary-1068x687-1-scaled.jpg?fit=1000%2C643&ssl=1&resize=525%2C300 1.5x, https:\/\/i0.wp.com\/ismaelcolosi.com.br\/wp-content\/uploads\/2024\/03\/rosemary-1068x687-1-scaled.jpg?fit=1000%2C643&ssl=1&resize=700%2C400 2x"},"classes":[]},{"id":42827,"url":"https:\/\/ismaelcolosi.com.br\/index.php\/2024\/03\/17\/o-equador-e-sua-literatura-17-lupe-rumazo\/","url_meta":{"origin":1361,"position":2},"title":"O Equador e sua literatura (17): Lupe Rumazo\u00a0","author":"ismaelcolosi.com.br","date":"17 de March de 2024","format":false,"excerpt":"Lupe Rumazo (1933-\u2026), escritora e cr\u00edtica liter\u00e1ria equatoriana, nasceu em Quito, filha do historiador e escritor equatoriano Alfonso Rumazo Gonz\u00e1lez e da pianista In\u00e9s Cobo Donoso. Seus livros foram prefaciados por autores como Ernesto Sabato, Juana de Ibarbourou e Benjam\u00edn Carri\u00f3n. Sua obra, que abrange os g\u00eaneros narrativo e ensa\u00edstico,\u2026","rel":"","context":"In &quot;Not\u00edcias de Ribeir\u00e3o Preto-SP e Regi\u00e3o&quot;","block_context":{"text":"Not\u00edcias de Ribeir\u00e3o Preto-SP e Regi\u00e3o","link":"https:\/\/ismaelcolosi.com.br\/index.php\/category\/noticias-de-ribeirao-preto-sp-e-regiao-ismael-colosi\/"},"img":{"alt_text":"","src":"https:\/\/i0.wp.com\/ismaelcolosi.com.br\/wp-content\/uploads\/2024\/03\/1710690876_rosemary-1068x687-1-scaled.jpg?fit=1000%2C643&ssl=1&resize=350%2C200","width":350,"height":200,"srcset":"https:\/\/i0.wp.com\/ismaelcolosi.com.br\/wp-content\/uploads\/2024\/03\/1710690876_rosemary-1068x687-1-scaled.jpg?fit=1000%2C643&ssl=1&resize=350%2C200 1x, https:\/\/i0.wp.com\/ismaelcolosi.com.br\/wp-content\/uploads\/2024\/03\/1710690876_rosemary-1068x687-1-scaled.jpg?fit=1000%2C643&ssl=1&resize=525%2C300 1.5x, https:\/\/i0.wp.com\/ismaelcolosi.com.br\/wp-content\/uploads\/2024\/03\/1710690876_rosemary-1068x687-1-scaled.jpg?fit=1000%2C643&ssl=1&resize=700%2C400 2x"},"classes":[]},{"id":39359,"url":"https:\/\/ismaelcolosi.com.br\/index.php\/2024\/02\/25\/o-equador-e-sua-literatura-14-alicia-yanez-cossio\/","url_meta":{"origin":1361,"position":3},"title":"O Equador e sua literatura (14): Alicia Y\u00e1nez Coss\u00edo\u00a0","author":"ismaelcolosi.com.br","date":"25 de February de 2024","format":false,"excerpt":"Rosemary Concei\u00e7\u00e3o dos Santos*\u00a0De acordo com especialistas, Alicia Y\u00e1nez Coss\u00edo (1929-\u2026) \u00e9 uma escritora equatoriana de proje\u00e7\u00e3o internacional. Graduada em Jornalismo, publicou fic\u00e7\u00e3o e poesia sempre premiadas em seu pa\u00eds e no exterior. Oriunda de fam\u00edlia numerosa, com dez irm\u00e3os, Coss\u00edo herdou do pai, engenheiro e romancista frustrado, seu talento\u2026","rel":"","context":"In &quot;Not\u00edcias de Ribeir\u00e3o Preto-SP e Regi\u00e3o&quot;","block_context":{"text":"Not\u00edcias de Ribeir\u00e3o Preto-SP e Regi\u00e3o","link":"https:\/\/ismaelcolosi.com.br\/index.php\/category\/noticias-de-ribeirao-preto-sp-e-regiao-ismael-colosi\/"},"img":{"alt_text":"","src":"https:\/\/i0.wp.com\/ismaelcolosi.com.br\/wp-content\/uploads\/2024\/02\/rosemary-1068x687-1-scaled.jpg?fit=1000%2C643&ssl=1&resize=350%2C200","width":350,"height":200,"srcset":"https:\/\/i0.wp.com\/ismaelcolosi.com.br\/wp-content\/uploads\/2024\/02\/rosemary-1068x687-1-scaled.jpg?fit=1000%2C643&ssl=1&resize=350%2C200 1x, https:\/\/i0.wp.com\/ismaelcolosi.com.br\/wp-content\/uploads\/2024\/02\/rosemary-1068x687-1-scaled.jpg?fit=1000%2C643&ssl=1&resize=525%2C300 1.5x, https:\/\/i0.wp.com\/ismaelcolosi.com.br\/wp-content\/uploads\/2024\/02\/rosemary-1068x687-1-scaled.jpg?fit=1000%2C643&ssl=1&resize=700%2C400 2x"},"classes":[]},{"id":87537,"url":"https:\/\/ismaelcolosi.com.br\/index.php\/2025\/09\/17\/os-10-melhores-vistos-para-nomades-digitais\/","url_meta":{"origin":1361,"position":4},"title":"Os 10 Melhores Vistos para N\u00f4mades Digitais","author":"ismaelcolosi.com.br","date":"17 de September de 2025","format":false,"excerpt":"\r Marco Bottigelli\/Getty Images\r Espanha lidera o ranking dos melhores vistos para n\u00f4mades digitais\r Acessibilidade \r L\r L\r A-\r A+\r \r \u25d0\r \r A combina\u00e7\u00e3o entre internet de alta velocidade e a consolida\u00e7\u00e3o do trabalho remoto, intensificada pela pandemia, impulsionou o n\u00famero de pessoas que optam por viver e trabalhar\u2026","rel":"","context":"In &quot;Carreira e Sucesso&quot;","block_context":{"text":"Carreira e Sucesso","link":"https:\/\/ismaelcolosi.com.br\/index.php\/category\/carreira-e-sucesso-dicas-para-carreira\/"},"img":{"alt_text":"","src":"https:\/\/i0.wp.com\/ismaelcolosi.com.br\/wp-content\/uploads\/2025\/09\/espanha-nomade-digital-1200x675.jpg?fit=1200%2C675&ssl=1&resize=350%2C200","width":350,"height":200,"srcset":"https:\/\/i0.wp.com\/ismaelcolosi.com.br\/wp-content\/uploads\/2025\/09\/espanha-nomade-digital-1200x675.jpg?fit=1200%2C675&ssl=1&resize=350%2C200 1x, https:\/\/i0.wp.com\/ismaelcolosi.com.br\/wp-content\/uploads\/2025\/09\/espanha-nomade-digital-1200x675.jpg?fit=1200%2C675&ssl=1&resize=525%2C300 1.5x, https:\/\/i0.wp.com\/ismaelcolosi.com.br\/wp-content\/uploads\/2025\/09\/espanha-nomade-digital-1200x675.jpg?fit=1200%2C675&ssl=1&resize=700%2C400 2x, https:\/\/i0.wp.com\/ismaelcolosi.com.br\/wp-content\/uploads\/2025\/09\/espanha-nomade-digital-1200x675.jpg?fit=1200%2C675&ssl=1&resize=1050%2C600 3x"},"classes":[]},{"id":61822,"url":"https:\/\/ismaelcolosi.com.br\/index.php\/2024\/08\/23\/atacante-estevao-natural-de-franca-e-convocado-para-selecao-brasileira\/","url_meta":{"origin":1361,"position":5},"title":"Atacante Est\u00eav\u00e3o, natural de Franca, \u00e9 convocado para Sele\u00e7\u00e3o Brasileira","author":"ismaelcolosi.com.br","date":"23 de August de 2024","format":false,"excerpt":"O treinador Dorival J\u00fanior anunciou nesta sexta-feira (23) a lista de convocados da Sele\u00e7\u00e3o Brasileira para as pr\u00f3ximas duas rodadas das Eliminat\u00f3rias para a Copa do Mundo de 2026. Entre as novidades, est\u00e1 o atacante Est\u00eav\u00e3o, do Palmeiras, que natural de Franca, na regi\u00e3o de Ribeir\u00e3o Preto. A lista ainda\u2026","rel":"","context":"In &quot;Not\u00edcias de Ribeir\u00e3o Preto-SP e Regi\u00e3o&quot;","block_context":{"text":"Not\u00edcias de Ribeir\u00e3o Preto-SP e Regi\u00e3o","link":"https:\/\/ismaelcolosi.com.br\/index.php\/category\/noticias-de-ribeirao-preto-sp-e-regiao-ismael-colosi\/"},"img":{"alt_text":"","src":"https:\/\/i0.wp.com\/ismaelcolosi.com.br\/wp-content\/uploads\/2024\/08\/estevao_2024-08-23_16-30-12_jpeg_2024-08-23_16-30-13-scaled.webp.webp?fit=1200%2C800&ssl=1&resize=350%2C200","width":350,"height":200,"srcset":"https:\/\/i0.wp.com\/ismaelcolosi.com.br\/wp-content\/uploads\/2024\/08\/estevao_2024-08-23_16-30-12_jpeg_2024-08-23_16-30-13-scaled.webp.webp?fit=1200%2C800&ssl=1&resize=350%2C200 1x, https:\/\/i0.wp.com\/ismaelcolosi.com.br\/wp-content\/uploads\/2024\/08\/estevao_2024-08-23_16-30-12_jpeg_2024-08-23_16-30-13-scaled.webp.webp?fit=1200%2C800&ssl=1&resize=525%2C300 1.5x, https:\/\/i0.wp.com\/ismaelcolosi.com.br\/wp-content\/uploads\/2024\/08\/estevao_2024-08-23_16-30-12_jpeg_2024-08-23_16-30-13-scaled.webp.webp?fit=1200%2C800&ssl=1&resize=700%2C400 2x, https:\/\/i0.wp.com\/ismaelcolosi.com.br\/wp-content\/uploads\/2024\/08\/estevao_2024-08-23_16-30-12_jpeg_2024-08-23_16-30-13-scaled.webp.webp?fit=1200%2C800&ssl=1&resize=1050%2C600 3x"},"classes":[]}],"jetpack_sharing_enabled":true,"jetpack_shortlink":"https:\/\/wp.me\/pfMlyK-lX","_links":{"self":[{"href":"https:\/\/ismaelcolosi.com.br\/index.php\/wp-json\/wp\/v2\/posts\/1361","targetHints":{"allow":["GET"]}}],"collection":[{"href":"https:\/\/ismaelcolosi.com.br\/index.php\/wp-json\/wp\/v2\/posts"}],"about":[{"href":"https:\/\/ismaelcolosi.com.br\/index.php\/wp-json\/wp\/v2\/types\/post"}],"author":[{"embeddable":true,"href":"https:\/\/ismaelcolosi.com.br\/index.php\/wp-json\/wp\/v2\/users\/1"}],"replies":[{"embeddable":true,"href":"https:\/\/ismaelcolosi.com.br\/index.php\/wp-json\/wp\/v2\/comments?post=1361"}],"version-history":[{"count":0,"href":"https:\/\/ismaelcolosi.com.br\/index.php\/wp-json\/wp\/v2\/posts\/1361\/revisions"}],"wp:featuredmedia":[{"embeddable":true,"href":"https:\/\/ismaelcolosi.com.br\/index.php\/wp-json\/wp\/v2\/media\/1362"}],"wp:attachment":[{"href":"https:\/\/ismaelcolosi.com.br\/index.php\/wp-json\/wp\/v2\/media?parent=1361"}],"wp:term":[{"taxonomy":"category","embeddable":true,"href":"https:\/\/ismaelcolosi.com.br\/index.php\/wp-json\/wp\/v2\/categories?post=1361"},{"taxonomy":"post_tag","embeddable":true,"href":"https:\/\/ismaelcolosi.com.br\/index.php\/wp-json\/wp\/v2\/tags?post=1361"}],"curies":[{"name":"wp","href":"https:\/\/api.w.org\/{rel}","templated":true}]}}