{"id":1359,"date":"2023-11-12T08:24:40","date_gmt":"2023-11-12T11:24:40","guid":{"rendered":"https:\/\/ismaelcolosi.com.br\/index.php\/2023\/11\/12\/as-diretrizes-do-novo-marco-legal-das-garantias\/"},"modified":"2023-11-12T08:24:40","modified_gmt":"2023-11-12T11:24:40","slug":"as-diretrizes-do-novo-marco-legal-das-garantias","status":"publish","type":"post","link":"https:\/\/ismaelcolosi.com.br\/index.php\/2023\/11\/12\/as-diretrizes-do-novo-marco-legal-das-garantias\/","title":{"rendered":"As diretrizes do novo Marco Legal das Garantias\u00a0"},"content":{"rendered":"<p> <br \/>\n<\/p>\n<div id=\"\">\n<p> <span class=\"entry-meta-item penci-posted-on\"><i class=\"fa fa-clock-o\"\/><time class=\"entry-date published\" datetime=\"2023-11-12T08:20:28-03:00\">12 de novembro de 2023 | 8:20<\/time><time class=\"updated\" datetime=\"2023-11-11T16:35:45-03:00\">11 de novembro de 2023 | 16:35<\/time><\/span><\/p>\n<p> <span class=\"penci-social-buttons penci-social-share-footer\"><a href=\"#\" class=\"penci-post-like penci_post-meta_item  single-like-button penci-social-item like\" data-post_id=\"364082\" title=\"Like\" data-like=\"Like\" data-unlike=\"Unlike\"><i class=\"fa fa-thumbs-o-up\"\/><span class=\"penci-share-number\">0<\/span><\/a><a class=\"penci-social-item facebook\" target=\"_blank\" rel=\"noopener\" title=\"\" href=\"https:\/\/www.facebook.com\/sharer\/sharer.php?u=https%3A%2F%2Fwww.tribunaribeirao.com.br%2Fsite%2Fas-diretrizes-do-novo-marco-legal-das-garantias%2F\"><i class=\"fa fa-facebook\"\/><\/a><a class=\"penci-social-item twitter\" target=\"_blank\" rel=\"noopener\" title=\"\" href=\"https:\/\/twitter.com\/intent\/tweet?text=As%20diretrizes%20do%20novo%20Marco%20Legal%20das%20Garantias\u00a0%20-%20https:\/\/www.tribunaribeirao.com.br\/site\/as-diretrizes-do-novo-marco-legal-das-garantias\/\"><i class=\"fa fa-twitter\"\/><\/a><a class=\"penci-social-item whatsapp\" rel=\"noopener\" data-text=\"As diretrizes do novo Marco Legal das Garantias\u00a0\" data-link=\"https:\/\/www.tribunaribeirao.com.br\/site\/as-diretrizes-do-novo-marco-legal-das-garantias\/\" href=\"#\"><i class=\"fa fa-whatsapp\"\/><\/a><\/span><\/div>\n<div>\n<p><b><i><span data-contrast=\"none\">Giovanna Falcaro*<\/span><\/i><\/b><span data-ccp-props=\"{&quot;201341983&quot;:0,&quot;335559739&quot;:0,&quot;335559740&quot;:240}\">\u00a0<\/span><\/p>\n<p><span data-ccp-props=\"{&quot;201341983&quot;:0,&quot;335559739&quot;:0,&quot;335559740&quot;:240}\">\u00a0<\/span><\/p>\n<p><span data-contrast=\"none\">Foi sancionada no \u00faltimo dia 31 de outubro a Lei 14.711\/23, tamb\u00e9m conhecida como Marco Legal das Garantias. A medida deve estimular o cr\u00e9dito imobili\u00e1rio, bem como reduzir juros e a inadimpl\u00eancia dos devedores. Uma das maiores inova\u00e7\u00f5es trazidas pelo novo marco \u00e9 a possibilidade de o mesmo im\u00f3vel ser dado em garantia em mais de um contrato de empr\u00e9stimo firmado com o mesmo credor. \u202f<\/span><span data-ccp-props=\"{&quot;201341983&quot;:0,&quot;335559739&quot;:0,&quot;335559740&quot;:240}\">\u00a0<\/span><\/p>\n<p><span data-ccp-props=\"{&quot;201341983&quot;:0,&quot;335559739&quot;:0,&quot;335559740&quot;:240}\">\u00a0<\/span><\/p>\n<p><span data-contrast=\"none\">Anteriormente, um im\u00f3vel poderia ser dado em garantia apenas em um contrato de empr\u00e9stimo por vez, sendo liberado somente ap\u00f3s a quita\u00e7\u00e3o integral do d\u00e9bito. \u202f<\/span><span data-ccp-props=\"{&quot;201341983&quot;:0,&quot;335559739&quot;:0,&quot;335559740&quot;:240}\">\u00a0<\/span><\/p>\n<p><span data-ccp-props=\"{&quot;201341983&quot;:0,&quot;335559739&quot;:0,&quot;335559740&quot;:240}\">\u00a0<\/span><\/p>\n<p><span data-contrast=\"none\">Agora, o mesmo im\u00f3vel pode ser dado em garantia para mais de um empr\u00e9stimo com o mesmo credor. Por exemplo, se o valor garantido pelo im\u00f3vel no primeiro empr\u00e9stimo for de R$ 150 mil, e a d\u00edvida original for de R$ 50 mil, o devedor poder\u00e1 tomar novo empr\u00e9stimo com o mesmo credor at\u00e9 o valor de R$ 100 mil. \u202f<\/span><span data-ccp-props=\"{&quot;201341983&quot;:0,&quot;335559739&quot;:0,&quot;335559740&quot;:240}\">\u00a0<\/span><\/p>\n<p><span data-ccp-props=\"{&quot;201341983&quot;:0,&quot;335559739&quot;:0,&quot;335559740&quot;:240}\">\u00a0<\/span><\/p>\n<p><span data-contrast=\"none\">Outra novidade, \u00e9 a permiss\u00e3o para que o tabeli\u00e3o de protesto de qualquer tipo de d\u00edvida possa intimar o devedor atrav\u00e9s de aplicativos de mensagens, como o WhatsApp. A intima\u00e7\u00e3o ser\u00e1 v\u00e1lida se a confirma\u00e7\u00e3o de recebimento de mensagens est\u00e1 ativada. \u202f<\/span><span data-ccp-props=\"{&quot;201341983&quot;:0,&quot;335559739&quot;:0,&quot;335559740&quot;:240}\">\u00a0<\/span><\/p>\n<p><span data-ccp-props=\"{&quot;201341983&quot;:0,&quot;335559739&quot;:0,&quot;335559740&quot;:240}\">\u00a0<\/span><\/p>\n<p><span data-contrast=\"none\">O novo Marco Legal de Garantias se amolda perfeitamente a recente decis\u00e3o proferida pelo Supremo Tribunal Federal (STF), que declarou como constitucional a execu\u00e7\u00e3o extrajudicial nos contratos de financiamento pelo Sistema Financeiro Imobili\u00e1rio.\u202f As novas medidas trazidas somadas com a decis\u00e3o do STF aumentam a seguran\u00e7a jur\u00eddica dos credores, uma vez que possibilita a tomada de medidas mais r\u00e1pidas e t\u00e3o eficazes quanto um processo judicial para a execu\u00e7\u00e3o de garantias. \u202f<\/span><span data-ccp-props=\"{&quot;201341983&quot;:0,&quot;335559739&quot;:0,&quot;335559740&quot;:240}\">\u00a0<\/span><\/p>\n<p><span data-ccp-props=\"{&quot;201341983&quot;:0,&quot;335559739&quot;:0,&quot;335559740&quot;:240}\">\u00a0<\/span><\/p>\n<p><span data-contrast=\"none\">Embora a legisla\u00e7\u00e3o pare\u00e7a completamente favor\u00e1vel \u00e0s institui\u00e7\u00f5es financeiras, o objetivo do governo \u00e9 reduzir os juros dos consumidores no mercado financeiro, facilitando acesso ao cr\u00e9dito, j\u00e1 que os bancos ter\u00e3o maior facilidade no recebimento das d\u00edvidas em caso de inadimpl\u00eancia.<\/span><span data-ccp-props=\"{&quot;201341983&quot;:0,&quot;335559739&quot;:0,&quot;335559740&quot;:240}\">\u00a0<\/span><\/p>\n<p><span data-ccp-props=\"{&quot;201341983&quot;:0,&quot;335559739&quot;:0,&quot;335559740&quot;:240}\">\u00a0<\/span><\/p>\n<p><span data-contrast=\"none\">Por outro lado, existe a preocupa\u00e7\u00e3o em rela\u00e7\u00e3o ao endividamento da popula\u00e7\u00e3o, j\u00e1 que, agora, os brasileiros poder\u00e3o adquirir diversos empr\u00e9stimos com o mesmo bem em garantia, o que poder\u00e1 causar o superendividamento e, como consequ\u00eancia, aumentar a inadimpl\u00eancia.<\/span><span data-ccp-props=\"{&quot;201341983&quot;:0,&quot;335559739&quot;:0,&quot;335559740&quot;:240}\">\u00a0<\/span><\/p>\n<p><span data-ccp-props=\"{&quot;201341983&quot;:0,&quot;335559739&quot;:0,&quot;335559740&quot;:240}\">\u00a0<\/span><\/p>\n<p><span data-contrast=\"none\">Com a medida, os bancos devem come\u00e7ar a divulgar novas linhas de cr\u00e9dito, onde ser\u00e1 poss\u00edvel observar o real impacto da legisla\u00e7\u00e3o nas taxas de juros.<\/span><span data-ccp-props=\"{&quot;201341983&quot;:0,&quot;335559739&quot;:0,&quot;335559740&quot;:240}\">\u00a0<\/span><\/p>\n<p><span data-ccp-props=\"{&quot;201341983&quot;:0,&quot;335559739&quot;:0,&quot;335559740&quot;:240}\">\u00a0<\/span><\/p>\n<p><b><i><span data-contrast=\"none\">*Giovanna Falcaro \u00e9 advogada especialista em Direito Civil da Falchet e Marques Sociedade de Advogados<\/span><\/i><\/b><span data-ccp-props=\"{&quot;201341983&quot;:0,&quot;335559739&quot;:0,&quot;335559740&quot;:240}\">\u00a0<\/span><\/p>\n<p><span data-ccp-props=\"{&quot;201341983&quot;:0,&quot;335559739&quot;:160,&quot;335559740&quot;:259}\">\u00a0<\/span><\/p>\n<\/div>\n<p><script async src=\"\/\/platform.twitter.com\/widgets.js\" charset=\"utf-8\"><\/script><br \/>\n<br \/><br \/>\n<br \/><a href=\"https:\/\/www.tribunaribeirao.com.br\/site\/as-diretrizes-do-novo-marco-legal-das-garantias\/\">Source link <\/a><\/p>\n<div class='code-block code-block-4' style='margin: 8px auto 8px 0; text-align: left; display: block; clear: both;'>\n\ud83d\udce2 Aviso Legal\n\nO site ismaelcolosi.com.br atua apenas como um canal de divulga\u00e7\u00e3o de oportunidades de emprego e n\u00e3o se responsabiliza pelo processo seletivo, contrata\u00e7\u00e3o ou qualquer outra etapa relacionada \u00e0s vagas publicadas. Todas as informa\u00e7\u00f5es s\u00e3o de responsabilidade dos anunciantes.\n\n\u26a0\ufe0f Aten\u00e7\u00e3o! Nunca pague por promessas de emprego nem compre cursos que garantam contrata\u00e7\u00e3o. Desconfie de qualquer cobran\u00e7a para participar de sele\u00e7\u00f5es.\n\n\n\n<\/div>\n<!-- CONTENT END 1 -->\n","protected":false},"excerpt":{"rendered":"<p>12 de novembro de 2023 | 8:2011 de novembro de 2023 | 16:35 0 Giovanna Falcaro*\u00a0 \u00a0 Foi sancionada no \u00faltimo dia 31 de outubro&#8230;<\/p>\n","protected":false},"author":1,"featured_media":1360,"comment_status":"open","ping_status":"open","sticky":false,"template":"","format":"standard","meta":{"_uag_custom_page_level_css":"","advanced_seo_description":"","jetpack_seo_html_title":"","jetpack_seo_noindex":false,"jetpack_post_was_ever_published":false,"_jetpack_newsletter_access":"","_jetpack_dont_email_post_to_subs":false,"_jetpack_newsletter_tier_id":0,"_jetpack_memberships_contains_paywalled_content":false,"_jetpack_memberships_contains_paid_content":false,"footnotes":"","jetpack_publicize_message":"","jetpack_publicize_feature_enabled":true,"jetpack_social_post_already_shared":false,"jetpack_social_options":{"image_generator_settings":{"template":"highway","default_image_id":0,"font":"","enabled":false},"version":2}},"categories":[11],"tags":[],"class_list":["post-1359","post","type-post","status-publish","format-standard","has-post-thumbnail","hentry","category-noticias-de-ribeirao-preto-sp-e-regiao-ismael-colosi"],"jetpack_publicize_connections":[],"jetpack_featured_media_url":"https:\/\/i0.wp.com\/ismaelcolosi.com.br\/wp-content\/uploads\/2023\/11\/giovana-falcaro.jpg?fit=645%2C645&ssl=1","uagb_featured_image_src":{"full":["https:\/\/i0.wp.com\/ismaelcolosi.com.br\/wp-content\/uploads\/2023\/11\/giovana-falcaro.jpg?fit=645%2C645&ssl=1",645,645,false],"thumbnail":["https:\/\/i0.wp.com\/ismaelcolosi.com.br\/wp-content\/uploads\/2023\/11\/giovana-falcaro.jpg?resize=150%2C150&ssl=1",150,150,true],"medium":["https:\/\/i0.wp.com\/ismaelcolosi.com.br\/wp-content\/uploads\/2023\/11\/giovana-falcaro.jpg?fit=300%2C300&ssl=1",300,300,true],"medium_large":["https:\/\/i0.wp.com\/ismaelcolosi.com.br\/wp-content\/uploads\/2023\/11\/giovana-falcaro.jpg?fit=645%2C645&ssl=1",645,645,true],"large":["https:\/\/i0.wp.com\/ismaelcolosi.com.br\/wp-content\/uploads\/2023\/11\/giovana-falcaro.jpg?fit=645%2C645&ssl=1",645,645,true],"1536x1536":["https:\/\/i0.wp.com\/ismaelcolosi.com.br\/wp-content\/uploads\/2023\/11\/giovana-falcaro.jpg?fit=645%2C645&ssl=1",645,645,true],"2048x2048":["https:\/\/i0.wp.com\/ismaelcolosi.com.br\/wp-content\/uploads\/2023\/11\/giovana-falcaro.jpg?fit=645%2C645&ssl=1",645,645,true],"really-simple-thumb":["https:\/\/i0.wp.com\/ismaelcolosi.com.br\/wp-content\/uploads\/2023\/11\/giovana-falcaro.jpg?resize=370%2C247&ssl=1",370,247,true]},"uagb_author_info":{"display_name":"ismaelcolosi.com.br","author_link":"https:\/\/ismaelcolosi.com.br\/index.php\/author\/vidareal-online\/"},"uagb_comment_info":0,"uagb_excerpt":"12 de novembro de 2023 | 8:2011 de novembro de 2023 | 16:35 0 Giovanna Falcaro*\u00a0 \u00a0 Foi sancionada no \u00faltimo dia 31 de outubro...","jetpack-related-posts":[{"id":3421,"url":"https:\/\/ismaelcolosi.com.br\/index.php\/2023\/11\/18\/black-friday-veja-as-promocoes-do-shopping-iguatemi-de-ribeirao-preto\/","url_meta":{"origin":1359,"position":0},"title":"Black Friday: Veja as promo\u00e7\u00f5es do Shopping Iguatemi de Ribeir\u00e3o Preto","author":"ismaelcolosi.com.br","date":"18 de November de 2023","format":false,"excerpt":"Falta menos de uma semana para data oficial da Black Friday \u2013 que \u00e9 24 de novembro \u2013 e muitas lojas j\u00e1 iniciaram as promo\u00e7\u00f5es ou j\u00e1 divulgaram a data do in\u00edcio das ofertas. No Shopping Iguatemi, na zona Sul de Ribeir\u00e3o Preto, por exemplo, v\u00e1rias lojas aderiam e divulgaram\u2026","rel":"","context":"In &quot;Not\u00edcias de Ribeir\u00e3o Preto-SP e Regi\u00e3o&quot;","block_context":{"text":"Not\u00edcias de Ribeir\u00e3o Preto-SP e Regi\u00e3o","link":"https:\/\/ismaelcolosi.com.br\/index.php\/category\/noticias-de-ribeirao-preto-sp-e-regiao-ismael-colosi\/"},"img":{"alt_text":"","src":"https:\/\/i0.wp.com\/ismaelcolosi.com.br\/wp-content\/uploads\/2023\/11\/WhatsApp-Image-2023-11-17-at-13.51.16.jpeg?fit=696%2C464&ssl=1&resize=350%2C200","width":350,"height":200,"srcset":"https:\/\/i0.wp.com\/ismaelcolosi.com.br\/wp-content\/uploads\/2023\/11\/WhatsApp-Image-2023-11-17-at-13.51.16.jpeg?fit=696%2C464&ssl=1&resize=350%2C200 1x, https:\/\/i0.wp.com\/ismaelcolosi.com.br\/wp-content\/uploads\/2023\/11\/WhatsApp-Image-2023-11-17-at-13.51.16.jpeg?fit=696%2C464&ssl=1&resize=525%2C300 1.5x"},"classes":[]},{"id":6531,"url":"https:\/\/ismaelcolosi.com.br\/index.php\/2023\/11\/26\/pagamentos-antecipados-do-bolsa-familia-beneficiam-brasileiros\/","url_meta":{"origin":1359,"position":1},"title":"Pagamentos antecipados do Bolsa Fam\u00edlia beneficiam brasileiros","author":"ismaelcolosi.com.br","date":"26 de November de 2023","format":false,"excerpt":"Cr\u00e9ditos: MDAS\/Divulga\u00e7\u00e3oO calend\u00e1rio do Bolsa Fam\u00edlia de novembro est\u00e1 SURPREENDENTE Iniciando uma era de maior agilidade e antecipa\u00e7\u00e3o, o novo calend\u00e1rio do Bolsa Fam\u00edlia, implementado a partir de 17 de novembro, traz mudan\u00e7as significativas que beneficiar\u00e3o mais de 20 milh\u00f5es de fam\u00edlias em todo o Brasil. Neste m\u00eas, os pagamentos\u2026","rel":"","context":"In &quot;Variedades&quot;","block_context":{"text":"Variedades","link":"https:\/\/ismaelcolosi.com.br\/index.php\/category\/variedades\/"},"img":{"alt_text":"","src":"https:\/\/i0.wp.com\/ismaelcolosi.com.br\/wp-content\/uploads\/2023\/11\/bolsa-familia-paga-dinheiro-extra-hoje-saiba-quem-vai-receber.jpg?fit=1200%2C638&ssl=1&resize=350%2C200","width":350,"height":200,"srcset":"https:\/\/i0.wp.com\/ismaelcolosi.com.br\/wp-content\/uploads\/2023\/11\/bolsa-familia-paga-dinheiro-extra-hoje-saiba-quem-vai-receber.jpg?fit=1200%2C638&ssl=1&resize=350%2C200 1x, https:\/\/i0.wp.com\/ismaelcolosi.com.br\/wp-content\/uploads\/2023\/11\/bolsa-familia-paga-dinheiro-extra-hoje-saiba-quem-vai-receber.jpg?fit=1200%2C638&ssl=1&resize=525%2C300 1.5x, https:\/\/i0.wp.com\/ismaelcolosi.com.br\/wp-content\/uploads\/2023\/11\/bolsa-familia-paga-dinheiro-extra-hoje-saiba-quem-vai-receber.jpg?fit=1200%2C638&ssl=1&resize=700%2C400 2x, https:\/\/i0.wp.com\/ismaelcolosi.com.br\/wp-content\/uploads\/2023\/11\/bolsa-familia-paga-dinheiro-extra-hoje-saiba-quem-vai-receber.jpg?fit=1200%2C638&ssl=1&resize=1050%2C600 3x"},"classes":[]},{"id":6473,"url":"https:\/\/ismaelcolosi.com.br\/index.php\/2023\/11\/26\/maes-do-bolsa-familia-recebem-bonus-de-r-50-na-parcela-de-novembro\/","url_meta":{"origin":1359,"position":2},"title":"M\u00e3es do Bolsa Fam\u00edlia recebem b\u00f4nus de R$ 50 na parcela de novembro","author":"ismaelcolosi.com.br","date":"26 de November de 2023","format":false,"excerpt":"Cr\u00e9ditos: Ag\u00eancia Brasil\/ArquivoA novidade mais aguardada do Bolsa Fam\u00edlia de novembro acaba de chegar As m\u00e3es que fazem parte do programa Bolsa Fam\u00edlia t\u00eam um motivo a mais para celebrar neste m\u00eas de novembro. Al\u00e9m dos pagamentos regulares que j\u00e1 beneficiam mais de 20 milh\u00f5es de pessoas, um b\u00f4nus de\u2026","rel":"","context":"In &quot;Variedades&quot;","block_context":{"text":"Variedades","link":"https:\/\/ismaelcolosi.com.br\/index.php\/category\/variedades\/"},"img":{"alt_text":"","src":"https:\/\/i0.wp.com\/ismaelcolosi.com.br\/wp-content\/uploads\/2023\/11\/bolsa-familia-na-conta-saiba-se-voce-vai-receber-hoje.jpg?fit=1200%2C638&ssl=1&resize=350%2C200","width":350,"height":200,"srcset":"https:\/\/i0.wp.com\/ismaelcolosi.com.br\/wp-content\/uploads\/2023\/11\/bolsa-familia-na-conta-saiba-se-voce-vai-receber-hoje.jpg?fit=1200%2C638&ssl=1&resize=350%2C200 1x, https:\/\/i0.wp.com\/ismaelcolosi.com.br\/wp-content\/uploads\/2023\/11\/bolsa-familia-na-conta-saiba-se-voce-vai-receber-hoje.jpg?fit=1200%2C638&ssl=1&resize=525%2C300 1.5x, https:\/\/i0.wp.com\/ismaelcolosi.com.br\/wp-content\/uploads\/2023\/11\/bolsa-familia-na-conta-saiba-se-voce-vai-receber-hoje.jpg?fit=1200%2C638&ssl=1&resize=700%2C400 2x, https:\/\/i0.wp.com\/ismaelcolosi.com.br\/wp-content\/uploads\/2023\/11\/bolsa-familia-na-conta-saiba-se-voce-vai-receber-hoje.jpg?fit=1200%2C638&ssl=1&resize=1050%2C600 3x"},"classes":[]},{"id":22944,"url":"https:\/\/ismaelcolosi.com.br\/index.php\/2023\/12\/31\/brasil-bate-recorde-de-consumo-de-energia-eletrica-pelo-segundo-mes-consecutivo-em-novembro\/","url_meta":{"origin":1359,"position":3},"title":"Brasil bate recorde de consumo de energia el\u00e9trica pelo segundo m\u00eas consecutivo em novembro","author":"ismaelcolosi.com.br","date":"31 de December de 2023","format":false,"excerpt":"31 de dezembro de 2023 | 15:0030 de dezembro de 2023 | 17:07 0O Brasil bateu o segundo recorde consecutivo de consumo de energia el\u00e9trica em novembro, atingindo 46.407 gigawatts-hora (GWh), alta de 8,5% em compara\u00e7\u00e3o com novembro de 2022, informou a Empresa de Pesquisa Energ\u00e9tica (EPE). Segundo a autarquia,\u2026","rel":"","context":"In &quot;Not\u00edcias de Ribeir\u00e3o Preto-SP e Regi\u00e3o&quot;","block_context":{"text":"Not\u00edcias de Ribeir\u00e3o Preto-SP e Regi\u00e3o","link":"https:\/\/ismaelcolosi.com.br\/index.php\/category\/noticias-de-ribeirao-preto-sp-e-regiao-ismael-colosi\/"},"img":{"alt_text":"","src":"https:\/\/i0.wp.com\/ismaelcolosi.com.br\/wp-content\/uploads\/2023\/12\/35353960-6181-460a-bf82-25eb45dff665-1.jpg?fit=684%2C460&ssl=1&resize=350%2C200","width":350,"height":200,"srcset":"https:\/\/i0.wp.com\/ismaelcolosi.com.br\/wp-content\/uploads\/2023\/12\/35353960-6181-460a-bf82-25eb45dff665-1.jpg?fit=684%2C460&ssl=1&resize=350%2C200 1x, https:\/\/i0.wp.com\/ismaelcolosi.com.br\/wp-content\/uploads\/2023\/12\/35353960-6181-460a-bf82-25eb45dff665-1.jpg?fit=684%2C460&ssl=1&resize=525%2C300 1.5x"},"classes":[]},{"id":22399,"url":"https:\/\/ismaelcolosi.com.br\/index.php\/2023\/12\/29\/taxa-de-desocupacao-no-trimestre-ate-novembro-e-a-menor-desde-fevereiro-de-2015\/","url_meta":{"origin":1359,"position":4},"title":"Taxa de desocupa\u00e7\u00e3o no trimestre at\u00e9 novembro \u00e9 a menor desde fevereiro de 2015","author":"ismaelcolosi.com.br","date":"29 de December de 2023","format":false,"excerpt":"29 de dezembro de 2023 | 17:0029 de dezembro de 2023 | 11:41 0A taxa de desocupa\u00e7\u00e3o caiu de 7,8% no trimestre terminado em agosto para 7,5% no trimestre encerrado em novembro, menor resultado desde fevereiro de 2015, quando tamb\u00e9m foi de 7,5%. Os dados s\u00e3o da Pesquisa Nacional por\u2026","rel":"","context":"In &quot;Not\u00edcias de Ribeir\u00e3o Preto-SP e Regi\u00e3o&quot;","block_context":{"text":"Not\u00edcias de Ribeir\u00e3o Preto-SP e Regi\u00e3o","link":"https:\/\/ismaelcolosi.com.br\/index.php\/category\/noticias-de-ribeirao-preto-sp-e-regiao-ismael-colosi\/"},"img":{"alt_text":"","src":"https:\/\/i0.wp.com\/ismaelcolosi.com.br\/wp-content\/uploads\/2023\/12\/CagedRP-Marcelo-Camargo-Ag.Br_-scaled.jpg?fit=1000%2C598&ssl=1&resize=350%2C200","width":350,"height":200,"srcset":"https:\/\/i0.wp.com\/ismaelcolosi.com.br\/wp-content\/uploads\/2023\/12\/CagedRP-Marcelo-Camargo-Ag.Br_-scaled.jpg?fit=1000%2C598&ssl=1&resize=350%2C200 1x, https:\/\/i0.wp.com\/ismaelcolosi.com.br\/wp-content\/uploads\/2023\/12\/CagedRP-Marcelo-Camargo-Ag.Br_-scaled.jpg?fit=1000%2C598&ssl=1&resize=525%2C300 1.5x, https:\/\/i0.wp.com\/ismaelcolosi.com.br\/wp-content\/uploads\/2023\/12\/CagedRP-Marcelo-Camargo-Ag.Br_-scaled.jpg?fit=1000%2C598&ssl=1&resize=700%2C400 2x"},"classes":[]},{"id":20971,"url":"https:\/\/ismaelcolosi.com.br\/index.php\/2023\/12\/26\/desmatamento-na-amazonia-registra-maior-queda-do-ano-em-novembro\/","url_meta":{"origin":1359,"position":5},"title":"Desmatamento na Amaz\u00f4nia registra maior queda do ano em novembro","author":"ismaelcolosi.com.br","date":"26 de December de 2023","format":false,"excerpt":"26 de dezembro de 2023 | 17:0026 de dezembro de 2023 | 14:48 0Em novembro, a Amaz\u00f4nia registrou a maior queda na taxa de desmatamento de todo o ano. Levantamento do Imazon, consolidado a partir do monitoramento por sat\u00e9lites, indica que a perda de vegeta\u00e7\u00e3o foi de 116 quil\u00f4metros quadrados\u2026","rel":"","context":"In &quot;Not\u00edcias de Ribeir\u00e3o Preto-SP e Regi\u00e3o&quot;","block_context":{"text":"Not\u00edcias de Ribeir\u00e3o Preto-SP e Regi\u00e3o","link":"https:\/\/ismaelcolosi.com.br\/index.php\/category\/noticias-de-ribeirao-preto-sp-e-regiao-ismael-colosi\/"},"img":{"alt_text":"","src":"https:\/\/i0.wp.com\/ismaelcolosi.com.br\/wp-content\/uploads\/2023\/12\/amazonia-scaled.jpg?fit=1000%2C598&ssl=1&resize=350%2C200","width":350,"height":200,"srcset":"https:\/\/i0.wp.com\/ismaelcolosi.com.br\/wp-content\/uploads\/2023\/12\/amazonia-scaled.jpg?fit=1000%2C598&ssl=1&resize=350%2C200 1x, https:\/\/i0.wp.com\/ismaelcolosi.com.br\/wp-content\/uploads\/2023\/12\/amazonia-scaled.jpg?fit=1000%2C598&ssl=1&resize=525%2C300 1.5x, https:\/\/i0.wp.com\/ismaelcolosi.com.br\/wp-content\/uploads\/2023\/12\/amazonia-scaled.jpg?fit=1000%2C598&ssl=1&resize=700%2C400 2x"},"classes":[]}],"jetpack_sharing_enabled":true,"jetpack_shortlink":"https:\/\/wp.me\/pfMlyK-lV","_links":{"self":[{"href":"https:\/\/ismaelcolosi.com.br\/index.php\/wp-json\/wp\/v2\/posts\/1359","targetHints":{"allow":["GET"]}}],"collection":[{"href":"https:\/\/ismaelcolosi.com.br\/index.php\/wp-json\/wp\/v2\/posts"}],"about":[{"href":"https:\/\/ismaelcolosi.com.br\/index.php\/wp-json\/wp\/v2\/types\/post"}],"author":[{"embeddable":true,"href":"https:\/\/ismaelcolosi.com.br\/index.php\/wp-json\/wp\/v2\/users\/1"}],"replies":[{"embeddable":true,"href":"https:\/\/ismaelcolosi.com.br\/index.php\/wp-json\/wp\/v2\/comments?post=1359"}],"version-history":[{"count":0,"href":"https:\/\/ismaelcolosi.com.br\/index.php\/wp-json\/wp\/v2\/posts\/1359\/revisions"}],"wp:featuredmedia":[{"embeddable":true,"href":"https:\/\/ismaelcolosi.com.br\/index.php\/wp-json\/wp\/v2\/media\/1360"}],"wp:attachment":[{"href":"https:\/\/ismaelcolosi.com.br\/index.php\/wp-json\/wp\/v2\/media?parent=1359"}],"wp:term":[{"taxonomy":"category","embeddable":true,"href":"https:\/\/ismaelcolosi.com.br\/index.php\/wp-json\/wp\/v2\/categories?post=1359"},{"taxonomy":"post_tag","embeddable":true,"href":"https:\/\/ismaelcolosi.com.br\/index.php\/wp-json\/wp\/v2\/tags?post=1359"}],"curies":[{"name":"wp","href":"https:\/\/api.w.org\/{rel}","templated":true}]}}