{"id":1357,"date":"2023-11-12T08:17:56","date_gmt":"2023-11-12T11:17:56","guid":{"rendered":"https:\/\/ismaelcolosi.com.br\/index.php\/2023\/11\/12\/emocao-22-depressao-jornal-tribuna-ribeirao\/"},"modified":"2023-11-12T08:17:56","modified_gmt":"2023-11-12T11:17:56","slug":"emocao-22-depressao-jornal-tribuna-ribeirao","status":"publish","type":"post","link":"https:\/\/ismaelcolosi.com.br\/index.php\/2023\/11\/12\/emocao-22-depressao-jornal-tribuna-ribeirao\/","title":{"rendered":"Emo\u00e7\u00e3o (22): Depress\u00e3o\u00a0 &#8211; Jornal Tribuna Ribeir\u00e3o"},"content":{"rendered":"<p> <br \/>\n<\/p>\n<div id=\"\">\n<p> <span class=\"entry-meta-item penci-posted-on\"><i class=\"fa fa-clock-o\"\/><time class=\"entry-date published\" datetime=\"2023-11-12T08:15:52-03:00\">12 de novembro de 2023 | 8:15<\/time><time class=\"updated\" datetime=\"2023-11-11T16:19:23-03:00\">11 de novembro de 2023 | 16:19<\/time><\/span><\/p>\n<p> <span class=\"penci-social-buttons penci-social-share-footer\"><a href=\"#\" class=\"penci-post-like penci_post-meta_item  single-like-button penci-social-item like\" data-post_id=\"364080\" title=\"Like\" data-like=\"Like\" data-unlike=\"Unlike\"><i class=\"fa fa-thumbs-o-up\"\/><span class=\"penci-share-number\">0<\/span><\/a><a class=\"penci-social-item facebook\" target=\"_blank\" rel=\"noopener\" title=\"\" href=\"https:\/\/www.facebook.com\/sharer\/sharer.php?u=https%3A%2F%2Fwww.tribunaribeirao.com.br%2Fsite%2Femocao-22-depressao%2F\"><i class=\"fa fa-facebook\"\/><\/a><a class=\"penci-social-item twitter\" target=\"_blank\" rel=\"noopener\" title=\"\" href=\"https:\/\/twitter.com\/intent\/tweet?text=Emo\u00e7\u00e3o%20(22):%20Depress\u00e3o\u00a0%20-%20https:\/\/www.tribunaribeirao.com.br\/site\/emocao-22-depressao\/\"><i class=\"fa fa-twitter\"\/><\/a><a class=\"penci-social-item whatsapp\" rel=\"noopener\" data-text=\"Emo\u00e7\u00e3o (22): Depress\u00e3o\u00a0\" data-link=\"https:\/\/www.tribunaribeirao.com.br\/site\/emocao-22-depressao\/\" href=\"#\"><i class=\"fa fa-whatsapp\"\/><\/a><\/span><\/div>\n<div>\n<p><span data-contrast=\"auto\">Jos\u00e9 Aparecido Da Silva*<\/span><span data-ccp-props=\"{&quot;201341983&quot;:0,&quot;335551550&quot;:3,&quot;335551620&quot;:3,&quot;335559739&quot;:0,&quot;335559740&quot;:240}\">\u00a0<\/span><\/p>\n<p><span data-ccp-props=\"{&quot;201341983&quot;:0,&quot;335551550&quot;:2,&quot;335551620&quot;:2,&quot;335559739&quot;:0,&quot;335559740&quot;:240}\">\u00a0<\/span><span data-contrast=\"auto\">O que \u00e9 depress\u00e3o? Todo mundo se sente triste ou deprimido \u00e0s vezes, mas esses sentimentos geralmente passam com um pouco de tempo. A depress\u00e3o (tamb\u00e9m chamada de transtorno depressivo maior ou depress\u00e3o cl\u00ednica) \u00e9 diferente. Pode causar sintomas graves que afetam como voc\u00ea se sente, pensa e lida com as atividades di\u00e1rias, como dormir, comer ou trabalhar. \u00c9 uma doen\u00e7a que pode afetar qualquer pessoa \u2014 independentemente de idade, ra\u00e7a, renda, cultura ou educa\u00e7\u00e3o. Pesquisas sugerem que fatores gen\u00e9ticos, biol\u00f3gicos, ambientais e psicol\u00f3gicos desempenham um papel na depress\u00e3o. A depress\u00e3o pode ocorrer com outros transtornos mentais e outras doen\u00e7as, como diabetes, c\u00e2ncer, doen\u00e7as card\u00edacas e dores cr\u00f4nicas. A depress\u00e3o pode piorar essas condi\u00e7\u00f5es e vice-versa. \u00c0s vezes, os medicamentos tomados para essas doen\u00e7as causam efeitos colaterais que contribuem para os sintomas de depress\u00e3o. Duas formas comuns de depress\u00e3o s\u00e3o: A depress\u00e3o maior, que inclui sintomas de depress\u00e3o na maioria das vezes por pelo menos 2 semanas que normalmente interferem na capacidade de trabalhar, dormir, estudar e comer. E o transtorno depressivo persistente (distimia), que geralmente inclui sintomas menos graves de depress\u00e3o que duram muito mais tempo, geralmente por pelo menos 2 anos. Outras formas de depress\u00e3o incluem:\u00a0 A depress\u00e3o Perinatal, que ocorre quando uma mulher sofre de depress\u00e3o maior durante a gravidez ou ap\u00f3s o parto (depress\u00e3o p\u00f3s-parto). O transtorno afetivo sazonal, que vem e vai com as esta\u00e7\u00f5es, geralmente come\u00e7ando no final do outono e in\u00edcio do inverno e desaparecendo durante a primavera e o ver\u00e3o. A depress\u00e3o com sintomas de psicose, que \u00e9 uma forma grave de depress\u00e3o em que uma pessoa apresenta sintomas de psicose, como del\u00edrios (perturbadores, falsas cren\u00e7as fixas) ou alucina\u00e7\u00f5es (ouvir ou ver coisas que os outros n\u00e3o v\u00eaem ou ouvem). Ademais, os indiv\u00edduos diagnosticados com transtorno bipolar (anteriormente chamado de depress\u00e3o man\u00edaca ou doen\u00e7a man\u00edaco-depressiva) tamb\u00e9m sofrem de depress\u00e3o.\u00a0<\/span><span data-ccp-props=\"{&quot;201341983&quot;:0,&quot;335551550&quot;:6,&quot;335551620&quot;:6,&quot;335559731&quot;:708,&quot;335559739&quot;:0,&quot;335559740&quot;:240}\">\u00a0<\/span><\/p>\n<p><span data-contrast=\"auto\">Quais s\u00e3o os sinais e sintomas da depress\u00e3o? Os sintomas comuns de depress\u00e3o incluem:1) Humor triste, ansioso ou \u201cvazio\u201d persistente, 2) Sentimentos de desesperan\u00e7a ou pessimismo, 3) Sentimentos de irritabilidade, frustra\u00e7\u00e3o ou inquieta\u00e7\u00e3o, 4) Sentimentos de culpa, inutilidade ou desamparo, 5) Perda de interesse ou prazer em hobbies ou atividades, 6) Diminui\u00e7\u00e3o da energia, fadiga ou \u201cdesacelera\u00e7\u00e3o\u201d , 7) Dificuldade de concentra\u00e7\u00e3o, lembran\u00e7a ou tomada de decis\u00f5es, 8) Dificuldade em dormir, acordar cedo ou dormir demais, 9) Mudan\u00e7as no apetite ou mudan\u00e7as de peso n\u00e3o planejadas, 10) Dores ou dores, dores de cabe\u00e7a, c\u00e3ibras ou problemas digestivos sem causa f\u00edsica clara e que n\u00e3o melhoram mesmo com tratamento\u00a0 e 11) Tentativas de suic\u00eddio ou pensamentos de morte ou suic\u00eddio. A depress\u00e3o parece a mesma em todos?\u00a0 A depress\u00e3o pode afetar as pessoas de maneira diferente, dependendo da idade. As crian\u00e7as com depress\u00e3o podem ficar ansiosas, irritadas, fingir estar doentes, recusar-se a ir \u00e0 escola, agarrar-se a um dos pais ou temer que um dos pais possa morrer. Crian\u00e7as mais velhas e adolescentes com depress\u00e3o podem ter problemas na escola, ficar de mau humor, se frustrar facilmente, ficar inquietos ou ter baixa auto-estima. Elas tamb\u00e9m podem ter outros transtornos, como ansiedade e transtornos alimentares, transtorno de d\u00e9ficit de aten\u00e7\u00e3o e hiperatividade ou transtorno por uso de subst\u00e2ncias. Crian\u00e7as mais velhas e adolescentes s\u00e3o mais propensas a experimentar sonol\u00eancia excessiva (chamada hipersonia) e aumento do apetite (chamado hiperfagia).\u00a0<\/span><span data-ccp-props=\"{&quot;201341983&quot;:0,&quot;335551550&quot;:6,&quot;335551620&quot;:6,&quot;335559731&quot;:708,&quot;335559739&quot;:0,&quot;335559740&quot;:240}\">\u00a0<\/span><\/p>\n<p><span data-contrast=\"auto\">Na adolesc\u00eancia, as mulheres come\u00e7am a sofrer de depress\u00e3o com mais freq\u00fc\u00eancia do que os homens, provavelmente devido aos fatores biol\u00f3gicos, do ciclo de vida e hormonais exclusivos das mulheres. Adultos mais jovens com depress\u00e3o s\u00e3o mais propensos a serem irrit\u00e1veis, queixam-se de ganho de peso e hipersonia e t\u00eam uma vis\u00e3o negativa da vida e do futuro. Elas geralmente t\u00eam outros transtornos, como transtorno de ansiedade generalizada, fobia social, transtorno do p\u00e2nico e transtornos por uso de subst\u00e2ncias. Adultos de meia-idade com depress\u00e3o podem ter mais epis\u00f3dios depressivos, diminui\u00e7\u00e3o da libido, ins\u00f4nia no meio da noite ou despertar pela manh\u00e3. Eles tamb\u00e9m podem relatar com mais freq\u00fc\u00eancia sintomas gastrointestinais, como diarr\u00e9ia ou constipa\u00e7\u00e3o. Os adultos mais velhos com depress\u00e3o geralmente experimentam tristeza ou tristeza ou podem ter outros sintomas menos \u00f3bvios. Eles podem relatar uma falta de emo\u00e7\u00f5es em vez de um humor deprimido. Os adultos mais velhos tamb\u00e9m s\u00e3o mais propensos a ter outras condi\u00e7\u00f5es m\u00e9dicas ou dor que podem causar ou contribuir para a depress\u00e3o. Em casos graves, problemas de mem\u00f3ria e pensamento (chamados pseudodem\u00eancia) podem ser proeminentes. S\u00e3o as comorbidades. Devemos sempre preetar aten\u00e7\u00e3o a elas.<\/span><span data-ccp-props=\"{&quot;201341983&quot;:0,&quot;335551550&quot;:6,&quot;335551620&quot;:6,&quot;335559731&quot;:708,&quot;335559739&quot;:0,&quot;335559740&quot;:240}\">\u00a0<\/span><\/p>\n<p><span data-contrast=\"auto\">Professor S\u00eanior Visitante da UnB-DF*<\/span><span data-ccp-props=\"{&quot;201341983&quot;:0,&quot;335551550&quot;:3,&quot;335551620&quot;:3,&quot;335559731&quot;:708,&quot;335559739&quot;:0,&quot;335559740&quot;:240}\">\u00a0<\/span><\/p>\n<p><span data-ccp-props=\"{&quot;201341983&quot;:0,&quot;335551550&quot;:3,&quot;335551620&quot;:3,&quot;335559731&quot;:708,&quot;335559739&quot;:0,&quot;335559740&quot;:240}\">\u00a0<\/span><\/p>\n<\/div>\n<p><script async src=\"\/\/platform.twitter.com\/widgets.js\" charset=\"utf-8\"><\/script><br \/>\n<br \/><br \/>\n<br \/><a href=\"https:\/\/www.tribunaribeirao.com.br\/site\/emocao-22-depressao\/\">Source link <\/a><\/p>\n<div class='code-block code-block-4' style='margin: 8px auto 8px 0; text-align: left; display: block; clear: both;'>\n\ud83d\udce2 Aviso Legal\n\nO site ismaelcolosi.com.br atua apenas como um canal de divulga\u00e7\u00e3o de oportunidades de emprego e n\u00e3o se responsabiliza pelo processo seletivo, contrata\u00e7\u00e3o ou qualquer outra etapa relacionada \u00e0s vagas publicadas. Todas as informa\u00e7\u00f5es s\u00e3o de responsabilidade dos anunciantes.\n\n\u26a0\ufe0f Aten\u00e7\u00e3o! Nunca pague por promessas de emprego nem compre cursos que garantam contrata\u00e7\u00e3o. Desconfie de qualquer cobran\u00e7a para participar de sele\u00e7\u00f5es.\n\n\n\n<\/div>\n<!-- CONTENT END 1 -->\n","protected":false},"excerpt":{"rendered":"<p>12 de novembro de 2023 | 8:1511 de novembro de 2023 | 16:19 0 Jos\u00e9 Aparecido Da Silva*\u00a0 \u00a0O que \u00e9 depress\u00e3o? Todo mundo se&#8230;<\/p>\n","protected":false},"author":1,"featured_media":1358,"comment_status":"open","ping_status":"open","sticky":false,"template":"","format":"standard","meta":{"_uag_custom_page_level_css":"","advanced_seo_description":"","jetpack_seo_html_title":"","jetpack_seo_noindex":false,"jetpack_post_was_ever_published":false,"_jetpack_newsletter_access":"","_jetpack_dont_email_post_to_subs":false,"_jetpack_newsletter_tier_id":0,"_jetpack_memberships_contains_paywalled_content":false,"_jetpack_memberships_contains_paid_content":false,"footnotes":"","jetpack_publicize_message":"","jetpack_publicize_feature_enabled":true,"jetpack_social_post_already_shared":false,"jetpack_social_options":{"image_generator_settings":{"template":"highway","default_image_id":0,"font":"","enabled":false},"version":2}},"categories":[11],"tags":[],"class_list":["post-1357","post","type-post","status-publish","format-standard","has-post-thumbnail","hentry","category-noticias-de-ribeirao-preto-sp-e-regiao-ismael-colosi"],"jetpack_publicize_connections":[],"jetpack_featured_media_url":"https:\/\/i0.wp.com\/ismaelcolosi.com.br\/wp-content\/uploads\/2023\/11\/jose-aparecido.jpg?fit=700%2C450&ssl=1","uagb_featured_image_src":{"full":["https:\/\/i0.wp.com\/ismaelcolosi.com.br\/wp-content\/uploads\/2023\/11\/jose-aparecido.jpg?fit=700%2C450&ssl=1",700,450,false],"thumbnail":["https:\/\/i0.wp.com\/ismaelcolosi.com.br\/wp-content\/uploads\/2023\/11\/jose-aparecido.jpg?resize=150%2C150&ssl=1",150,150,true],"medium":["https:\/\/i0.wp.com\/ismaelcolosi.com.br\/wp-content\/uploads\/2023\/11\/jose-aparecido.jpg?fit=300%2C193&ssl=1",300,193,true],"medium_large":["https:\/\/i0.wp.com\/ismaelcolosi.com.br\/wp-content\/uploads\/2023\/11\/jose-aparecido.jpg?fit=700%2C450&ssl=1",700,450,true],"large":["https:\/\/i0.wp.com\/ismaelcolosi.com.br\/wp-content\/uploads\/2023\/11\/jose-aparecido.jpg?fit=700%2C450&ssl=1",700,450,true],"1536x1536":["https:\/\/i0.wp.com\/ismaelcolosi.com.br\/wp-content\/uploads\/2023\/11\/jose-aparecido.jpg?fit=700%2C450&ssl=1",700,450,true],"2048x2048":["https:\/\/i0.wp.com\/ismaelcolosi.com.br\/wp-content\/uploads\/2023\/11\/jose-aparecido.jpg?fit=700%2C450&ssl=1",700,450,true],"really-simple-thumb":["https:\/\/i0.wp.com\/ismaelcolosi.com.br\/wp-content\/uploads\/2023\/11\/jose-aparecido.jpg?resize=370%2C247&ssl=1",370,247,true]},"uagb_author_info":{"display_name":"ismaelcolosi.com.br","author_link":"https:\/\/ismaelcolosi.com.br\/index.php\/author\/vidareal-online\/"},"uagb_comment_info":0,"uagb_excerpt":"12 de novembro de 2023 | 8:1511 de novembro de 2023 | 16:19 0 Jos\u00e9 Aparecido Da Silva*\u00a0 \u00a0O que \u00e9 depress\u00e3o? Todo mundo se...","jetpack-related-posts":[{"id":3421,"url":"https:\/\/ismaelcolosi.com.br\/index.php\/2023\/11\/18\/black-friday-veja-as-promocoes-do-shopping-iguatemi-de-ribeirao-preto\/","url_meta":{"origin":1357,"position":0},"title":"Black Friday: Veja as promo\u00e7\u00f5es do Shopping Iguatemi de Ribeir\u00e3o Preto","author":"ismaelcolosi.com.br","date":"18 de November de 2023","format":false,"excerpt":"Falta menos de uma semana para data oficial da Black Friday \u2013 que \u00e9 24 de novembro \u2013 e muitas lojas j\u00e1 iniciaram as promo\u00e7\u00f5es ou j\u00e1 divulgaram a data do in\u00edcio das ofertas. No Shopping Iguatemi, na zona Sul de Ribeir\u00e3o Preto, por exemplo, v\u00e1rias lojas aderiam e divulgaram\u2026","rel":"","context":"In &quot;Not\u00edcias de Ribeir\u00e3o Preto-SP e Regi\u00e3o&quot;","block_context":{"text":"Not\u00edcias de Ribeir\u00e3o Preto-SP e Regi\u00e3o","link":"https:\/\/ismaelcolosi.com.br\/index.php\/category\/noticias-de-ribeirao-preto-sp-e-regiao-ismael-colosi\/"},"img":{"alt_text":"","src":"https:\/\/i0.wp.com\/ismaelcolosi.com.br\/wp-content\/uploads\/2023\/11\/WhatsApp-Image-2023-11-17-at-13.51.16.jpeg?fit=696%2C464&ssl=1&resize=350%2C200","width":350,"height":200,"srcset":"https:\/\/i0.wp.com\/ismaelcolosi.com.br\/wp-content\/uploads\/2023\/11\/WhatsApp-Image-2023-11-17-at-13.51.16.jpeg?fit=696%2C464&ssl=1&resize=350%2C200 1x, https:\/\/i0.wp.com\/ismaelcolosi.com.br\/wp-content\/uploads\/2023\/11\/WhatsApp-Image-2023-11-17-at-13.51.16.jpeg?fit=696%2C464&ssl=1&resize=525%2C300 1.5x"},"classes":[]},{"id":21918,"url":"https:\/\/ismaelcolosi.com.br\/index.php\/2023\/12\/28\/ribeirao-tem-saldo-positivo-de-novos-empregos-em-novembro-veja-o-setor-que-mais-contratou\/","url_meta":{"origin":1357,"position":1},"title":"Ribeir\u00e3o tem saldo positivo de novos empregos em novembro; Veja o setor que mais contratou","author":"ismaelcolosi.com.br","date":"28 de December de 2023","format":false,"excerpt":"Ribeir\u00e3o Preto fechou o m\u00eas de novembro com um saldo positivo de 793 novos empregos criados, de acordo com o Cadastro Geral de Empregados e Desempregados (Caged), divulgado nesta quinta-feira (28). Apesar do bom resultado, o munic\u00edpio registrou queda na compara\u00e7\u00e3o com o mesmo m\u00eas do ano passado. De acordo\u2026","rel":"","context":"In &quot;Not\u00edcias de Ribeir\u00e3o Preto-SP e Regi\u00e3o&quot;","block_context":{"text":"Not\u00edcias de Ribeir\u00e3o Preto-SP e Regi\u00e3o","link":"https:\/\/ismaelcolosi.com.br\/index.php\/category\/noticias-de-ribeirao-preto-sp-e-regiao-ismael-colosi\/"},"img":{"alt_text":"","src":"https:\/\/i0.wp.com\/ismaelcolosi.com.br\/wp-content\/uploads\/2023\/12\/caged.jpg?fit=1200%2C799&ssl=1&resize=350%2C200","width":350,"height":200,"srcset":"https:\/\/i0.wp.com\/ismaelcolosi.com.br\/wp-content\/uploads\/2023\/12\/caged.jpg?fit=1200%2C799&ssl=1&resize=350%2C200 1x, https:\/\/i0.wp.com\/ismaelcolosi.com.br\/wp-content\/uploads\/2023\/12\/caged.jpg?fit=1200%2C799&ssl=1&resize=525%2C300 1.5x, https:\/\/i0.wp.com\/ismaelcolosi.com.br\/wp-content\/uploads\/2023\/12\/caged.jpg?fit=1200%2C799&ssl=1&resize=700%2C400 2x, https:\/\/i0.wp.com\/ismaelcolosi.com.br\/wp-content\/uploads\/2023\/12\/caged.jpg?fit=1200%2C799&ssl=1&resize=1050%2C600 3x"},"classes":[]},{"id":9560,"url":"https:\/\/ismaelcolosi.com.br\/index.php\/2023\/12\/02\/novembro-foi-o-mes-mais-quente-dos-ultimos-20-anos-em-ribeirao-entenda\/","url_meta":{"origin":1357,"position":2},"title":"Novembro foi o m\u00eas mais quente dos \u00faltimos 20 anos em Ribeir\u00e3o; Entenda","author":"ismaelcolosi.com.br","date":"2 de December de 2023","format":false,"excerpt":"Em Ribeir\u00e3o Preto, o m\u00eas de novembro de 2023 foi considerado o mais quente dos \u00faltimos 20 anos, de acordo com um levantamento do Centro Integrado de Informa\u00e7\u00f5es Agrometeorol\u00f3gicas (Ciiagro). Os registros do \u00f3rg\u00e3o apontam que o munic\u00edpio registrou uma m\u00e9dia de 34,5\u00baC durante o m\u00eas, o maior \u00edndice desde\u2026","rel":"","context":"In &quot;Not\u00edcias de Ribeir\u00e3o Preto-SP e Regi\u00e3o&quot;","block_context":{"text":"Not\u00edcias de Ribeir\u00e3o Preto-SP e Regi\u00e3o","link":"https:\/\/ismaelcolosi.com.br\/index.php\/category\/noticias-de-ribeirao-preto-sp-e-regiao-ismael-colosi\/"},"img":{"alt_text":"","src":"https:\/\/i0.wp.com\/ismaelcolosi.com.br\/wp-content\/uploads\/2023\/12\/calor-em-Ribeirao-Preto.jpeg?fit=1200%2C675&ssl=1&resize=350%2C200","width":350,"height":200,"srcset":"https:\/\/i0.wp.com\/ismaelcolosi.com.br\/wp-content\/uploads\/2023\/12\/calor-em-Ribeirao-Preto.jpeg?fit=1200%2C675&ssl=1&resize=350%2C200 1x, https:\/\/i0.wp.com\/ismaelcolosi.com.br\/wp-content\/uploads\/2023\/12\/calor-em-Ribeirao-Preto.jpeg?fit=1200%2C675&ssl=1&resize=525%2C300 1.5x, https:\/\/i0.wp.com\/ismaelcolosi.com.br\/wp-content\/uploads\/2023\/12\/calor-em-Ribeirao-Preto.jpeg?fit=1200%2C675&ssl=1&resize=700%2C400 2x, https:\/\/i0.wp.com\/ismaelcolosi.com.br\/wp-content\/uploads\/2023\/12\/calor-em-Ribeirao-Preto.jpeg?fit=1200%2C675&ssl=1&resize=1050%2C600 3x"},"classes":[]},{"id":72440,"url":"https:\/\/ismaelcolosi.com.br\/index.php\/2024\/10\/21\/museu-de-arte-de-ribeirao-preto-recebe-exposicao-amanha-serei-raiz\/","url_meta":{"origin":1357,"position":3},"title":"Museu de Arte de Ribeir\u00e3o Preto recebe exposi\u00e7\u00e3o \u201cAmanh\u00e3 Serei Raiz\u201d","author":"ismaelcolosi.com.br","date":"21 de October de 2024","format":false,"excerpt":"O Marp (Museu de Arte de Ribeir\u00e3o Preto Pedro Manuel-Gismondi) recebe a partir do dia 8 de novembro a exposi\u00e7\u00e3o \u201cAmanh\u00e3 Serei Raiz\u201d, que conta com 13 obras do coletivo 1MULHERporM2 e tem o objetivo de resgatar o feminino e a ancestralidade. A mostra conta com trabalhos que promovem uma\u2026","rel":"","context":"In &quot;Not\u00edcias de Ribeir\u00e3o Preto-SP e Regi\u00e3o&quot;","block_context":{"text":"Not\u00edcias de Ribeir\u00e3o Preto-SP e Regi\u00e3o","link":"https:\/\/ismaelcolosi.com.br\/index.php\/category\/noticias-de-ribeirao-preto-sp-e-regiao-ismael-colosi\/"},"img":{"alt_text":"","src":"https:\/\/i0.wp.com\/ismaelcolosi.com.br\/wp-content\/uploads\/2024\/10\/Copia-de-Copia-de-Copia-de-TAMANHO-EXATO-PARA-FOTOS-NO-SISTEMA-NOVO-18_2024-10-21_13-59-08_jpg_2024-10-21_13-59-08.webp.webp?fit=1200%2C675&ssl=1&resize=350%2C200","width":350,"height":200,"srcset":"https:\/\/i0.wp.com\/ismaelcolosi.com.br\/wp-content\/uploads\/2024\/10\/Copia-de-Copia-de-Copia-de-TAMANHO-EXATO-PARA-FOTOS-NO-SISTEMA-NOVO-18_2024-10-21_13-59-08_jpg_2024-10-21_13-59-08.webp.webp?fit=1200%2C675&ssl=1&resize=350%2C200 1x, https:\/\/i0.wp.com\/ismaelcolosi.com.br\/wp-content\/uploads\/2024\/10\/Copia-de-Copia-de-Copia-de-TAMANHO-EXATO-PARA-FOTOS-NO-SISTEMA-NOVO-18_2024-10-21_13-59-08_jpg_2024-10-21_13-59-08.webp.webp?fit=1200%2C675&ssl=1&resize=525%2C300 1.5x, https:\/\/i0.wp.com\/ismaelcolosi.com.br\/wp-content\/uploads\/2024\/10\/Copia-de-Copia-de-Copia-de-TAMANHO-EXATO-PARA-FOTOS-NO-SISTEMA-NOVO-18_2024-10-21_13-59-08_jpg_2024-10-21_13-59-08.webp.webp?fit=1200%2C675&ssl=1&resize=700%2C400 2x, https:\/\/i0.wp.com\/ismaelcolosi.com.br\/wp-content\/uploads\/2024\/10\/Copia-de-Copia-de-Copia-de-TAMANHO-EXATO-PARA-FOTOS-NO-SISTEMA-NOVO-18_2024-10-21_13-59-08_jpg_2024-10-21_13-59-08.webp.webp?fit=1200%2C675&ssl=1&resize=1050%2C600 3x"},"classes":[]},{"id":18337,"url":"https:\/\/ismaelcolosi.com.br\/index.php\/2023\/12\/20\/inadimplencia-recua-em-novembro-em-rp\/","url_meta":{"origin":1357,"position":4},"title":"Inadimpl\u00eancia recua\u00a0em novembro\u00a0em RP &#8211; Jornal Tribuna Ribeir\u00e3o","author":"ismaelcolosi.com.br","date":"20 de December de 2023","format":false,"excerpt":"Ribeir\u00e3o Preto fechou novembro com 294.749 inadimplentes, com valor total acima de R$ 2 bilh\u00f5es, apesar da queda em rela\u00e7\u00e3o a outubro: d\u00e9cimo terceiro amortizou pend\u00eancias Ribeir\u00e3o Preto fechou o primeiro semestre com 292.110 inadimplentes, em julho a cidade j\u00e1 contava com 293.497 pessoas nesta situa\u00e7\u00e3o, em agosto avan\u00e7ou para\u2026","rel":"","context":"In &quot;Not\u00edcias de Ribeir\u00e3o Preto-SP e Regi\u00e3o&quot;","block_context":{"text":"Not\u00edcias de Ribeir\u00e3o Preto-SP e Regi\u00e3o","link":"https:\/\/ismaelcolosi.com.br\/index.php\/category\/noticias-de-ribeirao-preto-sp-e-regiao-ismael-colosi\/"},"img":{"alt_text":"","src":"https:\/\/i0.wp.com\/ismaelcolosi.com.br\/wp-content\/uploads\/2023\/12\/1-calote-agencia-brasil-scaled.jpg?fit=967%2C645&ssl=1&resize=350%2C200","width":350,"height":200,"srcset":"https:\/\/i0.wp.com\/ismaelcolosi.com.br\/wp-content\/uploads\/2023\/12\/1-calote-agencia-brasil-scaled.jpg?fit=967%2C645&ssl=1&resize=350%2C200 1x, https:\/\/i0.wp.com\/ismaelcolosi.com.br\/wp-content\/uploads\/2023\/12\/1-calote-agencia-brasil-scaled.jpg?fit=967%2C645&ssl=1&resize=525%2C300 1.5x, https:\/\/i0.wp.com\/ismaelcolosi.com.br\/wp-content\/uploads\/2023\/12\/1-calote-agencia-brasil-scaled.jpg?fit=967%2C645&ssl=1&resize=700%2C400 2x"},"classes":[]},{"id":73966,"url":"https:\/\/ismaelcolosi.com.br\/index.php\/2024\/10\/29\/ribeirao-preto-recebe-espetaculo-gratuito-de-palhacaria-confira\/","url_meta":{"origin":1357,"position":5},"title":"Ribeir\u00e3o Preto recebe espet\u00e1culo gratuito de palha\u00e7aria; Confira","author":"ismaelcolosi.com.br","date":"29 de October de 2024","format":false,"excerpt":"Entre os dias 31 de outubro e 14 de novembro a Atua Companhia de Teatro (Atuacia) de Ribeir\u00e3o Preto faz dez apresenta\u00e7\u00f5es abertas e gratuitas do espet\u00e1culo Palha\u00e7a Sola. As sess\u00f5es acontecem em cinco espa\u00e7os diferentes. O espet\u00e1culo c\u00f4mico \u00e9 protagonizado pela atriz Cinthia Vendruscolo e destaca a condi\u00e7\u00e3o feminina\u2026","rel":"","context":"In &quot;Not\u00edcias de Ribeir\u00e3o Preto-SP e Regi\u00e3o&quot;","block_context":{"text":"Not\u00edcias de Ribeir\u00e3o Preto-SP e Regi\u00e3o","link":"https:\/\/ismaelcolosi.com.br\/index.php\/category\/noticias-de-ribeirao-preto-sp-e-regiao-ismael-colosi\/"},"img":{"alt_text":"","src":"https:\/\/i0.wp.com\/ismaelcolosi.com.br\/wp-content\/uploads\/2024\/10\/Copia-de-Copia-de-Copia-de-TAMANHO-EXATO-PARA-FOTOS-NO-SISTEMA-NOVO-24_2024-10-29_13-11-39_jpg_2024-10-29_13-11-39.webp.webp?fit=1200%2C675&ssl=1&resize=350%2C200","width":350,"height":200,"srcset":"https:\/\/i0.wp.com\/ismaelcolosi.com.br\/wp-content\/uploads\/2024\/10\/Copia-de-Copia-de-Copia-de-TAMANHO-EXATO-PARA-FOTOS-NO-SISTEMA-NOVO-24_2024-10-29_13-11-39_jpg_2024-10-29_13-11-39.webp.webp?fit=1200%2C675&ssl=1&resize=350%2C200 1x, https:\/\/i0.wp.com\/ismaelcolosi.com.br\/wp-content\/uploads\/2024\/10\/Copia-de-Copia-de-Copia-de-TAMANHO-EXATO-PARA-FOTOS-NO-SISTEMA-NOVO-24_2024-10-29_13-11-39_jpg_2024-10-29_13-11-39.webp.webp?fit=1200%2C675&ssl=1&resize=525%2C300 1.5x, https:\/\/i0.wp.com\/ismaelcolosi.com.br\/wp-content\/uploads\/2024\/10\/Copia-de-Copia-de-Copia-de-TAMANHO-EXATO-PARA-FOTOS-NO-SISTEMA-NOVO-24_2024-10-29_13-11-39_jpg_2024-10-29_13-11-39.webp.webp?fit=1200%2C675&ssl=1&resize=700%2C400 2x, https:\/\/i0.wp.com\/ismaelcolosi.com.br\/wp-content\/uploads\/2024\/10\/Copia-de-Copia-de-Copia-de-TAMANHO-EXATO-PARA-FOTOS-NO-SISTEMA-NOVO-24_2024-10-29_13-11-39_jpg_2024-10-29_13-11-39.webp.webp?fit=1200%2C675&ssl=1&resize=1050%2C600 3x"},"classes":[]}],"jetpack_sharing_enabled":true,"jetpack_shortlink":"https:\/\/wp.me\/pfMlyK-lT","_links":{"self":[{"href":"https:\/\/ismaelcolosi.com.br\/index.php\/wp-json\/wp\/v2\/posts\/1357","targetHints":{"allow":["GET"]}}],"collection":[{"href":"https:\/\/ismaelcolosi.com.br\/index.php\/wp-json\/wp\/v2\/posts"}],"about":[{"href":"https:\/\/ismaelcolosi.com.br\/index.php\/wp-json\/wp\/v2\/types\/post"}],"author":[{"embeddable":true,"href":"https:\/\/ismaelcolosi.com.br\/index.php\/wp-json\/wp\/v2\/users\/1"}],"replies":[{"embeddable":true,"href":"https:\/\/ismaelcolosi.com.br\/index.php\/wp-json\/wp\/v2\/comments?post=1357"}],"version-history":[{"count":0,"href":"https:\/\/ismaelcolosi.com.br\/index.php\/wp-json\/wp\/v2\/posts\/1357\/revisions"}],"wp:featuredmedia":[{"embeddable":true,"href":"https:\/\/ismaelcolosi.com.br\/index.php\/wp-json\/wp\/v2\/media\/1358"}],"wp:attachment":[{"href":"https:\/\/ismaelcolosi.com.br\/index.php\/wp-json\/wp\/v2\/media?parent=1357"}],"wp:term":[{"taxonomy":"category","embeddable":true,"href":"https:\/\/ismaelcolosi.com.br\/index.php\/wp-json\/wp\/v2\/categories?post=1357"},{"taxonomy":"post_tag","embeddable":true,"href":"https:\/\/ismaelcolosi.com.br\/index.php\/wp-json\/wp\/v2\/tags?post=1357"}],"curies":[{"name":"wp","href":"https:\/\/api.w.org\/{rel}","templated":true}]}}