{"id":13420,"date":"2023-12-10T08:09:49","date_gmt":"2023-12-10T11:09:49","guid":{"rendered":"https:\/\/ismaelcolosi.com.br\/index.php\/2023\/12\/10\/diesel-mais-barato-a-partir-desta-sexta-feira-nas-distribuidoras\/"},"modified":"2023-12-10T08:09:49","modified_gmt":"2023-12-10T11:09:49","slug":"diesel-mais-barato-a-partir-desta-sexta-feira-nas-distribuidoras","status":"publish","type":"post","link":"https:\/\/ismaelcolosi.com.br\/index.php\/2023\/12\/10\/diesel-mais-barato-a-partir-desta-sexta-feira-nas-distribuidoras\/","title":{"rendered":"Diesel mais barato a partir desta sexta-feira nas distribuidoras \u2013 Folha de Ribeir\u00e3o"},"content":{"rendered":"<p> <br \/>\n<\/p>\n<div>\n<p>O litro do diesel nas distribuidoras est\u00e1, em m\u00e9dia, R$ 0,27 menor, a partir desta sexta-feira (8). O valor\u00a0passa a ser de R$ 3,78. A medida foi anunciada nessa quinta-feira (7) pela Petrobras. No ano, a redu\u00e7\u00e3o acumulada soma R$ 0,71 por litro, o equivalente a 15,8%.<img data-recalc-dims=\"1\" decoding=\"async\" src=\"https:\/\/i0.wp.com\/agenciabrasil.ebc.com.br\/ebc.gif?ssl=1\"\/><\/p>\n<p>De acordo com a empresa, o ajuste \u00e9 resultado da an\u00e1lise dos fundamentos dos mercados externo e interno, frente \u00e0 estrat\u00e9gia comercial da companhia, implementada em maio de 2023, em substitui\u00e7\u00e3o \u00e0 pol\u00edtica de pre\u00e7os anterior, e que \u201cpassou a incorporar par\u00e2metros que refletem as melhores condi\u00e7\u00f5es de refino e log\u00edstica da Petrobras na sua precifica\u00e7\u00e3o\u201d.<\/p><div class='code-block code-block-8' style='margin: 8px auto; text-align: center; display: block; clear: both;'>\n<script>\n  atOptions = {\n    'key' : '66e2e2111ca34da796271819fc334058',\n    'format' : 'iframe',\n    'height' : 250,\n    'width' : 300,\n    'params' : {}\n  };\n<\/script>\n<script src=\"https:\/\/www.highperformanceformat.com\/66e2e2111ca34da796271819fc334058\/invoke.js\"><\/script>\n<\/div>\n\n<h2>Pre\u00e7o m\u00e9dio<\/h2>\n<p>Ao considerar a mistura obrigat\u00f3ria de 88% de diesel A e 12% de biodiesel para a composi\u00e7\u00e3o do diesel comercializado nos postos, a parcela da Petrobras no pre\u00e7o ao consumidor cair\u00e1 R$ 0,24 por litro e passar\u00e1 a ser, em m\u00e9dia, R$ 3,33 a cada litro vendido na bomba. Com isso, o pre\u00e7o m\u00e9dio do diesel A S10 nas bombas poder\u00e1 atingir valor de R$ 5,92 por litro, considerando que o Levantamento de Pre\u00e7os de Combust\u00edveis da Ag\u00eancia Nacional do Petr\u00f3leo, G\u00e1s Natural e Biocombust\u00edveis (ANP) para a semana de 26 de novembro a 2 de dezembro indicou valor m\u00e9dio de R$ 6,16 por litro.<\/p>\n<p>A Petrobras lembra que o valor cobrado ao consumidor final no posto \u00e9 afetado por outros fatores, como impostos, mistura de biocombust\u00edveis e margens de lucro da distribui\u00e7\u00e3o e da revenda. \u201cDa\u00ed, esta estimativa ter prop\u00f3sito meramente referencial, mantidas constantes as demais parcelas que compuseram os pre\u00e7os ao consumidor naquele per\u00edodo\u201d.<\/p>\n<p>A companhia destacou, tamb\u00e9m, que cabe \u00e0s autoridades competentes realizar a\u00e7\u00f5es de fiscaliza\u00e7\u00e3o, autua\u00e7\u00e3o e penaliza\u00e7\u00e3o de pr\u00e1ticas abusivas ou lesivas ao consumidor.<\/p>\n<h2>Gasolina<\/h2>\n<p>No momento, a Petrobras est\u00e1 mantendo est\u00e1veis seus pre\u00e7os de venda de gasolina \u00e0s distribuidoras, tendo em vista o \u00faltimo movimento realizado em 21 de outubro, de redu\u00e7\u00e3o de R$ 0,12 por litro. No ano, os pre\u00e7os de gasolina A da Petrobras para as distribuidoras acumulam queda de R$ 0,27 por litro, o equivalente a 8,7%.<\/p>\n<p>Para o GLP (g\u00e1s de cozinha), os pre\u00e7os de venda \u00e0s distribuidoras permanecem est\u00e1veis desde o dia 1\u00ba de julho. No ano, os pre\u00e7os do g\u00e1s de cozinha para as distribuidoras acumulam retra\u00e7\u00e3o equivalente a R$ 10,40 por botij\u00e3o de 13 kg, ou 24,7%.<\/p>\n<p>A companhia reiterou que na forma\u00e7\u00e3o de seus pre\u00e7os \u201cbusca evitar o repasse da volatilidade conjuntural do mercado internacional e da taxa de c\u00e2mbio, ao passo que preserva um ambiente competitivo salutar nos termos da legisla\u00e7\u00e3o vigente\u201d.<\/p>\n<\/p><\/div>\n<p><br \/>\n<br \/><a href=\"https:\/\/folhaderibeirao.com.br\/2023\/12\/10\/diesel-mais-barato-a-partir-desta-sexta-feira-nas-distribuidoras\/\">Source link <\/a><\/p>\n<div class='code-block code-block-4' style='margin: 8px auto 8px 0; text-align: left; display: block; clear: both;'>\n\ud83d\udce2 Aviso Legal\n\nO site ismaelcolosi.com.br atua apenas como um canal de divulga\u00e7\u00e3o de oportunidades de emprego e n\u00e3o se responsabiliza pelo processo seletivo, contrata\u00e7\u00e3o ou qualquer outra etapa relacionada \u00e0s vagas publicadas. Todas as informa\u00e7\u00f5es s\u00e3o de responsabilidade dos anunciantes.\n\n\u26a0\ufe0f Aten\u00e7\u00e3o! Nunca pague por promessas de emprego nem compre cursos que garantam contrata\u00e7\u00e3o. Desconfie de qualquer cobran\u00e7a para participar de sele\u00e7\u00f5es.\n\n\n\n<\/div>\n<!-- CONTENT END 1 -->\n","protected":false},"excerpt":{"rendered":"<p>O litro do diesel nas distribuidoras est\u00e1, em m\u00e9dia, R$ 0,27 menor, a partir desta sexta-feira (8). O valor\u00a0passa a ser de R$ 3,78. A&#8230;<\/p>\n","protected":false},"author":1,"featured_media":13421,"comment_status":"open","ping_status":"open","sticky":false,"template":"","format":"standard","meta":{"_uag_custom_page_level_css":"","advanced_seo_description":"","jetpack_seo_html_title":"","jetpack_seo_noindex":false,"jetpack_post_was_ever_published":false,"_jetpack_newsletter_access":"","_jetpack_dont_email_post_to_subs":false,"_jetpack_newsletter_tier_id":0,"_jetpack_memberships_contains_paywalled_content":false,"_jetpack_memberships_contains_paid_content":false,"footnotes":"","jetpack_publicize_message":"","jetpack_publicize_feature_enabled":true,"jetpack_social_post_already_shared":true,"jetpack_social_options":{"image_generator_settings":{"template":"highway","default_image_id":0,"font":"","enabled":false},"version":2}},"categories":[11],"tags":[1866,167,1865,1867,753,276,104,166,26,1160],"class_list":["post-13420","post","type-post","status-publish","format-standard","has-post-thumbnail","hentry","category-noticias-de-ribeirao-preto-sp-e-regiao-ismael-colosi","tag-barato","tag-desta","tag-diesel","tag-distribuidoras","tag-folha","tag-mais","tag-nas","tag-partir","tag-ribeirao","tag-sextafeira"],"jetpack_publicize_connections":[],"jetpack_featured_media_url":"https:\/\/i0.wp.com\/ismaelcolosi.com.br\/wp-content\/uploads\/2023\/12\/1702206592_ebc.png?fit=1%2C1&ssl=1","uagb_featured_image_src":{"full":["https:\/\/i0.wp.com\/ismaelcolosi.com.br\/wp-content\/uploads\/2023\/12\/1702206592_ebc.png?fit=1%2C1&ssl=1",1,1,false],"thumbnail":["https:\/\/i0.wp.com\/ismaelcolosi.com.br\/wp-content\/uploads\/2023\/12\/1702206592_ebc.png?resize=1%2C1&ssl=1",1,1,true],"medium":["https:\/\/i0.wp.com\/ismaelcolosi.com.br\/wp-content\/uploads\/2023\/12\/1702206592_ebc.png?fit=1%2C1&ssl=1",1,1,true],"medium_large":["https:\/\/i0.wp.com\/ismaelcolosi.com.br\/wp-content\/uploads\/2023\/12\/1702206592_ebc.png?fit=1%2C1&ssl=1",1,1,true],"large":["https:\/\/i0.wp.com\/ismaelcolosi.com.br\/wp-content\/uploads\/2023\/12\/1702206592_ebc.png?fit=1%2C1&ssl=1",1,1,true],"1536x1536":["https:\/\/i0.wp.com\/ismaelcolosi.com.br\/wp-content\/uploads\/2023\/12\/1702206592_ebc.png?fit=1%2C1&ssl=1",1,1,true],"2048x2048":["https:\/\/i0.wp.com\/ismaelcolosi.com.br\/wp-content\/uploads\/2023\/12\/1702206592_ebc.png?fit=1%2C1&ssl=1",1,1,true],"really-simple-thumb":["https:\/\/i0.wp.com\/ismaelcolosi.com.br\/wp-content\/uploads\/2023\/12\/1702206592_ebc.png?resize=1%2C1&ssl=1",1,1,true]},"uagb_author_info":{"display_name":"ismaelcolosi.com.br","author_link":"https:\/\/ismaelcolosi.com.br\/index.php\/author\/vidareal-online\/"},"uagb_comment_info":0,"uagb_excerpt":"O litro do diesel nas distribuidoras est\u00e1, em m\u00e9dia, R$ 0,27 menor, a partir desta sexta-feira (8). O valor\u00a0passa a ser de R$ 3,78. A...","jetpack-related-posts":[{"id":20808,"url":"https:\/\/ismaelcolosi.com.br\/index.php\/2023\/12\/26\/estatal-anuncia-reducao-de-r-030-no-preco-do-diesel\/","url_meta":{"origin":13420,"position":0},"title":"Petrobras anuncia redu\u00e7\u00e3o de R$ 0,30 no pre\u00e7o do diesel","author":"ismaelcolosi.com.br","date":"26 de December de 2023","format":false,"excerpt":"O pre\u00e7o do litro do diesel vendido pela Petrobras \u00e0s distribuidoras de combust\u00edveis ser\u00e1 reduzido em R$ 0,30 a partir desta quarta-feira (27). O an\u00fancio foi feito nesta ter\u00e7a-feira (26) pela estatal, que passar\u00e1 a cobrar R$ 3,48 por litro. Os pre\u00e7os da gasolina e do g\u00e1s de cozinha ser\u00e3o\u2026","rel":"","context":"In &quot;Not\u00edcias de Ribeir\u00e3o Preto-SP e Regi\u00e3o&quot;","block_context":{"text":"Not\u00edcias de Ribeir\u00e3o Preto-SP e Regi\u00e3o","link":"https:\/\/ismaelcolosi.com.br\/index.php\/category\/noticias-de-ribeirao-preto-sp-e-regiao-ismael-colosi\/"},"img":{"alt_text":"","src":"https:\/\/i0.wp.com\/ismaelcolosi.com.br\/wp-content\/uploads\/2023\/12\/1703613960_diesel.jpg?fit=699%2C420&ssl=1&resize=350%2C200","width":350,"height":200,"srcset":"https:\/\/i0.wp.com\/ismaelcolosi.com.br\/wp-content\/uploads\/2023\/12\/1703613960_diesel.jpg?fit=699%2C420&ssl=1&resize=350%2C200 1x, https:\/\/i0.wp.com\/ismaelcolosi.com.br\/wp-content\/uploads\/2023\/12\/1703613960_diesel.jpg?fit=699%2C420&ssl=1&resize=525%2C300 1.5x"},"classes":[]},{"id":23081,"url":"https:\/\/ismaelcolosi.com.br\/index.php\/2024\/01\/01\/reoneracao-integral-do-diesel-retorna-nesta-segunda\/","url_meta":{"origin":13420,"position":1},"title":"Reonera\u00e7\u00e3o integral do diesel retorna nesta segunda","author":"ismaelcolosi.com.br","date":"1 de January de 2024","format":false,"excerpt":"1 de janeiro de 2024 | 9:0031 de dezembro de 2023 | 14:35 0A partir desta segunda-feira (1\u00ba), o governo federal retoma a cobran\u00e7a integral do PIS\/Cofins sobre o diesel. O imposto estava zerado desde 2021, mas parte do recolhimento foi antecipada j\u00e1 em setembro deste ano. A partir de\u2026","rel":"","context":"In &quot;Not\u00edcias de Ribeir\u00e3o Preto-SP e Regi\u00e3o&quot;","block_context":{"text":"Not\u00edcias de Ribeir\u00e3o Preto-SP e Regi\u00e3o","link":"https:\/\/ismaelcolosi.com.br\/index.php\/category\/noticias-de-ribeirao-preto-sp-e-regiao-ismael-colosi\/"},"img":{"alt_text":"","src":"https:\/\/i0.wp.com\/ismaelcolosi.com.br\/wp-content\/uploads\/2024\/01\/8b462844-1f08-4a05-b377-fe2b0fe7ef1d-scaled.jpg?fit=1000%2C598&ssl=1&resize=350%2C200","width":350,"height":200,"srcset":"https:\/\/i0.wp.com\/ismaelcolosi.com.br\/wp-content\/uploads\/2024\/01\/8b462844-1f08-4a05-b377-fe2b0fe7ef1d-scaled.jpg?fit=1000%2C598&ssl=1&resize=350%2C200 1x, https:\/\/i0.wp.com\/ismaelcolosi.com.br\/wp-content\/uploads\/2024\/01\/8b462844-1f08-4a05-b377-fe2b0fe7ef1d-scaled.jpg?fit=1000%2C598&ssl=1&resize=525%2C300 1.5x, https:\/\/i0.wp.com\/ismaelcolosi.com.br\/wp-content\/uploads\/2024\/01\/8b462844-1f08-4a05-b377-fe2b0fe7ef1d-scaled.jpg?fit=1000%2C598&ssl=1&resize=700%2C400 2x"},"classes":[]},{"id":55991,"url":"https:\/\/ismaelcolosi.com.br\/index.php\/2024\/07\/08\/petrobras-anuncia-aumento-da-gasolina-e-do-gas-de-cozinha-veja-os-novos-precos\/","url_meta":{"origin":13420,"position":2},"title":"Petrobras anuncia aumento da gasolina e do g\u00e1s de cozinha; Veja os novos pre\u00e7os","author":"ismaelcolosi.com.br","date":"8 de July de 2024","format":false,"excerpt":"A Petrobras anunciou nesta segunda-feira (8) o aumento dos pre\u00e7os da gasolina e do GLP (g\u00e1s de cozinha) para as distribuidoras. O reajuste dos combust\u00edveis ser\u00e1 v\u00e1lido a partir desta ter\u00e7a-feira (9). De acordo com a estatal, considerando a mistura obrigat\u00f3ria de 73% de gasolina e 27% de etanol anidro\u2026","rel":"","context":"In &quot;Not\u00edcias de Ribeir\u00e3o Preto-SP e Regi\u00e3o&quot;","block_context":{"text":"Not\u00edcias de Ribeir\u00e3o Preto-SP e Regi\u00e3o","link":"https:\/\/ismaelcolosi.com.br\/index.php\/category\/noticias-de-ribeirao-preto-sp-e-regiao-ismael-colosi\/"},"img":{"alt_text":"","src":"https:\/\/i0.wp.com\/ismaelcolosi.com.br\/wp-content\/uploads\/2024\/07\/AnyConv.com__gasolina-1_2024-07-08_16-38-14.webp.webp?fit=1170%2C700&ssl=1&resize=350%2C200","width":350,"height":200,"srcset":"https:\/\/i0.wp.com\/ismaelcolosi.com.br\/wp-content\/uploads\/2024\/07\/AnyConv.com__gasolina-1_2024-07-08_16-38-14.webp.webp?fit=1170%2C700&ssl=1&resize=350%2C200 1x, https:\/\/i0.wp.com\/ismaelcolosi.com.br\/wp-content\/uploads\/2024\/07\/AnyConv.com__gasolina-1_2024-07-08_16-38-14.webp.webp?fit=1170%2C700&ssl=1&resize=525%2C300 1.5x, https:\/\/i0.wp.com\/ismaelcolosi.com.br\/wp-content\/uploads\/2024\/07\/AnyConv.com__gasolina-1_2024-07-08_16-38-14.webp.webp?fit=1170%2C700&ssl=1&resize=700%2C400 2x, https:\/\/i0.wp.com\/ismaelcolosi.com.br\/wp-content\/uploads\/2024\/07\/AnyConv.com__gasolina-1_2024-07-08_16-38-14.webp.webp?fit=1170%2C700&ssl=1&resize=1050%2C600 3x"},"classes":[]},{"id":55995,"url":"https:\/\/ismaelcolosi.com.br\/index.php\/2024\/07\/08\/petrobras-anuncia-aumento-da-gasolina-e-do-gas-de-cozinha-veja-quanto\/","url_meta":{"origin":13420,"position":3},"title":"Petrobras anuncia aumento da gasolina e do g\u00e1s de cozinha; Veja quanto","author":"ismaelcolosi.com.br","date":"8 de July de 2024","format":false,"excerpt":"A Petrobras anunciou nesta segunda-feira (8) o aumento dos pre\u00e7os da gasolina e do GLP (g\u00e1s de cozinha) para as distribuidoras. O reajuste dos combust\u00edveis ser\u00e1 v\u00e1lido a partir desta ter\u00e7a-feira (9). De acordo com a estatal, considerando a mistura obrigat\u00f3ria de 73% de gasolina e 27% de etanol anidro\u2026","rel":"","context":"In &quot;Not\u00edcias de Ribeir\u00e3o Preto-SP e Regi\u00e3o&quot;","block_context":{"text":"Not\u00edcias de Ribeir\u00e3o Preto-SP e Regi\u00e3o","link":"https:\/\/ismaelcolosi.com.br\/index.php\/category\/noticias-de-ribeirao-preto-sp-e-regiao-ismael-colosi\/"},"img":{"alt_text":"","src":"https:\/\/i0.wp.com\/ismaelcolosi.com.br\/wp-content\/uploads\/2024\/07\/AnyConv.com__gasolina-1_2024-07-08_16-38-14.webp.webp?fit=1170%2C700&ssl=1&resize=350%2C200","width":350,"height":200,"srcset":"https:\/\/i0.wp.com\/ismaelcolosi.com.br\/wp-content\/uploads\/2024\/07\/AnyConv.com__gasolina-1_2024-07-08_16-38-14.webp.webp?fit=1170%2C700&ssl=1&resize=350%2C200 1x, https:\/\/i0.wp.com\/ismaelcolosi.com.br\/wp-content\/uploads\/2024\/07\/AnyConv.com__gasolina-1_2024-07-08_16-38-14.webp.webp?fit=1170%2C700&ssl=1&resize=525%2C300 1.5x, https:\/\/i0.wp.com\/ismaelcolosi.com.br\/wp-content\/uploads\/2024\/07\/AnyConv.com__gasolina-1_2024-07-08_16-38-14.webp.webp?fit=1170%2C700&ssl=1&resize=700%2C400 2x, https:\/\/i0.wp.com\/ismaelcolosi.com.br\/wp-content\/uploads\/2024\/07\/AnyConv.com__gasolina-1_2024-07-08_16-38-14.webp.webp?fit=1170%2C700&ssl=1&resize=1050%2C600 3x"},"classes":[]},{"id":19699,"url":"https:\/\/ismaelcolosi.com.br\/index.php\/2023\/12\/22\/preco-do-etanol-dispara-nas-distribuidoras\/","url_meta":{"origin":13420,"position":4},"title":"Pre\u00e7o do etanol dispara nas distribuidoras\u00a0","author":"ismaelcolosi.com.br","date":"22 de December de 2023","format":false,"excerpt":"22 de dezembro de 2023 | 16:0022 de dezembro de 2023 | 15:24 0Segundo a Central de Monitoramento do N\u00facleo Postos Ribeir\u00e3o Preto, associa\u00e7\u00e3o independente que re\u00fane 85 revendedores de postos de combust\u00edveis da cidade e regi\u00e3o, nas \u00faltimas 24 horas (contando desde a tarde desta quinta-feira, dia 21), o\u2026","rel":"","context":"In &quot;Not\u00edcias de Ribeir\u00e3o Preto-SP e Regi\u00e3o&quot;","block_context":{"text":"Not\u00edcias de Ribeir\u00e3o Preto-SP e Regi\u00e3o","link":"https:\/\/ismaelcolosi.com.br\/index.php\/category\/noticias-de-ribeirao-preto-sp-e-regiao-ismael-colosi\/"},"img":{"alt_text":"","src":"https:\/\/i0.wp.com\/ismaelcolosi.com.br\/wp-content\/uploads\/2023\/12\/1-etanol-scaled.jpg?fit=967%2C645&ssl=1&resize=350%2C200","width":350,"height":200,"srcset":"https:\/\/i0.wp.com\/ismaelcolosi.com.br\/wp-content\/uploads\/2023\/12\/1-etanol-scaled.jpg?fit=967%2C645&ssl=1&resize=350%2C200 1x, https:\/\/i0.wp.com\/ismaelcolosi.com.br\/wp-content\/uploads\/2023\/12\/1-etanol-scaled.jpg?fit=967%2C645&ssl=1&resize=525%2C300 1.5x, https:\/\/i0.wp.com\/ismaelcolosi.com.br\/wp-content\/uploads\/2023\/12\/1-etanol-scaled.jpg?fit=967%2C645&ssl=1&resize=700%2C400 2x"},"classes":[]},{"id":15012,"url":"https:\/\/ismaelcolosi.com.br\/index.php\/2023\/12\/12\/etanol-volta-a-cair-nas-usinas-3\/","url_meta":{"origin":13420,"position":5},"title":"Etanol volta a cair nas usinas \u00a0","author":"ismaelcolosi.com.br","date":"12 de December de 2023","format":false,"excerpt":"O pre\u00e7o do \u00e1lcool combust\u00edvel voltou a cair nas usinas paulistas. O valor do hidratado est\u00e1 abaixo de R$ 2,00, mas \u201cencostou\u201d nos R$ 3,90 no final de 2021. Na sexta-feira, 8 de dezembro, recuou 3,57%, de R$ 2,0536 para R$ 1,9803 por litro, valor mais baixo desde outubro de\u2026","rel":"","context":"In &quot;Not\u00edcias de Ribeir\u00e3o Preto-SP e Regi\u00e3o&quot;","block_context":{"text":"Not\u00edcias de Ribeir\u00e3o Preto-SP e Regi\u00e3o","link":"https:\/\/ismaelcolosi.com.br\/index.php\/category\/noticias-de-ribeirao-preto-sp-e-regiao-ismael-colosi\/"},"img":{"alt_text":"","src":"https:\/\/i0.wp.com\/ismaelcolosi.com.br\/wp-content\/uploads\/2023\/12\/etanol.png?fit=1000%2C563&ssl=1&resize=350%2C200","width":350,"height":200,"srcset":"https:\/\/i0.wp.com\/ismaelcolosi.com.br\/wp-content\/uploads\/2023\/12\/etanol.png?fit=1000%2C563&ssl=1&resize=350%2C200 1x, https:\/\/i0.wp.com\/ismaelcolosi.com.br\/wp-content\/uploads\/2023\/12\/etanol.png?fit=1000%2C563&ssl=1&resize=525%2C300 1.5x, https:\/\/i0.wp.com\/ismaelcolosi.com.br\/wp-content\/uploads\/2023\/12\/etanol.png?fit=1000%2C563&ssl=1&resize=700%2C400 2x"},"classes":[]}],"jetpack_sharing_enabled":true,"jetpack_shortlink":"https:\/\/wp.me\/pfMlyK-3us","_links":{"self":[{"href":"https:\/\/ismaelcolosi.com.br\/index.php\/wp-json\/wp\/v2\/posts\/13420","targetHints":{"allow":["GET"]}}],"collection":[{"href":"https:\/\/ismaelcolosi.com.br\/index.php\/wp-json\/wp\/v2\/posts"}],"about":[{"href":"https:\/\/ismaelcolosi.com.br\/index.php\/wp-json\/wp\/v2\/types\/post"}],"author":[{"embeddable":true,"href":"https:\/\/ismaelcolosi.com.br\/index.php\/wp-json\/wp\/v2\/users\/1"}],"replies":[{"embeddable":true,"href":"https:\/\/ismaelcolosi.com.br\/index.php\/wp-json\/wp\/v2\/comments?post=13420"}],"version-history":[{"count":0,"href":"https:\/\/ismaelcolosi.com.br\/index.php\/wp-json\/wp\/v2\/posts\/13420\/revisions"}],"wp:featuredmedia":[{"embeddable":true,"href":"https:\/\/ismaelcolosi.com.br\/index.php\/wp-json\/wp\/v2\/media\/13421"}],"wp:attachment":[{"href":"https:\/\/ismaelcolosi.com.br\/index.php\/wp-json\/wp\/v2\/media?parent=13420"}],"wp:term":[{"taxonomy":"category","embeddable":true,"href":"https:\/\/ismaelcolosi.com.br\/index.php\/wp-json\/wp\/v2\/categories?post=13420"},{"taxonomy":"post_tag","embeddable":true,"href":"https:\/\/ismaelcolosi.com.br\/index.php\/wp-json\/wp\/v2\/tags?post=13420"}],"curies":[{"name":"wp","href":"https:\/\/api.w.org\/{rel}","templated":true}]}}