{"id":13418,"date":"2023-12-10T08:02:43","date_gmt":"2023-12-10T11:02:43","guid":{"rendered":"https:\/\/ismaelcolosi.com.br\/index.php\/2023\/12\/10\/receita-federal-libera-novo-lote-de-restituicao-do-imposto-de-renda\/"},"modified":"2023-12-10T08:02:43","modified_gmt":"2023-12-10T11:02:43","slug":"receita-federal-libera-novo-lote-de-restituicao-do-imposto-de-renda","status":"publish","type":"post","link":"https:\/\/ismaelcolosi.com.br\/index.php\/2023\/12\/10\/receita-federal-libera-novo-lote-de-restituicao-do-imposto-de-renda\/","title":{"rendered":"Receita Federal libera novo lote de restitui\u00e7\u00e3o do Imposto de Renda"},"content":{"rendered":"<p> <br \/>\n<\/p>\n<div id=\"attachment_2271771\">\n<div class=\"d-flex justify-content-center\" data-attachment-id=\"2271771\">\n<div class=\"position-relative d-inline-block\"><img data-recalc-dims=\"1\" data-portal-copyright=\"Istock\/Pravinrus Khumpangtip\" fetchpriority=\"high\" decoding=\"async\" class=\"size-full wp-image-2271771\" src=\"https:\/\/i0.wp.com\/catracalivre.com.br\/wp-content\/uploads\/2023\/05\/istock-1320806352.jpg?resize=1254%2C836&#038;ssl=1\" alt=\"Imposto de Renda: Posso incluir meus pais como dependentes?\" width=\"1254\" height=\"836\" srcset=\"https:\/\/catracalivre.com.br\/wp-content\/uploads\/2023\/05\/istock-1320806352.jpg 1254w, https:\/\/catracalivre.com.br\/wp-content\/uploads\/2023\/05\/istock-1320806352-450x300.jpg 450w, https:\/\/catracalivre.com.br\/wp-content\/uploads\/2023\/05\/istock-1320806352-768x512.jpg 768w\" sizes=\"(max-width: 1254px) 100vw, 1254px\"\/><\/p>\n<p>Cr\u00e9ditos: Istock\/Pravinrus Khumpangtip<\/p><div class='code-block code-block-8' style='margin: 8px auto; text-align: center; display: block; clear: both;'>\n<script>\n  atOptions = {\n    'key' : '66e2e2111ca34da796271819fc334058',\n    'format' : 'iframe',\n    'height' : 250,\n    'width' : 300,\n    'params' : {}\n  };\n<\/script>\n<script src=\"https:\/\/www.highperformanceformat.com\/66e2e2111ca34da796271819fc334058\/invoke.js\"><\/script>\n<\/div>\n\n<\/div>\n<\/div>\n<p><span class=\"post-imagem__legenda\">Imposto de Renda: Posso incluir meus pais como dependentes?<\/span><\/p>\n<\/div>\n<p>Recentemente anunciado pela <a href=\"https:\/\/catracalivre.com.br\/cidadania\/receita-federal-da-noticia-alarmante-para-quem-e-mei\/\">Receita Federal<\/a>, um novo lote residual de restitui\u00e7\u00e3o do Imposto de Renda j\u00e1 est\u00e1 dispon\u00edvel para consulta, e os contribuintes beneficiados poder\u00e3o efetuar o saque a partir da quinta-feira (30). Este lote refere-se a restitui\u00e7\u00f5es de declara\u00e7\u00f5es que inicialmente apresentavam pend\u00eancias, mas foram corrigidas pelos pr\u00f3prios contribuintes, possibilitando agora o pagamento.<\/p>\n<p>O novo pagamento ser\u00e1 realizado nas contas banc\u00e1rias indicadas pelos contribuintes no momento do preenchimento da declara\u00e7\u00e3o do Imposto de Renda.<\/p>\n<p>Mais de 358 mil cidad\u00e3os ser\u00e3o beneficiados por este lote residual.<\/p>\n<p>A Receita Federal informa que o valor total destinado a essas restitui\u00e7\u00f5es \u00e9 de R$ 763 milh\u00f5es.<\/p>\n<p>O pagamento seguir\u00e1 uma ordem de prioridades determinada pelo \u00f3rg\u00e3o.<\/p>\n<p>Os primeiros a receber ser\u00e3o 5 mil idosos com idade acima de 80 anos, seguidos por 58 mil idosos entre 60 e 79 anos.<br \/>Em seguida, cerca de 6 mil contribuintes que possuem alguma defici\u00eancia f\u00edsica ou mental ou mol\u00e9stia grave.<br \/>Outros 14 mil contribuintes que t\u00eam no magist\u00e9rio a maior fonte de renda tamb\u00e9m ser\u00e3o atendidos.<\/p>\n<p><script>\n\t\t! function(f, b, e, v, n, t, s) {\n\t\t\tif (f.fbq) return;\n\t\t\tn = f.fbq = function() {\n\t\t\t\tn.callMethod ?\n\t\t\t\t\tn.callMethod.apply(n, arguments) : n.queue.push(arguments)\n\t\t\t};\n\t\t\tif (!f._fbq) f._fbq = n;\n\t\t\tn.push = n;\n\t\t\tn.loaded = !0;\n\t\t\tn.version = '2.0';\n\t\t\tn.queue = [];\n\t\t\tt = b.createElement(e);\n\t\t\tt.async = !0;\n\t\t\tt.src = v;\n\t\t\ts = b.getElementsByTagName(e)[0];\n\t\t\ts.parentNode.insertBefore(t, s)\n\t\t}(window, document, 'script',\n\t\t\t'https:\/\/connect.facebook.net\/en_US\/fbevents.js');\n\t\tfbq('init', '338315473262380');\n\t\tfbq('track', 'PageView');\n\t<\/script><br \/>\n<br \/><br \/>\n<br \/><a href=\"https:\/\/catracalivre.com.br\/cidadania\/receita-federal-libera-novo-lote-de-restituicao-do-imposto-de-renda\/\">Source link <\/a><\/p>\n<div class='code-block code-block-4' style='margin: 8px auto 8px 0; text-align: left; display: block; clear: both;'>\n\ud83d\udce2 Aviso Legal\n\nO site ismaelcolosi.com.br atua apenas como um canal de divulga\u00e7\u00e3o de oportunidades de emprego e n\u00e3o se responsabiliza pelo processo seletivo, contrata\u00e7\u00e3o ou qualquer outra etapa relacionada \u00e0s vagas publicadas. Todas as informa\u00e7\u00f5es s\u00e3o de responsabilidade dos anunciantes.\n\n\u26a0\ufe0f Aten\u00e7\u00e3o! Nunca pague por promessas de emprego nem compre cursos que garantam contrata\u00e7\u00e3o. Desconfie de qualquer cobran\u00e7a para participar de sele\u00e7\u00f5es.\n\n\n\n<\/div>\n<!-- CONTENT END 1 -->\n","protected":false},"excerpt":{"rendered":"<p>Cr\u00e9ditos: Istock\/Pravinrus Khumpangtip Imposto de Renda: Posso incluir meus pais como dependentes? Recentemente anunciado pela Receita Federal, um novo lote residual de restitui\u00e7\u00e3o do Imposto&#8230;<\/p>\n","protected":false},"author":1,"featured_media":13419,"comment_status":"open","ping_status":"open","sticky":false,"template":"","format":"standard","meta":{"_uag_custom_page_level_css":"","advanced_seo_description":"","jetpack_seo_html_title":"","jetpack_seo_noindex":false,"jetpack_post_was_ever_published":false,"_jetpack_newsletter_access":"","_jetpack_dont_email_post_to_subs":false,"_jetpack_newsletter_tier_id":0,"_jetpack_memberships_contains_paywalled_content":false,"_jetpack_memberships_contains_paid_content":false,"footnotes":"","jetpack_publicize_message":"","jetpack_publicize_feature_enabled":true,"jetpack_social_post_already_shared":true,"jetpack_social_options":{"image_generator_settings":{"template":"highway","default_image_id":0,"font":"","enabled":false},"version":2}},"categories":[19],"tags":[],"class_list":["post-13418","post","type-post","status-publish","format-standard","has-post-thumbnail","hentry","category-variedades"],"jetpack_publicize_connections":[],"jetpack_featured_media_url":"https:\/\/i0.wp.com\/ismaelcolosi.com.br\/wp-content\/uploads\/2023\/12\/1702206166_istock-1145302229-e1685131672694.jpg?fit=1200%2C638&ssl=1","uagb_featured_image_src":{"full":["https:\/\/i0.wp.com\/ismaelcolosi.com.br\/wp-content\/uploads\/2023\/12\/1702206166_istock-1145302229-e1685131672694.jpg?fit=1200%2C638&ssl=1",1200,638,false],"thumbnail":["https:\/\/i0.wp.com\/ismaelcolosi.com.br\/wp-content\/uploads\/2023\/12\/1702206166_istock-1145302229-e1685131672694.jpg?resize=150%2C150&ssl=1",150,150,true],"medium":["https:\/\/i0.wp.com\/ismaelcolosi.com.br\/wp-content\/uploads\/2023\/12\/1702206166_istock-1145302229-e1685131672694.jpg?fit=300%2C160&ssl=1",300,160,true],"medium_large":["https:\/\/i0.wp.com\/ismaelcolosi.com.br\/wp-content\/uploads\/2023\/12\/1702206166_istock-1145302229-e1685131672694.jpg?fit=768%2C408&ssl=1",768,408,true],"large":["https:\/\/i0.wp.com\/ismaelcolosi.com.br\/wp-content\/uploads\/2023\/12\/1702206166_istock-1145302229-e1685131672694.jpg?fit=1024%2C544&ssl=1",1024,544,true],"1536x1536":["https:\/\/i0.wp.com\/ismaelcolosi.com.br\/wp-content\/uploads\/2023\/12\/1702206166_istock-1145302229-e1685131672694.jpg?fit=1200%2C638&ssl=1",1200,638,true],"2048x2048":["https:\/\/i0.wp.com\/ismaelcolosi.com.br\/wp-content\/uploads\/2023\/12\/1702206166_istock-1145302229-e1685131672694.jpg?fit=1200%2C638&ssl=1",1200,638,true],"really-simple-thumb":["https:\/\/i0.wp.com\/ismaelcolosi.com.br\/wp-content\/uploads\/2023\/12\/1702206166_istock-1145302229-e1685131672694.jpg?resize=370%2C247&ssl=1",370,247,true]},"uagb_author_info":{"display_name":"ismaelcolosi.com.br","author_link":"https:\/\/ismaelcolosi.com.br\/index.php\/author\/vidareal-online\/"},"uagb_comment_info":0,"uagb_excerpt":"Cr\u00e9ditos: Istock\/Pravinrus Khumpangtip Imposto de Renda: Posso incluir meus pais como dependentes? Recentemente anunciado pela Receita Federal, um novo lote residual de restitui\u00e7\u00e3o do Imposto...","jetpack-related-posts":[{"id":23422,"url":"https:\/\/ismaelcolosi.com.br\/index.php\/2024\/01\/02\/imposto-de-renda-10-dos-contribuintes-concentram-51-da-renda-no-pais\/","url_meta":{"origin":13418,"position":0},"title":"Imposto de Renda: 10% dos contribuintes concentram 51% da renda no pa\u00eds","author":"ismaelcolosi.com.br","date":"2 de January de 2024","format":false,"excerpt":"2 de janeiro de 2024 | 10:002 de janeiro de 2024 | 8:42 0Um relat\u00f3rio publicado pelo Minist\u00e9rio da Fazenda, no \u00faltimo dia 29 de dezembro, detalha a desigualdade na distribui\u00e7\u00e3o da renda e da riqueza da popula\u00e7\u00e3o brasileira. O estudo analisou dados do Imposto de Renda da Pessoa F\u00edsica\u2026","rel":"","context":"In &quot;Not\u00edcias de Ribeir\u00e3o Preto-SP e Regi\u00e3o&quot;","block_context":{"text":"Not\u00edcias de Ribeir\u00e3o Preto-SP e Regi\u00e3o","link":"https:\/\/ismaelcolosi.com.br\/index.php\/category\/noticias-de-ribeirao-preto-sp-e-regiao-ismael-colosi\/"},"img":{"alt_text":"","src":"https:\/\/i0.wp.com\/ismaelcolosi.com.br\/wp-content\/uploads\/2024\/01\/imposto-de-renda-715x390.jpg?fit=715%2C390&ssl=1&resize=350%2C200","width":350,"height":200,"srcset":"https:\/\/i0.wp.com\/ismaelcolosi.com.br\/wp-content\/uploads\/2024\/01\/imposto-de-renda-715x390.jpg?fit=715%2C390&ssl=1&resize=350%2C200 1x, https:\/\/i0.wp.com\/ismaelcolosi.com.br\/wp-content\/uploads\/2024\/01\/imposto-de-renda-715x390.jpg?fit=715%2C390&ssl=1&resize=525%2C300 1.5x, https:\/\/i0.wp.com\/ismaelcolosi.com.br\/wp-content\/uploads\/2024\/01\/imposto-de-renda-715x390.jpg?fit=715%2C390&ssl=1&resize=700%2C400 2x"},"classes":[]},{"id":19506,"url":"https:\/\/ismaelcolosi.com.br\/index.php\/2023\/12\/22\/classe-baixa-renda-sente-inflacao-de-020\/","url_meta":{"origin":13418,"position":1},"title":"Classe baixa renda sente infla\u00e7\u00e3o de 0,20% \u00a0","author":"ismaelcolosi.com.br","date":"22 de December de 2023","format":false,"excerpt":"A queda nos pre\u00e7os dos combust\u00edveis e do \u00f4nibus urbano em novembro aliviou o aumento no custo de vida percebido pelas fam\u00edlias de baixa renda, enquanto as passagens a\u00e9reas mais caras pressionaram a infla\u00e7\u00e3o sentida pelos mais ricos, informou nesta quarta-feira, 13 de dezembro, o Instituto de Pesquisa Econ\u00f4mica Aplicada\u2026","rel":"","context":"In &quot;Not\u00edcias de Ribeir\u00e3o Preto-SP e Regi\u00e3o&quot;","block_context":{"text":"Not\u00edcias de Ribeir\u00e3o Preto-SP e Regi\u00e3o","link":"https:\/\/ismaelcolosi.com.br\/index.php\/category\/noticias-de-ribeirao-preto-sp-e-regiao-ismael-colosi\/"},"img":{"alt_text":"","src":"https:\/\/i0.wp.com\/ismaelcolosi.com.br\/wp-content\/uploads\/2023\/12\/2-infla-Cesta-Marcelo-Camargo-Ag.Br_-scaled.jpg?fit=1000%2C598&ssl=1&resize=350%2C200","width":350,"height":200,"srcset":"https:\/\/i0.wp.com\/ismaelcolosi.com.br\/wp-content\/uploads\/2023\/12\/2-infla-Cesta-Marcelo-Camargo-Ag.Br_-scaled.jpg?fit=1000%2C598&ssl=1&resize=350%2C200 1x, https:\/\/i0.wp.com\/ismaelcolosi.com.br\/wp-content\/uploads\/2023\/12\/2-infla-Cesta-Marcelo-Camargo-Ag.Br_-scaled.jpg?fit=1000%2C598&ssl=1&resize=525%2C300 1.5x, https:\/\/i0.wp.com\/ismaelcolosi.com.br\/wp-content\/uploads\/2023\/12\/2-infla-Cesta-Marcelo-Camargo-Ag.Br_-scaled.jpg?fit=1000%2C598&ssl=1&resize=700%2C400 2x"},"classes":[]},{"id":79467,"url":"https:\/\/ismaelcolosi.com.br\/index.php\/2024\/12\/16\/inflacao-desacelera-para-familias-de-renda-media-e-baixa-aponta-ipea\/","url_meta":{"origin":13418,"position":2},"title":"Infla\u00e7\u00e3o desacelera para fam\u00edlias de renda m\u00e9dia e baixa, aponta Ipea","author":"ismaelcolosi.com.br","date":"16 de December de 2024","format":false,"excerpt":"A infla\u00e7\u00e3o perdeu for\u00e7a em novembro para as fam\u00edlias de renda m\u00e9dia e baixa no Brasil, segundo levantamento divulgado pelo Instituto de Pesquisa Econ\u00f4mica Aplicada (Ipea). A redu\u00e7\u00e3o foi impulsionada pela queda nos pre\u00e7os de itens essenciais, como alimentos e energia el\u00e9trica. Quedas em itens essenciais O grupo de fam\u00edlias\u2026","rel":"","context":"In &quot;Not\u00edcias de Ribeir\u00e3o Preto-SP e Regi\u00e3o&quot;","block_context":{"text":"Not\u00edcias de Ribeir\u00e3o Preto-SP e Regi\u00e3o","link":"https:\/\/ismaelcolosi.com.br\/index.php\/category\/noticias-de-ribeirao-preto-sp-e-regiao-ismael-colosi\/"},"img":{"alt_text":"","src":"https:\/\/i0.wp.com\/ismaelcolosi.com.br\/wp-content\/uploads\/2024\/12\/0d8a1305.webp.webp?fit=1170%2C700&ssl=1&resize=350%2C200","width":350,"height":200,"srcset":"https:\/\/i0.wp.com\/ismaelcolosi.com.br\/wp-content\/uploads\/2024\/12\/0d8a1305.webp.webp?fit=1170%2C700&ssl=1&resize=350%2C200 1x, https:\/\/i0.wp.com\/ismaelcolosi.com.br\/wp-content\/uploads\/2024\/12\/0d8a1305.webp.webp?fit=1170%2C700&ssl=1&resize=525%2C300 1.5x, https:\/\/i0.wp.com\/ismaelcolosi.com.br\/wp-content\/uploads\/2024\/12\/0d8a1305.webp.webp?fit=1170%2C700&ssl=1&resize=700%2C400 2x, https:\/\/i0.wp.com\/ismaelcolosi.com.br\/wp-content\/uploads\/2024\/12\/0d8a1305.webp.webp?fit=1170%2C700&ssl=1&resize=1050%2C600 3x"},"classes":[]},{"id":20519,"url":"https:\/\/ismaelcolosi.com.br\/index.php\/2023\/12\/25\/minha-casa-minha-vida-tera-moradia-de-graca-em-2024\/","url_meta":{"origin":13418,"position":3},"title":"Minha Casa Minha Vida ter\u00e1 moradia de gra\u00e7a em 2024?","author":"ismaelcolosi.com.br","date":"25 de December de 2023","format":false,"excerpt":"Cr\u00e9ditos: Ag\u00eancia Brasil\/ Divulga\u00e7\u00e3oMinha Casa Minha Vida facilita compra de im\u00f3veis O programa Minha Casa Minha Vida, um dos maiores programas habitacionais do Brasil, anuncia uma iniciativa ambiciosa para 2024: a constru\u00e7\u00e3o de 1,2 mil moradias gratuitas em 27 cidades do Rio Grande do Sul. Essa a\u00e7\u00e3o, que faz parte\u2026","rel":"","context":"In &quot;Variedades&quot;","block_context":{"text":"Variedades","link":"https:\/\/ismaelcolosi.com.br\/index.php\/category\/variedades\/"},"img":{"alt_text":"","src":"https:\/\/i0.wp.com\/ismaelcolosi.com.br\/wp-content\/uploads\/2023\/12\/novas-regras-do-minha-casa-minha-vida-entram-em-vigor.jpg?fit=1200%2C638&ssl=1&resize=350%2C200","width":350,"height":200,"srcset":"https:\/\/i0.wp.com\/ismaelcolosi.com.br\/wp-content\/uploads\/2023\/12\/novas-regras-do-minha-casa-minha-vida-entram-em-vigor.jpg?fit=1200%2C638&ssl=1&resize=350%2C200 1x, https:\/\/i0.wp.com\/ismaelcolosi.com.br\/wp-content\/uploads\/2023\/12\/novas-regras-do-minha-casa-minha-vida-entram-em-vigor.jpg?fit=1200%2C638&ssl=1&resize=525%2C300 1.5x, https:\/\/i0.wp.com\/ismaelcolosi.com.br\/wp-content\/uploads\/2023\/12\/novas-regras-do-minha-casa-minha-vida-entram-em-vigor.jpg?fit=1200%2C638&ssl=1&resize=700%2C400 2x, https:\/\/i0.wp.com\/ismaelcolosi.com.br\/wp-content\/uploads\/2023\/12\/novas-regras-do-minha-casa-minha-vida-entram-em-vigor.jpg?fit=1200%2C638&ssl=1&resize=1050%2C600 3x"},"classes":[]},{"id":86578,"url":"https:\/\/ismaelcolosi.com.br\/index.php\/2025\/07\/09\/renda-extra-ou-promocao-as-estrategias-da-geracao-z-e-dos-millennials-para-dobrar-a-renda\/","url_meta":{"origin":13418,"position":4},"title":"Renda Extra ou Promo\u00e7\u00e3o? As Estrat\u00e9gias da Gera\u00e7\u00e3o Z e dos Millennials para Dobrar a Renda","author":"ismaelcolosi.com.br","date":"9 de July de 2025","format":false,"excerpt":"\r Skynesher\/Getty Images\r Jovens profissionais da Gera\u00e7\u00e3o Z avaliam os caminhos para ganhar mais e driblar a inseguran\u00e7a econ\u00f4mica\r Acessibilidade \r L\r L\r A-\r A+\r \r \u25d0\r \r \u00a0 Diante do aumento do custo de vida, da instabilidade no mercado e de uma nova rela\u00e7\u00e3o com o trabalho, muitos jovens\u2026","rel":"","context":"In &quot;Carreira e Sucesso&quot;","block_context":{"text":"Carreira e Sucesso","link":"https:\/\/ismaelcolosi.com.br\/index.php\/category\/carreira-e-sucesso-dicas-para-carreira\/"},"img":{"alt_text":"","src":"https:\/\/i0.wp.com\/ismaelcolosi.com.br\/wp-content\/uploads\/2025\/07\/forbes-geracao-z-carreira-1200x675.jpg?fit=1200%2C675&ssl=1&resize=350%2C200","width":350,"height":200,"srcset":"https:\/\/i0.wp.com\/ismaelcolosi.com.br\/wp-content\/uploads\/2025\/07\/forbes-geracao-z-carreira-1200x675.jpg?fit=1200%2C675&ssl=1&resize=350%2C200 1x, https:\/\/i0.wp.com\/ismaelcolosi.com.br\/wp-content\/uploads\/2025\/07\/forbes-geracao-z-carreira-1200x675.jpg?fit=1200%2C675&ssl=1&resize=525%2C300 1.5x, https:\/\/i0.wp.com\/ismaelcolosi.com.br\/wp-content\/uploads\/2025\/07\/forbes-geracao-z-carreira-1200x675.jpg?fit=1200%2C675&ssl=1&resize=700%2C400 2x, https:\/\/i0.wp.com\/ismaelcolosi.com.br\/wp-content\/uploads\/2025\/07\/forbes-geracao-z-carreira-1200x675.jpg?fit=1200%2C675&ssl=1&resize=1050%2C600 3x"},"classes":[]},{"id":13300,"url":"https:\/\/ismaelcolosi.com.br\/index.php\/2023\/12\/09\/moradia-gratuita-esta-confirmada-para-2024-entenda-criterios\/","url_meta":{"origin":13418,"position":5},"title":"Moradia gratuita est\u00e1 confirmada para 2024; entenda crit\u00e9rios","author":"ismaelcolosi.com.br","date":"9 de December de 2023","format":false,"excerpt":"Cr\u00e9ditos: Ricardo Stuckert\/PRNovas regras do Minha Casa, Minha Vida devem entrar em vigor O Minha Casa Minha Vida, ao longo dos anos, tem desempenhado um papel essencial na redu\u00e7\u00e3o do d\u00e9ficit habitacional e na oferta de oportunidades de moradia. Agora, as mudan\u00e7as anunciadas para o programa em 2024 o tornam\u2026","rel":"","context":"In &quot;Variedades&quot;","block_context":{"text":"Variedades","link":"https:\/\/ismaelcolosi.com.br\/index.php\/category\/variedades\/"},"img":{"alt_text":"","src":"https:\/\/i0.wp.com\/ismaelcolosi.com.br\/wp-content\/uploads\/2023\/12\/istock-1217966765.jpg?fit=1200%2C638&ssl=1&resize=350%2C200","width":350,"height":200,"srcset":"https:\/\/i0.wp.com\/ismaelcolosi.com.br\/wp-content\/uploads\/2023\/12\/istock-1217966765.jpg?fit=1200%2C638&ssl=1&resize=350%2C200 1x, https:\/\/i0.wp.com\/ismaelcolosi.com.br\/wp-content\/uploads\/2023\/12\/istock-1217966765.jpg?fit=1200%2C638&ssl=1&resize=525%2C300 1.5x, https:\/\/i0.wp.com\/ismaelcolosi.com.br\/wp-content\/uploads\/2023\/12\/istock-1217966765.jpg?fit=1200%2C638&ssl=1&resize=700%2C400 2x, https:\/\/i0.wp.com\/ismaelcolosi.com.br\/wp-content\/uploads\/2023\/12\/istock-1217966765.jpg?fit=1200%2C638&ssl=1&resize=1050%2C600 3x"},"classes":[]}],"jetpack_sharing_enabled":true,"jetpack_shortlink":"https:\/\/wp.me\/pfMlyK-3uq","_links":{"self":[{"href":"https:\/\/ismaelcolosi.com.br\/index.php\/wp-json\/wp\/v2\/posts\/13418","targetHints":{"allow":["GET"]}}],"collection":[{"href":"https:\/\/ismaelcolosi.com.br\/index.php\/wp-json\/wp\/v2\/posts"}],"about":[{"href":"https:\/\/ismaelcolosi.com.br\/index.php\/wp-json\/wp\/v2\/types\/post"}],"author":[{"embeddable":true,"href":"https:\/\/ismaelcolosi.com.br\/index.php\/wp-json\/wp\/v2\/users\/1"}],"replies":[{"embeddable":true,"href":"https:\/\/ismaelcolosi.com.br\/index.php\/wp-json\/wp\/v2\/comments?post=13418"}],"version-history":[{"count":0,"href":"https:\/\/ismaelcolosi.com.br\/index.php\/wp-json\/wp\/v2\/posts\/13418\/revisions"}],"wp:featuredmedia":[{"embeddable":true,"href":"https:\/\/ismaelcolosi.com.br\/index.php\/wp-json\/wp\/v2\/media\/13419"}],"wp:attachment":[{"href":"https:\/\/ismaelcolosi.com.br\/index.php\/wp-json\/wp\/v2\/media?parent=13418"}],"wp:term":[{"taxonomy":"category","embeddable":true,"href":"https:\/\/ismaelcolosi.com.br\/index.php\/wp-json\/wp\/v2\/categories?post=13418"},{"taxonomy":"post_tag","embeddable":true,"href":"https:\/\/ismaelcolosi.com.br\/index.php\/wp-json\/wp\/v2\/tags?post=13418"}],"curies":[{"name":"wp","href":"https:\/\/api.w.org\/{rel}","templated":true}]}}