{"id":13392,"date":"2023-12-10T03:05:10","date_gmt":"2023-12-10T06:05:10","guid":{"rendered":"https:\/\/ismaelcolosi.com.br\/index.php\/2023\/12\/10\/arrancar-pelos-do-nariz-pode-oferecer-riscos-a-sua-saude\/"},"modified":"2023-12-10T03:05:10","modified_gmt":"2023-12-10T06:05:10","slug":"arrancar-pelos-do-nariz-pode-oferecer-riscos-a-sua-saude","status":"publish","type":"post","link":"https:\/\/ismaelcolosi.com.br\/index.php\/2023\/12\/10\/arrancar-pelos-do-nariz-pode-oferecer-riscos-a-sua-saude\/","title":{"rendered":"Arrancar pelos do nariz pode oferecer riscos \u00e0 sua sa\u00fade"},"content":{"rendered":"<p> <br \/>\n<\/p>\n<div>\n<div id=\"attachment_2321809\" class=\"wp-caption alignnone\">\n<div class=\"d-flex justify-content-center\" data-attachment-id=\"2321809\">\n<div class=\"position-relative d-inline-block\"><img data-recalc-dims=\"1\" data-portal-copyright=\"Getty Images\" fetchpriority=\"high\" decoding=\"async\" class=\"wp-image-2321809 size-full\" src=\"https:\/\/i0.wp.com\/catracalivre.com.br\/wp-content\/uploads\/2023\/12\/istock-1471931587.jpg?resize=1254%2C836&#038;ssl=1\" alt=\"Remo\u00e7\u00e3o dos pelos pode levar \u00e0 ruptura da camada protetora da pele, permitindo a entrada de bact\u00e9rias \u2013 iStock\/Getty Images\" width=\"1254\" height=\"836\" srcset=\"https:\/\/catracalivre.com.br\/wp-content\/uploads\/2023\/12\/istock-1471931587.jpg 1254w, https:\/\/catracalivre.com.br\/wp-content\/uploads\/2023\/12\/istock-1471931587-450x300.jpg 450w, https:\/\/catracalivre.com.br\/wp-content\/uploads\/2023\/12\/istock-1471931587-768x512.jpg 768w\" sizes=\"(max-width: 1254px) 100vw, 1254px\"\/><\/p>\n<p>Cr\u00e9ditos: Getty Images<\/p>\n<\/div>\n<\/div>\n<p><span class=\"post-imagem__legenda\">Remo\u00e7\u00e3o dos pelos pode levar \u00e0 ruptura da camada protetora da pele, permitindo a entrada de bact\u00e9rias \u2013 iStock\/Getty Images<\/span><\/p>\n<\/div>\n<p>Considerada uma pr\u00e1tica comum para muitas pessoas, sobretudo por quest\u00f5es est\u00e9ticas, a remo\u00e7\u00e3o dos pelos do nariz\u00a0pode trazer mais perigos do que benef\u00edcios para a sa\u00fade.<\/p>\n<p>Segundo especialistas, embora pare\u00e7am inofensivos, m\u00e9todos populares de depila\u00e7\u00e3o, como pin\u00e7as e ceras, podem levar a consequ\u00eancias graves, incluindo infec\u00e7\u00f5es e irrita\u00e7\u00f5es.<\/p>\n<p>Isso porque os pelos nasais n\u00e3o s\u00e3o apenas um componente est\u00e9tico, mas tamb\u00e9m desempenham um papel importante na manuten\u00e7\u00e3o da sa\u00fade das vias a\u00e9reas. Eles agem como uma barreira natural contra v\u00e1rios irritantes, evitando que alcancem nossos pulm\u00f5es e <strong><a href=\"https:\/\/catracalivre.com.br\/saude-bem-estar\/confira-5-dicas-para-aliviar-a-dor-de-garganta\/\" target=\"_blank\" rel=\"noopener\">garganta<\/a><\/strong>.<\/p>\n<h2>Quais s\u00e3o os riscos de depilar o nariz?<\/h2>\n<p>Por funcionarem como uma barreira, protegendo nossas vias a\u00e9reas de part\u00edculas irritantes, como poeira, p\u00f3len e <strong><a href=\"https:\/\/www.gov.br\/saude\/pt-br\/assuntos\/noticias\/2022\/julho\/dia-mundial-da-alergia-saiba-mais-sobre-os-sintomas-e-tratamento\" target=\"_blank\" rel=\"noopener\">al\u00e9rgenos<\/a><\/strong>, os pelos do nariz atuam diretamente na manuten\u00e7\u00e3o da sa\u00fade respirat\u00f3ria. A\u00a0presen\u00e7a desses pelos \u00e9 crucial para o reflexo de espirro, que nos ajuda a eliminar insetos, por exemplo, que possam ter chegado ao nariz.<\/p>\n<p>Al\u00e9m disso, a remo\u00e7\u00e3o dos pelos pode levar \u00e0 ruptura da camada protetora da pele, permitindo a entrada de bact\u00e9rias. O risco de infec\u00e7\u00f5es, como a vestibulite nasal, aumenta, podendo resultar em sintomas desconfort\u00e1veis como vermelhid\u00e3o, incha\u00e7o e dor. \u201cNunca tire os pelos do nariz. Os pelos do nariz existem para prevenir infec\u00e7\u00f5es e bact\u00e9rias. Al\u00e9m disso, \u00e9 doloroso. Se voc\u00ea est\u00e1 preocupado com o crescimento de pelos al\u00e9m das narinas, pode aparar com uma tesoura\u201d, afirmou Fides Baldesberger, diretor executivo da Rubis Tweezers, ao The Sun.<\/p>\n<h2>4 formas de tirar o pelo da nariz<\/h2>\n<ul>\n<li><strong>Aparar com tesoura:<\/strong> \u00e9 prefer\u00edvel utilizar uma tesoura de sobrancelhas limpa para remover pelos faciais e aparar os pelos do nariz.<\/li>\n<li><strong>Aparador de nariz:<\/strong> outra op\u00e7\u00e3o \u00e9 usar aparadores de nariz espec\u00edficos, que s\u00e3o projetados para cortar os pelos de forma segura e precisa.<\/li>\n<li><strong>Higiene adequada:<\/strong> a manuten\u00e7\u00e3o de uma boa rotina de limpeza nasal evita o ac\u00famulo de bact\u00e9rias e diminui o risco de infec\u00e7\u00f5es. \u00c9 aconselh\u00e1vel usar soro fisiol\u00f3gico para manter a mucosa nasal sempre limpa e \u00famida.<\/li>\n<li><strong>Consultar um especialista:<\/strong> se voc\u00ea est\u00e1 enfrentando problemas com pelos nasais, a melhor op\u00e7\u00e3o pode ser procurar a orienta\u00e7\u00e3o de um otorrinolaringologista ou dermatologista.<\/li>\n<\/ul>\n<\/div>\n<p><script>\n\t\t! function(f, b, e, v, n, t, s) {\n\t\t\tif (f.fbq) return;\n\t\t\tn = f.fbq = function() {\n\t\t\t\tn.callMethod ?\n\t\t\t\t\tn.callMethod.apply(n, arguments) : n.queue.push(arguments)\n\t\t\t};\n\t\t\tif (!f._fbq) f._fbq = n;\n\t\t\tn.push = n;\n\t\t\tn.loaded = !0;\n\t\t\tn.version = '2.0';\n\t\t\tn.queue = [];\n\t\t\tt = b.createElement(e);\n\t\t\tt.async = !0;\n\t\t\tt.src = v;\n\t\t\ts = b.getElementsByTagName(e)[0];\n\t\t\ts.parentNode.insertBefore(t, s)\n\t\t}(window, document, 'script',\n\t\t\t'https:\/\/connect.facebook.net\/en_US\/fbevents.js');\n\t\tfbq('init', '338315473262380');\n\t\tfbq('track', 'PageView');\n\t<\/script><br \/>\n<br \/><br \/>\n<br \/><a href=\"https:\/\/catracalivre.com.br\/saude-bem-estar\/arrancar-pelos-do-nariz-pode-oferecer-riscos-a-sua-saude\/\">Source link <\/a><\/p>\n<div class='code-block code-block-4' style='margin: 8px auto 8px 0; text-align: left; display: block; clear: both;'>\n\ud83d\udce2 Aviso Legal\n\nO site ismaelcolosi.com.br atua apenas como um canal de divulga\u00e7\u00e3o de oportunidades de emprego e n\u00e3o se responsabiliza pelo processo seletivo, contrata\u00e7\u00e3o ou qualquer outra etapa relacionada \u00e0s vagas publicadas. Todas as informa\u00e7\u00f5es s\u00e3o de responsabilidade dos anunciantes.\n\n\u26a0\ufe0f Aten\u00e7\u00e3o! Nunca pague por promessas de emprego nem compre cursos que garantam contrata\u00e7\u00e3o. Desconfie de qualquer cobran\u00e7a para participar de sele\u00e7\u00f5es.\n\n\n\n<\/div>\n<!-- CONTENT END 1 -->\n","protected":false},"excerpt":{"rendered":"<p>Cr\u00e9ditos: Getty Images Remo\u00e7\u00e3o dos pelos pode levar \u00e0 ruptura da camada protetora da pele, permitindo a entrada de bact\u00e9rias \u2013 iStock\/Getty Images Considerada uma&#8230;<\/p>\n","protected":false},"author":1,"featured_media":13393,"comment_status":"open","ping_status":"open","sticky":false,"template":"","format":"standard","meta":{"_uag_custom_page_level_css":"","advanced_seo_description":"","jetpack_seo_html_title":"","jetpack_seo_noindex":false,"jetpack_post_was_ever_published":false,"_jetpack_newsletter_access":"","_jetpack_dont_email_post_to_subs":false,"_jetpack_newsletter_tier_id":0,"_jetpack_memberships_contains_paywalled_content":false,"_jetpack_memberships_contains_paid_content":false,"footnotes":"","jetpack_publicize_message":"","jetpack_publicize_feature_enabled":true,"jetpack_social_post_already_shared":true,"jetpack_social_options":{"image_generator_settings":{"template":"highway","default_image_id":0,"font":"","enabled":false},"version":2}},"categories":[19],"tags":[],"class_list":["post-13392","post","type-post","status-publish","format-standard","has-post-thumbnail","hentry","category-variedades"],"jetpack_publicize_connections":[],"jetpack_featured_media_url":"https:\/\/i0.wp.com\/ismaelcolosi.com.br\/wp-content\/uploads\/2023\/12\/istock-1471931587.jpg?fit=1200%2C638&ssl=1","uagb_featured_image_src":{"full":["https:\/\/i0.wp.com\/ismaelcolosi.com.br\/wp-content\/uploads\/2023\/12\/istock-1471931587.jpg?fit=1200%2C638&ssl=1",1200,638,false],"thumbnail":["https:\/\/i0.wp.com\/ismaelcolosi.com.br\/wp-content\/uploads\/2023\/12\/istock-1471931587.jpg?resize=150%2C150&ssl=1",150,150,true],"medium":["https:\/\/i0.wp.com\/ismaelcolosi.com.br\/wp-content\/uploads\/2023\/12\/istock-1471931587.jpg?fit=300%2C160&ssl=1",300,160,true],"medium_large":["https:\/\/i0.wp.com\/ismaelcolosi.com.br\/wp-content\/uploads\/2023\/12\/istock-1471931587.jpg?fit=768%2C408&ssl=1",768,408,true],"large":["https:\/\/i0.wp.com\/ismaelcolosi.com.br\/wp-content\/uploads\/2023\/12\/istock-1471931587.jpg?fit=1024%2C544&ssl=1",1024,544,true],"1536x1536":["https:\/\/i0.wp.com\/ismaelcolosi.com.br\/wp-content\/uploads\/2023\/12\/istock-1471931587.jpg?fit=1200%2C638&ssl=1",1200,638,true],"2048x2048":["https:\/\/i0.wp.com\/ismaelcolosi.com.br\/wp-content\/uploads\/2023\/12\/istock-1471931587.jpg?fit=1200%2C638&ssl=1",1200,638,true],"really-simple-thumb":["https:\/\/i0.wp.com\/ismaelcolosi.com.br\/wp-content\/uploads\/2023\/12\/istock-1471931587.jpg?resize=370%2C247&ssl=1",370,247,true]},"uagb_author_info":{"display_name":"ismaelcolosi.com.br","author_link":"https:\/\/ismaelcolosi.com.br\/index.php\/author\/vidareal-online\/"},"uagb_comment_info":0,"uagb_excerpt":"Cr\u00e9ditos: Getty Images Remo\u00e7\u00e3o dos pelos pode levar \u00e0 ruptura da camada protetora da pele, permitindo a entrada de bact\u00e9rias \u2013 iStock\/Getty Images Considerada uma...","jetpack-related-posts":[{"id":16426,"url":"https:\/\/ismaelcolosi.com.br\/index.php\/2023\/12\/15\/componente-da-bebida-oferece-beneficio-a-saude\/","url_meta":{"origin":13392,"position":0},"title":"componente da bebida oferece benef\u00edcio \u00e0 sa\u00fade","author":"ismaelcolosi.com.br","date":"15 de December de 2023","format":false,"excerpt":"Cr\u00e9ditos: Getty Images\/iStockphotoCaf\u00e9 \u00e9 sa\u00fade: Segundo estudos sobre o tema, os danos causados pelos radicais livres s\u00e3o atenuados pelos componentes presentes na bebida, que ajudam a preveni-los \u2013 iStock\/Getty Images De acordo com o Centro de Neuroci\u00eancias e Biologia Celular da Universidade de Coimbra (CNC-UC), a cafe\u00edna, os polifenois (subst\u00e2ncias\u2026","rel":"","context":"In &quot;Variedades&quot;","block_context":{"text":"Variedades","link":"https:\/\/ismaelcolosi.com.br\/index.php\/category\/variedades\/"},"img":{"alt_text":"","src":"https:\/\/i0.wp.com\/ismaelcolosi.com.br\/wp-content\/uploads\/2023\/12\/1702664240_istock-1450270481.jpg?fit=1200%2C638&ssl=1&resize=350%2C200","width":350,"height":200,"srcset":"https:\/\/i0.wp.com\/ismaelcolosi.com.br\/wp-content\/uploads\/2023\/12\/1702664240_istock-1450270481.jpg?fit=1200%2C638&ssl=1&resize=350%2C200 1x, https:\/\/i0.wp.com\/ismaelcolosi.com.br\/wp-content\/uploads\/2023\/12\/1702664240_istock-1450270481.jpg?fit=1200%2C638&ssl=1&resize=525%2C300 1.5x, https:\/\/i0.wp.com\/ismaelcolosi.com.br\/wp-content\/uploads\/2023\/12\/1702664240_istock-1450270481.jpg?fit=1200%2C638&ssl=1&resize=700%2C400 2x, https:\/\/i0.wp.com\/ismaelcolosi.com.br\/wp-content\/uploads\/2023\/12\/1702664240_istock-1450270481.jpg?fit=1200%2C638&ssl=1&resize=1050%2C600 3x"},"classes":[]},{"id":13102,"url":"https:\/\/ismaelcolosi.com.br\/index.php\/2023\/12\/09\/kiwi-ajuda-no-combate-a-anemia-dizem-especialistas\/","url_meta":{"origin":13392,"position":1},"title":"Kiwi ajuda no combate \u00e0 anemia, dizem especialistas","author":"ismaelcolosi.com.br","date":"9 de December de 2023","format":false,"excerpt":"Cr\u00e9ditos: Getty Images\/iStockphotoAl\u00e9m de combater a anemia, consumo regular de kiwi pode proteger a pele contra os danos causados pelos raios UV do sol, ajudando a manter uma pele saud\u00e1vel e jovem \u2013 iStock\/Getty Images Condi\u00e7\u00e3o caracterizada pela redu\u00e7\u00e3o dos gl\u00f3bulos vermelhos (hem\u00e1cias) ou da quantidade de hemoglobina no sangue,\u2026","rel":"","context":"In &quot;Variedades&quot;","block_context":{"text":"Variedades","link":"https:\/\/ismaelcolosi.com.br\/index.php\/category\/variedades\/"},"img":{"alt_text":"","src":"https:\/\/i0.wp.com\/ismaelcolosi.com.br\/wp-content\/uploads\/2023\/12\/istock-1182029924.jpg?fit=1200%2C638&ssl=1&resize=350%2C200","width":350,"height":200,"srcset":"https:\/\/i0.wp.com\/ismaelcolosi.com.br\/wp-content\/uploads\/2023\/12\/istock-1182029924.jpg?fit=1200%2C638&ssl=1&resize=350%2C200 1x, https:\/\/i0.wp.com\/ismaelcolosi.com.br\/wp-content\/uploads\/2023\/12\/istock-1182029924.jpg?fit=1200%2C638&ssl=1&resize=525%2C300 1.5x, https:\/\/i0.wp.com\/ismaelcolosi.com.br\/wp-content\/uploads\/2023\/12\/istock-1182029924.jpg?fit=1200%2C638&ssl=1&resize=700%2C400 2x, https:\/\/i0.wp.com\/ismaelcolosi.com.br\/wp-content\/uploads\/2023\/12\/istock-1182029924.jpg?fit=1200%2C638&ssl=1&resize=1050%2C600 3x"},"classes":[]},{"id":14398,"url":"https:\/\/ismaelcolosi.com.br\/index.php\/2023\/12\/12\/8-maneiras-de-pensar-como-um-lider-no-trabalho\/","url_meta":{"origin":13392,"position":2},"title":"8 maneiras de pensar como um l\u00edder no trabalho","author":"ismaelcolosi.com.br","date":"12 de December de 2023","format":false,"excerpt":"Tornar-se um l\u00edder exige uma transforma\u00e7\u00e3o de mentalidade antes mesmo de ganhar mais responsabilidades ou mudar de cargo Como fica evidente no relat\u00f3rio do LinkedIn com as habilidades mais procuradas pelos empregadores, lideran\u00e7a e gest\u00e3o est\u00e3o entre as cinco principais compet\u00eancias fundamentais dos candidatos a emprego. Mesmo que mesmo voc\u00ea\u2026","rel":"","context":"In &quot;Carreira e Sucesso&quot;","block_context":{"text":"Carreira e Sucesso","link":"https:\/\/ismaelcolosi.com.br\/index.php\/category\/carreira-e-sucesso-dicas-para-carreira\/"},"img":{"alt_text":"","src":"https:\/\/i0.wp.com\/ismaelcolosi.com.br\/wp-content\/uploads\/2023\/12\/carreira-lideranca-mentalidade-1024x683.jpg?fit=1024%2C683&ssl=1&resize=350%2C200","width":350,"height":200,"srcset":"https:\/\/i0.wp.com\/ismaelcolosi.com.br\/wp-content\/uploads\/2023\/12\/carreira-lideranca-mentalidade-1024x683.jpg?fit=1024%2C683&ssl=1&resize=350%2C200 1x, https:\/\/i0.wp.com\/ismaelcolosi.com.br\/wp-content\/uploads\/2023\/12\/carreira-lideranca-mentalidade-1024x683.jpg?fit=1024%2C683&ssl=1&resize=525%2C300 1.5x, https:\/\/i0.wp.com\/ismaelcolosi.com.br\/wp-content\/uploads\/2023\/12\/carreira-lideranca-mentalidade-1024x683.jpg?fit=1024%2C683&ssl=1&resize=700%2C400 2x"},"classes":[]},{"id":13078,"url":"https:\/\/ismaelcolosi.com.br\/index.php\/2023\/12\/09\/colesterol-alto-pode-ser-observado-pelo-espelho-saiba-como\/","url_meta":{"origin":13392,"position":3},"title":"Colesterol alto pode ser observado pelo espelho; saiba como","author":"ismaelcolosi.com.br","date":"9 de December de 2023","format":false,"excerpt":"Cr\u00e9ditos: Getty ImagesEspelho, espelho meu: Les\u00f5es que indicam colesterol alto s\u00e3o uma resposta inflamat\u00f3ria do organismo \u2013 iStock\/Getty Images Pequenos n\u00f3dulos ou placas de cor amarelada que se formam sob a pele ou em outras partes do corpo, como tend\u00f5es, articula\u00e7\u00f5es e outros \u00f3rg\u00e3os, chamados de xantomas, indicam quando h\u00e1\u2026","rel":"","context":"In &quot;Variedades&quot;","block_context":{"text":"Variedades","link":"https:\/\/ismaelcolosi.com.br\/index.php\/category\/variedades\/"},"img":{"alt_text":"","src":"https:\/\/i0.wp.com\/ismaelcolosi.com.br\/wp-content\/uploads\/2023\/12\/istock-1485546668.jpg?fit=1200%2C638&ssl=1&resize=350%2C200","width":350,"height":200,"srcset":"https:\/\/i0.wp.com\/ismaelcolosi.com.br\/wp-content\/uploads\/2023\/12\/istock-1485546668.jpg?fit=1200%2C638&ssl=1&resize=350%2C200 1x, https:\/\/i0.wp.com\/ismaelcolosi.com.br\/wp-content\/uploads\/2023\/12\/istock-1485546668.jpg?fit=1200%2C638&ssl=1&resize=525%2C300 1.5x, https:\/\/i0.wp.com\/ismaelcolosi.com.br\/wp-content\/uploads\/2023\/12\/istock-1485546668.jpg?fit=1200%2C638&ssl=1&resize=700%2C400 2x, https:\/\/i0.wp.com\/ismaelcolosi.com.br\/wp-content\/uploads\/2023\/12\/istock-1485546668.jpg?fit=1200%2C638&ssl=1&resize=1050%2C600 3x"},"classes":[]},{"id":4095,"url":"https:\/\/ismaelcolosi.com.br\/index.php\/2023\/11\/20\/estudo-elege-pizza-como-o-vicio-mais-dificil-de-ser-controlado\/","url_meta":{"origin":13392,"position":4},"title":"Estudo elege pizza como o v\u00edcio mais dif\u00edcil de ser controlado","author":"ismaelcolosi.com.br","date":"20 de November de 2023","format":false,"excerpt":"Cr\u00e9ditos: Getty ImagesAl\u00e9m de pizza, pesquisadores elencaram outros alimentos considerados viciantes pelos entrevistados \u2013 iStock\/Getty ImagesAo investigar a fun\u00e7\u00e3o que o processamento de alimentos, gordura e a\u00e7\u00facar desempenha em produtos considerados viciantes, pesquisa divulgada pela Universidade de Michigan, nos Estados Unidos, revela que a pizza \u00e9 considerada o v\u00edcio gastron\u00f4mico\u2026","rel":"","context":"In &quot;Variedades&quot;","block_context":{"text":"Variedades","link":"https:\/\/ismaelcolosi.com.br\/index.php\/category\/variedades\/"},"img":{"alt_text":"","src":"https:\/\/i0.wp.com\/ismaelcolosi.com.br\/wp-content\/uploads\/2023\/11\/istock-966461220.jpg?fit=1200%2C638&ssl=1&resize=350%2C200","width":350,"height":200,"srcset":"https:\/\/i0.wp.com\/ismaelcolosi.com.br\/wp-content\/uploads\/2023\/11\/istock-966461220.jpg?fit=1200%2C638&ssl=1&resize=350%2C200 1x, https:\/\/i0.wp.com\/ismaelcolosi.com.br\/wp-content\/uploads\/2023\/11\/istock-966461220.jpg?fit=1200%2C638&ssl=1&resize=525%2C300 1.5x, https:\/\/i0.wp.com\/ismaelcolosi.com.br\/wp-content\/uploads\/2023\/11\/istock-966461220.jpg?fit=1200%2C638&ssl=1&resize=700%2C400 2x, https:\/\/i0.wp.com\/ismaelcolosi.com.br\/wp-content\/uploads\/2023\/11\/istock-966461220.jpg?fit=1200%2C638&ssl=1&resize=1050%2C600 3x"},"classes":[]},{"id":10244,"url":"https:\/\/ismaelcolosi.com.br\/index.php\/2023\/12\/04\/por-que-tomar-cafe-pode-reduzir-o-risco-de-cancer\/","url_meta":{"origin":13392,"position":5},"title":"Por que tomar caf\u00e9 pode reduzir o risco de c\u00e2ncer?","author":"ismaelcolosi.com.br","date":"4 de December de 2023","format":false,"excerpt":"Cr\u00e9ditos: Getty Images\/iStockphotoCientistas da Irlanda do Norte descobriram liga\u00e7\u00e3o entre o consumo do caf\u00e9 e menor risco de desenvolvimento de c\u00e2ncer no f\u00edgado \u2013 iStock\/Getty Images Cientistas da Universidade Queen, em Belfast, na Irlanda do Norte, descobriram uma liga\u00e7\u00e3o entre o consumo da bebida a menor risco de desenvolvimento de\u2026","rel":"","context":"In &quot;Variedades&quot;","block_context":{"text":"Variedades","link":"https:\/\/ismaelcolosi.com.br\/index.php\/category\/variedades\/"},"img":{"alt_text":"","src":"https:\/\/i0.wp.com\/ismaelcolosi.com.br\/wp-content\/uploads\/2023\/12\/istock-1450270481.jpg?fit=1200%2C638&ssl=1&resize=350%2C200","width":350,"height":200,"srcset":"https:\/\/i0.wp.com\/ismaelcolosi.com.br\/wp-content\/uploads\/2023\/12\/istock-1450270481.jpg?fit=1200%2C638&ssl=1&resize=350%2C200 1x, https:\/\/i0.wp.com\/ismaelcolosi.com.br\/wp-content\/uploads\/2023\/12\/istock-1450270481.jpg?fit=1200%2C638&ssl=1&resize=525%2C300 1.5x, https:\/\/i0.wp.com\/ismaelcolosi.com.br\/wp-content\/uploads\/2023\/12\/istock-1450270481.jpg?fit=1200%2C638&ssl=1&resize=700%2C400 2x, https:\/\/i0.wp.com\/ismaelcolosi.com.br\/wp-content\/uploads\/2023\/12\/istock-1450270481.jpg?fit=1200%2C638&ssl=1&resize=1050%2C600 3x"},"classes":[]}],"jetpack_sharing_enabled":true,"jetpack_shortlink":"https:\/\/wp.me\/pfMlyK-3u0","_links":{"self":[{"href":"https:\/\/ismaelcolosi.com.br\/index.php\/wp-json\/wp\/v2\/posts\/13392","targetHints":{"allow":["GET"]}}],"collection":[{"href":"https:\/\/ismaelcolosi.com.br\/index.php\/wp-json\/wp\/v2\/posts"}],"about":[{"href":"https:\/\/ismaelcolosi.com.br\/index.php\/wp-json\/wp\/v2\/types\/post"}],"author":[{"embeddable":true,"href":"https:\/\/ismaelcolosi.com.br\/index.php\/wp-json\/wp\/v2\/users\/1"}],"replies":[{"embeddable":true,"href":"https:\/\/ismaelcolosi.com.br\/index.php\/wp-json\/wp\/v2\/comments?post=13392"}],"version-history":[{"count":0,"href":"https:\/\/ismaelcolosi.com.br\/index.php\/wp-json\/wp\/v2\/posts\/13392\/revisions"}],"wp:featuredmedia":[{"embeddable":true,"href":"https:\/\/ismaelcolosi.com.br\/index.php\/wp-json\/wp\/v2\/media\/13393"}],"wp:attachment":[{"href":"https:\/\/ismaelcolosi.com.br\/index.php\/wp-json\/wp\/v2\/media?parent=13392"}],"wp:term":[{"taxonomy":"category","embeddable":true,"href":"https:\/\/ismaelcolosi.com.br\/index.php\/wp-json\/wp\/v2\/categories?post=13392"},{"taxonomy":"post_tag","embeddable":true,"href":"https:\/\/ismaelcolosi.com.br\/index.php\/wp-json\/wp\/v2\/tags?post=13392"}],"curies":[{"name":"wp","href":"https:\/\/api.w.org\/{rel}","templated":true}]}}