{"id":13376,"date":"2023-12-10T00:58:56","date_gmt":"2023-12-10T03:58:56","guid":{"rendered":"https:\/\/ismaelcolosi.com.br\/index.php\/2023\/12\/10\/inss-faz-convocacao-inesperada-a-pensionistas-e-aposentados\/"},"modified":"2023-12-10T00:58:56","modified_gmt":"2023-12-10T03:58:56","slug":"inss-faz-convocacao-inesperada-a-pensionistas-e-aposentados","status":"publish","type":"post","link":"https:\/\/ismaelcolosi.com.br\/index.php\/2023\/12\/10\/inss-faz-convocacao-inesperada-a-pensionistas-e-aposentados\/","title":{"rendered":"INSS faz convoca\u00e7\u00e3o inesperada a pensionistas e aposentados"},"content":{"rendered":"<p> <br \/>\n<\/p>\n<div>\n<div id=\"attachment_2314665\" class=\"wp-caption alignnone\">\n<div class=\"d-flex justify-content-center\" data-attachment-id=\"2314665\">\n<div class=\"position-relative d-inline-block\"><img data-recalc-dims=\"1\" data-portal-copyright=\"Gov.br\" fetchpriority=\"high\" decoding=\"async\" class=\"size-full wp-image-2314665\" src=\"https:\/\/i0.wp.com\/catracalivre.com.br\/wp-content\/uploads\/2023\/11\/apos-mudancas-veja-quais-servicos-do-inss-sao-prestados-nas-agencias.png?resize=768%2C431&#038;ssl=1\" alt=\"Ap\u00f3s mudan\u00e7as, veja quais servi\u00e7os do INSS s\u00e3o prestados nas ag\u00eancias\" width=\"768\" height=\"431\" srcset=\"https:\/\/catracalivre.com.br\/wp-content\/uploads\/2023\/11\/apos-mudancas-veja-quais-servicos-do-inss-sao-prestados-nas-agencias.png 768w, https:\/\/catracalivre.com.br\/wp-content\/uploads\/2023\/11\/apos-mudancas-veja-quais-servicos-do-inss-sao-prestados-nas-agencias-450x253.png 450w\" sizes=\"(max-width: 768px) 100vw, 768px\"\/><\/p>\n<p>Cr\u00e9ditos: Gov.br<\/p><div class='code-block code-block-8' style='margin: 8px auto; text-align: center; display: block; clear: both;'>\n<script>\n  atOptions = {\n    'key' : '66e2e2111ca34da796271819fc334058',\n    'format' : 'iframe',\n    'height' : 250,\n    'width' : 300,\n    'params' : {}\n  };\n<\/script>\n<script src=\"https:\/\/www.highperformanceformat.com\/66e2e2111ca34da796271819fc334058\/invoke.js\"><\/script>\n<\/div>\n\n<\/div>\n<\/div>\n<p><span class=\"post-imagem__legenda\">Ap\u00f3s mudan\u00e7as, veja quais servi\u00e7os do INSS s\u00e3o prestados nas ag\u00eancias<\/span><\/p>\n<\/div>\n<p>O Instituto Nacional do Seguro Social <a href=\"https:\/\/catracalivre.com.br\/cidadania\/atencao-bpc-inss-convoca-estes-usuarios-por-telefone-para-pericia\/\">(INSS<\/a>) surpreendeu ao realizar uma convoca\u00e7\u00e3o inesperada para aposentados e pensionistas que enfrentavam uma espera prolongada. Mais de 400 mil segurados aguardavam na fila, sendo que nove mil deles permaneceram na espera por mais de 100 dias. Essa parcela espec\u00edfica foi contemplada com a antecipa\u00e7\u00e3o do Benef\u00edcio de Presta\u00e7\u00e3o Continuada (BPC) para pessoas com defici\u00eancia (PCD).<\/p>\n<h2>Motiva\u00e7\u00e3o da Antecipa\u00e7\u00e3o<\/h2>\n<p>A medida visa aliviar a demora enfrentada por esse grupo espec\u00edfico de segurados, garantindo a antecipa\u00e7\u00e3o do benef\u00edcio para aqueles que esperaram mais de 100 dias na fila. A iniciativa \u00e9 uma resposta \u00e0 necessidade de assegurar o comparecimento dos benefici\u00e1rios \u00e0 per\u00edcia m\u00e9dica, uma etapa essencial para a concess\u00e3o do BPC.<\/p>\n<h2>Como a convoca\u00e7\u00e3o est\u00e1 sendo realizada<\/h2>\n<p>A convoca\u00e7\u00e3o dos benefici\u00e1rios est\u00e1 sendo feita por meio de diversos canais de comunica\u00e7\u00e3o, tornando o processo mais acess\u00edvel. Os canais incluem:<\/p>\n<ul>\n<li><strong>Telefone:<\/strong> Os segurados podem receber a convoca\u00e7\u00e3o ligando para o n\u00famero (11) 2135-0135.<br \/>Aplicativo Meu INSS: Dispon\u00edvel para Android e iOS, o aplicativo Meu INSS \u00e9 uma ferramenta conveniente para receber notifica\u00e7\u00f5es e informa\u00e7\u00f5es sobre a convoca\u00e7\u00e3o.<\/li>\n<li><strong>E-mail:<\/strong> O <a href=\"https:\/\/catracalivre.com.br\/cidadania\/lula-sanciona-lei-para-beneficiar-quem-vai-pedir-auxilio-no-inss\/\">INSS<\/a> envia convoca\u00e7\u00f5es atrav\u00e9s do e-mail noreply@inss.gov.br, proporcionando uma comunica\u00e7\u00e3o eficaz e r\u00e1pida.<\/li>\n<li><strong>Mensagem de Texto (SMS):<\/strong> Mensagens de texto s\u00e3o enviadas pelos n\u00fameros 29230, 27030, 92716 e 28041, oferecendo mais uma op\u00e7\u00e3o de contato.<\/li>\n<\/ul>\n<h2>O que \u00e9 necess\u00e1rio na per\u00edcia m\u00e9dica<\/h2>\n<p>Ao ser notificado sobre a realiza\u00e7\u00e3o da per\u00edcia m\u00e9dica, o segurado deve comparecer ao local designado, munido de todos os documentos m\u00e9dicos que possam auxiliar o perito na avalia\u00e7\u00e3o. Esses documentos incluem:<\/p>\n<ul>\n<li>Atestados m\u00e9dicos;<\/li>\n<li>Resultados de exames;<\/li>\n<li>Laudos m\u00e9dicos;<\/li>\n<li>Receitas;<\/li>\n<li>Outros documentos que comprovem a incapacidade para o trabalho.<\/li>\n<\/ul>\n<p>A antecipa\u00e7\u00e3o do BPC \u00e9 uma medida relevante que visa n\u00e3o apenas agilizar o processo para aqueles que aguardavam h\u00e1 meses, mas tamb\u00e9m garantir que a etapa da per\u00edcia seja cumprida de maneira eficiente. O INSS demonstra, assim, sua preocupa\u00e7\u00e3o em oferecer suporte adequado aos benefici\u00e1rios, especialmente em situa\u00e7\u00f5es que demandam aten\u00e7\u00e3o urgente.<\/p>\n<\/div>\n<p><script>\n\t\t! function(f, b, e, v, n, t, s) {\n\t\t\tif (f.fbq) return;\n\t\t\tn = f.fbq = function() {\n\t\t\t\tn.callMethod ?\n\t\t\t\t\tn.callMethod.apply(n, arguments) : n.queue.push(arguments)\n\t\t\t};\n\t\t\tif (!f._fbq) f._fbq = n;\n\t\t\tn.push = n;\n\t\t\tn.loaded = !0;\n\t\t\tn.version = '2.0';\n\t\t\tn.queue = [];\n\t\t\tt = b.createElement(e);\n\t\t\tt.async = !0;\n\t\t\tt.src = v;\n\t\t\ts = b.getElementsByTagName(e)[0];\n\t\t\ts.parentNode.insertBefore(t, s)\n\t\t}(window, document, 'script',\n\t\t\t'https:\/\/connect.facebook.net\/en_US\/fbevents.js');\n\t\tfbq('init', '338315473262380');\n\t\tfbq('track', 'PageView');\n\t<\/script><br \/>\n<br \/><br \/>\n<br \/><a href=\"https:\/\/catracalivre.com.br\/cidadania\/inss-faz-convocacao-inesperada-a-pensionistas-e-aposentados\/\">Source link <\/a><\/p>\n<div class='code-block code-block-4' style='margin: 8px auto 8px 0; text-align: left; display: block; clear: both;'>\n\ud83d\udce2 Aviso Legal\n\nO site ismaelcolosi.com.br atua apenas como um canal de divulga\u00e7\u00e3o de oportunidades de emprego e n\u00e3o se responsabiliza pelo processo seletivo, contrata\u00e7\u00e3o ou qualquer outra etapa relacionada \u00e0s vagas publicadas. Todas as informa\u00e7\u00f5es s\u00e3o de responsabilidade dos anunciantes.\n\n\u26a0\ufe0f Aten\u00e7\u00e3o! Nunca pague por promessas de emprego nem compre cursos que garantam contrata\u00e7\u00e3o. Desconfie de qualquer cobran\u00e7a para participar de sele\u00e7\u00f5es.\n\n\n\n<\/div>\n<!-- CONTENT END 1 -->\n","protected":false},"excerpt":{"rendered":"<p>Cr\u00e9ditos: Gov.br Ap\u00f3s mudan\u00e7as, veja quais servi\u00e7os do INSS s\u00e3o prestados nas ag\u00eancias O Instituto Nacional do Seguro Social (INSS) surpreendeu ao realizar uma convoca\u00e7\u00e3o&#8230;<\/p>\n","protected":false},"author":1,"featured_media":13377,"comment_status":"open","ping_status":"open","sticky":false,"template":"","format":"standard","meta":{"_uag_custom_page_level_css":"","advanced_seo_description":"","jetpack_seo_html_title":"","jetpack_seo_noindex":false,"jetpack_post_was_ever_published":false,"_jetpack_newsletter_access":"","_jetpack_dont_email_post_to_subs":false,"_jetpack_newsletter_tier_id":0,"_jetpack_memberships_contains_paywalled_content":false,"_jetpack_memberships_contains_paid_content":false,"footnotes":"","jetpack_publicize_message":"","jetpack_publicize_feature_enabled":true,"jetpack_social_post_already_shared":true,"jetpack_social_options":{"image_generator_settings":{"template":"highway","default_image_id":0,"font":"","enabled":false},"version":2}},"categories":[19],"tags":[],"class_list":["post-13376","post","type-post","status-publish","format-standard","has-post-thumbnail","hentry","category-variedades"],"jetpack_publicize_connections":[],"jetpack_featured_media_url":"https:\/\/i0.wp.com\/ismaelcolosi.com.br\/wp-content\/uploads\/2023\/12\/1702180738_a-melhor-noticia-para-quem-aguarda-uma-pericia-no-inss-acaba-de-chegar.jpg?fit=1200%2C638&ssl=1","uagb_featured_image_src":{"full":["https:\/\/i0.wp.com\/ismaelcolosi.com.br\/wp-content\/uploads\/2023\/12\/1702180738_a-melhor-noticia-para-quem-aguarda-uma-pericia-no-inss-acaba-de-chegar.jpg?fit=1200%2C638&ssl=1",1200,638,false],"thumbnail":["https:\/\/i0.wp.com\/ismaelcolosi.com.br\/wp-content\/uploads\/2023\/12\/1702180738_a-melhor-noticia-para-quem-aguarda-uma-pericia-no-inss-acaba-de-chegar.jpg?resize=150%2C150&ssl=1",150,150,true],"medium":["https:\/\/i0.wp.com\/ismaelcolosi.com.br\/wp-content\/uploads\/2023\/12\/1702180738_a-melhor-noticia-para-quem-aguarda-uma-pericia-no-inss-acaba-de-chegar.jpg?fit=300%2C160&ssl=1",300,160,true],"medium_large":["https:\/\/i0.wp.com\/ismaelcolosi.com.br\/wp-content\/uploads\/2023\/12\/1702180738_a-melhor-noticia-para-quem-aguarda-uma-pericia-no-inss-acaba-de-chegar.jpg?fit=768%2C408&ssl=1",768,408,true],"large":["https:\/\/i0.wp.com\/ismaelcolosi.com.br\/wp-content\/uploads\/2023\/12\/1702180738_a-melhor-noticia-para-quem-aguarda-uma-pericia-no-inss-acaba-de-chegar.jpg?fit=1024%2C544&ssl=1",1024,544,true],"1536x1536":["https:\/\/i0.wp.com\/ismaelcolosi.com.br\/wp-content\/uploads\/2023\/12\/1702180738_a-melhor-noticia-para-quem-aguarda-uma-pericia-no-inss-acaba-de-chegar.jpg?fit=1200%2C638&ssl=1",1200,638,true],"2048x2048":["https:\/\/i0.wp.com\/ismaelcolosi.com.br\/wp-content\/uploads\/2023\/12\/1702180738_a-melhor-noticia-para-quem-aguarda-uma-pericia-no-inss-acaba-de-chegar.jpg?fit=1200%2C638&ssl=1",1200,638,true],"really-simple-thumb":["https:\/\/i0.wp.com\/ismaelcolosi.com.br\/wp-content\/uploads\/2023\/12\/1702180738_a-melhor-noticia-para-quem-aguarda-uma-pericia-no-inss-acaba-de-chegar.jpg?resize=370%2C247&ssl=1",370,247,true]},"uagb_author_info":{"display_name":"ismaelcolosi.com.br","author_link":"https:\/\/ismaelcolosi.com.br\/index.php\/author\/vidareal-online\/"},"uagb_comment_info":0,"uagb_excerpt":"Cr\u00e9ditos: Gov.br Ap\u00f3s mudan\u00e7as, veja quais servi\u00e7os do INSS s\u00e3o prestados nas ag\u00eancias O Instituto Nacional do Seguro Social (INSS) surpreendeu ao realizar uma convoca\u00e7\u00e3o...","jetpack-related-posts":[{"id":6387,"url":"https:\/\/ismaelcolosi.com.br\/index.php\/2023\/11\/25\/inss-inova-com-lancamento-do-meu-inss-saiba-mais\/","url_meta":{"origin":13376,"position":0},"title":"INSS inova com lan\u00e7amento do Meu INSS +; saiba mais","author":"ismaelcolosi.com.br","date":"25 de November de 2023","format":false,"excerpt":"Cr\u00e9ditos: Ag\u00eancia BrasilA melhor not\u00edcia para quem quer agilizar a vida pelo INSS O Instituto Nacional do Seguro Social (INSS) inovou este ano ao lan\u00e7ar o Meu INSS +, um clube de vantagens exclusivo para aposentados e pensionistas de todo o Brasil. Com o objetivo de proporcionar benef\u00edcios adicionais aos\u2026","rel":"","context":"In &quot;Variedades&quot;","block_context":{"text":"Variedades","link":"https:\/\/ismaelcolosi.com.br\/index.php\/category\/variedades\/"},"img":{"alt_text":"","src":"https:\/\/i0.wp.com\/ismaelcolosi.com.br\/wp-content\/uploads\/2023\/11\/a-melhor-noticia-para-quem-aguarda-uma-pericia-no-inss-acaba-de-chegar.jpg?fit=1200%2C638&ssl=1&resize=350%2C200","width":350,"height":200,"srcset":"https:\/\/i0.wp.com\/ismaelcolosi.com.br\/wp-content\/uploads\/2023\/11\/a-melhor-noticia-para-quem-aguarda-uma-pericia-no-inss-acaba-de-chegar.jpg?fit=1200%2C638&ssl=1&resize=350%2C200 1x, https:\/\/i0.wp.com\/ismaelcolosi.com.br\/wp-content\/uploads\/2023\/11\/a-melhor-noticia-para-quem-aguarda-uma-pericia-no-inss-acaba-de-chegar.jpg?fit=1200%2C638&ssl=1&resize=525%2C300 1.5x, https:\/\/i0.wp.com\/ismaelcolosi.com.br\/wp-content\/uploads\/2023\/11\/a-melhor-noticia-para-quem-aguarda-uma-pericia-no-inss-acaba-de-chegar.jpg?fit=1200%2C638&ssl=1&resize=700%2C400 2x, https:\/\/i0.wp.com\/ismaelcolosi.com.br\/wp-content\/uploads\/2023\/11\/a-melhor-noticia-para-quem-aguarda-uma-pericia-no-inss-acaba-de-chegar.jpg?fit=1200%2C638&ssl=1&resize=1050%2C600 3x"},"classes":[]},{"id":9855,"url":"https:\/\/ismaelcolosi.com.br\/index.php\/2023\/12\/03\/inss-adota-pericia-digital-entenda\/","url_meta":{"origin":13376,"position":1},"title":"INSS adota per\u00edcia digital; entenda","author":"ismaelcolosi.com.br","date":"3 de December de 2023","format":false,"excerpt":"Cr\u00e9ditos: Gov.brAp\u00f3s mudan\u00e7as, veja quais servi\u00e7os do INSS s\u00e3o prestados nas ag\u00eancias O Instituto Nacional do Seguro Social (INSS) deu mais um passo rumo \u00e0 moderniza\u00e7\u00e3o de seus servi\u00e7os ao implementar a per\u00edcia digital, proporcionando aos segurados a possibilidade de solicitar benef\u00edcios por incapacidade tempor\u00e1ria de maneira totalmente online. A\u2026","rel":"","context":"In &quot;Variedades&quot;","block_context":{"text":"Variedades","link":"https:\/\/ismaelcolosi.com.br\/index.php\/category\/variedades\/"},"img":{"alt_text":"","src":"https:\/\/i0.wp.com\/ismaelcolosi.com.br\/wp-content\/uploads\/2023\/12\/fotos-catraca-2023-11-30t121633253.png?fit=1200%2C638&ssl=1&resize=350%2C200","width":350,"height":200,"srcset":"https:\/\/i0.wp.com\/ismaelcolosi.com.br\/wp-content\/uploads\/2023\/12\/fotos-catraca-2023-11-30t121633253.png?fit=1200%2C638&ssl=1&resize=350%2C200 1x, https:\/\/i0.wp.com\/ismaelcolosi.com.br\/wp-content\/uploads\/2023\/12\/fotos-catraca-2023-11-30t121633253.png?fit=1200%2C638&ssl=1&resize=525%2C300 1.5x, https:\/\/i0.wp.com\/ismaelcolosi.com.br\/wp-content\/uploads\/2023\/12\/fotos-catraca-2023-11-30t121633253.png?fit=1200%2C638&ssl=1&resize=700%2C400 2x, https:\/\/i0.wp.com\/ismaelcolosi.com.br\/wp-content\/uploads\/2023\/12\/fotos-catraca-2023-11-30t121633253.png?fit=1200%2C638&ssl=1&resize=1050%2C600 3x"},"classes":[]},{"id":8681,"url":"https:\/\/ismaelcolosi.com.br\/index.php\/2023\/11\/30\/voce-nao-precisa-sair-de-casa-para-consultar-este-beneficio-do-inss\/","url_meta":{"origin":13376,"position":2},"title":"Voc\u00ea n\u00e3o precisa sair de casa para consultar este benef\u00edcio do INSS","author":"ismaelcolosi.com.br","date":"30 de November de 2023","format":false,"excerpt":"Cr\u00e9ditos: Depositphotos\/rmcarvalhobsbVeja como consultar o extrato do INSS Diante da crescente demanda por informa\u00e7\u00f5es relacionadas ao Instituto Nacional do Seguro Social (INSS), \u00e9 importante estar ciente de como realizar consultas como, por exemplo, a do extrato do INSS. Dessa forma, os segurados podem ter um controle efetivo de seus benef\u00edcios.\u2026","rel":"","context":"In &quot;Variedades&quot;","block_context":{"text":"Variedades","link":"https:\/\/ismaelcolosi.com.br\/index.php\/category\/variedades\/"},"img":{"alt_text":"","src":"https:\/\/i0.wp.com\/ismaelcolosi.com.br\/wp-content\/uploads\/2023\/11\/depositphotos-652081062-xl-scaled.jpg?fit=1200%2C638&ssl=1&resize=350%2C200","width":350,"height":200,"srcset":"https:\/\/i0.wp.com\/ismaelcolosi.com.br\/wp-content\/uploads\/2023\/11\/depositphotos-652081062-xl-scaled.jpg?fit=1200%2C638&ssl=1&resize=350%2C200 1x, https:\/\/i0.wp.com\/ismaelcolosi.com.br\/wp-content\/uploads\/2023\/11\/depositphotos-652081062-xl-scaled.jpg?fit=1200%2C638&ssl=1&resize=525%2C300 1.5x, https:\/\/i0.wp.com\/ismaelcolosi.com.br\/wp-content\/uploads\/2023\/11\/depositphotos-652081062-xl-scaled.jpg?fit=1200%2C638&ssl=1&resize=700%2C400 2x, https:\/\/i0.wp.com\/ismaelcolosi.com.br\/wp-content\/uploads\/2023\/11\/depositphotos-652081062-xl-scaled.jpg?fit=1200%2C638&ssl=1&resize=1050%2C600 3x"},"classes":[]},{"id":6864,"url":"https:\/\/ismaelcolosi.com.br\/index.php\/2023\/11\/27\/aposentados-e-pensionistas-do-inss-recebem-valor-extra\/","url_meta":{"origin":13376,"position":3},"title":"Aposentados e pensionistas do INSS recebem valor extra","author":"ismaelcolosi.com.br","date":"27 de November de 2023","format":false,"excerpt":"Boa not\u00edcia para quem recebe pelo INSS Aposentados e pensionistas do Instituto Nacional do Seguro Social (INSS) t\u00eam uma not\u00edcia positiva neste m\u00eas: a libera\u00e7\u00e3o de um valor extra em suas contas, fruto de uma decis\u00e3o do Conselho da Justi\u00e7a Federal (CJF). A quantia de R$ 2,1 bilh\u00f5es foi destinada\u2026","rel":"","context":"In &quot;Variedades&quot;","block_context":{"text":"Variedades","link":"https:\/\/ismaelcolosi.com.br\/index.php\/category\/variedades\/"},"img":{"alt_text":"","src":"https:\/\/i0.wp.com\/ismaelcolosi.com.br\/wp-content\/uploads\/2023\/11\/1701078178_inss-dispensa-pericia-medica-para-auxilio-doenca-entenda-1.jpg?fit=1200%2C638&ssl=1&resize=350%2C200","width":350,"height":200,"srcset":"https:\/\/i0.wp.com\/ismaelcolosi.com.br\/wp-content\/uploads\/2023\/11\/1701078178_inss-dispensa-pericia-medica-para-auxilio-doenca-entenda-1.jpg?fit=1200%2C638&ssl=1&resize=350%2C200 1x, https:\/\/i0.wp.com\/ismaelcolosi.com.br\/wp-content\/uploads\/2023\/11\/1701078178_inss-dispensa-pericia-medica-para-auxilio-doenca-entenda-1.jpg?fit=1200%2C638&ssl=1&resize=525%2C300 1.5x, https:\/\/i0.wp.com\/ismaelcolosi.com.br\/wp-content\/uploads\/2023\/11\/1701078178_inss-dispensa-pericia-medica-para-auxilio-doenca-entenda-1.jpg?fit=1200%2C638&ssl=1&resize=700%2C400 2x, https:\/\/i0.wp.com\/ismaelcolosi.com.br\/wp-content\/uploads\/2023\/11\/1701078178_inss-dispensa-pericia-medica-para-auxilio-doenca-entenda-1.jpg?fit=1200%2C638&ssl=1&resize=1050%2C600 3x"},"classes":[]},{"id":13370,"url":"https:\/\/ismaelcolosi.com.br\/index.php\/2023\/12\/10\/inss-convoca-beneficiarios-por-telefone\/","url_meta":{"origin":13376,"position":4},"title":"INSS convoca benefici\u00e1rios por telefone","author":"ismaelcolosi.com.br","date":"10 de December de 2023","format":false,"excerpt":"Cr\u00e9ditos: Depositphotos\/rmcarvalhobsbVeja como consultar o extrato do INSS Em um movimento inovador, o INSS est\u00e1 adotando uma abordagem proativa ao ligar para benefici\u00e1rios, convidando-os a antecipar a aprova\u00e7\u00e3o de seus benef\u00edcios. Essa iniciativa vem em um momento crucial, no final de 2023, e \u00e9 essencial que os brasileiros compreendam como\u2026","rel":"","context":"In &quot;Variedades&quot;","block_context":{"text":"Variedades","link":"https:\/\/ismaelcolosi.com.br\/index.php\/category\/variedades\/"},"img":{"alt_text":"","src":"https:\/\/i0.wp.com\/ismaelcolosi.com.br\/wp-content\/uploads\/2023\/12\/1702177746_fotos-catraca-2023-11-30t121633253.png?fit=1200%2C638&ssl=1&resize=350%2C200","width":350,"height":200,"srcset":"https:\/\/i0.wp.com\/ismaelcolosi.com.br\/wp-content\/uploads\/2023\/12\/1702177746_fotos-catraca-2023-11-30t121633253.png?fit=1200%2C638&ssl=1&resize=350%2C200 1x, https:\/\/i0.wp.com\/ismaelcolosi.com.br\/wp-content\/uploads\/2023\/12\/1702177746_fotos-catraca-2023-11-30t121633253.png?fit=1200%2C638&ssl=1&resize=525%2C300 1.5x, https:\/\/i0.wp.com\/ismaelcolosi.com.br\/wp-content\/uploads\/2023\/12\/1702177746_fotos-catraca-2023-11-30t121633253.png?fit=1200%2C638&ssl=1&resize=700%2C400 2x, https:\/\/i0.wp.com\/ismaelcolosi.com.br\/wp-content\/uploads\/2023\/12\/1702177746_fotos-catraca-2023-11-30t121633253.png?fit=1200%2C638&ssl=1&resize=1050%2C600 3x"},"classes":[]},{"id":34558,"url":"https:\/\/ismaelcolosi.com.br\/index.php\/2024\/02\/02\/inss-convoca-43-milhoes-de-pessoas-para-fazer-prova-de-vida\/","url_meta":{"origin":13376,"position":5},"title":"INSS convoca 4,3 milh\u00f5es de pessoas para fazer prova de vida","author":"ismaelcolosi.com.br","date":"2 de February de 2024","format":false,"excerpt":"2 de fevereiro de 2024 | 13:302 de fevereiro de 2024 | 10:46 0O Instituto Nacional do Seguro Social (INSS) convocar\u00e1 4,3 milh\u00f5es de aposentados, pensionistas e benefici\u00e1rios de aux\u00edlios de longa dura\u00e7\u00e3o para fazer a prova de vida anual. Desde o in\u00edcio de 2023 que cabe ao instituto comprovar\u2026","rel":"","context":"In &quot;Not\u00edcias de Ribeir\u00e3o Preto-SP e Regi\u00e3o&quot;","block_context":{"text":"Not\u00edcias de Ribeir\u00e3o Preto-SP e Regi\u00e3o","link":"https:\/\/ismaelcolosi.com.br\/index.php\/category\/noticias-de-ribeirao-preto-sp-e-regiao-ismael-colosi\/"},"img":{"alt_text":"","src":"https:\/\/i0.wp.com\/ismaelcolosi.com.br\/wp-content\/uploads\/2024\/02\/846e8be0-b7fa-480c-bc49-9fa59b7a79f8-scaled.jpg?fit=1000%2C598&ssl=1&resize=350%2C200","width":350,"height":200,"srcset":"https:\/\/i0.wp.com\/ismaelcolosi.com.br\/wp-content\/uploads\/2024\/02\/846e8be0-b7fa-480c-bc49-9fa59b7a79f8-scaled.jpg?fit=1000%2C598&ssl=1&resize=350%2C200 1x, https:\/\/i0.wp.com\/ismaelcolosi.com.br\/wp-content\/uploads\/2024\/02\/846e8be0-b7fa-480c-bc49-9fa59b7a79f8-scaled.jpg?fit=1000%2C598&ssl=1&resize=525%2C300 1.5x, https:\/\/i0.wp.com\/ismaelcolosi.com.br\/wp-content\/uploads\/2024\/02\/846e8be0-b7fa-480c-bc49-9fa59b7a79f8-scaled.jpg?fit=1000%2C598&ssl=1&resize=700%2C400 2x"},"classes":[]}],"jetpack_sharing_enabled":true,"jetpack_shortlink":"https:\/\/wp.me\/pfMlyK-3tK","_links":{"self":[{"href":"https:\/\/ismaelcolosi.com.br\/index.php\/wp-json\/wp\/v2\/posts\/13376","targetHints":{"allow":["GET"]}}],"collection":[{"href":"https:\/\/ismaelcolosi.com.br\/index.php\/wp-json\/wp\/v2\/posts"}],"about":[{"href":"https:\/\/ismaelcolosi.com.br\/index.php\/wp-json\/wp\/v2\/types\/post"}],"author":[{"embeddable":true,"href":"https:\/\/ismaelcolosi.com.br\/index.php\/wp-json\/wp\/v2\/users\/1"}],"replies":[{"embeddable":true,"href":"https:\/\/ismaelcolosi.com.br\/index.php\/wp-json\/wp\/v2\/comments?post=13376"}],"version-history":[{"count":0,"href":"https:\/\/ismaelcolosi.com.br\/index.php\/wp-json\/wp\/v2\/posts\/13376\/revisions"}],"wp:featuredmedia":[{"embeddable":true,"href":"https:\/\/ismaelcolosi.com.br\/index.php\/wp-json\/wp\/v2\/media\/13377"}],"wp:attachment":[{"href":"https:\/\/ismaelcolosi.com.br\/index.php\/wp-json\/wp\/v2\/media?parent=13376"}],"wp:term":[{"taxonomy":"category","embeddable":true,"href":"https:\/\/ismaelcolosi.com.br\/index.php\/wp-json\/wp\/v2\/categories?post=13376"},{"taxonomy":"post_tag","embeddable":true,"href":"https:\/\/ismaelcolosi.com.br\/index.php\/wp-json\/wp\/v2\/tags?post=13376"}],"curies":[{"name":"wp","href":"https:\/\/api.w.org\/{rel}","templated":true}]}}