{"id":13359,"date":"2023-12-09T22:57:09","date_gmt":"2023-12-10T01:57:09","guid":{"rendered":"https:\/\/ismaelcolosi.com.br\/index.php\/2023\/12\/09\/tristeza-pode-levar-ao-desenvolvimento-de-cancer\/"},"modified":"2023-12-09T22:57:09","modified_gmt":"2023-12-10T01:57:09","slug":"tristeza-pode-levar-ao-desenvolvimento-de-cancer","status":"publish","type":"post","link":"https:\/\/ismaelcolosi.com.br\/index.php\/2023\/12\/09\/tristeza-pode-levar-ao-desenvolvimento-de-cancer\/","title":{"rendered":"Tristeza pode levar ao desenvolvimento de c\u00e2ncer?"},"content":{"rendered":"<p> <br \/>\n<\/p>\n<div>\n<div id=\"attachment_2321802\" class=\"wp-caption alignnone\">\n<div class=\"d-flex justify-content-center\" data-attachment-id=\"2321802\">\n<div class=\"position-relative d-inline-block\"><img data-recalc-dims=\"1\" data-portal-copyright=\"Getty Images\" fetchpriority=\"high\" decoding=\"async\" class=\"wp-image-2321802 size-full\" src=\"https:\/\/i0.wp.com\/catracalivre.com.br\/wp-content\/uploads\/2023\/12\/istock-1321258462.jpg?resize=1255%2C835&#038;ssl=1\" alt=\"A pesquisa d\u00e1 um desfecho \u00e0 hip\u00f3tese de que doen\u00e7as mentais caracterizadas pela triste podem levar ao desenvolvimento de c\u00e2ncer \u2013 iStock\/Getty Images\" width=\"1255\" height=\"835\" srcset=\"https:\/\/catracalivre.com.br\/wp-content\/uploads\/2023\/12\/istock-1321258462.jpg 1255w, https:\/\/catracalivre.com.br\/wp-content\/uploads\/2023\/12\/istock-1321258462-450x299.jpg 450w, https:\/\/catracalivre.com.br\/wp-content\/uploads\/2023\/12\/istock-1321258462-768x511.jpg 768w\" sizes=\"(max-width: 1255px) 100vw, 1255px\"\/><\/p>\n<p>Cr\u00e9ditos: Getty Images<\/p>\n<\/div>\n<\/div>\n<p><span class=\"post-imagem__legenda\">A pesquisa d\u00e1 um desfecho \u00e0 hip\u00f3tese de que doen\u00e7as mentais caracterizadas pela triste podem levar ao desenvolvimento de c\u00e2ncer \u2013 iStock\/Getty Images<\/span><\/p>\n<\/div>\n<p>Depress\u00e3o, ansiedade ou qualquer tipo de tristeza podem aumentar significativamente o risco de desenvolvimento de c\u00e2ncer, aponta novo estudo baseado em dados de mais de 300 mil pessoas na Europa. A pesquisa d\u00e1 um desfecho \u00e0 hip\u00f3tese de que<strong><a href=\"https:\/\/catracalivre.com.br\/saude-bem-estar\/transtorno-mental-empreendedores\/\" target=\"_blank\" rel=\"noopener\"> transtorno mental<\/a><\/strong> pode levar ao desenvolvimento de c\u00e2ncer.<\/p>\n<p>Publicado na revista cient\u00edfica Cancer, da Sociedade Americana de C\u00e2ncer, o trabalho tem autoria de especialistas da <strong><a href=\"https:\/\/www.umcg.nl\/\" target=\"_blank\" rel=\"noopener\">University Medical Center Groningen (UMCG)<\/a><\/strong>, na Holanda.<\/p>\n<p>Para entender a poss\u00edvel rela\u00e7\u00e3o, o estudo acompanhou cidad\u00e3os da Holanda, Reino Unido, Noruega e Canad\u00e1 ao longo de 26 anos, com o intuito de investigar qualquer v\u00ednculo entre transtornos mentais e o desenvolvimento de c\u00e2ncer.<\/p>\n<h2>Qual a rela\u00e7\u00e3o entre tristeza e o c\u00e2ncer?<\/h2>\n<p>A conclus\u00e3o central desse estudo \u00e9 que pessoas que enfrentaram depress\u00e3o ou ansiedade n\u00e3o demonstraram um risco significativamente maior de desenvolver tumores.\u00a0\u201cN\u00e3o encontramos evid\u00eancias de associa\u00e7\u00e3o entre depress\u00e3o ou ansiedade e incid\u00eancia geral de c\u00e2ncer\u201d, afirmaram os autores na publica\u00e7\u00e3o.<\/p>\n<p>Al\u00e9m disso, dos 320 mil adultos analisados, 25 mil tiveram algum tipo de c\u00e2ncer, mas o diagn\u00f3stico n\u00e3o estava relacionado a sa\u00fade mental.<\/p>\n<p>J\u00e1 em rela\u00e7\u00e3o ao c\u00e2ncer de pulm\u00e3o, foi observado um leve aumento no risco. No entanto, os cientistas explicam que isso pode estar ligado a outros fatores presentes nesses pacientes, como tabagismo, consumo excessivo de \u00e1lcool e sobrepeso.\u00a0\u201cNossos resultados trazem al\u00edvio para muitos pacientes de c\u00e2ncer que acreditavam que seu diagn\u00f3stico poderia ser associado a epis\u00f3dios anteriores de ansiedade ou depress\u00e3o\u201d, explicou Lonneke van Tuijil, uma das autoras do estudo.<\/p>\n<p>Assim, o estudo proporciona uma vis\u00e3o mais clara e precisa sobre a interse\u00e7\u00e3o entre sa\u00fade mental e c\u00e2ncer, fornecendo conforto e tranquilidade para aqueles que enfrentam desafios nessas \u00e1reas.<\/p>\n<\/div>\n<p><script>\n\t\t! function(f, b, e, v, n, t, s) {\n\t\t\tif (f.fbq) return;\n\t\t\tn = f.fbq = function() {\n\t\t\t\tn.callMethod ?\n\t\t\t\t\tn.callMethod.apply(n, arguments) : n.queue.push(arguments)\n\t\t\t};\n\t\t\tif (!f._fbq) f._fbq = n;\n\t\t\tn.push = n;\n\t\t\tn.loaded = !0;\n\t\t\tn.version = '2.0';\n\t\t\tn.queue = [];\n\t\t\tt = b.createElement(e);\n\t\t\tt.async = !0;\n\t\t\tt.src = v;\n\t\t\ts = b.getElementsByTagName(e)[0];\n\t\t\ts.parentNode.insertBefore(t, s)\n\t\t}(window, document, 'script',\n\t\t\t'https:\/\/connect.facebook.net\/en_US\/fbevents.js');\n\t\tfbq('init', '338315473262380');\n\t\tfbq('track', 'PageView');\n\t<\/script><br \/>\n<br \/><br \/>\n<br \/><a href=\"https:\/\/catracalivre.com.br\/saude-bem-estar\/tristeza-pode-levar-ao-desenvolvimento-de-cancer-estudo-responde\/\">Source link <\/a><\/p>\n<div class='code-block code-block-4' style='margin: 8px auto 8px 0; text-align: left; display: block; clear: both;'>\n\ud83d\udce2 Aviso Legal\n\nO site ismaelcolosi.com.br atua apenas como um canal de divulga\u00e7\u00e3o de oportunidades de emprego e n\u00e3o se responsabiliza pelo processo seletivo, contrata\u00e7\u00e3o ou qualquer outra etapa relacionada \u00e0s vagas publicadas. Todas as informa\u00e7\u00f5es s\u00e3o de responsabilidade dos anunciantes.\n\n\u26a0\ufe0f Aten\u00e7\u00e3o! Nunca pague por promessas de emprego nem compre cursos que garantam contrata\u00e7\u00e3o. Desconfie de qualquer cobran\u00e7a para participar de sele\u00e7\u00f5es.\n\n\n\n<\/div>\n<!-- CONTENT END 1 -->\n","protected":false},"excerpt":{"rendered":"<p>Cr\u00e9ditos: Getty Images A pesquisa d\u00e1 um desfecho \u00e0 hip\u00f3tese de que doen\u00e7as mentais caracterizadas pela triste podem levar ao desenvolvimento de c\u00e2ncer \u2013 iStock\/Getty&#8230;<\/p>\n","protected":false},"author":1,"featured_media":13360,"comment_status":"open","ping_status":"open","sticky":false,"template":"","format":"standard","meta":{"_uag_custom_page_level_css":"","advanced_seo_description":"","jetpack_seo_html_title":"","jetpack_seo_noindex":false,"jetpack_post_was_ever_published":false,"_jetpack_newsletter_access":"","_jetpack_dont_email_post_to_subs":false,"_jetpack_newsletter_tier_id":0,"_jetpack_memberships_contains_paywalled_content":false,"_jetpack_memberships_contains_paid_content":false,"footnotes":"","jetpack_publicize_message":"","jetpack_publicize_feature_enabled":true,"jetpack_social_post_already_shared":true,"jetpack_social_options":{"image_generator_settings":{"template":"highway","default_image_id":0,"font":"","enabled":false},"version":2}},"categories":[19],"tags":[],"class_list":["post-13359","post","type-post","status-publish","format-standard","has-post-thumbnail","hentry","category-variedades"],"jetpack_publicize_connections":[],"jetpack_featured_media_url":"https:\/\/i0.wp.com\/ismaelcolosi.com.br\/wp-content\/uploads\/2023\/12\/istock-1321258462.jpg?fit=1200%2C638&ssl=1","uagb_featured_image_src":{"full":["https:\/\/i0.wp.com\/ismaelcolosi.com.br\/wp-content\/uploads\/2023\/12\/istock-1321258462.jpg?fit=1200%2C638&ssl=1",1200,638,false],"thumbnail":["https:\/\/i0.wp.com\/ismaelcolosi.com.br\/wp-content\/uploads\/2023\/12\/istock-1321258462.jpg?resize=150%2C150&ssl=1",150,150,true],"medium":["https:\/\/i0.wp.com\/ismaelcolosi.com.br\/wp-content\/uploads\/2023\/12\/istock-1321258462.jpg?fit=300%2C160&ssl=1",300,160,true],"medium_large":["https:\/\/i0.wp.com\/ismaelcolosi.com.br\/wp-content\/uploads\/2023\/12\/istock-1321258462.jpg?fit=768%2C408&ssl=1",768,408,true],"large":["https:\/\/i0.wp.com\/ismaelcolosi.com.br\/wp-content\/uploads\/2023\/12\/istock-1321258462.jpg?fit=1024%2C544&ssl=1",1024,544,true],"1536x1536":["https:\/\/i0.wp.com\/ismaelcolosi.com.br\/wp-content\/uploads\/2023\/12\/istock-1321258462.jpg?fit=1200%2C638&ssl=1",1200,638,true],"2048x2048":["https:\/\/i0.wp.com\/ismaelcolosi.com.br\/wp-content\/uploads\/2023\/12\/istock-1321258462.jpg?fit=1200%2C638&ssl=1",1200,638,true],"really-simple-thumb":["https:\/\/i0.wp.com\/ismaelcolosi.com.br\/wp-content\/uploads\/2023\/12\/istock-1321258462.jpg?resize=370%2C247&ssl=1",370,247,true]},"uagb_author_info":{"display_name":"ismaelcolosi.com.br","author_link":"https:\/\/ismaelcolosi.com.br\/index.php\/author\/vidareal-online\/"},"uagb_comment_info":0,"uagb_excerpt":"Cr\u00e9ditos: Getty Images A pesquisa d\u00e1 um desfecho \u00e0 hip\u00f3tese de que doen\u00e7as mentais caracterizadas pela triste podem levar ao desenvolvimento de c\u00e2ncer \u2013 iStock\/Getty...","jetpack-related-posts":[{"id":53408,"url":"https:\/\/ismaelcolosi.com.br\/index.php\/2024\/06\/16\/saiba-tudo-sobre-o-show-gratuito-do-soweto-em-ribeirao-preto\/","url_meta":{"origin":13359,"position":0},"title":"Saiba tudo sobre o show gratuito do Soweto em Ribeir\u00e3o Preto","author":"ismaelcolosi.com.br","date":"16 de June de 2024","format":false,"excerpt":"A apresenta\u00e7\u00e3o musical do grupo de pagode, Soweto \u201cShow 20 e poucos anos\u201d, em Ribeir\u00e3o Preto, est\u00e1 marcada para esta quarta-feira (19), data em que a cidade comemora 168 anos. O evento, que \u00e9 gratuito, acontecer\u00e1 no Morro do S\u00e3o Bento \/ estacionamento do Teatro Municipal. Apesar de ter a\u2026","rel":"","context":"In &quot;Not\u00edcias de Ribeir\u00e3o Preto-SP e Regi\u00e3o&quot;","block_context":{"text":"Not\u00edcias de Ribeir\u00e3o Preto-SP e Regi\u00e3o","link":"https:\/\/ismaelcolosi.com.br\/index.php\/category\/noticias-de-ribeirao-preto-sp-e-regiao-ismael-colosi\/"},"img":{"alt_text":"","src":"https:\/\/i0.wp.com\/ismaelcolosi.com.br\/wp-content\/uploads\/2024\/05\/soweto_2024-04-13-12-21-45_2024-05-29_18-49-52_jpg_2024-05-29_18-49-52.webp.webp?fit=760%2C428&ssl=1&resize=350%2C200","width":350,"height":200,"srcset":"https:\/\/i0.wp.com\/ismaelcolosi.com.br\/wp-content\/uploads\/2024\/05\/soweto_2024-04-13-12-21-45_2024-05-29_18-49-52_jpg_2024-05-29_18-49-52.webp.webp?fit=760%2C428&ssl=1&resize=350%2C200 1x, https:\/\/i0.wp.com\/ismaelcolosi.com.br\/wp-content\/uploads\/2024\/05\/soweto_2024-04-13-12-21-45_2024-05-29_18-49-52_jpg_2024-05-29_18-49-52.webp.webp?fit=760%2C428&ssl=1&resize=525%2C300 1.5x, https:\/\/i0.wp.com\/ismaelcolosi.com.br\/wp-content\/uploads\/2024\/05\/soweto_2024-04-13-12-21-45_2024-05-29_18-49-52_jpg_2024-05-29_18-49-52.webp.webp?fit=760%2C428&ssl=1&resize=700%2C400 2x"},"classes":[]},{"id":52268,"url":"https:\/\/ismaelcolosi.com.br\/index.php\/2024\/06\/05\/joao-rock-o-que-pode-ou-nao-levar-ao-festival-em-ribeirao-preto-veja-a-lista\/","url_meta":{"origin":13359,"position":1},"title":"Jo\u00e3o Rock: O que pode ou n\u00e3o levar ao festival em Ribeir\u00e3o Preto? Veja a lista","author":"ismaelcolosi.com.br","date":"5 de June de 2024","format":false,"excerpt":"A 21\u00aa edi\u00e7\u00e3o do Jo\u00e3o Rock acontece neste s\u00e1bado (8), no Parque Permanente de Exposi\u00e7\u00f5es, em Ribeir\u00e3o Preto. S\u00e3o mais de 30 atra\u00e7\u00f5es da m\u00fasica nacional em quatro palcos, al\u00e9m de diferentes manifesta\u00e7\u00f5es art\u00edsticas, esportes radicais e a\u00e7\u00f5es interativas. No dia do evento \u00e9 obrigat\u00f3rio estar com a pulseira Jo\u00e3o\u2026","rel":"","context":"In &quot;Not\u00edcias de Ribeir\u00e3o Preto-SP e Regi\u00e3o&quot;","block_context":{"text":"Not\u00edcias de Ribeir\u00e3o Preto-SP e Regi\u00e3o","link":"https:\/\/ismaelcolosi.com.br\/index.php\/category\/noticias-de-ribeirao-preto-sp-e-regiao-ismael-colosi\/"},"img":{"alt_text":"","src":"https:\/\/i0.wp.com\/ismaelcolosi.com.br\/wp-content\/uploads\/2024\/06\/joao-rock-palco-principal_2024-06-05_11-47-29_jpeg_2024-06-05_11-47-30.webp.webp?fit=1200%2C800&ssl=1&resize=350%2C200","width":350,"height":200,"srcset":"https:\/\/i0.wp.com\/ismaelcolosi.com.br\/wp-content\/uploads\/2024\/06\/joao-rock-palco-principal_2024-06-05_11-47-29_jpeg_2024-06-05_11-47-30.webp.webp?fit=1200%2C800&ssl=1&resize=350%2C200 1x, https:\/\/i0.wp.com\/ismaelcolosi.com.br\/wp-content\/uploads\/2024\/06\/joao-rock-palco-principal_2024-06-05_11-47-29_jpeg_2024-06-05_11-47-30.webp.webp?fit=1200%2C800&ssl=1&resize=525%2C300 1.5x, https:\/\/i0.wp.com\/ismaelcolosi.com.br\/wp-content\/uploads\/2024\/06\/joao-rock-palco-principal_2024-06-05_11-47-29_jpeg_2024-06-05_11-47-30.webp.webp?fit=1200%2C800&ssl=1&resize=700%2C400 2x, https:\/\/i0.wp.com\/ismaelcolosi.com.br\/wp-content\/uploads\/2024\/06\/joao-rock-palco-principal_2024-06-05_11-47-29_jpeg_2024-06-05_11-47-30.webp.webp?fit=1200%2C800&ssl=1&resize=1050%2C600 3x"},"classes":[]},{"id":52178,"url":"https:\/\/ismaelcolosi.com.br\/index.php\/2024\/06\/04\/vai-curtir-o-joao-rock-veja-o-que-pode-e-o-que-nao-pode-levar-no-festival\/","url_meta":{"origin":13359,"position":2},"title":"Vai curtir o Jo\u00e3o Rock? Veja o que pode e o que n\u00e3o pode levar\u00a0no festival","author":"ismaelcolosi.com.br","date":"4 de June de 2024","format":false,"excerpt":"A 21\u00aa edi\u00e7\u00e3o do Jo\u00e3o Rock acontece neste s\u00e1bado (7), no Parque Permanente de Exposi\u00e7\u00f5es, em Ribeir\u00e3o Preto. A expectativa da organiza\u00e7\u00e3o \u00e9 receber mais de 70 mil pessoas, em um espa\u00e7o de 200 mil metros quadrados. O evento re\u00fane grandes nomes da m\u00fasica nacional, al\u00e9m de diferentes manifesta\u00e7\u00f5es art\u00edsticas,\u2026","rel":"","context":"In &quot;Not\u00edcias de Ribeir\u00e3o Preto-SP e Regi\u00e3o&quot;","block_context":{"text":"Not\u00edcias de Ribeir\u00e3o Preto-SP e Regi\u00e3o","link":"https:\/\/ismaelcolosi.com.br\/index.php\/category\/noticias-de-ribeirao-preto-sp-e-regiao-ismael-colosi\/"},"img":{"alt_text":"","src":"https:\/\/i0.wp.com\/ismaelcolosi.com.br\/wp-content\/uploads\/2024\/06\/d9ec263333bb7b36a20d713242c47e2d_2024-06-04_18-13-53_jpeg_2024-06-04_18-13-53.webp.webp?fit=800%2C533&ssl=1&resize=350%2C200","width":350,"height":200,"srcset":"https:\/\/i0.wp.com\/ismaelcolosi.com.br\/wp-content\/uploads\/2024\/06\/d9ec263333bb7b36a20d713242c47e2d_2024-06-04_18-13-53_jpeg_2024-06-04_18-13-53.webp.webp?fit=800%2C533&ssl=1&resize=350%2C200 1x, https:\/\/i0.wp.com\/ismaelcolosi.com.br\/wp-content\/uploads\/2024\/06\/d9ec263333bb7b36a20d713242c47e2d_2024-06-04_18-13-53_jpeg_2024-06-04_18-13-53.webp.webp?fit=800%2C533&ssl=1&resize=525%2C300 1.5x, https:\/\/i0.wp.com\/ismaelcolosi.com.br\/wp-content\/uploads\/2024\/06\/d9ec263333bb7b36a20d713242c47e2d_2024-06-04_18-13-53_jpeg_2024-06-04_18-13-53.webp.webp?fit=800%2C533&ssl=1&resize=700%2C400 2x"},"classes":[]},{"id":50251,"url":"https:\/\/ismaelcolosi.com.br\/index.php\/2024\/05\/15\/policia-investiga-se-jovem-morreu-apos-levar-choque-ao-encostar-em-poste-no-interior-de-sp\/","url_meta":{"origin":13359,"position":3},"title":"Pol\u00edcia investiga se jovem morreu ap\u00f3s levar choque ao encostar em poste no interior de SP","author":"ismaelcolosi.com.br","date":"15 de May de 2024","format":false,"excerpt":"A Pol\u00edcia Civil investiga se um choque el\u00e9trico causou a morte de um adolescente de 14 anos na noite desta ter\u00e7a-feira (14), no bairro Vida Nova, em Barretos, cidade a aproximadamente 130 quil\u00f4metros de Ribeir\u00e3o Preto. Segundo o boletim de ocorr\u00eancia (BO), a v\u00edtima, identificada como Carlos Eduardo Viana Serafim,\u2026","rel":"","context":"In &quot;Not\u00edcias de Ribeir\u00e3o Preto-SP e Regi\u00e3o&quot;","block_context":{"text":"Not\u00edcias de Ribeir\u00e3o Preto-SP e Regi\u00e3o","link":"https:\/\/ismaelcolosi.com.br\/index.php\/category\/noticias-de-ribeirao-preto-sp-e-regiao-ismael-colosi\/"},"img":{"alt_text":"","src":"https:\/\/i0.wp.com\/ismaelcolosi.com.br\/wp-content\/uploads\/2024\/05\/MORTE-CHOQUE_2024-05-15_14-27-37_jpg_2024-05-15_14-27-37.webp.webp?fit=1200%2C721&ssl=1&resize=350%2C200","width":350,"height":200,"srcset":"https:\/\/i0.wp.com\/ismaelcolosi.com.br\/wp-content\/uploads\/2024\/05\/MORTE-CHOQUE_2024-05-15_14-27-37_jpg_2024-05-15_14-27-37.webp.webp?fit=1200%2C721&ssl=1&resize=350%2C200 1x, https:\/\/i0.wp.com\/ismaelcolosi.com.br\/wp-content\/uploads\/2024\/05\/MORTE-CHOQUE_2024-05-15_14-27-37_jpg_2024-05-15_14-27-37.webp.webp?fit=1200%2C721&ssl=1&resize=525%2C300 1.5x, https:\/\/i0.wp.com\/ismaelcolosi.com.br\/wp-content\/uploads\/2024\/05\/MORTE-CHOQUE_2024-05-15_14-27-37_jpg_2024-05-15_14-27-37.webp.webp?fit=1200%2C721&ssl=1&resize=700%2C400 2x, https:\/\/i0.wp.com\/ismaelcolosi.com.br\/wp-content\/uploads\/2024\/05\/MORTE-CHOQUE_2024-05-15_14-27-37_jpg_2024-05-15_14-27-37.webp.webp?fit=1200%2C721&ssl=1&resize=1050%2C600 3x"},"classes":[]},{"id":41594,"url":"https:\/\/ismaelcolosi.com.br\/index.php\/2024\/03\/09\/jao-em-ribeirao-preto-confira-o-que-pode-ou-nao-levar-ao-show-neste-sabado\/","url_meta":{"origin":13359,"position":4},"title":"J\u00e3o em Ribeir\u00e3o Preto: Confira o que pode ou n\u00e3o levar ao show neste s\u00e1bado","author":"ismaelcolosi.com.br","date":"9 de March de 2024","format":false,"excerpt":"O cantor J\u00e3o se apresenta em Ribeir\u00e3o Preto na noite deste s\u00e1bado (9), a partir das 20h30, no Est\u00e1dio Palma Travassos (Comercial). Os port\u00f5es est\u00e3o previstos para abrir a partir das 18h e ainda h\u00e1 ingressos dispon\u00edveis (clique aqui). O artista chega a Ribeir\u00e3o com o show da \u201cSuperturn\u00ea\u201d. O\u2026","rel":"","context":"In &quot;Not\u00edcias de Ribeir\u00e3o Preto-SP e Regi\u00e3o&quot;","block_context":{"text":"Not\u00edcias de Ribeir\u00e3o Preto-SP e Regi\u00e3o","link":"https:\/\/ismaelcolosi.com.br\/index.php\/category\/noticias-de-ribeirao-preto-sp-e-regiao-ismael-colosi\/"},"img":{"alt_text":"","src":"https:\/\/i0.wp.com\/ismaelcolosi.com.br\/wp-content\/uploads\/2024\/03\/WhatsApp-Image-2024-03-09-at-12.09.01.jpeg?fit=479%2C332&ssl=1&resize=350%2C200","width":350,"height":200},"classes":[]},{"id":31412,"url":"https:\/\/ismaelcolosi.com.br\/index.php\/2024\/01\/22\/intolerancia-religiosa-representa-um-terco-dos-processos-de-racismo\/","url_meta":{"origin":13359,"position":5},"title":"Intoler\u00e2ncia religiosa representa um ter\u00e7o dos processos de racismo","author":"ismaelcolosi.com.br","date":"22 de January de 2024","format":false,"excerpt":"22 de janeiro de 2024 | 9:0021 de janeiro de 2024 | 12:52 0A intoler\u00e2ncia religiosa representa um ter\u00e7o (33%) dos processos por racismo em tramita\u00e7\u00e3o nos tribunais brasileiros, segundo levantamento da startup JusRacial. A organiza\u00e7\u00e3o identificou 176 mil processos por racismo em todo o pa\u00eds.No Supremo Tribunal Federal (STF),\u2026","rel":"","context":"In &quot;Not\u00edcias de Ribeir\u00e3o Preto-SP e Regi\u00e3o&quot;","block_context":{"text":"Not\u00edcias de Ribeir\u00e3o Preto-SP e Regi\u00e3o","link":"https:\/\/ismaelcolosi.com.br\/index.php\/category\/noticias-de-ribeirao-preto-sp-e-regiao-ismael-colosi\/"},"img":{"alt_text":"","src":"https:\/\/i0.wp.com\/ismaelcolosi.com.br\/wp-content\/uploads\/2024\/01\/b7123e9f-1fd4-4cba-9623-49a06717ae76-scaled.jpg?fit=1000%2C598&ssl=1&resize=350%2C200","width":350,"height":200,"srcset":"https:\/\/i0.wp.com\/ismaelcolosi.com.br\/wp-content\/uploads\/2024\/01\/b7123e9f-1fd4-4cba-9623-49a06717ae76-scaled.jpg?fit=1000%2C598&ssl=1&resize=350%2C200 1x, https:\/\/i0.wp.com\/ismaelcolosi.com.br\/wp-content\/uploads\/2024\/01\/b7123e9f-1fd4-4cba-9623-49a06717ae76-scaled.jpg?fit=1000%2C598&ssl=1&resize=525%2C300 1.5x, https:\/\/i0.wp.com\/ismaelcolosi.com.br\/wp-content\/uploads\/2024\/01\/b7123e9f-1fd4-4cba-9623-49a06717ae76-scaled.jpg?fit=1000%2C598&ssl=1&resize=700%2C400 2x"},"classes":[]}],"jetpack_sharing_enabled":true,"jetpack_shortlink":"https:\/\/wp.me\/pfMlyK-3tt","_links":{"self":[{"href":"https:\/\/ismaelcolosi.com.br\/index.php\/wp-json\/wp\/v2\/posts\/13359","targetHints":{"allow":["GET"]}}],"collection":[{"href":"https:\/\/ismaelcolosi.com.br\/index.php\/wp-json\/wp\/v2\/posts"}],"about":[{"href":"https:\/\/ismaelcolosi.com.br\/index.php\/wp-json\/wp\/v2\/types\/post"}],"author":[{"embeddable":true,"href":"https:\/\/ismaelcolosi.com.br\/index.php\/wp-json\/wp\/v2\/users\/1"}],"replies":[{"embeddable":true,"href":"https:\/\/ismaelcolosi.com.br\/index.php\/wp-json\/wp\/v2\/comments?post=13359"}],"version-history":[{"count":0,"href":"https:\/\/ismaelcolosi.com.br\/index.php\/wp-json\/wp\/v2\/posts\/13359\/revisions"}],"wp:featuredmedia":[{"embeddable":true,"href":"https:\/\/ismaelcolosi.com.br\/index.php\/wp-json\/wp\/v2\/media\/13360"}],"wp:attachment":[{"href":"https:\/\/ismaelcolosi.com.br\/index.php\/wp-json\/wp\/v2\/media?parent=13359"}],"wp:term":[{"taxonomy":"category","embeddable":true,"href":"https:\/\/ismaelcolosi.com.br\/index.php\/wp-json\/wp\/v2\/categories?post=13359"},{"taxonomy":"post_tag","embeddable":true,"href":"https:\/\/ismaelcolosi.com.br\/index.php\/wp-json\/wp\/v2\/tags?post=13359"}],"curies":[{"name":"wp","href":"https:\/\/api.w.org\/{rel}","templated":true}]}}