{"id":13335,"date":"2023-12-09T21:05:41","date_gmt":"2023-12-10T00:05:41","guid":{"rendered":"https:\/\/ismaelcolosi.com.br\/index.php\/2023\/12\/09\/vale-gas-retorna-em-dezembro-entenda\/"},"modified":"2023-12-09T21:05:41","modified_gmt":"2023-12-10T00:05:41","slug":"vale-gas-retorna-em-dezembro-entenda","status":"publish","type":"post","link":"https:\/\/ismaelcolosi.com.br\/index.php\/2023\/12\/09\/vale-gas-retorna-em-dezembro-entenda\/","title":{"rendered":"Vale-G\u00e1s retorna em dezembro; entenda"},"content":{"rendered":"<p> <br \/>\n<\/p>\n<div>\n<div id=\"attachment_2266765\" class=\"wp-caption alignnone\">\n<div class=\"d-flex justify-content-center\" data-attachment-id=\"2266765\">\n<div class=\"position-relative d-inline-block\"><img data-recalc-dims=\"1\" data-portal-copyright=\"Ag\u00eancia Brasil\/Marcello Casal Jr\" fetchpriority=\"high\" decoding=\"async\" class=\"size-full wp-image-2266765\" src=\"https:\/\/i0.wp.com\/catracalivre.com.br\/wp-content\/uploads\/2023\/04\/vale-gas.png?resize=1170%2C700&#038;ssl=1\" alt=\"Vale G\u00e1s volta a ser pago\" width=\"1170\" height=\"700\" srcset=\"https:\/\/catracalivre.com.br\/wp-content\/uploads\/2023\/04\/vale-gas.png 1170w, https:\/\/catracalivre.com.br\/wp-content\/uploads\/2023\/04\/vale-gas-450x269.png 450w, https:\/\/catracalivre.com.br\/wp-content\/uploads\/2023\/04\/vale-gas-768x459.png 768w\" sizes=\"(max-width: 1170px) 100vw, 1170px\"\/><\/p>\n<p>Cr\u00e9ditos: Ag\u00eancia Brasil\/Marcello Casal Jr<\/p>\n<\/div>\n<\/div>\n<p><span class=\"post-imagem__legenda\">Vale G\u00e1s volta a ser pago<\/span><\/p>\n<\/div>\n<p>O Vale-G\u00e1s, um programa essencial do Governo Federal, retorna neste m\u00eas de dezembro para proporcionar al\u00edvio financeiro a fam\u00edlias em vulnerabilidade socioecon\u00f4mica. Criado com o intuito de auxiliar na compra de um botij\u00e3o de g\u00e1s de 13 kg, o benef\u00edcio \u00e9 liberado de forma bimestral, representando um suporte significativo para aqueles que enfrentam dificuldades financeiras.<\/p>\n<h2>Sobre o pagamento<\/h2>\n<p>O pagamento deste m\u00eas ser\u00e1 no valor de R$ 110, contribuindo para amenizar os custos com o g\u00e1s de cozinha. \u00c9 importante destacar que o cr\u00e9dito dos valores ser\u00e1 realizado nas contas da poupan\u00e7a social do<a href=\"https:\/\/catracalivre.com.br\/cidadania\/nascido-em-janeiro-ja-pode-atualizar-dados-no-caixa-tem\/\"> Caixa Tem<\/a>, oferecendo \u00e0s fam\u00edlias atendidas uma s\u00e9rie de facilidades por meio do aplicativo. Al\u00e9m do pagamento de contas, as fam\u00edlias podem realizar transfer\u00eancias de recursos ou at\u00e9 mesmo solicitar o saque em esp\u00e9cie sem a necessidade de um cart\u00e3o f\u00edsico.<\/p>\n<p>O calend\u00e1rio de pagamentos do Vale-G\u00e1s em dezembro seguir\u00e1 a ordem do N\u00famero de Identifica\u00e7\u00e3o Social (NIS), come\u00e7ando pelos benefici\u00e1rios com NIS finalizado em 1. Destaca-se que, neste m\u00eas, a libera\u00e7\u00e3o dos recursos ser\u00e1 antecipada, garantindo que as fam\u00edlias tenham acesso ao abono antes das festividades de final de ano.<\/p>\n<p>O dep\u00f3sito dos valores ter\u00e1 in\u00edcio em 11 de dezembro, seguindo at\u00e9 o dia 22, em conformidade com o calend\u00e1rio do Bolsa Fam\u00edlia. A sincronia dos pagamentos permite que as fam\u00edlias recebam ambos os benef\u00edcios de maneira conjunta, facilitando o planejamento financeiro durante o per\u00edodo festivo.<\/p>\n<p>O Vale-G\u00e1s, al\u00e9m de representar uma contribui\u00e7\u00e3o financeira crucial para as fam\u00edlias atendidas, tamb\u00e9m se destaca como uma medida abonat\u00f3ria do Governo Federal. O objetivo \u00e9 assegurar que todas as fam\u00edlias benefici\u00e1rias do programa tenham acesso ao aux\u00edlio antes das celebra\u00e7\u00f5es de final de ano, proporcionando maior tranquilidade e conforto.<\/p>\n<h2>Confira o calend\u00e1rio de pagamento do Vale-G\u00e1s<\/h2>\n<ul>\n<li>NIS final 1: dep\u00f3sito em 11 de dezembro;<\/li>\n<li>NIS final 2: dep\u00f3sito em 12 de dezembro;<\/li>\n<li>NIS final 3: dep\u00f3sito em 13 de dezembro;<\/li>\n<li>NIS final 4: dep\u00f3sito em 14 de dezembro;<\/li>\n<li>NIS final 5: dep\u00f3sito em 15 de dezembro;<\/li>\n<li>NIS final 6: dep\u00f3sito em 18 de dezembro;<\/li>\n<li>NIS final 7: dep\u00f3sito em 19 de dezembro;<\/li>\n<li>NIS final 8: dep\u00f3sito em 20 de dezembro;<\/li>\n<li>NIS final 9: dep\u00f3sito em 21 de dezembro;<\/li>\n<li>NIS final 0: dep\u00f3sito em 22 de dezembro.<\/li>\n<\/ul>\n<\/div>\n<p><script>\n\t\t! function(f, b, e, v, n, t, s) {\n\t\t\tif (f.fbq) return;\n\t\t\tn = f.fbq = function() {\n\t\t\t\tn.callMethod ?\n\t\t\t\t\tn.callMethod.apply(n, arguments) : n.queue.push(arguments)\n\t\t\t};\n\t\t\tif (!f._fbq) f._fbq = n;\n\t\t\tn.push = n;\n\t\t\tn.loaded = !0;\n\t\t\tn.version = '2.0';\n\t\t\tn.queue = [];\n\t\t\tt = b.createElement(e);\n\t\t\tt.async = !0;\n\t\t\tt.src = v;\n\t\t\ts = b.getElementsByTagName(e)[0];\n\t\t\ts.parentNode.insertBefore(t, s)\n\t\t}(window, document, 'script',\n\t\t\t'https:\/\/connect.facebook.net\/en_US\/fbevents.js');\n\t\tfbq('init', '338315473262380');\n\t\tfbq('track', 'PageView');\n\t<\/script><br \/>\n<br \/><br \/>\n<br \/><a href=\"https:\/\/catracalivre.com.br\/cidadania\/vale-gas-retorna-em-dezembro-entenda\/\">Source link <\/a><\/p>\n<div class='code-block code-block-4' style='margin: 8px auto 8px 0; text-align: left; display: block; clear: both;'>\n\ud83d\udce2 Aviso Legal\n\nO site ismaelcolosi.com.br atua apenas como um canal de divulga\u00e7\u00e3o de oportunidades de emprego e n\u00e3o se responsabiliza pelo processo seletivo, contrata\u00e7\u00e3o ou qualquer outra etapa relacionada \u00e0s vagas publicadas. Todas as informa\u00e7\u00f5es s\u00e3o de responsabilidade dos anunciantes.\n\n\u26a0\ufe0f Aten\u00e7\u00e3o! Nunca pague por promessas de emprego nem compre cursos que garantam contrata\u00e7\u00e3o. Desconfie de qualquer cobran\u00e7a para participar de sele\u00e7\u00f5es.\n\n\n\n<\/div>\n<!-- CONTENT END 1 -->\n","protected":false},"excerpt":{"rendered":"<p>Cr\u00e9ditos: Ag\u00eancia Brasil\/Marcello Casal Jr Vale G\u00e1s volta a ser pago O Vale-G\u00e1s, um programa essencial do Governo Federal, retorna neste m\u00eas de dezembro para&#8230;<\/p>\n","protected":false},"author":1,"featured_media":13336,"comment_status":"open","ping_status":"open","sticky":false,"template":"","format":"standard","meta":{"_uag_custom_page_level_css":"","advanced_seo_description":"","jetpack_seo_html_title":"","jetpack_seo_noindex":false,"jetpack_post_was_ever_published":false,"_jetpack_newsletter_access":"","_jetpack_dont_email_post_to_subs":false,"_jetpack_newsletter_tier_id":0,"_jetpack_memberships_contains_paywalled_content":false,"_jetpack_memberships_contains_paid_content":false,"footnotes":"","jetpack_publicize_message":"","jetpack_publicize_feature_enabled":true,"jetpack_social_post_already_shared":true,"jetpack_social_options":{"image_generator_settings":{"template":"highway","default_image_id":0,"font":"","enabled":false},"version":2}},"categories":[19],"tags":[],"class_list":["post-13335","post","type-post","status-publish","format-standard","has-post-thumbnail","hentry","category-variedades"],"jetpack_publicize_connections":[],"jetpack_featured_media_url":"https:\/\/i0.wp.com\/ismaelcolosi.com.br\/wp-content\/uploads\/2023\/12\/istock-1411599118.jpg?fit=1200%2C638&ssl=1","uagb_featured_image_src":{"full":["https:\/\/i0.wp.com\/ismaelcolosi.com.br\/wp-content\/uploads\/2023\/12\/istock-1411599118.jpg?fit=1200%2C638&ssl=1",1200,638,false],"thumbnail":["https:\/\/i0.wp.com\/ismaelcolosi.com.br\/wp-content\/uploads\/2023\/12\/istock-1411599118.jpg?resize=150%2C150&ssl=1",150,150,true],"medium":["https:\/\/i0.wp.com\/ismaelcolosi.com.br\/wp-content\/uploads\/2023\/12\/istock-1411599118.jpg?fit=300%2C160&ssl=1",300,160,true],"medium_large":["https:\/\/i0.wp.com\/ismaelcolosi.com.br\/wp-content\/uploads\/2023\/12\/istock-1411599118.jpg?fit=768%2C408&ssl=1",768,408,true],"large":["https:\/\/i0.wp.com\/ismaelcolosi.com.br\/wp-content\/uploads\/2023\/12\/istock-1411599118.jpg?fit=1024%2C544&ssl=1",1024,544,true],"1536x1536":["https:\/\/i0.wp.com\/ismaelcolosi.com.br\/wp-content\/uploads\/2023\/12\/istock-1411599118.jpg?fit=1200%2C638&ssl=1",1200,638,true],"2048x2048":["https:\/\/i0.wp.com\/ismaelcolosi.com.br\/wp-content\/uploads\/2023\/12\/istock-1411599118.jpg?fit=1200%2C638&ssl=1",1200,638,true],"really-simple-thumb":["https:\/\/i0.wp.com\/ismaelcolosi.com.br\/wp-content\/uploads\/2023\/12\/istock-1411599118.jpg?resize=370%2C247&ssl=1",370,247,true]},"uagb_author_info":{"display_name":"ismaelcolosi.com.br","author_link":"https:\/\/ismaelcolosi.com.br\/index.php\/author\/vidareal-online\/"},"uagb_comment_info":0,"uagb_excerpt":"Cr\u00e9ditos: Ag\u00eancia Brasil\/Marcello Casal Jr Vale G\u00e1s volta a ser pago O Vale-G\u00e1s, um programa essencial do Governo Federal, retorna neste m\u00eas de dezembro para...","jetpack-related-posts":[{"id":11756,"url":"https:\/\/ismaelcolosi.com.br\/index.php\/2023\/12\/06\/bolsa-familia-paga-valor-extra-em-dezembro-veja-se-voce-vai-receber\/","url_meta":{"origin":13335,"position":0},"title":"Bolsa Fam\u00edlia paga valor extra em dezembro; veja se voc\u00ea vai receber","author":"ismaelcolosi.com.br","date":"6 de December de 2023","format":false,"excerpt":"Cr\u00e9ditos: ASCOM\/CGUNovidades do Bolsa Fam\u00edlia em dezembro Boas novas chegam aos ouvidos dos benefici\u00e1rios do Bolsa Fam\u00edlia. O an\u00fancio animador foi feito pelo presidente Lula, que confirmou um b\u00f4nus salarial de R$110,00 neste m\u00eas. O valor est\u00e1 atrelado ao retorno do Aux\u00edlio G\u00e1s, que\u00a0n\u00e3o aconteceu em novembro, levando muitos benefici\u00e1rios\u2026","rel":"","context":"In &quot;Variedades&quot;","block_context":{"text":"Variedades","link":"https:\/\/ismaelcolosi.com.br\/index.php\/category\/variedades\/"},"img":{"alt_text":"","src":"https:\/\/i0.wp.com\/ismaelcolosi.com.br\/wp-content\/uploads\/2023\/12\/governo-toma-medida-drastica-para-garantir-transparencia-no-bolsa-familia.png?fit=1200%2C638&ssl=1&resize=350%2C200","width":350,"height":200,"srcset":"https:\/\/i0.wp.com\/ismaelcolosi.com.br\/wp-content\/uploads\/2023\/12\/governo-toma-medida-drastica-para-garantir-transparencia-no-bolsa-familia.png?fit=1200%2C638&ssl=1&resize=350%2C200 1x, https:\/\/i0.wp.com\/ismaelcolosi.com.br\/wp-content\/uploads\/2023\/12\/governo-toma-medida-drastica-para-garantir-transparencia-no-bolsa-familia.png?fit=1200%2C638&ssl=1&resize=525%2C300 1.5x, https:\/\/i0.wp.com\/ismaelcolosi.com.br\/wp-content\/uploads\/2023\/12\/governo-toma-medida-drastica-para-garantir-transparencia-no-bolsa-familia.png?fit=1200%2C638&ssl=1&resize=700%2C400 2x, https:\/\/i0.wp.com\/ismaelcolosi.com.br\/wp-content\/uploads\/2023\/12\/governo-toma-medida-drastica-para-garantir-transparencia-no-bolsa-familia.png?fit=1200%2C638&ssl=1&resize=1050%2C600 3x"},"classes":[]},{"id":6557,"url":"https:\/\/ismaelcolosi.com.br\/index.php\/2023\/11\/26\/entenda-a-suspensao-dos-pagamentos-e-mais\/","url_meta":{"origin":13335,"position":1},"title":"entenda a suspens\u00e3o dos pagamentos e mais","author":"ismaelcolosi.com.br","date":"26 de November de 2023","format":false,"excerpt":"Cr\u00e9ditos: yorkfoto\/istockVale g\u00e1s tem novidades para brasileiros Em meio \u00e0 expectativa de muitas fam\u00edlias brasileiras que enfrentam vulnerabilidade social ou econ\u00f4mica, o benef\u00edcio do Vale G\u00e1s, criado em 2020, se destaca como uma iniciativa que visa aliviar os custos associados \u00e0 aquisi\u00e7\u00e3o de um botij\u00e3o de g\u00e1s. No entanto, para\u2026","rel":"","context":"In &quot;Variedades&quot;","block_context":{"text":"Variedades","link":"https:\/\/ismaelcolosi.com.br\/index.php\/category\/variedades\/"},"img":{"alt_text":"","src":"https:\/\/i0.wp.com\/ismaelcolosi.com.br\/wp-content\/uploads\/2023\/11\/vale-gas.jpg?fit=1200%2C638&ssl=1&resize=350%2C200","width":350,"height":200,"srcset":"https:\/\/i0.wp.com\/ismaelcolosi.com.br\/wp-content\/uploads\/2023\/11\/vale-gas.jpg?fit=1200%2C638&ssl=1&resize=350%2C200 1x, https:\/\/i0.wp.com\/ismaelcolosi.com.br\/wp-content\/uploads\/2023\/11\/vale-gas.jpg?fit=1200%2C638&ssl=1&resize=525%2C300 1.5x, https:\/\/i0.wp.com\/ismaelcolosi.com.br\/wp-content\/uploads\/2023\/11\/vale-gas.jpg?fit=1200%2C638&ssl=1&resize=700%2C400 2x, https:\/\/i0.wp.com\/ismaelcolosi.com.br\/wp-content\/uploads\/2023\/11\/vale-gas.jpg?fit=1200%2C638&ssl=1&resize=1050%2C600 3x"},"classes":[]},{"id":13675,"url":"https:\/\/ismaelcolosi.com.br\/index.php\/2023\/12\/10\/antecipacao-do-vale-gas-em-dezembro-esta-valendo\/","url_meta":{"origin":13335,"position":2},"title":"Antecipa\u00e7\u00e3o do Vale-G\u00e1s em dezembro est\u00e1 valendo?","author":"ismaelcolosi.com.br","date":"10 de December de 2023","format":false,"excerpt":"Cr\u00e9ditos: Ag\u00eancia Brasil\/Marcello Casal JrVale G\u00e1s volta a ser pago? A antecipa\u00e7\u00e3o do Vale-G\u00e1s de dezembro se tornou motivo de comemora\u00e7\u00e3o para os benefici\u00e1rios do Bolsa Fam\u00edlia, que aguardam ansiosos pelos \u00faltimos pagamentos do ano. Este benef\u00edcio, essencial para muitas fam\u00edlias, estar\u00e1 dispon\u00edvel entre os dias 11 e 22 deste\u2026","rel":"","context":"In &quot;Variedades&quot;","block_context":{"text":"Variedades","link":"https:\/\/ismaelcolosi.com.br\/index.php\/category\/variedades\/"},"img":{"alt_text":"","src":"https:\/\/i0.wp.com\/ismaelcolosi.com.br\/wp-content\/uploads\/2023\/12\/1702259468_istock-1411599118.jpg?fit=1200%2C638&ssl=1&resize=350%2C200","width":350,"height":200,"srcset":"https:\/\/i0.wp.com\/ismaelcolosi.com.br\/wp-content\/uploads\/2023\/12\/1702259468_istock-1411599118.jpg?fit=1200%2C638&ssl=1&resize=350%2C200 1x, https:\/\/i0.wp.com\/ismaelcolosi.com.br\/wp-content\/uploads\/2023\/12\/1702259468_istock-1411599118.jpg?fit=1200%2C638&ssl=1&resize=525%2C300 1.5x, https:\/\/i0.wp.com\/ismaelcolosi.com.br\/wp-content\/uploads\/2023\/12\/1702259468_istock-1411599118.jpg?fit=1200%2C638&ssl=1&resize=700%2C400 2x, https:\/\/i0.wp.com\/ismaelcolosi.com.br\/wp-content\/uploads\/2023\/12\/1702259468_istock-1411599118.jpg?fit=1200%2C638&ssl=1&resize=1050%2C600 3x"},"classes":[]},{"id":13396,"url":"https:\/\/ismaelcolosi.com.br\/index.php\/2023\/12\/10\/bolsa-familia-de-dezembro-oferece-bonus-a-beneficiarios\/","url_meta":{"origin":13335,"position":3},"title":"Bolsa Fam\u00edlia de dezembro oferece b\u00f4nus a benefici\u00e1rios","author":"ismaelcolosi.com.br","date":"10 de December de 2023","format":false,"excerpt":"Cr\u00e9ditos: ASCOM\/CGUA melhor not\u00edcia para quem recebe Bolsa Fam\u00edlia acaba de chegarO \u00faltimo m\u00eas do ano traz uma not\u00edcia reconfortante para os mais de 20 milh\u00f5es de brasileiros cadastrados no programa Bolsa Fam\u00edlia. O calend\u00e1rio de dezembro reserva uma surpresa especial: um b\u00f4nus adicional de R$ 408 para as fam\u00edlias\u2026","rel":"","context":"In &quot;Variedades&quot;","block_context":{"text":"Variedades","link":"https:\/\/ismaelcolosi.com.br\/index.php\/category\/variedades\/"},"img":{"alt_text":"","src":"https:\/\/i0.wp.com\/ismaelcolosi.com.br\/wp-content\/uploads\/2023\/12\/1702195922_beneficiarios-tem-bolsa-familia-suspenso-por-motivo-inesperado.jpeg?fit=1200%2C638&ssl=1&resize=350%2C200","width":350,"height":200,"srcset":"https:\/\/i0.wp.com\/ismaelcolosi.com.br\/wp-content\/uploads\/2023\/12\/1702195922_beneficiarios-tem-bolsa-familia-suspenso-por-motivo-inesperado.jpeg?fit=1200%2C638&ssl=1&resize=350%2C200 1x, https:\/\/i0.wp.com\/ismaelcolosi.com.br\/wp-content\/uploads\/2023\/12\/1702195922_beneficiarios-tem-bolsa-familia-suspenso-por-motivo-inesperado.jpeg?fit=1200%2C638&ssl=1&resize=525%2C300 1.5x, https:\/\/i0.wp.com\/ismaelcolosi.com.br\/wp-content\/uploads\/2023\/12\/1702195922_beneficiarios-tem-bolsa-familia-suspenso-por-motivo-inesperado.jpeg?fit=1200%2C638&ssl=1&resize=700%2C400 2x, https:\/\/i0.wp.com\/ismaelcolosi.com.br\/wp-content\/uploads\/2023\/12\/1702195922_beneficiarios-tem-bolsa-familia-suspenso-por-motivo-inesperado.jpeg?fit=1200%2C638&ssl=1&resize=1050%2C600 3x"},"classes":[]},{"id":23081,"url":"https:\/\/ismaelcolosi.com.br\/index.php\/2024\/01\/01\/reoneracao-integral-do-diesel-retorna-nesta-segunda\/","url_meta":{"origin":13335,"position":4},"title":"Reonera\u00e7\u00e3o integral do diesel retorna nesta segunda","author":"ismaelcolosi.com.br","date":"1 de January de 2024","format":false,"excerpt":"1 de janeiro de 2024 | 9:0031 de dezembro de 2023 | 14:35 0A partir desta segunda-feira (1\u00ba), o governo federal retoma a cobran\u00e7a integral do PIS\/Cofins sobre o diesel. O imposto estava zerado desde 2021, mas parte do recolhimento foi antecipada j\u00e1 em setembro deste ano. A partir de\u2026","rel":"","context":"In &quot;Not\u00edcias de Ribeir\u00e3o Preto-SP e Regi\u00e3o&quot;","block_context":{"text":"Not\u00edcias de Ribeir\u00e3o Preto-SP e Regi\u00e3o","link":"https:\/\/ismaelcolosi.com.br\/index.php\/category\/noticias-de-ribeirao-preto-sp-e-regiao-ismael-colosi\/"},"img":{"alt_text":"","src":"https:\/\/i0.wp.com\/ismaelcolosi.com.br\/wp-content\/uploads\/2024\/01\/8b462844-1f08-4a05-b377-fe2b0fe7ef1d-scaled.jpg?fit=1000%2C598&ssl=1&resize=350%2C200","width":350,"height":200,"srcset":"https:\/\/i0.wp.com\/ismaelcolosi.com.br\/wp-content\/uploads\/2024\/01\/8b462844-1f08-4a05-b377-fe2b0fe7ef1d-scaled.jpg?fit=1000%2C598&ssl=1&resize=350%2C200 1x, https:\/\/i0.wp.com\/ismaelcolosi.com.br\/wp-content\/uploads\/2024\/01\/8b462844-1f08-4a05-b377-fe2b0fe7ef1d-scaled.jpg?fit=1000%2C598&ssl=1&resize=525%2C300 1.5x, https:\/\/i0.wp.com\/ismaelcolosi.com.br\/wp-content\/uploads\/2024\/01\/8b462844-1f08-4a05-b377-fe2b0fe7ef1d-scaled.jpg?fit=1000%2C598&ssl=1&resize=700%2C400 2x"},"classes":[]},{"id":13095,"url":"https:\/\/ismaelcolosi.com.br\/index.php\/2023\/12\/09\/governo-antecipa-calendario-do-bolsa-familia-em-dezembro\/","url_meta":{"origin":13335,"position":5},"title":"Governo antecipa calend\u00e1rio do Bolsa Fam\u00edlia em dezembro","author":"ismaelcolosi.com.br","date":"9 de December de 2023","format":false,"excerpt":"Cr\u00e9ditos: Istock\/IltonRogerioNovo calend\u00e1rio do Bolsa Fam\u00edlia de dezembro \u00e9 divulgado; confira O m\u00eas de dezembro traz uma not\u00edcia positiva para os benefici\u00e1rios do Bolsa Fam\u00edlia em todo o pa\u00eds, j\u00e1 que o Governo Federal decidiu antecipar o calend\u00e1rio de pagamento. Essa iniciativa tem como objetivo principal garantir que as fam\u00edlias\u2026","rel":"","context":"In &quot;Variedades&quot;","block_context":{"text":"Variedades","link":"https:\/\/ismaelcolosi.com.br\/index.php\/category\/variedades\/"},"img":{"alt_text":"","src":"https:\/\/i0.wp.com\/ismaelcolosi.com.br\/wp-content\/uploads\/2023\/12\/1702116113_bolsa-familia-a-noticia-mais-esperada-de-setembro-acaba-de-chegar.jpg?fit=1200%2C638&ssl=1&resize=350%2C200","width":350,"height":200,"srcset":"https:\/\/i0.wp.com\/ismaelcolosi.com.br\/wp-content\/uploads\/2023\/12\/1702116113_bolsa-familia-a-noticia-mais-esperada-de-setembro-acaba-de-chegar.jpg?fit=1200%2C638&ssl=1&resize=350%2C200 1x, https:\/\/i0.wp.com\/ismaelcolosi.com.br\/wp-content\/uploads\/2023\/12\/1702116113_bolsa-familia-a-noticia-mais-esperada-de-setembro-acaba-de-chegar.jpg?fit=1200%2C638&ssl=1&resize=525%2C300 1.5x, https:\/\/i0.wp.com\/ismaelcolosi.com.br\/wp-content\/uploads\/2023\/12\/1702116113_bolsa-familia-a-noticia-mais-esperada-de-setembro-acaba-de-chegar.jpg?fit=1200%2C638&ssl=1&resize=700%2C400 2x, https:\/\/i0.wp.com\/ismaelcolosi.com.br\/wp-content\/uploads\/2023\/12\/1702116113_bolsa-familia-a-noticia-mais-esperada-de-setembro-acaba-de-chegar.jpg?fit=1200%2C638&ssl=1&resize=1050%2C600 3x"},"classes":[]}],"jetpack_sharing_enabled":true,"jetpack_shortlink":"https:\/\/wp.me\/pfMlyK-3t5","_links":{"self":[{"href":"https:\/\/ismaelcolosi.com.br\/index.php\/wp-json\/wp\/v2\/posts\/13335","targetHints":{"allow":["GET"]}}],"collection":[{"href":"https:\/\/ismaelcolosi.com.br\/index.php\/wp-json\/wp\/v2\/posts"}],"about":[{"href":"https:\/\/ismaelcolosi.com.br\/index.php\/wp-json\/wp\/v2\/types\/post"}],"author":[{"embeddable":true,"href":"https:\/\/ismaelcolosi.com.br\/index.php\/wp-json\/wp\/v2\/users\/1"}],"replies":[{"embeddable":true,"href":"https:\/\/ismaelcolosi.com.br\/index.php\/wp-json\/wp\/v2\/comments?post=13335"}],"version-history":[{"count":0,"href":"https:\/\/ismaelcolosi.com.br\/index.php\/wp-json\/wp\/v2\/posts\/13335\/revisions"}],"wp:featuredmedia":[{"embeddable":true,"href":"https:\/\/ismaelcolosi.com.br\/index.php\/wp-json\/wp\/v2\/media\/13336"}],"wp:attachment":[{"href":"https:\/\/ismaelcolosi.com.br\/index.php\/wp-json\/wp\/v2\/media?parent=13335"}],"wp:term":[{"taxonomy":"category","embeddable":true,"href":"https:\/\/ismaelcolosi.com.br\/index.php\/wp-json\/wp\/v2\/categories?post=13335"},{"taxonomy":"post_tag","embeddable":true,"href":"https:\/\/ismaelcolosi.com.br\/index.php\/wp-json\/wp\/v2\/tags?post=13335"}],"curies":[{"name":"wp","href":"https:\/\/api.w.org\/{rel}","templated":true}]}}