{"id":13326,"date":"2023-12-09T20:35:59","date_gmt":"2023-12-09T23:35:59","guid":{"rendered":"https:\/\/ismaelcolosi.com.br\/index.php\/2023\/12\/09\/show-de-vava-e-marcio-ex-karametade-e-adiado-em-ribeirao-preto\/"},"modified":"2023-12-09T20:35:59","modified_gmt":"2023-12-09T23:35:59","slug":"show-de-vava-e-marcio-ex-karametade-e-adiado-em-ribeirao-preto","status":"publish","type":"post","link":"https:\/\/ismaelcolosi.com.br\/index.php\/2023\/12\/09\/show-de-vava-e-marcio-ex-karametade-e-adiado-em-ribeirao-preto\/","title":{"rendered":"Show de Vav\u00e1 e M\u00e1rcio, ex-Karametade, \u00e9 adiado em Ribeir\u00e3o Preto\u00a0"},"content":{"rendered":"<p> [ad_1]<br \/>\n<\/p>\n<div>\n<p><strong>O show, <\/strong>em que seria realizada a grava\u00e7\u00e3o do DVD \u2018De 90 para c\u00e1\u2019, <strong>da dupla de pagode Vav\u00e1 e M\u00e1rcio, que estava previsto para acontecer neste s\u00e1bado (9), em Ribeir\u00e3o Preto, foi adiado<\/strong>\u00a0<\/p>\n<p>A informa\u00e7\u00e3o foi divulgada pela organiza\u00e7\u00e3o do evento nas redes sociais. Os irm\u00e3os que faziam parte do grupo Karametade, sucesso nos anos 90, est\u00e3o de volta aos palcos.\u00a0\u00a0<\/p>\n<p><strong>Ainda segundo a organiza\u00e7\u00e3o, o show deve ser remarcado, mas a data ainda n\u00e3o foi definida<\/strong>. Para quem comprou ingressos, o reembolso ser\u00e1 realizado pela plataforma de vendas <a href=\"https:\/\/www.instagram.com\/p\/C0j71OlO1Ge\/?utm_source=ig_web_copy_link&amp;igshid=N2ViNmM2MDRjNw==\" target=\"_blank\" rel=\"noreferrer noopener\">(saiba mais aqui)<\/a>.<\/p>\n<h4 class=\"wp-block-heading\"><strong>Confira a nota na \u00edntegra<\/strong>\u00a0<\/h4>\n<p><em>Informamos que, por motivo de for\u00e7a maior, o Rol\u00ea MTX, que seria realizado neste s\u00e1bado (9\/12), no Kauai, ser\u00e1 remanejado. Informaremos uma nova data.\u00a0\u00a0<\/em><\/p>\n<p><em>Para os clientes que adquiriram ingressos pelo site Q2 Ingressos e efetuaram o pagamento com o cart\u00e3o de d\u00e9bito ou cr\u00e9dito no ponto de venda, o reembolso ser\u00e1 processado automaticamente pela plataforma no dia 11\/12\/2023. Em caso de d\u00favidas, pedimos que entrem em contato com o suporte pelo WhatsApp no n\u00famero 0800 232 0800, a partir do dia 12\/12\/2023.\u00a0\u00a0<\/em><\/p>\n<p><em>O prazo para o reembolso ao cliente depender\u00e1 da forma de pagamento realizada, bem como do prazo estipulado por cada banco.<\/em><\/p>\n<p>VEJA TAMB\u00c9M<br \/>Veja qual foi o resultado do leil\u00e3o de clube tradicional de Ribeir\u00e3o Preto<\/p>\n<h4 class=\"wp-block-heading\"><strong>FIQUE ON<\/strong><\/h4>\n<p>Fique ligado em tudo que acontece em Ribeir\u00e3o Preto e regi\u00e3o. Siga os perfis do<strong>\u00a0acidade on<\/strong>\u00a0no\u00a0<a href=\"https:\/\/www.instagram.com\/acidadeonribeirao\" target=\"_blank\" rel=\"noreferrer noopener\">Instagram\u00a0<\/a>e no\u00a0<a href=\"https:\/\/www.facebook.com\/acidadeonribeirao\" target=\"_blank\" rel=\"noreferrer noopener\">Facebook.<\/a><\/p>\n<p>Receba not\u00edcias do\u00a0<strong>acidade on\u00a0<\/strong>no WhatsApp.\u00a0<a href=\"https:\/\/chat.whatsapp.com\/Bnv2w66ZT4VDyZW3oiZ69n\" target=\"_blank\" rel=\"noreferrer noopener\">Para entrar no grupo, basta clicar aqui.<\/a><\/p>\n<p>Fa\u00e7a uma den\u00fancia ou sugira uma reportagem sobre Ribeir\u00e3o Preto e regi\u00e3o pelo WhatsApp:\u00a0<strong>16 99117 7802.<\/strong><\/p>\n<p>LEIA MAIS<br \/><a href=\"https:\/\/www.tudoep.com\/tudo-inovacao\/NOT,0,0,1868624,tiktok-divulga-a-lista-dos-videos-mais-vistos-brasil-e-no-mundo-em-2023.aspx\" target=\"_blank\" rel=\"noreferrer noopener\">TikTok divulga a lista dos v\u00eddeos mais vistos no Brasil e no mundo em 2023<\/a><\/p>\n<p><!-- AI CONTENT END 1 -->\n<\/div>\n<p><script async src=\"\/\/www.instagram.com\/embed.js\"><\/script><br \/>\n<br \/>[ad_2]<br \/>\n<br \/><a href=\"https:\/\/www.acidadeon.com\/ribeiraopreto\/lazer-e-cultura\/show-de-vava-e-marcio-ex-karametade-e-adiado-em-ribeirao-preto\/\" target=\"_blank\" rel=\"noopener\">Source link <\/a><\/p>\n<div class='code-block code-block-4' style='margin: 8px auto 8px 0; text-align: left; display: block; clear: both;'>\n\ud83d\udce2 Aviso Legal\n\nO site ismaelcolosi.com.br atua apenas como um canal de divulga\u00e7\u00e3o de oportunidades de emprego e n\u00e3o se responsabiliza pelo processo seletivo, contrata\u00e7\u00e3o ou qualquer outra etapa relacionada \u00e0s vagas publicadas. Todas as informa\u00e7\u00f5es s\u00e3o de responsabilidade dos anunciantes.\n\n\u26a0\ufe0f Aten\u00e7\u00e3o! Nunca pague por promessas de emprego nem compre cursos que garantam contrata\u00e7\u00e3o. Desconfie de qualquer cobran\u00e7a para participar de sele\u00e7\u00f5es.\n\n\n\n<\/div>\n<!-- CONTENT END 1 -->\n","protected":false},"excerpt":{"rendered":"<p>[ad_1] O show, em que seria realizada a grava\u00e7\u00e3o do DVD \u2018De 90 para c\u00e1\u2019, da dupla de pagode Vav\u00e1 e M\u00e1rcio, que estava previsto para acontecer neste s\u00e1bado (9), em Ribeir\u00e3o Preto, foi adiado\u00a0 A informa\u00e7\u00e3o foi divulgada pela organiza\u00e7\u00e3o do evento nas redes sociais. Os irm\u00e3os que faziam parte do grupo Karametade, sucesso&hellip;&nbsp;<\/p>\n","protected":false},"author":1,"featured_media":13327,"comment_status":"open","ping_status":"open","sticky":false,"template":"","format":"standard","meta":{"_uag_custom_page_level_css":"","neve_meta_sidebar":"","neve_meta_container":"","neve_meta_enable_content_width":"","neve_meta_content_width":0,"neve_meta_title_alignment":"","neve_meta_author_avatar":"","neve_post_elements_order":"","neve_meta_disable_header":"","neve_meta_disable_footer":"","neve_meta_disable_title":"","_jetpack_newsletter_access":"","_jetpack_dont_email_post_to_subs":false,"_jetpack_newsletter_tier_id":0,"_jetpack_memberships_contains_paywalled_content":false,"_jetpack_memberships_contains_paid_content":false,"footnotes":""},"categories":[11],"tags":[1864,1863,1142,27,26,360,1141],"class_list":["post-13326","post","type-post","status-publish","format-standard","has-post-thumbnail","hentry","category-noticias-de-ribeirao-preto-sp-e-regiao-ismael-colosi","tag-adiado","tag-exkarametade","tag-marcio","tag-preto","tag-ribeirao","tag-show","tag-vava"],"uagb_featured_image_src":{"full":["https:\/\/i0.wp.com\/ismaelcolosi.com.br\/wp-content\/uploads\/2023\/12\/399014758_18323419909096281_8632289170310208741_n.jpg?fit=1080%2C570&ssl=1",1080,570,false],"thumbnail":["https:\/\/i0.wp.com\/ismaelcolosi.com.br\/wp-content\/uploads\/2023\/12\/399014758_18323419909096281_8632289170310208741_n.jpg?resize=150%2C150&ssl=1",150,150,true],"medium":["https:\/\/i0.wp.com\/ismaelcolosi.com.br\/wp-content\/uploads\/2023\/12\/399014758_18323419909096281_8632289170310208741_n.jpg?fit=300%2C158&ssl=1",300,158,true],"medium_large":["https:\/\/i0.wp.com\/ismaelcolosi.com.br\/wp-content\/uploads\/2023\/12\/399014758_18323419909096281_8632289170310208741_n.jpg?fit=768%2C405&ssl=1",768,405,true],"large":["https:\/\/i0.wp.com\/ismaelcolosi.com.br\/wp-content\/uploads\/2023\/12\/399014758_18323419909096281_8632289170310208741_n.jpg?fit=1024%2C540&ssl=1",1024,540,true],"1536x1536":["https:\/\/i0.wp.com\/ismaelcolosi.com.br\/wp-content\/uploads\/2023\/12\/399014758_18323419909096281_8632289170310208741_n.jpg?fit=1080%2C570&ssl=1",1080,570,true],"2048x2048":["https:\/\/i0.wp.com\/ismaelcolosi.com.br\/wp-content\/uploads\/2023\/12\/399014758_18323419909096281_8632289170310208741_n.jpg?fit=1080%2C570&ssl=1",1080,570,true],"neve-blog":["https:\/\/i0.wp.com\/ismaelcolosi.com.br\/wp-content\/uploads\/2023\/12\/399014758_18323419909096281_8632289170310208741_n.jpg?resize=930%2C570&ssl=1",930,570,true]},"uagb_author_info":{"display_name":"ismaelcolosi.com.br","author_link":"https:\/\/ismaelcolosi.com.br\/author\/vidareal-online\/"},"uagb_comment_info":0,"uagb_excerpt":"[ad_1] O show, em que seria realizada a grava\u00e7\u00e3o do DVD \u2018De 90 para c\u00e1\u2019, da dupla de pagode Vav\u00e1 e M\u00e1rcio, que estava previsto para acontecer neste s\u00e1bado (9), em Ribeir\u00e3o Preto, foi adiado\u00a0 A informa\u00e7\u00e3o foi divulgada pela organiza\u00e7\u00e3o do evento nas redes sociais. Os irm\u00e3os que faziam parte do grupo Karametade, sucesso&hellip;&nbsp;","jetpack-related-posts":[{"id":8650,"url":"https:\/\/ismaelcolosi.com.br\/index.php\/2023\/11\/30\/dupla-vava-e-marcio-do-karametade-grava-dvd-em-ribeirao-preto\/","url_meta":{"origin":13326,"position":0},"title":"Dupla Vav\u00e1 e M\u00e1rcio, do Karametade, grava DVD em Ribeir\u00e3o Preto\u00a0","author":"ismaelcolosi.com.br","date":"30 de Novembro de 2023","format":false,"excerpt":"[ad_1] Os g\u00eameos do pagode Vav\u00e1 & M\u00e1rcio, sucesso na d\u00e9cada de 90 com o grupo Karametade, v\u00eam a Ribeir\u00e3o Preto para a grava\u00e7\u00e3o do DVD \u2018De 90 para c\u00e1\u2019, no dia 9 de dezembro, em um espa\u00e7o de eventos no distrito de Bonfim Paulista. \u00a0 Ap\u00f3s a sa\u00edda do\u2026","rel":"","context":"In &quot;Not\u00edcias de Ribeir\u00e3o Preto-SP e Regi\u00e3o&quot;","block_context":{"text":"Not\u00edcias de Ribeir\u00e3o Preto-SP e Regi\u00e3o","link":"https:\/\/ismaelcolosi.com.br\/index.php\/category\/noticias-de-ribeirao-preto-sp-e-regiao-ismael-colosi\/"},"img":{"alt_text":"","src":"https:\/\/i0.wp.com\/ismaelcolosi.com.br\/wp-content\/uploads\/2023\/11\/399014758_18323419909096281_8632289170310208741_n.jpg?fit=1080%2C570&ssl=1&resize=350%2C200","width":350,"height":200,"srcset":"https:\/\/i0.wp.com\/ismaelcolosi.com.br\/wp-content\/uploads\/2023\/11\/399014758_18323419909096281_8632289170310208741_n.jpg?fit=1080%2C570&ssl=1&resize=350%2C200 1x, https:\/\/i0.wp.com\/ismaelcolosi.com.br\/wp-content\/uploads\/2023\/11\/399014758_18323419909096281_8632289170310208741_n.jpg?fit=1080%2C570&ssl=1&resize=525%2C300 1.5x, https:\/\/i0.wp.com\/ismaelcolosi.com.br\/wp-content\/uploads\/2023\/11\/399014758_18323419909096281_8632289170310208741_n.jpg?fit=1080%2C570&ssl=1&resize=700%2C400 2x, https:\/\/i0.wp.com\/ismaelcolosi.com.br\/wp-content\/uploads\/2023\/11\/399014758_18323419909096281_8632289170310208741_n.jpg?fit=1080%2C570&ssl=1&resize=1050%2C600 3x"},"classes":[]},{"id":58906,"url":"https:\/\/ismaelcolosi.com.br\/index.php\/2024\/08\/03\/apos-show-em-ribeirao-cesar-menotti-da-dupla-com-fabiano-sofre-acidente-com-onibus\/","url_meta":{"origin":13326,"position":1},"title":"Ap\u00f3s show em Ribeir\u00e3o, C\u00e9sar Menotti, da dupla com Fabiano, sofre acidente com \u00f4nibus","author":"ismaelcolosi.com.br","date":"3 de Agosto de 2024","format":false,"excerpt":"[ad_1] C\u00e9sar Menotti, da dupla com Fabiano, estava no \u00f4nibus da equipe que se envoveu em um acidente neste s\u00e1bado (3), em Minas Gerais. A dupla havia se apresentado na noite desta sexta-feira (2), em um show surpresa realizado em um shopping na zona Sul de Ribeir\u00e3o Preto, para divulgar\u2026","rel":"","context":"In &quot;Not\u00edcias de Ribeir\u00e3o Preto-SP e Regi\u00e3o&quot;","block_context":{"text":"Not\u00edcias de Ribeir\u00e3o Preto-SP e Regi\u00e3o","link":"https:\/\/ismaelcolosi.com.br\/index.php\/category\/noticias-de-ribeirao-preto-sp-e-regiao-ismael-colosi\/"},"img":{"alt_text":"","src":"https:\/\/i0.wp.com\/ismaelcolosi.com.br\/wp-content\/uploads\/2024\/08\/ONIBUS_2024-08-03_21-09-33_jpg_2024-08-03_21-09-34.webp.webp?fit=1200%2C748&ssl=1&resize=350%2C200","width":350,"height":200,"srcset":"https:\/\/i0.wp.com\/ismaelcolosi.com.br\/wp-content\/uploads\/2024\/08\/ONIBUS_2024-08-03_21-09-33_jpg_2024-08-03_21-09-34.webp.webp?fit=1200%2C748&ssl=1&resize=350%2C200 1x, https:\/\/i0.wp.com\/ismaelcolosi.com.br\/wp-content\/uploads\/2024\/08\/ONIBUS_2024-08-03_21-09-33_jpg_2024-08-03_21-09-34.webp.webp?fit=1200%2C748&ssl=1&resize=525%2C300 1.5x, https:\/\/i0.wp.com\/ismaelcolosi.com.br\/wp-content\/uploads\/2024\/08\/ONIBUS_2024-08-03_21-09-33_jpg_2024-08-03_21-09-34.webp.webp?fit=1200%2C748&ssl=1&resize=700%2C400 2x, https:\/\/i0.wp.com\/ismaelcolosi.com.br\/wp-content\/uploads\/2024\/08\/ONIBUS_2024-08-03_21-09-33_jpg_2024-08-03_21-09-34.webp.webp?fit=1200%2C748&ssl=1&resize=1050%2C600 3x"},"classes":[]},{"id":8817,"url":"https:\/\/ismaelcolosi.com.br\/index.php\/2023\/11\/30\/ribeirao-preto-tem-chegada-do-papai-noel-com-trem-iluminado-de-natal\/","url_meta":{"origin":13326,"position":2},"title":"Ribeir\u00e3o Preto tem chegada do Papai Noel com trem iluminado de Natal","author":"ismaelcolosi.com.br","date":"30 de Novembro de 2023","format":false,"excerpt":"[ad_1] O Papai Noel vai fazer uma visita aos moradores do Avelino Palma, na zona Norte de Ribeir\u00e3o Preto, nesta sexta-feira (1\u00ba de dezembro). O bom velhinho vai chegar no bairro com o trem iluminado de Natal da VLI \u2013 concession\u00e1ria de ferrovias. A chegada da locomotiva iluminada est\u00e1 prevista\u2026","rel":"","context":"In &quot;Not\u00edcias de Ribeir\u00e3o Preto-SP e Regi\u00e3o&quot;","block_context":{"text":"Not\u00edcias de Ribeir\u00e3o Preto-SP e Regi\u00e3o","link":"https:\/\/ismaelcolosi.com.br\/index.php\/category\/noticias-de-ribeirao-preto-sp-e-regiao-ismael-colosi\/"},"img":{"alt_text":"","src":"https:\/\/i0.wp.com\/ismaelcolosi.com.br\/wp-content\/uploads\/2023\/11\/trem-de-natal.jpg?fit=1200%2C801&ssl=1&resize=350%2C200","width":350,"height":200,"srcset":"https:\/\/i0.wp.com\/ismaelcolosi.com.br\/wp-content\/uploads\/2023\/11\/trem-de-natal.jpg?fit=1200%2C801&ssl=1&resize=350%2C200 1x, https:\/\/i0.wp.com\/ismaelcolosi.com.br\/wp-content\/uploads\/2023\/11\/trem-de-natal.jpg?fit=1200%2C801&ssl=1&resize=525%2C300 1.5x, https:\/\/i0.wp.com\/ismaelcolosi.com.br\/wp-content\/uploads\/2023\/11\/trem-de-natal.jpg?fit=1200%2C801&ssl=1&resize=700%2C400 2x, https:\/\/i0.wp.com\/ismaelcolosi.com.br\/wp-content\/uploads\/2023\/11\/trem-de-natal.jpg?fit=1200%2C801&ssl=1&resize=1050%2C600 3x"},"classes":[]},{"id":39249,"url":"https:\/\/ismaelcolosi.com.br\/index.php\/2024\/02\/24\/com-novo-treinador-comercial-vista-a-portuguesa-santista\/","url_meta":{"origin":13326,"position":3},"title":"Com novo treinador, Comercial vista a Portuguesa Santista\u00a0\u00a0","author":"ismaelcolosi.com.br","date":"24 de Fevereiro de 2024","format":false,"excerpt":"[ad_1] O Comercial vive um calv\u00e1rio em 2024. Al\u00e9m dos problemas extracampo, o Le\u00e3o do Norte tem se manter na S\u00e9rie A2 do Campeonato Paulista. O Bafo tem mais oportunidade de tentar sua primeira vit\u00f3ria na competi\u00e7\u00e3o neste s\u00e1bado, diante da Portuguesa Santista. O confronto acontece as 15h, no est\u00e1dio\u2026","rel":"","context":"In &quot;Not\u00edcias de Ribeir\u00e3o Preto-SP e Regi\u00e3o&quot;","block_context":{"text":"Not\u00edcias de Ribeir\u00e3o Preto-SP e Regi\u00e3o","link":"https:\/\/ismaelcolosi.com.br\/index.php\/category\/noticias-de-ribeirao-preto-sp-e-regiao-ismael-colosi\/"},"img":{"alt_text":"","src":"https:\/\/i0.wp.com\/ismaelcolosi.com.br\/wp-content\/uploads\/2024\/02\/Comercial-14-scaled.jpeg?fit=967%2C645&ssl=1&resize=350%2C200","width":350,"height":200,"srcset":"https:\/\/i0.wp.com\/ismaelcolosi.com.br\/wp-content\/uploads\/2024\/02\/Comercial-14-scaled.jpeg?fit=967%2C645&ssl=1&resize=350%2C200 1x, https:\/\/i0.wp.com\/ismaelcolosi.com.br\/wp-content\/uploads\/2024\/02\/Comercial-14-scaled.jpeg?fit=967%2C645&ssl=1&resize=525%2C300 1.5x, https:\/\/i0.wp.com\/ismaelcolosi.com.br\/wp-content\/uploads\/2024\/02\/Comercial-14-scaled.jpeg?fit=967%2C645&ssl=1&resize=700%2C400 2x"},"classes":[]},{"id":67017,"url":"https:\/\/ismaelcolosi.com.br\/index.php\/2024\/09\/20\/joss-stone-e-blues-festival-veja-a-agenda-do-fim-de-semana-em-ribeirao-preto\/","url_meta":{"origin":13326,"position":4},"title":"Joss Stone e Blues Festival: Veja a agenda do fim de semana em Ribeir\u00e3o Preto","author":"ismaelcolosi.com.br","date":"20 de Setembro de 2024","format":false,"excerpt":"[ad_1] Mais um fim de semana chegou e Ribeir\u00e3o Preto conta com diversas atividades culturais para curtir em fam\u00edlia, com amigos ou sozinho. Para quem prefere shows, Joss Stone e Blues Festival prometem uma programa\u00e7\u00e3o musical animad\u00edssima, outra op\u00e7\u00e3o \u00e9 a Feira de Orqu\u00eddeas marca a chegada da primavera. Confira\u2026","rel":"","context":"In &quot;Not\u00edcias de Ribeir\u00e3o Preto-SP e Regi\u00e3o&quot;","block_context":{"text":"Not\u00edcias de Ribeir\u00e3o Preto-SP e Regi\u00e3o","link":"https:\/\/ismaelcolosi.com.br\/index.php\/category\/noticias-de-ribeirao-preto-sp-e-regiao-ismael-colosi\/"},"img":{"alt_text":"","src":"https:\/\/i0.wp.com\/ismaelcolosi.com.br\/wp-content\/uploads\/2024\/06\/Capturar_2024-06-26_14-26-26_jpg_2024-06-26_14-26-26.webp.webp?fit=903%2C630&ssl=1&resize=350%2C200","width":350,"height":200,"srcset":"https:\/\/i0.wp.com\/ismaelcolosi.com.br\/wp-content\/uploads\/2024\/06\/Capturar_2024-06-26_14-26-26_jpg_2024-06-26_14-26-26.webp.webp?fit=903%2C630&ssl=1&resize=350%2C200 1x, https:\/\/i0.wp.com\/ismaelcolosi.com.br\/wp-content\/uploads\/2024\/06\/Capturar_2024-06-26_14-26-26_jpg_2024-06-26_14-26-26.webp.webp?fit=903%2C630&ssl=1&resize=525%2C300 1.5x, https:\/\/i0.wp.com\/ismaelcolosi.com.br\/wp-content\/uploads\/2024\/06\/Capturar_2024-06-26_14-26-26_jpg_2024-06-26_14-26-26.webp.webp?fit=903%2C630&ssl=1&resize=700%2C400 2x"},"classes":[]},{"id":53915,"url":"https:\/\/ismaelcolosi.com.br\/index.php\/2024\/06\/20\/chrystian-que-fez-dupla-com-ralf-faria-show-em-ribeirao-preto-saiba-mais\/","url_meta":{"origin":13326,"position":5},"title":"Chrystian que fez dupla com Ralf faria show em Ribeir\u00e3o Preto; Saiba mais","author":"ismaelcolosi.com.br","date":"20 de Junho de 2024","format":false,"excerpt":"[ad_1] O cantor Chrystian, que fazia dupla com o irm\u00e3o Ralf, tinha participa\u00e7\u00e3o em um show marcado em Ribeir\u00e3o Preto no m\u00eas de agosto. O sertanejo morreu na quarta-feira (19) em um hospital de S\u00e3o Paulo. A apresenta\u00e7\u00e3o seria durante o show \u201cGrandes Encontros com Renato Teixeira e Orquestra Paulista\u2026","rel":"","context":"In &quot;Not\u00edcias de Ribeir\u00e3o Preto-SP e Regi\u00e3o&quot;","block_context":{"text":"Not\u00edcias de Ribeir\u00e3o Preto-SP e Regi\u00e3o","link":"https:\/\/ismaelcolosi.com.br\/index.php\/category\/noticias-de-ribeirao-preto-sp-e-regiao-ismael-colosi\/"},"img":{"alt_text":"","src":"https:\/\/i0.wp.com\/ismaelcolosi.com.br\/wp-content\/uploads\/2024\/06\/Copia-de-Copia-de-TAMANHO-EXATO-PARA-FOTOS-NO-SISTEMA-NOVO_2024-06-20_14-40-19_jpg_2024-06-20_14-40-19.webp.webp?fit=1200%2C675&ssl=1&resize=350%2C200","width":350,"height":200,"srcset":"https:\/\/i0.wp.com\/ismaelcolosi.com.br\/wp-content\/uploads\/2024\/06\/Copia-de-Copia-de-TAMANHO-EXATO-PARA-FOTOS-NO-SISTEMA-NOVO_2024-06-20_14-40-19_jpg_2024-06-20_14-40-19.webp.webp?fit=1200%2C675&ssl=1&resize=350%2C200 1x, https:\/\/i0.wp.com\/ismaelcolosi.com.br\/wp-content\/uploads\/2024\/06\/Copia-de-Copia-de-TAMANHO-EXATO-PARA-FOTOS-NO-SISTEMA-NOVO_2024-06-20_14-40-19_jpg_2024-06-20_14-40-19.webp.webp?fit=1200%2C675&ssl=1&resize=525%2C300 1.5x, https:\/\/i0.wp.com\/ismaelcolosi.com.br\/wp-content\/uploads\/2024\/06\/Copia-de-Copia-de-TAMANHO-EXATO-PARA-FOTOS-NO-SISTEMA-NOVO_2024-06-20_14-40-19_jpg_2024-06-20_14-40-19.webp.webp?fit=1200%2C675&ssl=1&resize=700%2C400 2x, https:\/\/i0.wp.com\/ismaelcolosi.com.br\/wp-content\/uploads\/2024\/06\/Copia-de-Copia-de-TAMANHO-EXATO-PARA-FOTOS-NO-SISTEMA-NOVO_2024-06-20_14-40-19_jpg_2024-06-20_14-40-19.webp.webp?fit=1200%2C675&ssl=1&resize=1050%2C600 3x"},"classes":[]}],"jetpack_sharing_enabled":true,"jetpack_shortlink":"https:\/\/wp.me\/pfMlyK-3sW","jetpack_featured_media_url":"https:\/\/i0.wp.com\/ismaelcolosi.com.br\/wp-content\/uploads\/2023\/12\/399014758_18323419909096281_8632289170310208741_n.jpg?fit=1080%2C570&ssl=1","_links":{"self":[{"href":"https:\/\/ismaelcolosi.com.br\/index.php\/wp-json\/wp\/v2\/posts\/13326","targetHints":{"allow":["GET"]}}],"collection":[{"href":"https:\/\/ismaelcolosi.com.br\/index.php\/wp-json\/wp\/v2\/posts"}],"about":[{"href":"https:\/\/ismaelcolosi.com.br\/index.php\/wp-json\/wp\/v2\/types\/post"}],"author":[{"embeddable":true,"href":"https:\/\/ismaelcolosi.com.br\/index.php\/wp-json\/wp\/v2\/users\/1"}],"replies":[{"embeddable":true,"href":"https:\/\/ismaelcolosi.com.br\/index.php\/wp-json\/wp\/v2\/comments?post=13326"}],"version-history":[{"count":0,"href":"https:\/\/ismaelcolosi.com.br\/index.php\/wp-json\/wp\/v2\/posts\/13326\/revisions"}],"wp:featuredmedia":[{"embeddable":true,"href":"https:\/\/ismaelcolosi.com.br\/index.php\/wp-json\/wp\/v2\/media\/13327"}],"wp:attachment":[{"href":"https:\/\/ismaelcolosi.com.br\/index.php\/wp-json\/wp\/v2\/media?parent=13326"}],"wp:term":[{"taxonomy":"category","embeddable":true,"href":"https:\/\/ismaelcolosi.com.br\/index.php\/wp-json\/wp\/v2\/categories?post=13326"},{"taxonomy":"post_tag","embeddable":true,"href":"https:\/\/ismaelcolosi.com.br\/index.php\/wp-json\/wp\/v2\/tags?post=13326"}],"curies":[{"name":"wp","href":"https:\/\/api.w.org\/{rel}","templated":true}]}}