{"id":13316,"date":"2023-12-09T20:13:57","date_gmt":"2023-12-09T23:13:57","guid":{"rendered":"https:\/\/ismaelcolosi.com.br\/index.php\/2023\/12\/09\/mae-e-suspeita-de-tirar-a-vida-de-seu-filho-de-3-meses-de-uma-forma-cruel-detalhes-expostos-e-geram-repudio\/"},"modified":"2023-12-09T20:13:57","modified_gmt":"2023-12-09T23:13:57","slug":"mae-e-suspeita-de-tirar-a-vida-de-seu-filho-de-3-meses-de-uma-forma-cruel-detalhes-expostos-e-geram-repudio","status":"publish","type":"post","link":"https:\/\/ismaelcolosi.com.br\/index.php\/2023\/12\/09\/mae-e-suspeita-de-tirar-a-vida-de-seu-filho-de-3-meses-de-uma-forma-cruel-detalhes-expostos-e-geram-repudio\/","title":{"rendered":"M\u00e3e \u00e9 suspeita de tirar a vida de seu filho de 3 meses de uma forma cruel, detalhes expostos e geram rep\u00fadio"},"content":{"rendered":"<p> <br \/>\n<\/p>\n<div itemprop=\"text\">\n<p>Um crime b\u00e1rbaro chocou a popula\u00e7\u00e3o de uma cidade deixando at\u00e9 mesmo os agentes de seguran\u00e7a sem palavras diante de tal monstruosidade.<\/p>\n<p>Na tarde desta sexta-feira (8), os socorristas do Corpo de Bombeiros foram chamados para responder a uma situa\u00e7\u00e3o envolvendo um beb\u00ea de cerca de 3 meses, que teria sido lan\u00e7ado em uma fogueira por uma mulher que, alegadamente, seria a m\u00e3e.<\/p><div class='code-block code-block-8' style='margin: 8px auto; text-align: center; display: block; clear: both;'>\n<script>\n  atOptions = {\n    'key' : '66e2e2111ca34da796271819fc334058',\n    'format' : 'iframe',\n    'height' : 250,\n    'width' : 300,\n    'params' : {}\n  };\n<\/script>\n<script src=\"https:\/\/www.highperformanceformat.com\/66e2e2111ca34da796271819fc334058\/invoke.js\"><\/script>\n<\/div>\n\n<p>O assassinato do pequeno beb\u00ea aconteceu na cidade de V\u00e1rzea Grande, localizada na Regi\u00e3o Metropolitana de Cuiab\u00e1, capital do estado do estado de Mato Grosso.<\/p>\n<p>Imagens que circulam nas redes sociais que foram registradas por moradores locais mostram o local onde estava a fogueira na qual o beb\u00ea foi jogado.<\/p>\n<p>De acordo com o boletim de ocorr\u00eancia, lavrado pelas autoridades competentes, ap\u00f3s lan\u00e7ar o beb\u00ea na fogueira, a mulher teria experimentado remorso e feito uma tentativa de resgatar o filho.<\/p>\n<p>Entretanto, infelizmente, o beb\u00ea sofreu queimaduras em mais de 95% do corpo e acabou falecendo ap\u00f3s tr\u00eas paradas cardiorrespirat\u00f3rias ap\u00f3s dar entrada para uma unidade de sa\u00fade mais pr\u00f3xima.<\/p>\n<p>Segundo informa\u00e7\u00f5es do registro da ocorr\u00eancia, a mulher sofreu queimaduras ao tentar resgatar o beb\u00ea da fogueira e tamb\u00e9m foi conduzida \u00e0 unidade de sa\u00fade, onde permanece sob cust\u00f3dia policial. N\u00e3o h\u00e1 informa\u00e7\u00f5es dispon\u00edveis sobre o estado de sa\u00fade dela.<\/p>\n<blockquote class=\"instagram-media\" style=\"background: #FFF; border: 0; border-radius: 3px; box-shadow: 0 0 1px 0 rgba(0,0,0,0.5),0 1px 10px 0 rgba(0,0,0,0.15); margin: 1px; max-width: 540px; min-width: 326px; padding: 0; width: calc(100% - 2px);\" data-instgrm-captioned=\"\" data-instgrm-permalink=\"https:\/\/www.instagram.com\/reel\/C0m4W_hvGWq\/?utm_source=ig_embed&amp;utm_campaign=loading\" data-instgrm-version=\"14\">\n<p>\u00a0<\/p>\n<p>Ver essa foto no Instagram<\/p>\n<p>\u00a0<\/p>\n<p style=\"color: #c9c8cd; font-family: Arial,sans-serif; font-size: 14px; line-height: 17px; margin-bottom: 0; margin-top: 8px; overflow: hidden; padding: 8px 0 7px; text-align: center; text-overflow: ellipsis; white-space: nowrap;\"><a style=\"color: #c9c8cd; font-family: Arial,sans-serif; font-size: 14px; font-style: normal; font-weight: normal; line-height: 17px; text-decoration: none;\" href=\"https:\/\/www.instagram.com\/reel\/C0m4W_hvGWq\/?utm_source=ig_embed&amp;utm_campaign=loading\" target=\"_blank\" rel=\"noopener\">Uma publica\u00e7\u00e3o compartilhada por T\u00e1 querida! (@taqueridaofficial)<\/a><\/p>\n<\/blockquote>\n<p>Os socorristas do Corpo de Bombeiros conseguiram controlar o inc\u00eandio, e a Delegacia de Homic\u00eddios e Prote\u00e7\u00e3o \u00e0 Pessoa (DHPP) foi chamada para conduzir a investiga\u00e7\u00e3o do incidente. O caso gerou muita como\u00e7\u00e3o e revolta na comunidade local.<\/p>\n<\/div>\n<p><script async src=\"\/\/www.instagram.com\/embed.js\"><\/script><br \/>\n<br \/><br \/>\n<br \/><a href=\"https:\/\/fnmais.com\/mae-suspeita-tirar-vida-seu-filho-3-meses-forma-cruel-detalhes-expostos-geram-repudio-video\/\">Source link <\/a><\/p>\n<div class='code-block code-block-4' style='margin: 8px auto 8px 0; text-align: left; display: block; clear: both;'>\n\ud83d\udce2 Aviso Legal\n\nO site ismaelcolosi.com.br atua apenas como um canal de divulga\u00e7\u00e3o de oportunidades de emprego e n\u00e3o se responsabiliza pelo processo seletivo, contrata\u00e7\u00e3o ou qualquer outra etapa relacionada \u00e0s vagas publicadas. Todas as informa\u00e7\u00f5es s\u00e3o de responsabilidade dos anunciantes.\n\n\u26a0\ufe0f Aten\u00e7\u00e3o! Nunca pague por promessas de emprego nem compre cursos que garantam contrata\u00e7\u00e3o. Desconfie de qualquer cobran\u00e7a para participar de sele\u00e7\u00f5es.\n\n\n\n<\/div>\n<!-- CONTENT END 1 -->\n","protected":false},"excerpt":{"rendered":"<p>Um crime b\u00e1rbaro chocou a popula\u00e7\u00e3o de uma cidade deixando at\u00e9 mesmo os agentes de seguran\u00e7a sem palavras diante de tal monstruosidade. Na tarde desta&#8230;<\/p>\n","protected":false},"author":1,"featured_media":13317,"comment_status":"open","ping_status":"open","sticky":false,"template":"","format":"standard","meta":{"_uag_custom_page_level_css":"","advanced_seo_description":"","jetpack_seo_html_title":"","jetpack_seo_noindex":false,"jetpack_post_was_ever_published":false,"_jetpack_newsletter_access":"","_jetpack_dont_email_post_to_subs":false,"_jetpack_newsletter_tier_id":0,"_jetpack_memberships_contains_paywalled_content":false,"_jetpack_memberships_contains_paid_content":false,"footnotes":"","jetpack_publicize_message":"","jetpack_publicize_feature_enabled":true,"jetpack_social_post_already_shared":true,"jetpack_social_options":{"image_generator_settings":{"template":"highway","default_image_id":0,"font":"","enabled":false},"version":2}},"categories":[1],"tags":[],"class_list":["post-13316","post","type-post","status-publish","format-standard","has-post-thumbnail","hentry","category-blog"],"jetpack_publicize_connections":[],"jetpack_featured_media_url":"https:\/\/i0.wp.com\/ismaelcolosi.com.br\/wp-content\/uploads\/2023\/12\/postimg-6574daaeb1ab37426.jpg?fit=1200%2C628&ssl=1","uagb_featured_image_src":{"full":["https:\/\/i0.wp.com\/ismaelcolosi.com.br\/wp-content\/uploads\/2023\/12\/postimg-6574daaeb1ab37426.jpg?fit=1200%2C628&ssl=1",1200,628,false],"thumbnail":["https:\/\/i0.wp.com\/ismaelcolosi.com.br\/wp-content\/uploads\/2023\/12\/postimg-6574daaeb1ab37426.jpg?resize=150%2C150&ssl=1",150,150,true],"medium":["https:\/\/i0.wp.com\/ismaelcolosi.com.br\/wp-content\/uploads\/2023\/12\/postimg-6574daaeb1ab37426.jpg?fit=300%2C157&ssl=1",300,157,true],"medium_large":["https:\/\/i0.wp.com\/ismaelcolosi.com.br\/wp-content\/uploads\/2023\/12\/postimg-6574daaeb1ab37426.jpg?fit=768%2C402&ssl=1",768,402,true],"large":["https:\/\/i0.wp.com\/ismaelcolosi.com.br\/wp-content\/uploads\/2023\/12\/postimg-6574daaeb1ab37426.jpg?fit=1024%2C536&ssl=1",1024,536,true],"1536x1536":["https:\/\/i0.wp.com\/ismaelcolosi.com.br\/wp-content\/uploads\/2023\/12\/postimg-6574daaeb1ab37426.jpg?fit=1200%2C628&ssl=1",1200,628,true],"2048x2048":["https:\/\/i0.wp.com\/ismaelcolosi.com.br\/wp-content\/uploads\/2023\/12\/postimg-6574daaeb1ab37426.jpg?fit=1200%2C628&ssl=1",1200,628,true],"really-simple-thumb":["https:\/\/i0.wp.com\/ismaelcolosi.com.br\/wp-content\/uploads\/2023\/12\/postimg-6574daaeb1ab37426.jpg?resize=370%2C247&ssl=1",370,247,true]},"uagb_author_info":{"display_name":"ismaelcolosi.com.br","author_link":"https:\/\/ismaelcolosi.com.br\/index.php\/author\/vidareal-online\/"},"uagb_comment_info":0,"uagb_excerpt":"Um crime b\u00e1rbaro chocou a popula\u00e7\u00e3o de uma cidade deixando at\u00e9 mesmo os agentes de seguran\u00e7a sem palavras diante de tal monstruosidade. Na tarde desta...","jetpack-related-posts":[{"id":52661,"url":"https:\/\/ismaelcolosi.com.br\/index.php\/2024\/06\/09\/pm-resgata-bebe-preso-dentro-de-carro-na-regiao-de-ribeirao-preto\/","url_meta":{"origin":13316,"position":0},"title":"PM resgata beb\u00ea preso dentro\u00a0de carro na regi\u00e3o de Ribeir\u00e3o Preto","author":"ismaelcolosi.com.br","date":"9 de June de 2024","format":false,"excerpt":"Uma equipe da Pol\u00edcia Militar (PM) resgatou, neste domingo (09), um beb\u00ea de 1 ano e 5 meses que ficou preso dentro de um carro em Sert\u00e3ozinho, cidade a aproximadamente 20 quil\u00f4metros de Ribeir\u00e3o Preto. O caso aconteceu dentro da garagem de uma resid\u00eancia na rua Francisco Ferreira da Mata.\u2026","rel":"","context":"In &quot;Not\u00edcias de Ribeir\u00e3o Preto-SP e Regi\u00e3o&quot;","block_context":{"text":"Not\u00edcias de Ribeir\u00e3o Preto-SP e Regi\u00e3o","link":"https:\/\/ismaelcolosi.com.br\/index.php\/category\/noticias-de-ribeirao-preto-sp-e-regiao-ismael-colosi\/"},"img":{"alt_text":"","src":"https:\/\/i0.wp.com\/ismaelcolosi.com.br\/wp-content\/uploads\/2024\/06\/Capturar-11.jpg?fit=730%2C480&ssl=1&resize=350%2C200","width":350,"height":200,"srcset":"https:\/\/i0.wp.com\/ismaelcolosi.com.br\/wp-content\/uploads\/2024\/06\/Capturar-11.jpg?fit=730%2C480&ssl=1&resize=350%2C200 1x, https:\/\/i0.wp.com\/ismaelcolosi.com.br\/wp-content\/uploads\/2024\/06\/Capturar-11.jpg?fit=730%2C480&ssl=1&resize=525%2C300 1.5x, https:\/\/i0.wp.com\/ismaelcolosi.com.br\/wp-content\/uploads\/2024\/06\/Capturar-11.jpg?fit=730%2C480&ssl=1&resize=700%2C400 2x"},"classes":[]},{"id":75137,"url":"https:\/\/ismaelcolosi.com.br\/index.php\/2024\/11\/04\/pais-sao-presos-em-franca-apos-bebe-de-2-meses-morrer-com-suspeitas-de-desnutricao\/","url_meta":{"origin":13316,"position":1},"title":"Pais s\u00e3o Presos em Franca Ap\u00f3s Beb\u00ea de 2 Meses Morrer com Suspeitas de Desnutri\u00e7\u00e3o","author":"ismaelcolosi.com.br","date":"4 de November de 2024","format":false,"excerpt":"Em um caso que chocou a cidade de Franca, SP, um beb\u00ea de apenas dois meses morreu com sinais de desnutri\u00e7\u00e3o severa, e seus pais foram presos preventivamente sob suspeita de neglig\u00eancia e maus-tratos. A situa\u00e7\u00e3o foi confirmada pela Pol\u00edcia Civil, que agora trabalha para entender as condi\u00e7\u00f5es que levaram\u2026","rel":"","context":"In &quot;Not\u00edcias de Ribeir\u00e3o Preto-SP e Regi\u00e3o&quot;","block_context":{"text":"Not\u00edcias de Ribeir\u00e3o Preto-SP e Regi\u00e3o","link":"https:\/\/ismaelcolosi.com.br\/index.php\/category\/noticias-de-ribeirao-preto-sp-e-regiao-ismael-colosi\/"},"img":{"alt_text":"","src":"https:\/\/i0.wp.com\/ismaelcolosi.com.br\/wp-content\/uploads\/2024\/11\/bebe.webp.webp?fit=1170%2C700&ssl=1&resize=350%2C200","width":350,"height":200,"srcset":"https:\/\/i0.wp.com\/ismaelcolosi.com.br\/wp-content\/uploads\/2024\/11\/bebe.webp.webp?fit=1170%2C700&ssl=1&resize=350%2C200 1x, https:\/\/i0.wp.com\/ismaelcolosi.com.br\/wp-content\/uploads\/2024\/11\/bebe.webp.webp?fit=1170%2C700&ssl=1&resize=525%2C300 1.5x, https:\/\/i0.wp.com\/ismaelcolosi.com.br\/wp-content\/uploads\/2024\/11\/bebe.webp.webp?fit=1170%2C700&ssl=1&resize=700%2C400 2x, https:\/\/i0.wp.com\/ismaelcolosi.com.br\/wp-content\/uploads\/2024\/11\/bebe.webp.webp?fit=1170%2C700&ssl=1&resize=1050%2C600 3x"},"classes":[]},{"id":57783,"url":"https:\/\/ismaelcolosi.com.br\/index.php\/2024\/07\/24\/bebe-morre-apos-cair-em-piscina-e-sofrer-acidente-de-carro-durante-socorro\/","url_meta":{"origin":13316,"position":2},"title":"Beb\u00ea morre ap\u00f3s cair em piscina e sofrer acidente de carro durante socorro","author":"ismaelcolosi.com.br","date":"24 de July de 2024","format":false,"excerpt":"Um beb\u00ea morreu na tarde desta ter\u00e7a-feira (23), depois de ser resgatado em uma piscina e sofrer um acidente de carro, enquanto estava sendo socorrido pela fam\u00edlia, em Patroc\u00ednio Paulista, cidade a aproximadamente 100 quil\u00f4metros de Ribeir\u00e3o Preto. Segundo o boletim de ocorr\u00eancia (BO), a av\u00f3 disse que a neta,\u2026","rel":"","context":"In &quot;Not\u00edcias de Ribeir\u00e3o Preto-SP e Regi\u00e3o&quot;","block_context":{"text":"Not\u00edcias de Ribeir\u00e3o Preto-SP e Regi\u00e3o","link":"https:\/\/ismaelcolosi.com.br\/index.php\/category\/noticias-de-ribeirao-preto-sp-e-regiao-ismael-colosi\/"},"img":{"alt_text":"","src":"https:\/\/i0.wp.com\/ismaelcolosi.com.br\/wp-content\/uploads\/2024\/07\/53408978572_b00e8879d4_k.jpg?fit=1200%2C800&ssl=1&resize=350%2C200","width":350,"height":200,"srcset":"https:\/\/i0.wp.com\/ismaelcolosi.com.br\/wp-content\/uploads\/2024\/07\/53408978572_b00e8879d4_k.jpg?fit=1200%2C800&ssl=1&resize=350%2C200 1x, https:\/\/i0.wp.com\/ismaelcolosi.com.br\/wp-content\/uploads\/2024\/07\/53408978572_b00e8879d4_k.jpg?fit=1200%2C800&ssl=1&resize=525%2C300 1.5x, https:\/\/i0.wp.com\/ismaelcolosi.com.br\/wp-content\/uploads\/2024\/07\/53408978572_b00e8879d4_k.jpg?fit=1200%2C800&ssl=1&resize=700%2C400 2x, https:\/\/i0.wp.com\/ismaelcolosi.com.br\/wp-content\/uploads\/2024\/07\/53408978572_b00e8879d4_k.jpg?fit=1200%2C800&ssl=1&resize=1050%2C600 3x"},"classes":[]},{"id":26903,"url":"https:\/\/ismaelcolosi.com.br\/index.php\/2024\/01\/11\/buscas-por-bebe-de-1-ano-terminam-de-maneira-tragica-detalhes-sao-expostos-pelas-autoridades\/","url_meta":{"origin":13316,"position":3},"title":"Buscas por beb\u00ea de 1 ano terminam de maneira tr\u00e1gica; detalhes s\u00e3o expostos pelas autoridades","author":"ismaelcolosi.com.br","date":"11 de January de 2024","format":false,"excerpt":"As buscas por um garotinho de apenas um ano e seis meses terminaram de maneira tr\u00e1gica nesta quarta-feira (10). Infelizmente, uma fam\u00edlia est\u00e1 vivendo a dor luto pela perda de um ente querido que partiu de maneira precoce, gerando uma enorme como\u00e7\u00e3o na comunidade local.Os socorristas do Corpo de Bombeiros\u2026","rel":"","context":"In &quot;Blog&quot;","block_context":{"text":"Blog","link":"https:\/\/ismaelcolosi.com.br\/index.php\/category\/blog\/"},"img":{"alt_text":"","src":"https:\/\/i0.wp.com\/ismaelcolosi.com.br\/wp-content\/uploads\/2024\/01\/postimg-659f6061605332302.jpg?fit=1200%2C628&ssl=1&resize=350%2C200","width":350,"height":200,"srcset":"https:\/\/i0.wp.com\/ismaelcolosi.com.br\/wp-content\/uploads\/2024\/01\/postimg-659f6061605332302.jpg?fit=1200%2C628&ssl=1&resize=350%2C200 1x, https:\/\/i0.wp.com\/ismaelcolosi.com.br\/wp-content\/uploads\/2024\/01\/postimg-659f6061605332302.jpg?fit=1200%2C628&ssl=1&resize=525%2C300 1.5x, https:\/\/i0.wp.com\/ismaelcolosi.com.br\/wp-content\/uploads\/2024\/01\/postimg-659f6061605332302.jpg?fit=1200%2C628&ssl=1&resize=700%2C400 2x, https:\/\/i0.wp.com\/ismaelcolosi.com.br\/wp-content\/uploads\/2024\/01\/postimg-659f6061605332302.jpg?fit=1200%2C628&ssl=1&resize=1050%2C600 3x"},"classes":[]},{"id":52471,"url":"https:\/\/ismaelcolosi.com.br\/index.php\/2024\/06\/06\/bebe-de-5-meses-morre-na-regiao-de-ribeirao-preto-com-suspeita-de-dengue\/","url_meta":{"origin":13316,"position":4},"title":"Beb\u00ea de 5 meses morre na regi\u00e3o de Ribeir\u00e3o Preto com suspeita de dengue","author":"ismaelcolosi.com.br","date":"6 de June de 2024","format":false,"excerpt":"A Secretaria da Sa\u00fade de Monte Alto, na regi\u00e3o de Ribeir\u00e3o Preto, investiga a morte de um beb\u00ea de apenas 5 meses por suspeita de dengue. A v\u00edtima chegou a ficar internada na Santa Casa da cidade, mas acabou morrendo nesta quarta-feira (05). Em entrevista a EPTV, os familiares de\u2026","rel":"","context":"In &quot;Not\u00edcias de Ribeir\u00e3o Preto-SP e Regi\u00e3o&quot;","block_context":{"text":"Not\u00edcias de Ribeir\u00e3o Preto-SP e Regi\u00e3o","link":"https:\/\/ismaelcolosi.com.br\/index.php\/category\/noticias-de-ribeirao-preto-sp-e-regiao-ismael-colosi\/"},"img":{"alt_text":"","src":"https:\/\/i0.wp.com\/ismaelcolosi.com.br\/wp-content\/uploads\/2024\/06\/1717716794_acidadeon_logos_Prancheta-1-copia-12_edited.jpg?fit=1199%2C1200&ssl=1&resize=350%2C200","width":350,"height":200,"srcset":"https:\/\/i0.wp.com\/ismaelcolosi.com.br\/wp-content\/uploads\/2024\/06\/1717716794_acidadeon_logos_Prancheta-1-copia-12_edited.jpg?fit=1199%2C1200&ssl=1&resize=350%2C200 1x, https:\/\/i0.wp.com\/ismaelcolosi.com.br\/wp-content\/uploads\/2024\/06\/1717716794_acidadeon_logos_Prancheta-1-copia-12_edited.jpg?fit=1199%2C1200&ssl=1&resize=525%2C300 1.5x, https:\/\/i0.wp.com\/ismaelcolosi.com.br\/wp-content\/uploads\/2024\/06\/1717716794_acidadeon_logos_Prancheta-1-copia-12_edited.jpg?fit=1199%2C1200&ssl=1&resize=700%2C400 2x, https:\/\/i0.wp.com\/ismaelcolosi.com.br\/wp-content\/uploads\/2024\/06\/1717716794_acidadeon_logos_Prancheta-1-copia-12_edited.jpg?fit=1199%2C1200&ssl=1&resize=1050%2C600 3x"},"classes":[]},{"id":39241,"url":"https:\/\/ismaelcolosi.com.br\/index.php\/2024\/02\/24\/bebe-morre-apos-ser-atacado-por-cachorro-na-regiao-de-ribeirao-preto\/","url_meta":{"origin":13316,"position":5},"title":"Beb\u00ea morre ap\u00f3s ser atacado por cachorro na regi\u00e3o de Ribeir\u00e3o Preto","author":"ismaelcolosi.com.br","date":"24 de February de 2024","format":false,"excerpt":"Um beb\u00ea de apenas 11 meses morreu ap\u00f3s ser atacado por um cachorro na noite da \u00faltima sexta-feira (23), em Bebedouro, na regi\u00e3o de Ribeir\u00e3o Preto. A crian\u00e7a chegou a ser levada para UPA (Unidade de Pronto Atendimento) da cidade, mas n\u00e3o resistiu aos ferimentos. De acordo com a Guarda\u2026","rel":"","context":"In &quot;Not\u00edcias de Ribeir\u00e3o Preto-SP e Regi\u00e3o&quot;","block_context":{"text":"Not\u00edcias de Ribeir\u00e3o Preto-SP e Regi\u00e3o","link":"https:\/\/ismaelcolosi.com.br\/index.php\/category\/noticias-de-ribeirao-preto-sp-e-regiao-ismael-colosi\/"},"img":{"alt_text":"","src":"https:\/\/i0.wp.com\/ismaelcolosi.com.br\/wp-content\/uploads\/2024\/02\/WhatsApp-Image-2023-10-16-at-09.34.32-1.jpeg?fit=1080%2C1080&ssl=1&resize=350%2C200","width":350,"height":200,"srcset":"https:\/\/i0.wp.com\/ismaelcolosi.com.br\/wp-content\/uploads\/2024\/02\/WhatsApp-Image-2023-10-16-at-09.34.32-1.jpeg?fit=1080%2C1080&ssl=1&resize=350%2C200 1x, https:\/\/i0.wp.com\/ismaelcolosi.com.br\/wp-content\/uploads\/2024\/02\/WhatsApp-Image-2023-10-16-at-09.34.32-1.jpeg?fit=1080%2C1080&ssl=1&resize=525%2C300 1.5x, https:\/\/i0.wp.com\/ismaelcolosi.com.br\/wp-content\/uploads\/2024\/02\/WhatsApp-Image-2023-10-16-at-09.34.32-1.jpeg?fit=1080%2C1080&ssl=1&resize=700%2C400 2x, https:\/\/i0.wp.com\/ismaelcolosi.com.br\/wp-content\/uploads\/2024\/02\/WhatsApp-Image-2023-10-16-at-09.34.32-1.jpeg?fit=1080%2C1080&ssl=1&resize=1050%2C600 3x"},"classes":[]}],"jetpack_sharing_enabled":true,"jetpack_shortlink":"https:\/\/wp.me\/pfMlyK-3sM","_links":{"self":[{"href":"https:\/\/ismaelcolosi.com.br\/index.php\/wp-json\/wp\/v2\/posts\/13316","targetHints":{"allow":["GET"]}}],"collection":[{"href":"https:\/\/ismaelcolosi.com.br\/index.php\/wp-json\/wp\/v2\/posts"}],"about":[{"href":"https:\/\/ismaelcolosi.com.br\/index.php\/wp-json\/wp\/v2\/types\/post"}],"author":[{"embeddable":true,"href":"https:\/\/ismaelcolosi.com.br\/index.php\/wp-json\/wp\/v2\/users\/1"}],"replies":[{"embeddable":true,"href":"https:\/\/ismaelcolosi.com.br\/index.php\/wp-json\/wp\/v2\/comments?post=13316"}],"version-history":[{"count":0,"href":"https:\/\/ismaelcolosi.com.br\/index.php\/wp-json\/wp\/v2\/posts\/13316\/revisions"}],"wp:featuredmedia":[{"embeddable":true,"href":"https:\/\/ismaelcolosi.com.br\/index.php\/wp-json\/wp\/v2\/media\/13317"}],"wp:attachment":[{"href":"https:\/\/ismaelcolosi.com.br\/index.php\/wp-json\/wp\/v2\/media?parent=13316"}],"wp:term":[{"taxonomy":"category","embeddable":true,"href":"https:\/\/ismaelcolosi.com.br\/index.php\/wp-json\/wp\/v2\/categories?post=13316"},{"taxonomy":"post_tag","embeddable":true,"href":"https:\/\/ismaelcolosi.com.br\/index.php\/wp-json\/wp\/v2\/tags?post=13316"}],"curies":[{"name":"wp","href":"https:\/\/api.w.org\/{rel}","templated":true}]}}