{"id":13308,"date":"2023-12-09T19:58:26","date_gmt":"2023-12-09T22:58:26","guid":{"rendered":"https:\/\/ismaelcolosi.com.br\/index.php\/2023\/12\/09\/geraldo-luis-faz-apelo-aos-seus-fas-antes-de-estrear-em-novo-programa-me-ajuda-video\/"},"modified":"2023-12-09T19:58:26","modified_gmt":"2023-12-09T22:58:26","slug":"geraldo-luis-faz-apelo-aos-seus-fas-antes-de-estrear-em-novo-programa-me-ajuda-video","status":"publish","type":"post","link":"https:\/\/ismaelcolosi.com.br\/index.php\/2023\/12\/09\/geraldo-luis-faz-apelo-aos-seus-fas-antes-de-estrear-em-novo-programa-me-ajuda-video\/","title":{"rendered":"Geraldo Lu\u00eds faz apelo aos seus f\u00e3s antes de estrear em novo programa: &#8216;Me ajuda&#8217;; v\u00eddeo"},"content":{"rendered":"<p> <br \/>\n<\/p>\n<div itemprop=\"text\">\n<p>Neste \u00faltimo s\u00e1bado, dia 9 de dezembro, o famoso apresentador Geraldo Lu\u00eds surgiu nas redes sociais para realizar um apelo ao seu p\u00fablico.<\/p>\n<p>Acontece que o comunicador ir\u00e1 estrear em um novo programa na emissora de Marcelo de Carvalho e Amilcare Dallevo. O famoso se lembrou de como eram recebidas as sugest\u00f5es de pautas na televis\u00e3o antigamente.<\/p>\n<p>A atra\u00e7\u00e3o se chamar\u00e1 \u2018Geraldo do Povo\u2019 e ser\u00e1 exibida todos os domingos na televis\u00e3o aberta, contando com a dire\u00e7\u00e3o de Marlene Mattos, a ex-diretora da apresentadora Xuxa Meneghel, e que recentemente, teve o seu nome envolvido em uma grande pol\u00eamica.<\/p>\n<p>O famoso chegou a realizar uma publica\u00e7\u00e3o com Mattos em seu perfil, se sentindo feliz por essa nova etapa de sua carreira em sua vida e buscando contar com o apoio de seus seguidores.<\/p>\n<blockquote class=\"instagram-media\" style=\"background: #FFF; border: 0; border-radius: 3px; box-shadow: 0 0 1px 0 rgba(0,0,0,0.5),0 1px 10px 0 rgba(0,0,0,0.15); margin: 1px; max-width: 540px; min-width: 326px; padding: 0; width: calc(100% - 2px);\" data-instgrm-permalink=\"https:\/\/www.instagram.com\/reel\/C0pAF-Huq9N\/?utm_source=ig_embed&amp;utm_campaign=loading\" data-instgrm-version=\"14\">\n<p>\u00a0<\/p>\n<p>Ver essa foto no Instagram<\/p>\n<p>\u00a0<\/p>\n<p style=\"color: #c9c8cd; font-family: Arial,sans-serif; font-size: 14px; line-height: 17px; margin-bottom: 0; margin-top: 8px; overflow: hidden; padding: 8px 0 7px; text-align: center; text-overflow: ellipsis; white-space: nowrap;\"><a style=\"color: #c9c8cd; font-family: Arial,sans-serif; font-size: 14px; font-style: normal; font-weight: normal; line-height: 17px; text-decoration: none;\" href=\"https:\/\/www.instagram.com\/reel\/C0pAF-Huq9N\/?utm_source=ig_embed&amp;utm_campaign=loading\" target=\"_blank\" rel=\"noopener\">Uma publica\u00e7\u00e3o compartilhada por Geraldo Lui\u0301s (@geraldoluistv)<\/a><\/p>\n<\/blockquote>\n<p><strong>\u201cSe voc\u00ea tem a\u00ed na sua cidade um personagem, uma hist\u00f3ria curiosa e que chame a aten\u00e7\u00e3o me manda que eu vou gravar. Estou ca\u00e7ando hist\u00f3rias que emocionem pela verdade, quero voltar a encontrar meu povo. Mande tudo para esse e-mail<\/strong>\u201c, declarou, ao fazer um apelo.<\/p>\n<p>E em poucos minutos, diversos seguidores reagiram ao apelo que foi feito pelo apresentador, seja mandando suas pr\u00f3prias hist\u00f3rias ou comemorando a volta do apresentador que fez muito sucesso por conta de seu carisma e personalidade no Brasil.<\/p>\n<p>Alguns f\u00e3s ressaltaram que a aus\u00eancia de Geraldo Lu\u00eds na televis\u00e3o foi muito marcante, e que agora, eles est\u00e3o ansiosos para que o apresentador retorne.<\/p>\n<\/div>\n<p><script async src=\"\/\/www.instagram.com\/embed.js\"><\/script><br \/>\n<br \/><br \/>\n<br \/><a href=\"https:\/\/fnmais.com\/geraldo-luis-faz-apelo-aos-seus-fas-antes-estrear-em-novo-programa-me-ajuda-video\/\">Source link <\/a><\/p>\n<div class='code-block code-block-4' style='margin: 8px auto 8px 0; text-align: left; display: block; clear: both;'>\n\ud83d\udce2 Aviso Legal\n\nO site ismaelcolosi.com.br atua apenas como um canal de divulga\u00e7\u00e3o de oportunidades de emprego e n\u00e3o se responsabiliza pelo processo seletivo, contrata\u00e7\u00e3o ou qualquer outra etapa relacionada \u00e0s vagas publicadas. Todas as informa\u00e7\u00f5es s\u00e3o de responsabilidade dos anunciantes.\n\n\u26a0\ufe0f Aten\u00e7\u00e3o! Nunca pague por promessas de emprego nem compre cursos que garantam contrata\u00e7\u00e3o. Desconfie de qualquer cobran\u00e7a para participar de sele\u00e7\u00f5es.\n\n\n\n<\/div>\n<!-- CONTENT END 1 -->\n","protected":false},"excerpt":{"rendered":"<p>Neste \u00faltimo s\u00e1bado, dia 9 de dezembro, o famoso apresentador Geraldo Lu\u00eds surgiu nas redes sociais para realizar um apelo ao seu p\u00fablico. Acontece que&#8230;<\/p>\n","protected":false},"author":1,"featured_media":13309,"comment_status":"open","ping_status":"open","sticky":false,"template":"","format":"standard","meta":{"_uag_custom_page_level_css":"","advanced_seo_description":"","jetpack_seo_html_title":"","jetpack_seo_noindex":false,"jetpack_post_was_ever_published":false,"_jetpack_newsletter_access":"","_jetpack_dont_email_post_to_subs":false,"_jetpack_newsletter_tier_id":0,"_jetpack_memberships_contains_paywalled_content":false,"_jetpack_memberships_contains_paid_content":false,"footnotes":"","jetpack_publicize_message":"","jetpack_publicize_feature_enabled":true,"jetpack_social_post_already_shared":true,"jetpack_social_options":{"image_generator_settings":{"template":"highway","default_image_id":0,"font":"","enabled":false},"version":2}},"categories":[1],"tags":[],"class_list":["post-13308","post","type-post","status-publish","format-standard","has-post-thumbnail","hentry","category-blog"],"jetpack_publicize_connections":[],"jetpack_featured_media_url":"https:\/\/i0.wp.com\/ismaelcolosi.com.br\/wp-content\/uploads\/2023\/12\/postimg-6574ef8b8b3881239.jpg?fit=1200%2C628&ssl=1","uagb_featured_image_src":{"full":["https:\/\/i0.wp.com\/ismaelcolosi.com.br\/wp-content\/uploads\/2023\/12\/postimg-6574ef8b8b3881239.jpg?fit=1200%2C628&ssl=1",1200,628,false],"thumbnail":["https:\/\/i0.wp.com\/ismaelcolosi.com.br\/wp-content\/uploads\/2023\/12\/postimg-6574ef8b8b3881239.jpg?resize=150%2C150&ssl=1",150,150,true],"medium":["https:\/\/i0.wp.com\/ismaelcolosi.com.br\/wp-content\/uploads\/2023\/12\/postimg-6574ef8b8b3881239.jpg?fit=300%2C157&ssl=1",300,157,true],"medium_large":["https:\/\/i0.wp.com\/ismaelcolosi.com.br\/wp-content\/uploads\/2023\/12\/postimg-6574ef8b8b3881239.jpg?fit=768%2C402&ssl=1",768,402,true],"large":["https:\/\/i0.wp.com\/ismaelcolosi.com.br\/wp-content\/uploads\/2023\/12\/postimg-6574ef8b8b3881239.jpg?fit=1024%2C536&ssl=1",1024,536,true],"1536x1536":["https:\/\/i0.wp.com\/ismaelcolosi.com.br\/wp-content\/uploads\/2023\/12\/postimg-6574ef8b8b3881239.jpg?fit=1200%2C628&ssl=1",1200,628,true],"2048x2048":["https:\/\/i0.wp.com\/ismaelcolosi.com.br\/wp-content\/uploads\/2023\/12\/postimg-6574ef8b8b3881239.jpg?fit=1200%2C628&ssl=1",1200,628,true],"really-simple-thumb":["https:\/\/i0.wp.com\/ismaelcolosi.com.br\/wp-content\/uploads\/2023\/12\/postimg-6574ef8b8b3881239.jpg?resize=370%2C247&ssl=1",370,247,true]},"uagb_author_info":{"display_name":"ismaelcolosi.com.br","author_link":"https:\/\/ismaelcolosi.com.br\/index.php\/author\/vidareal-online\/"},"uagb_comment_info":0,"uagb_excerpt":"Neste \u00faltimo s\u00e1bado, dia 9 de dezembro, o famoso apresentador Geraldo Lu\u00eds surgiu nas redes sociais para realizar um apelo ao seu p\u00fablico. Acontece que...","jetpack-related-posts":[{"id":26241,"url":"https:\/\/ismaelcolosi.com.br\/index.php\/2024\/01\/09\/esposa-de-famoso-cantor-e-encontrada-morta-em-casa-aos-45-anos\/","url_meta":{"origin":13308,"position":0},"title":"Esposa de famoso cantor \u00e9 encontrada morta em casa aos 45 anos","author":"ismaelcolosi.com.br","date":"9 de January de 2024","format":false,"excerpt":"Um renomado cantor brit\u00e2nico enfrenta mais um cap\u00edtulo doloroso em sua vida, pois sua esposa, Gill Catchpole, foi encontrada morta na casa da fam\u00edlia. Gill, de 45 anos, m\u00e3e de duas filhas do artista, Elsie, de 15 anos, e Ada Rose, de 5, faleceu de forma inesperada.A not\u00edcia abalou n\u00e3o\u2026","rel":"","context":"In &quot;Blog&quot;","block_context":{"text":"Blog","link":"https:\/\/ismaelcolosi.com.br\/index.php\/category\/blog\/"},"img":{"alt_text":"","src":"https:\/\/i0.wp.com\/ismaelcolosi.com.br\/wp-content\/uploads\/2024\/01\/postimg-659d82810f5e84382.jpg?fit=1200%2C628&ssl=1&resize=350%2C200","width":350,"height":200,"srcset":"https:\/\/i0.wp.com\/ismaelcolosi.com.br\/wp-content\/uploads\/2024\/01\/postimg-659d82810f5e84382.jpg?fit=1200%2C628&ssl=1&resize=350%2C200 1x, https:\/\/i0.wp.com\/ismaelcolosi.com.br\/wp-content\/uploads\/2024\/01\/postimg-659d82810f5e84382.jpg?fit=1200%2C628&ssl=1&resize=525%2C300 1.5x, https:\/\/i0.wp.com\/ismaelcolosi.com.br\/wp-content\/uploads\/2024\/01\/postimg-659d82810f5e84382.jpg?fit=1200%2C628&ssl=1&resize=700%2C400 2x, https:\/\/i0.wp.com\/ismaelcolosi.com.br\/wp-content\/uploads\/2024\/01\/postimg-659d82810f5e84382.jpg?fit=1200%2C628&ssl=1&resize=1050%2C600 3x"},"classes":[]},{"id":28759,"url":"https:\/\/ismaelcolosi.com.br\/index.php\/2024\/01\/16\/silvia-abravanel-da-noticias-do-verdadeiro-estado-de-saude-de-silvio-santos\/","url_meta":{"origin":13308,"position":1},"title":"Silvia Abravanel d\u00e1 not\u00edcias do verdadeiro estado de sa\u00fade de Silvio Santos","author":"ismaelcolosi.com.br","date":"16 de January de 2024","format":false,"excerpt":"Um dos mais ic\u00f4nicos apresentadores das telinhas, Silvio Santos segue afastado da sua emissora SBT que est\u00e1 atualmente sob comando da fam\u00edlia, com suas filhas dirigindo e apresentando.O p\u00fablico fiel ao famoso, continua na busca por informa\u00e7\u00f5es n\u00e3o s\u00f3 de um poss\u00edvel retorno a TV, como tamb\u00e9m sentem a preocupa\u00e7\u00e3o\u2026","rel":"","context":"In &quot;Blog&quot;","block_context":{"text":"Blog","link":"https:\/\/ismaelcolosi.com.br\/index.php\/category\/blog\/"},"img":{"alt_text":"","src":"https:\/\/i0.wp.com\/ismaelcolosi.com.br\/wp-content\/uploads\/2024\/01\/silvia.jpg?fit=1200%2C628&ssl=1&resize=350%2C200","width":350,"height":200,"srcset":"https:\/\/i0.wp.com\/ismaelcolosi.com.br\/wp-content\/uploads\/2024\/01\/silvia.jpg?fit=1200%2C628&ssl=1&resize=350%2C200 1x, https:\/\/i0.wp.com\/ismaelcolosi.com.br\/wp-content\/uploads\/2024\/01\/silvia.jpg?fit=1200%2C628&ssl=1&resize=525%2C300 1.5x, https:\/\/i0.wp.com\/ismaelcolosi.com.br\/wp-content\/uploads\/2024\/01\/silvia.jpg?fit=1200%2C628&ssl=1&resize=700%2C400 2x, https:\/\/i0.wp.com\/ismaelcolosi.com.br\/wp-content\/uploads\/2024\/01\/silvia.jpg?fit=1200%2C628&ssl=1&resize=1050%2C600 3x"},"classes":[]},{"id":49981,"url":"https:\/\/ismaelcolosi.com.br\/index.php\/2024\/05\/14\/universal-pictures-divulga-video-exclusivo-de-wicked-com-ariana-grande-diretor-jon-m-chu\/","url_meta":{"origin":13308,"position":2},"title":"Universal Pictures divulga v\u00eddeo exclusivo de Wicked com Ariana Grande, Diretor Jon M. Chu","author":"ismaelcolosi.com.br","date":"14 de May de 2024","format":false,"excerpt":"Casa \/ Surper F\u00e3 \/ Universal Pictures divulga v\u00eddeo exclusivo de Wicked com Ariana Grande, Diretor Jon M. ChuUniversal Pictures divulga v\u00eddeo exclusivo de Wicked com Ariana Grande, Diretor Jon M. ChuBaseado no famoso musical da Broadway, o longa estreia em novembro deste ano em todo o pa\u00eds A Universal\u2026","rel":"","context":"In &quot;Not\u00edcias de Ribeir\u00e3o Preto-SP e Regi\u00e3o&quot;","block_context":{"text":"Not\u00edcias de Ribeir\u00e3o Preto-SP e Regi\u00e3o","link":"https:\/\/ismaelcolosi.com.br\/index.php\/category\/noticias-de-ribeirao-preto-sp-e-regiao-ismael-colosi\/"},"img":{"alt_text":"","src":"https:\/\/i0.wp.com\/ismaelcolosi.com.br\/wp-content\/uploads\/2024\/05\/ariana-grande-e-cynthia-erivo-gravaram-musicas-de-wicked-ao-vivo-no-set-de-filmagens-foto-divulgacaouniversal-pictures.jpg?fit=1200%2C675&ssl=1&resize=350%2C200","width":350,"height":200,"srcset":"https:\/\/i0.wp.com\/ismaelcolosi.com.br\/wp-content\/uploads\/2024\/05\/ariana-grande-e-cynthia-erivo-gravaram-musicas-de-wicked-ao-vivo-no-set-de-filmagens-foto-divulgacaouniversal-pictures.jpg?fit=1200%2C675&ssl=1&resize=350%2C200 1x, https:\/\/i0.wp.com\/ismaelcolosi.com.br\/wp-content\/uploads\/2024\/05\/ariana-grande-e-cynthia-erivo-gravaram-musicas-de-wicked-ao-vivo-no-set-de-filmagens-foto-divulgacaouniversal-pictures.jpg?fit=1200%2C675&ssl=1&resize=525%2C300 1.5x, https:\/\/i0.wp.com\/ismaelcolosi.com.br\/wp-content\/uploads\/2024\/05\/ariana-grande-e-cynthia-erivo-gravaram-musicas-de-wicked-ao-vivo-no-set-de-filmagens-foto-divulgacaouniversal-pictures.jpg?fit=1200%2C675&ssl=1&resize=700%2C400 2x, https:\/\/i0.wp.com\/ismaelcolosi.com.br\/wp-content\/uploads\/2024\/05\/ariana-grande-e-cynthia-erivo-gravaram-musicas-de-wicked-ao-vivo-no-set-de-filmagens-foto-divulgacaouniversal-pictures.jpg?fit=1200%2C675&ssl=1&resize=1050%2C600 3x"},"classes":[]},{"id":27748,"url":"https:\/\/ismaelcolosi.com.br\/index.php\/2024\/01\/13\/como-o-bilionario-dick-wolf-continua-fazendo-fortuna-com-a-tv-aberta\/","url_meta":{"origin":13308,"position":3},"title":"Como o bilion\u00e1rio Dick Wolf continua fazendo fortuna com a TV aberta?","author":"ismaelcolosi.com.br","date":"13 de January de 2024","format":false,"excerpt":"Poucos em Hollywood est\u00e3o t\u00e3o comprometidos com o tradicional cronograma da TV aberta quanto Dick Wolf, que em um ano comum produz epis\u00f3dios suficientes de suas franquias Law & Order, Chicago e FBI para preencher completamente tr\u00eas noites no hor\u00e1rio nobre. Siga o canal da Forbes e de Forbes Money\u2026","rel":"","context":"In &quot;Carreira e Sucesso&quot;","block_context":{"text":"Carreira e Sucesso","link":"https:\/\/ismaelcolosi.com.br\/index.php\/category\/carreira-e-sucesso-dicas-para-carreira\/"},"img":{"alt_text":"","src":"https:\/\/i0.wp.com\/ismaelcolosi.com.br\/wp-content\/uploads\/2024\/01\/Dick-Wolf-Bilionario-da-TV-aberta-Fotos-Yuri-Hasegawa-para-Forbes-1024x683.png?fit=1024%2C683&ssl=1&resize=350%2C200","width":350,"height":200,"srcset":"https:\/\/i0.wp.com\/ismaelcolosi.com.br\/wp-content\/uploads\/2024\/01\/Dick-Wolf-Bilionario-da-TV-aberta-Fotos-Yuri-Hasegawa-para-Forbes-1024x683.png?fit=1024%2C683&ssl=1&resize=350%2C200 1x, https:\/\/i0.wp.com\/ismaelcolosi.com.br\/wp-content\/uploads\/2024\/01\/Dick-Wolf-Bilionario-da-TV-aberta-Fotos-Yuri-Hasegawa-para-Forbes-1024x683.png?fit=1024%2C683&ssl=1&resize=525%2C300 1.5x, https:\/\/i0.wp.com\/ismaelcolosi.com.br\/wp-content\/uploads\/2024\/01\/Dick-Wolf-Bilionario-da-TV-aberta-Fotos-Yuri-Hasegawa-para-Forbes-1024x683.png?fit=1024%2C683&ssl=1&resize=700%2C400 2x"},"classes":[]},{"id":15500,"url":"https:\/\/ismaelcolosi.com.br\/index.php\/2023\/12\/13\/provavelmente-farei-diz-silvio-santos-ao-dar-importante-noticia-para-o-seu-publico\/","url_meta":{"origin":13308,"position":4},"title":"&#8220;Provavelmente farei&#8221;, diz Silvio Santos ao dar importante not\u00edcia para o seu p\u00fablico","author":"ismaelcolosi.com.br","date":"13 de December de 2023","format":false,"excerpt":"De forma recente, o famoso apresentador Silvio Santos chamou aten\u00e7\u00e3o ao aparecer na porta de sua casa e responder alguns questionamentos que foram feitos a ele.Atualmente, com 93 anos de idade, o comunicador se encontra afastado de sua programa\u00e7\u00e3o normal no SBT (Sistema Brasileiro de Televis\u00e3o) h\u00e1 alguns anos.Conversando com\u2026","rel":"","context":"In &quot;Blog&quot;","block_context":{"text":"Blog","link":"https:\/\/ismaelcolosi.com.br\/index.php\/category\/blog\/"},"img":{"alt_text":"","src":"https:\/\/i0.wp.com\/ismaelcolosi.com.br\/wp-content\/uploads\/2023\/12\/postimg-657a304c5b7861361.jpg?fit=1200%2C628&ssl=1&resize=350%2C200","width":350,"height":200,"srcset":"https:\/\/i0.wp.com\/ismaelcolosi.com.br\/wp-content\/uploads\/2023\/12\/postimg-657a304c5b7861361.jpg?fit=1200%2C628&ssl=1&resize=350%2C200 1x, https:\/\/i0.wp.com\/ismaelcolosi.com.br\/wp-content\/uploads\/2023\/12\/postimg-657a304c5b7861361.jpg?fit=1200%2C628&ssl=1&resize=525%2C300 1.5x, https:\/\/i0.wp.com\/ismaelcolosi.com.br\/wp-content\/uploads\/2023\/12\/postimg-657a304c5b7861361.jpg?fit=1200%2C628&ssl=1&resize=700%2C400 2x, https:\/\/i0.wp.com\/ismaelcolosi.com.br\/wp-content\/uploads\/2023\/12\/postimg-657a304c5b7861361.jpg?fit=1200%2C628&ssl=1&resize=1050%2C600 3x"},"classes":[]},{"id":7017,"url":"https:\/\/ismaelcolosi.com.br\/index.php\/2023\/11\/27\/ex-bbb-vyni-preocupa-fas-com-declaracoes-apos-ser-detonado-na-web-por-mostrar-resultados-de-procedimentos-esteticos\/","url_meta":{"origin":13308,"position":5},"title":"Ex-BBB Vyni preocupa f\u00e3s com declara\u00e7\u00f5es ap\u00f3s ser detonado na web por mostrar resultados de procedimentos est\u00e9ticos","author":"ismaelcolosi.com.br","date":"27 de November de 2023","format":false,"excerpt":"Aquele famoso \u2018 antes e depois \u2018 dos famosos gera um debate as vezes quase intermin\u00e1vel sobre a atual apar\u00eancia da celebridade ap\u00f3s ser submetido a algum procedimento est\u00e9tico.O ex BBB Vinny foi um dos participantes que, ap\u00f3s a sa\u00edda do reality, resolveu dar um \u2018up\u2019 na apar\u00eancia atrav\u00e9s dos\u2026","rel":"","context":"In &quot;Blog&quot;","block_context":{"text":"Blog","link":"https:\/\/ismaelcolosi.com.br\/index.php\/category\/blog\/"},"img":{"alt_text":"","src":"https:\/\/i0.wp.com\/ismaelcolosi.com.br\/wp-content\/uploads\/2023\/11\/postimg-6564b1d66ed236858.jpg?fit=1200%2C628&ssl=1&resize=350%2C200","width":350,"height":200,"srcset":"https:\/\/i0.wp.com\/ismaelcolosi.com.br\/wp-content\/uploads\/2023\/11\/postimg-6564b1d66ed236858.jpg?fit=1200%2C628&ssl=1&resize=350%2C200 1x, https:\/\/i0.wp.com\/ismaelcolosi.com.br\/wp-content\/uploads\/2023\/11\/postimg-6564b1d66ed236858.jpg?fit=1200%2C628&ssl=1&resize=525%2C300 1.5x, https:\/\/i0.wp.com\/ismaelcolosi.com.br\/wp-content\/uploads\/2023\/11\/postimg-6564b1d66ed236858.jpg?fit=1200%2C628&ssl=1&resize=700%2C400 2x, https:\/\/i0.wp.com\/ismaelcolosi.com.br\/wp-content\/uploads\/2023\/11\/postimg-6564b1d66ed236858.jpg?fit=1200%2C628&ssl=1&resize=1050%2C600 3x"},"classes":[]}],"jetpack_sharing_enabled":true,"jetpack_shortlink":"https:\/\/wp.me\/pfMlyK-3sE","_links":{"self":[{"href":"https:\/\/ismaelcolosi.com.br\/index.php\/wp-json\/wp\/v2\/posts\/13308","targetHints":{"allow":["GET"]}}],"collection":[{"href":"https:\/\/ismaelcolosi.com.br\/index.php\/wp-json\/wp\/v2\/posts"}],"about":[{"href":"https:\/\/ismaelcolosi.com.br\/index.php\/wp-json\/wp\/v2\/types\/post"}],"author":[{"embeddable":true,"href":"https:\/\/ismaelcolosi.com.br\/index.php\/wp-json\/wp\/v2\/users\/1"}],"replies":[{"embeddable":true,"href":"https:\/\/ismaelcolosi.com.br\/index.php\/wp-json\/wp\/v2\/comments?post=13308"}],"version-history":[{"count":0,"href":"https:\/\/ismaelcolosi.com.br\/index.php\/wp-json\/wp\/v2\/posts\/13308\/revisions"}],"wp:featuredmedia":[{"embeddable":true,"href":"https:\/\/ismaelcolosi.com.br\/index.php\/wp-json\/wp\/v2\/media\/13309"}],"wp:attachment":[{"href":"https:\/\/ismaelcolosi.com.br\/index.php\/wp-json\/wp\/v2\/media?parent=13308"}],"wp:term":[{"taxonomy":"category","embeddable":true,"href":"https:\/\/ismaelcolosi.com.br\/index.php\/wp-json\/wp\/v2\/categories?post=13308"},{"taxonomy":"post_tag","embeddable":true,"href":"https:\/\/ismaelcolosi.com.br\/index.php\/wp-json\/wp\/v2\/tags?post=13308"}],"curies":[{"name":"wp","href":"https:\/\/api.w.org\/{rel}","templated":true}]}}