{"id":13300,"date":"2023-12-09T19:39:23","date_gmt":"2023-12-09T22:39:23","guid":{"rendered":"https:\/\/ismaelcolosi.com.br\/index.php\/2023\/12\/09\/moradia-gratuita-esta-confirmada-para-2024-entenda-criterios\/"},"modified":"2023-12-09T19:39:23","modified_gmt":"2023-12-09T22:39:23","slug":"moradia-gratuita-esta-confirmada-para-2024-entenda-criterios","status":"publish","type":"post","link":"https:\/\/ismaelcolosi.com.br\/index.php\/2023\/12\/09\/moradia-gratuita-esta-confirmada-para-2024-entenda-criterios\/","title":{"rendered":"Moradia gratuita est\u00e1 confirmada para 2024; entenda crit\u00e9rios"},"content":{"rendered":"<p> <br \/>\n<\/p>\n<div>\n<div id=\"attachment_2282263\" class=\"wp-caption alignnone\">\n<div class=\"d-flex justify-content-center\" data-attachment-id=\"2282263\">\n<div class=\"position-relative d-inline-block\"><img data-recalc-dims=\"1\" data-portal-copyright=\"Ricardo Stuckert\/PR\" fetchpriority=\"high\" decoding=\"async\" class=\"size-full wp-image-2282263\" src=\"https:\/\/i0.wp.com\/catracalivre.com.br\/wp-content\/uploads\/2023\/07\/novas-regras-do-minha-casa-minha-vida-entram-em-vigor.jpg?resize=1170%2C700&#038;ssl=1\" alt=\"Novas regras do Minha Casa, Minha Vida devem entrar em vigor\" width=\"1170\" height=\"700\" srcset=\"https:\/\/catracalivre.com.br\/wp-content\/uploads\/2023\/07\/novas-regras-do-minha-casa-minha-vida-entram-em-vigor.jpg 1170w, https:\/\/catracalivre.com.br\/wp-content\/uploads\/2023\/07\/novas-regras-do-minha-casa-minha-vida-entram-em-vigor-450x269.jpg 450w, https:\/\/catracalivre.com.br\/wp-content\/uploads\/2023\/07\/novas-regras-do-minha-casa-minha-vida-entram-em-vigor-768x459.jpg 768w\" sizes=\"(max-width: 1170px) 100vw, 1170px\"\/><\/p>\n<p>Cr\u00e9ditos: Ricardo Stuckert\/PR<\/p>\n<\/div>\n<\/div>\n<p><span class=\"post-imagem__legenda\">Novas regras do Minha Casa, Minha Vida devem entrar em vigor<\/span><\/p>\n<\/div>\n<p>O <a href=\"https:\/\/catracalivre.com.br\/cidadania\/minha-casa-minha-vida-2024-tem-inscricoes-abertas\/\">Minha Casa Minha Vid<\/a>a, ao longo dos anos, tem desempenhado um papel essencial na redu\u00e7\u00e3o do d\u00e9ficit habitacional e na oferta de oportunidades de moradia. Agora, as mudan\u00e7as anunciadas para o programa em 2024 o tornam ainda mais atrativo para potenciais benefici\u00e1rios.<\/p>\n<h2>Minha Casa Minha Vida 2024<\/h2>\n<p>A conquista da casa pr\u00f3pria \u00e9 um marco significativo na vida de uma fam\u00edlia, proporcionando seguran\u00e7a, estabilidade e representando um investimento no futuro. O <a href=\"https:\/\/catracalivre.com.br\/cidadania\/novas-regras-prestacoes-minha-casa-minha-vida\/\">Minha Casa Minha Vida<\/a> 2024 surge como um protagonista nesse processo, desempenhando um papel fundamental na realiza\u00e7\u00e3o desse sonho para milhares de brasileiros.<\/p>\n<h2>Mudan\u00e7as no projeto<\/h2>\n<p>As mudan\u00e7as planejadas para o pr\u00f3ximo ano incluem subs\u00eddios mais generosos, reduzindo o valor a ser financiado pelas fam\u00edlias e tornando a aquisi\u00e7\u00e3o da casa pr\u00f3pria mais acess\u00edvel. Al\u00e9m disso, as taxas de juros mais baixas aliviam a press\u00e3o sobre o or\u00e7amento dom\u00e9stico, tornando o programa ainda mais vantajoso.<\/p>\n<p>Crit\u00e9rios de Inscri\u00e7\u00e3o no Minha Casa Minha Vida 2024: O programa Minha Casa Minha Vida 2024 \u00e9 destinado a fam\u00edlias com renda bruta familiar mensal de at\u00e9 R$ 8 mil em \u00e1reas urbanas ou renda bruta familiar anual de at\u00e9 R$ 96 mil em \u00e1reas rurais.<\/p>\n<h2>As fam\u00edlias s\u00e3o divididas nas seguintes faixas de renda<\/h2>\n<ul>\n<li><strong>Faixa Urbano 1: <\/strong>Renda bruta familiar mensal at\u00e9 R$ 2.640<\/li>\n<li><strong>Faixa Urbano 2:\u00a0<\/strong>Renda bruta familiar mensal de R$ 2.640,01 a R$ 4,4 mil;<\/li>\n<li><strong>Faixa Urbano 3:\u00a0<\/strong>Renda bruta familiar mensal de R$ 4.400,01 a R$ 8 mil.<\/li>\n<\/ul>\n<h2><strong>Para fam\u00edlias em \u00e1reas rurais, as faixas s\u00e3o as seguintes:<\/strong><\/h2>\n<ul>\n<li><strong>Faixa Rural 1:<\/strong>Renda bruta familiar anual at\u00e9 R$ 31.680;<\/li>\n<li><strong>Faixa Rural 2:\u00a0<\/strong>Renda bruta familiar anual de R$ 31.680,01 at\u00e9 R$ 52,8 mil;<\/li>\n<li><strong>Faixa Rural 3: <\/strong>Renda bruta familiar anual de R$ 52.800,01 at\u00e9 R$ 96 mil.<\/li>\n<\/ul>\n<p>Importante ressaltar que, segundo a Medida Provis\u00f3ria, benef\u00edcios tempor\u00e1rios, assistenciais ou previdenci\u00e1rios n\u00e3o entram no c\u00e1lculo dessas faixas de renda. Al\u00e9m disso, 50% das unidades do programa ser\u00e3o reservadas para fam\u00edlias da Faixa 1, e o programa se estender\u00e1 a pessoas em situa\u00e7\u00e3o de rua.<\/p>\n<p>Inscri\u00e7\u00f5es Online no Minha Casa Minha Vida 2024: O processo de inscri\u00e7\u00e3o para concorrer a um im\u00f3vel pelo Minha Casa Minha Vida 2024 varia de acordo com a faixa de renda da fam\u00edlia.<\/p>\n<h2>Para Fam\u00edlias da Faixa 1<\/h2>\n<p>Realizar a inscri\u00e7\u00e3o no plano de moradias do governo na prefeitura da cidade de resid\u00eancia;<br \/>Ap\u00f3s a inscri\u00e7\u00e3o, os dados das fam\u00edlias s\u00e3o validados pela Caixa, que comunica sobre a data do sorteio das moradias;<br \/>Fam\u00edlias contempladas s\u00e3o informadas sobre a assinatura do contrato de compra e venda do im\u00f3vel ap\u00f3s o sorteio;<br \/>Ap\u00f3s a aprova\u00e7\u00e3o e valida\u00e7\u00e3o do cadastro, a fam\u00edlia assina o contrato de financiamento.<\/p>\n<h2>Para Fam\u00edlias da Faixa 2 e Faixa 3<\/h2>\n<ul>\n<li>Ter renda bruta mensal de at\u00e9 R$ 8 mil;<\/li>\n<li>Contrata\u00e7\u00e3o pode ser feita por meio de entidade organizadora ou individualmente, direto com a Caixa;<\/li>\n<li>Fam\u00edlia deve ter um im\u00f3vel escolhido antes de fazer a simula\u00e7\u00e3o de financiamento pelo site da Caixa;<\/li>\n<li>Ap\u00f3s simula\u00e7\u00e3o, um representante deve ir at\u00e9 uma ag\u00eancia Caixa para entregar a documenta\u00e7\u00e3o necess\u00e1ria;<\/li>\n<li>Ap\u00f3s aprova\u00e7\u00e3o, a fam\u00edlia assina o contrato de financiamento.<\/li>\n<\/ul>\n<\/div>\n<p><script>\n\t\t! function(f, b, e, v, n, t, s) {\n\t\t\tif (f.fbq) return;\n\t\t\tn = f.fbq = function() {\n\t\t\t\tn.callMethod ?\n\t\t\t\t\tn.callMethod.apply(n, arguments) : n.queue.push(arguments)\n\t\t\t};\n\t\t\tif (!f._fbq) f._fbq = n;\n\t\t\tn.push = n;\n\t\t\tn.loaded = !0;\n\t\t\tn.version = '2.0';\n\t\t\tn.queue = [];\n\t\t\tt = b.createElement(e);\n\t\t\tt.async = !0;\n\t\t\tt.src = v;\n\t\t\ts = b.getElementsByTagName(e)[0];\n\t\t\ts.parentNode.insertBefore(t, s)\n\t\t}(window, document, 'script',\n\t\t\t'https:\/\/connect.facebook.net\/en_US\/fbevents.js');\n\t\tfbq('init', '338315473262380');\n\t\tfbq('track', 'PageView');\n\t<\/script><br \/>\n<br \/><br \/>\n<br \/><a href=\"https:\/\/catracalivre.com.br\/cidadania\/moradia-gratuita-esta-confirmada-para-2024-entenda-criterios\/\">Source link <\/a><\/p>\n<div class='code-block code-block-4' style='margin: 8px auto 8px 0; text-align: left; display: block; clear: both;'>\n\ud83d\udce2 Aviso Legal\n\nO site ismaelcolosi.com.br atua apenas como um canal de divulga\u00e7\u00e3o de oportunidades de emprego e n\u00e3o se responsabiliza pelo processo seletivo, contrata\u00e7\u00e3o ou qualquer outra etapa relacionada \u00e0s vagas publicadas. Todas as informa\u00e7\u00f5es s\u00e3o de responsabilidade dos anunciantes.\n\n\u26a0\ufe0f Aten\u00e7\u00e3o! Nunca pague por promessas de emprego nem compre cursos que garantam contrata\u00e7\u00e3o. Desconfie de qualquer cobran\u00e7a para participar de sele\u00e7\u00f5es.\n\n\n\n<\/div>\n<!-- CONTENT END 1 -->\n","protected":false},"excerpt":{"rendered":"<p>Cr\u00e9ditos: Ricardo Stuckert\/PR Novas regras do Minha Casa, Minha Vida devem entrar em vigor O Minha Casa Minha Vida, ao longo dos anos, tem desempenhado&#8230;<\/p>\n","protected":false},"author":1,"featured_media":13301,"comment_status":"open","ping_status":"open","sticky":false,"template":"","format":"standard","meta":{"_uag_custom_page_level_css":"","advanced_seo_description":"","jetpack_seo_html_title":"","jetpack_seo_noindex":false,"jetpack_post_was_ever_published":false,"_jetpack_newsletter_access":"","_jetpack_dont_email_post_to_subs":false,"_jetpack_newsletter_tier_id":0,"_jetpack_memberships_contains_paywalled_content":false,"_jetpack_memberships_contains_paid_content":false,"footnotes":"","jetpack_publicize_message":"","jetpack_publicize_feature_enabled":true,"jetpack_social_post_already_shared":true,"jetpack_social_options":{"image_generator_settings":{"template":"highway","default_image_id":0,"font":"","enabled":false},"version":2}},"categories":[19],"tags":[],"class_list":["post-13300","post","type-post","status-publish","format-standard","has-post-thumbnail","hentry","category-variedades"],"jetpack_publicize_connections":[],"jetpack_featured_media_url":"https:\/\/i0.wp.com\/ismaelcolosi.com.br\/wp-content\/uploads\/2023\/12\/istock-1217966765.jpg?fit=1200%2C638&ssl=1","uagb_featured_image_src":{"full":["https:\/\/i0.wp.com\/ismaelcolosi.com.br\/wp-content\/uploads\/2023\/12\/istock-1217966765.jpg?fit=1200%2C638&ssl=1",1200,638,false],"thumbnail":["https:\/\/i0.wp.com\/ismaelcolosi.com.br\/wp-content\/uploads\/2023\/12\/istock-1217966765.jpg?resize=150%2C150&ssl=1",150,150,true],"medium":["https:\/\/i0.wp.com\/ismaelcolosi.com.br\/wp-content\/uploads\/2023\/12\/istock-1217966765.jpg?fit=300%2C160&ssl=1",300,160,true],"medium_large":["https:\/\/i0.wp.com\/ismaelcolosi.com.br\/wp-content\/uploads\/2023\/12\/istock-1217966765.jpg?fit=768%2C408&ssl=1",768,408,true],"large":["https:\/\/i0.wp.com\/ismaelcolosi.com.br\/wp-content\/uploads\/2023\/12\/istock-1217966765.jpg?fit=1024%2C544&ssl=1",1024,544,true],"1536x1536":["https:\/\/i0.wp.com\/ismaelcolosi.com.br\/wp-content\/uploads\/2023\/12\/istock-1217966765.jpg?fit=1200%2C638&ssl=1",1200,638,true],"2048x2048":["https:\/\/i0.wp.com\/ismaelcolosi.com.br\/wp-content\/uploads\/2023\/12\/istock-1217966765.jpg?fit=1200%2C638&ssl=1",1200,638,true],"really-simple-thumb":["https:\/\/i0.wp.com\/ismaelcolosi.com.br\/wp-content\/uploads\/2023\/12\/istock-1217966765.jpg?resize=370%2C247&ssl=1",370,247,true]},"uagb_author_info":{"display_name":"ismaelcolosi.com.br","author_link":"https:\/\/ismaelcolosi.com.br\/index.php\/author\/vidareal-online\/"},"uagb_comment_info":0,"uagb_excerpt":"Cr\u00e9ditos: Ricardo Stuckert\/PR Novas regras do Minha Casa, Minha Vida devem entrar em vigor O Minha Casa Minha Vida, ao longo dos anos, tem desempenhado...","jetpack-related-posts":[{"id":22056,"url":"https:\/\/ismaelcolosi.com.br\/index.php\/2023\/12\/29\/minha-casa-minha-vida-2024-tem-inscricoes-para-moradia-gratuita\/","url_meta":{"origin":13300,"position":0},"title":"Minha Casa Minha Vida 2024 tem inscri\u00e7\u00f5es para moradia gratuita","author":"ismaelcolosi.com.br","date":"29 de December de 2023","format":false,"excerpt":"Cr\u00e9ditos: Ag\u00eancia Brasil\/ Divulga\u00e7\u00e3oMinha Casa Minha Vida facilita acesso a im\u00f3veis Com a proximidade do ano novo, o Minha Casa Minha Vida 2024 se destaca como uma esperan\u00e7a renovada para as fam\u00edlias brasileiras em busca de moradia. Este programa habitacional, gerenciado pelo Minist\u00e9rio das Cidades, continua a evoluir, e neste\u2026","rel":"","context":"In &quot;Variedades&quot;","block_context":{"text":"Variedades","link":"https:\/\/ismaelcolosi.com.br\/index.php\/category\/variedades\/"},"img":{"alt_text":"","src":"https:\/\/i0.wp.com\/ismaelcolosi.com.br\/wp-content\/uploads\/2023\/12\/1703830916_novas-regras-do-minha-casa-minha-vida-entram-em-vigor.jpg?fit=1200%2C638&ssl=1&resize=350%2C200","width":350,"height":200,"srcset":"https:\/\/i0.wp.com\/ismaelcolosi.com.br\/wp-content\/uploads\/2023\/12\/1703830916_novas-regras-do-minha-casa-minha-vida-entram-em-vigor.jpg?fit=1200%2C638&ssl=1&resize=350%2C200 1x, https:\/\/i0.wp.com\/ismaelcolosi.com.br\/wp-content\/uploads\/2023\/12\/1703830916_novas-regras-do-minha-casa-minha-vida-entram-em-vigor.jpg?fit=1200%2C638&ssl=1&resize=525%2C300 1.5x, https:\/\/i0.wp.com\/ismaelcolosi.com.br\/wp-content\/uploads\/2023\/12\/1703830916_novas-regras-do-minha-casa-minha-vida-entram-em-vigor.jpg?fit=1200%2C638&ssl=1&resize=700%2C400 2x, https:\/\/i0.wp.com\/ismaelcolosi.com.br\/wp-content\/uploads\/2023\/12\/1703830916_novas-regras-do-minha-casa-minha-vida-entram-em-vigor.jpg?fit=1200%2C638&ssl=1&resize=1050%2C600 3x"},"classes":[]},{"id":20501,"url":"https:\/\/ismaelcolosi.com.br\/index.php\/2023\/12\/25\/beneficiarios-do-bpc-e-bolsa-familia-terao-novos-beneficios\/","url_meta":{"origin":13300,"position":1},"title":"Benefici\u00e1rios do BPC e Bolsa Fam\u00edlia ter\u00e3o novos benef\u00edcios?","author":"ismaelcolosi.com.br","date":"25 de December de 2023","format":false,"excerpt":"Cr\u00e9ditos: Ag\u00eancia Brasil\/Jos\u00e9 CruzBolsa Fam\u00edlia SURPREENDE brasileiros O relan\u00e7amento do programa Minha Casa Minha Vida em 2023 trouxe uma not\u00edcia extraordin\u00e1ria para os benefici\u00e1rios do Benef\u00edcio de Presta\u00e7\u00e3o Continuada (BPC) e do Bolsa Fam\u00edlia: a possibilidade de conquistar moradia gratuita. A iniciativa, anunciada por Lula, visa reduzir significativamente o d\u00e9ficit\u2026","rel":"","context":"In &quot;Variedades&quot;","block_context":{"text":"Variedades","link":"https:\/\/ismaelcolosi.com.br\/index.php\/category\/variedades\/"},"img":{"alt_text":"","src":"https:\/\/i0.wp.com\/ismaelcolosi.com.br\/wp-content\/uploads\/2023\/12\/criptomoeda-no-bolsa-familia-acredite-agora-e-verdade.jpg?fit=1200%2C638&ssl=1&resize=350%2C200","width":350,"height":200,"srcset":"https:\/\/i0.wp.com\/ismaelcolosi.com.br\/wp-content\/uploads\/2023\/12\/criptomoeda-no-bolsa-familia-acredite-agora-e-verdade.jpg?fit=1200%2C638&ssl=1&resize=350%2C200 1x, https:\/\/i0.wp.com\/ismaelcolosi.com.br\/wp-content\/uploads\/2023\/12\/criptomoeda-no-bolsa-familia-acredite-agora-e-verdade.jpg?fit=1200%2C638&ssl=1&resize=525%2C300 1.5x, https:\/\/i0.wp.com\/ismaelcolosi.com.br\/wp-content\/uploads\/2023\/12\/criptomoeda-no-bolsa-familia-acredite-agora-e-verdade.jpg?fit=1200%2C638&ssl=1&resize=700%2C400 2x, https:\/\/i0.wp.com\/ismaelcolosi.com.br\/wp-content\/uploads\/2023\/12\/criptomoeda-no-bolsa-familia-acredite-agora-e-verdade.jpg?fit=1200%2C638&ssl=1&resize=1050%2C600 3x"},"classes":[]},{"id":20519,"url":"https:\/\/ismaelcolosi.com.br\/index.php\/2023\/12\/25\/minha-casa-minha-vida-tera-moradia-de-graca-em-2024\/","url_meta":{"origin":13300,"position":2},"title":"Minha Casa Minha Vida ter\u00e1 moradia de gra\u00e7a em 2024?","author":"ismaelcolosi.com.br","date":"25 de December de 2023","format":false,"excerpt":"Cr\u00e9ditos: Ag\u00eancia Brasil\/ Divulga\u00e7\u00e3oMinha Casa Minha Vida facilita compra de im\u00f3veis O programa Minha Casa Minha Vida, um dos maiores programas habitacionais do Brasil, anuncia uma iniciativa ambiciosa para 2024: a constru\u00e7\u00e3o de 1,2 mil moradias gratuitas em 27 cidades do Rio Grande do Sul. Essa a\u00e7\u00e3o, que faz parte\u2026","rel":"","context":"In &quot;Variedades&quot;","block_context":{"text":"Variedades","link":"https:\/\/ismaelcolosi.com.br\/index.php\/category\/variedades\/"},"img":{"alt_text":"","src":"https:\/\/i0.wp.com\/ismaelcolosi.com.br\/wp-content\/uploads\/2023\/12\/novas-regras-do-minha-casa-minha-vida-entram-em-vigor.jpg?fit=1200%2C638&ssl=1&resize=350%2C200","width":350,"height":200,"srcset":"https:\/\/i0.wp.com\/ismaelcolosi.com.br\/wp-content\/uploads\/2023\/12\/novas-regras-do-minha-casa-minha-vida-entram-em-vigor.jpg?fit=1200%2C638&ssl=1&resize=350%2C200 1x, https:\/\/i0.wp.com\/ismaelcolosi.com.br\/wp-content\/uploads\/2023\/12\/novas-regras-do-minha-casa-minha-vida-entram-em-vigor.jpg?fit=1200%2C638&ssl=1&resize=525%2C300 1.5x, https:\/\/i0.wp.com\/ismaelcolosi.com.br\/wp-content\/uploads\/2023\/12\/novas-regras-do-minha-casa-minha-vida-entram-em-vigor.jpg?fit=1200%2C638&ssl=1&resize=700%2C400 2x, https:\/\/i0.wp.com\/ismaelcolosi.com.br\/wp-content\/uploads\/2023\/12\/novas-regras-do-minha-casa-minha-vida-entram-em-vigor.jpg?fit=1200%2C638&ssl=1&resize=1050%2C600 3x"},"classes":[]},{"id":72731,"url":"https:\/\/ismaelcolosi.com.br\/index.php\/2024\/10\/23\/441-imoveis-populares-em-ribeirao-preto-faca-sua-inscricao\/","url_meta":{"origin":13300,"position":3},"title":"441 casas populares em Ribeir\u00e3o Preto, fa\u00e7a sua inscri\u00e7\u00e3o agora","author":"ismaelcolosi.com.br","date":"23 de October de 2024","format":false,"excerpt":"\ud83c\udfe1 441 Casas Populares em Ribeir\u00e3o Preto \u2013 Inscreva-se J\u00e1! A Prefeitura de Ribeir\u00e3o Preto est\u00e1 lan\u00e7ando uma oportunidade \u00fanica para fam\u00edlias que sonham em ter a casa pr\u00f3pria. Ser\u00e3o disponibilizadas 441 unidades de habita\u00e7\u00e3o popular, pensadas para oferecer moradia digna e qualidade de vida a quem mais precisa. Esse\u2026","rel":"","context":"In &quot;Blog&quot;","block_context":{"text":"Blog","link":"https:\/\/ismaelcolosi.com.br\/index.php\/category\/blog\/"},"img":{"alt_text":"","src":"https:\/\/i0.wp.com\/ismaelcolosi.com.br\/wp-content\/uploads\/2024\/04\/1712782302_casa-popular.jpg?fit=1160%2C694&ssl=1&resize=350%2C200","width":350,"height":200,"srcset":"https:\/\/i0.wp.com\/ismaelcolosi.com.br\/wp-content\/uploads\/2024\/04\/1712782302_casa-popular.jpg?fit=1160%2C694&ssl=1&resize=350%2C200 1x, https:\/\/i0.wp.com\/ismaelcolosi.com.br\/wp-content\/uploads\/2024\/04\/1712782302_casa-popular.jpg?fit=1160%2C694&ssl=1&resize=525%2C300 1.5x, https:\/\/i0.wp.com\/ismaelcolosi.com.br\/wp-content\/uploads\/2024\/04\/1712782302_casa-popular.jpg?fit=1160%2C694&ssl=1&resize=700%2C400 2x, https:\/\/i0.wp.com\/ismaelcolosi.com.br\/wp-content\/uploads\/2024\/04\/1712782302_casa-popular.jpg?fit=1160%2C694&ssl=1&resize=1050%2C600 3x"},"classes":[]},{"id":20635,"url":"https:\/\/ismaelcolosi.com.br\/index.php\/2023\/12\/26\/governo-anuncia-novidade-beneficiarios-do-bolsa-familia\/","url_meta":{"origin":13300,"position":4},"title":"Governo anuncia novidade benefici\u00e1rios do Bolsa Fam\u00edlia","author":"ismaelcolosi.com.br","date":"26 de December de 2023","format":false,"excerpt":"Fam\u00edlias atendidas pelo Bolsa Fam\u00edlia que possuem financiamento imobili\u00e1rio pelo Minha Casa Minha Vida ter\u00e3o suas presta\u00e7\u00f5es quitadas pelo Governo Federal 26 de dezembro de 2023 \u00e0s 06:58 Por: Reda\u00e7\u00e3o O Governo Federal anunciou recentemente uma iniciativa que traz al\u00edvio financeiro para as fam\u00edlias benefici\u00e1rias do Bolsa Fam\u00edlia.\u00a0A partir de\u2026","rel":"","context":"In &quot;Variedades&quot;","block_context":{"text":"Variedades","link":"https:\/\/ismaelcolosi.com.br\/index.php\/category\/variedades\/"},"img":{"alt_text":"","src":"https:\/\/i0.wp.com\/ismaelcolosi.com.br\/wp-content\/uploads\/2023\/12\/1703585355_bolsa-familia-paga-novo-grupo-com-valores-extras-em-julho.jpg?fit=1200%2C638&ssl=1&resize=350%2C200","width":350,"height":200,"srcset":"https:\/\/i0.wp.com\/ismaelcolosi.com.br\/wp-content\/uploads\/2023\/12\/1703585355_bolsa-familia-paga-novo-grupo-com-valores-extras-em-julho.jpg?fit=1200%2C638&ssl=1&resize=350%2C200 1x, https:\/\/i0.wp.com\/ismaelcolosi.com.br\/wp-content\/uploads\/2023\/12\/1703585355_bolsa-familia-paga-novo-grupo-com-valores-extras-em-julho.jpg?fit=1200%2C638&ssl=1&resize=525%2C300 1.5x, https:\/\/i0.wp.com\/ismaelcolosi.com.br\/wp-content\/uploads\/2023\/12\/1703585355_bolsa-familia-paga-novo-grupo-com-valores-extras-em-julho.jpg?fit=1200%2C638&ssl=1&resize=700%2C400 2x, https:\/\/i0.wp.com\/ismaelcolosi.com.br\/wp-content\/uploads\/2023\/12\/1703585355_bolsa-familia-paga-novo-grupo-com-valores-extras-em-julho.jpg?fit=1200%2C638&ssl=1&resize=1050%2C600 3x"},"classes":[]},{"id":13185,"url":"https:\/\/ismaelcolosi.com.br\/index.php\/2023\/12\/09\/esta-autorizada-conta-de-energia-gratuita-entenda\/","url_meta":{"origin":13300,"position":5},"title":"Est\u00e1 autorizada conta de energia gratuita; entenda","author":"ismaelcolosi.com.br","date":"9 de December de 2023","format":false,"excerpt":"Cr\u00e9ditos: Istock\/tifonimagesGoverno d\u00e1 EXCELENTE not\u00edcia sobre pre\u00e7o da energiaA Enel, presente em 23 munic\u00edpios do estado de S\u00e3o Paulo, anunciou a autoriza\u00e7\u00e3o para isentar do pagamento da conta de energia por tr\u00eas meses os clientes cadastrados no programa Tarifa Social. A iniciativa visa amparar aqueles que enfrentaram a interrup\u00e7\u00e3o do\u2026","rel":"","context":"In &quot;Variedades&quot;","block_context":{"text":"Variedades","link":"https:\/\/ismaelcolosi.com.br\/index.php\/category\/variedades\/"},"img":{"alt_text":"","src":"https:\/\/i0.wp.com\/ismaelcolosi.com.br\/wp-content\/uploads\/2023\/12\/1702137623_istock-1146686584.jpg?fit=1200%2C638&ssl=1&resize=350%2C200","width":350,"height":200,"srcset":"https:\/\/i0.wp.com\/ismaelcolosi.com.br\/wp-content\/uploads\/2023\/12\/1702137623_istock-1146686584.jpg?fit=1200%2C638&ssl=1&resize=350%2C200 1x, https:\/\/i0.wp.com\/ismaelcolosi.com.br\/wp-content\/uploads\/2023\/12\/1702137623_istock-1146686584.jpg?fit=1200%2C638&ssl=1&resize=525%2C300 1.5x, https:\/\/i0.wp.com\/ismaelcolosi.com.br\/wp-content\/uploads\/2023\/12\/1702137623_istock-1146686584.jpg?fit=1200%2C638&ssl=1&resize=700%2C400 2x, https:\/\/i0.wp.com\/ismaelcolosi.com.br\/wp-content\/uploads\/2023\/12\/1702137623_istock-1146686584.jpg?fit=1200%2C638&ssl=1&resize=1050%2C600 3x"},"classes":[]}],"jetpack_sharing_enabled":true,"jetpack_shortlink":"https:\/\/wp.me\/pfMlyK-3sw","_links":{"self":[{"href":"https:\/\/ismaelcolosi.com.br\/index.php\/wp-json\/wp\/v2\/posts\/13300","targetHints":{"allow":["GET"]}}],"collection":[{"href":"https:\/\/ismaelcolosi.com.br\/index.php\/wp-json\/wp\/v2\/posts"}],"about":[{"href":"https:\/\/ismaelcolosi.com.br\/index.php\/wp-json\/wp\/v2\/types\/post"}],"author":[{"embeddable":true,"href":"https:\/\/ismaelcolosi.com.br\/index.php\/wp-json\/wp\/v2\/users\/1"}],"replies":[{"embeddable":true,"href":"https:\/\/ismaelcolosi.com.br\/index.php\/wp-json\/wp\/v2\/comments?post=13300"}],"version-history":[{"count":0,"href":"https:\/\/ismaelcolosi.com.br\/index.php\/wp-json\/wp\/v2\/posts\/13300\/revisions"}],"wp:featuredmedia":[{"embeddable":true,"href":"https:\/\/ismaelcolosi.com.br\/index.php\/wp-json\/wp\/v2\/media\/13301"}],"wp:attachment":[{"href":"https:\/\/ismaelcolosi.com.br\/index.php\/wp-json\/wp\/v2\/media?parent=13300"}],"wp:term":[{"taxonomy":"category","embeddable":true,"href":"https:\/\/ismaelcolosi.com.br\/index.php\/wp-json\/wp\/v2\/categories?post=13300"},{"taxonomy":"post_tag","embeddable":true,"href":"https:\/\/ismaelcolosi.com.br\/index.php\/wp-json\/wp\/v2\/tags?post=13300"}],"curies":[{"name":"wp","href":"https:\/\/api.w.org\/{rel}","templated":true}]}}