{"id":13297,"date":"2023-12-09T19:30:31","date_gmt":"2023-12-09T22:30:31","guid":{"rendered":"https:\/\/ismaelcolosi.com.br\/index.php\/2023\/12\/09\/prefeitura-de-ribeirao-preto-alerta-que-pode-faltar-agua-em-varios-bairros\/"},"modified":"2023-12-09T19:30:31","modified_gmt":"2023-12-09T22:30:31","slug":"prefeitura-de-ribeirao-preto-alerta-que-pode-faltar-agua-em-varios-bairros","status":"publish","type":"post","link":"https:\/\/ismaelcolosi.com.br\/index.php\/2023\/12\/09\/prefeitura-de-ribeirao-preto-alerta-que-pode-faltar-agua-em-varios-bairros\/","title":{"rendered":"Prefeitura de Ribeir\u00e3o Preto alerta que pode faltar \u00e1gua em v\u00e1rios bairros"},"content":{"rendered":"<p> <br \/>\n<\/p>\n<div data-td-block-uid=\"tdi_104\">\n<div class=\"tdb-block-inner td-fix-index\">\n<p><strong>A Prefeitura de Ribeir\u00e3o Preto informou, na manh\u00e3 deste s\u00e1bado (9), que pode faltar \u00e1gua em v\u00e1rios bairros da zona Leste da cidade<\/strong>. O motivo \u00e9 uma rede rompida.<\/p>\n<p>Segundo a Secretaria Municipal de \u00c1gua e Esgoto de Ribeir\u00e3o Preto (Saerp), o reparo emergencial j\u00e1 foi iniciado.<\/p>\n<p>Os bairros que podem ser afetados pela falta d\u2019\u00e1gua ou intermit\u00eancia no abastecimento s\u00e3o:<strong> Lagoinha, Ribeir\u00e2nia, Jardim Castelo Branco, Parque Bandeirantes, Iguatemi, Jardim Paulista e regi\u00f5es pr\u00f3ximas.<\/strong><\/p>\n<p>A previs\u00e3o de conclus\u00e3o do reparo, ainda de acordo com a Saerp, \u00e9 hoje \u00e0s 19h. \u201cAp\u00f3s a finaliza\u00e7\u00e3o, o sistema ser\u00e1 normalizado e o abastecimento voltar\u00e1 de forma gradativa\u201d, informou a pasta.<\/p>\n<h4 class=\"wp-block-heading\"><strong>O que fazer?<\/strong>\u00a0<\/h4>\n<p>O seu bairro est\u00e1 com falhas no abastecimento? Entre em contato com a\u00a0<strong>Saerp\u00a0<\/strong>pelo\u00a0<strong>telefone 0800 115 0115<\/strong>\u00a0ou procure por um posto de atendimento (<a href=\"https:\/\/www.ribeiraopreto.sp.gov.br\/portal\/saerp\/vazamento-agua#:~:text=O%20cliente%20poder%C3%A1%20informar%20pelo,de%20vazamentos%20internos%20nos%20im%C3%B3veis\" target=\"_blank\" rel=\"noreferrer noopener\">clique aqui<\/a>).<\/p>\n<p>Para acessar outros servi\u00e7os da secretaria,\u00a0<a href=\"https:\/\/www.ribeiraopreto.sp.gov.br\/portal\/saerp\/\" target=\"_blank\" rel=\"noreferrer noopener\">clique aqui<\/a>.<\/p>\n<p>VIU ESSA?<br \/>Nada de frente fria: Veja a previs\u00e3o do tempo para Ribeir\u00e3o<\/p>\n<h4 class=\"wp-block-heading\"><strong>FIQUE ON<\/strong><\/h4>\n<p>Fique ligado em tudo que acontece em Ribeir\u00e3o Preto e regi\u00e3o. Siga os perfis do<strong>\u00a0acidade on<\/strong>\u00a0no\u00a0<a href=\"https:\/\/www.instagram.com\/acidadeonribeirao\" target=\"_blank\" rel=\"noreferrer noopener\">Instagram\u00a0<\/a>e no\u00a0<a href=\"https:\/\/www.facebook.com\/acidadeonribeirao\" target=\"_blank\" rel=\"noreferrer noopener\">Facebook.<\/a><\/p>\n<p>Receba not\u00edcias do\u00a0<strong>acidade on\u00a0<\/strong>no WhatsApp.\u00a0<a href=\"https:\/\/chat.whatsapp.com\/Bnv2w66ZT4VDyZW3oiZ69n\" target=\"_blank\" rel=\"noreferrer noopener\">Para entrar no grupo, basta clicar aqui.<\/a><\/p>\n<p>Fa\u00e7a uma den\u00fancia ou sugira uma reportagem sobre Ribeir\u00e3o Preto e regi\u00e3o pelo WhatsApp:\u00a0<strong>16 99117 7802.<\/strong><\/p>\n<p>VIU ESSA?<br \/>Ribeir\u00e3o Preto est\u00e1 sobre um vulc\u00e3o adormecido? Veja a explica\u00e7\u00e3o<\/p>\n<p><!-- AI CONTENT END 1 -->\n<\/div>\n<\/div>\n<p><script async src=\"\/\/www.instagram.com\/embed.js\"><\/script><br \/>\n<br \/><br \/>\n<br \/><a href=\"https:\/\/www.acidadeon.com\/ribeiraopreto\/cotidiano\/prefeitura-de-ribeirao-preto-alerta-que-pode-faltar-agua-em-varios-bairros\/\">Source link <\/a><\/p>\n<div class='code-block code-block-4' style='margin: 8px auto 8px 0; text-align: left; display: block; clear: both;'>\n\ud83d\udce2 Aviso Legal\n\nO site ismaelcolosi.com.br atua apenas como um canal de divulga\u00e7\u00e3o de oportunidades de emprego e n\u00e3o se responsabiliza pelo processo seletivo, contrata\u00e7\u00e3o ou qualquer outra etapa relacionada \u00e0s vagas publicadas. Todas as informa\u00e7\u00f5es s\u00e3o de responsabilidade dos anunciantes.\n\n\u26a0\ufe0f Aten\u00e7\u00e3o! Nunca pague por promessas de emprego nem compre cursos que garantam contrata\u00e7\u00e3o. Desconfie de qualquer cobran\u00e7a para participar de sele\u00e7\u00f5es.\n\n\n\n<\/div>\n<!-- CONTENT END 1 -->\n","protected":false},"excerpt":{"rendered":"<p>A Prefeitura de Ribeir\u00e3o Preto informou, na manh\u00e3 deste s\u00e1bado (9), que pode faltar \u00e1gua em v\u00e1rios bairros da zona Leste da cidade. O motivo&#8230;<\/p>\n","protected":false},"author":1,"featured_media":13298,"comment_status":"open","ping_status":"open","sticky":false,"template":"","format":"standard","meta":{"_uag_custom_page_level_css":"","advanced_seo_description":"","jetpack_seo_html_title":"","jetpack_seo_noindex":false,"jetpack_post_was_ever_published":false,"_jetpack_newsletter_access":"","_jetpack_dont_email_post_to_subs":false,"_jetpack_newsletter_tier_id":0,"_jetpack_memberships_contains_paywalled_content":false,"_jetpack_memberships_contains_paid_content":false,"footnotes":"","jetpack_publicize_message":"","jetpack_publicize_feature_enabled":true,"jetpack_social_post_already_shared":true,"jetpack_social_options":{"image_generator_settings":{"template":"highway","default_image_id":0,"font":"","enabled":false},"version":2}},"categories":[11],"tags":[32,163,419,1857,217,244,27,26,1858],"class_list":["post-13297","post","type-post","status-publish","format-standard","has-post-thumbnail","hentry","category-noticias-de-ribeirao-preto-sp-e-regiao-ismael-colosi","tag-agua","tag-alerta","tag-bairros","tag-faltar","tag-pode","tag-prefeitura","tag-preto","tag-ribeirao","tag-varios"],"jetpack_publicize_connections":[],"jetpack_featured_media_url":"https:\/\/i0.wp.com\/ismaelcolosi.com.br\/wp-content\/uploads\/2023\/12\/shower-1027904_1280-2.jpg?fit=1280%2C857&ssl=1","uagb_featured_image_src":{"full":["https:\/\/i0.wp.com\/ismaelcolosi.com.br\/wp-content\/uploads\/2023\/12\/shower-1027904_1280-2.jpg?fit=1280%2C857&ssl=1",1280,857,false],"thumbnail":["https:\/\/i0.wp.com\/ismaelcolosi.com.br\/wp-content\/uploads\/2023\/12\/shower-1027904_1280-2.jpg?resize=150%2C150&ssl=1",150,150,true],"medium":["https:\/\/i0.wp.com\/ismaelcolosi.com.br\/wp-content\/uploads\/2023\/12\/shower-1027904_1280-2.jpg?fit=300%2C201&ssl=1",300,201,true],"medium_large":["https:\/\/i0.wp.com\/ismaelcolosi.com.br\/wp-content\/uploads\/2023\/12\/shower-1027904_1280-2.jpg?fit=768%2C514&ssl=1",768,514,true],"large":["https:\/\/i0.wp.com\/ismaelcolosi.com.br\/wp-content\/uploads\/2023\/12\/shower-1027904_1280-2.jpg?fit=1024%2C686&ssl=1",1024,686,true],"1536x1536":["https:\/\/i0.wp.com\/ismaelcolosi.com.br\/wp-content\/uploads\/2023\/12\/shower-1027904_1280-2.jpg?fit=1280%2C857&ssl=1",1280,857,true],"2048x2048":["https:\/\/i0.wp.com\/ismaelcolosi.com.br\/wp-content\/uploads\/2023\/12\/shower-1027904_1280-2.jpg?fit=1280%2C857&ssl=1",1280,857,true],"really-simple-thumb":["https:\/\/i0.wp.com\/ismaelcolosi.com.br\/wp-content\/uploads\/2023\/12\/shower-1027904_1280-2.jpg?resize=370%2C247&ssl=1",370,247,true]},"uagb_author_info":{"display_name":"ismaelcolosi.com.br","author_link":"https:\/\/ismaelcolosi.com.br\/index.php\/author\/vidareal-online\/"},"uagb_comment_info":0,"uagb_excerpt":"A Prefeitura de Ribeir\u00e3o Preto informou, na manh\u00e3 deste s\u00e1bado (9), que pode faltar \u00e1gua em v\u00e1rios bairros da zona Leste da cidade. O motivo...","jetpack-related-posts":[{"id":17087,"url":"https:\/\/ismaelcolosi.com.br\/index.php\/2023\/12\/17\/veja-quais-sao-os-bairros-de-ribeirao-preto-que-podem-faltar-agua-neste-domingo\/","url_meta":{"origin":13297,"position":0},"title":"Veja quais s\u00e3o os bairros de Ribeir\u00e3o Preto que podem faltar \u00e1gua neste domingo","author":"ismaelcolosi.com.br","date":"17 de December de 2023","format":false,"excerpt":"A Prefeitura de Ribeir\u00e3o Preto informou, no final da manh\u00e3 deste domingo (17), que pode faltar \u00e1gua em v\u00e1rios bairros da zona Leste da cidade. O motivo \u00e9 uma rede rompida no bairro Lagoinha. De acordo com a Secretaria Municipal de \u00c1gua e Esgoto de Ribeir\u00e3o Preto (Saerp), o reparo\u2026","rel":"","context":"In &quot;Not\u00edcias de Ribeir\u00e3o Preto-SP e Regi\u00e3o&quot;","block_context":{"text":"Not\u00edcias de Ribeir\u00e3o Preto-SP e Regi\u00e3o","link":"https:\/\/ismaelcolosi.com.br\/index.php\/category\/noticias-de-ribeirao-preto-sp-e-regiao-ismael-colosi\/"},"img":{"alt_text":"","src":"https:\/\/i0.wp.com\/ismaelcolosi.com.br\/wp-content\/uploads\/2023\/12\/VejaosbairroscomriscodefaltadguanestaquintaemRibeiroPreto_Tamanho_2_image-2.jpg?fit=1200%2C900&ssl=1&resize=350%2C200","width":350,"height":200,"srcset":"https:\/\/i0.wp.com\/ismaelcolosi.com.br\/wp-content\/uploads\/2023\/12\/VejaosbairroscomriscodefaltadguanestaquintaemRibeiroPreto_Tamanho_2_image-2.jpg?fit=1200%2C900&ssl=1&resize=350%2C200 1x, https:\/\/i0.wp.com\/ismaelcolosi.com.br\/wp-content\/uploads\/2023\/12\/VejaosbairroscomriscodefaltadguanestaquintaemRibeiroPreto_Tamanho_2_image-2.jpg?fit=1200%2C900&ssl=1&resize=525%2C300 1.5x, https:\/\/i0.wp.com\/ismaelcolosi.com.br\/wp-content\/uploads\/2023\/12\/VejaosbairroscomriscodefaltadguanestaquintaemRibeiroPreto_Tamanho_2_image-2.jpg?fit=1200%2C900&ssl=1&resize=700%2C400 2x, https:\/\/i0.wp.com\/ismaelcolosi.com.br\/wp-content\/uploads\/2023\/12\/VejaosbairroscomriscodefaltadguanestaquintaemRibeiroPreto_Tamanho_2_image-2.jpg?fit=1200%2C900&ssl=1&resize=1050%2C600 3x"},"classes":[]},{"id":46527,"url":"https:\/\/ismaelcolosi.com.br\/index.php\/2024\/04\/12\/servicos-se-estendem-e-pode-faltar-agua-em-bairros-de-ribeirao-preto-veja-locais-afetados\/","url_meta":{"origin":13297,"position":1},"title":"Servi\u00e7os se estendem e pode faltar \u00e1gua em bairros de Ribeir\u00e3o Preto; Veja locais afetados","author":"ismaelcolosi.com.br","date":"12 de April de 2024","format":false,"excerpt":"A Secretaria de \u00c1gua e Esgoto de Ribeir\u00e3o (Saerp) informou que os servi\u00e7os de manuten\u00e7\u00e3o no po\u00e7o Flamboyans, iniciado nesta quinta-feira (11), foram estendidos devido a complexidades do trabalho. O \u00f3rg\u00e3o informou que equipes est\u00e3o trabalhando em manobras e monitoramento do sistema, contudo, podem ocorrer intermit\u00eancias nos bairros: Ainda de\u2026","rel":"","context":"In &quot;Not\u00edcias de Ribeir\u00e3o Preto-SP e Regi\u00e3o&quot;","block_context":{"text":"Not\u00edcias de Ribeir\u00e3o Preto-SP e Regi\u00e3o","link":"https:\/\/ismaelcolosi.com.br\/index.php\/category\/noticias-de-ribeirao-preto-sp-e-regiao-ismael-colosi\/"},"img":{"alt_text":"","src":"https:\/\/i0.wp.com\/ismaelcolosi.com.br\/wp-content\/uploads\/2024\/04\/falta-de-agua-3.jpg?fit=1200%2C673&ssl=1&resize=350%2C200","width":350,"height":200,"srcset":"https:\/\/i0.wp.com\/ismaelcolosi.com.br\/wp-content\/uploads\/2024\/04\/falta-de-agua-3.jpg?fit=1200%2C673&ssl=1&resize=350%2C200 1x, https:\/\/i0.wp.com\/ismaelcolosi.com.br\/wp-content\/uploads\/2024\/04\/falta-de-agua-3.jpg?fit=1200%2C673&ssl=1&resize=525%2C300 1.5x, https:\/\/i0.wp.com\/ismaelcolosi.com.br\/wp-content\/uploads\/2024\/04\/falta-de-agua-3.jpg?fit=1200%2C673&ssl=1&resize=700%2C400 2x, https:\/\/i0.wp.com\/ismaelcolosi.com.br\/wp-content\/uploads\/2024\/04\/falta-de-agua-3.jpg?fit=1200%2C673&ssl=1&resize=1050%2C600 3x"},"classes":[]},{"id":70748,"url":"https:\/\/ismaelcolosi.com.br\/index.php\/2024\/10\/12\/saerp-alerta-para-falta-dagua-em-ribeirao-preto-veja-os-bairros-afetados-3\/","url_meta":{"origin":13297,"position":2},"title":"Saerp alerta para falta d\u2019\u00e1gua em Ribeir\u00e3o Preto; Veja os bairros afetados","author":"ismaelcolosi.com.br","date":"12 de October de 2024","format":false,"excerpt":"A Saerp (Secretaria de \u00c1gua e Esgoto de Ribeir\u00e3o Preto) informou que quatro bairros de Ribeir\u00e3o Preto podem ficar sem \u00e1gua na tarde deste s\u00e1bado (12). Segundo a secretaria, equipes fazem o reparo emergencial de uma rede rompida na esquina das ruas Jos\u00e9 Gomes da Silva com a Manoel Emboaba.\u2026","rel":"","context":"In &quot;Not\u00edcias de Ribeir\u00e3o Preto-SP e Regi\u00e3o&quot;","block_context":{"text":"Not\u00edcias de Ribeir\u00e3o Preto-SP e Regi\u00e3o","link":"https:\/\/ismaelcolosi.com.br\/index.php\/category\/noticias-de-ribeirao-preto-sp-e-regiao-ismael-colosi\/"},"img":{"alt_text":"","src":"https:\/\/i0.wp.com\/ismaelcolosi.com.br\/wp-content\/uploads\/2024\/10\/istockphoto-501515701-612x612-1_2024-10-06_20-08-02_jpg_2024-10-06_20-08-02.webp.webp?fit=612%2C408&ssl=1&resize=350%2C200","width":350,"height":200,"srcset":"https:\/\/i0.wp.com\/ismaelcolosi.com.br\/wp-content\/uploads\/2024\/10\/istockphoto-501515701-612x612-1_2024-10-06_20-08-02_jpg_2024-10-06_20-08-02.webp.webp?fit=612%2C408&ssl=1&resize=350%2C200 1x, https:\/\/i0.wp.com\/ismaelcolosi.com.br\/wp-content\/uploads\/2024\/10\/istockphoto-501515701-612x612-1_2024-10-06_20-08-02_jpg_2024-10-06_20-08-02.webp.webp?fit=612%2C408&ssl=1&resize=525%2C300 1.5x"},"classes":[]},{"id":66639,"url":"https:\/\/ismaelcolosi.com.br\/index.php\/2024\/09\/18\/saerp-alerta-para-falta-dagua-em-quatro-bairros-de-ribeirao-preto-veja-os-locais\/","url_meta":{"origin":13297,"position":3},"title":"Saerp alerta para falta d\u2019\u00e1gua em quatro bairros de Ribeir\u00e3o Preto; Veja os locais","author":"ismaelcolosi.com.br","date":"18 de September de 2024","format":false,"excerpt":"A Saerp (Secretaria de \u00c1gua e Esgoto de Ribeir\u00e3o Preto) informou que est\u00e1 realizando um reparo emergencial, na tarde desta quarta-feira (18), na zona Leste. De acordo com a pasta, uma rede se rompeu na rua Dom Luiz do Amaral Mousinho. Por conta disso, pode acontecer falhas no abastecimento nos\u2026","rel":"","context":"In &quot;Not\u00edcias de Ribeir\u00e3o Preto-SP e Regi\u00e3o&quot;","block_context":{"text":"Not\u00edcias de Ribeir\u00e3o Preto-SP e Regi\u00e3o","link":"https:\/\/ismaelcolosi.com.br\/index.php\/category\/noticias-de-ribeirao-preto-sp-e-regiao-ismael-colosi\/"},"img":{"alt_text":"","src":"https:\/\/i0.wp.com\/ismaelcolosi.com.br\/wp-content\/uploads\/2024\/07\/torneira-agua_2024-07-22_12-45-42_jpg_2024-07-22_12-45-42.webp.webp?fit=1170%2C700&ssl=1&resize=350%2C200","width":350,"height":200,"srcset":"https:\/\/i0.wp.com\/ismaelcolosi.com.br\/wp-content\/uploads\/2024\/07\/torneira-agua_2024-07-22_12-45-42_jpg_2024-07-22_12-45-42.webp.webp?fit=1170%2C700&ssl=1&resize=350%2C200 1x, https:\/\/i0.wp.com\/ismaelcolosi.com.br\/wp-content\/uploads\/2024\/07\/torneira-agua_2024-07-22_12-45-42_jpg_2024-07-22_12-45-42.webp.webp?fit=1170%2C700&ssl=1&resize=525%2C300 1.5x, https:\/\/i0.wp.com\/ismaelcolosi.com.br\/wp-content\/uploads\/2024\/07\/torneira-agua_2024-07-22_12-45-42_jpg_2024-07-22_12-45-42.webp.webp?fit=1170%2C700&ssl=1&resize=700%2C400 2x, https:\/\/i0.wp.com\/ismaelcolosi.com.br\/wp-content\/uploads\/2024\/07\/torneira-agua_2024-07-22_12-45-42_jpg_2024-07-22_12-45-42.webp.webp?fit=1170%2C700&ssl=1&resize=1050%2C600 3x"},"classes":[]},{"id":42621,"url":"https:\/\/ismaelcolosi.com.br\/index.php\/2024\/03\/15\/onda-de-calor-saerp-emite-alerta-para-uso-consciente-da-agua-em-ribeirao-preto\/","url_meta":{"origin":13297,"position":4},"title":"Onda de calor: Saerp emite alerta para uso consciente da \u00e1gua em Ribeir\u00e3o Preto","author":"ismaelcolosi.com.br","date":"15 de March de 2024","format":false,"excerpt":"As temperaturas em Ribeir\u00e3o Preto devem continuar altas pelos pr\u00f3ximos dias, atingindo o seu \u00e1pice neste s\u00e1bado (16), devido \u00e0 onda de calor que atinge o Estado de S\u00e3o Paulo. Com a previs\u00e3o, a Saerp (Secretaria de \u00c1gua e Esgoto de Ribeir\u00e3o Preto), emitiu um alerta, nesta sexta-feira (15), sobre\u2026","rel":"","context":"In &quot;Not\u00edcias de Ribeir\u00e3o Preto-SP e Regi\u00e3o&quot;","block_context":{"text":"Not\u00edcias de Ribeir\u00e3o Preto-SP e Regi\u00e3o","link":"https:\/\/ismaelcolosi.com.br\/index.php\/category\/noticias-de-ribeirao-preto-sp-e-regiao-ismael-colosi\/"},"img":{"alt_text":"","src":"https:\/\/i0.wp.com\/ismaelcolosi.com.br\/wp-content\/uploads\/2024\/03\/agua_ribeirao_1024x576_11092020201540.jpg?fit=1024%2C576&ssl=1&resize=350%2C200","width":350,"height":200,"srcset":"https:\/\/i0.wp.com\/ismaelcolosi.com.br\/wp-content\/uploads\/2024\/03\/agua_ribeirao_1024x576_11092020201540.jpg?fit=1024%2C576&ssl=1&resize=350%2C200 1x, https:\/\/i0.wp.com\/ismaelcolosi.com.br\/wp-content\/uploads\/2024\/03\/agua_ribeirao_1024x576_11092020201540.jpg?fit=1024%2C576&ssl=1&resize=525%2C300 1.5x, https:\/\/i0.wp.com\/ismaelcolosi.com.br\/wp-content\/uploads\/2024\/03\/agua_ribeirao_1024x576_11092020201540.jpg?fit=1024%2C576&ssl=1&resize=700%2C400 2x"},"classes":[]},{"id":69706,"url":"https:\/\/ismaelcolosi.com.br\/index.php\/2024\/10\/07\/bairros-da-zona-leste-de-ribeirao-podem-ficar-sem-agua-ate-a-noite\/","url_meta":{"origin":13297,"position":5},"title":"Bairros da zona Leste de Ribeir\u00e3o podem ficar sem \u00e1gua at\u00e9 \u00e0 noite","author":"ismaelcolosi.com.br","date":"7 de October de 2024","format":false,"excerpt":"Um comunicado feito pela Secretaria de \u00c1gua e Esgoto de Ribeir\u00e3o Preto (Saerp), nesta segunda-feira (7), informa que o sistema de abastecimento Palmares est\u00e1 em manuten\u00e7\u00e3o para a interliga\u00e7\u00e3o de uma nova adutora. Por conta dessa manuten\u00e7\u00e3o, pode faltar \u00e1gua nos bairros Jardim Palmares, Jardim Zara, Jardim Novo Mundo, Jardim\u2026","rel":"","context":"In &quot;Not\u00edcias de Ribeir\u00e3o Preto-SP e Regi\u00e3o&quot;","block_context":{"text":"Not\u00edcias de Ribeir\u00e3o Preto-SP e Regi\u00e3o","link":"https:\/\/ismaelcolosi.com.br\/index.php\/category\/noticias-de-ribeirao-preto-sp-e-regiao-ismael-colosi\/"},"img":{"alt_text":"","src":"https:\/\/i0.wp.com\/ismaelcolosi.com.br\/wp-content\/uploads\/2024\/08\/Copia-de-Copia-de-Copia-de-TAMANHO-EXATO-PARA-FOTOS-NO-SISTEMA-NOVO-10_2024-08-19_12-12-48_jpg_2024-08-19_12-12-48.webp.webp?fit=1200%2C675&ssl=1&resize=350%2C200","width":350,"height":200,"srcset":"https:\/\/i0.wp.com\/ismaelcolosi.com.br\/wp-content\/uploads\/2024\/08\/Copia-de-Copia-de-Copia-de-TAMANHO-EXATO-PARA-FOTOS-NO-SISTEMA-NOVO-10_2024-08-19_12-12-48_jpg_2024-08-19_12-12-48.webp.webp?fit=1200%2C675&ssl=1&resize=350%2C200 1x, https:\/\/i0.wp.com\/ismaelcolosi.com.br\/wp-content\/uploads\/2024\/08\/Copia-de-Copia-de-Copia-de-TAMANHO-EXATO-PARA-FOTOS-NO-SISTEMA-NOVO-10_2024-08-19_12-12-48_jpg_2024-08-19_12-12-48.webp.webp?fit=1200%2C675&ssl=1&resize=525%2C300 1.5x, https:\/\/i0.wp.com\/ismaelcolosi.com.br\/wp-content\/uploads\/2024\/08\/Copia-de-Copia-de-Copia-de-TAMANHO-EXATO-PARA-FOTOS-NO-SISTEMA-NOVO-10_2024-08-19_12-12-48_jpg_2024-08-19_12-12-48.webp.webp?fit=1200%2C675&ssl=1&resize=700%2C400 2x, https:\/\/i0.wp.com\/ismaelcolosi.com.br\/wp-content\/uploads\/2024\/08\/Copia-de-Copia-de-Copia-de-TAMANHO-EXATO-PARA-FOTOS-NO-SISTEMA-NOVO-10_2024-08-19_12-12-48_jpg_2024-08-19_12-12-48.webp.webp?fit=1200%2C675&ssl=1&resize=1050%2C600 3x"},"classes":[]}],"jetpack_sharing_enabled":true,"jetpack_shortlink":"https:\/\/wp.me\/pfMlyK-3st","_links":{"self":[{"href":"https:\/\/ismaelcolosi.com.br\/index.php\/wp-json\/wp\/v2\/posts\/13297","targetHints":{"allow":["GET"]}}],"collection":[{"href":"https:\/\/ismaelcolosi.com.br\/index.php\/wp-json\/wp\/v2\/posts"}],"about":[{"href":"https:\/\/ismaelcolosi.com.br\/index.php\/wp-json\/wp\/v2\/types\/post"}],"author":[{"embeddable":true,"href":"https:\/\/ismaelcolosi.com.br\/index.php\/wp-json\/wp\/v2\/users\/1"}],"replies":[{"embeddable":true,"href":"https:\/\/ismaelcolosi.com.br\/index.php\/wp-json\/wp\/v2\/comments?post=13297"}],"version-history":[{"count":0,"href":"https:\/\/ismaelcolosi.com.br\/index.php\/wp-json\/wp\/v2\/posts\/13297\/revisions"}],"wp:featuredmedia":[{"embeddable":true,"href":"https:\/\/ismaelcolosi.com.br\/index.php\/wp-json\/wp\/v2\/media\/13298"}],"wp:attachment":[{"href":"https:\/\/ismaelcolosi.com.br\/index.php\/wp-json\/wp\/v2\/media?parent=13297"}],"wp:term":[{"taxonomy":"category","embeddable":true,"href":"https:\/\/ismaelcolosi.com.br\/index.php\/wp-json\/wp\/v2\/categories?post=13297"},{"taxonomy":"post_tag","embeddable":true,"href":"https:\/\/ismaelcolosi.com.br\/index.php\/wp-json\/wp\/v2\/tags?post=13297"}],"curies":[{"name":"wp","href":"https:\/\/api.w.org\/{rel}","templated":true}]}}