{"id":13248,"date":"2023-12-09T16:16:54","date_gmt":"2023-12-09T19:16:54","guid":{"rendered":"https:\/\/ismaelcolosi.com.br\/index.php\/2023\/12\/09\/confira-os-12-trechos-com-interdicoes-por-causa-de-obras-em-ribeirao-preto\/"},"modified":"2023-12-09T16:16:54","modified_gmt":"2023-12-09T19:16:54","slug":"confira-os-12-trechos-com-interdicoes-por-causa-de-obras-em-ribeirao-preto","status":"publish","type":"post","link":"https:\/\/ismaelcolosi.com.br\/index.php\/2023\/12\/09\/confira-os-12-trechos-com-interdicoes-por-causa-de-obras-em-ribeirao-preto\/","title":{"rendered":"Confira os 12 trechos com interdi\u00e7\u00f5es por causa de obras em Ribeir\u00e3o Preto"},"content":{"rendered":"<p> <br \/>\n<\/p>\n<div>\n<p><strong>Ribeir\u00e3o Preto tem, neste s\u00e1bado (9), doze trechos de interdi\u00e7\u00f5es por causa de obras. <\/strong>As informa\u00e7\u00f5es constam no <a href=\"https:\/\/www.ribeiraopreto.sp.gov.br\/rpmobi\/interdicoes.xhtml\" target=\"_blank\" rel=\"noreferrer noopener\">site da Prefeitura<\/a> e s\u00e3o divulgadas pela RP Mobi.<\/p>\n<p>A \u00fanica interdi\u00e7\u00e3o parcial \u00e9 no cruzamento da avenida Antonio e Helena Zerrener com S\u00e3o Salvador. O motivo \u00e9 a reconstru\u00e7\u00e3o do talude do c\u00f3rrego que caiu com uma chuva no dia 6 de outubro de 2023.<\/p><div class='code-block code-block-8' style='margin: 8px auto; text-align: center; display: block; clear: both;'>\n<script>\n  atOptions = {\n    'key' : '66e2e2111ca34da796271819fc334058',\n    'format' : 'iframe',\n    'height' : 250,\n    'width' : 300,\n    'params' : {}\n  };\n<\/script>\n<script src=\"https:\/\/www.highperformanceformat.com\/66e2e2111ca34da796271819fc334058\/invoke.js\"><\/script>\n<\/div>\n\n<p><strong>Todas as outras onze interdi\u00e7\u00f5es s\u00e3o totais e ocasionadas por obras de galerias pluviais ou corredores do transporte coletivo urbano<\/strong>. <\/p>\n<h4 class=\"wp-block-heading\">Veja todas interdi\u00e7\u00f5es abaixo:<\/h4>\n<p><strong>1- Interdi\u00e7\u00e3o de trecho da pista centro\/bairro da av. Antonio e Helena Zerrener (cruzamento com a rua S\u00e3o Salvador)<\/strong><\/p>\n<ul>\n<li>Bloqueio: Parcial<br \/>Motivo: Obra de reparo na parede de conten\u00e7\u00e3o do C\u00f3rrego Ant\u00e1rctica<\/li>\n<\/ul>\n<p><strong>2- Interdi\u00e7\u00e3o de trecho da rua Floriano Peixoto, entre a rua Flor\u00eancio de Abreu e rua Lafaiete<\/strong><\/p>\n<ul>\n<li>Bloqueio: Total<br \/>Motivo: Andamento das obras do corredor de \u00f4nibus na regi\u00e3o Central<\/li>\n<\/ul>\n<p><strong>3-<\/strong> <strong>Interdi\u00e7\u00e3o de trecho da rua Pernambuco, entre rua Buarque at\u00e9 a avenida Marechal Costa e Silva<\/strong><\/p>\n<ul>\n<li>Bloqueio: Total<br \/>Motivo: Andamento das obras em galerias de \u00e1guas pluviais na regi\u00e3o Norte<\/li>\n<\/ul>\n<p><strong>4- Interdi\u00e7\u00e3o de trecho da rua Lafaiete, entre a rua Sete de Setembro at\u00e9 a rua Floriano Peixoto<\/strong><\/p>\n<ul>\n<li>Bloqueio: Total<br \/>Motivo: Andamento das obras do corredor de \u00f4nibus na regi\u00e3o Central<\/li>\n<\/ul>\n<p><strong>5- Interdi\u00e7\u00e3o da rua Lafaiete, no trecho da rua Floriano Peixoto at\u00e9 a avenida Independ\u00eancia<\/strong><\/p>\n<p>-Bloqueio: Total<br \/>Motivo: Andamento das obras do corredor de \u00f4nibus do quadril\u00e1tero Central.<\/p>\n<p><strong>6-<\/strong> <strong>Interdi\u00e7\u00e3o em um trecho da rua Arnaldo Victaliano, da rua Nicola Miranda at\u00e9 a rua Aldo Focosi<\/strong><\/p>\n<ul>\n<li>Bloqueio: Total<br \/>Motivo: Obras de galerias de \u00e1guas pluviais<\/li>\n<\/ul>\n<p><strong>7- Interdi\u00e7\u00e3o de trecho da pista Bairro\/Centro da avenida Cost\u00e1bile Romano (ao lado do Parque Prefeito Luiz Roberto J\u00e1bali (Curupira)<\/strong><\/p>\n<ul>\n<li>Bloqueio: Total<br \/>Motivo: Obras para o corredor de \u00f4nibus Cost\u00e1bile Romano<\/li>\n<\/ul>\n<p><strong>8-<\/strong> <strong>Interdi\u00e7\u00e3o de um trecho da rua Pernambuco, da avenida Eduardo Andrea Matarazzo (Via Norte) at\u00e9 a rua Buarque<\/strong><\/p>\n<ul>\n<li>Bloqueio: Total<br \/>Motivo: Obras de galerias de \u00e1guas pluviais<\/li>\n<\/ul>\n<p><strong>9-<\/strong> <strong>Interdi\u00e7\u00e3o total de trecho da avenida total Dr. Francisco Junqueira, da pista Centro\/Bairro, entre a rua Comandante Marcondes Salgado at\u00e9 a rua S\u00e3o Jos\u00e9.<\/strong><\/p>\n<ul>\n<li>Bloqueio: Total<br \/>Motivo: para o andamento das obras do corredor da avenida Nove, pelo programa Ribeir\u00e3o Mobilidade.<\/li>\n<\/ul>\n<p><strong>10-<\/strong> <strong>Interdi\u00e7\u00e3o da avenida Brasil, a partir do cruzamento da via com a avenida Am\u00e9rica do Sul at\u00e9 a rotat\u00f3ria da pra\u00e7a Antonio Lopes (na conflu\u00eancia com a avenida Mogiana).<\/strong><\/p>\n<ul>\n<li>Bloqueio: Total<br \/>Motivo: Em continuidade da obra do viaduto no cruzamento das avenidas Mogiana e Brasil, pelo programa Ribeir\u00e3o Mobilidade.<\/li>\n<\/ul>\n<p><strong>11-<\/strong> <strong>Interdi\u00e7\u00e3o da avenida Nove de Julho nos dois sentidos da via, no trecho da rua Garibaldi at\u00e9 a rua Comandante Marcondes Salgado.<\/strong><\/p>\n<ul>\n<li>Bloqueio: Total<br \/>Motivo: In\u00edcio das obras do corredor de \u00f4nibus Nove de Julho, pelo programa Ribeir\u00e3o Mobilidade.<\/li>\n<\/ul>\n<p><strong>12-<\/strong> <strong>Rotat\u00f3ria Pra\u00e7a Comendador Ant\u00f4nio Lopes Balau (no cruzamento entre as avenidas Brasil e Mogiana) \u2013 TOTAL (somente nos dois sentidos da avenida Brasil)<\/strong><\/p>\n<ul>\n<li>Bloqueio: Total<br \/>Motivo: obras de constru\u00e7\u00e3o do viaduto da avenidas Brasil sobre a avenida Mogiana<\/li>\n<\/ul>\n<h4 class=\"wp-block-heading\"><span style=\"background-color:#f7cc62\" class=\"td_text_highlight_marker\"><strong>FIQUE ON<\/strong><\/span><\/h4>\n<p>Fique ligado em tudo que acontece em Ribeir\u00e3o Preto e regi\u00e3o. Siga os perfis do<strong>\u00a0acidade on<\/strong>\u00a0no\u00a0<a href=\"https:\/\/www.instagram.com\/acidadeonribeirao\" target=\"_blank\" rel=\"noreferrer noopener\">Instagram\u00a0<\/a>e no\u00a0<a href=\"https:\/\/www.facebook.com\/acidadeonribeirao\" target=\"_blank\" rel=\"noreferrer noopener\">Facebook.<\/a><\/p>\n<p>Receba not\u00edcias do\u00a0<strong>acidade on\u00a0<\/strong>no WhatsApp.\u00a0<a href=\"https:\/\/chat.whatsapp.com\/Bnv2w66ZT4VDyZW3oiZ69n\" target=\"_blank\" rel=\"noreferrer noopener\">Para entrar no grupo, basta clicar aqui.<\/a><\/p>\n<p>Fa\u00e7a uma den\u00fancia ou sugira uma reportagem sobre Ribeir\u00e3o Preto e regi\u00e3o pelo WhatsApp:\u00a0<strong>16 99117 7802.<\/strong><\/p>\n<p>VEJA TAMB\u00c9M<br \/>Frente fria? Confira a previs\u00e3o do tempo para a regi\u00e3o de Ribeir\u00e3o Preto<\/p>\n<p><!-- AI CONTENT END 1 -->\n<\/div>\n<p><script async src=\"\/\/www.instagram.com\/embed.js\"><\/script><br \/>\n<br \/><br \/>\n<br \/><a href=\"https:\/\/www.acidadeon.com\/ribeiraopreto\/cotidiano\/confira-os-12-trechos-com-interdicoes-por-causa-de-obras-em-ribeirao-preto\/\">Source link <\/a><\/p>\n<div class='code-block code-block-4' style='margin: 8px auto 8px 0; text-align: left; display: block; clear: both;'>\n\ud83d\udce2 Aviso Legal\n\nO site ismaelcolosi.com.br atua apenas como um canal de divulga\u00e7\u00e3o de oportunidades de emprego e n\u00e3o se responsabiliza pelo processo seletivo, contrata\u00e7\u00e3o ou qualquer outra etapa relacionada \u00e0s vagas publicadas. Todas as informa\u00e7\u00f5es s\u00e3o de responsabilidade dos anunciantes.\n\n\u26a0\ufe0f Aten\u00e7\u00e3o! Nunca pague por promessas de emprego nem compre cursos que garantam contrata\u00e7\u00e3o. Desconfie de qualquer cobran\u00e7a para participar de sele\u00e7\u00f5es.\n\n\n\n<\/div>\n<!-- CONTENT END 1 -->\n","protected":false},"excerpt":{"rendered":"<p>Ribeir\u00e3o Preto tem, neste s\u00e1bado (9), doze trechos de interdi\u00e7\u00f5es por causa de obras. As informa\u00e7\u00f5es constam no site da Prefeitura e s\u00e3o divulgadas pela&#8230;<\/p>\n","protected":false},"author":1,"featured_media":13249,"comment_status":"open","ping_status":"open","sticky":false,"template":"","format":"standard","meta":{"_uag_custom_page_level_css":"","advanced_seo_description":"","jetpack_seo_html_title":"","jetpack_seo_noindex":false,"jetpack_post_was_ever_published":false,"_jetpack_newsletter_access":"","_jetpack_dont_email_post_to_subs":false,"_jetpack_newsletter_tier_id":0,"_jetpack_memberships_contains_paywalled_content":false,"_jetpack_memberships_contains_paid_content":false,"footnotes":"","jetpack_publicize_message":"","jetpack_publicize_feature_enabled":true,"jetpack_social_post_already_shared":true,"jetpack_social_options":{"image_generator_settings":{"template":"highway","default_image_id":0,"font":"","enabled":false},"version":2}},"categories":[11],"tags":[383,269,680,1059,134,27,26,1845],"class_list":["post-13248","post","type-post","status-publish","format-standard","has-post-thumbnail","hentry","category-noticias-de-ribeirao-preto-sp-e-regiao-ismael-colosi","tag-causa","tag-confira","tag-interdicoes","tag-obras","tag-por","tag-preto","tag-ribeirao","tag-trechos"],"jetpack_publicize_connections":[],"jetpack_featured_media_url":"https:\/\/i0.wp.com\/ismaelcolosi.com.br\/wp-content\/uploads\/2023\/12\/WhatsApp-Image-2023-12-09-at-15.40.47.jpeg?fit=1600%2C900&ssl=1","uagb_featured_image_src":{"full":["https:\/\/i0.wp.com\/ismaelcolosi.com.br\/wp-content\/uploads\/2023\/12\/WhatsApp-Image-2023-12-09-at-15.40.47.jpeg?fit=1600%2C900&ssl=1",1600,900,false],"thumbnail":["https:\/\/i0.wp.com\/ismaelcolosi.com.br\/wp-content\/uploads\/2023\/12\/WhatsApp-Image-2023-12-09-at-15.40.47.jpeg?resize=150%2C150&ssl=1",150,150,true],"medium":["https:\/\/i0.wp.com\/ismaelcolosi.com.br\/wp-content\/uploads\/2023\/12\/WhatsApp-Image-2023-12-09-at-15.40.47.jpeg?fit=300%2C169&ssl=1",300,169,true],"medium_large":["https:\/\/i0.wp.com\/ismaelcolosi.com.br\/wp-content\/uploads\/2023\/12\/WhatsApp-Image-2023-12-09-at-15.40.47.jpeg?fit=768%2C432&ssl=1",768,432,true],"large":["https:\/\/i0.wp.com\/ismaelcolosi.com.br\/wp-content\/uploads\/2023\/12\/WhatsApp-Image-2023-12-09-at-15.40.47.jpeg?fit=1024%2C576&ssl=1",1024,576,true],"1536x1536":["https:\/\/i0.wp.com\/ismaelcolosi.com.br\/wp-content\/uploads\/2023\/12\/WhatsApp-Image-2023-12-09-at-15.40.47.jpeg?fit=1536%2C864&ssl=1",1536,864,true],"2048x2048":["https:\/\/i0.wp.com\/ismaelcolosi.com.br\/wp-content\/uploads\/2023\/12\/WhatsApp-Image-2023-12-09-at-15.40.47.jpeg?fit=1600%2C900&ssl=1",1600,900,true],"really-simple-thumb":["https:\/\/i0.wp.com\/ismaelcolosi.com.br\/wp-content\/uploads\/2023\/12\/WhatsApp-Image-2023-12-09-at-15.40.47.jpeg?resize=370%2C247&ssl=1",370,247,true]},"uagb_author_info":{"display_name":"ismaelcolosi.com.br","author_link":"https:\/\/ismaelcolosi.com.br\/index.php\/author\/vidareal-online\/"},"uagb_comment_info":0,"uagb_excerpt":"Ribeir\u00e3o Preto tem, neste s\u00e1bado (9), doze trechos de interdi\u00e7\u00f5es por causa de obras. As informa\u00e7\u00f5es constam no site da Prefeitura e s\u00e3o divulgadas pela...","jetpack-related-posts":[{"id":16489,"url":"https:\/\/ismaelcolosi.com.br\/index.php\/2023\/12\/15\/trecho-da-avenida-antonio-e-helena-zerrener-tem-interdicao-total\/","url_meta":{"origin":13248,"position":0},"title":"Trecho da avenida Ant\u00f4nio e Helena Zerrener tem interdi\u00e7\u00e3o total","author":"ismaelcolosi.com.br","date":"15 de December de 2023","format":false,"excerpt":"15 de dezembro de 2023 | 17:32 0A RP Mobi alerta aos condutores, nesta sexta-feira, 15 de dezembro, foi necess\u00e1rio o fechamento total no acesso \u00e0 pista Centro\/Bairro da avenida Ant\u00f4nio e Helena Zerrener, a partir do cruzamento com a rua S\u00e3o Salvador, na divisa entre os bairros Vila Tib\u00e9rio\u2026","rel":"","context":"In &quot;Not\u00edcias de Ribeir\u00e3o Preto-SP e Regi\u00e3o&quot;","block_context":{"text":"Not\u00edcias de Ribeir\u00e3o Preto-SP e Regi\u00e3o","link":"https:\/\/ismaelcolosi.com.br\/index.php\/category\/noticias-de-ribeirao-preto-sp-e-regiao-ismael-colosi\/"},"img":{"alt_text":"","src":"https:\/\/i0.wp.com\/ismaelcolosi.com.br\/wp-content\/uploads\/2023\/12\/00-02-mai-2023-zerrener-corrego-02-foto-alfredo-risk-scaled.jpg?fit=1200%2C900&ssl=1&resize=350%2C200","width":350,"height":200,"srcset":"https:\/\/i0.wp.com\/ismaelcolosi.com.br\/wp-content\/uploads\/2023\/12\/00-02-mai-2023-zerrener-corrego-02-foto-alfredo-risk-scaled.jpg?fit=1200%2C900&ssl=1&resize=350%2C200 1x, https:\/\/i0.wp.com\/ismaelcolosi.com.br\/wp-content\/uploads\/2023\/12\/00-02-mai-2023-zerrener-corrego-02-foto-alfredo-risk-scaled.jpg?fit=1200%2C900&ssl=1&resize=525%2C300 1.5x, https:\/\/i0.wp.com\/ismaelcolosi.com.br\/wp-content\/uploads\/2023\/12\/00-02-mai-2023-zerrener-corrego-02-foto-alfredo-risk-scaled.jpg?fit=1200%2C900&ssl=1&resize=700%2C400 2x, https:\/\/i0.wp.com\/ismaelcolosi.com.br\/wp-content\/uploads\/2023\/12\/00-02-mai-2023-zerrener-corrego-02-foto-alfredo-risk-scaled.jpg?fit=1200%2C900&ssl=1&resize=1050%2C600 3x"},"classes":[]},{"id":24576,"url":"https:\/\/ismaelcolosi.com.br\/index.php\/2024\/01\/04\/obras-na-avenida-antonio-e-helena-zerrener-estao-em-andamento\/","url_meta":{"origin":13248,"position":1},"title":"Obras na Avenida Ant\u00f4nio e Helena Zerrener est\u00e3o em andamento \u2013 Folha de Ribeir\u00e3o","author":"ismaelcolosi.com.br","date":"4 de January de 2024","format":false,"excerpt":"Mesmo com as fortes chuvas dos \u00faltimos dias, o servi\u00e7o de constru\u00e7\u00e3o do muro no c\u00f3rrego da Avenida Ant\u00f4nio e Helena Zerrener, continua. At\u00e9 agora, 20% da obra foi conclu\u00edda, e a previs\u00e3o de entrega \u00e9 fevereiro. J\u00e1 foram realizados os servi\u00e7os de funda\u00e7\u00e3o, a concretagem da primeira parte da\u2026","rel":"","context":"In &quot;Not\u00edcias de Ribeir\u00e3o Preto-SP e Regi\u00e3o&quot;","block_context":{"text":"Not\u00edcias de Ribeir\u00e3o Preto-SP e Regi\u00e3o","link":"https:\/\/ismaelcolosi.com.br\/index.php\/category\/noticias-de-ribeirao-preto-sp-e-regiao-ismael-colosi\/"},"img":{"alt_text":"","src":"https:\/\/i0.wp.com\/ismaelcolosi.com.br\/wp-content\/uploads\/2024\/01\/obras_zerrener_-_foto_guilherme_sircili_5.jpg?fit=1200%2C800&ssl=1&resize=350%2C200","width":350,"height":200,"srcset":"https:\/\/i0.wp.com\/ismaelcolosi.com.br\/wp-content\/uploads\/2024\/01\/obras_zerrener_-_foto_guilherme_sircili_5.jpg?fit=1200%2C800&ssl=1&resize=350%2C200 1x, https:\/\/i0.wp.com\/ismaelcolosi.com.br\/wp-content\/uploads\/2024\/01\/obras_zerrener_-_foto_guilherme_sircili_5.jpg?fit=1200%2C800&ssl=1&resize=525%2C300 1.5x, https:\/\/i0.wp.com\/ismaelcolosi.com.br\/wp-content\/uploads\/2024\/01\/obras_zerrener_-_foto_guilherme_sircili_5.jpg?fit=1200%2C800&ssl=1&resize=700%2C400 2x, https:\/\/i0.wp.com\/ismaelcolosi.com.br\/wp-content\/uploads\/2024\/01\/obras_zerrener_-_foto_guilherme_sircili_5.jpg?fit=1200%2C800&ssl=1&resize=1050%2C600 3x"},"classes":[]},{"id":27280,"url":"https:\/\/ismaelcolosi.com.br\/index.php\/2024\/01\/11\/prefeitura-vai-retomar-as-interdicoes-no-centro-de-ribeirao-apos-pausa-para-as-festas-de-final-de-ano\/","url_meta":{"origin":13248,"position":2},"title":"Prefeitura vai retomar as interdi\u00e7\u00f5es no Centro de Ribeir\u00e3o ap\u00f3s pausa para as festas de final de ano","author":"ismaelcolosi.com.br","date":"11 de January de 2024","format":false,"excerpt":"A Prefeitura de Ribeir\u00e3o Preto informou, nesta quinta-feira (11), que as obras para constru\u00e7\u00e3o do corredor de \u00f4nibus no quadril\u00e1tero Central da cidade, devem ser retomadas na segunda-feira (15). A primeira interdi\u00e7\u00e3o do ano est\u00e1 prevista para acontecer em dois trechos da rua Bar\u00e3o do Amazonas. As obras no local\u2026","rel":"","context":"In &quot;Not\u00edcias de Ribeir\u00e3o Preto-SP e Regi\u00e3o&quot;","block_context":{"text":"Not\u00edcias de Ribeir\u00e3o Preto-SP e Regi\u00e3o","link":"https:\/\/ismaelcolosi.com.br\/index.php\/category\/noticias-de-ribeirao-preto-sp-e-regiao-ismael-colosi\/"},"img":{"alt_text":"","src":"https:\/\/i0.wp.com\/ismaelcolosi.com.br\/wp-content\/uploads\/2024\/01\/obras_mobilidade_quadrilatero_-_foto_guilherme_sircili_9.jpg?fit=1200%2C794&ssl=1&resize=350%2C200","width":350,"height":200,"srcset":"https:\/\/i0.wp.com\/ismaelcolosi.com.br\/wp-content\/uploads\/2024\/01\/obras_mobilidade_quadrilatero_-_foto_guilherme_sircili_9.jpg?fit=1200%2C794&ssl=1&resize=350%2C200 1x, https:\/\/i0.wp.com\/ismaelcolosi.com.br\/wp-content\/uploads\/2024\/01\/obras_mobilidade_quadrilatero_-_foto_guilherme_sircili_9.jpg?fit=1200%2C794&ssl=1&resize=525%2C300 1.5x, https:\/\/i0.wp.com\/ismaelcolosi.com.br\/wp-content\/uploads\/2024\/01\/obras_mobilidade_quadrilatero_-_foto_guilherme_sircili_9.jpg?fit=1200%2C794&ssl=1&resize=700%2C400 2x, https:\/\/i0.wp.com\/ismaelcolosi.com.br\/wp-content\/uploads\/2024\/01\/obras_mobilidade_quadrilatero_-_foto_guilherme_sircili_9.jpg?fit=1200%2C794&ssl=1&resize=1050%2C600 3x"},"classes":[]},{"id":46308,"url":"https:\/\/ismaelcolosi.com.br\/index.php\/2024\/04\/10\/obra-da-saerp-provoca-interdicao-total-em-cruzamento-no-centro-de-ribeirao-preto\/","url_meta":{"origin":13248,"position":3},"title":"Obra da Saerp provoca interdi\u00e7\u00e3o total em cruzamento no Centro de Ribeir\u00e3o Preto","author":"ismaelcolosi.com.br","date":"10 de April de 2024","format":false,"excerpt":"O cruzamento das ruas S\u00e3o Sebasti\u00e3o com a Visconde de Inha\u00fama, no Centro de Ribeir\u00e3o Preto est\u00e1 com interdi\u00e7\u00e3o total para que a Saerp (Secretaria de \u00c1gua e Esgoto de Ribeir\u00e3o Preto) realize os servi\u00e7os de reparos em uma rede de abastecimento de \u00e1gua, que provocou a interrup\u00e7\u00e3o de \u00e1gua\u2026","rel":"","context":"In &quot;Not\u00edcias de Ribeir\u00e3o Preto-SP e Regi\u00e3o&quot;","block_context":{"text":"Not\u00edcias de Ribeir\u00e3o Preto-SP e Regi\u00e3o","link":"https:\/\/ismaelcolosi.com.br\/index.php\/category\/noticias-de-ribeirao-preto-sp-e-regiao-ismael-colosi\/"},"img":{"alt_text":"","src":"https:\/\/i0.wp.com\/ismaelcolosi.com.br\/wp-content\/uploads\/2024\/04\/Copia-de-Copia-de-TAMANHO-EXATO-PARA-FOTOS-NO-SISTEMA-NOVO-17-1.jpg?fit=1200%2C675&ssl=1&resize=350%2C200","width":350,"height":200,"srcset":"https:\/\/i0.wp.com\/ismaelcolosi.com.br\/wp-content\/uploads\/2024\/04\/Copia-de-Copia-de-TAMANHO-EXATO-PARA-FOTOS-NO-SISTEMA-NOVO-17-1.jpg?fit=1200%2C675&ssl=1&resize=350%2C200 1x, https:\/\/i0.wp.com\/ismaelcolosi.com.br\/wp-content\/uploads\/2024\/04\/Copia-de-Copia-de-TAMANHO-EXATO-PARA-FOTOS-NO-SISTEMA-NOVO-17-1.jpg?fit=1200%2C675&ssl=1&resize=525%2C300 1.5x, https:\/\/i0.wp.com\/ismaelcolosi.com.br\/wp-content\/uploads\/2024\/04\/Copia-de-Copia-de-TAMANHO-EXATO-PARA-FOTOS-NO-SISTEMA-NOVO-17-1.jpg?fit=1200%2C675&ssl=1&resize=700%2C400 2x, https:\/\/i0.wp.com\/ismaelcolosi.com.br\/wp-content\/uploads\/2024\/04\/Copia-de-Copia-de-TAMANHO-EXATO-PARA-FOTOS-NO-SISTEMA-NOVO-17-1.jpg?fit=1200%2C675&ssl=1&resize=1050%2C600 3x"},"classes":[]},{"id":39760,"url":"https:\/\/ismaelcolosi.com.br\/index.php\/2024\/02\/28\/barao-do-amazonas-tera-dois-trechos-interditados-um-deles-sera-por-20-dias\/","url_meta":{"origin":13248,"position":4},"title":"Bar\u00e3o do Amazonas ter\u00e1 dois trechos interditados, um deles ser\u00e1 por 20 dias","author":"ismaelcolosi.com.br","date":"28 de February de 2024","format":false,"excerpt":"28 de fevereiro de 2024 | 8:3027 de fevereiro de 2024 | 19:01 0Com o andamento das obras do corredor de \u00f4nibus do quadril\u00e1tero Central, a partir das 9h desta quarta-feira, dia 28 de fevereiro, haver\u00e1 a interdi\u00e7\u00e3o total do cruzamento da rua Bar\u00e3o do Amazonas com a rua S\u00e3o\u2026","rel":"","context":"In &quot;Not\u00edcias de Ribeir\u00e3o Preto-SP e Regi\u00e3o&quot;","block_context":{"text":"Not\u00edcias de Ribeir\u00e3o Preto-SP e Regi\u00e3o","link":"https:\/\/ismaelcolosi.com.br\/index.php\/category\/noticias-de-ribeirao-preto-sp-e-regiao-ismael-colosi\/"},"img":{"alt_text":"","src":"https:\/\/i0.wp.com\/ismaelcolosi.com.br\/wp-content\/uploads\/2024\/02\/1709120080_bloqueio_barao_do_amazonas_-_foto_fernando_gonzaga_1-scaled.jpg?fit=967%2C645&ssl=1&resize=350%2C200","width":350,"height":200,"srcset":"https:\/\/i0.wp.com\/ismaelcolosi.com.br\/wp-content\/uploads\/2024\/02\/1709120080_bloqueio_barao_do_amazonas_-_foto_fernando_gonzaga_1-scaled.jpg?fit=967%2C645&ssl=1&resize=350%2C200 1x, https:\/\/i0.wp.com\/ismaelcolosi.com.br\/wp-content\/uploads\/2024\/02\/1709120080_bloqueio_barao_do_amazonas_-_foto_fernando_gonzaga_1-scaled.jpg?fit=967%2C645&ssl=1&resize=525%2C300 1.5x, https:\/\/i0.wp.com\/ismaelcolosi.com.br\/wp-content\/uploads\/2024\/02\/1709120080_bloqueio_barao_do_amazonas_-_foto_fernando_gonzaga_1-scaled.jpg?fit=967%2C645&ssl=1&resize=700%2C400 2x"},"classes":[]},{"id":39714,"url":"https:\/\/ismaelcolosi.com.br\/index.php\/2024\/02\/27\/construtora-divulga-datas-para-liberacao-de-trechos-interditados-no-centro-de-ribeirao-confira\/","url_meta":{"origin":13248,"position":5},"title":"Construtora divulga datas para libera\u00e7\u00e3o de trechos interditados no Centro de Ribeir\u00e3o; Confira","author":"ismaelcolosi.com.br","date":"27 de February de 2024","format":false,"excerpt":"A Prefeitura de Ribeir\u00e3o Preto divulgou, nesta ter\u00e7a-feira (27), uma nota informando a previs\u00e3o para libera\u00e7\u00e3o de alguns trechos da rua Bar\u00e3o do Amazonas. De acordo com o comunicado, os prazos foram informados pela DGB Engenharia, construtora respons\u00e1vel pela obra. Confira: Da rua Campos Sales at\u00e9 a rua Prudente de\u2026","rel":"","context":"In &quot;Not\u00edcias de Ribeir\u00e3o Preto-SP e Regi\u00e3o&quot;","block_context":{"text":"Not\u00edcias de Ribeir\u00e3o Preto-SP e Regi\u00e3o","link":"https:\/\/ismaelcolosi.com.br\/index.php\/category\/noticias-de-ribeirao-preto-sp-e-regiao-ismael-colosi\/"},"img":{"alt_text":"","src":"https:\/\/i0.wp.com\/ismaelcolosi.com.br\/wp-content\/uploads\/2024\/02\/interdicao_barao_amazonas_-_foto_guilherme_sircili_38_-_copia.jpg?fit=1200%2C800&ssl=1&resize=350%2C200","width":350,"height":200,"srcset":"https:\/\/i0.wp.com\/ismaelcolosi.com.br\/wp-content\/uploads\/2024\/02\/interdicao_barao_amazonas_-_foto_guilherme_sircili_38_-_copia.jpg?fit=1200%2C800&ssl=1&resize=350%2C200 1x, https:\/\/i0.wp.com\/ismaelcolosi.com.br\/wp-content\/uploads\/2024\/02\/interdicao_barao_amazonas_-_foto_guilherme_sircili_38_-_copia.jpg?fit=1200%2C800&ssl=1&resize=525%2C300 1.5x, https:\/\/i0.wp.com\/ismaelcolosi.com.br\/wp-content\/uploads\/2024\/02\/interdicao_barao_amazonas_-_foto_guilherme_sircili_38_-_copia.jpg?fit=1200%2C800&ssl=1&resize=700%2C400 2x, https:\/\/i0.wp.com\/ismaelcolosi.com.br\/wp-content\/uploads\/2024\/02\/interdicao_barao_amazonas_-_foto_guilherme_sircili_38_-_copia.jpg?fit=1200%2C800&ssl=1&resize=1050%2C600 3x"},"classes":[]}],"jetpack_sharing_enabled":true,"jetpack_shortlink":"https:\/\/wp.me\/pfMlyK-3rG","_links":{"self":[{"href":"https:\/\/ismaelcolosi.com.br\/index.php\/wp-json\/wp\/v2\/posts\/13248","targetHints":{"allow":["GET"]}}],"collection":[{"href":"https:\/\/ismaelcolosi.com.br\/index.php\/wp-json\/wp\/v2\/posts"}],"about":[{"href":"https:\/\/ismaelcolosi.com.br\/index.php\/wp-json\/wp\/v2\/types\/post"}],"author":[{"embeddable":true,"href":"https:\/\/ismaelcolosi.com.br\/index.php\/wp-json\/wp\/v2\/users\/1"}],"replies":[{"embeddable":true,"href":"https:\/\/ismaelcolosi.com.br\/index.php\/wp-json\/wp\/v2\/comments?post=13248"}],"version-history":[{"count":0,"href":"https:\/\/ismaelcolosi.com.br\/index.php\/wp-json\/wp\/v2\/posts\/13248\/revisions"}],"wp:featuredmedia":[{"embeddable":true,"href":"https:\/\/ismaelcolosi.com.br\/index.php\/wp-json\/wp\/v2\/media\/13249"}],"wp:attachment":[{"href":"https:\/\/ismaelcolosi.com.br\/index.php\/wp-json\/wp\/v2\/media?parent=13248"}],"wp:term":[{"taxonomy":"category","embeddable":true,"href":"https:\/\/ismaelcolosi.com.br\/index.php\/wp-json\/wp\/v2\/categories?post=13248"},{"taxonomy":"post_tag","embeddable":true,"href":"https:\/\/ismaelcolosi.com.br\/index.php\/wp-json\/wp\/v2\/tags?post=13248"}],"curies":[{"name":"wp","href":"https:\/\/api.w.org\/{rel}","templated":true}]}}