{"id":13222,"date":"2023-12-09T15:02:07","date_gmt":"2023-12-09T18:02:07","guid":{"rendered":"https:\/\/ismaelcolosi.com.br\/index.php\/2023\/12\/09\/hospital-santa-lydia-leva-premio-por-reduzir-indice-de-infeccao\/"},"modified":"2023-12-09T15:02:07","modified_gmt":"2023-12-09T18:02:07","slug":"hospital-santa-lydia-leva-premio-por-reduzir-indice-de-infeccao","status":"publish","type":"post","link":"https:\/\/ismaelcolosi.com.br\/index.php\/2023\/12\/09\/hospital-santa-lydia-leva-premio-por-reduzir-indice-de-infeccao\/","title":{"rendered":"Hospital Santa Lydia leva pr\u00eamio por\u00a0reduzir \u00edndice de infec\u00e7\u00e3o\u00a0"},"content":{"rendered":"<p> <br \/>\n<\/p>\n<div id=\"post-366731\">\n<header class=\"entry-header penci-entry-header penci-title-center\">\n<p> <span class=\"entry-meta-item penci-posted-on\"><i class=\"fa fa-clock-o\"\/><time class=\"entry-date published\" datetime=\"2023-12-09T15:00:06-03:00\">9 de dezembro de 2023 | 15:00<\/time><time class=\"updated\" datetime=\"2023-12-09T09:06:17-03:00\">9 de dezembro de 2023 | 9:06<\/time><\/span><\/p>\n<p> <span class=\"penci-social-buttons penci-social-share-footer\"><a href=\"#\" class=\"penci-post-like penci_post-meta_item  single-like-button penci-social-item like\" data-post_id=\"366731\" title=\"Like\" data-like=\"Like\" data-unlike=\"Unlike\"><i class=\"fa fa-thumbs-o-up\"\/><span class=\"penci-share-number\">0<\/span><\/a><i class=\"fa fa-facebook\"\/><a class=\"penci-social-item twitter\" target=\"_blank\" rel=\"noopener\" title=\"\" href=\"https:\/\/twitter.com\/intent\/tweet?text=Hospital%20Santa%20Lydia%20leva%20pr\u00eamio%20por\u00a0reduzir%20\u00edndice%20de%20infec\u00e7\u00e3o\u00a0%20-%20https:\/\/www.tribunaribeirao.com.br\/site\/hospital-santa-lydia-leva-premio-por-reduzir-indice-de-infeccao\/\"><i class=\"fa fa-twitter\"\/><\/a><i class=\"fa fa-whatsapp\"\/><\/span><\/header>\n<div class=\"penci-entry-content entry-content\">\n<p><span class=\"TextRun SCXW222449983 BCX0\" lang=\"PT-BR\" xml:lang=\"PT-BR\" data-contrast=\"auto\"><span class=\"NormalTextRun SCXW222449983 BCX0\">Um olhar diferenciado em dire\u00e7\u00e3o ao paciente, que necessita de acolhimento para alcan\u00e7ar uma recupera\u00e7\u00e3o satisfat\u00f3ria. A humaniza\u00e7\u00e3o na sa\u00fade \u00e9 um conceito constru\u00eddo por meio de mudan\u00e7as de culturas institucionais, qualidade na promo\u00e7\u00e3o de atendimentos em sa\u00fade e pr\u00e1ticas seguras. <\/span><span class=\"NormalTextRun SCXW222449983 BCX0\">S\u00e3o m<\/span><span class=\"NormalTextRun SCXW222449983 BCX0\">edidas adotadas pelo <\/span><span class=\"NormalTextRun SCXW222449983 BCX0\">Hospital Santa<\/span> <span class=\"NormalTextRun SCXW222449983 BCX0\">Lydia<\/span><span class=\"NormalTextRun SCXW222449983 BCX0\">, da <\/span><span class=\"NormalTextRun SCXW222449983 BCX0\">p<\/span><span class=\"NormalTextRun SCXW222449983 BCX0\">refeitura <\/span><span class=\"NormalTextRun SCXW222449983 BCX0\">de Ribeir\u00e3o Preto<\/span><span class=\"NormalTextRun SCXW222449983 BCX0\">, que se destacou no projeto<\/span> <span class=\"NormalTextRun SCXW222449983 BCX0\">Sa\u00fade em Nossas M\u00e3os do Minist\u00e9rio da Sa\u00fade.<\/span><\/span><span class=\"LineBreakBlob BlobObject DragDrop SCXW222449983 BCX0\"><span class=\"SCXW222449983 BCX0\">\u00a0<\/span><br class=\"SCXW222449983 BCX0\"\/><\/span><span class=\"LineBreakBlob BlobObject DragDrop SCXW222449983 BCX0\"><span class=\"SCXW222449983 BCX0\">\u00a0<\/span><br class=\"SCXW222449983 BCX0\"\/><\/span><span class=\"TextRun SCXW222449983 BCX0\" lang=\"PT-BR\" xml:lang=\"PT-BR\" data-contrast=\"auto\"><span class=\"NormalTextRun SCXW222449983 BCX0\">Realizado entre os anos de 2021 <\/span><span class=\"NormalTextRun ContextualSpellingAndGrammarErrorV2Themed SCXW222449983 BCX0\">a<\/span><span class=\"NormalTextRun SCXW222449983 BCX0\"> 2023, o projeto ofereceu orienta\u00e7\u00e3o aos profissionais que atuam nas <\/span><span class=\"NormalTextRun SCXW222449983 BCX0\">UTIs<\/span><span class=\"NormalTextRun SCXW222449983 BCX0\"> participantes a usarem metodologias e ferramentas da qualidade. As estrat\u00e9gias auxiliam na implementa\u00e7\u00e3o de novos processos de forma colaborativa e sustent\u00e1vel, diminuindo, dessa forma, os \u00edndices de infec\u00e7\u00f5es hospitalares e melhorando a seguran\u00e7a do paciente durante a sua perman\u00eancia na UTI.<\/span><\/span><span class=\"LineBreakBlob BlobObject DragDrop SCXW222449983 BCX0\"><span class=\"SCXW222449983 BCX0\">\u00a0<\/span><br class=\"SCXW222449983 BCX0\"\/><\/span><span class=\"LineBreakBlob BlobObject DragDrop SCXW222449983 BCX0\"><span class=\"SCXW222449983 BCX0\">\u00a0<\/span><br class=\"SCXW222449983 BCX0\"\/><\/span><span class=\"TextRun SCXW222449983 BCX0\" lang=\"PT-BR\" xml:lang=\"PT-BR\" data-contrast=\"auto\"><span class=\"NormalTextRun SCXW222449983 BCX0\">Entre as 188 institui\u00e7\u00f5es envolvidas e participantes do Sa\u00fade em Nossas M\u00e3os, apenas 31 conclu\u00edram integralmente o programa. O Santa <\/span><span class=\"NormalTextRun SCXW222449983 BCX0\">Lydia<\/span><span class=\"NormalTextRun SCXW222449983 BCX0\"> foi uma delas. Os resultados s\u00e3o expressivos: o programa gerou uma economia de R$ 364 milh\u00f5es, estimando-se a preven\u00e7\u00e3o de 6.191 infec\u00e7\u00f5es at\u00e9 setembro de 2023, salvando assim 2.353 vidas.<\/span><\/span><span class=\"LineBreakBlob BlobObject DragDrop SCXW222449983 BCX0\"><span class=\"SCXW222449983 BCX0\">\u00a0<\/span><br class=\"SCXW222449983 BCX0\"\/><\/span><span class=\"LineBreakBlob BlobObject DragDrop SCXW222449983 BCX0\"><span class=\"SCXW222449983 BCX0\">\u00a0<\/span><br class=\"SCXW222449983 BCX0\"\/><\/span><span class=\"TextRun SCXW222449983 BCX0\" lang=\"PT-BR\" xml:lang=\"PT-BR\" data-contrast=\"auto\"><span class=\"NormalTextRun SCXW222449983 BCX0\">O Hospital Santa <\/span><span class=\"NormalTextRun SCXW222449983 BCX0\">Lydia<\/span><span class=\"NormalTextRun SCXW222449983 BCX0\"> teve uma contribui\u00e7\u00e3o not\u00e1vel j\u00e1 que a <\/span><span class=\"NormalTextRun SCXW222449983 BCX0\">implementa\u00e7\u00e3o<\/span><span class=\"NormalTextRun SCXW222449983 BCX0\"> das boas pr\u00e1ticas trouxe, no per\u00edodo, ao Sistema \u00danico de Sa\u00fade (SUS) uma economia de R$ 1,5 milh\u00e3o. Isso significa que, para cada real investido no programa, o hospital economizou oito reais, gra\u00e7as \u00e0 redu\u00e7\u00e3o efetiva das infec\u00e7\u00f5es.<\/span><\/span><span class=\"LineBreakBlob BlobObject DragDrop SCXW222449983 BCX0\"><span class=\"SCXW222449983 BCX0\">\u00a0<\/span><br class=\"SCXW222449983 BCX0\"\/><\/span><span class=\"LineBreakBlob BlobObject DragDrop SCXW222449983 BCX0\"><span class=\"SCXW222449983 BCX0\">\u00a0<\/span><br class=\"SCXW222449983 BCX0\"\/><\/span><span class=\"TextRun SCXW222449983 BCX0\" lang=\"PT-BR\" xml:lang=\"PT-BR\" data-contrast=\"auto\"><span class=\"NormalTextRun SCXW222449983 BCX0\">O superintendente do Hospital Santa <\/span><span class=\"NormalTextRun SCXW222449983 BCX0\">Lydia<\/span><span class=\"NormalTextRun SCXW222449983 BCX0\">, Marcelo <\/span><span class=\"NormalTextRun SpellingErrorV2Themed SCXW222449983 BCX0\">Carboneri<\/span><span class=\"NormalTextRun SCXW222449983 BCX0\">, ressalta que os resultados obtidos no projeto n\u00e3o apenas impactaram a economia hospitalar, mas, principalmente, alcan\u00e7ou seu principal objetivo: salvaram vidas e fortaleceram a qualidade dos atendimentos. <\/span><\/span><span class=\"LineBreakBlob BlobObject DragDrop SCXW222449983 BCX0\"><span class=\"SCXW222449983 BCX0\">\u00a0<\/span><br class=\"SCXW222449983 BCX0\"\/><\/span><span class=\"LineBreakBlob BlobObject DragDrop SCXW222449983 BCX0\"><span class=\"SCXW222449983 BCX0\">\u00a0<\/span><br class=\"SCXW222449983 BCX0\"\/><\/span><span class=\"TextRun SCXW222449983 BCX0\" lang=\"PT-BR\" xml:lang=\"PT-BR\" data-contrast=\"auto\"><span class=\"NormalTextRun SCXW222449983 BCX0\">\u201cA significativa redu\u00e7\u00e3o dos \u00edndices de infec\u00e7\u00f5es hospitalares \u00e9 um marco excepcional. Estima-se que mais de seis mil infec\u00e7\u00f5es foram evitadas at\u00e9 setembro de 2023, o que, por sua vez, resultou na preserva\u00e7\u00e3o de 2.353 vidas. <\/span><span class=\"NormalTextRun SCXW222449983 BCX0\">Esses n\u00fameros n\u00e3o s\u00e3o apenas estat\u00edsticas, <\/span><span class=\"NormalTextRun SCXW222449983 BCX0\">s\u00e3o<\/span><span class=\"NormalTextRun SCXW222449983 BCX0\"> a manifesta\u00e7\u00e3o concreta do compromisso incans\u00e1vel com a sa\u00fade e o bem-estar dos pacientes\u201d, afirma.<\/span><\/span><span class=\"LineBreakBlob BlobObject DragDrop SCXW222449983 BCX0\"><span class=\"SCXW222449983 BCX0\">\u00a0<\/span><br class=\"SCXW222449983 BCX0\"\/><\/span><span class=\"LineBreakBlob BlobObject DragDrop SCXW222449983 BCX0\"><span class=\"SCXW222449983 BCX0\">\u00a0<\/span><br class=\"SCXW222449983 BCX0\"\/><\/span><\/p>\n<\/div>\n<footer class=\"penci-entry-footer\"\/><\/div>\n<p><script async src=\"\/\/platform.twitter.com\/widgets.js\" charset=\"utf-8\"><\/script><br \/>\n<br \/><br \/>\n<br \/><a href=\"https:\/\/www.tribunaribeirao.com.br\/site\/hospital-santa-lydia-leva-premio-por-reduzir-indice-de-infeccao\/\">Source link <\/a><\/p>\n<div class='code-block code-block-4' style='margin: 8px auto 8px 0; text-align: left; display: block; clear: both;'>\n\ud83d\udce2 Aviso Legal\n\nO site ismaelcolosi.com.br atua apenas como um canal de divulga\u00e7\u00e3o de oportunidades de emprego e n\u00e3o se responsabiliza pelo processo seletivo, contrata\u00e7\u00e3o ou qualquer outra etapa relacionada \u00e0s vagas publicadas. Todas as informa\u00e7\u00f5es s\u00e3o de responsabilidade dos anunciantes.\n\n\u26a0\ufe0f Aten\u00e7\u00e3o! Nunca pague por promessas de emprego nem compre cursos que garantam contrata\u00e7\u00e3o. Desconfie de qualquer cobran\u00e7a para participar de sele\u00e7\u00f5es.\n\n\n\n<\/div>\n<!-- CONTENT END 1 -->\n","protected":false},"excerpt":{"rendered":"<p>9 de dezembro de 2023 | 15:009 de dezembro de 2023 | 9:06 0 Um olhar diferenciado em dire\u00e7\u00e3o ao paciente, que necessita de acolhimento&#8230;<\/p>\n","protected":false},"author":1,"featured_media":13223,"comment_status":"open","ping_status":"open","sticky":false,"template":"","format":"standard","meta":{"_uag_custom_page_level_css":"","advanced_seo_description":"","jetpack_seo_html_title":"","jetpack_seo_noindex":false,"jetpack_post_was_ever_published":false,"_jetpack_newsletter_access":"","_jetpack_dont_email_post_to_subs":false,"_jetpack_newsletter_tier_id":0,"_jetpack_memberships_contains_paywalled_content":false,"_jetpack_memberships_contains_paid_content":false,"footnotes":"","jetpack_publicize_message":"","jetpack_publicize_feature_enabled":true,"jetpack_social_post_already_shared":true,"jetpack_social_options":{"image_generator_settings":{"template":"highway","default_image_id":0,"font":"","enabled":false},"version":2}},"categories":[11],"tags":[524,1839,1840,505,1837,1838,507,764],"class_list":["post-13222","post","type-post","status-publish","format-standard","has-post-thumbnail","hentry","category-noticias-de-ribeirao-preto-sp-e-regiao-ismael-colosi","tag-hospital","tag-indice","tag-infeccao","tag-leva","tag-lydia","tag-porreduzir","tag-premio","tag-santa"],"jetpack_publicize_connections":[],"jetpack_featured_media_url":"https:\/\/i0.wp.com\/ismaelcolosi.com.br\/wp-content\/uploads\/2023\/12\/Infeccao-scaled.jpg?fit=970%2C645&ssl=1","uagb_featured_image_src":{"full":["https:\/\/i0.wp.com\/ismaelcolosi.com.br\/wp-content\/uploads\/2023\/12\/Infeccao-scaled.jpg?fit=970%2C645&ssl=1",970,645,false],"thumbnail":["https:\/\/i0.wp.com\/ismaelcolosi.com.br\/wp-content\/uploads\/2023\/12\/Infeccao-scaled.jpg?resize=150%2C150&ssl=1",150,150,true],"medium":["https:\/\/i0.wp.com\/ismaelcolosi.com.br\/wp-content\/uploads\/2023\/12\/Infeccao-scaled.jpg?fit=300%2C199&ssl=1",300,199,true],"medium_large":["https:\/\/i0.wp.com\/ismaelcolosi.com.br\/wp-content\/uploads\/2023\/12\/Infeccao-scaled.jpg?fit=768%2C511&ssl=1",768,511,true],"large":["https:\/\/i0.wp.com\/ismaelcolosi.com.br\/wp-content\/uploads\/2023\/12\/Infeccao-scaled.jpg?fit=970%2C645&ssl=1",970,645,true],"1536x1536":["https:\/\/i0.wp.com\/ismaelcolosi.com.br\/wp-content\/uploads\/2023\/12\/Infeccao-scaled.jpg?fit=970%2C645&ssl=1",970,645,true],"2048x2048":["https:\/\/i0.wp.com\/ismaelcolosi.com.br\/wp-content\/uploads\/2023\/12\/Infeccao-scaled.jpg?fit=970%2C645&ssl=1",970,645,true],"really-simple-thumb":["https:\/\/i0.wp.com\/ismaelcolosi.com.br\/wp-content\/uploads\/2023\/12\/Infeccao-scaled.jpg?resize=370%2C247&ssl=1",370,247,true]},"uagb_author_info":{"display_name":"ismaelcolosi.com.br","author_link":"https:\/\/ismaelcolosi.com.br\/index.php\/author\/vidareal-online\/"},"uagb_comment_info":0,"uagb_excerpt":"9 de dezembro de 2023 | 15:009 de dezembro de 2023 | 9:06 0 Um olhar diferenciado em dire\u00e7\u00e3o ao paciente, que necessita de acolhimento...","jetpack-related-posts":[{"id":48194,"url":"https:\/\/ismaelcolosi.com.br\/index.php\/2024\/05\/01\/hospital-santa-lydia-abre-processo-seletivo-para-duas-funcoes\/","url_meta":{"origin":13222,"position":0},"title":"Hospital Santa Lydia abre processo seletivo para duas fun\u00e7\u00f5es","author":"ismaelcolosi.com.br","date":"1 de May de 2024","format":false,"excerpt":"30\/04\/2024 15:20 - Sa\u00fade Hospital Santa Lydia abre processo seletivo para duas fun\u00e7\u00f5es Vagas s\u00e3o para Auxiliar de Cozinha e T\u00e9cnico de Enfermagem; inscri\u00e7\u00f5es v\u00e3o at\u00e9 dia 13 de maioA\u00a0Funda\u00e7\u00e3o Hospital Santa Lydia de Ribeir\u00e3o Preto\u00a0\u00a0abriu inscri\u00e7\u00f5es de processo seletivo para contrata\u00e7\u00e3o tempor\u00e1ria de\u00a0 Auxiliar de Cozinha e T\u00e9cnico de\u2026","rel":"","context":"In &quot;Not\u00edcias de Ribeir\u00e3o Preto-SP e Regi\u00e3o&quot;","block_context":{"text":"Not\u00edcias de Ribeir\u00e3o Preto-SP e Regi\u00e3o","link":"https:\/\/ismaelcolosi.com.br\/index.php\/category\/noticias-de-ribeirao-preto-sp-e-regiao-ismael-colosi\/"},"img":{"alt_text":"","src":"","width":0,"height":0},"classes":[]},{"id":17588,"url":"https:\/\/ismaelcolosi.com.br\/index.php\/2023\/12\/18\/hospital-santa-lydia-abre-processo-seletivo-com-salarios-de-r-10-mil\/","url_meta":{"origin":13222,"position":1},"title":"Hospital Santa Lydia abre processo seletivo com sal\u00e1rios de R$ 10 mil","author":"ismaelcolosi.com.br","date":"18 de December de 2023","format":false,"excerpt":"A Funda\u00e7\u00e3o Hospital Santa Lydia de Ribeir\u00e3o Preto abriu processo seletivo com seis vagas de n\u00edvel fundamental, m\u00e9dio e superior com sal\u00e1rios entre R$ 1,4 mil R$ 10,6 mil. Tamb\u00e9m h\u00e1 oportunidades para cadastro de reserva. As inscri\u00e7\u00f5es devem ser realizadas at\u00e9 o dia 15 de janeiro de 2024 pela\u2026","rel":"","context":"In &quot;Not\u00edcias de Ribeir\u00e3o Preto-SP e Regi\u00e3o&quot;","block_context":{"text":"Not\u00edcias de Ribeir\u00e3o Preto-SP e Regi\u00e3o","link":"https:\/\/ismaelcolosi.com.br\/index.php\/category\/noticias-de-ribeirao-preto-sp-e-regiao-ismael-colosi\/"},"img":{"alt_text":"","src":"https:\/\/i0.wp.com\/ismaelcolosi.com.br\/wp-content\/uploads\/2023\/12\/santa-lydia.jpg?fit=1200%2C800&ssl=1&resize=350%2C200","width":350,"height":200,"srcset":"https:\/\/i0.wp.com\/ismaelcolosi.com.br\/wp-content\/uploads\/2023\/12\/santa-lydia.jpg?fit=1200%2C800&ssl=1&resize=350%2C200 1x, https:\/\/i0.wp.com\/ismaelcolosi.com.br\/wp-content\/uploads\/2023\/12\/santa-lydia.jpg?fit=1200%2C800&ssl=1&resize=525%2C300 1.5x, https:\/\/i0.wp.com\/ismaelcolosi.com.br\/wp-content\/uploads\/2023\/12\/santa-lydia.jpg?fit=1200%2C800&ssl=1&resize=700%2C400 2x, https:\/\/i0.wp.com\/ismaelcolosi.com.br\/wp-content\/uploads\/2023\/12\/santa-lydia.jpg?fit=1200%2C800&ssl=1&resize=1050%2C600 3x"},"classes":[]},{"id":74508,"url":"https:\/\/ismaelcolosi.com.br\/index.php\/2024\/10\/31\/hospital-santa-lydia-de-ribeirao-abre-processo-seletivo-com-salarios-de-r-4-mil\/","url_meta":{"origin":13222,"position":2},"title":"Hospital Santa Lydia de Ribeir\u00e3o abre processo seletivo com sal\u00e1rios de R$ 4 mil","author":"ismaelcolosi.com.br","date":"31 de October de 2024","format":false,"excerpt":"A\u00a0Funda\u00e7\u00e3o Hospital Santa Lydia de Ribeir\u00e3o Preto\u00a0publicou edital de\u00a0processo seletivo para contrata\u00e7\u00e3o de profissionais de n\u00edvel\u00a0m\u00e9dio\u00a0e\u00a0superior\u00a0nesta quinta-feira (31). Os sal\u00e1rios variam de\u00a0R$ 1.586,93\u00a0a\u00a0R$ 4.552,20. De acordo com o\u00a0edital, as oportunidades s\u00e3o para os seguintes cargos: N\u00edvel M\u00e9dio: Auxiliar de Farm\u00e1cia Auxiliar de Cozinha Cozinheiro Porteiro N\u00edvel Superior Biologista Enfermeiro do\u2026","rel":"","context":"In &quot;Not\u00edcias de Ribeir\u00e3o Preto-SP e Regi\u00e3o&quot;","block_context":{"text":"Not\u00edcias de Ribeir\u00e3o Preto-SP e Regi\u00e3o","link":"https:\/\/ismaelcolosi.com.br\/index.php\/category\/noticias-de-ribeirao-preto-sp-e-regiao-ismael-colosi\/"},"img":{"alt_text":"","src":"https:\/\/i0.wp.com\/ismaelcolosi.com.br\/wp-content\/uploads\/2024\/10\/santa-lydia-1024x683-1_2024-10-31_21-06-50_jpg_2024-10-31_21-06-50.webp.webp?fit=1024%2C683&ssl=1&resize=350%2C200","width":350,"height":200,"srcset":"https:\/\/i0.wp.com\/ismaelcolosi.com.br\/wp-content\/uploads\/2024\/10\/santa-lydia-1024x683-1_2024-10-31_21-06-50_jpg_2024-10-31_21-06-50.webp.webp?fit=1024%2C683&ssl=1&resize=350%2C200 1x, https:\/\/i0.wp.com\/ismaelcolosi.com.br\/wp-content\/uploads\/2024\/10\/santa-lydia-1024x683-1_2024-10-31_21-06-50_jpg_2024-10-31_21-06-50.webp.webp?fit=1024%2C683&ssl=1&resize=525%2C300 1.5x, https:\/\/i0.wp.com\/ismaelcolosi.com.br\/wp-content\/uploads\/2024\/10\/santa-lydia-1024x683-1_2024-10-31_21-06-50_jpg_2024-10-31_21-06-50.webp.webp?fit=1024%2C683&ssl=1&resize=700%2C400 2x"},"classes":[]},{"id":75971,"url":"https:\/\/ismaelcolosi.com.br\/index.php\/2024\/11\/08\/hospital-santa-lydia-de-ribeirao-abre-selecao-com-salarios-de-ate-r-7-mil-2\/","url_meta":{"origin":13222,"position":3},"title":"Hospital Santa Lydia de Ribeir\u00e3o abre sele\u00e7\u00e3o com sal\u00e1rios de at\u00e9 R$ 7 mil","author":"ismaelcolosi.com.br","date":"8 de November de 2024","format":false,"excerpt":"A\u00a0Funda\u00e7\u00e3o Hospital Santa Lydia \u2013 FHSL\u00a0anunciou, nesta sexta-feira (8), a abertura de um novo processo seletivo com oito vagas para profissionais de n\u00edveis m\u00e9dio e superior. Os sal\u00e1rios variam de\u00a0R$ 1.586,93\u00a0a\u00a0R$ 7.310,37. Conforme o edital, os candidatos far\u00e3o uma prova de m\u00faltipla escolha composta por: L\u00edngua Portuguesa e Interpreta\u00e7\u00e3o de\u2026","rel":"","context":"In &quot;Not\u00edcias de Ribeir\u00e3o Preto-SP e Regi\u00e3o&quot;","block_context":{"text":"Not\u00edcias de Ribeir\u00e3o Preto-SP e Regi\u00e3o","link":"https:\/\/ismaelcolosi.com.br\/index.php\/category\/noticias-de-ribeirao-preto-sp-e-regiao-ismael-colosi\/"},"img":{"alt_text":"","src":"https:\/\/i0.wp.com\/ismaelcolosi.com.br\/wp-content\/uploads\/2024\/10\/santa-lydia-1024x683-1_2024-10-31_21-06-50_jpg_2024-10-31_21-06-50.webp.webp?fit=1024%2C683&ssl=1&resize=350%2C200","width":350,"height":200,"srcset":"https:\/\/i0.wp.com\/ismaelcolosi.com.br\/wp-content\/uploads\/2024\/10\/santa-lydia-1024x683-1_2024-10-31_21-06-50_jpg_2024-10-31_21-06-50.webp.webp?fit=1024%2C683&ssl=1&resize=350%2C200 1x, https:\/\/i0.wp.com\/ismaelcolosi.com.br\/wp-content\/uploads\/2024\/10\/santa-lydia-1024x683-1_2024-10-31_21-06-50_jpg_2024-10-31_21-06-50.webp.webp?fit=1024%2C683&ssl=1&resize=525%2C300 1.5x, https:\/\/i0.wp.com\/ismaelcolosi.com.br\/wp-content\/uploads\/2024\/10\/santa-lydia-1024x683-1_2024-10-31_21-06-50_jpg_2024-10-31_21-06-50.webp.webp?fit=1024%2C683&ssl=1&resize=700%2C400 2x"},"classes":[]},{"id":83668,"url":"https:\/\/ismaelcolosi.com.br\/index.php\/2025\/03\/11\/inscricoes-para-o-processo-seletivo-da-fundacao-hospital-santa-lydia-terminam-em-13-de-marco-sao-vagas-de-nivel-fundamental-e-medio-confira\/","url_meta":{"origin":13222,"position":4},"title":"Inscri\u00e7\u00f5es para o processo seletivo da Funda\u00e7\u00e3o Hospital Santa Lydia terminam em 13 de mar\u00e7o; com salario de at\u00e9 R$ 2.444,35. Confira!","author":"Arthur Tijolo","date":"11 de March de 2025","format":false,"excerpt":"A Funda\u00e7\u00e3o Hospital Santa Lydia publicou edital de processo seletivo com tr\u00eas vagas em Ribeir\u00e3o Preto. As oportunidades s\u00e3o de n\u00edvel fundamental e m\u00e9dio e os sal\u00e1rios variam entre R$ 1.479,78 e R$ 2.444,35. As inscri\u00e7\u00f5es devem ser realizadas no per\u00edodo entre 13h do dia 28 de fevereiro e 23h59\u2026","rel":"","context":"In &quot;Dicas e Utilidades&quot;","block_context":{"text":"Dicas e Utilidades","link":"https:\/\/ismaelcolosi.com.br\/index.php\/category\/dicas-e-utilidades-publicas\/"},"img":{"alt_text":"","src":"https:\/\/i0.wp.com\/ismaelcolosi.com.br\/wp-content\/uploads\/2025\/03\/medium-shot-kid-cheating-school-test-scaled.jpg?fit=1200%2C800&ssl=1&resize=350%2C200","width":350,"height":200,"srcset":"https:\/\/i0.wp.com\/ismaelcolosi.com.br\/wp-content\/uploads\/2025\/03\/medium-shot-kid-cheating-school-test-scaled.jpg?fit=1200%2C800&ssl=1&resize=350%2C200 1x, https:\/\/i0.wp.com\/ismaelcolosi.com.br\/wp-content\/uploads\/2025\/03\/medium-shot-kid-cheating-school-test-scaled.jpg?fit=1200%2C800&ssl=1&resize=525%2C300 1.5x, https:\/\/i0.wp.com\/ismaelcolosi.com.br\/wp-content\/uploads\/2025\/03\/medium-shot-kid-cheating-school-test-scaled.jpg?fit=1200%2C800&ssl=1&resize=700%2C400 2x, https:\/\/i0.wp.com\/ismaelcolosi.com.br\/wp-content\/uploads\/2025\/03\/medium-shot-kid-cheating-school-test-scaled.jpg?fit=1200%2C800&ssl=1&resize=1050%2C600 3x"},"classes":[]},{"id":42203,"url":"https:\/\/ismaelcolosi.com.br\/index.php\/2024\/03\/13\/hospital-santa-lydia-de-ribeirao-preto-abre-processo-seletivo-com-seis-vagas\/","url_meta":{"origin":13222,"position":5},"title":"Hospital Santa Lydia de Ribeir\u00e3o Preto abre processo seletivo com seis vagas","author":"ismaelcolosi.com.br","date":"13 de March de 2024","format":false,"excerpt":"A Funda\u00e7\u00e3o Hospital Santa Lydia de Ribeir\u00e3o Preto abriu processo seletivo emergencial com seis vagas de n\u00edvel m\u00e9dio, t\u00e9cnico e superior. Al\u00e9m disso, h\u00e1 oportunidades para o cadastro de reserva. Os sal\u00e1rios variam entre R$ 1.403,95 e R$ 2.313,77. As inscri\u00e7\u00f5es devem ser realizadas pela internet (clique aqui) at\u00e9 as\u2026","rel":"","context":"In &quot;Not\u00edcias de Ribeir\u00e3o Preto-SP e Regi\u00e3o&quot;","block_context":{"text":"Not\u00edcias de Ribeir\u00e3o Preto-SP e Regi\u00e3o","link":"https:\/\/ismaelcolosi.com.br\/index.php\/category\/noticias-de-ribeirao-preto-sp-e-regiao-ismael-colosi\/"},"img":{"alt_text":"","src":"https:\/\/i0.wp.com\/ismaelcolosi.com.br\/wp-content\/uploads\/2024\/03\/santa-lydia.jpg?fit=1200%2C800&ssl=1&resize=350%2C200","width":350,"height":200,"srcset":"https:\/\/i0.wp.com\/ismaelcolosi.com.br\/wp-content\/uploads\/2024\/03\/santa-lydia.jpg?fit=1200%2C800&ssl=1&resize=350%2C200 1x, https:\/\/i0.wp.com\/ismaelcolosi.com.br\/wp-content\/uploads\/2024\/03\/santa-lydia.jpg?fit=1200%2C800&ssl=1&resize=525%2C300 1.5x, https:\/\/i0.wp.com\/ismaelcolosi.com.br\/wp-content\/uploads\/2024\/03\/santa-lydia.jpg?fit=1200%2C800&ssl=1&resize=700%2C400 2x, https:\/\/i0.wp.com\/ismaelcolosi.com.br\/wp-content\/uploads\/2024\/03\/santa-lydia.jpg?fit=1200%2C800&ssl=1&resize=1050%2C600 3x"},"classes":[]}],"jetpack_sharing_enabled":true,"jetpack_shortlink":"https:\/\/wp.me\/pfMlyK-3rg","_links":{"self":[{"href":"https:\/\/ismaelcolosi.com.br\/index.php\/wp-json\/wp\/v2\/posts\/13222","targetHints":{"allow":["GET"]}}],"collection":[{"href":"https:\/\/ismaelcolosi.com.br\/index.php\/wp-json\/wp\/v2\/posts"}],"about":[{"href":"https:\/\/ismaelcolosi.com.br\/index.php\/wp-json\/wp\/v2\/types\/post"}],"author":[{"embeddable":true,"href":"https:\/\/ismaelcolosi.com.br\/index.php\/wp-json\/wp\/v2\/users\/1"}],"replies":[{"embeddable":true,"href":"https:\/\/ismaelcolosi.com.br\/index.php\/wp-json\/wp\/v2\/comments?post=13222"}],"version-history":[{"count":0,"href":"https:\/\/ismaelcolosi.com.br\/index.php\/wp-json\/wp\/v2\/posts\/13222\/revisions"}],"wp:featuredmedia":[{"embeddable":true,"href":"https:\/\/ismaelcolosi.com.br\/index.php\/wp-json\/wp\/v2\/media\/13223"}],"wp:attachment":[{"href":"https:\/\/ismaelcolosi.com.br\/index.php\/wp-json\/wp\/v2\/media?parent=13222"}],"wp:term":[{"taxonomy":"category","embeddable":true,"href":"https:\/\/ismaelcolosi.com.br\/index.php\/wp-json\/wp\/v2\/categories?post=13222"},{"taxonomy":"post_tag","embeddable":true,"href":"https:\/\/ismaelcolosi.com.br\/index.php\/wp-json\/wp\/v2\/tags?post=13222"}],"curies":[{"name":"wp","href":"https:\/\/api.w.org\/{rel}","templated":true}]}}