{"id":13134,"date":"2023-12-09T10:03:38","date_gmt":"2023-12-09T13:03:38","guid":{"rendered":"https:\/\/ismaelcolosi.com.br\/index.php\/2023\/12\/09\/utm_sourcerssutm_mediumrssutm_campaignbandidos-abusam-sexualmente-de-mulher-durante-roubo-a-uma-fazenda-em-serra-azul\/"},"modified":"2023-12-09T10:03:38","modified_gmt":"2023-12-09T13:03:38","slug":"utm_sourcerssutm_mediumrssutm_campaignbandidos-abusam-sexualmente-de-mulher-durante-roubo-a-uma-fazenda-em-serra-azul","status":"publish","type":"post","link":"https:\/\/ismaelcolosi.com.br\/index.php\/2023\/12\/09\/utm_sourcerssutm_mediumrssutm_campaignbandidos-abusam-sexualmente-de-mulher-durante-roubo-a-uma-fazenda-em-serra-azul\/","title":{"rendered":"Bandidos abusam sexualmente de mulher durante roubo a uma fazenda em Serra Azul \u2013 X Tudo Ribeir\u00e3o"},"content":{"rendered":"<p> <br \/>\n<\/p>\n<div>\n<p><strong>Quatro vagabundos abusaram sexualmente de uma jovem durante um assalto a uma fazenda na zona Rural da cidade de Serra Azul.\u00a0<\/strong><\/p>\n<p>Segundo informa\u00e7\u00f5es da Pol\u00edcia, durante a madrugada quatro vagabundos armados em um Monza invadiram a fazenda. Ap\u00f3s render o casal e os dois filhos, as v\u00edtimas foram divididas e o marido foi obrigado a carregar um dos caminh\u00f5es da fazenda com todos os objetos da resid\u00eancia.\u00a0<\/p>\n<p>O ABUSO SEXUAL<\/p>\n<p>Consta no boletim de ocorr\u00eancia, que ap\u00f3s pegar as coisas das v\u00edtimas, os bandidos obrigaram a mulher entrar no ve\u00edculo e fugiram. Em depoimento aos Policiais, a v\u00edtima contou que durante a fuga foi abusada sexualmente pelos marginais, que ap\u00f3s o ato nojento foi abandonada na cidade de Serrana.\u00a0<\/p>\n<p>O caso segue em investiga\u00e7\u00e3o pela Pol\u00edcia Civil.\u00a0<\/p>\n<\/p><\/div>\n<p><br \/>\n<br \/><a href=\"https:\/\/xtudoribeirao.com.br\/2023\/12\/09\/bandidos-abusam-sexualmente-de-mulher-durante-roubo-a-uma-fazenda-em-serra-azul\/?utm_source=rss&#038;utm_medium=rss&#038;utm_campaign=bandidos-abusam-sexualmente-de-mulher-durante-roubo-a-uma-fazenda-em-serra-azul\">Source link <\/a><\/p>\n<div class='code-block code-block-4' style='margin: 8px auto 8px 0; text-align: left; display: block; clear: both;'>\n\ud83d\udce2 Aviso Legal\n\nO site ismaelcolosi.com.br atua apenas como um canal de divulga\u00e7\u00e3o de oportunidades de emprego e n\u00e3o se responsabiliza pelo processo seletivo, contrata\u00e7\u00e3o ou qualquer outra etapa relacionada \u00e0s vagas publicadas. Todas as informa\u00e7\u00f5es s\u00e3o de responsabilidade dos anunciantes.\n\n\u26a0\ufe0f Aten\u00e7\u00e3o! Nunca pague por promessas de emprego nem compre cursos que garantam contrata\u00e7\u00e3o. Desconfie de qualquer cobran\u00e7a para participar de sele\u00e7\u00f5es.\n\n\n\n<\/div>\n<!-- CONTENT END 1 -->\n","protected":false},"excerpt":{"rendered":"<p>Quatro vagabundos abusaram sexualmente de uma jovem durante um assalto a uma fazenda na zona Rural da cidade de Serra Azul.\u00a0 Segundo informa\u00e7\u00f5es da Pol\u00edcia,&#8230;<\/p>\n","protected":false},"author":1,"featured_media":13135,"comment_status":"open","ping_status":"open","sticky":false,"template":"","format":"standard","meta":{"_uag_custom_page_level_css":"","advanced_seo_description":"","jetpack_seo_html_title":"","jetpack_seo_noindex":false,"jetpack_post_was_ever_published":false,"_jetpack_newsletter_access":"","_jetpack_dont_email_post_to_subs":false,"_jetpack_newsletter_tier_id":0,"_jetpack_memberships_contains_paywalled_content":false,"_jetpack_memberships_contains_paid_content":false,"footnotes":"","jetpack_publicize_message":"","jetpack_publicize_feature_enabled":true,"jetpack_social_post_already_shared":true,"jetpack_social_options":{"image_generator_settings":{"template":"highway","default_image_id":0,"font":"","enabled":false},"version":2}},"categories":[11],"tags":[1819,542,322,324,1821,325,26,999,1822,1820,43,85],"class_list":["post-13134","post","type-post","status-publish","format-standard","has-post-thumbnail","hentry","category-noticias-de-ribeirao-preto-sp-e-regiao-ismael-colosi","tag-abusam","tag-azul","tag-bandidos","tag-durante","tag-fazenda","tag-mulher","tag-ribeirao","tag-roubo","tag-serra","tag-sexualmente","tag-tudo","tag-uma"],"jetpack_publicize_connections":[],"jetpack_featured_media_url":"https:\/\/i0.wp.com\/ismaelcolosi.com.br\/wp-content\/uploads\/2023\/12\/estupro.jpg?fit=1000%2C667&ssl=1","uagb_featured_image_src":{"full":["https:\/\/i0.wp.com\/ismaelcolosi.com.br\/wp-content\/uploads\/2023\/12\/estupro.jpg?fit=1000%2C667&ssl=1",1000,667,false],"thumbnail":["https:\/\/i0.wp.com\/ismaelcolosi.com.br\/wp-content\/uploads\/2023\/12\/estupro.jpg?resize=150%2C150&ssl=1",150,150,true],"medium":["https:\/\/i0.wp.com\/ismaelcolosi.com.br\/wp-content\/uploads\/2023\/12\/estupro.jpg?fit=300%2C200&ssl=1",300,200,true],"medium_large":["https:\/\/i0.wp.com\/ismaelcolosi.com.br\/wp-content\/uploads\/2023\/12\/estupro.jpg?fit=768%2C512&ssl=1",768,512,true],"large":["https:\/\/i0.wp.com\/ismaelcolosi.com.br\/wp-content\/uploads\/2023\/12\/estupro.jpg?fit=1000%2C667&ssl=1",1000,667,true],"1536x1536":["https:\/\/i0.wp.com\/ismaelcolosi.com.br\/wp-content\/uploads\/2023\/12\/estupro.jpg?fit=1000%2C667&ssl=1",1000,667,true],"2048x2048":["https:\/\/i0.wp.com\/ismaelcolosi.com.br\/wp-content\/uploads\/2023\/12\/estupro.jpg?fit=1000%2C667&ssl=1",1000,667,true],"really-simple-thumb":["https:\/\/i0.wp.com\/ismaelcolosi.com.br\/wp-content\/uploads\/2023\/12\/estupro.jpg?resize=370%2C247&ssl=1",370,247,true]},"uagb_author_info":{"display_name":"ismaelcolosi.com.br","author_link":"https:\/\/ismaelcolosi.com.br\/index.php\/author\/vidareal-online\/"},"uagb_comment_info":0,"uagb_excerpt":"Quatro vagabundos abusaram sexualmente de uma jovem durante um assalto a uma fazenda na zona Rural da cidade de Serra Azul.\u00a0 Segundo informa\u00e7\u00f5es da Pol\u00edcia,...","jetpack-related-posts":[{"id":13231,"url":"https:\/\/ismaelcolosi.com.br\/index.php\/2023\/12\/09\/utm_sourcerssutm_mediumrssutm_campaignvagabundo-preso-que-participou-de-roubo-e-estupro-teria-trabalhado-na-fazenda-por-tres-meses-em-serra-azul\/","url_meta":{"origin":13134,"position":0},"title":"VAGABUNDO preso que participou de roubo e estupro teria trabalhado na fazenda por tr\u00eas meses em Serra Azul \u2013 X Tudo Ribeir\u00e3o","author":"ismaelcolosi.com.br","date":"9 de December de 2023","format":false,"excerpt":"O VAGABUNDO preso que roubou e estuprou uma mulher em uma Fazenda na cidade de Serra Azul, teria trabalhado no local por tr\u00eas meses.\u00a0 LEIA MAIS Bandidos abusam sexualmente de mulher durante roubo a uma fazenda em Serra Azul Pol\u00edcia prende um dos VAGABUNDOS que roubou e estuprou uma mulher\u2026","rel":"","context":"In &quot;Not\u00edcias de Ribeir\u00e3o Preto-SP e Regi\u00e3o&quot;","block_context":{"text":"Not\u00edcias de Ribeir\u00e3o Preto-SP e Regi\u00e3o","link":"https:\/\/ismaelcolosi.com.br\/index.php\/category\/noticias-de-ribeirao-preto-sp-e-regiao-ismael-colosi\/"},"img":{"alt_text":"","src":"https:\/\/i0.wp.com\/ismaelcolosi.com.br\/wp-content\/uploads\/2023\/12\/WhatsApp-Image-2023-12-09-at-14.33.45.jpeg?fit=1200%2C803&ssl=1&resize=350%2C200","width":350,"height":200,"srcset":"https:\/\/i0.wp.com\/ismaelcolosi.com.br\/wp-content\/uploads\/2023\/12\/WhatsApp-Image-2023-12-09-at-14.33.45.jpeg?fit=1200%2C803&ssl=1&resize=350%2C200 1x, https:\/\/i0.wp.com\/ismaelcolosi.com.br\/wp-content\/uploads\/2023\/12\/WhatsApp-Image-2023-12-09-at-14.33.45.jpeg?fit=1200%2C803&ssl=1&resize=525%2C300 1.5x, https:\/\/i0.wp.com\/ismaelcolosi.com.br\/wp-content\/uploads\/2023\/12\/WhatsApp-Image-2023-12-09-at-14.33.45.jpeg?fit=1200%2C803&ssl=1&resize=700%2C400 2x, https:\/\/i0.wp.com\/ismaelcolosi.com.br\/wp-content\/uploads\/2023\/12\/WhatsApp-Image-2023-12-09-at-14.33.45.jpeg?fit=1200%2C803&ssl=1&resize=1050%2C600 3x"},"classes":[]},{"id":13195,"url":"https:\/\/ismaelcolosi.com.br\/index.php\/2023\/12\/09\/utm_sourcerssutm_mediumrssutm_campaignpolicia-prende-um-dos-vagabundos-que-roubou-e-estuprou-uma-mulher-na-zona-rural-de-serra-azul\/","url_meta":{"origin":13134,"position":1},"title":"Pol\u00edcia prende um dos VAGABUNDOS que roubou e estuprou uma mulher na zona Rural de Serra Azul \u2013 X Tudo Ribeir\u00e3o","author":"ismaelcolosi.com.br","date":"9 de December de 2023","format":false,"excerpt":"A PM (Pol\u00edcia Militar) prendeu na manh\u00e3 deste s\u00e1bado (9\/12), em Ribeir\u00e3o Preto, um dos vagabundos envolvido no estupro e roubo a uma Fazenda na zona Rural da cidade de Serra Azul, que ocorreu durante a madrugada.\u00a0(CLIQUE E LEIA A MAT\u00c9RIA) Segundo \u00e0 PM, ap\u00f3s o roubo os Policiais Militares\u2026","rel":"","context":"In &quot;Not\u00edcias de Ribeir\u00e3o Preto-SP e Regi\u00e3o&quot;","block_context":{"text":"Not\u00edcias de Ribeir\u00e3o Preto-SP e Regi\u00e3o","link":"https:\/\/ismaelcolosi.com.br\/index.php\/category\/noticias-de-ribeirao-preto-sp-e-regiao-ismael-colosi\/"},"img":{"alt_text":"","src":"https:\/\/i0.wp.com\/ismaelcolosi.com.br\/wp-content\/uploads\/2023\/12\/WhatsApp-Image-2023-12-09-at-12.45.57-scaled.jpeg?fit=1200%2C900&ssl=1&resize=350%2C200","width":350,"height":200,"srcset":"https:\/\/i0.wp.com\/ismaelcolosi.com.br\/wp-content\/uploads\/2023\/12\/WhatsApp-Image-2023-12-09-at-12.45.57-scaled.jpeg?fit=1200%2C900&ssl=1&resize=350%2C200 1x, https:\/\/i0.wp.com\/ismaelcolosi.com.br\/wp-content\/uploads\/2023\/12\/WhatsApp-Image-2023-12-09-at-12.45.57-scaled.jpeg?fit=1200%2C900&ssl=1&resize=525%2C300 1.5x, https:\/\/i0.wp.com\/ismaelcolosi.com.br\/wp-content\/uploads\/2023\/12\/WhatsApp-Image-2023-12-09-at-12.45.57-scaled.jpeg?fit=1200%2C900&ssl=1&resize=700%2C400 2x, https:\/\/i0.wp.com\/ismaelcolosi.com.br\/wp-content\/uploads\/2023\/12\/WhatsApp-Image-2023-12-09-at-12.45.57-scaled.jpeg?fit=1200%2C900&ssl=1&resize=1050%2C600 3x"},"classes":[]},{"id":13168,"url":"https:\/\/ismaelcolosi.com.br\/index.php\/2023\/12\/09\/homem-e-preso-em-ribeirao-preto-acusado-de-estupro-e-roubo\/","url_meta":{"origin":13134,"position":2},"title":"Homem \u00e9 preso em Ribeir\u00e3o Preto acusado de estupro e roubo","author":"ismaelcolosi.com.br","date":"9 de December de 2023","format":false,"excerpt":"Um homem foi preso em Ribeir\u00e3o Preto, na manh\u00e3 deste s\u00e1bado (9), acusado de roubo e estupro. O crime aconteceu ainda na madrugada de s\u00e1bado em uma fazenda do munic\u00edpio de Serra Azul. Segundo informou o tenente Zanandreia, da Pol\u00edcia Militar, viaturas estavam em patrulhamento quando encontraram o caminh\u00e3o que\u2026","rel":"","context":"In &quot;Not\u00edcias de Ribeir\u00e3o Preto-SP e Regi\u00e3o&quot;","block_context":{"text":"Not\u00edcias de Ribeir\u00e3o Preto-SP e Regi\u00e3o","link":"https:\/\/ismaelcolosi.com.br\/index.php\/category\/noticias-de-ribeirao-preto-sp-e-regiao-ismael-colosi\/"},"img":{"alt_text":"","src":"https:\/\/i0.wp.com\/ismaelcolosi.com.br\/wp-content\/uploads\/2023\/12\/WhatsApp-Image-2023-12-09-at-10.57.21.jpeg?fit=1200%2C900&ssl=1&resize=350%2C200","width":350,"height":200,"srcset":"https:\/\/i0.wp.com\/ismaelcolosi.com.br\/wp-content\/uploads\/2023\/12\/WhatsApp-Image-2023-12-09-at-10.57.21.jpeg?fit=1200%2C900&ssl=1&resize=350%2C200 1x, https:\/\/i0.wp.com\/ismaelcolosi.com.br\/wp-content\/uploads\/2023\/12\/WhatsApp-Image-2023-12-09-at-10.57.21.jpeg?fit=1200%2C900&ssl=1&resize=525%2C300 1.5x, https:\/\/i0.wp.com\/ismaelcolosi.com.br\/wp-content\/uploads\/2023\/12\/WhatsApp-Image-2023-12-09-at-10.57.21.jpeg?fit=1200%2C900&ssl=1&resize=700%2C400 2x, https:\/\/i0.wp.com\/ismaelcolosi.com.br\/wp-content\/uploads\/2023\/12\/WhatsApp-Image-2023-12-09-at-10.57.21.jpeg?fit=1200%2C900&ssl=1&resize=1050%2C600 3x"},"classes":[]},{"id":37607,"url":"https:\/\/ismaelcolosi.com.br\/index.php\/2024\/02\/17\/utm_sourcerssutm_mediumrssutm_campaignvagabundo-que-abusou-sexualmente-e-obrigou-a-filha-de-15-anos-em-2021-se-prostituir-e-preso-em-ribeirao-preto\/","url_meta":{"origin":13134,"position":3},"title":"VAGABUNDO que abusou sexualmente e obrigou a filha de 15 anos em 2021 se prostituir \u00e9 preso em Ribeir\u00e3o Preto \u2013 X Tudo Ribeir\u00e3o","author":"ismaelcolosi.com.br","date":"17 de February de 2024","format":false,"excerpt":"Um vagabundo que abusou sexualmente e for\u00e7ava a pr\u00f3pria filha a se prostituir no ano de 2021 \u00e9 preso pela Pol\u00edcia Militar ap\u00f3s a Justi\u00e7a expedir seu mandado de pris\u00e3o em Ribeir\u00e3o Preto.\u00a0 Segundo informa\u00e7\u00f5es da Pol\u00edcia, durante o trabalho os Policiais Tenente Louren\u00e7o e o Cabo T\u00e1rtaro, receberam uma\u2026","rel":"","context":"In &quot;Not\u00edcias de Ribeir\u00e3o Preto-SP e Regi\u00e3o&quot;","block_context":{"text":"Not\u00edcias de Ribeir\u00e3o Preto-SP e Regi\u00e3o","link":"https:\/\/ismaelcolosi.com.br\/index.php\/category\/noticias-de-ribeirao-preto-sp-e-regiao-ismael-colosi\/"},"img":{"alt_text":"","src":"https:\/\/i0.wp.com\/ismaelcolosi.com.br\/wp-content\/uploads\/2024\/02\/WhatsApp-Image-2024-02-17-at-00.19.39.jpeg?fit=554%2C554&ssl=1&resize=350%2C200","width":350,"height":200,"srcset":"https:\/\/i0.wp.com\/ismaelcolosi.com.br\/wp-content\/uploads\/2024\/02\/WhatsApp-Image-2024-02-17-at-00.19.39.jpeg?fit=554%2C554&ssl=1&resize=350%2C200 1x, https:\/\/i0.wp.com\/ismaelcolosi.com.br\/wp-content\/uploads\/2024\/02\/WhatsApp-Image-2024-02-17-at-00.19.39.jpeg?fit=554%2C554&ssl=1&resize=525%2C300 1.5x"},"classes":[]},{"id":827,"url":"https:\/\/ismaelcolosi.com.br\/index.php\/2023\/11\/09\/larapio-e-baleado-na-testa-durante-fuga-apos-roubo-em-ribeirao-preto-x-tudo-ribeirao\/","url_meta":{"origin":13134,"position":4},"title":"Lar\u00e1pio \u00e9 baleado na testa durante fuga ap\u00f3s roubo em Ribeir\u00e3o Preto \u2013 X Tudo Ribeir\u00e3o","author":"ismaelcolosi.com.br","date":"9 de November de 2023","format":false,"excerpt":"Um lar\u00e1pio se deu mal e foi baleado na rua Romano Cor\u00f3, ap\u00f3s roubar um carro na tarde deste s\u00e1bado (4\/11), no bairro Campos El\u00edseos, na zona Norte de Ribeir\u00e3o Preto. Segundo informa\u00e7\u00f5es da Pol\u00edcia Militar, por volta das 13h deste s\u00e1bado, tr\u00eas bandidos armados invadiram uma empresa situada na\u2026","rel":"","context":"In &quot;Not\u00edcias de Ribeir\u00e3o Preto-SP e Regi\u00e3o&quot;","block_context":{"text":"Not\u00edcias de Ribeir\u00e3o Preto-SP e Regi\u00e3o","link":"https:\/\/ismaelcolosi.com.br\/index.php\/category\/noticias-de-ribeirao-preto-sp-e-regiao-ismael-colosi\/"},"img":{"alt_text":"","src":"https:\/\/i0.wp.com\/ismaelcolosi.com.br\/wp-content\/uploads\/2023\/11\/79f53c00-e8b8-441c-886a-85e7e254b144.jpeg?fit=1200%2C883&ssl=1&resize=350%2C200","width":350,"height":200,"srcset":"https:\/\/i0.wp.com\/ismaelcolosi.com.br\/wp-content\/uploads\/2023\/11\/79f53c00-e8b8-441c-886a-85e7e254b144.jpeg?fit=1200%2C883&ssl=1&resize=350%2C200 1x, https:\/\/i0.wp.com\/ismaelcolosi.com.br\/wp-content\/uploads\/2023\/11\/79f53c00-e8b8-441c-886a-85e7e254b144.jpeg?fit=1200%2C883&ssl=1&resize=525%2C300 1.5x, https:\/\/i0.wp.com\/ismaelcolosi.com.br\/wp-content\/uploads\/2023\/11\/79f53c00-e8b8-441c-886a-85e7e254b144.jpeg?fit=1200%2C883&ssl=1&resize=700%2C400 2x, https:\/\/i0.wp.com\/ismaelcolosi.com.br\/wp-content\/uploads\/2023\/11\/79f53c00-e8b8-441c-886a-85e7e254b144.jpeg?fit=1200%2C883&ssl=1&resize=1050%2C600 3x"},"classes":[]},{"id":28652,"url":"https:\/\/ismaelcolosi.com.br\/index.php\/2024\/01\/16\/utm_sourcerssutm_mediumrssutm_campaignpreso-por-3stupr4r-a-propria-filha-em-amparo-morre-apos-passar-mal-na-penitenciaria-de-serra-azul\/","url_meta":{"origin":13134,"position":5},"title":"Preso por 3stupr4r a pr\u00f3pria filha em Amparo, morre ap\u00f3s passar mal na Penitenci\u00e1ria de Serra Azul \u2013 X Tudo Ribeir\u00e3o","author":"ismaelcolosi.com.br","date":"16 de January de 2024","format":false,"excerpt":"Um VAGABUNDO TARADO preso por abusar sexualmente da pr\u00f3pria filha no ano de 2015 na cidade de Amparo, morre ap\u00f3s passar mal nas depend\u00eancias da Penitenci\u00e1ria de Serra Azul.\u00a0 Segundo informa\u00e7\u00f5es do B.O (boletim de ocorr\u00eancia) registrado na CPJ da rua Duque de Caxias, em Ribeir\u00e3o Preto, o safado identificado\u2026","rel":"","context":"In &quot;Not\u00edcias de Ribeir\u00e3o Preto-SP e Regi\u00e3o&quot;","block_context":{"text":"Not\u00edcias de Ribeir\u00e3o Preto-SP e Regi\u00e3o","link":"https:\/\/ismaelcolosi.com.br\/index.php\/category\/noticias-de-ribeirao-preto-sp-e-regiao-ismael-colosi\/"},"img":{"alt_text":"","src":"","width":0,"height":0},"classes":[]}],"jetpack_sharing_enabled":true,"jetpack_shortlink":"https:\/\/wp.me\/pfMlyK-3pQ","_links":{"self":[{"href":"https:\/\/ismaelcolosi.com.br\/index.php\/wp-json\/wp\/v2\/posts\/13134","targetHints":{"allow":["GET"]}}],"collection":[{"href":"https:\/\/ismaelcolosi.com.br\/index.php\/wp-json\/wp\/v2\/posts"}],"about":[{"href":"https:\/\/ismaelcolosi.com.br\/index.php\/wp-json\/wp\/v2\/types\/post"}],"author":[{"embeddable":true,"href":"https:\/\/ismaelcolosi.com.br\/index.php\/wp-json\/wp\/v2\/users\/1"}],"replies":[{"embeddable":true,"href":"https:\/\/ismaelcolosi.com.br\/index.php\/wp-json\/wp\/v2\/comments?post=13134"}],"version-history":[{"count":0,"href":"https:\/\/ismaelcolosi.com.br\/index.php\/wp-json\/wp\/v2\/posts\/13134\/revisions"}],"wp:featuredmedia":[{"embeddable":true,"href":"https:\/\/ismaelcolosi.com.br\/index.php\/wp-json\/wp\/v2\/media\/13135"}],"wp:attachment":[{"href":"https:\/\/ismaelcolosi.com.br\/index.php\/wp-json\/wp\/v2\/media?parent=13134"}],"wp:term":[{"taxonomy":"category","embeddable":true,"href":"https:\/\/ismaelcolosi.com.br\/index.php\/wp-json\/wp\/v2\/categories?post=13134"},{"taxonomy":"post_tag","embeddable":true,"href":"https:\/\/ismaelcolosi.com.br\/index.php\/wp-json\/wp\/v2\/tags?post=13134"}],"curies":[{"name":"wp","href":"https:\/\/api.w.org\/{rel}","templated":true}]}}