{"id":12976,"date":"2023-12-08T22:06:10","date_gmt":"2023-12-09T01:06:10","guid":{"rendered":"https:\/\/ismaelcolosi.com.br\/index.php\/2023\/12\/08\/visitar-as-cataratas-do-iguacu-esta-mais-caro-veja-valores\/"},"modified":"2023-12-08T22:06:10","modified_gmt":"2023-12-09T01:06:10","slug":"visitar-as-cataratas-do-iguacu-esta-mais-caro-veja-valores","status":"publish","type":"post","link":"https:\/\/ismaelcolosi.com.br\/index.php\/2023\/12\/08\/visitar-as-cataratas-do-iguacu-esta-mais-caro-veja-valores\/","title":{"rendered":"Visitar as Cataratas do Igua\u00e7u est\u00e1 mais caro; veja valores"},"content":{"rendered":"<p> <br \/>\n<\/p>\n<div>\n<p>Desde o dia 1\u00ba de dezembro, est\u00e1 mais caro visitar o Parque Nacional do Igua\u00e7u, onde ficam as famosas Cataratas do Igua\u00e7u, em <a href=\"https:\/\/catracalivre.com.br\/viagem-livre\/brasil-tem-um-dos-10-destinos-mais-sustentaveis-do-mundo\/\">Foz do Igua\u00e7u<\/a> (PR).<\/p>\n<p>O valor do ingresso varia confirma a origem do visitante. Para brasileiros, a entrada passou de R$ 78 para R$ 91. No caso de turistas estrangeiros o ingresso que era R$ 86 agora custa R$ 100.<\/p>\n<div id=\"attachment_2318948\" class=\"wp-caption aligncenter\">\n<div class=\"d-flex justify-content-center\" data-attachment-id=\"2318948\">\n<div class=\"position-relative d-inline-block\"><img data-recalc-dims=\"1\" data-portal-copyright=\"Nilmar Fernando\/Divulga\u00e7\u00e3o\" fetchpriority=\"high\" decoding=\"async\" class=\"wp-image-2318948 size-large\" src=\"https:\/\/i0.wp.com\/catracalivre.com.br\/wp-content\/uploads\/2023\/12\/unnamed-2-910x683.jpg?resize=910%2C683&#038;ssl=1\" alt=\"Est\u00e1 mais caro visitar as Cataratas do Igua\u00e7u\" width=\"910\" height=\"683\" srcset=\"https:\/\/catracalivre.com.br\/wp-content\/uploads\/2023\/12\/unnamed-2-910x683.jpg 910w, https:\/\/catracalivre.com.br\/wp-content\/uploads\/2023\/12\/unnamed-2-450x338.jpg 450w, https:\/\/catracalivre.com.br\/wp-content\/uploads\/2023\/12\/unnamed-2-768x576.jpg 768w\" sizes=\"(max-width: 910px) 100vw, 910px\"\/><\/p>\n<p>Cr\u00e9ditos: Nilmar Fernando\/Divulga\u00e7\u00e3o<\/p>\n<\/div>\n<\/div>\n<p><span class=\"post-imagem__legenda\">Est\u00e1 mais caro visitar as Cataratas do Igua\u00e7u<\/span><\/p>\n<\/div>\n<p>J\u00e1 para moradores de Foz do Igua\u00e7u e regi\u00e3o, o ingresso agora custa R$ 19 \u2013antes era R$ 17.<\/p>\n<h2>Ingressos para Cataratas do Igua\u00e7u<\/h2>\n<p>O ingresso da visita regular \u00e9 vendido <a href=\"http:\/\/cataratasdoiguacu.com.br\" target=\"_blank\" rel=\"noopener\">apenas pelo site<\/a>, com agendamento de dia e hor\u00e1rio para entrada. \u00c9 poss\u00edvel reagendar, caso necess\u00e1rio, acessando o portal com o cadastro (login).<\/p>\n<div id=\"attachment_2318949\" class=\"wp-caption aligncenter\">\n<div class=\"d-flex justify-content-center\" data-attachment-id=\"2318949\">\n<div class=\"position-relative d-inline-block\"><img data-recalc-dims=\"1\" loading=\"lazy\" data-portal-copyright=\"Nilmar Fernando\/Divulga\u00e7\u00e3o\" decoding=\"async\" class=\"wp-image-2318949 size-large\" src=\"https:\/\/i0.wp.com\/catracalivre.com.br\/wp-content\/uploads\/2023\/12\/cataratas-do-iguacu-910x683.jpg?resize=910%2C683&#038;ssl=1\" alt=\"O ingresso da visita regular \u00e9 vendido apenas pelo site\" width=\"910\" height=\"683\" srcset=\"https:\/\/catracalivre.com.br\/wp-content\/uploads\/2023\/12\/cataratas-do-iguacu-910x683.jpg 910w, https:\/\/catracalivre.com.br\/wp-content\/uploads\/2023\/12\/cataratas-do-iguacu-450x338.jpg 450w, https:\/\/catracalivre.com.br\/wp-content\/uploads\/2023\/12\/cataratas-do-iguacu-768x576.jpg 768w\" sizes=\"auto, (max-width: 910px) 100vw, 910px\"\/><\/p>\n<p>Cr\u00e9ditos: Nilmar Fernando\/Divulga\u00e7\u00e3o<\/p>\n<\/div>\n<\/div>\n<p><span class=\"post-imagem__legenda\">O ingresso da visita regular \u00e9 vendido apenas pelo site<\/span><\/p>\n<\/div>\n<p>Al\u00e9m do reajuste no valor do ingresso, o que tamb\u00e9m mudou \u00e9 o n\u00famero do telefone fixo do Turismo. As liga\u00e7\u00f5es agora devem ser feitas para (45) 3198-1800.<\/p>\n<p>Desde o inicio do ano, o Parque Nacional do Igua\u00e7u recebeu 1.513.548 visitantes, uma recupera\u00e7\u00e3o de 93% em rela\u00e7\u00e3o a 2019 \u2013antes da pandemia.<\/p>\n<h3>Itaipu<\/h3>\n<p>A Itaipu Binacional tamb\u00e9m tem novos valores desde o dia 1\u00ba de dezembro. Os ingressos para visitar a atra\u00e7\u00e3o variam de R$ 26,50 at\u00e9 R$ 58, para o p\u00fablico em geral, e de R$ 22,50 at\u00e9 R$ 51 para ag\u00eancias.<\/p>\n<\/div>\n<p><script>\n\t\t! function(f, b, e, v, n, t, s) {\n\t\t\tif (f.fbq) return;\n\t\t\tn = f.fbq = function() {\n\t\t\t\tn.callMethod ?\n\t\t\t\t\tn.callMethod.apply(n, arguments) : n.queue.push(arguments)\n\t\t\t};\n\t\t\tif (!f._fbq) f._fbq = n;\n\t\t\tn.push = n;\n\t\t\tn.loaded = !0;\n\t\t\tn.version = '2.0';\n\t\t\tn.queue = [];\n\t\t\tt = b.createElement(e);\n\t\t\tt.async = !0;\n\t\t\tt.src = v;\n\t\t\ts = b.getElementsByTagName(e)[0];\n\t\t\ts.parentNode.insertBefore(t, s)\n\t\t}(window, document, 'script',\n\t\t\t'https:\/\/connect.facebook.net\/en_US\/fbevents.js');\n\t\tfbq('init', '338315473262380');\n\t\tfbq('track', 'PageView');\n\t<\/script><br \/>\n<br \/><br \/>\n<br \/><a href=\"https:\/\/catracalivre.com.br\/viagem-livre\/visitar-as-cataratas-do-iguacu-esta-mais-caro-veja-valores\/\">Source link <\/a><\/p>\n<div class='code-block code-block-4' style='margin: 8px auto 8px 0; text-align: left; display: block; clear: both;'>\n\ud83d\udce2 Aviso Legal\n\nO site ismaelcolosi.com.br atua apenas como um canal de divulga\u00e7\u00e3o de oportunidades de emprego e n\u00e3o se responsabiliza pelo processo seletivo, contrata\u00e7\u00e3o ou qualquer outra etapa relacionada \u00e0s vagas publicadas. Todas as informa\u00e7\u00f5es s\u00e3o de responsabilidade dos anunciantes.\n\n\u26a0\ufe0f Aten\u00e7\u00e3o! Nunca pague por promessas de emprego nem compre cursos que garantam contrata\u00e7\u00e3o. Desconfie de qualquer cobran\u00e7a para participar de sele\u00e7\u00f5es.\n\n\n\n<\/div>\n<!-- CONTENT END 1 -->\n","protected":false},"excerpt":{"rendered":"<p>Desde o dia 1\u00ba de dezembro, est\u00e1 mais caro visitar o Parque Nacional do Igua\u00e7u, onde ficam as famosas Cataratas do Igua\u00e7u, em Foz do&#8230;<\/p>\n","protected":false},"author":1,"featured_media":12977,"comment_status":"open","ping_status":"open","sticky":false,"template":"","format":"standard","meta":{"_uag_custom_page_level_css":"","advanced_seo_description":"","jetpack_seo_html_title":"","jetpack_seo_noindex":false,"jetpack_post_was_ever_published":false,"_jetpack_newsletter_access":"","_jetpack_dont_email_post_to_subs":false,"_jetpack_newsletter_tier_id":0,"_jetpack_memberships_contains_paywalled_content":false,"_jetpack_memberships_contains_paid_content":false,"footnotes":"","jetpack_publicize_message":"","jetpack_publicize_feature_enabled":true,"jetpack_social_post_already_shared":true,"jetpack_social_options":{"image_generator_settings":{"template":"highway","default_image_id":0,"font":"","enabled":false},"version":2}},"categories":[19],"tags":[],"class_list":["post-12976","post","type-post","status-publish","format-standard","has-post-thumbnail","hentry","category-variedades"],"jetpack_publicize_connections":[],"jetpack_featured_media_url":"https:\/\/i0.wp.com\/ismaelcolosi.com.br\/wp-content\/uploads\/2023\/12\/unnamed-2.jpg?fit=1200%2C638&ssl=1","uagb_featured_image_src":{"full":["https:\/\/i0.wp.com\/ismaelcolosi.com.br\/wp-content\/uploads\/2023\/12\/unnamed-2.jpg?fit=1200%2C638&ssl=1",1200,638,false],"thumbnail":["https:\/\/i0.wp.com\/ismaelcolosi.com.br\/wp-content\/uploads\/2023\/12\/unnamed-2.jpg?resize=150%2C150&ssl=1",150,150,true],"medium":["https:\/\/i0.wp.com\/ismaelcolosi.com.br\/wp-content\/uploads\/2023\/12\/unnamed-2.jpg?fit=300%2C160&ssl=1",300,160,true],"medium_large":["https:\/\/i0.wp.com\/ismaelcolosi.com.br\/wp-content\/uploads\/2023\/12\/unnamed-2.jpg?fit=768%2C408&ssl=1",768,408,true],"large":["https:\/\/i0.wp.com\/ismaelcolosi.com.br\/wp-content\/uploads\/2023\/12\/unnamed-2.jpg?fit=1024%2C544&ssl=1",1024,544,true],"1536x1536":["https:\/\/i0.wp.com\/ismaelcolosi.com.br\/wp-content\/uploads\/2023\/12\/unnamed-2.jpg?fit=1200%2C638&ssl=1",1200,638,true],"2048x2048":["https:\/\/i0.wp.com\/ismaelcolosi.com.br\/wp-content\/uploads\/2023\/12\/unnamed-2.jpg?fit=1200%2C638&ssl=1",1200,638,true],"really-simple-thumb":["https:\/\/i0.wp.com\/ismaelcolosi.com.br\/wp-content\/uploads\/2023\/12\/unnamed-2.jpg?resize=370%2C247&ssl=1",370,247,true]},"uagb_author_info":{"display_name":"ismaelcolosi.com.br","author_link":"https:\/\/ismaelcolosi.com.br\/index.php\/author\/vidareal-online\/"},"uagb_comment_info":0,"uagb_excerpt":"Desde o dia 1\u00ba de dezembro, est\u00e1 mais caro visitar o Parque Nacional do Igua\u00e7u, onde ficam as famosas Cataratas do Igua\u00e7u, em Foz do...","jetpack-related-posts":[{"id":12504,"url":"https:\/\/ismaelcolosi.com.br\/index.php\/2023\/12\/08\/olimpia-sp-lidera-lista-de-destinos-tendencia-para-2024\/","url_meta":{"origin":12976,"position":0},"title":"Ol\u00edmpia (SP) lidera lista de destinos tend\u00eancia para 2024","author":"ismaelcolosi.com.br","date":"8 de December de 2023","format":false,"excerpt":"Famoso pelas \u00e1guas termais e seus parques aqu\u00e1ticos, a est\u00e2ncia tur\u00edstica de Ol\u00edmpia, interior paulista, \u00e9 um dos destinos preferidos de fam\u00edlias com crian\u00e7as pequenas. A \u201cOrlando brasileira\u201d, como \u00e9 chamada, oferece entretenimento para toda a fam\u00edlia dentro e fora da \u00e1gua. Cr\u00e9ditos: Divulga\u00e7\u00e3oOl\u00edmpia oferece diversa atra\u00e7\u00f5es, al\u00e9m dos parques\u2026","rel":"","context":"In &quot;Variedades&quot;","block_context":{"text":"Variedades","link":"https:\/\/ismaelcolosi.com.br\/index.php\/category\/variedades\/"},"img":{"alt_text":"","src":"https:\/\/i0.wp.com\/ismaelcolosi.com.br\/wp-content\/uploads\/2023\/12\/hot-beach-olimpia.jpg?fit=1200%2C638&ssl=1&resize=350%2C200","width":350,"height":200,"srcset":"https:\/\/i0.wp.com\/ismaelcolosi.com.br\/wp-content\/uploads\/2023\/12\/hot-beach-olimpia.jpg?fit=1200%2C638&ssl=1&resize=350%2C200 1x, https:\/\/i0.wp.com\/ismaelcolosi.com.br\/wp-content\/uploads\/2023\/12\/hot-beach-olimpia.jpg?fit=1200%2C638&ssl=1&resize=525%2C300 1.5x, https:\/\/i0.wp.com\/ismaelcolosi.com.br\/wp-content\/uploads\/2023\/12\/hot-beach-olimpia.jpg?fit=1200%2C638&ssl=1&resize=700%2C400 2x, https:\/\/i0.wp.com\/ismaelcolosi.com.br\/wp-content\/uploads\/2023\/12\/hot-beach-olimpia.jpg?fit=1200%2C638&ssl=1&resize=1050%2C600 3x"},"classes":[]},{"id":19668,"url":"https:\/\/ismaelcolosi.com.br\/index.php\/2023\/12\/22\/15-parques-aquaticos-no-brasil-para-se-refrescar-no-verao\/","url_meta":{"origin":12976,"position":1},"title":"15 parques aqu\u00e1ticos no Brasil para se refrescar no ver\u00e3o","author":"ismaelcolosi.com.br","date":"22 de December de 2023","format":false,"excerpt":"Enfim, o ver\u00e3o chegou e com ele a promessa de dias ensolarados e quentes at\u00e9 meados de mar\u00e7o. Ideais para aproveitar e se refrescar nos in\u00fameros parques aqu\u00e1ticos espalhados pelo Brasil. Al\u00e9m de piscinas e tobo\u00e1guas de todos os tipos, os parques aqu\u00e1ticos oferecem uma boa estrutura de bares, restaurantes,\u2026","rel":"","context":"In &quot;Variedades&quot;","block_context":{"text":"Variedades","link":"https:\/\/ismaelcolosi.com.br\/index.php\/category\/variedades\/"},"img":{"alt_text":"","src":"https:\/\/i0.wp.com\/ismaelcolosi.com.br\/wp-content\/uploads\/2023\/12\/20231208-162150-scaled.jpg?fit=1200%2C638&ssl=1&resize=350%2C200","width":350,"height":200,"srcset":"https:\/\/i0.wp.com\/ismaelcolosi.com.br\/wp-content\/uploads\/2023\/12\/20231208-162150-scaled.jpg?fit=1200%2C638&ssl=1&resize=350%2C200 1x, https:\/\/i0.wp.com\/ismaelcolosi.com.br\/wp-content\/uploads\/2023\/12\/20231208-162150-scaled.jpg?fit=1200%2C638&ssl=1&resize=525%2C300 1.5x, https:\/\/i0.wp.com\/ismaelcolosi.com.br\/wp-content\/uploads\/2023\/12\/20231208-162150-scaled.jpg?fit=1200%2C638&ssl=1&resize=700%2C400 2x, https:\/\/i0.wp.com\/ismaelcolosi.com.br\/wp-content\/uploads\/2023\/12\/20231208-162150-scaled.jpg?fit=1200%2C638&ssl=1&resize=1050%2C600 3x"},"classes":[]},{"id":36598,"url":"https:\/\/ismaelcolosi.com.br\/index.php\/2024\/02\/10\/musical-rei-leao-estreia-no-theatro-pedro-ii\/","url_meta":{"origin":12976,"position":2},"title":"Musical Rei Le\u00e3o\u00a0estreia no Theatro Pedro II\u00a0","author":"ismaelcolosi.com.br","date":"10 de February de 2024","format":false,"excerpt":"\u201cRei Le\u00e3o In Concert\u201d \u00e9 um musical encantador, baseado na obra teatral \u201cHamlet\u201d, do famoso dramaturgo ingl\u00eas William Shakespeare (1564-1616), e que ganhou uma nova adapta\u00e7\u00e3o independente criada pela mesma produtora de grandiosos espet\u00e1culos de circula\u00e7\u00e3o nacional e internacional, a BRZ Produ\u00e7\u00f5es, em parceria com a Teatro GT.\u00a0\u00a0\u00a0 \u00a0O espet\u00e1culo\u2026","rel":"","context":"In &quot;Not\u00edcias de Ribeir\u00e3o Preto-SP e Regi\u00e3o&quot;","block_context":{"text":"Not\u00edcias de Ribeir\u00e3o Preto-SP e Regi\u00e3o","link":"https:\/\/ismaelcolosi.com.br\/index.php\/category\/noticias-de-ribeirao-preto-sp-e-regiao-ismael-colosi\/"},"img":{"alt_text":"","src":"https:\/\/i0.wp.com\/ismaelcolosi.com.br\/wp-content\/uploads\/2024\/02\/ReiLeao-Divulgacao-03-scaled.jpg?fit=1000%2C625&ssl=1&resize=350%2C200","width":350,"height":200,"srcset":"https:\/\/i0.wp.com\/ismaelcolosi.com.br\/wp-content\/uploads\/2024\/02\/ReiLeao-Divulgacao-03-scaled.jpg?fit=1000%2C625&ssl=1&resize=350%2C200 1x, https:\/\/i0.wp.com\/ismaelcolosi.com.br\/wp-content\/uploads\/2024\/02\/ReiLeao-Divulgacao-03-scaled.jpg?fit=1000%2C625&ssl=1&resize=525%2C300 1.5x, https:\/\/i0.wp.com\/ismaelcolosi.com.br\/wp-content\/uploads\/2024\/02\/ReiLeao-Divulgacao-03-scaled.jpg?fit=1000%2C625&ssl=1&resize=700%2C400 2x"},"classes":[]},{"id":13546,"url":"https:\/\/ismaelcolosi.com.br\/index.php\/2023\/12\/10\/moradores-alegam-que-homem-confessou-ter-tirado-a-vida-da-crianca-hadassa-desaparecida-no-rj-videos-flagram-retaliacao\/","url_meta":{"origin":12976,"position":3},"title":"Moradores alegam que homem confessou ter tirado a vida da crian\u00e7a Hadassa, desaparecida no RJ; v\u00eddeos flagram retalia\u00e7\u00e3o","author":"ismaelcolosi.com.br","date":"10 de December de 2023","format":false,"excerpt":"A menina Kemilly Hadassa Silva, de 4 anos de idade, est\u00e1 desaparecida desde a \u00faltima sexta-feira, dia 8 de dezembro. E agora, de acordo com novas informa\u00e7\u00f5es divulgadas, moradores de Nova Igua\u00e7u, no Rio de Janeiro, afirmam que homem confessou o crime.De acordo com a Pol\u00edcia Militar, as autoridades foram\u2026","rel":"","context":"In &quot;Blog&quot;","block_context":{"text":"Blog","link":"https:\/\/ismaelcolosi.com.br\/index.php\/category\/blog\/"},"img":{"alt_text":"","src":"https:\/\/i0.wp.com\/ismaelcolosi.com.br\/wp-content\/uploads\/2023\/12\/postimg-6575f20e401761491.jpg?fit=1200%2C628&ssl=1&resize=350%2C200","width":350,"height":200,"srcset":"https:\/\/i0.wp.com\/ismaelcolosi.com.br\/wp-content\/uploads\/2023\/12\/postimg-6575f20e401761491.jpg?fit=1200%2C628&ssl=1&resize=350%2C200 1x, https:\/\/i0.wp.com\/ismaelcolosi.com.br\/wp-content\/uploads\/2023\/12\/postimg-6575f20e401761491.jpg?fit=1200%2C628&ssl=1&resize=525%2C300 1.5x, https:\/\/i0.wp.com\/ismaelcolosi.com.br\/wp-content\/uploads\/2023\/12\/postimg-6575f20e401761491.jpg?fit=1200%2C628&ssl=1&resize=700%2C400 2x, https:\/\/i0.wp.com\/ismaelcolosi.com.br\/wp-content\/uploads\/2023\/12\/postimg-6575f20e401761491.jpg?fit=1200%2C628&ssl=1&resize=1050%2C600 3x"},"classes":[]},{"id":13681,"url":"https:\/\/ismaelcolosi.com.br\/index.php\/2023\/12\/10\/corpo-da-menina-e-encontrado-e-policia-pega-o-suspeito-um-primo-da-vitima\/","url_meta":{"origin":12976,"position":4},"title":"corpo da menina \u00e9 encontrado e pol\u00edcia pega o suspeito, um primo da v\u00edtima","author":"ismaelcolosi.com.br","date":"10 de December de 2023","format":false,"excerpt":"Neste domingo (10\/12), um homem foi detido pelas autoridades sob acusa\u00e7\u00e3o de ter cometido crime contra a menina Kemilly Hadassa Silva. A menina havia sido dada como desaparecida pela fam\u00edlia recentemente, mas seu corpo foi encontrado sem vida ap\u00f3s a pol\u00edcia receber informa\u00e7\u00f5es sobre a localiza\u00e7\u00e3o.O suspeito foi preso em\u2026","rel":"","context":"In &quot;Blog&quot;","block_context":{"text":"Blog","link":"https:\/\/ismaelcolosi.com.br\/index.php\/category\/blog\/"},"img":{"alt_text":"","src":"https:\/\/i0.wp.com\/ismaelcolosi.com.br\/wp-content\/uploads\/2023\/12\/postimg-6576740dd56ce2114.jpg?fit=1200%2C638&ssl=1&resize=350%2C200","width":350,"height":200,"srcset":"https:\/\/i0.wp.com\/ismaelcolosi.com.br\/wp-content\/uploads\/2023\/12\/postimg-6576740dd56ce2114.jpg?fit=1200%2C638&ssl=1&resize=350%2C200 1x, https:\/\/i0.wp.com\/ismaelcolosi.com.br\/wp-content\/uploads\/2023\/12\/postimg-6576740dd56ce2114.jpg?fit=1200%2C638&ssl=1&resize=525%2C300 1.5x, https:\/\/i0.wp.com\/ismaelcolosi.com.br\/wp-content\/uploads\/2023\/12\/postimg-6576740dd56ce2114.jpg?fit=1200%2C638&ssl=1&resize=700%2C400 2x, https:\/\/i0.wp.com\/ismaelcolosi.com.br\/wp-content\/uploads\/2023\/12\/postimg-6576740dd56ce2114.jpg?fit=1200%2C638&ssl=1&resize=1050%2C600 3x"},"classes":[]},{"id":28935,"url":"https:\/\/ismaelcolosi.com.br\/index.php\/2024\/01\/17\/o-que-se-sabe-sobre-o-acusado-de-matar-engenheiro-em-ribeirao-preto\/","url_meta":{"origin":12976,"position":5},"title":"O que se sabe sobre o acusado de matar engenheiro em Ribeir\u00e3o Preto","author":"ismaelcolosi.com.br","date":"17 de January de 2024","format":false,"excerpt":"O homem que foi preso em Nova Igua\u00e7u, no Rio de Janeiro, acusado de matar o engenheiro Paulo Roberto Carvalho Braga Pena Filho, deve ser transferido para Ribeir\u00e3o Preto at\u00e9 a pr\u00f3xima sexta-feira (19). Ele ainda n\u00e3o prestou depoimento sobre o caso. Gabriel Souza Brito foi detido pela Pol\u00edcia Civil\u2026","rel":"","context":"In &quot;Not\u00edcias de Ribeir\u00e3o Preto-SP e Regi\u00e3o&quot;","block_context":{"text":"Not\u00edcias de Ribeir\u00e3o Preto-SP e Regi\u00e3o","link":"https:\/\/ismaelcolosi.com.br\/index.php\/category\/noticias-de-ribeirao-preto-sp-e-regiao-ismael-colosi\/"},"img":{"alt_text":"","src":"https:\/\/i0.wp.com\/ismaelcolosi.com.br\/wp-content\/uploads\/2024\/01\/1705467672_GABRIEL-SOUZA-BRITO.jpeg?fit=1200%2C675&ssl=1&resize=350%2C200","width":350,"height":200,"srcset":"https:\/\/i0.wp.com\/ismaelcolosi.com.br\/wp-content\/uploads\/2024\/01\/1705467672_GABRIEL-SOUZA-BRITO.jpeg?fit=1200%2C675&ssl=1&resize=350%2C200 1x, https:\/\/i0.wp.com\/ismaelcolosi.com.br\/wp-content\/uploads\/2024\/01\/1705467672_GABRIEL-SOUZA-BRITO.jpeg?fit=1200%2C675&ssl=1&resize=525%2C300 1.5x, https:\/\/i0.wp.com\/ismaelcolosi.com.br\/wp-content\/uploads\/2024\/01\/1705467672_GABRIEL-SOUZA-BRITO.jpeg?fit=1200%2C675&ssl=1&resize=700%2C400 2x, https:\/\/i0.wp.com\/ismaelcolosi.com.br\/wp-content\/uploads\/2024\/01\/1705467672_GABRIEL-SOUZA-BRITO.jpeg?fit=1200%2C675&ssl=1&resize=1050%2C600 3x"},"classes":[]}],"jetpack_sharing_enabled":true,"jetpack_shortlink":"https:\/\/wp.me\/pfMlyK-3ni","_links":{"self":[{"href":"https:\/\/ismaelcolosi.com.br\/index.php\/wp-json\/wp\/v2\/posts\/12976","targetHints":{"allow":["GET"]}}],"collection":[{"href":"https:\/\/ismaelcolosi.com.br\/index.php\/wp-json\/wp\/v2\/posts"}],"about":[{"href":"https:\/\/ismaelcolosi.com.br\/index.php\/wp-json\/wp\/v2\/types\/post"}],"author":[{"embeddable":true,"href":"https:\/\/ismaelcolosi.com.br\/index.php\/wp-json\/wp\/v2\/users\/1"}],"replies":[{"embeddable":true,"href":"https:\/\/ismaelcolosi.com.br\/index.php\/wp-json\/wp\/v2\/comments?post=12976"}],"version-history":[{"count":0,"href":"https:\/\/ismaelcolosi.com.br\/index.php\/wp-json\/wp\/v2\/posts\/12976\/revisions"}],"wp:featuredmedia":[{"embeddable":true,"href":"https:\/\/ismaelcolosi.com.br\/index.php\/wp-json\/wp\/v2\/media\/12977"}],"wp:attachment":[{"href":"https:\/\/ismaelcolosi.com.br\/index.php\/wp-json\/wp\/v2\/media?parent=12976"}],"wp:term":[{"taxonomy":"category","embeddable":true,"href":"https:\/\/ismaelcolosi.com.br\/index.php\/wp-json\/wp\/v2\/categories?post=12976"},{"taxonomy":"post_tag","embeddable":true,"href":"https:\/\/ismaelcolosi.com.br\/index.php\/wp-json\/wp\/v2\/tags?post=12976"}],"curies":[{"name":"wp","href":"https:\/\/api.w.org\/{rel}","templated":true}]}}