{"id":12750,"date":"2023-12-08T14:21:35","date_gmt":"2023-12-08T17:21:35","guid":{"rendered":"https:\/\/ismaelcolosi.com.br\/index.php\/2023\/12\/08\/governo-propoe-calendario-do-abono-para-2024-confira\/"},"modified":"2023-12-08T14:21:35","modified_gmt":"2023-12-08T17:21:35","slug":"governo-propoe-calendario-do-abono-para-2024-confira","status":"publish","type":"post","link":"https:\/\/ismaelcolosi.com.br\/index.php\/2023\/12\/08\/governo-propoe-calendario-do-abono-para-2024-confira\/","title":{"rendered":"governo prop\u00f5e calend\u00e1rio do abono para 2024; confira"},"content":{"rendered":"<p> <br \/>\n<\/p>\n<div>\n<p>O <a href=\"https:\/\/catracalivre.com.br\/cidadania\/governo-quer-ampliar-faturamento-do-mei-com-beneficios-confira\/\" target=\"_blank\" rel=\"noopener\">governo federal<\/a> j\u00e1 teria estabelecido o calend\u00e1rio de pagamento do abono salarial do PIS\/Pasep e aguarda a aprova\u00e7\u00e3o das datas pelo Codefat (Conselho Deliberativo do Fundo de Amparo ao Trabalhador).<\/p>\n<p>De acordo com as informa\u00e7\u00f5es coletadas pela <a href=\"https:\/\/www1.folha.uol.com.br\/mercado\/2023\/12\/veja-o-calendario-do-abondo-do-pispasep-2024-proposto-pelo-governo-federal.shtml?pwgt=l8zp0irz6tn1lph0f0lmjwm4snjzgfvy1dnpgx1pvb0ejlky&amp;utm_source=whatsapp&amp;utm_medium=social&amp;utm_campaign=compwagift\" target=\"_blank\" rel=\"noopener\">Folha de S. Paulo<\/a>, o pagamento do abono de 2024, com ano-base 2022, deve iniciar em 15 de fevereiro.<\/p><div class='code-block code-block-8' style='margin: 8px auto; text-align: center; display: block; clear: both;'>\n<script>\n  atOptions = {\n    'key' : '66e2e2111ca34da796271819fc334058',\n    'format' : 'iframe',\n    'height' : 250,\n    'width' : 300,\n    'params' : {}\n  };\n<\/script>\n<script src=\"https:\/\/www.highperformanceformat.com\/66e2e2111ca34da796271819fc334058\/invoke.js\"><\/script>\n<\/div>\n\n<div id=\"attachment_2316340\" class=\"wp-caption alignnone\">\n<div class=\"d-flex justify-content-center\" data-attachment-id=\"2316340\">\n<div class=\"position-relative d-inline-block\"><img data-recalc-dims=\"1\" data-portal-copyright=\"Depositphotos\/rafapress\" fetchpriority=\"high\" decoding=\"async\" class=\"size-full wp-image-2316340\" src=\"https:\/\/i0.wp.com\/catracalivre.com.br\/wp-content\/uploads\/2023\/12\/depositphotos-366955058-xl-scaled.jpg?resize=2560%2C1707&#038;ssl=1\" alt=\"O que se sabe sobre o PIS\/Pasep 2024?\" width=\"2560\" height=\"1707\" srcset=\"https:\/\/catracalivre.com.br\/wp-content\/uploads\/2023\/12\/depositphotos-366955058-xl-scaled.jpg 2560w, https:\/\/catracalivre.com.br\/wp-content\/uploads\/2023\/12\/depositphotos-366955058-xl-450x300.jpg 450w, https:\/\/catracalivre.com.br\/wp-content\/uploads\/2023\/12\/depositphotos-366955058-xl-768x512.jpg 768w\" sizes=\"(max-width: 2560px) 100vw, 2560px\"\/><\/p>\n<p>Cr\u00e9ditos: Depositphotos\/rafapress<\/p>\n<\/div>\n<\/div>\n<p><span class=\"post-imagem__legenda\">O que se sabe sobre o PIS\/Pasep 2024?<\/span><\/p>\n<\/div>\n<h2>Como ser\u00e3o os pagamentos em 2024?<\/h2>\n<p>A reuni\u00e3o do conselho, marcada para o dia 13 de dezembro, tem como objetivo votar nas datas de pagamento e abordar uma ampla agenda ligada aos interesses dos trabalhadores.<\/p>\n<p>Os \u00faltimos dois calend\u00e1rios propostos pelo governo foram aprovados por unanimidade pelo Codefat, que conta com representantes de trabalhadores, empregadores e do governo.<\/p>\n<p>S\u00e9rgio Luiz Leite, representante da For\u00e7a Sindical no Codefat, indica que n\u00e3o devem haver resist\u00eancias na aprova\u00e7\u00e3o.<\/p>\n<h2>Calend\u00e1rio proposto pelo governo<\/h2>\n<p><strong>PIS em 2024:<\/strong><\/p>\n<ul>\n<li>Nascidos em janeiro \u2013 15\/02\/2024<\/li>\n<li>Nascidos em fevereiro \u2013 15\/03\/2024<\/li>\n<li>Nascidos em mar\u00e7o \u2013 15\/04\/2024<\/li>\n<li>Nascidos em abril \u2013 15\/04\/2024<\/li>\n<li>Nascidos em maio \u2013 15\/05\/2024<\/li>\n<li>Nascidos em junho \u2013 15\/05\/2024<\/li>\n<li>Nascidos em julho \u2013 17\/06\/2024<\/li>\n<li>Nascidos em agosto \u2013 17\/06\/2024<\/li>\n<li>Nascidos em setembro \u2013 15\/07\/2024<\/li>\n<li>Nascidos em outubro \u2013 15\/07\/2024<\/li>\n<li>Nascidos em novembro \u2013 15\/08\/2024<\/li>\n<li>Nascidos em dezembro \u2013 15\/08\/2024<\/li>\n<\/ul>\n<p><strong>Pasep em 2024:<\/strong><\/p>\n<ul>\n<li>Final da inscri\u00e7\u00e3o 0 \u2013 15\/02\/2024<\/li>\n<li>Final da inscri\u00e7\u00e3o 1 \u2013 15\/03\/2024<\/li>\n<li>Final da inscri\u00e7\u00e3o 2 \u2013 15\/04\/2024<\/li>\n<li>Final da inscri\u00e7\u00e3o 3 \u2013 15\/04\/2024<\/li>\n<li>Final da inscri\u00e7\u00e3o 4 \u2013 15\/05\/2024<\/li>\n<li>Final da inscri\u00e7\u00e3o 5 \u2013 15\/05\/2024<\/li>\n<li>Final da inscri\u00e7\u00e3o 6 \u2013 17\/06\/2024<\/li>\n<li>Final da inscri\u00e7\u00e3o 7 \u2013 17\/06\/2024<\/li>\n<li>Final da inscri\u00e7\u00e3o 8 \u2013 15\/07\/2024<\/li>\n<li>Final da inscri\u00e7\u00e3o 9 \u2013 15\/08\/2024<\/li>\n<\/ul>\n<p>A consulta para saber se vai receber os valores deve ocorrer a partir de 5 de fevereiro no aplicativo Carteira de Trabalho Digital ou no portal <a href=\"https:\/\/www.gov.br\/pt-br\" target=\"_blank\" rel=\"nofollow noopener\">Gov.br<\/a>.<\/p>\n<h2 id=\"confira-o-calendario-de-pagamento-do-abono-do-pis-em-2024\" class=\"c-news__subtitle\">Quem tem direito ao abono salarial em 2024?<\/h2>\n<p>O <a href=\"https:\/\/catracalivre.com.br\/cidadania\/pis-pasep-ano-base-2022-comeca-ser-pago-em-dezembro-saiba-detalhes\/\" target=\"_blank\" rel=\"noopener\">abono PIS 2024<\/a>, pago pela Caixa Econ\u00f4mica Federal, \u00e9 destinado aos profissionais da iniciativa privada que trabalharam com carteira assinada em 2022.<\/p>\n<p>J\u00e1 o abono Pasep 2024, pago pelo Banco do Brasil, destinado a servidores p\u00fablicos federais, estaduais e municipais que se encaixam nas regras do programa, usa como refer\u00eancia o trabalho exercido tamb\u00e9m em 2022.<\/p>\n<p>Para ter direito ao abono de at\u00e9 um sal\u00e1rio m\u00ednimo \u00e9 preciso:<\/p>\n<ul>\n<li>estar cadastrado no programa PIS\/Pasep h\u00e1 pelo menos cinco anos;<\/li>\n<li>ter trabalhado formalmente pelo m\u00ednimo de 30 dias no ano de 2022;<\/li>\n<li>receber, em m\u00e9dia, at\u00e9 dois sal\u00e1rios m\u00ednimos mensais no ano de refer\u00eancia (2022);<\/li>\n<li>e ter os dados corretamente informados pelo empregador na Rais (Relat\u00f3rio Anual de Informa\u00e7\u00f5es Sociais) do ano base.<\/li>\n<\/ul>\n<h2>Abono do PIS\/Pasep de 2023 ainda est\u00e1 dispon\u00edvel<\/h2>\n<p>Vale lembrar que os trabalhadores formais e servidores p\u00fablicos ainda podem sacar R$ 535,8 milh\u00f5es referentes ao abono salarial do PIS\/Pasep 2023. O dinheiro pode ser retirado at\u00e9 o dia 28 de dezembro de 2023.<\/p>\n<p>Conforme dados do Minist\u00e9rio do Trabalho e Emprego, mais de 540 mil profissionais com direito ao abono ainda n\u00e3o efetuaram o saque.<\/p>\n<p>Para evitar d\u00favidas e garantir que seu direito n\u00e3o seja perdido, \u00e9 importante sempre estar atento aos prazos.<\/p>\n<\/div>\n<p><script>\n\t\t! function(f, b, e, v, n, t, s) {\n\t\t\tif (f.fbq) return;\n\t\t\tn = f.fbq = function() {\n\t\t\t\tn.callMethod ?\n\t\t\t\t\tn.callMethod.apply(n, arguments) : n.queue.push(arguments)\n\t\t\t};\n\t\t\tif (!f._fbq) f._fbq = n;\n\t\t\tn.push = n;\n\t\t\tn.loaded = !0;\n\t\t\tn.version = '2.0';\n\t\t\tn.queue = [];\n\t\t\tt = b.createElement(e);\n\t\t\tt.async = !0;\n\t\t\tt.src = v;\n\t\t\ts = b.getElementsByTagName(e)[0];\n\t\t\ts.parentNode.insertBefore(t, s)\n\t\t}(window, document, 'script',\n\t\t\t'https:\/\/connect.facebook.net\/en_US\/fbevents.js');\n\t\tfbq('init', '338315473262380');\n\t\tfbq('track', 'PageView');\n\t<\/script><br \/>\n<br \/><br \/>\n<br \/><a href=\"https:\/\/catracalivre.com.br\/cidadania\/pis-pasep-governo-propoe-calendario-do-abono-para-2024-confira\/\">Source link <\/a><\/p>\n<div class='code-block code-block-4' style='margin: 8px auto 8px 0; text-align: left; display: block; clear: both;'>\n\ud83d\udce2 Aviso Legal\n\nO site ismaelcolosi.com.br atua apenas como um canal de divulga\u00e7\u00e3o de oportunidades de emprego e n\u00e3o se responsabiliza pelo processo seletivo, contrata\u00e7\u00e3o ou qualquer outra etapa relacionada \u00e0s vagas publicadas. Todas as informa\u00e7\u00f5es s\u00e3o de responsabilidade dos anunciantes.\n\n\u26a0\ufe0f Aten\u00e7\u00e3o! Nunca pague por promessas de emprego nem compre cursos que garantam contrata\u00e7\u00e3o. Desconfie de qualquer cobran\u00e7a para participar de sele\u00e7\u00f5es.\n\n\n\n<\/div>\n<!-- CONTENT END 1 -->\n","protected":false},"excerpt":{"rendered":"<p>O governo federal j\u00e1 teria estabelecido o calend\u00e1rio de pagamento do abono salarial do PIS\/Pasep e aguarda a aprova\u00e7\u00e3o das datas pelo Codefat (Conselho Deliberativo&#8230;<\/p>\n","protected":false},"author":1,"featured_media":12751,"comment_status":"open","ping_status":"open","sticky":false,"template":"","format":"standard","meta":{"_uag_custom_page_level_css":"","advanced_seo_description":"","jetpack_seo_html_title":"","jetpack_seo_noindex":false,"jetpack_post_was_ever_published":false,"_jetpack_newsletter_access":"","_jetpack_dont_email_post_to_subs":false,"_jetpack_newsletter_tier_id":0,"_jetpack_memberships_contains_paywalled_content":false,"_jetpack_memberships_contains_paid_content":false,"footnotes":"","jetpack_publicize_message":"","jetpack_publicize_feature_enabled":true,"jetpack_social_post_already_shared":true,"jetpack_social_options":{"image_generator_settings":{"template":"highway","default_image_id":0,"font":"","enabled":false},"version":2}},"categories":[19],"tags":[],"class_list":["post-12750","post","type-post","status-publish","format-standard","has-post-thumbnail","hentry","category-variedades"],"jetpack_publicize_connections":[],"jetpack_featured_media_url":"https:\/\/i0.wp.com\/ismaelcolosi.com.br\/wp-content\/uploads\/2023\/12\/1702056098_depositphotos-366955058-xl-scaled.jpg?fit=1200%2C638&ssl=1","uagb_featured_image_src":{"full":["https:\/\/i0.wp.com\/ismaelcolosi.com.br\/wp-content\/uploads\/2023\/12\/1702056098_depositphotos-366955058-xl-scaled.jpg?fit=1200%2C638&ssl=1",1200,638,false],"thumbnail":["https:\/\/i0.wp.com\/ismaelcolosi.com.br\/wp-content\/uploads\/2023\/12\/1702056098_depositphotos-366955058-xl-scaled.jpg?resize=150%2C150&ssl=1",150,150,true],"medium":["https:\/\/i0.wp.com\/ismaelcolosi.com.br\/wp-content\/uploads\/2023\/12\/1702056098_depositphotos-366955058-xl-scaled.jpg?fit=300%2C160&ssl=1",300,160,true],"medium_large":["https:\/\/i0.wp.com\/ismaelcolosi.com.br\/wp-content\/uploads\/2023\/12\/1702056098_depositphotos-366955058-xl-scaled.jpg?fit=768%2C408&ssl=1",768,408,true],"large":["https:\/\/i0.wp.com\/ismaelcolosi.com.br\/wp-content\/uploads\/2023\/12\/1702056098_depositphotos-366955058-xl-scaled.jpg?fit=1024%2C544&ssl=1",1024,544,true],"1536x1536":["https:\/\/i0.wp.com\/ismaelcolosi.com.br\/wp-content\/uploads\/2023\/12\/1702056098_depositphotos-366955058-xl-scaled.jpg?fit=1200%2C638&ssl=1",1200,638,true],"2048x2048":["https:\/\/i0.wp.com\/ismaelcolosi.com.br\/wp-content\/uploads\/2023\/12\/1702056098_depositphotos-366955058-xl-scaled.jpg?fit=1200%2C638&ssl=1",1200,638,true],"really-simple-thumb":["https:\/\/i0.wp.com\/ismaelcolosi.com.br\/wp-content\/uploads\/2023\/12\/1702056098_depositphotos-366955058-xl-scaled.jpg?resize=370%2C247&ssl=1",370,247,true]},"uagb_author_info":{"display_name":"ismaelcolosi.com.br","author_link":"https:\/\/ismaelcolosi.com.br\/index.php\/author\/vidareal-online\/"},"uagb_comment_info":0,"uagb_excerpt":"O governo federal j\u00e1 teria estabelecido o calend\u00e1rio de pagamento do abono salarial do PIS\/Pasep e aguarda a aprova\u00e7\u00e3o das datas pelo Codefat (Conselho Deliberativo...","jetpack-related-posts":[{"id":18283,"url":"https:\/\/ismaelcolosi.com.br\/index.php\/2023\/12\/20\/finalmente-governo-divulga-calendario-de-pagamento-do-pis-pasep-2024\/","url_meta":{"origin":12750,"position":0},"title":"FINALMENTE! Governo divulga calend\u00e1rio de pagamento do PIS\/Pasep 2024","author":"ismaelcolosi.com.br","date":"20 de December de 2023","format":false,"excerpt":"O Conselho Deliberativo do Fundo de Amparo do Trabalhador (Codefat), aprovou o calend\u00e1rio de pagamento do Abono Salarial PIS\/Pasep de 2024, relativo ao ano-base 2022. Cr\u00e9ditos: Istock\/gustavomellossaFINALMENTE! Governo divulga calend\u00e1rio de pagamento do PIS\/Pasep 2024 A estimativa \u00e9 que cerca de 24,5 milh\u00f5es de trabalhadores recebam o abono salarial, um\u2026","rel":"","context":"In &quot;Variedades&quot;","block_context":{"text":"Variedades","link":"https:\/\/ismaelcolosi.com.br\/index.php\/category\/variedades\/"},"img":{"alt_text":"","src":"https:\/\/i0.wp.com\/ismaelcolosi.com.br\/wp-content\/uploads\/2023\/12\/1703062351_istock-1359193526.jpg?fit=1200%2C638&ssl=1&resize=350%2C200","width":350,"height":200,"srcset":"https:\/\/i0.wp.com\/ismaelcolosi.com.br\/wp-content\/uploads\/2023\/12\/1703062351_istock-1359193526.jpg?fit=1200%2C638&ssl=1&resize=350%2C200 1x, https:\/\/i0.wp.com\/ismaelcolosi.com.br\/wp-content\/uploads\/2023\/12\/1703062351_istock-1359193526.jpg?fit=1200%2C638&ssl=1&resize=525%2C300 1.5x, https:\/\/i0.wp.com\/ismaelcolosi.com.br\/wp-content\/uploads\/2023\/12\/1703062351_istock-1359193526.jpg?fit=1200%2C638&ssl=1&resize=700%2C400 2x, https:\/\/i0.wp.com\/ismaelcolosi.com.br\/wp-content\/uploads\/2023\/12\/1703062351_istock-1359193526.jpg?fit=1200%2C638&ssl=1&resize=1050%2C600 3x"},"classes":[]},{"id":11898,"url":"https:\/\/ismaelcolosi.com.br\/index.php\/2023\/12\/07\/novidades-no-calendario-e-valores-surpreendem-trabalhadores\/","url_meta":{"origin":12750,"position":1},"title":"Novidades no calend\u00e1rio e valores SURPREENDEM trabalhadores","author":"ismaelcolosi.com.br","date":"7 de December de 2023","format":false,"excerpt":"Muitas pessoas t\u00eam questionado sobre o pagamento do abono salarial do PIS\/Pasep para aqueles que trabalharam em 2022, especialmente agora, que o governo finalizou os pagamentos referentes ao ano-base 2021. Uma coisa j\u00e1 \u00e9 certa, vai ter pagamento em 2024, referente ao ano base 2022. Cr\u00e9ditos: Jos\u00e9 Cruz\/Ag\u00eancia BrasilPIS\/Pasep: Novidades\u2026","rel":"","context":"In &quot;Variedades&quot;","block_context":{"text":"Variedades","link":"https:\/\/ismaelcolosi.com.br\/index.php\/category\/variedades\/"},"img":{"alt_text":"","src":"https:\/\/i0.wp.com\/ismaelcolosi.com.br\/wp-content\/uploads\/2023\/12\/pis-pasep-beneficio-2.jpg?fit=1200%2C638&ssl=1&resize=350%2C200","width":350,"height":200,"srcset":"https:\/\/i0.wp.com\/ismaelcolosi.com.br\/wp-content\/uploads\/2023\/12\/pis-pasep-beneficio-2.jpg?fit=1200%2C638&ssl=1&resize=350%2C200 1x, https:\/\/i0.wp.com\/ismaelcolosi.com.br\/wp-content\/uploads\/2023\/12\/pis-pasep-beneficio-2.jpg?fit=1200%2C638&ssl=1&resize=525%2C300 1.5x, https:\/\/i0.wp.com\/ismaelcolosi.com.br\/wp-content\/uploads\/2023\/12\/pis-pasep-beneficio-2.jpg?fit=1200%2C638&ssl=1&resize=700%2C400 2x, https:\/\/i0.wp.com\/ismaelcolosi.com.br\/wp-content\/uploads\/2023\/12\/pis-pasep-beneficio-2.jpg?fit=1200%2C638&ssl=1&resize=1050%2C600 3x"},"classes":[]},{"id":28357,"url":"https:\/\/ismaelcolosi.com.br\/index.php\/2024\/01\/15\/pagamento-do-abono-salarial-do-calendario-2024-comeca-em-fevereiro\/","url_meta":{"origin":12750,"position":2},"title":"Pagamento do abono salarial do calend\u00e1rio 2024 come\u00e7a em fevereiro \u2013 Folha de Ribeir\u00e3o","author":"ismaelcolosi.com.br","date":"15 de January de 2024","format":false,"excerpt":"A partir de 15 de fevereiro, a Caixa come\u00e7a a pagar o abono salarial do calend\u00e1rio 2024, referente ao ano-base 2022. O calend\u00e1rio foi aprovado pelo Conselho Deliberativo do Fundo de Amparo ao Trabalhador (Codefat), em reuni\u00e3o realizada em dezembro do ano passado.\u00a0 O cr\u00e9dito ser\u00e1 feito de forma escalonada,\u2026","rel":"","context":"In &quot;Not\u00edcias de Ribeir\u00e3o Preto-SP e Regi\u00e3o&quot;","block_context":{"text":"Not\u00edcias de Ribeir\u00e3o Preto-SP e Regi\u00e3o","link":"https:\/\/ismaelcolosi.com.br\/index.php\/category\/noticias-de-ribeirao-preto-sp-e-regiao-ismael-colosi\/"},"img":{"alt_text":"","src":"","width":0,"height":0},"classes":[]},{"id":4376,"url":"https:\/\/ismaelcolosi.com.br\/index.php\/2023\/11\/21\/saiba-tudo-sobre-abono-extra-especial-de-natal\/","url_meta":{"origin":12750,"position":3},"title":"Saiba tudo sobre abono extra especial de Natal","author":"ismaelcolosi.com.br","date":"21 de November de 2023","format":false,"excerpt":"Muitas pessoas t\u00eam questionado sobre o pagamento do abono salarial do PIS\/Pasep para aqueles que trabalharam em 2022, especialmente ap\u00f3s o governo finalizar os pagamentos referentes ao ano-base 2021. Uma coisa j\u00e1 \u00e9 certa, vai ter pagamento em 2024, referente ao ano base 2022. Mas e pagamento extra em dezembro\u2026","rel":"","context":"In &quot;Variedades&quot;","block_context":{"text":"Variedades","link":"https:\/\/ismaelcolosi.com.br\/index.php\/category\/variedades\/"},"img":{"alt_text":"","src":"https:\/\/i0.wp.com\/ismaelcolosi.com.br\/wp-content\/uploads\/2023\/11\/istock-1222011599.jpg?fit=1200%2C638&ssl=1&resize=350%2C200","width":350,"height":200,"srcset":"https:\/\/i0.wp.com\/ismaelcolosi.com.br\/wp-content\/uploads\/2023\/11\/istock-1222011599.jpg?fit=1200%2C638&ssl=1&resize=350%2C200 1x, https:\/\/i0.wp.com\/ismaelcolosi.com.br\/wp-content\/uploads\/2023\/11\/istock-1222011599.jpg?fit=1200%2C638&ssl=1&resize=525%2C300 1.5x, https:\/\/i0.wp.com\/ismaelcolosi.com.br\/wp-content\/uploads\/2023\/11\/istock-1222011599.jpg?fit=1200%2C638&ssl=1&resize=700%2C400 2x, https:\/\/i0.wp.com\/ismaelcolosi.com.br\/wp-content\/uploads\/2023\/11\/istock-1222011599.jpg?fit=1200%2C638&ssl=1&resize=1050%2C600 3x"},"classes":[]},{"id":13871,"url":"https:\/\/ismaelcolosi.com.br\/index.php\/2023\/12\/11\/calendario-do-pis-pasep-2024-liberado-veja-os-detalhes\/","url_meta":{"origin":12750,"position":4},"title":"Calend\u00e1rio do PIS\/Pasep 2024 LIBERADO? Veja os detalhes","author":"ismaelcolosi.com.br","date":"11 de December de 2023","format":false,"excerpt":"Muitas pessoas t\u00eam questionado sobre o pagamento do abono salarial do PIS\/Pasep para aqueles que trabalharam em 2022, especialmente agora, que o governo finalizou os pagamentos referentes ao ano-base 2021. Uma coisa j\u00e1 \u00e9 certa, vai ter pagamento em 2024, referente ao ano base 2022. Cr\u00e9ditos: Marcello Casal\/Ag\u00eancia BrasilCalend\u00e1rio do\u2026","rel":"","context":"In &quot;Variedades&quot;","block_context":{"text":"Variedades","link":"https:\/\/ismaelcolosi.com.br\/index.php\/category\/variedades\/"},"img":{"alt_text":"","src":"https:\/\/i0.wp.com\/ismaelcolosi.com.br\/wp-content\/uploads\/2023\/12\/1702307351_pis-pasep-junho.jpg?fit=1200%2C638&ssl=1&resize=350%2C200","width":350,"height":200,"srcset":"https:\/\/i0.wp.com\/ismaelcolosi.com.br\/wp-content\/uploads\/2023\/12\/1702307351_pis-pasep-junho.jpg?fit=1200%2C638&ssl=1&resize=350%2C200 1x, https:\/\/i0.wp.com\/ismaelcolosi.com.br\/wp-content\/uploads\/2023\/12\/1702307351_pis-pasep-junho.jpg?fit=1200%2C638&ssl=1&resize=525%2C300 1.5x, https:\/\/i0.wp.com\/ismaelcolosi.com.br\/wp-content\/uploads\/2023\/12\/1702307351_pis-pasep-junho.jpg?fit=1200%2C638&ssl=1&resize=700%2C400 2x, https:\/\/i0.wp.com\/ismaelcolosi.com.br\/wp-content\/uploads\/2023\/12\/1702307351_pis-pasep-junho.jpg?fit=1200%2C638&ssl=1&resize=1050%2C600 3x"},"classes":[]},{"id":4629,"url":"https:\/\/ismaelcolosi.com.br\/index.php\/2023\/11\/21\/calendario-do-pis-pasep-ano-base-2022-liberado-veja-os-detalhes\/","url_meta":{"origin":12750,"position":5},"title":"Calend\u00e1rio do PIS\/Pasep ano-base 2022 LIBERADO? Veja os detalhes","author":"ismaelcolosi.com.br","date":"21 de November de 2023","format":false,"excerpt":"Muitas pessoas t\u00eam questionado sobre o pagamento do abono salarial do PIS\/Pasep para aqueles que trabalharam em 2022, especialmente agora, que o governo finalizou os pagamentos referentes ao ano-base 2021. Uma coisa j\u00e1 \u00e9 certa, vai ter pagamento em 2024, referente ao ano base 2022. Cr\u00e9ditos: Ag\u00eancia Brasil\/Jos\u00e9 CruzCalend\u00e1rio do\u2026","rel":"","context":"In &quot;Variedades&quot;","block_context":{"text":"Variedades","link":"https:\/\/ismaelcolosi.com.br\/index.php\/category\/variedades\/"},"img":{"alt_text":"","src":"https:\/\/i0.wp.com\/ismaelcolosi.com.br\/wp-content\/uploads\/2023\/11\/veja-se-voce-tem-dinheiro-esquecido-no-pis-pasep-para-receber.jpg?fit=1200%2C638&ssl=1&resize=350%2C200","width":350,"height":200,"srcset":"https:\/\/i0.wp.com\/ismaelcolosi.com.br\/wp-content\/uploads\/2023\/11\/veja-se-voce-tem-dinheiro-esquecido-no-pis-pasep-para-receber.jpg?fit=1200%2C638&ssl=1&resize=350%2C200 1x, https:\/\/i0.wp.com\/ismaelcolosi.com.br\/wp-content\/uploads\/2023\/11\/veja-se-voce-tem-dinheiro-esquecido-no-pis-pasep-para-receber.jpg?fit=1200%2C638&ssl=1&resize=525%2C300 1.5x, https:\/\/i0.wp.com\/ismaelcolosi.com.br\/wp-content\/uploads\/2023\/11\/veja-se-voce-tem-dinheiro-esquecido-no-pis-pasep-para-receber.jpg?fit=1200%2C638&ssl=1&resize=700%2C400 2x, https:\/\/i0.wp.com\/ismaelcolosi.com.br\/wp-content\/uploads\/2023\/11\/veja-se-voce-tem-dinheiro-esquecido-no-pis-pasep-para-receber.jpg?fit=1200%2C638&ssl=1&resize=1050%2C600 3x"},"classes":[]}],"jetpack_sharing_enabled":true,"jetpack_shortlink":"https:\/\/wp.me\/pfMlyK-3jE","_links":{"self":[{"href":"https:\/\/ismaelcolosi.com.br\/index.php\/wp-json\/wp\/v2\/posts\/12750","targetHints":{"allow":["GET"]}}],"collection":[{"href":"https:\/\/ismaelcolosi.com.br\/index.php\/wp-json\/wp\/v2\/posts"}],"about":[{"href":"https:\/\/ismaelcolosi.com.br\/index.php\/wp-json\/wp\/v2\/types\/post"}],"author":[{"embeddable":true,"href":"https:\/\/ismaelcolosi.com.br\/index.php\/wp-json\/wp\/v2\/users\/1"}],"replies":[{"embeddable":true,"href":"https:\/\/ismaelcolosi.com.br\/index.php\/wp-json\/wp\/v2\/comments?post=12750"}],"version-history":[{"count":0,"href":"https:\/\/ismaelcolosi.com.br\/index.php\/wp-json\/wp\/v2\/posts\/12750\/revisions"}],"wp:featuredmedia":[{"embeddable":true,"href":"https:\/\/ismaelcolosi.com.br\/index.php\/wp-json\/wp\/v2\/media\/12751"}],"wp:attachment":[{"href":"https:\/\/ismaelcolosi.com.br\/index.php\/wp-json\/wp\/v2\/media?parent=12750"}],"wp:term":[{"taxonomy":"category","embeddable":true,"href":"https:\/\/ismaelcolosi.com.br\/index.php\/wp-json\/wp\/v2\/categories?post=12750"},{"taxonomy":"post_tag","embeddable":true,"href":"https:\/\/ismaelcolosi.com.br\/index.php\/wp-json\/wp\/v2\/tags?post=12750"}],"curies":[{"name":"wp","href":"https:\/\/api.w.org\/{rel}","templated":true}]}}