{"id":12619,"date":"2023-12-08T11:03:48","date_gmt":"2023-12-08T14:03:48","guid":{"rendered":"https:\/\/ismaelcolosi.com.br\/index.php\/2023\/12\/08\/366520-2\/"},"modified":"2023-12-08T11:03:48","modified_gmt":"2023-12-08T14:03:48","slug":"366520-2","status":"publish","type":"post","link":"https:\/\/ismaelcolosi.com.br\/index.php\/2023\/12\/08\/366520-2\/","title":{"rendered":"Sa\u00fade abre consulta sobre inclus\u00e3o de vacina da dengue no SUS"},"content":{"rendered":"<p> <br \/>\n<\/p>\n<div id=\"\">\n<p> <span class=\"entry-meta-item penci-posted-on\"><i class=\"fa fa-clock-o\"\/><time class=\"entry-date published\" datetime=\"2023-12-08T11:00:25-03:00\">8 de dezembro de 2023 | 11:00<\/time><time class=\"updated\" datetime=\"2023-12-07T16:43:18-03:00\">7 de dezembro de 2023 | 16:43<\/time><\/span><\/p>\n<p> <span class=\"penci-social-buttons penci-social-share-footer\"><a href=\"#\" class=\"penci-post-like penci_post-meta_item  single-like-button penci-social-item like\" data-post_id=\"366520\" title=\"Like\" data-like=\"Like\" data-unlike=\"Unlike\"><i class=\"fa fa-thumbs-o-up\"\/><span class=\"penci-share-number\">0<\/span><\/a><i class=\"fa fa-facebook\"\/><a class=\"penci-social-item twitter\" target=\"_blank\" rel=\"noopener\" title=\"\" href=\"https:\/\/twitter.com\/intent\/tweet?text=Sa\u00fade%20abre%20consulta%20sobre%20inclus\u00e3o%20de%20vacina%20da%20dengue%20no%20SUS%20-%20https:\/\/www.tribunaribeirao.com.br\/site\/366520-2\/\"><i class=\"fa fa-twitter\"\/><\/a><i class=\"fa fa-whatsapp\"\/><\/span><\/div>\n<div>\n<p>O Minist\u00e9rio da Sa\u00fade abre nesta quinta-feira (7) consulta p\u00fablica sobre a proposta de incorpora\u00e7\u00e3o ao Sistema \u00danico de Sa\u00fade (SUS) da vacina contra a dengue. De acordo com a pasta, o imunizante Qdenga j\u00e1 est\u00e1 em avalia\u00e7\u00e3o pela Comiss\u00e3o Nacional de Incorpora\u00e7\u00f5es de Tecnologias no Sistema \u00danico de Sa\u00fade (Conitec). \u00a0<noscript><img data-recalc-dims=\"1\" decoding=\"async\" src=\"https:\/\/i0.wp.com\/agenciabrasil.ebc.com.br\/ebc.png?ssl=1\"\/><\/noscript><img data-recalc-dims=\"1\" decoding=\"async\" src=\"https:\/\/i0.wp.com\/agenciabrasil.ebc.com.br\/ebc.gif?ssl=1\" class=\"lazyload\"\/><noscript><img data-recalc-dims=\"1\" decoding=\"async\" src=\"https:\/\/i0.wp.com\/agenciabrasil.ebc.com.br\/ebc.gif?ssl=1\"\/><\/noscript><\/p><div class='code-block code-block-8' style='margin: 8px auto; text-align: center; display: block; clear: both;'>\n<script>\n  atOptions = {\n    'key' : '66e2e2111ca34da796271819fc334058',\n    'format' : 'iframe',\n    'height' : 250,\n    'width' : 300,\n    'params' : {}\n  };\n<\/script>\n<script src=\"https:\/\/www.highperformanceformat.com\/66e2e2111ca34da796271819fc334058\/invoke.js\"><\/script>\n<\/div>\n\n<p>Em nota, a pasta informou que, ap\u00f3s reuni\u00e3o realizada nessa quarta-feira (6), considerando o cen\u00e1rio epidemiol\u00f3gico, a comiss\u00e3o recomendou a incorpora\u00e7\u00e3o do imunizante inicialmente para localidades e p\u00fablicos priorit\u00e1rios que ser\u00e3o definidos pelo Programa Nacional de Imuniza\u00e7\u00f5es.<\/p>\n<p>A defini\u00e7\u00e3o dos grupos e localidades deve considera ainda as regi\u00f5es de maior incid\u00eancia e transmiss\u00e3o da dengue e as faixas et\u00e1rias de maior risco para agravamento da doen\u00e7a. A restri\u00e7\u00e3o de p\u00fablico, segundo o minist\u00e9rio, tamb\u00e9m leva em conta\u00a0a capacidade de fornecimento de doses por parte da fabricante.<\/p>\n<p>A recomenda\u00e7\u00e3o de incorpora\u00e7\u00e3o feita pela Conitec\u00a0est\u00e1 condicionada a uma proposta de redu\u00e7\u00e3o de pre\u00e7o pela fabricante. Apesar do desconto inicialmente oferecido, o valor por dose, de R$ 170, ainda \u00e9 classificado como alto pelo governo federal. \u201cNesse pre\u00e7o, o valor \u00e9 duas vezes maior que as vacinas mais caras inclu\u00eddas no programa\u201d.<\/p>\n<p>A demanda para avalia\u00e7\u00e3o da tecnologia foi submetida pela empresa japonesa Takeda Pharma, fabricante da Qdenga. Nos dados avaliados pela comiss\u00e3o, foi verificada efic\u00e1cia geral na redu\u00e7\u00e3o da hospitaliza\u00e7\u00e3o em 84% dos casos de dengue.<\/p>\n<p>\u201cPara propor uma estrat\u00e9gia nacional, o Minist\u00e9rio da Sa\u00fade questionou o quantitativo de doses que poderia ser fornecido ao SUS. De acordo com o laborat\u00f3rio, poder\u00e3o ser entregues 8,5 milh\u00f5es no primeiro ano e um total acumulado de 50 milh\u00f5es em cinco anos, o que imp\u00f5e restri\u00e7\u00f5es no p\u00fablico a ser atendido.\u201d<\/p>\n<p><strong>Consulta p\u00fablica<\/strong> \u2013 Todas as recomenda\u00e7\u00f5es de incorpora\u00e7\u00e3o de medicamentos e insumos feitas pela Conitec s\u00e3o submetidas \u00e0 consulta p\u00fablica por um per\u00edodo de 20 dias. A pasta destacou, entretanto, que, considerando a proje\u00e7\u00e3o epidemiol\u00f3gica para o pr\u00f3ximo ver\u00e3o, com a possibilidade de aumento de casos de dengue, a consulta ficar\u00e1 aberta pelo prazo de 10 dias.<\/p>\n<p>\u201cDepois desse per\u00edodo, as sugest\u00f5es ser\u00e3o organizadas e avaliadas pela comiss\u00e3o, que emitir\u00e1 uma recomenda\u00e7\u00e3o final.\u201d Uma vez incorporada, a vacina Qdenga deve ser administrada em esquema de duas doses, com intervalo de tr\u00eas meses.<\/p>\n<\/div>\n<p><script async src=\"\/\/platform.twitter.com\/widgets.js\" charset=\"utf-8\"><\/script><br \/>\n<br \/><br \/>\n<br \/><a href=\"https:\/\/www.tribunaribeirao.com.br\/site\/366520-2\/\">Source link <\/a><\/p>\n<div class='code-block code-block-4' style='margin: 8px auto 8px 0; text-align: left; display: block; clear: both;'>\n\ud83d\udce2 Aviso Legal\n\nO site ismaelcolosi.com.br atua apenas como um canal de divulga\u00e7\u00e3o de oportunidades de emprego e n\u00e3o se responsabiliza pelo processo seletivo, contrata\u00e7\u00e3o ou qualquer outra etapa relacionada \u00e0s vagas publicadas. Todas as informa\u00e7\u00f5es s\u00e3o de responsabilidade dos anunciantes.\n\n\u26a0\ufe0f Aten\u00e7\u00e3o! Nunca pague por promessas de emprego nem compre cursos que garantam contrata\u00e7\u00e3o. Desconfie de qualquer cobran\u00e7a para participar de sele\u00e7\u00f5es.\n\n\n\n<\/div>\n<!-- CONTENT END 1 -->\n","protected":false},"excerpt":{"rendered":"<p>8 de dezembro de 2023 | 11:007 de dezembro de 2023 | 16:43 0 O Minist\u00e9rio da Sa\u00fade abre nesta quinta-feira (7) consulta p\u00fablica sobre&#8230;<\/p>\n","protected":false},"author":1,"featured_media":12620,"comment_status":"open","ping_status":"open","sticky":false,"template":"","format":"standard","meta":{"_uag_custom_page_level_css":"","advanced_seo_description":"","jetpack_seo_html_title":"","jetpack_seo_noindex":false,"jetpack_post_was_ever_published":false,"_jetpack_newsletter_access":"","_jetpack_dont_email_post_to_subs":false,"_jetpack_newsletter_tier_id":0,"_jetpack_memberships_contains_paywalled_content":false,"_jetpack_memberships_contains_paid_content":false,"footnotes":"","jetpack_publicize_message":"","jetpack_publicize_feature_enabled":true,"jetpack_social_post_already_shared":true,"jetpack_social_options":{"image_generator_settings":{"template":"highway","default_image_id":0,"font":"","enabled":false},"version":2}},"categories":[11],"tags":[210,1437,1269,1761,158,468,1629,1505],"class_list":["post-12619","post","type-post","status-publish","format-standard","has-post-thumbnail","hentry","category-noticias-de-ribeirao-preto-sp-e-regiao-ismael-colosi","tag-abre","tag-consulta","tag-dengue","tag-inclusao","tag-saude","tag-sobre","tag-sus","tag-vacina"],"jetpack_publicize_connections":[],"jetpack_featured_media_url":"https:\/\/i0.wp.com\/ismaelcolosi.com.br\/wp-content\/uploads\/2023\/12\/WhatsApp-Image-2023-08-05-at-07.43.01.jpeg?fit=768%2C512&ssl=1","uagb_featured_image_src":{"full":["https:\/\/i0.wp.com\/ismaelcolosi.com.br\/wp-content\/uploads\/2023\/12\/WhatsApp-Image-2023-08-05-at-07.43.01.jpeg?fit=768%2C512&ssl=1",768,512,false],"thumbnail":["https:\/\/i0.wp.com\/ismaelcolosi.com.br\/wp-content\/uploads\/2023\/12\/WhatsApp-Image-2023-08-05-at-07.43.01.jpeg?resize=150%2C150&ssl=1",150,150,true],"medium":["https:\/\/i0.wp.com\/ismaelcolosi.com.br\/wp-content\/uploads\/2023\/12\/WhatsApp-Image-2023-08-05-at-07.43.01.jpeg?fit=300%2C200&ssl=1",300,200,true],"medium_large":["https:\/\/i0.wp.com\/ismaelcolosi.com.br\/wp-content\/uploads\/2023\/12\/WhatsApp-Image-2023-08-05-at-07.43.01.jpeg?fit=768%2C512&ssl=1",768,512,true],"large":["https:\/\/i0.wp.com\/ismaelcolosi.com.br\/wp-content\/uploads\/2023\/12\/WhatsApp-Image-2023-08-05-at-07.43.01.jpeg?fit=768%2C512&ssl=1",768,512,true],"1536x1536":["https:\/\/i0.wp.com\/ismaelcolosi.com.br\/wp-content\/uploads\/2023\/12\/WhatsApp-Image-2023-08-05-at-07.43.01.jpeg?fit=768%2C512&ssl=1",768,512,true],"2048x2048":["https:\/\/i0.wp.com\/ismaelcolosi.com.br\/wp-content\/uploads\/2023\/12\/WhatsApp-Image-2023-08-05-at-07.43.01.jpeg?fit=768%2C512&ssl=1",768,512,true],"really-simple-thumb":["https:\/\/i0.wp.com\/ismaelcolosi.com.br\/wp-content\/uploads\/2023\/12\/WhatsApp-Image-2023-08-05-at-07.43.01.jpeg?resize=370%2C247&ssl=1",370,247,true]},"uagb_author_info":{"display_name":"ismaelcolosi.com.br","author_link":"https:\/\/ismaelcolosi.com.br\/index.php\/author\/vidareal-online\/"},"uagb_comment_info":0,"uagb_excerpt":"8 de dezembro de 2023 | 11:007 de dezembro de 2023 | 16:43 0 O Minist\u00e9rio da Sa\u00fade abre nesta quinta-feira (7) consulta p\u00fablica sobre...","jetpack-related-posts":[{"id":13285,"url":"https:\/\/ismaelcolosi.com.br\/index.php\/2023\/12\/09\/veja-o-que-se-sabe-sobre-a-vacina-da-dengue-ser-oferecida-pelo-sus\/","url_meta":{"origin":12619,"position":0},"title":"Veja o que se sabe sobre a vacina da dengue ser oferecida pelo SUS","author":"ismaelcolosi.com.br","date":"9 de December de 2023","format":false,"excerpt":"A Comiss\u00e3o Nacional de Incorpora\u00e7\u00f5es de Tecnologias no Sistema \u00danico de Sa\u00fade (Conitec) deve decidir ainda este ano sobre a incorpora\u00e7\u00e3o da vacina contra a dengue ao Sistema \u00danico de Sa\u00fade (SUS). De acordo com o secret\u00e1rio de Ci\u00eancia, Tecnologia e Insumos Estrat\u00e9gicos do Minist\u00e9rio da Sa\u00fade, Leandro Pinheiro Safatle,\u2026","rel":"","context":"In &quot;Not\u00edcias de Ribeir\u00e3o Preto-SP e Regi\u00e3o&quot;","block_context":{"text":"Not\u00edcias de Ribeir\u00e3o Preto-SP e Regi\u00e3o","link":"https:\/\/ismaelcolosi.com.br\/index.php\/category\/noticias-de-ribeirao-preto-sp-e-regiao-ismael-colosi\/"},"img":{"alt_text":"","src":"https:\/\/i0.wp.com\/ismaelcolosi.com.br\/wp-content\/uploads\/2023\/12\/science-1029385_1280.jpg?fit=1200%2C800&ssl=1&resize=350%2C200","width":350,"height":200,"srcset":"https:\/\/i0.wp.com\/ismaelcolosi.com.br\/wp-content\/uploads\/2023\/12\/science-1029385_1280.jpg?fit=1200%2C800&ssl=1&resize=350%2C200 1x, https:\/\/i0.wp.com\/ismaelcolosi.com.br\/wp-content\/uploads\/2023\/12\/science-1029385_1280.jpg?fit=1200%2C800&ssl=1&resize=525%2C300 1.5x, https:\/\/i0.wp.com\/ismaelcolosi.com.br\/wp-content\/uploads\/2023\/12\/science-1029385_1280.jpg?fit=1200%2C800&ssl=1&resize=700%2C400 2x, https:\/\/i0.wp.com\/ismaelcolosi.com.br\/wp-content\/uploads\/2023\/12\/science-1029385_1280.jpg?fit=1200%2C800&ssl=1&resize=1050%2C600 3x"},"classes":[]},{"id":46210,"url":"https:\/\/ismaelcolosi.com.br\/index.php\/2024\/04\/10\/moradores-reclamam-que-site-para-agendar-vacina-da-dengue-nao-abre-em-ribeirao\/","url_meta":{"origin":12619,"position":1},"title":"Moradores reclamam que site para agendar vacina da dengue n\u00e3o abre em Ribeir\u00e3o","author":"ismaelcolosi.com.br","date":"10 de April de 2024","format":false,"excerpt":"Moradores que est\u00e3o em busca do agendamento da vacina contra a dengue para crian\u00e7as de 10 e 11 anos relatam que o site disponibilizado pela Secretaria Municipal da Sa\u00fade de Ribeir\u00e3o Preto n\u00e3o abre na manh\u00e3 desta quarta-feira (10). A Pasta anunciou nesta ter\u00e7a-feira (9) que o agendamento on-line estaria\u2026","rel":"","context":"In &quot;Not\u00edcias de Ribeir\u00e3o Preto-SP e Regi\u00e3o&quot;","block_context":{"text":"Not\u00edcias de Ribeir\u00e3o Preto-SP e Regi\u00e3o","link":"https:\/\/ismaelcolosi.com.br\/index.php\/category\/noticias-de-ribeirao-preto-sp-e-regiao-ismael-colosi\/"},"img":{"alt_text":"","src":"https:\/\/i0.wp.com\/ismaelcolosi.com.br\/wp-content\/uploads\/2024\/04\/VACINA-DENGUE.jpg?fit=1200%2C812&ssl=1&resize=350%2C200","width":350,"height":200,"srcset":"https:\/\/i0.wp.com\/ismaelcolosi.com.br\/wp-content\/uploads\/2024\/04\/VACINA-DENGUE.jpg?fit=1200%2C812&ssl=1&resize=350%2C200 1x, https:\/\/i0.wp.com\/ismaelcolosi.com.br\/wp-content\/uploads\/2024\/04\/VACINA-DENGUE.jpg?fit=1200%2C812&ssl=1&resize=525%2C300 1.5x, https:\/\/i0.wp.com\/ismaelcolosi.com.br\/wp-content\/uploads\/2024\/04\/VACINA-DENGUE.jpg?fit=1200%2C812&ssl=1&resize=700%2C400 2x, https:\/\/i0.wp.com\/ismaelcolosi.com.br\/wp-content\/uploads\/2024\/04\/VACINA-DENGUE.jpg?fit=1200%2C812&ssl=1&resize=1050%2C600 3x"},"classes":[]},{"id":46232,"url":"https:\/\/ismaelcolosi.com.br\/index.php\/2024\/04\/10\/moradores-reclamam-que-site-para-agendar-vacina-contra-dengue-nao-abre-em-ribeirao\/","url_meta":{"origin":12619,"position":2},"title":"Moradores reclamam que site para agendar vacina contra dengue n\u00e3o abre em Ribeir\u00e3o","author":"ismaelcolosi.com.br","date":"10 de April de 2024","format":false,"excerpt":"Moradores que est\u00e3o em busca do agendamento da vacina contra a dengue para crian\u00e7as de 10 e 11 anos relatam que o site disponibilizado pela Secretaria Municipal da Sa\u00fade de Ribeir\u00e3o Preto n\u00e3o abre na manh\u00e3 desta quarta-feira (10). A Pasta anunciou nesta ter\u00e7a-feira (9) que o agendamento on-line estaria\u2026","rel":"","context":"In &quot;Not\u00edcias de Ribeir\u00e3o Preto-SP e Regi\u00e3o&quot;","block_context":{"text":"Not\u00edcias de Ribeir\u00e3o Preto-SP e Regi\u00e3o","link":"https:\/\/ismaelcolosi.com.br\/index.php\/category\/noticias-de-ribeirao-preto-sp-e-regiao-ismael-colosi\/"},"img":{"alt_text":"","src":"https:\/\/i0.wp.com\/ismaelcolosi.com.br\/wp-content\/uploads\/2024\/04\/1712764413_VACINA-DENGUE.jpg?fit=1200%2C812&ssl=1&resize=350%2C200","width":350,"height":200,"srcset":"https:\/\/i0.wp.com\/ismaelcolosi.com.br\/wp-content\/uploads\/2024\/04\/1712764413_VACINA-DENGUE.jpg?fit=1200%2C812&ssl=1&resize=350%2C200 1x, https:\/\/i0.wp.com\/ismaelcolosi.com.br\/wp-content\/uploads\/2024\/04\/1712764413_VACINA-DENGUE.jpg?fit=1200%2C812&ssl=1&resize=525%2C300 1.5x, https:\/\/i0.wp.com\/ismaelcolosi.com.br\/wp-content\/uploads\/2024\/04\/1712764413_VACINA-DENGUE.jpg?fit=1200%2C812&ssl=1&resize=700%2C400 2x, https:\/\/i0.wp.com\/ismaelcolosi.com.br\/wp-content\/uploads\/2024\/04\/1712764413_VACINA-DENGUE.jpg?fit=1200%2C812&ssl=1&resize=1050%2C600 3x"},"classes":[]},{"id":19447,"url":"https:\/\/ismaelcolosi.com.br\/index.php\/2023\/12\/22\/ministerio-da-saude-incorpora-vacina-contra-a-dengue-no-sus\/","url_meta":{"origin":12619,"position":3},"title":"Minist\u00e9rio da Sa\u00fade incorpora vacina contra a dengue no SUS\u00a0","author":"ismaelcolosi.com.br","date":"22 de December de 2023","format":false,"excerpt":"22 de dezembro de 2023 | 12:21 0O Minist\u00e9rio da Sa\u00fade decidiu incorporar, nesta quinta-feira (21), a vacina contra dengue ao Sistema \u00danico de Sa\u00fade (SUS). Segundo a ministra da Sa\u00fade, N\u00edsia Trindade, o Brasil \u00e9 o primeiro pa\u00eds do mundo a oferecer o imunizante no sistema p\u00fablico universal.\u00a0Conhecida como\u2026","rel":"","context":"In &quot;Not\u00edcias de Ribeir\u00e3o Preto-SP e Regi\u00e3o&quot;","block_context":{"text":"Not\u00edcias de Ribeir\u00e3o Preto-SP e Regi\u00e3o","link":"https:\/\/ismaelcolosi.com.br\/index.php\/category\/noticias-de-ribeirao-preto-sp-e-regiao-ismael-colosi\/"},"img":{"alt_text":"","src":"https:\/\/i0.wp.com\/ismaelcolosi.com.br\/wp-content\/uploads\/2023\/12\/3-vacina-scaled.jpg?fit=1000%2C598&ssl=1&resize=350%2C200","width":350,"height":200,"srcset":"https:\/\/i0.wp.com\/ismaelcolosi.com.br\/wp-content\/uploads\/2023\/12\/3-vacina-scaled.jpg?fit=1000%2C598&ssl=1&resize=350%2C200 1x, https:\/\/i0.wp.com\/ismaelcolosi.com.br\/wp-content\/uploads\/2023\/12\/3-vacina-scaled.jpg?fit=1000%2C598&ssl=1&resize=525%2C300 1.5x, https:\/\/i0.wp.com\/ismaelcolosi.com.br\/wp-content\/uploads\/2023\/12\/3-vacina-scaled.jpg?fit=1000%2C598&ssl=1&resize=700%2C400 2x"},"classes":[]},{"id":46098,"url":"https:\/\/ismaelcolosi.com.br\/index.php\/2024\/04\/09\/ribeirao-preto-abre-agendamento-para-vacinacao-contra-dengue-saiba-mais\/","url_meta":{"origin":12619,"position":4},"title":"Ribeir\u00e3o Preto abre agendamento para vacina\u00e7\u00e3o contra dengue; Saiba mais","author":"ismaelcolosi.com.br","date":"9 de April de 2024","format":false,"excerpt":"A Secretaria Municipal da Sa\u00fade abrir\u00e1 a partir das 10h desta quarta-feira (10) o agendamento da primeira dose da vacina contra dengue para crian\u00e7as de 10 e 11 anos. Para agendar basta acessar o site da Prefeitura de Ribeir\u00e3o Preto. A imuniza\u00e7\u00e3o acontecer\u00e1 na sexta-feira (12) e na segunda-feira (15),\u2026","rel":"","context":"In &quot;Not\u00edcias de Ribeir\u00e3o Preto-SP e Regi\u00e3o&quot;","block_context":{"text":"Not\u00edcias de Ribeir\u00e3o Preto-SP e Regi\u00e3o","link":"https:\/\/ismaelcolosi.com.br\/index.php\/category\/noticias-de-ribeirao-preto-sp-e-regiao-ismael-colosi\/"},"img":{"alt_text":"","src":"https:\/\/i0.wp.com\/ismaelcolosi.com.br\/wp-content\/uploads\/2024\/03\/AnyConv.com__vacina-dengue-1.webp.webp?fit=845%2C561&ssl=1&resize=350%2C200","width":350,"height":200,"srcset":"https:\/\/i0.wp.com\/ismaelcolosi.com.br\/wp-content\/uploads\/2024\/03\/AnyConv.com__vacina-dengue-1.webp.webp?fit=845%2C561&ssl=1&resize=350%2C200 1x, https:\/\/i0.wp.com\/ismaelcolosi.com.br\/wp-content\/uploads\/2024\/03\/AnyConv.com__vacina-dengue-1.webp.webp?fit=845%2C561&ssl=1&resize=525%2C300 1.5x, https:\/\/i0.wp.com\/ismaelcolosi.com.br\/wp-content\/uploads\/2024\/03\/AnyConv.com__vacina-dengue-1.webp.webp?fit=845%2C561&ssl=1&resize=700%2C400 2x"},"classes":[]},{"id":54481,"url":"https:\/\/ismaelcolosi.com.br\/index.php\/2024\/06\/25\/ribeirao-chega-perto-de-zerar-estoque-de-vacina-contra-dengue-e-faixa-etaria-e-mantida\/","url_meta":{"origin":12619,"position":5},"title":"\u200b\u200bRibeir\u00e3o chega perto de zerar estoque de vacina contra dengue e faixa et\u00e1ria \u00e9 mantida","author":"ismaelcolosi.com.br","date":"25 de June de 2024","format":false,"excerpt":"A vacina\u00e7\u00e3o contra dengue em Ribeir\u00e3o Preto est\u00e1 pr\u00f3xima de atingir a meta de aplicar as 11 mil doses recebidas pelo Minist\u00e9rio da Sa\u00fade, em abril, deste ano. Segundo a Secretaria Municipal da Sa\u00fade, diante do alcance da vacina\u00e7\u00e3o no p\u00fablico-alvo, que \u00e9 de crian\u00e7as e adolescentes de 10 a\u2026","rel":"","context":"In &quot;Not\u00edcias de Ribeir\u00e3o Preto-SP e Regi\u00e3o&quot;","block_context":{"text":"Not\u00edcias de Ribeir\u00e3o Preto-SP e Regi\u00e3o","link":"https:\/\/ismaelcolosi.com.br\/index.php\/category\/noticias-de-ribeirao-preto-sp-e-regiao-ismael-colosi\/"},"img":{"alt_text":"","src":"https:\/\/i0.wp.com\/ismaelcolosi.com.br\/wp-content\/uploads\/2024\/06\/Copia-de-Copia-de-TAMANHO-EXATO-PARA-FOTOS-NO-SISTEMA-NOVO-16_2024-06-25_19-10-16_jpg_2024-06-25_19-10-16.webp.webp?fit=1200%2C675&ssl=1&resize=350%2C200","width":350,"height":200,"srcset":"https:\/\/i0.wp.com\/ismaelcolosi.com.br\/wp-content\/uploads\/2024\/06\/Copia-de-Copia-de-TAMANHO-EXATO-PARA-FOTOS-NO-SISTEMA-NOVO-16_2024-06-25_19-10-16_jpg_2024-06-25_19-10-16.webp.webp?fit=1200%2C675&ssl=1&resize=350%2C200 1x, https:\/\/i0.wp.com\/ismaelcolosi.com.br\/wp-content\/uploads\/2024\/06\/Copia-de-Copia-de-TAMANHO-EXATO-PARA-FOTOS-NO-SISTEMA-NOVO-16_2024-06-25_19-10-16_jpg_2024-06-25_19-10-16.webp.webp?fit=1200%2C675&ssl=1&resize=525%2C300 1.5x, https:\/\/i0.wp.com\/ismaelcolosi.com.br\/wp-content\/uploads\/2024\/06\/Copia-de-Copia-de-TAMANHO-EXATO-PARA-FOTOS-NO-SISTEMA-NOVO-16_2024-06-25_19-10-16_jpg_2024-06-25_19-10-16.webp.webp?fit=1200%2C675&ssl=1&resize=700%2C400 2x, https:\/\/i0.wp.com\/ismaelcolosi.com.br\/wp-content\/uploads\/2024\/06\/Copia-de-Copia-de-TAMANHO-EXATO-PARA-FOTOS-NO-SISTEMA-NOVO-16_2024-06-25_19-10-16_jpg_2024-06-25_19-10-16.webp.webp?fit=1200%2C675&ssl=1&resize=1050%2C600 3x"},"classes":[]}],"jetpack_sharing_enabled":true,"jetpack_shortlink":"https:\/\/wp.me\/pfMlyK-3hx","_links":{"self":[{"href":"https:\/\/ismaelcolosi.com.br\/index.php\/wp-json\/wp\/v2\/posts\/12619","targetHints":{"allow":["GET"]}}],"collection":[{"href":"https:\/\/ismaelcolosi.com.br\/index.php\/wp-json\/wp\/v2\/posts"}],"about":[{"href":"https:\/\/ismaelcolosi.com.br\/index.php\/wp-json\/wp\/v2\/types\/post"}],"author":[{"embeddable":true,"href":"https:\/\/ismaelcolosi.com.br\/index.php\/wp-json\/wp\/v2\/users\/1"}],"replies":[{"embeddable":true,"href":"https:\/\/ismaelcolosi.com.br\/index.php\/wp-json\/wp\/v2\/comments?post=12619"}],"version-history":[{"count":0,"href":"https:\/\/ismaelcolosi.com.br\/index.php\/wp-json\/wp\/v2\/posts\/12619\/revisions"}],"wp:featuredmedia":[{"embeddable":true,"href":"https:\/\/ismaelcolosi.com.br\/index.php\/wp-json\/wp\/v2\/media\/12620"}],"wp:attachment":[{"href":"https:\/\/ismaelcolosi.com.br\/index.php\/wp-json\/wp\/v2\/media?parent=12619"}],"wp:term":[{"taxonomy":"category","embeddable":true,"href":"https:\/\/ismaelcolosi.com.br\/index.php\/wp-json\/wp\/v2\/categories?post=12619"},{"taxonomy":"post_tag","embeddable":true,"href":"https:\/\/ismaelcolosi.com.br\/index.php\/wp-json\/wp\/v2\/tags?post=12619"}],"curies":[{"name":"wp","href":"https:\/\/api.w.org\/{rel}","templated":true}]}}