{"id":12454,"date":"2023-12-08T01:18:31","date_gmt":"2023-12-08T04:18:31","guid":{"rendered":"https:\/\/ismaelcolosi.com.br\/index.php\/2023\/12\/08\/video-flagra-mulher-ateando-fogo-em-marido-que-estava-dentro-de-bar-imagens-viralizam\/"},"modified":"2023-12-08T01:18:31","modified_gmt":"2023-12-08T04:18:31","slug":"video-flagra-mulher-ateando-fogo-em-marido-que-estava-dentro-de-bar-imagens-viralizam","status":"publish","type":"post","link":"https:\/\/ismaelcolosi.com.br\/index.php\/2023\/12\/08\/video-flagra-mulher-ateando-fogo-em-marido-que-estava-dentro-de-bar-imagens-viralizam\/","title":{"rendered":"V\u00eddeo flagra mulher ateando fogo em marido que estava dentro de bar \u2013 Imagens viralizam"},"content":{"rendered":"<p> [ad_1]<br \/>\n<\/p>\n<div itemprop=\"text\">\n<p>Nas \u00faltimas horas um v\u00eddeo come\u00e7ou a circular nas redes sociais e as imagens chocantes viralizaram. As imagens foram capturadas por uma c\u00e2mera de seguran\u00e7a de um estabelecimento que se parece com um bar.<\/p>\n<p>\u00c9 poss\u00edvel ver o momento em que uma mulher ateia fogo em um homem que pelas informa\u00e7\u00f5es iniciais repassadas pelos agentes de seguran\u00e7a a v\u00edtima \u00e9 supostamente o esposo da autora do crime.<\/p>\n<p>O caso aconteceu na madrugada da \u00faltima segunda-feira (4), na Zona Norte da cidade do Rio de Janeiro. Ainda segundo os socorristas do Corpo de Bombeiros, os combatentes do fogo foram acionados por volta das 01h13.<\/p>\n<p>Conforme informa\u00e7\u00f5es dos socorristas do Corpo de Bombeiros, Andr\u00e9 A. Chapeta, de 50 anos, foi socorrido com ferimentos graves e encaminhado para uma unidade hospitalar que fica na Penha.<\/p>\n<p>Na manh\u00e3 desta quinta-feira (7), a Secretaria Estadual de Sa\u00fade informou que o estado de sa\u00fade de Andr\u00e9 encontra-se est\u00e1vel. As imagens revelam o momento em que a mulher, segurando uma garrafa, se aproxima do homem que est\u00e1 sentado sozinho em uma das mesas.<\/p>\n<p>As imagens vem sendo amplamente compartilhadas nas plataformas digitais. Subsequentemente, ela ateia fogo no indiv\u00edduo.<\/p>\n<blockquote class=\"twitter-tweet\" data-media-max-width=\"560\">\n<p dir=\"ltr\" lang=\"pt\">Dona da peixaria no Jardim Am\u00e9rica ao lado da auto pe\u00e7as taca fogo no marido. <a href=\"https:\/\/t.co\/t04m1e9WUV\">pic.twitter.com\/t04m1e9WUV<\/a><\/p>\n<p>\u2014 Informa\u00e7\u00f5es RJ (@Informacoes_RJ) <a href=\"https:\/\/twitter.com\/Informacoes_RJ\/status\/1732540701236236634?ref_src=twsrc%5Etfw\" target=\"_blank\" rel=\"noopener\">December 6, 2023<\/a><\/p>\n<\/blockquote>\n<p>Com seu corpo em chamas, ele foge do local. A Pol\u00edcia Militar esclareceu que n\u00e3o foi acionada para a regi\u00e3o. Em comunicado, a Pol\u00edcia Civil mencionou que o incidente foi registrado na 38\u00aa DP (Br\u00e1s de Pina).<\/p>\n<p>Ainda segundo os agentes de seguran\u00e7a, v\u00e1rias dilig\u00eancias est\u00e3o em andamento para que todos os dados possam ser revelados e que a motiva\u00e7\u00e3o seja enfim descoberta.<\/p>\n<\/div>\n<p><script async src=\"\/\/platform.twitter.com\/widgets.js\" charset=\"utf-8\"><\/script><br \/>\n<br \/>[ad_2]<br \/>\n<br \/><a href=\"https:\/\/fnmais.com\/video-flagra-mulher-ateando-fogo-em-marido-que-estava-dentro-bar-imagens-viralizam\/\" target=\"_blank\" rel=\"noopener\">Source link <\/a><\/p>\n<div class='code-block code-block-4' style='margin: 8px auto 8px 0; text-align: left; display: block; clear: both;'>\n\ud83d\udce2 Aviso Legal\n\nO site ismaelcolosi.com.br atua apenas como um canal de divulga\u00e7\u00e3o de oportunidades de emprego e n\u00e3o se responsabiliza pelo processo seletivo, contrata\u00e7\u00e3o ou qualquer outra etapa relacionada \u00e0s vagas publicadas. Todas as informa\u00e7\u00f5es s\u00e3o de responsabilidade dos anunciantes.\n\n\u26a0\ufe0f Aten\u00e7\u00e3o! Nunca pague por promessas de emprego nem compre cursos que garantam contrata\u00e7\u00e3o. Desconfie de qualquer cobran\u00e7a para participar de sele\u00e7\u00f5es.\n\n\n\n<\/div>\n<!-- CONTENT END 1 -->\n","protected":false},"excerpt":{"rendered":"<p>[ad_1] Nas \u00faltimas horas um v\u00eddeo come\u00e7ou a circular nas redes sociais e as imagens chocantes viralizaram. As imagens foram capturadas por uma c\u00e2mera de seguran\u00e7a de um estabelecimento que se parece com um bar. \u00c9 poss\u00edvel ver o momento em que uma mulher ateia fogo em um homem que pelas informa\u00e7\u00f5es iniciais repassadas pelos&hellip;&nbsp;<\/p>\n","protected":false},"author":1,"featured_media":12455,"comment_status":"open","ping_status":"open","sticky":false,"template":"","format":"standard","meta":{"_uag_custom_page_level_css":"","neve_meta_sidebar":"","neve_meta_container":"","neve_meta_enable_content_width":"","neve_meta_content_width":0,"neve_meta_title_alignment":"","neve_meta_author_avatar":"","neve_post_elements_order":"","neve_meta_disable_header":"","neve_meta_disable_footer":"","neve_meta_disable_title":"","_jetpack_newsletter_access":"","_jetpack_dont_email_post_to_subs":false,"_jetpack_newsletter_tier_id":0,"_jetpack_memberships_contains_paywalled_content":false,"_jetpack_memberships_contains_paid_content":false,"footnotes":""},"categories":[1],"tags":[],"class_list":["post-12454","post","type-post","status-publish","format-standard","has-post-thumbnail","hentry","category-blog"],"uagb_featured_image_src":{"full":["https:\/\/i0.wp.com\/ismaelcolosi.com.br\/wp-content\/uploads\/2023\/12\/postimg-657298117a3751587.jpg?fit=1200%2C628&ssl=1",1200,628,false],"thumbnail":["https:\/\/i0.wp.com\/ismaelcolosi.com.br\/wp-content\/uploads\/2023\/12\/postimg-657298117a3751587.jpg?resize=150%2C150&ssl=1",150,150,true],"medium":["https:\/\/i0.wp.com\/ismaelcolosi.com.br\/wp-content\/uploads\/2023\/12\/postimg-657298117a3751587.jpg?fit=300%2C157&ssl=1",300,157,true],"medium_large":["https:\/\/i0.wp.com\/ismaelcolosi.com.br\/wp-content\/uploads\/2023\/12\/postimg-657298117a3751587.jpg?fit=768%2C402&ssl=1",768,402,true],"large":["https:\/\/i0.wp.com\/ismaelcolosi.com.br\/wp-content\/uploads\/2023\/12\/postimg-657298117a3751587.jpg?fit=1024%2C536&ssl=1",1024,536,true],"1536x1536":["https:\/\/i0.wp.com\/ismaelcolosi.com.br\/wp-content\/uploads\/2023\/12\/postimg-657298117a3751587.jpg?fit=1200%2C628&ssl=1",1200,628,true],"2048x2048":["https:\/\/i0.wp.com\/ismaelcolosi.com.br\/wp-content\/uploads\/2023\/12\/postimg-657298117a3751587.jpg?fit=1200%2C628&ssl=1",1200,628,true],"neve-blog":["https:\/\/i0.wp.com\/ismaelcolosi.com.br\/wp-content\/uploads\/2023\/12\/postimg-657298117a3751587.jpg?resize=930%2C620&ssl=1",930,620,true]},"uagb_author_info":{"display_name":"ismaelcolosi.com.br","author_link":"https:\/\/ismaelcolosi.com.br\/author\/vidareal-online\/"},"uagb_comment_info":0,"uagb_excerpt":"[ad_1] Nas \u00faltimas horas um v\u00eddeo come\u00e7ou a circular nas redes sociais e as imagens chocantes viralizaram. As imagens foram capturadas por uma c\u00e2mera de seguran\u00e7a de um estabelecimento que se parece com um bar. \u00c9 poss\u00edvel ver o momento em que uma mulher ateia fogo em um homem que pelas informa\u00e7\u00f5es iniciais repassadas pelos&hellip;&nbsp;","jetpack-related-posts":[{"id":4160,"url":"https:\/\/ismaelcolosi.com.br\/index.php\/2023\/11\/20\/video-flagra-o-momento-em-que-mulher-e-violentamente-lancada-de-onibus-atingido-por-trem-no-df\/","url_meta":{"origin":12454,"position":0},"title":"V\u00eddeo flagra o momento em que mulher \u00e9 violentamente lan\u00e7ada de \u00f4nibus atingido por trem no DF","author":"ismaelcolosi.com.br","date":"20 de Novembro de 2023","format":false,"excerpt":"[ad_1] As imagens do circuito de seguran\u00e7a do \u00f4nibus envolvido em uma colis\u00e3o com um trem no Distrito Federal, que aconteceu na \u00faltima na sexta-feira (17) registram o instante em que uma das v\u00edtimas foi lan\u00e7ada para fora pela janela.Nas imagens a v\u00edtima identificada como J\u00falia de Albuquerque Violato, 37\u2026","rel":"","context":"In &quot;Blog&quot;","block_context":{"text":"Blog","link":"https:\/\/ismaelcolosi.com.br\/index.php\/category\/blog\/"},"img":{"alt_text":"","src":"https:\/\/i0.wp.com\/ismaelcolosi.com.br\/wp-content\/uploads\/2023\/11\/postimg-655bf2f0c38c74018.jpg?fit=1200%2C628&ssl=1&resize=350%2C200","width":350,"height":200,"srcset":"https:\/\/i0.wp.com\/ismaelcolosi.com.br\/wp-content\/uploads\/2023\/11\/postimg-655bf2f0c38c74018.jpg?fit=1200%2C628&ssl=1&resize=350%2C200 1x, https:\/\/i0.wp.com\/ismaelcolosi.com.br\/wp-content\/uploads\/2023\/11\/postimg-655bf2f0c38c74018.jpg?fit=1200%2C628&ssl=1&resize=525%2C300 1.5x, https:\/\/i0.wp.com\/ismaelcolosi.com.br\/wp-content\/uploads\/2023\/11\/postimg-655bf2f0c38c74018.jpg?fit=1200%2C628&ssl=1&resize=700%2C400 2x, https:\/\/i0.wp.com\/ismaelcolosi.com.br\/wp-content\/uploads\/2023\/11\/postimg-655bf2f0c38c74018.jpg?fit=1200%2C628&ssl=1&resize=1050%2C600 3x"},"classes":[]},{"id":25348,"url":"https:\/\/ismaelcolosi.com.br\/index.php\/2024\/01\/06\/sc-lancha-com-8-pessoas-a-bordo-pega-fogo-diante-de-praia-lotada\/","url_meta":{"origin":12454,"position":1},"title":"SC: Lancha com 8 pessoas a bordo pega fogo diante de praia lotada","author":"ismaelcolosi.com.br","date":"6 de Janeiro de 2024","format":false,"excerpt":"[ad_1] Neste s\u00e1bado (6), uma embarca\u00e7\u00e3o foi consumida por um inc\u00eandio em pleno mar de Balne\u00e1rio Cambori\u00fa, diante de\u00a0dezenas de turistas que aproveitava o dia ensolarado.A lancha pegou fogo na Praia Central, situada em Balne\u00e1rio Cambori\u00fa, na regi\u00e3o litor\u00e2nea do Norte de Santa Catarina. Conforme informa\u00e7\u00f5es da Pol\u00edcia Militar, oito\u2026","rel":"","context":"In &quot;Blog&quot;","block_context":{"text":"Blog","link":"https:\/\/ismaelcolosi.com.br\/index.php\/category\/blog\/"},"img":{"alt_text":"","src":"https:\/\/i0.wp.com\/ismaelcolosi.com.br\/wp-content\/uploads\/2024\/01\/postimg-6599f79c34bb99971.jpg?fit=1200%2C628&ssl=1&resize=350%2C200","width":350,"height":200,"srcset":"https:\/\/i0.wp.com\/ismaelcolosi.com.br\/wp-content\/uploads\/2024\/01\/postimg-6599f79c34bb99971.jpg?fit=1200%2C628&ssl=1&resize=350%2C200 1x, https:\/\/i0.wp.com\/ismaelcolosi.com.br\/wp-content\/uploads\/2024\/01\/postimg-6599f79c34bb99971.jpg?fit=1200%2C628&ssl=1&resize=525%2C300 1.5x, https:\/\/i0.wp.com\/ismaelcolosi.com.br\/wp-content\/uploads\/2024\/01\/postimg-6599f79c34bb99971.jpg?fit=1200%2C628&ssl=1&resize=700%2C400 2x, https:\/\/i0.wp.com\/ismaelcolosi.com.br\/wp-content\/uploads\/2024\/01\/postimg-6599f79c34bb99971.jpg?fit=1200%2C628&ssl=1&resize=1050%2C600 3x"},"classes":[]},{"id":55010,"url":"https:\/\/ismaelcolosi.com.br\/index.php\/2024\/06\/29\/motorista-nao-respeita-sinalizacao-bate-em-motociclista-e-foge-em-ribeirao-preto-video\/","url_meta":{"origin":12454,"position":2},"title":"Motorista n\u00e3o respeita sinaliza\u00e7\u00e3o, bate em motociclista e foge em Ribeir\u00e3o Preto; V\u00eddeo","author":"ismaelcolosi.com.br","date":"29 de Junho de 2024","format":false,"excerpt":"[ad_1] Uma motociclista de 37 anos ficou ferida ap\u00f3s a moto em que dirigia ser atingida por um carro, que n\u00e3o respeitou a sinaliza\u00e7\u00e3o de parada, no cruzamento da avenida Recife com a rua Jo\u00e3o Pessoa, na zona Norte de Ribeir\u00e3o Preto. O motorista do carro n\u00e3o parou para prestar\u2026","rel":"","context":"In &quot;Not\u00edcias de Ribeir\u00e3o Preto-SP e Regi\u00e3o&quot;","block_context":{"text":"Not\u00edcias de Ribeir\u00e3o Preto-SP e Regi\u00e3o","link":"https:\/\/ismaelcolosi.com.br\/index.php\/category\/noticias-de-ribeirao-preto-sp-e-regiao-ismael-colosi\/"},"img":{"alt_text":"","src":"https:\/\/i0.wp.com\/ismaelcolosi.com.br\/wp-content\/uploads\/2024\/06\/Capturar_2024-06-29_14-48-00_jpg_2024-06-29_14-48-00.webp.webp?fit=1009%2C476&ssl=1&resize=350%2C200","width":350,"height":200,"srcset":"https:\/\/i0.wp.com\/ismaelcolosi.com.br\/wp-content\/uploads\/2024\/06\/Capturar_2024-06-29_14-48-00_jpg_2024-06-29_14-48-00.webp.webp?fit=1009%2C476&ssl=1&resize=350%2C200 1x, https:\/\/i0.wp.com\/ismaelcolosi.com.br\/wp-content\/uploads\/2024\/06\/Capturar_2024-06-29_14-48-00_jpg_2024-06-29_14-48-00.webp.webp?fit=1009%2C476&ssl=1&resize=525%2C300 1.5x, https:\/\/i0.wp.com\/ismaelcolosi.com.br\/wp-content\/uploads\/2024\/06\/Capturar_2024-06-29_14-48-00_jpg_2024-06-29_14-48-00.webp.webp?fit=1009%2C476&ssl=1&resize=700%2C400 2x"},"classes":[]},{"id":10434,"url":"https:\/\/ismaelcolosi.com.br\/index.php\/2023\/12\/04\/pm-e-preso-por-feminicidio-contra-a-propria-mulher-ele-mentiu-na-delegacia-mas-video-mostra-toda-a-verdade\/","url_meta":{"origin":12454,"position":3},"title":"PM \u00e9 preso por feminic\u00eddio contra a pr\u00f3pria mulher; ele mentiu na delegacia mas v\u00eddeo mostra toda a verdade","author":"ismaelcolosi.com.br","date":"4 de Dezembro de 2023","format":false,"excerpt":"[ad_1] A pol\u00edcia de S\u00e3o Paulo prendeu, em flagrante, um agente da pr\u00f3pria corpora\u00e7\u00e3o, acusado de feminic\u00eddio. O homem, de 36 anos, \u00e9 acusado de matar a pr\u00f3pria esposa durante uma discuss\u00e3o.O caso aconteceu em Perus, na zona oeste de S\u00e3o Paulo. O casal discutia dentro de um carro, quando\u2026","rel":"","context":"In &quot;Blog&quot;","block_context":{"text":"Blog","link":"https:\/\/ismaelcolosi.com.br\/index.php\/category\/blog\/"},"img":{"alt_text":"","src":"https:\/\/i0.wp.com\/ismaelcolosi.com.br\/wp-content\/uploads\/2023\/12\/postimg-656e0a51bbf2b1060.jpg?fit=1200%2C628&ssl=1&resize=350%2C200","width":350,"height":200,"srcset":"https:\/\/i0.wp.com\/ismaelcolosi.com.br\/wp-content\/uploads\/2023\/12\/postimg-656e0a51bbf2b1060.jpg?fit=1200%2C628&ssl=1&resize=350%2C200 1x, https:\/\/i0.wp.com\/ismaelcolosi.com.br\/wp-content\/uploads\/2023\/12\/postimg-656e0a51bbf2b1060.jpg?fit=1200%2C628&ssl=1&resize=525%2C300 1.5x, https:\/\/i0.wp.com\/ismaelcolosi.com.br\/wp-content\/uploads\/2023\/12\/postimg-656e0a51bbf2b1060.jpg?fit=1200%2C628&ssl=1&resize=700%2C400 2x, https:\/\/i0.wp.com\/ismaelcolosi.com.br\/wp-content\/uploads\/2023\/12\/postimg-656e0a51bbf2b1060.jpg?fit=1200%2C628&ssl=1&resize=1050%2C600 3x"},"classes":[]},{"id":58109,"url":"https:\/\/ismaelcolosi.com.br\/index.php\/2024\/07\/27\/apartamento-pega-fogo-em-ribeirao-preto-veja-o-video\/","url_meta":{"origin":12454,"position":4},"title":"Apartamento pega fogo em Ribeir\u00e3o Preto; Veja o v\u00eddeo","author":"ismaelcolosi.com.br","date":"27 de Julho de 2024","format":false,"excerpt":"[ad_1] Um apartamento na rua Amadeu Amaral esquina com a Prudente de Morais, na Vila Seixas, em Ribeir\u00e3o Preto, pegou fogo na tarde deste s\u00e1bado (27). Segundo informa\u00e7\u00f5es de moradores, o fogo come\u00e7ou na cozinha do apartamento e h\u00e1 informa\u00e7\u00e3o de uma pessoa ferida, contudo, sem informa\u00e7\u00f5es sobre a gravidade.\u2026","rel":"","context":"In &quot;Not\u00edcias de Ribeir\u00e3o Preto-SP e Regi\u00e3o&quot;","block_context":{"text":"Not\u00edcias de Ribeir\u00e3o Preto-SP e Regi\u00e3o","link":"https:\/\/ismaelcolosi.com.br\/index.php\/category\/noticias-de-ribeirao-preto-sp-e-regiao-ismael-colosi\/"},"img":{"alt_text":"","src":"https:\/\/i0.wp.com\/ismaelcolosi.com.br\/wp-content\/uploads\/2024\/07\/Copia-de-Copia-de-TAMANHO-EXATO-PARA-FOTOS-NO-SISTEMA-NOVO-4_2024-07-27_18-23-58_jpg_2024-07-27_18-23-58.webp.webp?fit=1200%2C675&ssl=1&resize=350%2C200","width":350,"height":200,"srcset":"https:\/\/i0.wp.com\/ismaelcolosi.com.br\/wp-content\/uploads\/2024\/07\/Copia-de-Copia-de-TAMANHO-EXATO-PARA-FOTOS-NO-SISTEMA-NOVO-4_2024-07-27_18-23-58_jpg_2024-07-27_18-23-58.webp.webp?fit=1200%2C675&ssl=1&resize=350%2C200 1x, https:\/\/i0.wp.com\/ismaelcolosi.com.br\/wp-content\/uploads\/2024\/07\/Copia-de-Copia-de-TAMANHO-EXATO-PARA-FOTOS-NO-SISTEMA-NOVO-4_2024-07-27_18-23-58_jpg_2024-07-27_18-23-58.webp.webp?fit=1200%2C675&ssl=1&resize=525%2C300 1.5x, https:\/\/i0.wp.com\/ismaelcolosi.com.br\/wp-content\/uploads\/2024\/07\/Copia-de-Copia-de-TAMANHO-EXATO-PARA-FOTOS-NO-SISTEMA-NOVO-4_2024-07-27_18-23-58_jpg_2024-07-27_18-23-58.webp.webp?fit=1200%2C675&ssl=1&resize=700%2C400 2x, https:\/\/i0.wp.com\/ismaelcolosi.com.br\/wp-content\/uploads\/2024\/07\/Copia-de-Copia-de-TAMANHO-EXATO-PARA-FOTOS-NO-SISTEMA-NOVO-4_2024-07-27_18-23-58_jpg_2024-07-27_18-23-58.webp.webp?fit=1200%2C675&ssl=1&resize=1050%2C600 3x"},"classes":[]},{"id":29885,"url":"https:\/\/ismaelcolosi.com.br\/index.php\/2024\/01\/19\/crianca-de-4-anos-perde-a-vida-dentro-de-apartamento-consumido-pelo-fogo-e-bombeiro-expoe-situacao-perturbadora\/","url_meta":{"origin":12454,"position":5},"title":"Crian\u00e7a de 4 anos perde a vida dentro de apartamento consumido pelo fogo; e bombeiro exp\u00f5e situa\u00e7\u00e3o perturbadora","author":"ismaelcolosi.com.br","date":"19 de Janeiro de 2024","format":false,"excerpt":"[ad_1] Uma fam\u00edlia vitimada por uma trag\u00e9dia chora a dor do luto por causa da perda de um ente querido que morreu de forma cruel.Em decorr\u00eancia do incidente, uma crian\u00e7a, de quatro anos, morreu e seu pai ficou ferido em um inc\u00eandio que consumiu um apartamento localizado na cidade de\u2026","rel":"","context":"In &quot;Blog&quot;","block_context":{"text":"Blog","link":"https:\/\/ismaelcolosi.com.br\/index.php\/category\/blog\/"},"img":{"alt_text":"","src":"https:\/\/i0.wp.com\/ismaelcolosi.com.br\/wp-content\/uploads\/2024\/01\/postimg-65aab2aa95aa55358.jpg?fit=1200%2C628&ssl=1&resize=350%2C200","width":350,"height":200,"srcset":"https:\/\/i0.wp.com\/ismaelcolosi.com.br\/wp-content\/uploads\/2024\/01\/postimg-65aab2aa95aa55358.jpg?fit=1200%2C628&ssl=1&resize=350%2C200 1x, https:\/\/i0.wp.com\/ismaelcolosi.com.br\/wp-content\/uploads\/2024\/01\/postimg-65aab2aa95aa55358.jpg?fit=1200%2C628&ssl=1&resize=525%2C300 1.5x, https:\/\/i0.wp.com\/ismaelcolosi.com.br\/wp-content\/uploads\/2024\/01\/postimg-65aab2aa95aa55358.jpg?fit=1200%2C628&ssl=1&resize=700%2C400 2x, https:\/\/i0.wp.com\/ismaelcolosi.com.br\/wp-content\/uploads\/2024\/01\/postimg-65aab2aa95aa55358.jpg?fit=1200%2C628&ssl=1&resize=1050%2C600 3x"},"classes":[]}],"jetpack_sharing_enabled":true,"jetpack_shortlink":"https:\/\/wp.me\/pfMlyK-3eS","jetpack_featured_media_url":"https:\/\/i0.wp.com\/ismaelcolosi.com.br\/wp-content\/uploads\/2023\/12\/postimg-657298117a3751587.jpg?fit=1200%2C628&ssl=1","_links":{"self":[{"href":"https:\/\/ismaelcolosi.com.br\/index.php\/wp-json\/wp\/v2\/posts\/12454","targetHints":{"allow":["GET"]}}],"collection":[{"href":"https:\/\/ismaelcolosi.com.br\/index.php\/wp-json\/wp\/v2\/posts"}],"about":[{"href":"https:\/\/ismaelcolosi.com.br\/index.php\/wp-json\/wp\/v2\/types\/post"}],"author":[{"embeddable":true,"href":"https:\/\/ismaelcolosi.com.br\/index.php\/wp-json\/wp\/v2\/users\/1"}],"replies":[{"embeddable":true,"href":"https:\/\/ismaelcolosi.com.br\/index.php\/wp-json\/wp\/v2\/comments?post=12454"}],"version-history":[{"count":0,"href":"https:\/\/ismaelcolosi.com.br\/index.php\/wp-json\/wp\/v2\/posts\/12454\/revisions"}],"wp:featuredmedia":[{"embeddable":true,"href":"https:\/\/ismaelcolosi.com.br\/index.php\/wp-json\/wp\/v2\/media\/12455"}],"wp:attachment":[{"href":"https:\/\/ismaelcolosi.com.br\/index.php\/wp-json\/wp\/v2\/media?parent=12454"}],"wp:term":[{"taxonomy":"category","embeddable":true,"href":"https:\/\/ismaelcolosi.com.br\/index.php\/wp-json\/wp\/v2\/categories?post=12454"},{"taxonomy":"post_tag","embeddable":true,"href":"https:\/\/ismaelcolosi.com.br\/index.php\/wp-json\/wp\/v2\/tags?post=12454"}],"curies":[{"name":"wp","href":"https:\/\/api.w.org\/{rel}","templated":true}]}}