{"id":12257,"date":"2023-12-07T18:24:59","date_gmt":"2023-12-07T21:24:59","guid":{"rendered":"https:\/\/ismaelcolosi.com.br\/index.php\/2023\/12\/07\/whatsapp-vai-permitir-publicacoes-em-alta-resolucao-nos-status\/"},"modified":"2023-12-07T18:24:59","modified_gmt":"2023-12-07T21:24:59","slug":"whatsapp-vai-permitir-publicacoes-em-alta-resolucao-nos-status","status":"publish","type":"post","link":"https:\/\/ismaelcolosi.com.br\/index.php\/2023\/12\/07\/whatsapp-vai-permitir-publicacoes-em-alta-resolucao-nos-status\/","title":{"rendered":"WhatsApp vai permitir publica\u00e7\u00f5es em alta resolu\u00e7\u00e3o nos Status"},"content":{"rendered":"<p> [ad_1]<br \/>\n<\/p>\n<div>\n<div id=\"attachment_2315025\" class=\"wp-caption alignnone\">\n<div class=\"d-flex justify-content-center\" data-attachment-id=\"2315025\">\n<div class=\"position-relative d-inline-block\"><img data-recalc-dims=\"1\" data-portal-copyright=\"Depositphotos\/rafapress\" fetchpriority=\"high\" decoding=\"async\" class=\"size-full wp-image-2315025\" src=\"https:\/\/i0.wp.com\/catracalivre.com.br\/wp-content\/uploads\/2023\/11\/depositphotos-391072452-xl-scaled.jpg?resize=1200%2C800&#038;ssl=1\" alt=\"WhatsApp ter\u00e1 atualiza\u00e7\u00f5es de Status em alta resolu\u00e7\u00e3o\" width=\"1200\" height=\"800\" srcset=\"https:\/\/catracalivre.com.br\/wp-content\/uploads\/2023\/11\/depositphotos-391072452-xl-scaled.jpg 2560w, https:\/\/catracalivre.com.br\/wp-content\/uploads\/2023\/11\/depositphotos-391072452-xl-450x300.jpg 450w, https:\/\/catracalivre.com.br\/wp-content\/uploads\/2023\/11\/depositphotos-391072452-xl-768x512.jpg 768w\" sizes=\"(max-width: 2560px) 100vw, 2560px\"\/><\/p>\n<p>Cr\u00e9ditos: Depositphotos\/rafapress<\/p>\n<\/div>\n<\/div>\n<p><span class=\"post-imagem__legenda\">WhatsApp ter\u00e1 atualiza\u00e7\u00f5es de Status em alta resolu\u00e7\u00e3o<\/span><\/p>\n<\/div>\n<p>O WhatsApp est\u00e1 <a href=\"https:\/\/catracalivre.com.br\/entretenimento\/whatsapp-agora-permite-envio-de-fotos-sem-perder-a-qualidade-aprenda-a-usar\/\" target=\"_blank\" rel=\"noopener\">desenvolvendo um recurso<\/a> que permitir\u00e1 o carregamento de fotos e v\u00eddeos em alta resolu\u00e7\u00e3o (HD) para atualiza\u00e7\u00f5es de Status. O recurso est\u00e1 atualmente em est\u00e1gio inicial e ainda n\u00e3o est\u00e1 dispon\u00edvel para o p\u00fablico, segundo informa\u00e7\u00f5es do <a href=\"https:\/\/wabetainfo.com\/whatsapp-beta-for-android-2-23-26-3-whats-new\/\" target=\"_blank\" rel=\"noopener\">WABetaInfo<\/a>.<\/p>\n<p>A funcionalidade \u00e9 uma resposta \u00e0 crescente demanda dos usu\u00e1rios do aplicativo que desejam compartilhar fotos e v\u00eddeos de alta qualidade nas <a href=\"https:\/\/catracalivre.com.br\/entretenimento\/truque-facil-para-visualizar-status-do-whatsapp-sem-que-o-dono-saiba\/\" target=\"_blank\" rel=\"noopener\">atualiza\u00e7\u00f5es de Status<\/a>.<\/p>\n<h2>O que \u00e9 a nova op\u00e7\u00e3o de carregamento HD?<\/h2>\n<p>Normalmente, ao enviar arquivos de m\u00eddia pelo WhatsApp, eles acabam compactados e a qualidade da imagem fica reduzida. No entanto, com este novo recurso, os usu\u00e1rios poder\u00e3o ter a op\u00e7\u00e3o de usar a resolu\u00e7\u00e3o original, permitindo que eles compartilhem imagens e v\u00eddeos com uma qualidade superior nas atualiza\u00e7\u00f5es de Status.<\/p>\n<p>A nova op\u00e7\u00e3o de carregamento de m\u00eddias em alta resolu\u00e7\u00e3o funciona por meio de um bot\u00e3o, que acaba acionado quando os usu\u00e1rios desejam carregar arquivos em suas atualiza\u00e7\u00f5es de Status.<\/p>\n<p>Ao selecionar esta op\u00e7\u00e3o, os usu\u00e1rios poder\u00e3o carregar arquivos sem a compress\u00e3o usual do aplicativo, resultando em imagens mais n\u00edtidas e v\u00eddeos de maior defini\u00e7\u00e3o.<\/p>\n<div id=\"attachment_2325350\" class=\"wp-caption alignnone\">\n<div class=\"d-flex justify-content-center\" data-attachment-id=\"2325350\">\n<div class=\"position-relative d-inline-block\"><img data-recalc-dims=\"1\" loading=\"lazy\" data-portal-copyright=\"Reprodu\u00e7\u00e3o\/WABetaInfo\" decoding=\"async\" class=\"size-full wp-image-2325350\" src=\"https:\/\/i0.wp.com\/catracalivre.com.br\/wp-content\/uploads\/2023\/12\/fotos-catraca-2023-12-07t173309402-e1701981412193.png?resize=730%2C660&#038;ssl=1\" alt=\"Veja o novo recurso do WhatsApp para compartilhar fotos e v\u00eddeos em alta resolu\u00e7\u00e3o nos Status\" width=\"730\" height=\"660\" srcset=\"https:\/\/catracalivre.com.br\/wp-content\/uploads\/2023\/12\/fotos-catraca-2023-12-07t173309402-e1701981412193.png 730w, https:\/\/catracalivre.com.br\/wp-content\/uploads\/2023\/12\/fotos-catraca-2023-12-07t173309402-e1701981412193-450x407.png 450w\" sizes=\"auto, (max-width: 730px) 100vw, 730px\"\/><\/p>\n<p>Cr\u00e9ditos: Reprodu\u00e7\u00e3o\/WABetaInfo<\/p>\n<\/div>\n<\/div>\n<p><span class=\"post-imagem__legenda\">Veja o novo recurso do WhatsApp para compartilhar fotos e v\u00eddeos em alta resolu\u00e7\u00e3o nos Status<\/span><\/p>\n<\/div>\n<h2>Como isso se relaciona com o Instagram?<\/h2>\n<p>O recurso de alta resolu\u00e7\u00e3o tamb\u00e9m se relaciona com um <a href=\"https:\/\/catracalivre.com.br\/entretenimento\/whatsapp-prepara-novidade-envolvendo-status-com-stories-do-instagram\/\" target=\"_blank\" rel=\"noopener\">recurso de integra\u00e7\u00e3o<\/a> que o WhatsApp est\u00e1 desenvolvendo para o Instagram.<\/p>\n<p>A integra\u00e7\u00e3o permitir\u00e1 que as atualiza\u00e7\u00f5es de Status postadas no WhatsApp sejam automaticamente compartilhadas como Stories no Instagram, dependendo das configura\u00e7\u00f5es do usu\u00e1rio. Isso significa que as imagens e v\u00eddeos de alta qualidade postados nos status do WhatsApp tamb\u00e9m acabar\u00e3o sendo compartilhados com os seguidores do Instagram.<\/p>\n<p>Apesar desses avan\u00e7os, ainda n\u00e3o h\u00e1 uma data prevista para o lan\u00e7amento desses novos recursos.<\/p>\n<\/div>\n<p><script>\n\t\t! function(f, b, e, v, n, t, s) {\n\t\t\tif (f.fbq) return;\n\t\t\tn = f.fbq = function() {\n\t\t\t\tn.callMethod ?\n\t\t\t\t\tn.callMethod.apply(n, arguments) : n.queue.push(arguments)\n\t\t\t};\n\t\t\tif (!f._fbq) f._fbq = n;\n\t\t\tn.push = n;\n\t\t\tn.loaded = !0;\n\t\t\tn.version = '2.0';\n\t\t\tn.queue = [];\n\t\t\tt = b.createElement(e);\n\t\t\tt.async = !0;\n\t\t\tt.src = v;\n\t\t\ts = b.getElementsByTagName(e)[0];\n\t\t\ts.parentNode.insertBefore(t, s)\n\t\t}(window, document, 'script',\n\t\t\t'https:\/\/connect.facebook.net\/en_US\/fbevents.js');\n\t\tfbq('init', '338315473262380');\n\t\tfbq('track', 'PageView');\n\t<\/script><br \/>\n<br \/>[ad_2]<br \/>\n<br \/><a href=\"https:\/\/catracalivre.com.br\/entretenimento\/whatsapp-vai-permitir-publicacoes-em-alta-resolucao-nos-status\/\" target=\"_blank\" rel=\"noopener\">Source link <\/a><\/p>\n<div class='code-block code-block-4' style='margin: 8px auto 8px 0; text-align: left; display: block; clear: both;'>\n\ud83d\udce2 Aviso Legal\n\nO site ismaelcolosi.com.br atua apenas como um canal de divulga\u00e7\u00e3o de oportunidades de emprego e n\u00e3o se responsabiliza pelo processo seletivo, contrata\u00e7\u00e3o ou qualquer outra etapa relacionada \u00e0s vagas publicadas. Todas as informa\u00e7\u00f5es s\u00e3o de responsabilidade dos anunciantes.\n\n\u26a0\ufe0f Aten\u00e7\u00e3o! Nunca pague por promessas de emprego nem compre cursos que garantam contrata\u00e7\u00e3o. Desconfie de qualquer cobran\u00e7a para participar de sele\u00e7\u00f5es.\n\n\n\n<\/div>\n<!-- CONTENT END 1 -->\n","protected":false},"excerpt":{"rendered":"<p>[ad_1] Cr\u00e9ditos: Depositphotos\/rafapress WhatsApp ter\u00e1 atualiza\u00e7\u00f5es de Status em alta resolu\u00e7\u00e3o O WhatsApp est\u00e1 desenvolvendo um recurso que permitir\u00e1 o carregamento de fotos e v\u00eddeos em alta resolu\u00e7\u00e3o (HD) para atualiza\u00e7\u00f5es de Status. O recurso est\u00e1 atualmente em est\u00e1gio inicial e ainda n\u00e3o est\u00e1 dispon\u00edvel para o p\u00fablico, segundo informa\u00e7\u00f5es do WABetaInfo. A funcionalidade \u00e9&hellip;&nbsp;<\/p>\n","protected":false},"author":1,"featured_media":12258,"comment_status":"open","ping_status":"open","sticky":false,"template":"","format":"standard","meta":{"_uag_custom_page_level_css":"","neve_meta_sidebar":"","neve_meta_container":"","neve_meta_enable_content_width":"","neve_meta_content_width":0,"neve_meta_title_alignment":"","neve_meta_author_avatar":"","neve_post_elements_order":"","neve_meta_disable_header":"","neve_meta_disable_footer":"","neve_meta_disable_title":"","_jetpack_newsletter_access":"","_jetpack_dont_email_post_to_subs":false,"_jetpack_newsletter_tier_id":0,"_jetpack_memberships_contains_paywalled_content":false,"_jetpack_memberships_contains_paid_content":false,"footnotes":""},"categories":[19],"tags":[],"class_list":["post-12257","post","type-post","status-publish","format-standard","has-post-thumbnail","hentry","category-variedades"],"uagb_featured_image_src":{"full":["https:\/\/i0.wp.com\/ismaelcolosi.com.br\/wp-content\/uploads\/2023\/12\/depositphotos-391072452-xl-scaled.jpg?fit=1200%2C638&ssl=1",1200,638,false],"thumbnail":["https:\/\/i0.wp.com\/ismaelcolosi.com.br\/wp-content\/uploads\/2023\/12\/depositphotos-391072452-xl-scaled.jpg?resize=150%2C150&ssl=1",150,150,true],"medium":["https:\/\/i0.wp.com\/ismaelcolosi.com.br\/wp-content\/uploads\/2023\/12\/depositphotos-391072452-xl-scaled.jpg?fit=300%2C160&ssl=1",300,160,true],"medium_large":["https:\/\/i0.wp.com\/ismaelcolosi.com.br\/wp-content\/uploads\/2023\/12\/depositphotos-391072452-xl-scaled.jpg?fit=768%2C408&ssl=1",768,408,true],"large":["https:\/\/i0.wp.com\/ismaelcolosi.com.br\/wp-content\/uploads\/2023\/12\/depositphotos-391072452-xl-scaled.jpg?fit=1024%2C544&ssl=1",1024,544,true],"1536x1536":["https:\/\/i0.wp.com\/ismaelcolosi.com.br\/wp-content\/uploads\/2023\/12\/depositphotos-391072452-xl-scaled.jpg?fit=1200%2C638&ssl=1",1200,638,true],"2048x2048":["https:\/\/i0.wp.com\/ismaelcolosi.com.br\/wp-content\/uploads\/2023\/12\/depositphotos-391072452-xl-scaled.jpg?fit=1200%2C638&ssl=1",1200,638,true],"neve-blog":["https:\/\/i0.wp.com\/ismaelcolosi.com.br\/wp-content\/uploads\/2023\/12\/depositphotos-391072452-xl-scaled.jpg?resize=930%2C620&ssl=1",930,620,true]},"uagb_author_info":{"display_name":"ismaelcolosi.com.br","author_link":"https:\/\/ismaelcolosi.com.br\/author\/vidareal-online\/"},"uagb_comment_info":0,"uagb_excerpt":"[ad_1] Cr\u00e9ditos: Depositphotos\/rafapress WhatsApp ter\u00e1 atualiza\u00e7\u00f5es de Status em alta resolu\u00e7\u00e3o O WhatsApp est\u00e1 desenvolvendo um recurso que permitir\u00e1 o carregamento de fotos e v\u00eddeos em alta resolu\u00e7\u00e3o (HD) para atualiza\u00e7\u00f5es de Status. O recurso est\u00e1 atualmente em est\u00e1gio inicial e ainda n\u00e3o est\u00e1 dispon\u00edvel para o p\u00fablico, segundo informa\u00e7\u00f5es do WABetaInfo. A funcionalidade \u00e9&hellip;&nbsp;","jetpack-related-posts":[{"id":7972,"url":"https:\/\/ismaelcolosi.com.br\/index.php\/2023\/11\/29\/whatsapp-tera-novo-botao-para-facilitar-visualizacao-dos-status\/","url_meta":{"origin":12257,"position":0},"title":"WhatsApp ter\u00e1 novo bot\u00e3o para facilitar visualiza\u00e7\u00e3o dos Status","author":"ismaelcolosi.com.br","date":"29 de Novembro de 2023","format":false,"excerpt":"[ad_1] Cr\u00e9ditos: Depositphotos\/rafapressWhatsApp ter\u00e1 novos filtros nos Status Optando por atender ao feedback do p\u00fablico, o WhatsApp incluiu a possibilidade de filtrar as atualiza\u00e7\u00f5es de status na vers\u00e3o do aplicativo para Android. As melhorias, dispon\u00edveis a partir da compila\u00e7\u00e3o 2.23.25.3, prometem beneficiar principalmente quem acompanha canais via WhatsApp, uma vez\u2026","rel":"","context":"In &quot;Variedades&quot;","block_context":{"text":"Variedades","link":"https:\/\/ismaelcolosi.com.br\/index.php\/category\/variedades\/"},"img":{"alt_text":"","src":"https:\/\/i0.wp.com\/ismaelcolosi.com.br\/wp-content\/uploads\/2023\/11\/depositphotos-391072452-xl-scaled.jpg?fit=1200%2C638&ssl=1&resize=350%2C200","width":350,"height":200,"srcset":"https:\/\/i0.wp.com\/ismaelcolosi.com.br\/wp-content\/uploads\/2023\/11\/depositphotos-391072452-xl-scaled.jpg?fit=1200%2C638&ssl=1&resize=350%2C200 1x, https:\/\/i0.wp.com\/ismaelcolosi.com.br\/wp-content\/uploads\/2023\/11\/depositphotos-391072452-xl-scaled.jpg?fit=1200%2C638&ssl=1&resize=525%2C300 1.5x, https:\/\/i0.wp.com\/ismaelcolosi.com.br\/wp-content\/uploads\/2023\/11\/depositphotos-391072452-xl-scaled.jpg?fit=1200%2C638&ssl=1&resize=700%2C400 2x, https:\/\/i0.wp.com\/ismaelcolosi.com.br\/wp-content\/uploads\/2023\/11\/depositphotos-391072452-xl-scaled.jpg?fit=1200%2C638&ssl=1&resize=1050%2C600 3x"},"classes":[]},{"id":8948,"url":"https:\/\/ismaelcolosi.com.br\/index.php\/2023\/12\/01\/whatsapp-tera-status-de-texto-temporario-veja-como-vai-funcionar\/","url_meta":{"origin":12257,"position":1},"title":"WhatsApp ter\u00e1 Status de texto tempor\u00e1rio; veja como vai funcionar","author":"ismaelcolosi.com.br","date":"1 de Dezembro de 2023","format":false,"excerpt":"[ad_1] O WhatsApp est\u00e1 testando o Status de texto, funcionalidade que permite que os usu\u00e1rios publiquem pequenos textos tempor\u00e1rios no perfil do mensageiro.Anunciada pelo site especializado WABetaInfo, a atualiza\u00e7\u00e3o j\u00e1 est\u00e1 em teste na vers\u00e3o 23.24.10.73 para iOS. O recurso ainda est\u00e1 em est\u00e1gio de desenvolvimento e deve ser lan\u00e7ado\u2026","rel":"","context":"In &quot;Variedades&quot;","block_context":{"text":"Variedades","link":"https:\/\/ismaelcolosi.com.br\/index.php\/category\/variedades\/"},"img":{"alt_text":"","src":"https:\/\/i0.wp.com\/ismaelcolosi.com.br\/wp-content\/uploads\/2023\/12\/fotos-catraca-2023-10-20t231029849.png?fit=1200%2C638&ssl=1&resize=350%2C200","width":350,"height":200,"srcset":"https:\/\/i0.wp.com\/ismaelcolosi.com.br\/wp-content\/uploads\/2023\/12\/fotos-catraca-2023-10-20t231029849.png?fit=1200%2C638&ssl=1&resize=350%2C200 1x, https:\/\/i0.wp.com\/ismaelcolosi.com.br\/wp-content\/uploads\/2023\/12\/fotos-catraca-2023-10-20t231029849.png?fit=1200%2C638&ssl=1&resize=525%2C300 1.5x, https:\/\/i0.wp.com\/ismaelcolosi.com.br\/wp-content\/uploads\/2023\/12\/fotos-catraca-2023-10-20t231029849.png?fit=1200%2C638&ssl=1&resize=700%2C400 2x, https:\/\/i0.wp.com\/ismaelcolosi.com.br\/wp-content\/uploads\/2023\/12\/fotos-catraca-2023-10-20t231029849.png?fit=1200%2C638&ssl=1&resize=1050%2C600 3x"},"classes":[]},{"id":10590,"url":"https:\/\/ismaelcolosi.com.br\/index.php\/2023\/12\/04\/whatsapp-prepara-novidade-envolvendo-status-com-stories-do-instagram\/","url_meta":{"origin":12257,"position":2},"title":"WhatsApp prepara novidade envolvendo Status com Stories do Instagram","author":"ismaelcolosi.com.br","date":"4 de Dezembro de 2023","format":false,"excerpt":"[ad_1] Cr\u00e9ditos: Depositphotos\/PrimakovWhatsApp poder\u00e1 ter op\u00e7\u00e3o para postar Stories no Instagram Considerando o dinamismo que as m\u00eddias sociais podem trazer para a vida cotidiana dos usu\u00e1rios, uma atualiza\u00e7\u00e3o do WhatsApp poder\u00e1 simplificar o processo de compartilhamento de conte\u00fado nas redes sociais. Segundo informa\u00e7\u00f5es recentes, em breve ser\u00e1 poss\u00edvel automaticamente compartilhar\u2026","rel":"","context":"In &quot;Variedades&quot;","block_context":{"text":"Variedades","link":"https:\/\/ismaelcolosi.com.br\/index.php\/category\/variedades\/"},"img":{"alt_text":"","src":"https:\/\/i0.wp.com\/ismaelcolosi.com.br\/wp-content\/uploads\/2023\/12\/depositphotos-601299366-xl-scaled.jpg?fit=1200%2C638&ssl=1&resize=350%2C200","width":350,"height":200,"srcset":"https:\/\/i0.wp.com\/ismaelcolosi.com.br\/wp-content\/uploads\/2023\/12\/depositphotos-601299366-xl-scaled.jpg?fit=1200%2C638&ssl=1&resize=350%2C200 1x, https:\/\/i0.wp.com\/ismaelcolosi.com.br\/wp-content\/uploads\/2023\/12\/depositphotos-601299366-xl-scaled.jpg?fit=1200%2C638&ssl=1&resize=525%2C300 1.5x, https:\/\/i0.wp.com\/ismaelcolosi.com.br\/wp-content\/uploads\/2023\/12\/depositphotos-601299366-xl-scaled.jpg?fit=1200%2C638&ssl=1&resize=700%2C400 2x, https:\/\/i0.wp.com\/ismaelcolosi.com.br\/wp-content\/uploads\/2023\/12\/depositphotos-601299366-xl-scaled.jpg?fit=1200%2C638&ssl=1&resize=1050%2C600 3x"},"classes":[]},{"id":18343,"url":"https:\/\/ismaelcolosi.com.br\/index.php\/2023\/12\/20\/whatsapp-tem-novidade-em-integracao-entre-status-e-instagram\/","url_meta":{"origin":12257,"position":3},"title":"WhatsApp tem novidade em integra\u00e7\u00e3o entre Status e Instagram","author":"ismaelcolosi.com.br","date":"20 de Dezembro de 2023","format":false,"excerpt":"[ad_1] Cr\u00e9ditos: Depositphotos\/PrimakovWhatsApp ter\u00e1 op\u00e7\u00e3o para postar Stories no Instagram O WhatsApp lan\u00e7ou uma vers\u00e3o beta na ter\u00e7a-feira, 19, que inclui um novo recurso muito aguardado: a op\u00e7\u00e3o de compartilhar Status no Instagram. Uma integra\u00e7\u00e3o que j\u00e1 vinha sendo especulada h\u00e1 algum tempo, mas que agora finalmente se tornou uma\u2026","rel":"","context":"In &quot;Variedades&quot;","block_context":{"text":"Variedades","link":"https:\/\/ismaelcolosi.com.br\/index.php\/category\/variedades\/"},"img":{"alt_text":"","src":"https:\/\/i0.wp.com\/ismaelcolosi.com.br\/wp-content\/uploads\/2023\/12\/1703074609_depositphotos-601299366-xl-scaled.jpg?fit=1200%2C638&ssl=1&resize=350%2C200","width":350,"height":200,"srcset":"https:\/\/i0.wp.com\/ismaelcolosi.com.br\/wp-content\/uploads\/2023\/12\/1703074609_depositphotos-601299366-xl-scaled.jpg?fit=1200%2C638&ssl=1&resize=350%2C200 1x, https:\/\/i0.wp.com\/ismaelcolosi.com.br\/wp-content\/uploads\/2023\/12\/1703074609_depositphotos-601299366-xl-scaled.jpg?fit=1200%2C638&ssl=1&resize=525%2C300 1.5x, https:\/\/i0.wp.com\/ismaelcolosi.com.br\/wp-content\/uploads\/2023\/12\/1703074609_depositphotos-601299366-xl-scaled.jpg?fit=1200%2C638&ssl=1&resize=700%2C400 2x, https:\/\/i0.wp.com\/ismaelcolosi.com.br\/wp-content\/uploads\/2023\/12\/1703074609_depositphotos-601299366-xl-scaled.jpg?fit=1200%2C638&ssl=1&resize=1050%2C600 3x"},"classes":[]},{"id":69229,"url":"https:\/\/ismaelcolosi.com.br\/index.php\/2024\/10\/04\/eleicoes-2024-veja-o-que-eleitor-pode-e-nao-pode-fazer-na-hora-de-votar\/","url_meta":{"origin":12257,"position":4},"title":"Elei\u00e7\u00f5es 2024: Veja o que eleitor pode e n\u00e3o pode fazer na hora de votar","author":"ismaelcolosi.com.br","date":"4 de Outubro de 2024","format":false,"excerpt":"[ad_1] Eleitoras e eleitores devem ficar atentos \u00e0s regras em rela\u00e7\u00e3o ao que pode e n\u00e3o pode fazer no dia da elei\u00e7\u00e3o. O primeiro turno das elei\u00e7\u00f5es 2024 acontece no pr\u00f3ximo domingo (6) e, durante o dia \u00e9 permitida aos eleitores a manifesta\u00e7\u00e3o individual e silenciosa por partido, candidata ou\u2026","rel":"","context":"In &quot;Not\u00edcias de Ribeir\u00e3o Preto-SP e Regi\u00e3o&quot;","block_context":{"text":"Not\u00edcias de Ribeir\u00e3o Preto-SP e Regi\u00e3o","link":"https:\/\/ismaelcolosi.com.br\/index.php\/category\/noticias-de-ribeirao-preto-sp-e-regiao-ismael-colosi\/"},"img":{"alt_text":"","src":"https:\/\/i0.wp.com\/ismaelcolosi.com.br\/wp-content\/uploads\/2024\/10\/votacao_2024-10-04_13-06-05_jpg_2024-10-04_13-06-05.webp.webp?fit=1170%2C700&ssl=1&resize=350%2C200","width":350,"height":200,"srcset":"https:\/\/i0.wp.com\/ismaelcolosi.com.br\/wp-content\/uploads\/2024\/10\/votacao_2024-10-04_13-06-05_jpg_2024-10-04_13-06-05.webp.webp?fit=1170%2C700&ssl=1&resize=350%2C200 1x, https:\/\/i0.wp.com\/ismaelcolosi.com.br\/wp-content\/uploads\/2024\/10\/votacao_2024-10-04_13-06-05_jpg_2024-10-04_13-06-05.webp.webp?fit=1170%2C700&ssl=1&resize=525%2C300 1.5x, https:\/\/i0.wp.com\/ismaelcolosi.com.br\/wp-content\/uploads\/2024\/10\/votacao_2024-10-04_13-06-05_jpg_2024-10-04_13-06-05.webp.webp?fit=1170%2C700&ssl=1&resize=700%2C400 2x, https:\/\/i0.wp.com\/ismaelcolosi.com.br\/wp-content\/uploads\/2024\/10\/votacao_2024-10-04_13-06-05_jpg_2024-10-04_13-06-05.webp.webp?fit=1170%2C700&ssl=1&resize=1050%2C600 3x"},"classes":[]},{"id":14398,"url":"https:\/\/ismaelcolosi.com.br\/index.php\/2023\/12\/12\/8-maneiras-de-pensar-como-um-lider-no-trabalho\/","url_meta":{"origin":12257,"position":5},"title":"8 maneiras de pensar como um l\u00edder no trabalho","author":"ismaelcolosi.com.br","date":"12 de Dezembro de 2023","format":false,"excerpt":"[ad_1] Tornar-se um l\u00edder exige uma transforma\u00e7\u00e3o de mentalidade antes mesmo de ganhar mais responsabilidades ou mudar de cargo Como fica evidente no relat\u00f3rio do LinkedIn com as habilidades mais procuradas pelos empregadores, lideran\u00e7a e gest\u00e3o est\u00e3o entre as cinco principais compet\u00eancias fundamentais dos candidatos a emprego. Mesmo que mesmo\u2026","rel":"","context":"In &quot;Carreira e Sucesso&quot;","block_context":{"text":"Carreira e Sucesso","link":"https:\/\/ismaelcolosi.com.br\/index.php\/category\/carreira-e-sucesso-dicas-para-carreira\/"},"img":{"alt_text":"","src":"https:\/\/i0.wp.com\/ismaelcolosi.com.br\/wp-content\/uploads\/2023\/12\/carreira-lideranca-mentalidade-1024x683.jpg?fit=1024%2C683&ssl=1&resize=350%2C200","width":350,"height":200,"srcset":"https:\/\/i0.wp.com\/ismaelcolosi.com.br\/wp-content\/uploads\/2023\/12\/carreira-lideranca-mentalidade-1024x683.jpg?fit=1024%2C683&ssl=1&resize=350%2C200 1x, https:\/\/i0.wp.com\/ismaelcolosi.com.br\/wp-content\/uploads\/2023\/12\/carreira-lideranca-mentalidade-1024x683.jpg?fit=1024%2C683&ssl=1&resize=525%2C300 1.5x, https:\/\/i0.wp.com\/ismaelcolosi.com.br\/wp-content\/uploads\/2023\/12\/carreira-lideranca-mentalidade-1024x683.jpg?fit=1024%2C683&ssl=1&resize=700%2C400 2x"},"classes":[]}],"jetpack_sharing_enabled":true,"jetpack_shortlink":"https:\/\/wp.me\/pfMlyK-3bH","jetpack_featured_media_url":"https:\/\/i0.wp.com\/ismaelcolosi.com.br\/wp-content\/uploads\/2023\/12\/depositphotos-391072452-xl-scaled.jpg?fit=1200%2C638&ssl=1","_links":{"self":[{"href":"https:\/\/ismaelcolosi.com.br\/index.php\/wp-json\/wp\/v2\/posts\/12257","targetHints":{"allow":["GET"]}}],"collection":[{"href":"https:\/\/ismaelcolosi.com.br\/index.php\/wp-json\/wp\/v2\/posts"}],"about":[{"href":"https:\/\/ismaelcolosi.com.br\/index.php\/wp-json\/wp\/v2\/types\/post"}],"author":[{"embeddable":true,"href":"https:\/\/ismaelcolosi.com.br\/index.php\/wp-json\/wp\/v2\/users\/1"}],"replies":[{"embeddable":true,"href":"https:\/\/ismaelcolosi.com.br\/index.php\/wp-json\/wp\/v2\/comments?post=12257"}],"version-history":[{"count":0,"href":"https:\/\/ismaelcolosi.com.br\/index.php\/wp-json\/wp\/v2\/posts\/12257\/revisions"}],"wp:featuredmedia":[{"embeddable":true,"href":"https:\/\/ismaelcolosi.com.br\/index.php\/wp-json\/wp\/v2\/media\/12258"}],"wp:attachment":[{"href":"https:\/\/ismaelcolosi.com.br\/index.php\/wp-json\/wp\/v2\/media?parent=12257"}],"wp:term":[{"taxonomy":"category","embeddable":true,"href":"https:\/\/ismaelcolosi.com.br\/index.php\/wp-json\/wp\/v2\/categories?post=12257"},{"taxonomy":"post_tag","embeddable":true,"href":"https:\/\/ismaelcolosi.com.br\/index.php\/wp-json\/wp\/v2\/tags?post=12257"}],"curies":[{"name":"wp","href":"https:\/\/api.w.org\/{rel}","templated":true}]}}