{"id":12228,"date":"2023-12-07T17:26:19","date_gmt":"2023-12-07T20:26:19","guid":{"rendered":"https:\/\/ismaelcolosi.com.br\/index.php\/2023\/12\/07\/expresso-turistico-da-cptm-custa-a-partir-de-r-25-como-comprar\/"},"modified":"2023-12-07T17:26:19","modified_gmt":"2023-12-07T20:26:19","slug":"expresso-turistico-da-cptm-custa-a-partir-de-r-25-como-comprar","status":"publish","type":"post","link":"https:\/\/ismaelcolosi.com.br\/index.php\/2023\/12\/07\/expresso-turistico-da-cptm-custa-a-partir-de-r-25-como-comprar\/","title":{"rendered":"Expresso tur\u00edstico da CPTM custa a partir de R$ 25; como comprar?"},"content":{"rendered":"<p> <br \/>\n<\/p>\n<div>\n<div id=\"attachment_1925181\" class=\"wp-caption alignnone\">\n<div class=\"d-flex justify-content-center\" data-attachment-id=\"1925181\">\n<div class=\"position-relative d-inline-block\"><img data-recalc-dims=\"1\" data-portal-copyright=\"Divulga\u00e7\u00e3o\/CPTM\" fetchpriority=\"high\" decoding=\"async\" class=\"size-full wp-image-1925181\" src=\"https:\/\/i0.wp.com\/catracalivre.com.br\/wp-content\/uploads\/2019\/06\/expresso-turistico-cptm-passeios-de-trem-bate-volta-sp.jpg?resize=800%2C456&#038;ssl=1\" alt=\"O trem Expresso Tur\u00edstico \u00e9 formado por uma locomotiva a diesel, da CPTM\" width=\"800\" height=\"456\" srcset=\"https:\/\/catracalivre.com.br\/wp-content\/uploads\/2019\/06\/expresso-turistico-cptm-passeios-de-trem-bate-volta-sp.jpg 800w, https:\/\/catracalivre.com.br\/wp-content\/uploads\/2019\/06\/expresso-turistico-cptm-passeios-de-trem-bate-volta-sp-450x257.jpg 450w, https:\/\/catracalivre.com.br\/wp-content\/uploads\/2019\/06\/expresso-turistico-cptm-passeios-de-trem-bate-volta-sp-768x438.jpg 768w\" sizes=\"(max-width: 800px) 100vw, 800px\"\/><\/p>\n<p>Cr\u00e9ditos: Divulga\u00e7\u00e3o\/CPTM<\/p>\n<\/div>\n<\/div>\n<p><span class=\"post-imagem__legenda\">O trem Expresso Tur\u00edstico \u00e9 formado por uma locomotiva a diesel, da CPTM<\/span><\/p>\n<\/div>\n<p>Um passeio pelos trilhos do tempo, um retorno ao passado, uma viagem \u00e0 hist\u00f3ria. A CPTM (Companhia Paulista de Trens Metropolitanos), reverenciando os h\u00e1bitos de antigamente, convida todos para uma experi\u00eancia singular a bordo do <a href=\"https:\/\/catracalivre.com.br\/viagem-livre\/trem-turistico-da-cptm-abre-venda-de-ingressos-para-dezembro\/\" target=\"_blank\" rel=\"noopener\">Expresso Tur\u00edstico<\/a>.<\/p>\n<p>Com destino \u00e0 <a href=\"https:\/\/catracalivre.com.br\/viagem-livre\/paranapiacaba-a-charmosa-vila-inglesa-na-serra-do-mar\/\" target=\"_blank\" rel=\"noopener\">vila hist\u00f3rica de Paranapiacaba<\/a>, em Santo Andr\u00e9, na Grande S\u00e3o Paulo, o final de semana promete ser inesquec\u00edvel. Inclusive, a empresa destaca que na programa\u00e7\u00e3o tamb\u00e9m est\u00e3o inclu\u00eddas viagens para <a href=\"https:\/\/catracalivre.com.br\/viagem-livre\/va-de-trem-a-festa-da-uva-de-jundiai-sp-confira-detalhes\/\" target=\"_blank\" rel=\"noopener\">Jundia\u00ed<\/a> e, em breve, para Mogi das Cruzes.<\/p>\n<h2>Todas as informa\u00e7\u00f5es sobre o Expresso tur\u00edstico da CPTM<\/h2>\n<p>Com hor\u00e1rio de sa\u00edda preestabelecido \u00e0s 8h30 e retorno \u00e0s 16h30, o embarque de todas as viagens ocorre na plataforma 4 da Esta\u00e7\u00e3o Luz, no cora\u00e7\u00e3o da capital paulista.<\/p>\n<p>As viagens dispon\u00edveis est\u00e3o programadas para os dias:<\/p>\n<p><strong>Paranapiacaba<\/strong><\/p>\n<ul>\n<li>10 de dezembro;<\/li>\n<li>16 de dezembro;<\/li>\n<li>17 de dezembro;<\/li>\n<li>6 de janeiro;<\/li>\n<li>7 de janeiro;<\/li>\n<li>14 de janeiro;<\/li>\n<li>21 de janeiro;<\/li>\n<li>27 de janeiro.<\/li>\n<\/ul>\n<p><strong>Jundia\u00ed<\/strong><\/p>\n<ul>\n<li>9 de dezembro;<\/li>\n<li>13 de janeiro;<\/li>\n<li>20 de janeiro;<\/li>\n<li>28 de janeiro.<\/li>\n<\/ul>\n<p>Os ingressos, com pre\u00e7os variando entre R$ 25 (meia) a R$ 50 (inteira), est\u00e3o dispon\u00edveis exclusivamente no <a href=\"https:\/\/expressoturisticocptm.eleventickets.com\/#!\/home\" target=\"_blank\" rel=\"noopener\">site oficial<\/a>. Descontos especiais s\u00e3o aplicados na compra de mais de um ingresso, incentivando a viagem em grupos.<\/p>\n<h2>Como funciona o passeio?<\/h2>\n<p>Com capacidade para acomodar 174 passageiros, o Expresso Tur\u00edstico possui um espa\u00e7o especial reservado para cadeira de rodas, garantindo a acessibilidade de todos.<\/p>\n<p>O Expresso Tur\u00edstico est\u00e1 em funcionamento desde 2009, marcando o cen\u00e1rio paulista com sua presen\u00e7a hist\u00f3rica e despertando encanto nos amantes de trens vintage. Os maquinistas, uniformizados a car\u00e1ter, d\u00e3o aos passeios de trem um ar nost\u00e1lgico que cativa os passageiros.<\/p>\n<div id=\"attachment_1925180\" class=\"wp-caption alignnone\">\n<div class=\"d-flex justify-content-center\" data-attachment-id=\"1925180\">\n<div class=\"position-relative d-inline-block\"><img data-recalc-dims=\"1\" loading=\"lazy\" data-portal-copyright=\"divulga\u00e7\u00e3o\" decoding=\"async\" class=\"size-full wp-image-1925180\" src=\"https:\/\/i0.wp.com\/catracalivre.com.br\/wp-content\/uploads\/2019\/06\/expresso-turistico-cptm-passeios-de-trem-bate-volta-sp2.jpg?resize=800%2C456&#038;ssl=1\" alt=\"Os maquinistas ficam uniformizados \u00e0 car\u00e1ter, para dar aos passeios de trem um ar nost\u00e1lgico\" width=\"800\" height=\"456\" srcset=\"https:\/\/catracalivre.com.br\/wp-content\/uploads\/2019\/06\/expresso-turistico-cptm-passeios-de-trem-bate-volta-sp2.jpg 800w, https:\/\/catracalivre.com.br\/wp-content\/uploads\/2019\/06\/expresso-turistico-cptm-passeios-de-trem-bate-volta-sp2-450x257.jpg 450w, https:\/\/catracalivre.com.br\/wp-content\/uploads\/2019\/06\/expresso-turistico-cptm-passeios-de-trem-bate-volta-sp2-768x438.jpg 768w\" sizes=\"auto, (max-width: 800px) 100vw, 800px\"\/><\/p>\n<p>Cr\u00e9ditos: divulga\u00e7\u00e3o<\/p>\n<\/div>\n<\/div>\n<p><span class=\"post-imagem__legenda\">Os maquinistas ficam uniformizados \u00e0 car\u00e1ter, para dar aos passeios de trem um ar nost\u00e1lgico<\/span><\/p>\n<\/div>\n<p>E como se n\u00e3o bastasse esse retrato \u00e0 hist\u00f3ria, o passeio \u00e9 realizado em uma locomotiva a diesel do modelo Alco RS-3 de 1952, acompanhada de dois carros de passageiros de a\u00e7o inoxid\u00e1vel fabricados pela Budd-Mafersa nos anos 1960 e cedidos pela ABPF (Associa\u00e7\u00e3o Brasileira de Preserva\u00e7\u00e3o Ferrovi\u00e1ria).<\/p>\n<p>Durante o trajeto, os passageiros t\u00eam a oportunidade de apreciar a bela paisagem da Serra do Mar e aprender um pouco mais sobre a hist\u00f3ria de S\u00e3o Paulo.<\/p>\n<p>Resta pouca d\u00favida de que \u00e9 uma ocasi\u00e3o \u00fanica para preencher o fim de semana com lazer, aprendizado e muita divers\u00e3o. Clique <a href=\"https:\/\/expressoturisticocptm.eleventickets.com\/#!\/home\" target=\"_blank\" rel=\"noopener\">aqui<\/a> para comprar ingressos.<\/p>\n<\/div>\n<p><script>\n\t\t! function(f, b, e, v, n, t, s) {\n\t\t\tif (f.fbq) return;\n\t\t\tn = f.fbq = function() {\n\t\t\t\tn.callMethod ?\n\t\t\t\t\tn.callMethod.apply(n, arguments) : n.queue.push(arguments)\n\t\t\t};\n\t\t\tif (!f._fbq) f._fbq = n;\n\t\t\tn.push = n;\n\t\t\tn.loaded = !0;\n\t\t\tn.version = '2.0';\n\t\t\tn.queue = [];\n\t\t\tt = b.createElement(e);\n\t\t\tt.async = !0;\n\t\t\tt.src = v;\n\t\t\ts = b.getElementsByTagName(e)[0];\n\t\t\ts.parentNode.insertBefore(t, s)\n\t\t}(window, document, 'script',\n\t\t\t'https:\/\/connect.facebook.net\/en_US\/fbevents.js');\n\t\tfbq('init', '338315473262380');\n\t\tfbq('track', 'PageView');\n\t<\/script><br \/>\n<br \/><br \/>\n<br \/><a href=\"https:\/\/catracalivre.com.br\/viagem-livre\/expresso-turistico-da-cptm-custa-a-partir-de-r-25-em-dezembro-veja-como-comprar\/\">Source link <\/a><\/p>\n<div class='code-block code-block-4' style='margin: 8px auto 8px 0; text-align: left; display: block; clear: both;'>\n\ud83d\udce2 Aviso Legal\n\nO site ismaelcolosi.com.br atua apenas como um canal de divulga\u00e7\u00e3o de oportunidades de emprego e n\u00e3o se responsabiliza pelo processo seletivo, contrata\u00e7\u00e3o ou qualquer outra etapa relacionada \u00e0s vagas publicadas. Todas as informa\u00e7\u00f5es s\u00e3o de responsabilidade dos anunciantes.\n\n\u26a0\ufe0f Aten\u00e7\u00e3o! Nunca pague por promessas de emprego nem compre cursos que garantam contrata\u00e7\u00e3o. Desconfie de qualquer cobran\u00e7a para participar de sele\u00e7\u00f5es.\n\n\n\n<\/div>\n<!-- CONTENT END 1 -->\n","protected":false},"excerpt":{"rendered":"<p>Cr\u00e9ditos: Divulga\u00e7\u00e3o\/CPTM O trem Expresso Tur\u00edstico \u00e9 formado por uma locomotiva a diesel, da CPTM Um passeio pelos trilhos do tempo, um retorno ao passado,&#8230;<\/p>\n","protected":false},"author":1,"featured_media":12229,"comment_status":"open","ping_status":"open","sticky":false,"template":"","format":"standard","meta":{"_uag_custom_page_level_css":"","advanced_seo_description":"","jetpack_seo_html_title":"","jetpack_seo_noindex":false,"jetpack_post_was_ever_published":false,"_jetpack_newsletter_access":"","_jetpack_dont_email_post_to_subs":false,"_jetpack_newsletter_tier_id":0,"_jetpack_memberships_contains_paywalled_content":false,"_jetpack_memberships_contains_paid_content":false,"footnotes":"","jetpack_publicize_message":"","jetpack_publicize_feature_enabled":true,"jetpack_social_post_already_shared":true,"jetpack_social_options":{"image_generator_settings":{"template":"highway","default_image_id":0,"font":"","enabled":false},"version":2}},"categories":[19],"tags":[],"class_list":["post-12228","post","type-post","status-publish","format-standard","has-post-thumbnail","hentry","category-variedades"],"jetpack_publicize_connections":[],"jetpack_featured_media_url":"https:\/\/i0.wp.com\/ismaelcolosi.com.br\/wp-content\/uploads\/2023\/12\/expresso-turistico-cptm-passeios-de-trem-bate-volta-sp.jpg?fit=1200%2C638&ssl=1","uagb_featured_image_src":{"full":["https:\/\/i0.wp.com\/ismaelcolosi.com.br\/wp-content\/uploads\/2023\/12\/expresso-turistico-cptm-passeios-de-trem-bate-volta-sp.jpg?fit=1200%2C638&ssl=1",1200,638,false],"thumbnail":["https:\/\/i0.wp.com\/ismaelcolosi.com.br\/wp-content\/uploads\/2023\/12\/expresso-turistico-cptm-passeios-de-trem-bate-volta-sp.jpg?resize=150%2C150&ssl=1",150,150,true],"medium":["https:\/\/i0.wp.com\/ismaelcolosi.com.br\/wp-content\/uploads\/2023\/12\/expresso-turistico-cptm-passeios-de-trem-bate-volta-sp.jpg?fit=300%2C160&ssl=1",300,160,true],"medium_large":["https:\/\/i0.wp.com\/ismaelcolosi.com.br\/wp-content\/uploads\/2023\/12\/expresso-turistico-cptm-passeios-de-trem-bate-volta-sp.jpg?fit=768%2C408&ssl=1",768,408,true],"large":["https:\/\/i0.wp.com\/ismaelcolosi.com.br\/wp-content\/uploads\/2023\/12\/expresso-turistico-cptm-passeios-de-trem-bate-volta-sp.jpg?fit=1024%2C544&ssl=1",1024,544,true],"1536x1536":["https:\/\/i0.wp.com\/ismaelcolosi.com.br\/wp-content\/uploads\/2023\/12\/expresso-turistico-cptm-passeios-de-trem-bate-volta-sp.jpg?fit=1200%2C638&ssl=1",1200,638,true],"2048x2048":["https:\/\/i0.wp.com\/ismaelcolosi.com.br\/wp-content\/uploads\/2023\/12\/expresso-turistico-cptm-passeios-de-trem-bate-volta-sp.jpg?fit=1200%2C638&ssl=1",1200,638,true],"really-simple-thumb":["https:\/\/i0.wp.com\/ismaelcolosi.com.br\/wp-content\/uploads\/2023\/12\/expresso-turistico-cptm-passeios-de-trem-bate-volta-sp.jpg?resize=370%2C247&ssl=1",370,247,true]},"uagb_author_info":{"display_name":"ismaelcolosi.com.br","author_link":"https:\/\/ismaelcolosi.com.br\/index.php\/author\/vidareal-online\/"},"uagb_comment_info":0,"uagb_excerpt":"Cr\u00e9ditos: Divulga\u00e7\u00e3o\/CPTM O trem Expresso Tur\u00edstico \u00e9 formado por uma locomotiva a diesel, da CPTM Um passeio pelos trilhos do tempo, um retorno ao passado,...","jetpack-related-posts":[{"id":11168,"url":"https:\/\/ismaelcolosi.com.br\/index.php\/2023\/12\/05\/trem-turistico-da-cptm-abre-venda-de-ingressos-para-dezembro\/","url_meta":{"origin":12228,"position":0},"title":"Trem tur\u00edstico da CPTM abre venda de ingressos para dezembro","author":"ismaelcolosi.com.br","date":"5 de December de 2023","format":false,"excerpt":"A CPTM (Companhia Paulista de Trens Metropolitanos) abriu \u00e0s vendas de ingressos do Expresso Tur\u00edstico com destino \u00e0 vila hist\u00f3rica de Paranapiacaba, em Santo Andr\u00e9, na Grande SP. O trem tur\u00edstico da CPTM sai da Esta\u00e7\u00e3o Luz, no centro da capital, aos finais de semana, \u00e0s 8h30, com retorno \u00e0s\u2026","rel":"","context":"In &quot;Variedades&quot;","block_context":{"text":"Variedades","link":"https:\/\/ismaelcolosi.com.br\/index.php\/category\/variedades\/"},"img":{"alt_text":"","src":"https:\/\/i0.wp.com\/ismaelcolosi.com.br\/wp-content\/uploads\/2023\/12\/paranapiacaba-foto-angelo-baima-5.jpg?fit=1200%2C638&ssl=1&resize=350%2C200","width":350,"height":200,"srcset":"https:\/\/i0.wp.com\/ismaelcolosi.com.br\/wp-content\/uploads\/2023\/12\/paranapiacaba-foto-angelo-baima-5.jpg?fit=1200%2C638&ssl=1&resize=350%2C200 1x, https:\/\/i0.wp.com\/ismaelcolosi.com.br\/wp-content\/uploads\/2023\/12\/paranapiacaba-foto-angelo-baima-5.jpg?fit=1200%2C638&ssl=1&resize=525%2C300 1.5x, https:\/\/i0.wp.com\/ismaelcolosi.com.br\/wp-content\/uploads\/2023\/12\/paranapiacaba-foto-angelo-baima-5.jpg?fit=1200%2C638&ssl=1&resize=700%2C400 2x, https:\/\/i0.wp.com\/ismaelcolosi.com.br\/wp-content\/uploads\/2023\/12\/paranapiacaba-foto-angelo-baima-5.jpg?fit=1200%2C638&ssl=1&resize=1050%2C600 3x"},"classes":[]},{"id":8214,"url":"https:\/\/ismaelcolosi.com.br\/index.php\/2023\/11\/29\/guia-completo-para-chegar-ao-aeroporto\/","url_meta":{"origin":12228,"position":1},"title":"guia completo para chegar ao aeroporto","author":"ismaelcolosi.com.br","date":"29 de November de 2023","format":false,"excerpt":"Sabia que \u00e9 poss\u00edvel ir da Faria Lima ou da Avenida Paulista para o aeroporto internacional de Guarulhos de trem pagando menos de R$ 5? Isso mesmo, voc\u00ea n\u00e3o leu errado. Inaugurado em outubro de 2018, o Expresso Aeroporto (linha 13 Jade) liga \u00e0s esta\u00e7\u00f5es Palmeiras-Barra Funda e Luz da\u2026","rel":"","context":"In &quot;Variedades&quot;","block_context":{"text":"Variedades","link":"https:\/\/ismaelcolosi.com.br\/index.php\/category\/variedades\/"},"img":{"alt_text":"","src":"https:\/\/i0.wp.com\/ismaelcolosi.com.br\/wp-content\/uploads\/2023\/11\/istock-483245726.jpg?fit=1200%2C638&ssl=1&resize=350%2C200","width":350,"height":200,"srcset":"https:\/\/i0.wp.com\/ismaelcolosi.com.br\/wp-content\/uploads\/2023\/11\/istock-483245726.jpg?fit=1200%2C638&ssl=1&resize=350%2C200 1x, https:\/\/i0.wp.com\/ismaelcolosi.com.br\/wp-content\/uploads\/2023\/11\/istock-483245726.jpg?fit=1200%2C638&ssl=1&resize=525%2C300 1.5x, https:\/\/i0.wp.com\/ismaelcolosi.com.br\/wp-content\/uploads\/2023\/11\/istock-483245726.jpg?fit=1200%2C638&ssl=1&resize=700%2C400 2x, https:\/\/i0.wp.com\/ismaelcolosi.com.br\/wp-content\/uploads\/2023\/11\/istock-483245726.jpg?fit=1200%2C638&ssl=1&resize=1050%2C600 3x"},"classes":[]},{"id":11003,"url":"https:\/\/ismaelcolosi.com.br\/index.php\/2023\/12\/05\/sp-vai-ouvir-a-populacao-sobre-trem-turistico-em-ribeirao-preto\/","url_meta":{"origin":12228,"position":2},"title":"SP vai ouvir a popula\u00e7\u00e3o sobre trem tur\u00edstico em Ribeir\u00e3o Preto","author":"ismaelcolosi.com.br","date":"5 de December de 2023","format":false,"excerpt":"A Secretaria de Turismo e Viagens de S\u00e3o Paulo abriu uma audi\u00eancia p\u00fablica virtual para ouvir a popula\u00e7\u00e3o sobre o projeto do trem tur\u00edstico entre Ribeir\u00e3o Preto e Tamba\u00fa. Os interessados podem participar da consulta pela internet (clique aqui). De acordo com a pasta, a consulta tem o objetivo de\u2026","rel":"","context":"In &quot;Not\u00edcias de Ribeir\u00e3o Preto-SP e Regi\u00e3o&quot;","block_context":{"text":"Not\u00edcias de Ribeir\u00e3o Preto-SP e Regi\u00e3o","link":"https:\/\/ismaelcolosi.com.br\/index.php\/category\/noticias-de-ribeirao-preto-sp-e-regiao-ismael-colosi\/"},"img":{"alt_text":"","src":"https:\/\/i0.wp.com\/ismaelcolosi.com.br\/wp-content\/uploads\/2023\/12\/locomotiva-amalia.jpg?fit=1200%2C800&ssl=1&resize=350%2C200","width":350,"height":200,"srcset":"https:\/\/i0.wp.com\/ismaelcolosi.com.br\/wp-content\/uploads\/2023\/12\/locomotiva-amalia.jpg?fit=1200%2C800&ssl=1&resize=350%2C200 1x, https:\/\/i0.wp.com\/ismaelcolosi.com.br\/wp-content\/uploads\/2023\/12\/locomotiva-amalia.jpg?fit=1200%2C800&ssl=1&resize=525%2C300 1.5x, https:\/\/i0.wp.com\/ismaelcolosi.com.br\/wp-content\/uploads\/2023\/12\/locomotiva-amalia.jpg?fit=1200%2C800&ssl=1&resize=700%2C400 2x, https:\/\/i0.wp.com\/ismaelcolosi.com.br\/wp-content\/uploads\/2023\/12\/locomotiva-amalia.jpg?fit=1200%2C800&ssl=1&resize=1050%2C600 3x"},"classes":[]},{"id":12423,"url":"https:\/\/ismaelcolosi.com.br\/index.php\/2023\/12\/08\/o-que-voce-precisa-saber-para-visitar-a-vila\/","url_meta":{"origin":12228,"position":3},"title":"o que voc\u00ea precisa saber para visitar a vila","author":"ismaelcolosi.com.br","date":"8 de December de 2023","format":false,"excerpt":"O vilarejo de Paranapiacaba \u00e9 daqueles destinos que merecem ser visitado ao menos uma vez na vida. A vila \u00e9 um mergulho na hist\u00f3ria ferrovi\u00e1ria do pa\u00eds e ref\u00fagio acolhedor a poucos quil\u00f4metros da capital paulista. Cr\u00e9ditos: Divulga\u00e7\u00e3o\/PMSAA vila de Paranapiacaba possu\u00ed at\u00e9 uma r\u00e9plica do Big Ben, famoso cart\u00e3o-postal\u2026","rel":"","context":"In &quot;Variedades&quot;","block_context":{"text":"Variedades","link":"https:\/\/ismaelcolosi.com.br\/index.php\/category\/variedades\/"},"img":{"alt_text":"","src":"https:\/\/i0.wp.com\/ismaelcolosi.com.br\/wp-content\/uploads\/2023\/12\/paranapiacaba-foto-angelo-baima-psa-3.jpeg?fit=1200%2C638&ssl=1&resize=350%2C200","width":350,"height":200,"srcset":"https:\/\/i0.wp.com\/ismaelcolosi.com.br\/wp-content\/uploads\/2023\/12\/paranapiacaba-foto-angelo-baima-psa-3.jpeg?fit=1200%2C638&ssl=1&resize=350%2C200 1x, https:\/\/i0.wp.com\/ismaelcolosi.com.br\/wp-content\/uploads\/2023\/12\/paranapiacaba-foto-angelo-baima-psa-3.jpeg?fit=1200%2C638&ssl=1&resize=525%2C300 1.5x, https:\/\/i0.wp.com\/ismaelcolosi.com.br\/wp-content\/uploads\/2023\/12\/paranapiacaba-foto-angelo-baima-psa-3.jpeg?fit=1200%2C638&ssl=1&resize=700%2C400 2x, https:\/\/i0.wp.com\/ismaelcolosi.com.br\/wp-content\/uploads\/2023\/12\/paranapiacaba-foto-angelo-baima-psa-3.jpeg?fit=1200%2C638&ssl=1&resize=1050%2C600 3x"},"classes":[]},{"id":21729,"url":"https:\/\/ismaelcolosi.com.br\/index.php\/2023\/12\/28\/passeio-de-maria-fumaca-em-tiradentes-tem-horarios-especiais\/","url_meta":{"origin":12228,"position":4},"title":"Passeio de Maria Fuma\u00e7a em Tiradentes tem hor\u00e1rios especiais","author":"ismaelcolosi.com.br","date":"28 de December de 2023","format":false,"excerpt":"Que tal voltar ao passado e fazer um passeio de Maria Fuma\u00e7a? O trem que liga as cidades mineiras de S\u00e3o Jo\u00e3o del Rei e Tiradentes est\u00e1 com hor\u00e1rios extras neste fim de ano. Neste per\u00edodo, ser\u00e3o disponibilizados 32 passeios em ambos os trechos. Apenas nos dias 24 e 25\u2026","rel":"","context":"In &quot;Variedades&quot;","block_context":{"text":"Variedades","link":"https:\/\/ismaelcolosi.com.br\/index.php\/category\/variedades\/"},"img":{"alt_text":"","src":"https:\/\/i0.wp.com\/ismaelcolosi.com.br\/wp-content\/uploads\/2023\/12\/maria-fumaca-tiradentes.jpg?fit=1200%2C638&ssl=1&resize=350%2C200","width":350,"height":200,"srcset":"https:\/\/i0.wp.com\/ismaelcolosi.com.br\/wp-content\/uploads\/2023\/12\/maria-fumaca-tiradentes.jpg?fit=1200%2C638&ssl=1&resize=350%2C200 1x, https:\/\/i0.wp.com\/ismaelcolosi.com.br\/wp-content\/uploads\/2023\/12\/maria-fumaca-tiradentes.jpg?fit=1200%2C638&ssl=1&resize=525%2C300 1.5x, https:\/\/i0.wp.com\/ismaelcolosi.com.br\/wp-content\/uploads\/2023\/12\/maria-fumaca-tiradentes.jpg?fit=1200%2C638&ssl=1&resize=700%2C400 2x, https:\/\/i0.wp.com\/ismaelcolosi.com.br\/wp-content\/uploads\/2023\/12\/maria-fumaca-tiradentes.jpg?fit=1200%2C638&ssl=1&resize=1050%2C600 3x"},"classes":[]},{"id":4643,"url":"https:\/\/ismaelcolosi.com.br\/index.php\/2023\/11\/22\/trem-republicano-tem-passeios-a-partir-de-r-35-veja-datas\/","url_meta":{"origin":12228,"position":5},"title":"Trem Republicano tem passeios a partir de R$ 35; veja datas","author":"ismaelcolosi.com.br","date":"22 de November de 2023","format":false,"excerpt":"Que tal fazer um passeio de trem tur\u00edstico pertinho de S\u00e3o Paulo e bem baratinho? O Trem Republicano est\u00e1 com uma promo\u00e7\u00e3o de bilhetes com pre\u00e7os a partir de R$ 35. As ofertas valem para viagem no trem hist\u00f3rico somente na sexta-feira, 24, entre Itu e Salto, no interior paulista.\u2026","rel":"","context":"In &quot;Variedades&quot;","block_context":{"text":"Variedades","link":"https:\/\/ismaelcolosi.com.br\/index.php\/category\/variedades\/"},"img":{"alt_text":"","src":"https:\/\/i0.wp.com\/ismaelcolosi.com.br\/wp-content\/uploads\/2023\/11\/3b4a5758-1-scaled.jpg?fit=1200%2C638&ssl=1&resize=350%2C200","width":350,"height":200,"srcset":"https:\/\/i0.wp.com\/ismaelcolosi.com.br\/wp-content\/uploads\/2023\/11\/3b4a5758-1-scaled.jpg?fit=1200%2C638&ssl=1&resize=350%2C200 1x, https:\/\/i0.wp.com\/ismaelcolosi.com.br\/wp-content\/uploads\/2023\/11\/3b4a5758-1-scaled.jpg?fit=1200%2C638&ssl=1&resize=525%2C300 1.5x, https:\/\/i0.wp.com\/ismaelcolosi.com.br\/wp-content\/uploads\/2023\/11\/3b4a5758-1-scaled.jpg?fit=1200%2C638&ssl=1&resize=700%2C400 2x, https:\/\/i0.wp.com\/ismaelcolosi.com.br\/wp-content\/uploads\/2023\/11\/3b4a5758-1-scaled.jpg?fit=1200%2C638&ssl=1&resize=1050%2C600 3x"},"classes":[]}],"jetpack_sharing_enabled":true,"jetpack_shortlink":"https:\/\/wp.me\/pfMlyK-3be","_links":{"self":[{"href":"https:\/\/ismaelcolosi.com.br\/index.php\/wp-json\/wp\/v2\/posts\/12228","targetHints":{"allow":["GET"]}}],"collection":[{"href":"https:\/\/ismaelcolosi.com.br\/index.php\/wp-json\/wp\/v2\/posts"}],"about":[{"href":"https:\/\/ismaelcolosi.com.br\/index.php\/wp-json\/wp\/v2\/types\/post"}],"author":[{"embeddable":true,"href":"https:\/\/ismaelcolosi.com.br\/index.php\/wp-json\/wp\/v2\/users\/1"}],"replies":[{"embeddable":true,"href":"https:\/\/ismaelcolosi.com.br\/index.php\/wp-json\/wp\/v2\/comments?post=12228"}],"version-history":[{"count":0,"href":"https:\/\/ismaelcolosi.com.br\/index.php\/wp-json\/wp\/v2\/posts\/12228\/revisions"}],"wp:featuredmedia":[{"embeddable":true,"href":"https:\/\/ismaelcolosi.com.br\/index.php\/wp-json\/wp\/v2\/media\/12229"}],"wp:attachment":[{"href":"https:\/\/ismaelcolosi.com.br\/index.php\/wp-json\/wp\/v2\/media?parent=12228"}],"wp:term":[{"taxonomy":"category","embeddable":true,"href":"https:\/\/ismaelcolosi.com.br\/index.php\/wp-json\/wp\/v2\/categories?post=12228"},{"taxonomy":"post_tag","embeddable":true,"href":"https:\/\/ismaelcolosi.com.br\/index.php\/wp-json\/wp\/v2\/tags?post=12228"}],"curies":[{"name":"wp","href":"https:\/\/api.w.org\/{rel}","templated":true}]}}