{"id":12224,"date":"2023-12-07T17:21:58","date_gmt":"2023-12-07T20:21:58","guid":{"rendered":"https:\/\/ismaelcolosi.com.br\/index.php\/2023\/12\/07\/tudo-sobre-o-festival-gratuito-que-reune-tecnologia-e-musica-em-ribeirao-preto\/"},"modified":"2023-12-07T17:21:58","modified_gmt":"2023-12-07T20:21:58","slug":"tudo-sobre-o-festival-gratuito-que-reune-tecnologia-e-musica-em-ribeirao-preto","status":"publish","type":"post","link":"https:\/\/ismaelcolosi.com.br\/index.php\/2023\/12\/07\/tudo-sobre-o-festival-gratuito-que-reune-tecnologia-e-musica-em-ribeirao-preto\/","title":{"rendered":"Tudo sobre o festival gratuito que re\u00fane tecnologia e m\u00fasica em Ribeir\u00e3o Preto"},"content":{"rendered":"<p> <br \/>\n<\/p>\n<div>\n<p>O<strong> Pow Festival<\/strong>, evento de criatividade, inova\u00e7\u00e3o, arte e entretenimento acontece, neste s\u00e1bado (9) e domingo (10), no Espa\u00e7o A F\u00e1brica, no Centro de <strong>Ribeir\u00e3o Preto<\/strong>, a partir das 10h.<\/p>\n<p>Com entrada gratuita, o festival conta com <strong>mais de 50 atra\u00e7\u00f5es<\/strong> e promete uma programa\u00e7\u00e3o com muita divers\u00e3o e conhecimento.<\/p>\n<p>Veja tudo o que voc\u00ea precisa saber para se programar e curtir o evento:<\/p>\n<h4 class=\"wp-block-heading\"><strong>Quem pode participar?<\/strong><\/h4>\n<p>Pessoas de <strong>todas as idades podem participar<\/strong> do evento. A programa\u00e7\u00e3o conta com op\u00e7\u00f5es para crian\u00e7as, adolescentes e adultos.<\/p>\n<h4 class=\"wp-block-heading\"><strong>Como participar?<\/strong><\/h4>\n<p>Para participar do evento e das atividades oferecidas, o interessado deve <strong>reservar o seu ingresso. <\/strong>Eles podem ser retirado de forma on-line <a href=\"https:\/\/powfestival.com.br\/ingressos\/\" target=\"_blank\" rel=\"noreferrer noopener\">clicando aqui<\/a>.<\/p>\n<p><mark style=\"background-color:#fcb900\" class=\"has-inline-color\">Algumas palestras s\u00e3o cobradas e podem ser adquiridas <a href=\"https:\/\/www.sympla.com.br\/evento\/pow-festival-full-creative-pass-ingresso-palestras\/2212046?referrer=powfestival.com.br\" target=\"_blank\" rel=\"noreferrer noopener\">clicando aqui<\/a>.<\/mark> <\/p>\n<h4 class=\"wp-block-heading\"><strong>Onde o evento ser\u00e1 realizado?<\/strong><\/h4>\n<p>O evento acontece no espa\u00e7o A F\u00e1brica, na <strong>rua Mariana Junqueira, 33, no Centro de Ribeir\u00e3o Preto<\/strong>. <\/p>\n<h4 class=\"wp-block-heading\"><strong>Quais ser\u00e3o os workshops e as experi\u00eancias?<\/strong><\/h4>\n<p>O evento traz para o p\u00fablico ribeir\u00e3o-pretano <strong>diversas experi\u00eancias em v\u00e1rios segmentos<\/strong>, como por exemplo, <mark style=\"background-color:#fcb900\" class=\"has-inline-color\"><strong>montar e pilotar um drone<\/strong>, simuladores e games real\u00edsticos, cria\u00e7\u00e3o de pe\u00e7as de roupas personalizadas com estamparia bot\u00e2nica,<strong> oficina de circo<\/strong> etc.<\/mark><\/p>\n<p>Al\u00e9m disso o evento tamb\u00e9m ter\u00e1 degusta\u00e7\u00e3o de azeites, <strong>cosplay de Star Wars<\/strong>, festival de anima\u00e7\u00e3o, yoga, feira criativa, <strong>cria\u00e7\u00e3o de personagem no estilo mang\u00e1<\/strong>, Kombi gamer, <strong>simulador de f\u00f3rmula 1<\/strong>, e mais.<\/p>\n<p>Vale ressaltar que as atividades com n\u00famero restrito de vagas ser\u00e3o realizadas por ordem de chegada. <\/p>\n<h4 class=\"wp-block-heading\"><strong>Quem se apresenta no evento?<\/strong><\/h4>\n<p>Haver\u00e1 shows gratuitos de artistas como <strong>Azymuth<\/strong>, <strong>Vanessa Moreno<\/strong>, <strong>O Jazz N\u00e3o Morde<\/strong>, <strong>Canto para Ceci<\/strong> e <strong>Julia Pagano<\/strong>.<\/p>\n<p>O evento contar\u00e1 com m\u00fasicas que v\u00e3o do jazz ao pop dan\u00e7ante, passando pelo chorinho, underground e at\u00e9 a m\u00fasica instrumental.<\/p>\n<h4 class=\"wp-block-heading\"><strong>Food Trucks<\/strong><\/h4>\n<p><strong>O evento ter\u00e1 feira de Food Trucks no local<\/strong>. Entre as op\u00e7\u00f5es est\u00e3o pizza recheada com pepperoni, mel e cream cheese, churros, brownie, pastel de chocolate, cachorro-quente, hamb\u00farguer e bebidas n\u00e3o alco\u00f3licas.\u00a0<\/p>\n<h4 class=\"wp-block-heading\"><strong>Line-up das palestras<\/strong><\/h4>\n<p>11h \u2013 Zero Crashes, zero emissions com Giordana Flor<\/p>\n<p>11h40 \u2013 Como a tecnologia est\u00e1 inovando o mercado imobili\u00e1rio com Jota Junior<\/p>\n<p>12h20 \u2013 O futuro da automa\u00e7\u00e3o agr\u00edcola com a FarmBot\u00a0<\/p>\n<p>14h20 \u2013 Ecossistema de Pescado Inteligente | Bruna Freitas (Yara Couro)<\/p>\n<p>15h \u2013 Terracycle com Rodrigo Vilela<\/p>\n<p>15h40 \u2013 Inova\u00e7\u00e3o no mercado de realidade estendida (XR) com Rawlinson Terrabuio (Beenoculus)<\/p>\n<p>16h20 \u2013 A entrega mais r\u00e1pida, segura e sustent\u00e1vel com Sahil Sharma (Coco Delivery)<\/p>\n<p>17h50 \u2013 Como um aplicativo ir\u00e1 revolucionar a vida de deficientes auditivos com Grupo Bionic Girls<\/p>\n<p>18h30 \u2013 O que h\u00e1 de novo no uso da biotecnologia para produ\u00e7\u00e3o de alimentos call-based com Ra\u00edssa Canova (Cellva)<\/p>\n<p>19h10 \u2013 \u00c1rvore Solar: Uma solu\u00e7\u00e3o baseada na natureza com Lohane Palaoro (Elena)<\/p>\n<p>11h \u2013 METAVERSE SCOPE: Uma vis\u00e3o pragm\u00e1tica sobre o atual estado do metaverso com Paulo Aguiar<\/p>\n<p>11h40 \u2013 O universo da express\u00e3o visual com Alan Berry Rhys<\/p>\n<p>12h20 \u2013 Como posicionar marcas de forma audaciosa e impactante com J\u00f4natas Mesquita (Nuture)<\/p>\n<p>14h20 \u2013 Projeto Impress\u00e3o Bot\u00e2nica com Camila Machado (AlmaZ\u00f4nia)<\/p>\n<p>15h \u2013 Como a intelig\u00eancia artificial pode auxiliar a criatividade e produ\u00e7\u00e3o art\u00edstica com Nelson Porto<\/p>\n<p>16h20 \u2013 O segredo para transformar ideias em hist\u00f3rias incr\u00edveis que fizeram ganhar 43 le\u00f5s de Cannes com Pedro Gravena<\/p>\n<p>17h50 \u2013 O processo ciriativo de v\u00eddeos virais e os bastidores como principal ilustradora do Big Brother Brasil com Rafaella Tuma<\/p>\n<p>18h30 \u2013 Cria\u00e7\u00e3o de conte\u00fado com Victoria Gaibar<\/p>\n<p>19h10 \u2013 IA \u00e9 funcionalidade que todas as cadeiras poder\u00e3o usar | Crystian Montandon Correia (Ifood)<\/p>\n<h4 class=\"wp-block-heading\"><strong>Servi\u00e7o<\/strong><\/h4>\n<p><em>POW FESTIVAL<\/em><\/p>\n<p>Quando: dias 09 e 10 de dezembro<\/p>\n<p>Onde: A F\u00e1brica, em Ribeir\u00e3o Preto\/SP-  Rua Mariana Junqueira, 33, Centro<\/p>\n<p>Hor\u00e1rio: das 10h \u00e0s 21h<\/p>\n<p>Para acessar guia completo do evento,\u00a0<a href=\"https:\/\/s2312.imxsnd29.com\/link.php?code=bDpodHRwcyUzQSUyRiUyRnBvd2Zlc3RpdmFsLmNvbS5iciUyRndwLWNvbnRlbnQlMkZ1cGxvYWRzJTJGMjAyMyUyRjEyJTJGYWdlbmRhLVBPVy1GZXN0aXZhbC0yMDIzLnBkZjo4MjE0ODg2NDptYXJjZWxvLmZvbnRlc0BhY2lkYWRlb24uY29tOmM5ZGFlZjo2NA==\" target=\"_blank\" rel=\"noreferrer noopener\">clique aqui<\/a>.<\/p>\n<p>VEJA TAMB\u00c9M<\/p>\n<p>Confira as promo\u00e7\u00f5es de Natal nos shoppings de Ribeir\u00e3o Preto\u00a0\u00a0<\/p>\n<h4 class=\"wp-block-heading\"><strong><mark style=\"background-color:#fcb900\" class=\"has-inline-color\">FIQUE ON<\/mark><\/strong><\/h4>\n<p>Fique ligado em tudo que acontece em Ribeir\u00e3o Preto e regi\u00e3o. Siga os perfis do\u00a0<strong>acidade on<\/strong>\u00a0no\u00a0<a href=\"https:\/\/www.instagram.com\/acidadeonribeirao\" target=\"_blank\" rel=\"noreferrer noopener\">Instagram\u00a0<\/a>e no<a href=\"https:\/\/www.facebook.com\/acidadeonribeirao\" target=\"_blank\" rel=\"noreferrer noopener\">\u00a0Facebook.<\/a><\/p>\n<p>Receba not\u00edcias do\u00a0<strong>acidade on\u00a0<\/strong>no WhatsApp.\u00a0<a href=\"https:\/\/chat.whatsapp.com\/Bnv2w66ZT4VDyZW3oiZ69n\" target=\"_blank\" rel=\"noreferrer noopener\">Para entrar no grupo, basta clicar aqui.<\/a><\/p>\n<p>Fa\u00e7a uma den\u00fancia ou sugira uma reportagem sobre Ribeir\u00e3o Preto e regi\u00e3o pelo WhatsApp:\u00a0<strong>(16) 99117 7802.<\/strong><\/p>\n<p>LEIA MAIS<\/p>\n<p><a href=\"https:\/\/www.tudoep.com\/tudo-noticias\/NOT,0,0,1868607,quando-sera-o-carnaval-em-2024.aspx\" target=\"_blank\" rel=\"noreferrer noopener\">Quando ser\u00e1 o Carnaval em 2024?<\/a><\/p>\n<p><!-- AI CONTENT END 1 -->\n<\/div>\n<p><script async src=\"\/\/www.instagram.com\/embed.js\"><\/script><br \/>\n<br \/><br \/>\n<br \/><a href=\"https:\/\/www.acidadeon.com\/ribeiraopreto\/lazer-e-cultura\/tudo-sobre-o-festival-gratuito-que-reune-tecnologia-e-musica-em-ribeirao-preto\/\">Source link <\/a><\/p>\n<div class='code-block code-block-4' style='margin: 8px auto 8px 0; text-align: left; display: block; clear: both;'>\n\ud83d\udce2 Aviso Legal\n\nO site ismaelcolosi.com.br atua apenas como um canal de divulga\u00e7\u00e3o de oportunidades de emprego e n\u00e3o se responsabiliza pelo processo seletivo, contrata\u00e7\u00e3o ou qualquer outra etapa relacionada \u00e0s vagas publicadas. Todas as informa\u00e7\u00f5es s\u00e3o de responsabilidade dos anunciantes.\n\n\u26a0\ufe0f Aten\u00e7\u00e3o! Nunca pague por promessas de emprego nem compre cursos que garantam contrata\u00e7\u00e3o. Desconfie de qualquer cobran\u00e7a para participar de sele\u00e7\u00f5es.\n\n\n\n<\/div>\n<!-- CONTENT END 1 -->\n","protected":false},"excerpt":{"rendered":"<p>O Pow Festival, evento de criatividade, inova\u00e7\u00e3o, arte e entretenimento acontece, neste s\u00e1bado (9) e domingo (10), no Espa\u00e7o A F\u00e1brica, no Centro de Ribeir\u00e3o&#8230;<\/p>\n","protected":false},"author":1,"featured_media":12225,"comment_status":"open","ping_status":"open","sticky":false,"template":"","format":"standard","meta":{"_uag_custom_page_level_css":"","advanced_seo_description":"","jetpack_seo_html_title":"","jetpack_seo_noindex":false,"jetpack_post_was_ever_published":false,"_jetpack_newsletter_access":"","_jetpack_dont_email_post_to_subs":false,"_jetpack_newsletter_tier_id":0,"_jetpack_memberships_contains_paywalled_content":false,"_jetpack_memberships_contains_paid_content":false,"footnotes":"","jetpack_publicize_message":"","jetpack_publicize_feature_enabled":true,"jetpack_social_post_already_shared":true,"jetpack_social_options":{"image_generator_settings":{"template":"highway","default_image_id":0,"font":"","enabled":false},"version":2}},"categories":[11],"tags":[141,361,92,27,1709,26,468,1635,43],"class_list":["post-12224","post","type-post","status-publish","format-standard","has-post-thumbnail","hentry","category-noticias-de-ribeirao-preto-sp-e-regiao-ismael-colosi","tag-festival","tag-gratuito","tag-musica","tag-preto","tag-reune","tag-ribeirao","tag-sobre","tag-tecnologia","tag-tudo"],"jetpack_publicize_connections":[],"jetpack_featured_media_url":"https:\/\/i0.wp.com\/ismaelcolosi.com.br\/wp-content\/uploads\/2023\/12\/Copia-de-Copia-de-TAMANHO-EXATO-PARA-FOTOS-NO-SISTEMA-NOVO-13.png?fit=1200%2C675&ssl=1","uagb_featured_image_src":{"full":["https:\/\/i0.wp.com\/ismaelcolosi.com.br\/wp-content\/uploads\/2023\/12\/Copia-de-Copia-de-TAMANHO-EXATO-PARA-FOTOS-NO-SISTEMA-NOVO-13.png?fit=1200%2C675&ssl=1",1200,675,false],"thumbnail":["https:\/\/i0.wp.com\/ismaelcolosi.com.br\/wp-content\/uploads\/2023\/12\/Copia-de-Copia-de-TAMANHO-EXATO-PARA-FOTOS-NO-SISTEMA-NOVO-13.png?resize=150%2C150&ssl=1",150,150,true],"medium":["https:\/\/i0.wp.com\/ismaelcolosi.com.br\/wp-content\/uploads\/2023\/12\/Copia-de-Copia-de-TAMANHO-EXATO-PARA-FOTOS-NO-SISTEMA-NOVO-13.png?fit=300%2C169&ssl=1",300,169,true],"medium_large":["https:\/\/i0.wp.com\/ismaelcolosi.com.br\/wp-content\/uploads\/2023\/12\/Copia-de-Copia-de-TAMANHO-EXATO-PARA-FOTOS-NO-SISTEMA-NOVO-13.png?fit=768%2C432&ssl=1",768,432,true],"large":["https:\/\/i0.wp.com\/ismaelcolosi.com.br\/wp-content\/uploads\/2023\/12\/Copia-de-Copia-de-TAMANHO-EXATO-PARA-FOTOS-NO-SISTEMA-NOVO-13.png?fit=1024%2C576&ssl=1",1024,576,true],"1536x1536":["https:\/\/i0.wp.com\/ismaelcolosi.com.br\/wp-content\/uploads\/2023\/12\/Copia-de-Copia-de-TAMANHO-EXATO-PARA-FOTOS-NO-SISTEMA-NOVO-13.png?fit=1200%2C675&ssl=1",1200,675,true],"2048x2048":["https:\/\/i0.wp.com\/ismaelcolosi.com.br\/wp-content\/uploads\/2023\/12\/Copia-de-Copia-de-TAMANHO-EXATO-PARA-FOTOS-NO-SISTEMA-NOVO-13.png?fit=1200%2C675&ssl=1",1200,675,true],"really-simple-thumb":["https:\/\/i0.wp.com\/ismaelcolosi.com.br\/wp-content\/uploads\/2023\/12\/Copia-de-Copia-de-TAMANHO-EXATO-PARA-FOTOS-NO-SISTEMA-NOVO-13.png?resize=370%2C247&ssl=1",370,247,true]},"uagb_author_info":{"display_name":"ismaelcolosi.com.br","author_link":"https:\/\/ismaelcolosi.com.br\/index.php\/author\/vidareal-online\/"},"uagb_comment_info":0,"uagb_excerpt":"O Pow Festival, evento de criatividade, inova\u00e7\u00e3o, arte e entretenimento acontece, neste s\u00e1bado (9) e domingo (10), no Espa\u00e7o A F\u00e1brica, no Centro de Ribeir\u00e3o...","jetpack-related-posts":[{"id":48426,"url":"https:\/\/ismaelcolosi.com.br\/index.php\/2024\/05\/02\/ribeirao-tem-festival-de-cultura-e-gastronomia-afro-com-show-da-cantora-ellen-oleria-saiba-quando\/","url_meta":{"origin":12224,"position":0},"title":"Ribeir\u00e3o tem festival de cultura e gastronomia afro com show da cantora Ellen Ol\u00e9ria; Saiba quando","author":"ismaelcolosi.com.br","date":"2 de May de 2024","format":false,"excerpt":"Ribeir\u00e3o Preto vai receber o 2\u00ba Festival de Cultura e Gastronomia Afro nos dias 4 e 12 de maio, no Centro Cultural Or\u00f9nmil\u00e1, localizado na zona Norte da cidade. Com entrada gratuita, a programa\u00e7\u00e3o do evento contar\u00e1 com diferentes segmentos art\u00edsticos, interven\u00e7\u00e3o e exposi\u00e7\u00e3o fotogr\u00e1fica, al\u00e9m de oficina e degusta\u00e7\u00e3o\u2026","rel":"","context":"In &quot;Not\u00edcias de Ribeir\u00e3o Preto-SP e Regi\u00e3o&quot;","block_context":{"text":"Not\u00edcias de Ribeir\u00e3o Preto-SP e Regi\u00e3o","link":"https:\/\/ismaelcolosi.com.br\/index.php\/category\/noticias-de-ribeirao-preto-sp-e-regiao-ismael-colosi\/"},"img":{"alt_text":"","src":"https:\/\/i0.wp.com\/ismaelcolosi.com.br\/wp-content\/uploads\/2024\/05\/AnyConv.com__B6P1925-800x425-1_2024-05-02_21-39-15.webp.webp?fit=800%2C425&ssl=1&resize=350%2C200","width":350,"height":200,"srcset":"https:\/\/i0.wp.com\/ismaelcolosi.com.br\/wp-content\/uploads\/2024\/05\/AnyConv.com__B6P1925-800x425-1_2024-05-02_21-39-15.webp.webp?fit=800%2C425&ssl=1&resize=350%2C200 1x, https:\/\/i0.wp.com\/ismaelcolosi.com.br\/wp-content\/uploads\/2024\/05\/AnyConv.com__B6P1925-800x425-1_2024-05-02_21-39-15.webp.webp?fit=800%2C425&ssl=1&resize=525%2C300 1.5x, https:\/\/i0.wp.com\/ismaelcolosi.com.br\/wp-content\/uploads\/2024\/05\/AnyConv.com__B6P1925-800x425-1_2024-05-02_21-39-15.webp.webp?fit=800%2C425&ssl=1&resize=700%2C400 2x"},"classes":[]},{"id":71743,"url":"https:\/\/ismaelcolosi.com.br\/index.php\/2024\/10\/17\/ribeirao-preto-recebe-festival-com-shows-de-di-ferrero-e-gabriel-o-pensador-veja-a-programacao\/","url_meta":{"origin":12224,"position":1},"title":"Ribeir\u00e3o Preto recebe festival com shows de Di Ferrero e Gabriel O Pensador; Veja a programa\u00e7\u00e3o","author":"ismaelcolosi.com.br","date":"17 de October de 2024","format":false,"excerpt":"Ribeir\u00e3o Preto recebe a segunda edi\u00e7\u00e3o do Pow Festival nos dias 19 e 20 de outubro, no espa\u00e7o A F\u00e1brica. A entrada para o evento \u00e9 gratuita e contar\u00e1 com shows de Di Ferrero e Gabriel O Pensador. O tema deste ano \u00e9 \u201cenergia da inova\u00e7\u00e3o para revolucionar\u201d. O festival\u2026","rel":"","context":"In &quot;Not\u00edcias de Ribeir\u00e3o Preto-SP e Regi\u00e3o&quot;","block_context":{"text":"Not\u00edcias de Ribeir\u00e3o Preto-SP e Regi\u00e3o","link":"https:\/\/ismaelcolosi.com.br\/index.php\/category\/noticias-de-ribeirao-preto-sp-e-regiao-ismael-colosi\/"},"img":{"alt_text":"","src":"https:\/\/i0.wp.com\/ismaelcolosi.com.br\/wp-content\/uploads\/2024\/10\/Copia-de-Copia-de-Copia-de-TAMANHO-EXATO-PARA-FOTOS-NO-SISTEMA-NOVO-17_2024-10-17_15-07-32_jpg_2024-10-17_15-07-32.webp.webp?fit=1200%2C675&ssl=1&resize=350%2C200","width":350,"height":200,"srcset":"https:\/\/i0.wp.com\/ismaelcolosi.com.br\/wp-content\/uploads\/2024\/10\/Copia-de-Copia-de-Copia-de-TAMANHO-EXATO-PARA-FOTOS-NO-SISTEMA-NOVO-17_2024-10-17_15-07-32_jpg_2024-10-17_15-07-32.webp.webp?fit=1200%2C675&ssl=1&resize=350%2C200 1x, https:\/\/i0.wp.com\/ismaelcolosi.com.br\/wp-content\/uploads\/2024\/10\/Copia-de-Copia-de-Copia-de-TAMANHO-EXATO-PARA-FOTOS-NO-SISTEMA-NOVO-17_2024-10-17_15-07-32_jpg_2024-10-17_15-07-32.webp.webp?fit=1200%2C675&ssl=1&resize=525%2C300 1.5x, https:\/\/i0.wp.com\/ismaelcolosi.com.br\/wp-content\/uploads\/2024\/10\/Copia-de-Copia-de-Copia-de-TAMANHO-EXATO-PARA-FOTOS-NO-SISTEMA-NOVO-17_2024-10-17_15-07-32_jpg_2024-10-17_15-07-32.webp.webp?fit=1200%2C675&ssl=1&resize=700%2C400 2x, https:\/\/i0.wp.com\/ismaelcolosi.com.br\/wp-content\/uploads\/2024\/10\/Copia-de-Copia-de-Copia-de-TAMANHO-EXATO-PARA-FOTOS-NO-SISTEMA-NOVO-17_2024-10-17_15-07-32_jpg_2024-10-17_15-07-32.webp.webp?fit=1200%2C675&ssl=1&resize=1050%2C600 3x"},"classes":[]},{"id":46721,"url":"https:\/\/ismaelcolosi.com.br\/index.php\/2024\/04\/13\/feira-com-musica-ao-vivo-cerveja-e-food-trucks-acontece-neste-domingo-em-ribeirao-preto\/","url_meta":{"origin":12224,"position":2},"title":"Feira com m\u00fasica ao vivo, cerveja e food trucks acontece neste domingo em Ribeir\u00e3o Preto","author":"ismaelcolosi.com.br","date":"13 de April de 2024","format":false,"excerpt":"Neste domingo (14) acontece mais uma edi\u00e7\u00e3o da Feira do Coletivo na pra\u00e7a 7 de Setembro, no\u00a0Centro\u00a0de Ribeir\u00e3o Preto. O evento \u00e9 gratuito e aberto ao p\u00fablico. O evento acontece das 15h \u00e0s 21h e conta com cervejas e chopes artesanais, food trucks, expositores, oficinas, feira de ado\u00e7\u00e3o de animais\u2026","rel":"","context":"In &quot;Not\u00edcias de Ribeir\u00e3o Preto-SP e Regi\u00e3o&quot;","block_context":{"text":"Not\u00edcias de Ribeir\u00e3o Preto-SP e Regi\u00e3o","link":"https:\/\/ismaelcolosi.com.br\/index.php\/category\/noticias-de-ribeirao-preto-sp-e-regiao-ismael-colosi\/"},"img":{"alt_text":"","src":"https:\/\/i0.wp.com\/ismaelcolosi.com.br\/wp-content\/uploads\/2024\/04\/WhatsApp-Image-2024-04-09-at-18.23.00-1.webp.webp?fit=1200%2C863&ssl=1&resize=350%2C200","width":350,"height":200,"srcset":"https:\/\/i0.wp.com\/ismaelcolosi.com.br\/wp-content\/uploads\/2024\/04\/WhatsApp-Image-2024-04-09-at-18.23.00-1.webp.webp?fit=1200%2C863&ssl=1&resize=350%2C200 1x, https:\/\/i0.wp.com\/ismaelcolosi.com.br\/wp-content\/uploads\/2024\/04\/WhatsApp-Image-2024-04-09-at-18.23.00-1.webp.webp?fit=1200%2C863&ssl=1&resize=525%2C300 1.5x, https:\/\/i0.wp.com\/ismaelcolosi.com.br\/wp-content\/uploads\/2024\/04\/WhatsApp-Image-2024-04-09-at-18.23.00-1.webp.webp?fit=1200%2C863&ssl=1&resize=700%2C400 2x, https:\/\/i0.wp.com\/ismaelcolosi.com.br\/wp-content\/uploads\/2024\/04\/WhatsApp-Image-2024-04-09-at-18.23.00-1.webp.webp?fit=1200%2C863&ssl=1&resize=1050%2C600 3x"},"classes":[]},{"id":1665,"url":"https:\/\/ismaelcolosi.com.br\/index.php\/2023\/11\/13\/ribeirao-preto-recebe-festival-de-hip-hop-com-batalha-de-rimas\/","url_meta":{"origin":12224,"position":3},"title":"Ribeir\u00e3o Preto recebe festival de hip hop com batalha de rimas","author":"ismaelcolosi.com.br","date":"13 de November de 2023","format":false,"excerpt":"Ribeir\u00e3o Preto recebe, no dia 18 de novembro, a primeira edi\u00e7\u00e3o do festival de hip hop \u2018Rib Hop\u2019, a partir das 16h, no Espa\u00e7o Santa Uzina. Os ingressos ainda podem ser comprados on-line. \u00a0 A programa\u00e7\u00e3o conta com batalhas de rimas entre MCs locais e da Batalha do Norte, um\u2026","rel":"","context":"In &quot;Not\u00edcias de Ribeir\u00e3o Preto-SP e Regi\u00e3o&quot;","block_context":{"text":"Not\u00edcias de Ribeir\u00e3o Preto-SP e Regi\u00e3o","link":"https:\/\/ismaelcolosi.com.br\/index.php\/category\/noticias-de-ribeirao-preto-sp-e-regiao-ismael-colosi\/"},"img":{"alt_text":"","src":"https:\/\/i0.wp.com\/ismaelcolosi.com.br\/wp-content\/uploads\/2023\/11\/Hip-Hop.jpg?fit=1200%2C616&ssl=1&resize=350%2C200","width":350,"height":200,"srcset":"https:\/\/i0.wp.com\/ismaelcolosi.com.br\/wp-content\/uploads\/2023\/11\/Hip-Hop.jpg?fit=1200%2C616&ssl=1&resize=350%2C200 1x, https:\/\/i0.wp.com\/ismaelcolosi.com.br\/wp-content\/uploads\/2023\/11\/Hip-Hop.jpg?fit=1200%2C616&ssl=1&resize=525%2C300 1.5x, https:\/\/i0.wp.com\/ismaelcolosi.com.br\/wp-content\/uploads\/2023\/11\/Hip-Hop.jpg?fit=1200%2C616&ssl=1&resize=700%2C400 2x, https:\/\/i0.wp.com\/ismaelcolosi.com.br\/wp-content\/uploads\/2023\/11\/Hip-Hop.jpg?fit=1200%2C616&ssl=1&resize=1050%2C600 3x"},"classes":[]},{"id":46628,"url":"https:\/\/ismaelcolosi.com.br\/index.php\/2024\/04\/12\/veigh-e-hariel-participam-de-festival-de-musica-urbana-em-ribeirao-preto\/","url_meta":{"origin":12224,"position":4},"title":"Veigh e Hariel participam de festival de m\u00fasica urbana em Ribeir\u00e3o Preto","author":"ismaelcolosi.com.br","date":"12 de April de 2024","format":false,"excerpt":"Os shows dos cantores Veigh e Hariel est\u00e3o confirmados em Ribeir\u00e3o Preto durante o primeiro festival de cultura urbana \u201cPlaneta Urbano\u201d, que acontece no dia 11 de maio. Na programa\u00e7\u00e3o musical tamb\u00e9m est\u00e3o confirmados MC Sofia, Yunk Vino, MC IG e Cone Crew Diretoria. Ingressos Os ingressos est\u00e3o \u00e0 venda\u2026","rel":"","context":"In &quot;Not\u00edcias de Ribeir\u00e3o Preto-SP e Regi\u00e3o&quot;","block_context":{"text":"Not\u00edcias de Ribeir\u00e3o Preto-SP e Regi\u00e3o","link":"https:\/\/ismaelcolosi.com.br\/index.php\/category\/noticias-de-ribeirao-preto-sp-e-regiao-ismael-colosi\/"},"img":{"alt_text":"","src":"https:\/\/i0.wp.com\/ismaelcolosi.com.br\/wp-content\/uploads\/2024\/04\/Copia-de-Copia-de-TAMANHO-EXATO-PARA-FOTOS-NO-SISTEMA-NOVO-28-1.webp.webp?fit=1200%2C675&ssl=1&resize=350%2C200","width":350,"height":200,"srcset":"https:\/\/i0.wp.com\/ismaelcolosi.com.br\/wp-content\/uploads\/2024\/04\/Copia-de-Copia-de-TAMANHO-EXATO-PARA-FOTOS-NO-SISTEMA-NOVO-28-1.webp.webp?fit=1200%2C675&ssl=1&resize=350%2C200 1x, https:\/\/i0.wp.com\/ismaelcolosi.com.br\/wp-content\/uploads\/2024\/04\/Copia-de-Copia-de-TAMANHO-EXATO-PARA-FOTOS-NO-SISTEMA-NOVO-28-1.webp.webp?fit=1200%2C675&ssl=1&resize=525%2C300 1.5x, https:\/\/i0.wp.com\/ismaelcolosi.com.br\/wp-content\/uploads\/2024\/04\/Copia-de-Copia-de-TAMANHO-EXATO-PARA-FOTOS-NO-SISTEMA-NOVO-28-1.webp.webp?fit=1200%2C675&ssl=1&resize=700%2C400 2x, https:\/\/i0.wp.com\/ismaelcolosi.com.br\/wp-content\/uploads\/2024\/04\/Copia-de-Copia-de-TAMANHO-EXATO-PARA-FOTOS-NO-SISTEMA-NOVO-28-1.webp.webp?fit=1200%2C675&ssl=1&resize=1050%2C600 3x"},"classes":[]},{"id":49346,"url":"https:\/\/ismaelcolosi.com.br\/index.php\/2024\/05\/10\/o-que-fazer-em-ribeirao-preto-programacao-do-final-de-semana-tem-di-ferrero-veigh-e-titas\/","url_meta":{"origin":12224,"position":5},"title":"O que fazer em Ribeir\u00e3o Preto? Programa\u00e7\u00e3o do final de semana tem Di Ferrero, Veigh e Tit\u00e3s","author":"ismaelcolosi.com.br","date":"10 de May de 2024","format":false,"excerpt":"O final de semana conta com uma programa\u00e7\u00e3o cultural para quem n\u00e3o quer ficar em casa. Di Ferrero, Veigh, Tit\u00e3s e at\u00e9 mesmo um tributo ao rei do pop, Michael Jackson s\u00e3o alguns dos nomes que chegam a Ribeir\u00e3o Preto. Veja o que fazer neste final de semana em Ribeir\u00e3o:\u2026","rel":"","context":"In &quot;Not\u00edcias de Ribeir\u00e3o Preto-SP e Regi\u00e3o&quot;","block_context":{"text":"Not\u00edcias de Ribeir\u00e3o Preto-SP e Regi\u00e3o","link":"https:\/\/ismaelcolosi.com.br\/index.php\/category\/noticias-de-ribeirao-preto-sp-e-regiao-ismael-colosi\/"},"img":{"alt_text":"","src":"https:\/\/i0.wp.com\/ismaelcolosi.com.br\/wp-content\/uploads\/2024\/05\/titas-veigh-di-ferrero-ribeirao-preto_2024-05-10_13-14-27_jpeg_2024-05-10_13-14-27.webp.webp?fit=1200%2C675&ssl=1&resize=350%2C200","width":350,"height":200,"srcset":"https:\/\/i0.wp.com\/ismaelcolosi.com.br\/wp-content\/uploads\/2024\/05\/titas-veigh-di-ferrero-ribeirao-preto_2024-05-10_13-14-27_jpeg_2024-05-10_13-14-27.webp.webp?fit=1200%2C675&ssl=1&resize=350%2C200 1x, https:\/\/i0.wp.com\/ismaelcolosi.com.br\/wp-content\/uploads\/2024\/05\/titas-veigh-di-ferrero-ribeirao-preto_2024-05-10_13-14-27_jpeg_2024-05-10_13-14-27.webp.webp?fit=1200%2C675&ssl=1&resize=525%2C300 1.5x, https:\/\/i0.wp.com\/ismaelcolosi.com.br\/wp-content\/uploads\/2024\/05\/titas-veigh-di-ferrero-ribeirao-preto_2024-05-10_13-14-27_jpeg_2024-05-10_13-14-27.webp.webp?fit=1200%2C675&ssl=1&resize=700%2C400 2x, https:\/\/i0.wp.com\/ismaelcolosi.com.br\/wp-content\/uploads\/2024\/05\/titas-veigh-di-ferrero-ribeirao-preto_2024-05-10_13-14-27_jpeg_2024-05-10_13-14-27.webp.webp?fit=1200%2C675&ssl=1&resize=1050%2C600 3x"},"classes":[]}],"jetpack_sharing_enabled":true,"jetpack_shortlink":"https:\/\/wp.me\/pfMlyK-3ba","_links":{"self":[{"href":"https:\/\/ismaelcolosi.com.br\/index.php\/wp-json\/wp\/v2\/posts\/12224","targetHints":{"allow":["GET"]}}],"collection":[{"href":"https:\/\/ismaelcolosi.com.br\/index.php\/wp-json\/wp\/v2\/posts"}],"about":[{"href":"https:\/\/ismaelcolosi.com.br\/index.php\/wp-json\/wp\/v2\/types\/post"}],"author":[{"embeddable":true,"href":"https:\/\/ismaelcolosi.com.br\/index.php\/wp-json\/wp\/v2\/users\/1"}],"replies":[{"embeddable":true,"href":"https:\/\/ismaelcolosi.com.br\/index.php\/wp-json\/wp\/v2\/comments?post=12224"}],"version-history":[{"count":0,"href":"https:\/\/ismaelcolosi.com.br\/index.php\/wp-json\/wp\/v2\/posts\/12224\/revisions"}],"wp:featuredmedia":[{"embeddable":true,"href":"https:\/\/ismaelcolosi.com.br\/index.php\/wp-json\/wp\/v2\/media\/12225"}],"wp:attachment":[{"href":"https:\/\/ismaelcolosi.com.br\/index.php\/wp-json\/wp\/v2\/media?parent=12224"}],"wp:term":[{"taxonomy":"category","embeddable":true,"href":"https:\/\/ismaelcolosi.com.br\/index.php\/wp-json\/wp\/v2\/categories?post=12224"},{"taxonomy":"post_tag","embeddable":true,"href":"https:\/\/ismaelcolosi.com.br\/index.php\/wp-json\/wp\/v2\/tags?post=12224"}],"curies":[{"name":"wp","href":"https:\/\/api.w.org\/{rel}","templated":true}]}}