{"id":12070,"date":"2023-12-07T11:43:44","date_gmt":"2023-12-07T14:43:44","guid":{"rendered":"https:\/\/ismaelcolosi.com.br\/index.php\/2023\/12\/07\/saiba-como-obter-credito-e-parcelar-a-viagem-em-ate-60-vezes\/"},"modified":"2023-12-07T11:43:44","modified_gmt":"2023-12-07T14:43:44","slug":"saiba-como-obter-credito-e-parcelar-a-viagem-em-ate-60-vezes","status":"publish","type":"post","link":"https:\/\/ismaelcolosi.com.br\/index.php\/2023\/12\/07\/saiba-como-obter-credito-e-parcelar-a-viagem-em-ate-60-vezes\/","title":{"rendered":"Saiba como obter cr\u00e9dito e parcelar a viagem em at\u00e9 60 vezes"},"content":{"rendered":"<p> [ad_1]<br \/>\n<\/p>\n<div>\n<p>Tem coisa melhor do que viajar? Conhecer lugares diferentes, experimentar pratos t\u00edpicos deliciosos e contemplar as paisagens encantadoras do nosso pa\u00eds agora est\u00e1 mais f\u00e1cil.<\/p>\n<p>Com o <a href=\"https:\/\/www.bb.com.br\/site\/pra-voce\/financiamentos\/bb-credito-realiza\/\" target=\"_blank\" rel=\"noopener\">Programa Conhe\u00e7a o Brasil: Realiza<\/a>, lan\u00e7ado pelo Minist\u00e9rio do Turismo (MTur), \u00e9 poss\u00edvel obter cr\u00e9dito com <a href=\"https:\/\/catracalivre.com.br\/viagem-livre\/comissao-aprova-lei-que-preve-passagem-aerea-gratis-para-pcds\/\" target=\"_blank\" rel=\"noopener\">condi\u00e7\u00f5es facilitadas<\/a> e parcelar a viagem em at\u00e9 60 vezes.<\/p>\n<div id=\"attachment_1979909\" class=\"wp-caption aligncenter\">\n<div class=\"d-flex justify-content-center\" data-attachment-id=\"1979909\">\n<div class=\"position-relative d-inline-block\"><img data-recalc-dims=\"1\" data-portal-copyright=\"Shoko Shimabukuro\/iStock\" fetchpriority=\"high\" decoding=\"async\" class=\"wp-image-1979909 size-large\" src=\"https:\/\/i0.wp.com\/catracalivre.com.br\/wp-content\/uploads\/2019\/11\/seguro-viagem-promocao-910x607.jpg?resize=910%2C607&#038;ssl=1\" alt=\"Saiba como obter cr\u00e9dito e parcelar a viagem em at\u00e9 60 vezes\" width=\"910\" height=\"607\" srcset=\"https:\/\/catracalivre.com.br\/wp-content\/uploads\/2019\/11\/seguro-viagem-promocao-910x607.jpg 910w, https:\/\/catracalivre.com.br\/wp-content\/uploads\/2019\/11\/seguro-viagem-promocao-450x300.jpg 450w, https:\/\/catracalivre.com.br\/wp-content\/uploads\/2019\/11\/seguro-viagem-promocao-768x512.jpg 768w\" sizes=\"(max-width: 910px) 100vw, 910px\"\/><\/p>\n<p>Cr\u00e9ditos: Shoko Shimabukuro\/iStock<\/p>\n<\/div>\n<\/div>\n<p><span class=\"post-imagem__legenda\">Saiba como obter cr\u00e9dito e parcelar a viagem em at\u00e9 60 vezes<\/span><\/p>\n<\/div>\n<p>O novo programa oferece cr\u00e9dito de financiamento de pacotes de viagem, passagens a\u00e9reas, hospedagem, ingressos de parques tem\u00e1ticos, entre outros servi\u00e7os de at\u00e9 R$ 20 mil. O valor poder\u00e1 ser pago em at\u00e9 60 parcelas mensais, com taxas de juros a 1,79% ao m\u00eas.<\/p>\n<p>Neste primeiro momento, para ter acesso ao cr\u00e9dito, \u00e9 preciso ser correntista do Banco do Brasil.<\/p>\n<p>O pagamento poder\u00e1 ser feito ao longo de 2 a 60 meses, com a quita\u00e7\u00e3o da primeira parcela em 60 dias ap\u00f3s a contrata\u00e7\u00e3o do servi\u00e7o. As parcelas s\u00e3o debitadas diretamente da conta.<\/p>\n<h2>Como parcelar a viagem<\/h2>\n<p>Para contratar, \u00e9 preciso ser correntista no Banco do Brasil, ter limite de cr\u00e9dito vigente e chave Pix cadastrada.<\/p>\n<p>A contrata\u00e7\u00e3o \u00e9 feita diretamente pelo aplicativo do banco ou em uma ag\u00eancia do BB em at\u00e9 60 vezes, com d\u00e9bito em conta corrente feito mensalmente e em data escolhida no momento da contrata\u00e7\u00e3o. Tudo feito de forma r\u00e1pida e online.<\/p>\n<h3>Sou prestador de servi\u00e7o, como posso participar?<\/h3>\n<p>A ativa\u00e7\u00e3o \u00e9 autom\u00e1tica para as empresas participantes do Cadastur com situa\u00e7\u00e3o regular e atua\u00e7\u00e3o nas atividades de ag\u00eancias de turismo, meios de hospedagem e parques tem\u00e1ticos, al\u00e9m das companhias a\u00e9reas, observadas as pol\u00edticas de cr\u00e9dito do BB.<\/p>\n<p>N\u00e3o h\u00e1 custos para ser habilitado, e o pagamento para o prestador \u00e9 feito mediante a liquida\u00e7\u00e3o do PIX gerado para o pagamento da venda realizada.<\/p>\n<p>O \u201cConhe\u00e7a o Brasil\u201d beneficiar\u00e1 os prestadores de servi\u00e7os cadastrados no Cadastur e as companhias a\u00e9reas, que poder\u00e3o usufruir de mais uma ferramenta para alavancar suas vendas.<\/p>\n<\/div>\n<p><script>\n\t\t! function(f, b, e, v, n, t, s) {\n\t\t\tif (f.fbq) return;\n\t\t\tn = f.fbq = function() {\n\t\t\t\tn.callMethod ?\n\t\t\t\t\tn.callMethod.apply(n, arguments) : n.queue.push(arguments)\n\t\t\t};\n\t\t\tif (!f._fbq) f._fbq = n;\n\t\t\tn.push = n;\n\t\t\tn.loaded = !0;\n\t\t\tn.version = '2.0';\n\t\t\tn.queue = [];\n\t\t\tt = b.createElement(e);\n\t\t\tt.async = !0;\n\t\t\tt.src = v;\n\t\t\ts = b.getElementsByTagName(e)[0];\n\t\t\ts.parentNode.insertBefore(t, s)\n\t\t}(window, document, 'script',\n\t\t\t'https:\/\/connect.facebook.net\/en_US\/fbevents.js');\n\t\tfbq('init', '338315473262380');\n\t\tfbq('track', 'PageView');\n\t<\/script><br \/>\n<br \/>[ad_2]<br \/>\n<br \/><a href=\"https:\/\/catracalivre.com.br\/viagem-livre\/saiba-como-obter-credito-e-parcelar-a-viagem-em-ate-60-vezes\/\" target=\"_blank\" rel=\"noopener\">Source link <\/a><\/p>\n<div class='code-block code-block-4' style='margin: 8px auto 8px 0; text-align: left; display: block; clear: both;'>\n\ud83d\udce2 Aviso Legal\n\nO site ismaelcolosi.com.br atua apenas como um canal de divulga\u00e7\u00e3o de oportunidades de emprego e n\u00e3o se responsabiliza pelo processo seletivo, contrata\u00e7\u00e3o ou qualquer outra etapa relacionada \u00e0s vagas publicadas. Todas as informa\u00e7\u00f5es s\u00e3o de responsabilidade dos anunciantes.\n\n\u26a0\ufe0f Aten\u00e7\u00e3o! Nunca pague por promessas de emprego nem compre cursos que garantam contrata\u00e7\u00e3o. Desconfie de qualquer cobran\u00e7a para participar de sele\u00e7\u00f5es.\n\n\n\n<\/div>\n<!-- CONTENT END 1 -->\n","protected":false},"excerpt":{"rendered":"<p>[ad_1] Tem coisa melhor do que viajar? Conhecer lugares diferentes, experimentar pratos t\u00edpicos deliciosos e contemplar as paisagens encantadoras do nosso pa\u00eds agora est\u00e1 mais f\u00e1cil. Com o Programa Conhe\u00e7a o Brasil: Realiza, lan\u00e7ado pelo Minist\u00e9rio do Turismo (MTur), \u00e9 poss\u00edvel obter cr\u00e9dito com condi\u00e7\u00f5es facilitadas e parcelar a viagem em at\u00e9 60 vezes. Cr\u00e9ditos:&hellip;&nbsp;<\/p>\n","protected":false},"author":1,"featured_media":12071,"comment_status":"open","ping_status":"open","sticky":false,"template":"","format":"standard","meta":{"_uag_custom_page_level_css":"","neve_meta_sidebar":"","neve_meta_container":"","neve_meta_enable_content_width":"","neve_meta_content_width":0,"neve_meta_title_alignment":"","neve_meta_author_avatar":"","neve_post_elements_order":"","neve_meta_disable_header":"","neve_meta_disable_footer":"","neve_meta_disable_title":"","_jetpack_newsletter_access":"","_jetpack_dont_email_post_to_subs":false,"_jetpack_newsletter_tier_id":0,"_jetpack_memberships_contains_paywalled_content":false,"_jetpack_memberships_contains_paid_content":false,"footnotes":""},"categories":[19],"tags":[],"class_list":["post-12070","post","type-post","status-publish","format-standard","has-post-thumbnail","hentry","category-variedades"],"uagb_featured_image_src":{"full":["https:\/\/i0.wp.com\/ismaelcolosi.com.br\/wp-content\/uploads\/2023\/12\/seguro-viagem.jpg?fit=1200%2C638&ssl=1",1200,638,false],"thumbnail":["https:\/\/i0.wp.com\/ismaelcolosi.com.br\/wp-content\/uploads\/2023\/12\/seguro-viagem.jpg?resize=150%2C150&ssl=1",150,150,true],"medium":["https:\/\/i0.wp.com\/ismaelcolosi.com.br\/wp-content\/uploads\/2023\/12\/seguro-viagem.jpg?fit=300%2C160&ssl=1",300,160,true],"medium_large":["https:\/\/i0.wp.com\/ismaelcolosi.com.br\/wp-content\/uploads\/2023\/12\/seguro-viagem.jpg?fit=768%2C408&ssl=1",768,408,true],"large":["https:\/\/i0.wp.com\/ismaelcolosi.com.br\/wp-content\/uploads\/2023\/12\/seguro-viagem.jpg?fit=1024%2C544&ssl=1",1024,544,true],"1536x1536":["https:\/\/i0.wp.com\/ismaelcolosi.com.br\/wp-content\/uploads\/2023\/12\/seguro-viagem.jpg?fit=1200%2C638&ssl=1",1200,638,true],"2048x2048":["https:\/\/i0.wp.com\/ismaelcolosi.com.br\/wp-content\/uploads\/2023\/12\/seguro-viagem.jpg?fit=1200%2C638&ssl=1",1200,638,true],"neve-blog":["https:\/\/i0.wp.com\/ismaelcolosi.com.br\/wp-content\/uploads\/2023\/12\/seguro-viagem.jpg?resize=930%2C620&ssl=1",930,620,true]},"uagb_author_info":{"display_name":"ismaelcolosi.com.br","author_link":"https:\/\/ismaelcolosi.com.br\/author\/vidareal-online\/"},"uagb_comment_info":0,"uagb_excerpt":"[ad_1] Tem coisa melhor do que viajar? Conhecer lugares diferentes, experimentar pratos t\u00edpicos deliciosos e contemplar as paisagens encantadoras do nosso pa\u00eds agora est\u00e1 mais f\u00e1cil. Com o Programa Conhe\u00e7a o Brasil: Realiza, lan\u00e7ado pelo Minist\u00e9rio do Turismo (MTur), \u00e9 poss\u00edvel obter cr\u00e9dito com condi\u00e7\u00f5es facilitadas e parcelar a viagem em at\u00e9 60 vezes. Cr\u00e9ditos:&hellip;&nbsp;","jetpack-related-posts":[{"id":5914,"url":"https:\/\/ismaelcolosi.com.br\/index.php\/2023\/11\/24\/somente-hoje-black-friday-da-latam-tem-passagens-aereas-a-partir-de-r-99\/","url_meta":{"origin":12070,"position":0},"title":"Somente hoje! Black Friday da Latam tem passagens a\u00e9reas a partir de R$ 99","author":"ismaelcolosi.com.br","date":"24 de Novembro de 2023","format":false,"excerpt":"[ad_1] A Black Friday 2023 da Latam\u00a0 est\u00e1 no ar com passagens a\u00e9reas a partir de R$ 99. As ofertas tamb\u00e9m contemplam bilhetes para destinos internacionais, al\u00e9m de at\u00e9 60% de desconto em pacotes de viagem (voo + hotel).A tarifa mais atraente \u00e9 a da oferta rel\u00e2mpago para a ponte\u2026","rel":"","context":"In &quot;Variedades&quot;","block_context":{"text":"Variedades","link":"https:\/\/ismaelcolosi.com.br\/index.php\/category\/variedades\/"},"img":{"alt_text":"","src":"https:\/\/i0.wp.com\/ismaelcolosi.com.br\/wp-content\/uploads\/2023\/11\/istock-659139684.jpg?fit=1200%2C638&ssl=1&resize=350%2C200","width":350,"height":200,"srcset":"https:\/\/i0.wp.com\/ismaelcolosi.com.br\/wp-content\/uploads\/2023\/11\/istock-659139684.jpg?fit=1200%2C638&ssl=1&resize=350%2C200 1x, https:\/\/i0.wp.com\/ismaelcolosi.com.br\/wp-content\/uploads\/2023\/11\/istock-659139684.jpg?fit=1200%2C638&ssl=1&resize=525%2C300 1.5x, https:\/\/i0.wp.com\/ismaelcolosi.com.br\/wp-content\/uploads\/2023\/11\/istock-659139684.jpg?fit=1200%2C638&ssl=1&resize=700%2C400 2x, https:\/\/i0.wp.com\/ismaelcolosi.com.br\/wp-content\/uploads\/2023\/11\/istock-659139684.jpg?fit=1200%2C638&ssl=1&resize=1050%2C600 3x"},"classes":[]},{"id":11647,"url":"https:\/\/ismaelcolosi.com.br\/index.php\/2023\/12\/06\/refis-rp-ja-renegociou-r-147-milhoes\/","url_meta":{"origin":12070,"position":1},"title":"Refis: RP j\u00e1 renegociou\u00a0R$ 14,7 milh\u00f5es \u00a0","author":"ismaelcolosi.com.br","date":"6 de Dezembro de 2023","format":false,"excerpt":"[ad_1] 6 de dezembro de 2023 | 15:006 de dezembro de 2023 | 9:21 0Em menos de 15 dias, desde seu lan\u00e7amento em 16 de novembro, o novo Programa de Regulariza\u00e7\u00e3o de D\u00e9bitos Tribut\u00e1rios, o popular \u201cRefis\u201d da prefeitura de Ribeir\u00e3o Preto, batizado de Retoma Ribeir\u00e3o 2, j\u00e1 auxiliou muitos\u2026","rel":"","context":"In &quot;Not\u00edcias de Ribeir\u00e3o Preto-SP e Regi\u00e3o&quot;","block_context":{"text":"Not\u00edcias de Ribeir\u00e3o Preto-SP e Regi\u00e3o","link":"https:\/\/ismaelcolosi.com.br\/index.php\/category\/noticias-de-ribeirao-preto-sp-e-regiao-ismael-colosi\/"},"img":{"alt_text":"","src":"https:\/\/i0.wp.com\/ismaelcolosi.com.br\/wp-content\/uploads\/2023\/12\/Refis.png?fit=968%2C645&ssl=1&resize=350%2C200","width":350,"height":200,"srcset":"https:\/\/i0.wp.com\/ismaelcolosi.com.br\/wp-content\/uploads\/2023\/12\/Refis.png?fit=968%2C645&ssl=1&resize=350%2C200 1x, https:\/\/i0.wp.com\/ismaelcolosi.com.br\/wp-content\/uploads\/2023\/12\/Refis.png?fit=968%2C645&ssl=1&resize=525%2C300 1.5x, https:\/\/i0.wp.com\/ismaelcolosi.com.br\/wp-content\/uploads\/2023\/12\/Refis.png?fit=968%2C645&ssl=1&resize=700%2C400 2x"},"classes":[]},{"id":1029,"url":"https:\/\/ismaelcolosi.com.br\/index.php\/2023\/11\/10\/rp-refis-ainda-depende-de-sancao-do-prefeito\/","url_meta":{"origin":12070,"position":2},"title":"RP: \u2018Refis\u2019 ainda depende\u00a0de san\u00e7\u00e3o do prefeito\u00a0","author":"ismaelcolosi.com.br","date":"10 de Novembro de 2023","format":false,"excerpt":"[ad_1] 10 de novembro de 2023 | 8:309 de novembro de 2023 | 18:39 0O novo Programa de Regulariza\u00e7\u00e3o de D\u00e9bitos Tribut\u00e1rios, o popular \u201cRefis\u201d, batizado pelo prefeito Duarte Nogueira de Retoma Ribeir\u00e3o 2, ainda depende de san\u00e7\u00e3o e publica\u00e7\u00e3o no Di\u00e1rio Oficial do Munic\u00edpio (DOM) para come\u00e7ar a valer.\u2026","rel":"","context":"In &quot;Not\u00edcias de Ribeir\u00e3o Preto-SP e Regi\u00e3o&quot;","block_context":{"text":"Not\u00edcias de Ribeir\u00e3o Preto-SP e Regi\u00e3o","link":"https:\/\/ismaelcolosi.com.br\/index.php\/category\/noticias-de-ribeirao-preto-sp-e-regiao-ismael-colosi\/"},"img":{"alt_text":"","src":"https:\/\/i0.wp.com\/ismaelcolosi.com.br\/wp-content\/uploads\/2023\/11\/RefisRP-Alfredo-Risk-Arquivo-2-scaled.jpg?fit=1000%2C640&ssl=1&resize=350%2C200","width":350,"height":200,"srcset":"https:\/\/i0.wp.com\/ismaelcolosi.com.br\/wp-content\/uploads\/2023\/11\/RefisRP-Alfredo-Risk-Arquivo-2-scaled.jpg?fit=1000%2C640&ssl=1&resize=350%2C200 1x, https:\/\/i0.wp.com\/ismaelcolosi.com.br\/wp-content\/uploads\/2023\/11\/RefisRP-Alfredo-Risk-Arquivo-2-scaled.jpg?fit=1000%2C640&ssl=1&resize=525%2C300 1.5x, https:\/\/i0.wp.com\/ismaelcolosi.com.br\/wp-content\/uploads\/2023\/11\/RefisRP-Alfredo-Risk-Arquivo-2-scaled.jpg?fit=1000%2C640&ssl=1&resize=700%2C400 2x"},"classes":[]},{"id":8644,"url":"https:\/\/ismaelcolosi.com.br\/index.php\/2023\/11\/30\/posto-da-saerp-atende-devedores\/","url_meta":{"origin":12070,"position":3},"title":"Posto da Saerp atende devedores\u00a0","author":"ismaelcolosi.com.br","date":"30 de Novembro de 2023","format":false,"excerpt":"[ad_1] Para facilitar o atendimento aos clientes que querem\u00a0 aderir ao novo Programa de Regulariza\u00e7\u00e3o de D\u00e9bitos Tribut\u00e1rios, o popular \u201cRefis\u201d, batizado de Retoma Ribeir\u00e3o 2, a Secretaria Municipal de \u00c1gua e Esgoto de Ribeir\u00e3o Preto (Saerp) abriu um posto de atendimento na regi\u00e3o Central da cidade. A unidade est\u00e1\u2026","rel":"","context":"In &quot;Not\u00edcias de Ribeir\u00e3o Preto-SP e Regi\u00e3o&quot;","block_context":{"text":"Not\u00edcias de Ribeir\u00e3o Preto-SP e Regi\u00e3o","link":"https:\/\/ismaelcolosi.com.br\/index.php\/category\/noticias-de-ribeirao-preto-sp-e-regiao-ismael-colosi\/"},"img":{"alt_text":"","src":"https:\/\/i0.wp.com\/ismaelcolosi.com.br\/wp-content\/uploads\/2023\/11\/refis.png?fit=968%2C645&ssl=1&resize=350%2C200","width":350,"height":200,"srcset":"https:\/\/i0.wp.com\/ismaelcolosi.com.br\/wp-content\/uploads\/2023\/11\/refis.png?fit=968%2C645&ssl=1&resize=350%2C200 1x, https:\/\/i0.wp.com\/ismaelcolosi.com.br\/wp-content\/uploads\/2023\/11\/refis.png?fit=968%2C645&ssl=1&resize=525%2C300 1.5x, https:\/\/i0.wp.com\/ismaelcolosi.com.br\/wp-content\/uploads\/2023\/11\/refis.png?fit=968%2C645&ssl=1&resize=700%2C400 2x"},"classes":[]},{"id":37715,"url":"https:\/\/ismaelcolosi.com.br\/index.php\/2024\/02\/17\/refis-injeta-r-431-milhoes-em-rp\/","url_meta":{"origin":12070,"position":4},"title":"\u2018Refis\u2019 injeta R$ 43,1 milh\u00f5es em RP\u00a0","author":"ismaelcolosi.com.br","date":"17 de Fevereiro de 2024","format":false,"excerpt":"[ad_1] A ades\u00e3o ao novo Programa de Regulariza\u00e7\u00e3o de D\u00e9bitos Tribut\u00e1rios, o popular \u201cRefis\u201d da prefeitura de Ribeir\u00e3o Preto, batizado de Retoma Ribeir\u00e3o 2, terminou em 21 de dezembro. Nesta sexta-feira, 16 de fevereiro, as secretarias Municipais da Fazenda e de \u00c1gua e Esgoto (Saerp) divulgaram o balan\u00e7o final, a\u2026","rel":"","context":"In &quot;Not\u00edcias de Ribeir\u00e3o Preto-SP e Regi\u00e3o&quot;","block_context":{"text":"Not\u00edcias de Ribeir\u00e3o Preto-SP e Regi\u00e3o","link":"https:\/\/ismaelcolosi.com.br\/index.php\/category\/noticias-de-ribeirao-preto-sp-e-regiao-ismael-colosi\/"},"img":{"alt_text":"","src":"https:\/\/i0.wp.com\/ismaelcolosi.com.br\/wp-content\/uploads\/2024\/02\/RefisRP-Alfredo-Risk-Arquivo-scaled.jpg?fit=1000%2C640&ssl=1&resize=350%2C200","width":350,"height":200,"srcset":"https:\/\/i0.wp.com\/ismaelcolosi.com.br\/wp-content\/uploads\/2024\/02\/RefisRP-Alfredo-Risk-Arquivo-scaled.jpg?fit=1000%2C640&ssl=1&resize=350%2C200 1x, https:\/\/i0.wp.com\/ismaelcolosi.com.br\/wp-content\/uploads\/2024\/02\/RefisRP-Alfredo-Risk-Arquivo-scaled.jpg?fit=1000%2C640&ssl=1&resize=525%2C300 1.5x, https:\/\/i0.wp.com\/ismaelcolosi.com.br\/wp-content\/uploads\/2024\/02\/RefisRP-Alfredo-Risk-Arquivo-scaled.jpg?fit=1000%2C640&ssl=1&resize=700%2C400 2x"},"classes":[]},{"id":1925,"url":"https:\/\/ismaelcolosi.com.br\/index.php\/2023\/11\/14\/veja-como-regularizar-debitos-com-a-prefeitura-atraves-do-programa-retoma-ribeirao\/","url_meta":{"origin":12070,"position":5},"title":"Veja como regularizar d\u00e9bitos com a Prefeitura atrav\u00e9s do programa Retoma Ribeir\u00e3o","author":"ismaelcolosi.com.br","date":"14 de Novembro de 2023","format":false,"excerpt":"[ad_1] A Prefeitura de Ribeir\u00e3o Preto informou nesta segunda-feira (13), que o programa de regulariza\u00e7\u00e3o de d\u00e9bitos junto \u00e0 Secretaria Municipal da Fazenda, o Retoma Ribeir\u00e3o, estar\u00e1 dispon\u00edvel a partir de quinta-feira (16).\u00a0 De acordo com a Administra\u00e7\u00e3o Municipal, poder\u00e3o ser negociados os impostos em atraso, como IPTU, ISS e\u2026","rel":"","context":"In &quot;Not\u00edcias de Ribeir\u00e3o Preto-SP e Regi\u00e3o&quot;","block_context":{"text":"Not\u00edcias de Ribeir\u00e3o Preto-SP e Regi\u00e3o","link":"https:\/\/ismaelcolosi.com.br\/index.php\/category\/noticias-de-ribeirao-preto-sp-e-regiao-ismael-colosi\/"},"img":{"alt_text":"","src":"https:\/\/i0.wp.com\/ismaelcolosi.com.br\/wp-content\/uploads\/2023\/11\/1699966556_ribeirao-preto-prefeitura.jpg?fit=1200%2C900&ssl=1&resize=350%2C200","width":350,"height":200,"srcset":"https:\/\/i0.wp.com\/ismaelcolosi.com.br\/wp-content\/uploads\/2023\/11\/1699966556_ribeirao-preto-prefeitura.jpg?fit=1200%2C900&ssl=1&resize=350%2C200 1x, https:\/\/i0.wp.com\/ismaelcolosi.com.br\/wp-content\/uploads\/2023\/11\/1699966556_ribeirao-preto-prefeitura.jpg?fit=1200%2C900&ssl=1&resize=525%2C300 1.5x, https:\/\/i0.wp.com\/ismaelcolosi.com.br\/wp-content\/uploads\/2023\/11\/1699966556_ribeirao-preto-prefeitura.jpg?fit=1200%2C900&ssl=1&resize=700%2C400 2x, https:\/\/i0.wp.com\/ismaelcolosi.com.br\/wp-content\/uploads\/2023\/11\/1699966556_ribeirao-preto-prefeitura.jpg?fit=1200%2C900&ssl=1&resize=1050%2C600 3x"},"classes":[]}],"jetpack_sharing_enabled":true,"jetpack_shortlink":"https:\/\/wp.me\/pfMlyK-38G","jetpack_featured_media_url":"https:\/\/i0.wp.com\/ismaelcolosi.com.br\/wp-content\/uploads\/2023\/12\/seguro-viagem.jpg?fit=1200%2C638&ssl=1","_links":{"self":[{"href":"https:\/\/ismaelcolosi.com.br\/index.php\/wp-json\/wp\/v2\/posts\/12070","targetHints":{"allow":["GET"]}}],"collection":[{"href":"https:\/\/ismaelcolosi.com.br\/index.php\/wp-json\/wp\/v2\/posts"}],"about":[{"href":"https:\/\/ismaelcolosi.com.br\/index.php\/wp-json\/wp\/v2\/types\/post"}],"author":[{"embeddable":true,"href":"https:\/\/ismaelcolosi.com.br\/index.php\/wp-json\/wp\/v2\/users\/1"}],"replies":[{"embeddable":true,"href":"https:\/\/ismaelcolosi.com.br\/index.php\/wp-json\/wp\/v2\/comments?post=12070"}],"version-history":[{"count":0,"href":"https:\/\/ismaelcolosi.com.br\/index.php\/wp-json\/wp\/v2\/posts\/12070\/revisions"}],"wp:featuredmedia":[{"embeddable":true,"href":"https:\/\/ismaelcolosi.com.br\/index.php\/wp-json\/wp\/v2\/media\/12071"}],"wp:attachment":[{"href":"https:\/\/ismaelcolosi.com.br\/index.php\/wp-json\/wp\/v2\/media?parent=12070"}],"wp:term":[{"taxonomy":"category","embeddable":true,"href":"https:\/\/ismaelcolosi.com.br\/index.php\/wp-json\/wp\/v2\/categories?post=12070"},{"taxonomy":"post_tag","embeddable":true,"href":"https:\/\/ismaelcolosi.com.br\/index.php\/wp-json\/wp\/v2\/tags?post=12070"}],"curies":[{"name":"wp","href":"https:\/\/api.w.org\/{rel}","templated":true}]}}