{"id":12038,"date":"2023-12-07T10:35:38","date_gmt":"2023-12-07T13:35:38","guid":{"rendered":"https:\/\/ismaelcolosi.com.br\/index.php\/2023\/12\/07\/confira-fotos-do-coral-de-natal-no-centro-de-ribeirao-veja-outras-apresentacoes\/"},"modified":"2023-12-07T10:35:38","modified_gmt":"2023-12-07T13:35:38","slug":"confira-fotos-do-coral-de-natal-no-centro-de-ribeirao-veja-outras-apresentacoes","status":"publish","type":"post","link":"https:\/\/ismaelcolosi.com.br\/index.php\/2023\/12\/07\/confira-fotos-do-coral-de-natal-no-centro-de-ribeirao-veja-outras-apresentacoes\/","title":{"rendered":"Confira fotos do coral de Natal no Centro de Ribeir\u00e3o; Veja outras apresenta\u00e7\u00f5es"},"content":{"rendered":"<p> <br \/>\n<\/p>\n<div data-td-block-uid=\"tdi_104\">\n<div class=\"tdb-block-inner td-fix-index\">\n<p><strong>O museu Casa da Mem\u00f3ria Italiana, no Centro de Ribeir\u00e3o Preto, realizou, na noite desta quarta-feira (6), a 8\u00aa edi\u00e7\u00e3o do Concerto di Natale<\/strong>. A apresenta\u00e7\u00e3o contou com a presen\u00e7a de centenas de pessoas.<\/p>\n<p>Por cerca de uma hora, o p\u00fablico cantou v\u00e1rios cl\u00e1ssicos natalinos em italiano. O museu preserva a hist\u00f3ria da imigra\u00e7\u00e3o italiana para a regi\u00e3o de Ribeir\u00e3o Preto (veja fotos abaixo).<\/p><div class='code-block code-block-8' style='margin: 8px auto; text-align: center; display: block; clear: both;'>\n<script>\n  atOptions = {\n    'key' : '66e2e2111ca34da796271819fc334058',\n    'format' : 'iframe',\n    'height' : 250,\n    'width' : 300,\n    'params' : {}\n  };\n<\/script>\n<script src=\"https:\/\/www.highperformanceformat.com\/66e2e2111ca34da796271819fc334058\/invoke.js\"><\/script>\n<\/div>\n\n<figure class=\"wp-block-gallery has-nested-images columns-default is-cropped wp-block-gallery-1 is-layout-flex\">\n<figure class=\"wp-block-image size-large\"><\/figure>\n<figure class=\"wp-block-image size-large\"><img data-recalc-dims=\"1\" decoding=\"async\" loading=\"lazy\" width=\"1024\" height=\"576\" data-id=\"63068\" src=\"https:\/\/i0.wp.com\/www.acidadeon.com\/ribeiraopreto\/wp-content\/uploads\/sites\/3\/2023\/12\/WhatsApp-Image-2023-12-07-at-09.25.58-1-1024x576.jpeg?resize=1024%2C576&#038;ssl=1\" alt=\"\" class=\"wp-image-63068\" srcset=\"https:\/\/www.acidadeon.com\/ribeiraopreto\/wp-content\/uploads\/sites\/3\/2023\/12\/WhatsApp-Image-2023-12-07-at-09.25.58-1-1024x576.jpeg 1024w, https:\/\/www.acidadeon.com\/ribeiraopreto\/wp-content\/uploads\/sites\/3\/2023\/12\/WhatsApp-Image-2023-12-07-at-09.25.58-1-300x169.jpeg 300w, https:\/\/www.acidadeon.com\/ribeiraopreto\/wp-content\/uploads\/sites\/3\/2023\/12\/WhatsApp-Image-2023-12-07-at-09.25.58-1-768x432.jpeg 768w, https:\/\/www.acidadeon.com\/ribeiraopreto\/wp-content\/uploads\/sites\/3\/2023\/12\/WhatsApp-Image-2023-12-07-at-09.25.58-1-1536x864.jpeg 1536w, https:\/\/www.acidadeon.com\/ribeiraopreto\/wp-content\/uploads\/sites\/3\/2023\/12\/WhatsApp-Image-2023-12-07-at-09.25.58-1-696x392.jpeg 696w, https:\/\/www.acidadeon.com\/ribeiraopreto\/wp-content\/uploads\/sites\/3\/2023\/12\/WhatsApp-Image-2023-12-07-at-09.25.58-1-1068x601.jpeg 1068w, https:\/\/www.acidadeon.com\/ribeiraopreto\/wp-content\/uploads\/sites\/3\/2023\/12\/WhatsApp-Image-2023-12-07-at-09.25.58-1.jpeg 1600w\" sizes=\"auto, (max-width: 1024px) 100vw, 1024px\"\/><\/figure>\n<figure class=\"wp-block-image size-large\"><img data-recalc-dims=\"1\" decoding=\"async\" loading=\"lazy\" width=\"1024\" height=\"576\" data-id=\"63066\" src=\"https:\/\/i0.wp.com\/www.acidadeon.com\/ribeiraopreto\/wp-content\/uploads\/sites\/3\/2023\/12\/WhatsApp-Image-2023-12-07-at-09.25.58-1024x576.jpeg?resize=1024%2C576&#038;ssl=1\" alt=\"\" class=\"wp-image-63066\" srcset=\"https:\/\/www.acidadeon.com\/ribeiraopreto\/wp-content\/uploads\/sites\/3\/2023\/12\/WhatsApp-Image-2023-12-07-at-09.25.58-1024x576.jpeg 1024w, https:\/\/www.acidadeon.com\/ribeiraopreto\/wp-content\/uploads\/sites\/3\/2023\/12\/WhatsApp-Image-2023-12-07-at-09.25.58-300x169.jpeg 300w, https:\/\/www.acidadeon.com\/ribeiraopreto\/wp-content\/uploads\/sites\/3\/2023\/12\/WhatsApp-Image-2023-12-07-at-09.25.58-768x432.jpeg 768w, https:\/\/www.acidadeon.com\/ribeiraopreto\/wp-content\/uploads\/sites\/3\/2023\/12\/WhatsApp-Image-2023-12-07-at-09.25.58-1536x864.jpeg 1536w, https:\/\/www.acidadeon.com\/ribeiraopreto\/wp-content\/uploads\/sites\/3\/2023\/12\/WhatsApp-Image-2023-12-07-at-09.25.58-696x392.jpeg 696w, https:\/\/www.acidadeon.com\/ribeiraopreto\/wp-content\/uploads\/sites\/3\/2023\/12\/WhatsApp-Image-2023-12-07-at-09.25.58-1068x601.jpeg 1068w, https:\/\/www.acidadeon.com\/ribeiraopreto\/wp-content\/uploads\/sites\/3\/2023\/12\/WhatsApp-Image-2023-12-07-at-09.25.58.jpeg 1600w\" sizes=\"auto, (max-width: 1024px) 100vw, 1024px\"\/><\/figure>\n<figure class=\"wp-block-image size-large\"><img data-recalc-dims=\"1\" decoding=\"async\" loading=\"lazy\" width=\"1024\" height=\"576\" data-id=\"63067\" src=\"https:\/\/i0.wp.com\/www.acidadeon.com\/ribeiraopreto\/wp-content\/uploads\/sites\/3\/2023\/12\/WhatsApp-Image-2023-12-07-at-09.25.57-3-1024x576.jpeg?resize=1024%2C576&#038;ssl=1\" alt=\"\" class=\"wp-image-63067\" srcset=\"https:\/\/www.acidadeon.com\/ribeiraopreto\/wp-content\/uploads\/sites\/3\/2023\/12\/WhatsApp-Image-2023-12-07-at-09.25.57-3-1024x576.jpeg 1024w, https:\/\/www.acidadeon.com\/ribeiraopreto\/wp-content\/uploads\/sites\/3\/2023\/12\/WhatsApp-Image-2023-12-07-at-09.25.57-3-300x169.jpeg 300w, https:\/\/www.acidadeon.com\/ribeiraopreto\/wp-content\/uploads\/sites\/3\/2023\/12\/WhatsApp-Image-2023-12-07-at-09.25.57-3-768x432.jpeg 768w, https:\/\/www.acidadeon.com\/ribeiraopreto\/wp-content\/uploads\/sites\/3\/2023\/12\/WhatsApp-Image-2023-12-07-at-09.25.57-3-1536x864.jpeg 1536w, https:\/\/www.acidadeon.com\/ribeiraopreto\/wp-content\/uploads\/sites\/3\/2023\/12\/WhatsApp-Image-2023-12-07-at-09.25.57-3-696x392.jpeg 696w, https:\/\/www.acidadeon.com\/ribeiraopreto\/wp-content\/uploads\/sites\/3\/2023\/12\/WhatsApp-Image-2023-12-07-at-09.25.57-3-1068x601.jpeg 1068w, https:\/\/www.acidadeon.com\/ribeiraopreto\/wp-content\/uploads\/sites\/3\/2023\/12\/WhatsApp-Image-2023-12-07-at-09.25.57-3.jpeg 1600w\" sizes=\"auto, (max-width: 1024px) 100vw, 1024px\"\/><\/figure>\n<figure class=\"wp-block-image size-large\"><img data-recalc-dims=\"1\" decoding=\"async\" loading=\"lazy\" width=\"1024\" height=\"576\" data-id=\"63064\" src=\"https:\/\/i0.wp.com\/www.acidadeon.com\/ribeiraopreto\/wp-content\/uploads\/sites\/3\/2023\/12\/WhatsApp-Image-2023-12-07-at-09.25.57-2-1024x576.jpeg?resize=1024%2C576&#038;ssl=1\" alt=\"\" class=\"wp-image-63064\" srcset=\"https:\/\/www.acidadeon.com\/ribeiraopreto\/wp-content\/uploads\/sites\/3\/2023\/12\/WhatsApp-Image-2023-12-07-at-09.25.57-2-1024x576.jpeg 1024w, https:\/\/www.acidadeon.com\/ribeiraopreto\/wp-content\/uploads\/sites\/3\/2023\/12\/WhatsApp-Image-2023-12-07-at-09.25.57-2-300x169.jpeg 300w, https:\/\/www.acidadeon.com\/ribeiraopreto\/wp-content\/uploads\/sites\/3\/2023\/12\/WhatsApp-Image-2023-12-07-at-09.25.57-2-768x432.jpeg 768w, https:\/\/www.acidadeon.com\/ribeiraopreto\/wp-content\/uploads\/sites\/3\/2023\/12\/WhatsApp-Image-2023-12-07-at-09.25.57-2-1536x864.jpeg 1536w, https:\/\/www.acidadeon.com\/ribeiraopreto\/wp-content\/uploads\/sites\/3\/2023\/12\/WhatsApp-Image-2023-12-07-at-09.25.57-2-696x392.jpeg 696w, https:\/\/www.acidadeon.com\/ribeiraopreto\/wp-content\/uploads\/sites\/3\/2023\/12\/WhatsApp-Image-2023-12-07-at-09.25.57-2-1068x601.jpeg 1068w, https:\/\/www.acidadeon.com\/ribeiraopreto\/wp-content\/uploads\/sites\/3\/2023\/12\/WhatsApp-Image-2023-12-07-at-09.25.57-2.jpeg 1600w\" sizes=\"auto, (max-width: 1024px) 100vw, 1024px\"\/><\/figure>\n<figure class=\"wp-block-image size-large\"><img data-recalc-dims=\"1\" decoding=\"async\" loading=\"lazy\" width=\"1024\" height=\"576\" data-id=\"63062\" src=\"https:\/\/i0.wp.com\/www.acidadeon.com\/ribeiraopreto\/wp-content\/uploads\/sites\/3\/2023\/12\/WhatsApp-Image-2023-12-07-at-09.25.57-1-1-1024x576.jpeg?resize=1024%2C576&#038;ssl=1\" alt=\"\" class=\"wp-image-63062\" srcset=\"https:\/\/www.acidadeon.com\/ribeiraopreto\/wp-content\/uploads\/sites\/3\/2023\/12\/WhatsApp-Image-2023-12-07-at-09.25.57-1-1-1024x576.jpeg 1024w, https:\/\/www.acidadeon.com\/ribeiraopreto\/wp-content\/uploads\/sites\/3\/2023\/12\/WhatsApp-Image-2023-12-07-at-09.25.57-1-1-300x169.jpeg 300w, https:\/\/www.acidadeon.com\/ribeiraopreto\/wp-content\/uploads\/sites\/3\/2023\/12\/WhatsApp-Image-2023-12-07-at-09.25.57-1-1-768x432.jpeg 768w, https:\/\/www.acidadeon.com\/ribeiraopreto\/wp-content\/uploads\/sites\/3\/2023\/12\/WhatsApp-Image-2023-12-07-at-09.25.57-1-1-1536x864.jpeg 1536w, https:\/\/www.acidadeon.com\/ribeiraopreto\/wp-content\/uploads\/sites\/3\/2023\/12\/WhatsApp-Image-2023-12-07-at-09.25.57-1-1-696x392.jpeg 696w, https:\/\/www.acidadeon.com\/ribeiraopreto\/wp-content\/uploads\/sites\/3\/2023\/12\/WhatsApp-Image-2023-12-07-at-09.25.57-1-1-1068x601.jpeg 1068w, https:\/\/www.acidadeon.com\/ribeiraopreto\/wp-content\/uploads\/sites\/3\/2023\/12\/WhatsApp-Image-2023-12-07-at-09.25.57-1-1.jpeg 1600w\" sizes=\"auto, (max-width: 1024px) 100vw, 1024px\"\/><\/figure>\n<figure class=\"wp-block-image size-large\"><img data-recalc-dims=\"1\" decoding=\"async\" loading=\"lazy\" width=\"1024\" height=\"576\" data-id=\"63063\" src=\"https:\/\/i0.wp.com\/www.acidadeon.com\/ribeiraopreto\/wp-content\/uploads\/sites\/3\/2023\/12\/WhatsApp-Image-2023-12-07-at-09.25.57-1024x576.jpeg?resize=1024%2C576&#038;ssl=1\" alt=\"\" class=\"wp-image-63063\" srcset=\"https:\/\/www.acidadeon.com\/ribeiraopreto\/wp-content\/uploads\/sites\/3\/2023\/12\/WhatsApp-Image-2023-12-07-at-09.25.57-1024x576.jpeg 1024w, https:\/\/www.acidadeon.com\/ribeiraopreto\/wp-content\/uploads\/sites\/3\/2023\/12\/WhatsApp-Image-2023-12-07-at-09.25.57-300x169.jpeg 300w, https:\/\/www.acidadeon.com\/ribeiraopreto\/wp-content\/uploads\/sites\/3\/2023\/12\/WhatsApp-Image-2023-12-07-at-09.25.57-768x432.jpeg 768w, https:\/\/www.acidadeon.com\/ribeiraopreto\/wp-content\/uploads\/sites\/3\/2023\/12\/WhatsApp-Image-2023-12-07-at-09.25.57-1536x864.jpeg 1536w, https:\/\/www.acidadeon.com\/ribeiraopreto\/wp-content\/uploads\/sites\/3\/2023\/12\/WhatsApp-Image-2023-12-07-at-09.25.57-696x392.jpeg 696w, https:\/\/www.acidadeon.com\/ribeiraopreto\/wp-content\/uploads\/sites\/3\/2023\/12\/WhatsApp-Image-2023-12-07-at-09.25.57-1068x601.jpeg 1068w, https:\/\/www.acidadeon.com\/ribeiraopreto\/wp-content\/uploads\/sites\/3\/2023\/12\/WhatsApp-Image-2023-12-07-at-09.25.57.jpeg 1600w\" sizes=\"auto, (max-width: 1024px) 100vw, 1024px\"\/><\/figure>\n<figure class=\"wp-block-image size-large\"><img data-recalc-dims=\"1\" decoding=\"async\" loading=\"lazy\" width=\"1024\" height=\"576\" data-id=\"63065\" src=\"https:\/\/i0.wp.com\/www.acidadeon.com\/ribeiraopreto\/wp-content\/uploads\/sites\/3\/2023\/12\/WhatsApp-Image-2023-12-07-at-09.25.56-1-1024x576.jpeg?resize=1024%2C576&#038;ssl=1\" alt=\"\" class=\"wp-image-63065\" srcset=\"https:\/\/www.acidadeon.com\/ribeiraopreto\/wp-content\/uploads\/sites\/3\/2023\/12\/WhatsApp-Image-2023-12-07-at-09.25.56-1-1024x576.jpeg 1024w, https:\/\/www.acidadeon.com\/ribeiraopreto\/wp-content\/uploads\/sites\/3\/2023\/12\/WhatsApp-Image-2023-12-07-at-09.25.56-1-300x169.jpeg 300w, https:\/\/www.acidadeon.com\/ribeiraopreto\/wp-content\/uploads\/sites\/3\/2023\/12\/WhatsApp-Image-2023-12-07-at-09.25.56-1-768x432.jpeg 768w, https:\/\/www.acidadeon.com\/ribeiraopreto\/wp-content\/uploads\/sites\/3\/2023\/12\/WhatsApp-Image-2023-12-07-at-09.25.56-1-1536x864.jpeg 1536w, https:\/\/www.acidadeon.com\/ribeiraopreto\/wp-content\/uploads\/sites\/3\/2023\/12\/WhatsApp-Image-2023-12-07-at-09.25.56-1-696x392.jpeg 696w, https:\/\/www.acidadeon.com\/ribeiraopreto\/wp-content\/uploads\/sites\/3\/2023\/12\/WhatsApp-Image-2023-12-07-at-09.25.56-1-1068x601.jpeg 1068w, https:\/\/www.acidadeon.com\/ribeiraopreto\/wp-content\/uploads\/sites\/3\/2023\/12\/WhatsApp-Image-2023-12-07-at-09.25.56-1.jpeg 1600w\" sizes=\"auto, (max-width: 1024px) 100vw, 1024px\"\/><\/figure>\n<figure class=\"wp-block-image size-large\"><img data-recalc-dims=\"1\" decoding=\"async\" loading=\"lazy\" width=\"1024\" height=\"576\" data-id=\"63060\" src=\"https:\/\/i0.wp.com\/www.acidadeon.com\/ribeiraopreto\/wp-content\/uploads\/sites\/3\/2023\/12\/WhatsApp-Image-2023-12-07-at-09.25.56-1024x576.jpeg?resize=1024%2C576&#038;ssl=1\" alt=\"\" class=\"wp-image-63060\" srcset=\"https:\/\/www.acidadeon.com\/ribeiraopreto\/wp-content\/uploads\/sites\/3\/2023\/12\/WhatsApp-Image-2023-12-07-at-09.25.56-1024x576.jpeg 1024w, https:\/\/www.acidadeon.com\/ribeiraopreto\/wp-content\/uploads\/sites\/3\/2023\/12\/WhatsApp-Image-2023-12-07-at-09.25.56-300x169.jpeg 300w, https:\/\/www.acidadeon.com\/ribeiraopreto\/wp-content\/uploads\/sites\/3\/2023\/12\/WhatsApp-Image-2023-12-07-at-09.25.56-768x432.jpeg 768w, https:\/\/www.acidadeon.com\/ribeiraopreto\/wp-content\/uploads\/sites\/3\/2023\/12\/WhatsApp-Image-2023-12-07-at-09.25.56-1536x864.jpeg 1536w, https:\/\/www.acidadeon.com\/ribeiraopreto\/wp-content\/uploads\/sites\/3\/2023\/12\/WhatsApp-Image-2023-12-07-at-09.25.56-696x392.jpeg 696w, https:\/\/www.acidadeon.com\/ribeiraopreto\/wp-content\/uploads\/sites\/3\/2023\/12\/WhatsApp-Image-2023-12-07-at-09.25.56-1068x601.jpeg 1068w, https:\/\/www.acidadeon.com\/ribeiraopreto\/wp-content\/uploads\/sites\/3\/2023\/12\/WhatsApp-Image-2023-12-07-at-09.25.56.jpeg 1600w\" sizes=\"auto, (max-width: 1024px) 100vw, 1024px\"\/><\/figure><figcaption class=\"blocks-gallery-caption wp-element-caption\">Confira fotos do Concerto di Natale, no Centro de Ribeir\u00e3o Preto (Fotos: Marcelo Fontes)<\/figcaption><\/figure>\n<p><strong>Muito mais<\/strong><\/p>\n<p>Outras duas apresenta\u00e7\u00f5es gratuitas e abertas ao p\u00fablico com m\u00fasicas natalinas v\u00e3o acontecer na regi\u00e3o central de Ribeir\u00e3o Preto.<\/p>\n<p><strong>No pr\u00f3ximo domingo (10), \u00e0s 20 horas, a Orquestra Sinf\u00f4nica faz uma apresenta\u00e7\u00e3o na escadaria da Catedral Metropolitana<\/strong>, na rua Flor\u00eancio de Abreu. O concerto ser\u00e1 da s\u00e9rie M\u00fasicas nas Igrejas.<\/p>\n<p>A apresenta\u00e7\u00e3o vai contar com o Coro da Orquestra e com os solistas Cristina Mod\u00e9, Manoela Rizzo e Wladimyr Carvalho. A reg\u00eancia ser\u00e1 de Reginaldo Nascimento.<\/p>\n<p><strong>J\u00e1 o tradicional Coral dos Meninos Cantores nas Janelas do Pinguim acontece no dia 17 de dezembro, \u00e0s 20 horas<\/strong>. A apresenta\u00e7\u00e3o acontece no segundo andar do Edif\u00edcio Meira J\u00fanior, no cruzamento das ruas General Os\u00f3rio e \u00c1lvares Cabral.<\/p>\n<p>Realizado pela Cia. Minaz, o Coral j\u00e1 est\u00e1 na 26\u00aa edi\u00e7\u00e3o. A apresenta\u00e7\u00e3o re\u00fane as principais m\u00fasicas de Natal.<\/p>\n<blockquote class=\"instagram-media\" data-instgrm-permalink=\"https:\/\/www.instagram.com\/reel\/C0iDg5lOxHt\/?utm_source=ig_embed&amp;utm_campaign=loading\" data-instgrm-version=\"14\" style=\" background:#FFF; border:0; border-radius:3px; box-shadow:0 0 1px 0 rgba(0,0,0,0.5),0 1px 10px 0 rgba(0,0,0,0.15); margin: 1px; max-width:540px; min-width:326px; padding:0; width:99.375%; width:-webkit-calc(100% - 2px); width:calc(100% - 2px);\"\/>\n<p>VEJA TAMB\u00c9M<br \/>Vulc\u00e3o em Ribeir\u00e3o Preto? Especialista gravou v\u00eddeo explicando o caso<\/p>\n<h4 class=\"wp-block-heading\"><strong>FIQUE ON<\/strong><\/h4>\n<p>Fique ligado em tudo que acontece em Ribeir\u00e3o Preto e regi\u00e3o. Siga os perfis do<strong>\u00a0acidade on\u00a0<\/strong>no\u00a0<a href=\"https:\/\/www.instagram.com\/acidadeonribeirao\" target=\"_blank\" rel=\"noreferrer noopener\">Instagram<\/a>\u00a0e no<a href=\"https:\/\/www.facebook.com\/acidadeonribeirao\" target=\"_blank\" rel=\"noreferrer noopener\">\u00a0Facebook.<\/a><\/p>\n<p>Receba not\u00edcias do<strong>\u00a0acidade on<\/strong>\u00a0no WhatsApp.<a href=\"https:\/\/chat.whatsapp.com\/Bnv2w66ZT4VDyZW3oiZ69n\" target=\"_blank\" rel=\"noreferrer noopener\">\u00a0Para entrar no grupo, basta clicar aqui.<\/a><\/p>\n<p>Fa\u00e7a uma den\u00fancia ou sugira uma reportagem sobre Ribeir\u00e3o Preto e regi\u00e3o pelo WhatsApp:\u00a0<strong>16 99117 7802.<\/strong><\/p>\n<p>LEIA MAIS<br \/><a href=\"https:\/\/www.tudoep.com\/tudo-noticias\/NOT,0,0,1868506,o-que-pode-mudar-na-licenca-paternidade-pelo-stf.aspx\" target=\"_blank\" rel=\"noreferrer noopener\">O que pode mudar na licen\u00e7a-paternidade pelo STF?<\/a><\/p>\n<p><!-- AI CONTENT END 1 -->\n<\/div>\n<\/div>\n<p><script async src=\"\/\/www.instagram.com\/embed.js\"><\/script><br \/>\n<br \/><br \/>\n<br \/><a href=\"https:\/\/www.acidadeon.com\/ribeiraopreto\/lazer-e-cultura\/confira-fotos-do-coral-de-natal-no-centro-de-ribeirao-veja-outras-apresentacoes\/\">Source link <\/a><\/p>\n<div class='code-block code-block-4' style='margin: 8px auto 8px 0; text-align: left; display: block; clear: both;'>\n\ud83d\udce2 Aviso Legal\n\nO site ismaelcolosi.com.br atua apenas como um canal de divulga\u00e7\u00e3o de oportunidades de emprego e n\u00e3o se responsabiliza pelo processo seletivo, contrata\u00e7\u00e3o ou qualquer outra etapa relacionada \u00e0s vagas publicadas. Todas as informa\u00e7\u00f5es s\u00e3o de responsabilidade dos anunciantes.\n\n\u26a0\ufe0f Aten\u00e7\u00e3o! Nunca pague por promessas de emprego nem compre cursos que garantam contrata\u00e7\u00e3o. Desconfie de qualquer cobran\u00e7a para participar de sele\u00e7\u00f5es.\n\n\n<div data-type=\"_mgwidget\" data-widget-id=\"2000896\">\n<\/div>\n<script>(function(w,q){w[q]=w[q]||[];w[q].push([\"_mgc.load\"])})(window,\"_mgq\");\n<\/script>\n<\/div>\n<!-- CONTENT END 1 -->\n","protected":false},"excerpt":{"rendered":"<p>O museu Casa da Mem\u00f3ria Italiana, no Centro de Ribeir\u00e3o Preto, realizou, na noite desta quarta-feira (6), a 8\u00aa edi\u00e7\u00e3o do Concerto di Natale. A&#8230;<\/p>\n","protected":false},"author":1,"featured_media":12039,"comment_status":"open","ping_status":"open","sticky":false,"template":"","format":"standard","meta":{"_uag_custom_page_level_css":"","jetpack_post_was_ever_published":false,"_jetpack_newsletter_access":"","_jetpack_dont_email_post_to_subs":false,"_jetpack_newsletter_tier_id":0,"_jetpack_memberships_contains_paywalled_content":false,"_jetpack_memberships_contains_paid_content":false,"footnotes":"","jetpack_publicize_message":"","jetpack_publicize_feature_enabled":true,"jetpack_social_post_already_shared":true,"jetpack_social_options":{"image_generator_settings":{"template":"highway","default_image_id":0,"font":"","enabled":false},"version":2}},"categories":[11],"tags":[1564,418,269,469,1315,288,1682,26,48],"class_list":["post-12038","post","type-post","status-publish","format-standard","has-post-thumbnail","hentry","category-noticias-de-ribeirao-preto-sp-e-regiao-ismael-colosi","tag-apresentacoes","tag-centro","tag-confira","tag-coral","tag-fotos","tag-natal","tag-outras","tag-ribeirao","tag-veja"],"aioseo_notices":[],"jetpack_publicize_connections":[],"jetpack_featured_media_url":"https:\/\/i0.wp.com\/ismaelcolosi.com.br\/wp-content\/uploads\/2023\/12\/WhatsApp-Image-2023-12-07-at-09.25.57-1.jpeg?fit=1600%2C900&ssl=1","uagb_featured_image_src":{"full":["https:\/\/i0.wp.com\/ismaelcolosi.com.br\/wp-content\/uploads\/2023\/12\/WhatsApp-Image-2023-12-07-at-09.25.57-1.jpeg?fit=1600%2C900&ssl=1",1600,900,false],"thumbnail":["https:\/\/i0.wp.com\/ismaelcolosi.com.br\/wp-content\/uploads\/2023\/12\/WhatsApp-Image-2023-12-07-at-09.25.57-1.jpeg?resize=150%2C150&ssl=1",150,150,true],"medium":["https:\/\/i0.wp.com\/ismaelcolosi.com.br\/wp-content\/uploads\/2023\/12\/WhatsApp-Image-2023-12-07-at-09.25.57-1.jpeg?fit=300%2C169&ssl=1",300,169,true],"medium_large":["https:\/\/i0.wp.com\/ismaelcolosi.com.br\/wp-content\/uploads\/2023\/12\/WhatsApp-Image-2023-12-07-at-09.25.57-1.jpeg?fit=768%2C432&ssl=1",768,432,true],"large":["https:\/\/i0.wp.com\/ismaelcolosi.com.br\/wp-content\/uploads\/2023\/12\/WhatsApp-Image-2023-12-07-at-09.25.57-1.jpeg?fit=1024%2C576&ssl=1",1024,576,true],"1536x1536":["https:\/\/i0.wp.com\/ismaelcolosi.com.br\/wp-content\/uploads\/2023\/12\/WhatsApp-Image-2023-12-07-at-09.25.57-1.jpeg?fit=1536%2C864&ssl=1",1536,864,true],"2048x2048":["https:\/\/i0.wp.com\/ismaelcolosi.com.br\/wp-content\/uploads\/2023\/12\/WhatsApp-Image-2023-12-07-at-09.25.57-1.jpeg?fit=1600%2C900&ssl=1",1600,900,true],"really-simple-thumb":["https:\/\/i0.wp.com\/ismaelcolosi.com.br\/wp-content\/uploads\/2023\/12\/WhatsApp-Image-2023-12-07-at-09.25.57-1.jpeg?resize=370%2C247&ssl=1",370,247,true]},"uagb_author_info":{"display_name":"ismaelcolosi.com.br","author_link":"https:\/\/ismaelcolosi.com.br\/index.php\/author\/vidareal-online\/"},"uagb_comment_info":0,"uagb_excerpt":"O museu Casa da Mem\u00f3ria Italiana, no Centro de Ribeir\u00e3o Preto, realizou, na noite desta quarta-feira (6), a 8\u00aa edi\u00e7\u00e3o do Concerto di Natale. A...","jetpack-related-posts":[{"id":11216,"url":"https:\/\/ismaelcolosi.com.br\/index.php\/2023\/12\/05\/tudo-sobre-o-concerto-de-natal-da-casa-da-memoria-italiana-de-ribeirao-preto\/","url_meta":{"origin":12038,"position":0},"title":"Tudo sobre o Concerto de Natal da Casa da Mem\u00f3ria Italiana de Ribeir\u00e3o Preto","author":"ismaelcolosi.com.br","date":"5 de December de 2023","format":false,"excerpt":"O 8\u00ba Concerto di Natale, tradicional evento natalino do Museu Casa da Mem\u00f3ria Italiana de Ribeir\u00e3o Preto, acontece nesta quarta-feira (6). De acordo com a organiza\u00e7\u00e3o, a apresenta\u00e7\u00e3o promove momentos sens\u00edveis e art\u00edsticos para todos aqueles que estiverem presentes e tamb\u00e9m para o centro da cidade. Confira tudo o que\u2026","rel":"","context":"In &quot;Not\u00edcias de Ribeir\u00e3o Preto-SP e Regi\u00e3o&quot;","block_context":{"text":"Not\u00edcias de Ribeir\u00e3o Preto-SP e Regi\u00e3o","link":"https:\/\/ismaelcolosi.com.br\/index.php\/category\/noticias-de-ribeirao-preto-sp-e-regiao-ismael-colosi\/"},"img":{"alt_text":"","src":"https:\/\/i0.wp.com\/ismaelcolosi.com.br\/wp-content\/uploads\/2023\/12\/Memoria-Italiana.jpg?fit=1024%2C683&ssl=1&resize=350%2C200","width":350,"height":200,"srcset":"https:\/\/i0.wp.com\/ismaelcolosi.com.br\/wp-content\/uploads\/2023\/12\/Memoria-Italiana.jpg?fit=1024%2C683&ssl=1&resize=350%2C200 1x, https:\/\/i0.wp.com\/ismaelcolosi.com.br\/wp-content\/uploads\/2023\/12\/Memoria-Italiana.jpg?fit=1024%2C683&ssl=1&resize=525%2C300 1.5x, https:\/\/i0.wp.com\/ismaelcolosi.com.br\/wp-content\/uploads\/2023\/12\/Memoria-Italiana.jpg?fit=1024%2C683&ssl=1&resize=700%2C400 2x"},"classes":[]},{"id":9386,"url":"https:\/\/ismaelcolosi.com.br\/index.php\/2023\/12\/01\/coral-apresenta-classicos-de-natal-na-catedral-de-ribeirao-preto-veja-quando\/","url_meta":{"origin":12038,"position":1},"title":"Coral apresenta cl\u00e1ssicos de Natal na Catedral de Ribeir\u00e3o Preto; Veja quando","author":"ismaelcolosi.com.br","date":"1 de December de 2023","format":false,"excerpt":"A Catedral Metropolitana de Ribeir\u00e3o Preto recebe, neste s\u00e1bado (2), a abertura dos Concertos de Natal da Cia. Minaz. O evento \u00e9 a partir das 19h30 e tem entrada gratuita. Durante a temporada de concertos, os corais realizam diversas apresenta\u00e7\u00f5es por Ribeir\u00e3o Preto e nas cidades da regi\u00e3o. Uma das\u2026","rel":"","context":"In &quot;Not\u00edcias de Ribeir\u00e3o Preto-SP e Regi\u00e3o&quot;","block_context":{"text":"Not\u00edcias de Ribeir\u00e3o Preto-SP e Regi\u00e3o","link":"https:\/\/ismaelcolosi.com.br\/index.php\/category\/noticias-de-ribeirao-preto-sp-e-regiao-ismael-colosi\/"},"img":{"alt_text":"","src":"https:\/\/i0.wp.com\/ismaelcolosi.com.br\/wp-content\/uploads\/2023\/12\/Natal.png?fit=995%2C653&ssl=1&resize=350%2C200","width":350,"height":200,"srcset":"https:\/\/i0.wp.com\/ismaelcolosi.com.br\/wp-content\/uploads\/2023\/12\/Natal.png?fit=995%2C653&ssl=1&resize=350%2C200 1x, https:\/\/i0.wp.com\/ismaelcolosi.com.br\/wp-content\/uploads\/2023\/12\/Natal.png?fit=995%2C653&ssl=1&resize=525%2C300 1.5x, https:\/\/i0.wp.com\/ismaelcolosi.com.br\/wp-content\/uploads\/2023\/12\/Natal.png?fit=995%2C653&ssl=1&resize=700%2C400 2x"},"classes":[]},{"id":11269,"url":"https:\/\/ismaelcolosi.com.br\/index.php\/2023\/12\/05\/coral-realiza-apresentacoes-gratuitas-de-natal-em-ribeirao-preto\/","url_meta":{"origin":12038,"position":2},"title":"Coral realiza apresenta\u00e7\u00f5es gratuitas de Natal em Ribeir\u00e3o Preto\u00a0","author":"ismaelcolosi.com.br","date":"5 de December de 2023","format":false,"excerpt":"O Coral do Sincovarp (Sindicato do Com\u00e9rcio Varejista de Ribeir\u00e3o Preto) realiza uma s\u00e9rie de apresenta\u00e7\u00f5es natalinas em diferentes lugares de Ribeir\u00e3o Preto. A entrada \u00e9 gratuita. Os espet\u00e1culos acontecem durante os dias 5, 6, 11 e 12 de dezembro com reg\u00eancia do maestro Gabriel Locher. As apresenta\u00e7\u00f5es tamb\u00e9m tem\u2026","rel":"","context":"In &quot;Not\u00edcias de Ribeir\u00e3o Preto-SP e Regi\u00e3o&quot;","block_context":{"text":"Not\u00edcias de Ribeir\u00e3o Preto-SP e Regi\u00e3o","link":"https:\/\/ismaelcolosi.com.br\/index.php\/category\/noticias-de-ribeirao-preto-sp-e-regiao-ismael-colosi\/"},"img":{"alt_text":"","src":"https:\/\/i0.wp.com\/ismaelcolosi.com.br\/wp-content\/uploads\/2023\/12\/santa-hat-8413947_1280.jpg?fit=1200%2C821&ssl=1&resize=350%2C200","width":350,"height":200,"srcset":"https:\/\/i0.wp.com\/ismaelcolosi.com.br\/wp-content\/uploads\/2023\/12\/santa-hat-8413947_1280.jpg?fit=1200%2C821&ssl=1&resize=350%2C200 1x, https:\/\/i0.wp.com\/ismaelcolosi.com.br\/wp-content\/uploads\/2023\/12\/santa-hat-8413947_1280.jpg?fit=1200%2C821&ssl=1&resize=525%2C300 1.5x, https:\/\/i0.wp.com\/ismaelcolosi.com.br\/wp-content\/uploads\/2023\/12\/santa-hat-8413947_1280.jpg?fit=1200%2C821&ssl=1&resize=700%2C400 2x, https:\/\/i0.wp.com\/ismaelcolosi.com.br\/wp-content\/uploads\/2023\/12\/santa-hat-8413947_1280.jpg?fit=1200%2C821&ssl=1&resize=1050%2C600 3x"},"classes":[]},{"id":9333,"url":"https:\/\/ismaelcolosi.com.br\/index.php\/2023\/12\/01\/tudo-sobre-a-chegada-do-papai-noel-no-centro-de-ribeirao-preto\/","url_meta":{"origin":12038,"position":3},"title":"Tudo sobre a chegada do Papai Noel no Centro de Ribeir\u00e3o Preto\u00a0","author":"ismaelcolosi.com.br","date":"1 de December de 2023","format":false,"excerpt":"A chegada do Papai Noel em dezembro marca o fim de ano em Ribeir\u00e3o Preto, junto das decora\u00e7\u00f5es de Natal. A programa\u00e7\u00e3o faz parte da 21\u00aa edi\u00e7\u00e3o da campanha Natal Luz da Associa\u00e7\u00e3o Comercial e Industrial da cidade (Acirp).\u00a0 Confira tudo o que voc\u00ea precisa saber sobre a chegada do\u2026","rel":"","context":"In &quot;Not\u00edcias de Ribeir\u00e3o Preto-SP e Regi\u00e3o&quot;","block_context":{"text":"Not\u00edcias de Ribeir\u00e3o Preto-SP e Regi\u00e3o","link":"https:\/\/ismaelcolosi.com.br\/index.php\/category\/noticias-de-ribeirao-preto-sp-e-regiao-ismael-colosi\/"},"img":{"alt_text":"","src":"https:\/\/i0.wp.com\/ismaelcolosi.com.br\/wp-content\/uploads\/2023\/12\/papai-noel-foto-fabrica-de-retratos-acirp-scaled.jpg?fit=1200%2C800&ssl=1&resize=350%2C200","width":350,"height":200,"srcset":"https:\/\/i0.wp.com\/ismaelcolosi.com.br\/wp-content\/uploads\/2023\/12\/papai-noel-foto-fabrica-de-retratos-acirp-scaled.jpg?fit=1200%2C800&ssl=1&resize=350%2C200 1x, https:\/\/i0.wp.com\/ismaelcolosi.com.br\/wp-content\/uploads\/2023\/12\/papai-noel-foto-fabrica-de-retratos-acirp-scaled.jpg?fit=1200%2C800&ssl=1&resize=525%2C300 1.5x, https:\/\/i0.wp.com\/ismaelcolosi.com.br\/wp-content\/uploads\/2023\/12\/papai-noel-foto-fabrica-de-retratos-acirp-scaled.jpg?fit=1200%2C800&ssl=1&resize=700%2C400 2x, https:\/\/i0.wp.com\/ismaelcolosi.com.br\/wp-content\/uploads\/2023\/12\/papai-noel-foto-fabrica-de-retratos-acirp-scaled.jpg?fit=1200%2C800&ssl=1&resize=1050%2C600 3x"},"classes":[]},{"id":3405,"url":"https:\/\/ismaelcolosi.com.br\/index.php\/2023\/11\/18\/concerto-de-natal-da-casa-da-memoria-italiana-de-ribeirao-ja-tem-data-confira\/","url_meta":{"origin":12038,"position":4},"title":"Concerto de Natal da Casa da Mem\u00f3ria Italiana de Ribeir\u00e3o j\u00e1 tem data; Confira","author":"ismaelcolosi.com.br","date":"18 de November de 2023","format":false,"excerpt":"O Concerto de Natal do Museu Casa da Mem\u00f3ria Italiana de Ribeir\u00e3o Preto j\u00e1 tem data marcada. O evento aconteceu no dia 6 de dezembro, a partir das 19h30. A apresenta\u00e7\u00e3o contar\u00e1 com o Coro Memorie d\u2019Italia, regido pelo maestro Alexandre Mazzer Perticarrari. O repert\u00f3rio contar\u00e1 com m\u00fasicas que recordam\u2026","rel":"","context":"In &quot;Not\u00edcias de Ribeir\u00e3o Preto-SP e Regi\u00e3o&quot;","block_context":{"text":"Not\u00edcias de Ribeir\u00e3o Preto-SP e Regi\u00e3o","link":"https:\/\/ismaelcolosi.com.br\/index.php\/category\/noticias-de-ribeirao-preto-sp-e-regiao-ismael-colosi\/"},"img":{"alt_text":"","src":"https:\/\/i0.wp.com\/ismaelcolosi.com.br\/wp-content\/uploads\/2023\/11\/concerto-de-natal.jpeg?fit=1200%2C675&ssl=1&resize=350%2C200","width":350,"height":200,"srcset":"https:\/\/i0.wp.com\/ismaelcolosi.com.br\/wp-content\/uploads\/2023\/11\/concerto-de-natal.jpeg?fit=1200%2C675&ssl=1&resize=350%2C200 1x, https:\/\/i0.wp.com\/ismaelcolosi.com.br\/wp-content\/uploads\/2023\/11\/concerto-de-natal.jpeg?fit=1200%2C675&ssl=1&resize=525%2C300 1.5x, https:\/\/i0.wp.com\/ismaelcolosi.com.br\/wp-content\/uploads\/2023\/11\/concerto-de-natal.jpeg?fit=1200%2C675&ssl=1&resize=700%2C400 2x, https:\/\/i0.wp.com\/ismaelcolosi.com.br\/wp-content\/uploads\/2023\/11\/concerto-de-natal.jpeg?fit=1200%2C675&ssl=1&resize=1050%2C600 3x"},"classes":[]},{"id":4464,"url":"https:\/\/ismaelcolosi.com.br\/index.php\/2023\/11\/21\/natal-tudo-sobre-o-coral-dos-meninos-cantores-em-ribeirao-preto\/","url_meta":{"origin":12038,"position":5},"title":"Natal: Tudo sobre o Coral dos Meninos Cantores em Ribeir\u00e3o Preto","author":"ismaelcolosi.com.br","date":"21 de November de 2023","format":false,"excerpt":"A 26\u00b0 edi\u00e7\u00e3o do Coral dos Meninos Cantores da Cia Minaz, uma das apresenta\u00e7\u00f5es natalinas mais tradicionais de Ribeir\u00e3o Preto, acontece no dia 17 de dezembro, \u00e0s 20h. As meninas e meninos cantores ficam nas janelas do Edif\u00edcio Meira Junior, na choperia Pinguim, no Centro, entoando cl\u00e1ssicos do Natal. Na\u2026","rel":"","context":"In &quot;Not\u00edcias de Ribeir\u00e3o Preto-SP e Regi\u00e3o&quot;","block_context":{"text":"Not\u00edcias de Ribeir\u00e3o Preto-SP e Regi\u00e3o","link":"https:\/\/ismaelcolosi.com.br\/index.php\/category\/noticias-de-ribeirao-preto-sp-e-regiao-ismael-colosi\/"},"img":{"alt_text":"","src":"https:\/\/i0.wp.com\/ismaelcolosi.com.br\/wp-content\/uploads\/2023\/11\/coral_natal.jpg?fit=1200%2C675&ssl=1&resize=350%2C200","width":350,"height":200,"srcset":"https:\/\/i0.wp.com\/ismaelcolosi.com.br\/wp-content\/uploads\/2023\/11\/coral_natal.jpg?fit=1200%2C675&ssl=1&resize=350%2C200 1x, https:\/\/i0.wp.com\/ismaelcolosi.com.br\/wp-content\/uploads\/2023\/11\/coral_natal.jpg?fit=1200%2C675&ssl=1&resize=525%2C300 1.5x, https:\/\/i0.wp.com\/ismaelcolosi.com.br\/wp-content\/uploads\/2023\/11\/coral_natal.jpg?fit=1200%2C675&ssl=1&resize=700%2C400 2x, https:\/\/i0.wp.com\/ismaelcolosi.com.br\/wp-content\/uploads\/2023\/11\/coral_natal.jpg?fit=1200%2C675&ssl=1&resize=1050%2C600 3x"},"classes":[]}],"jetpack_sharing_enabled":true,"jetpack_shortlink":"https:\/\/wp.me\/pfMlyK-38a","_links":{"self":[{"href":"https:\/\/ismaelcolosi.com.br\/index.php\/wp-json\/wp\/v2\/posts\/12038","targetHints":{"allow":["GET"]}}],"collection":[{"href":"https:\/\/ismaelcolosi.com.br\/index.php\/wp-json\/wp\/v2\/posts"}],"about":[{"href":"https:\/\/ismaelcolosi.com.br\/index.php\/wp-json\/wp\/v2\/types\/post"}],"author":[{"embeddable":true,"href":"https:\/\/ismaelcolosi.com.br\/index.php\/wp-json\/wp\/v2\/users\/1"}],"replies":[{"embeddable":true,"href":"https:\/\/ismaelcolosi.com.br\/index.php\/wp-json\/wp\/v2\/comments?post=12038"}],"version-history":[{"count":0,"href":"https:\/\/ismaelcolosi.com.br\/index.php\/wp-json\/wp\/v2\/posts\/12038\/revisions"}],"wp:featuredmedia":[{"embeddable":true,"href":"https:\/\/ismaelcolosi.com.br\/index.php\/wp-json\/wp\/v2\/media\/12039"}],"wp:attachment":[{"href":"https:\/\/ismaelcolosi.com.br\/index.php\/wp-json\/wp\/v2\/media?parent=12038"}],"wp:term":[{"taxonomy":"category","embeddable":true,"href":"https:\/\/ismaelcolosi.com.br\/index.php\/wp-json\/wp\/v2\/categories?post=12038"},{"taxonomy":"post_tag","embeddable":true,"href":"https:\/\/ismaelcolosi.com.br\/index.php\/wp-json\/wp\/v2\/tags?post=12038"}],"curies":[{"name":"wp","href":"https:\/\/api.w.org\/{rel}","templated":true}]}}