{"id":11870,"date":"2023-12-06T23:35:13","date_gmt":"2023-12-07T02:35:13","guid":{"rendered":"https:\/\/ismaelcolosi.com.br\/index.php\/2023\/12\/06\/pt-fara-previas-para-escolher-candidato-do-partido-a-prefeitura-de-rp\/"},"modified":"2023-12-06T23:35:13","modified_gmt":"2023-12-07T02:35:13","slug":"pt-fara-previas-para-escolher-candidato-do-partido-a-prefeitura-de-rp","status":"publish","type":"post","link":"https:\/\/ismaelcolosi.com.br\/index.php\/2023\/12\/06\/pt-fara-previas-para-escolher-candidato-do-partido-a-prefeitura-de-rp\/","title":{"rendered":"PT far\u00e1 pr\u00e9vias para escolher candidato do partido \u00e0 prefeitura de RP"},"content":{"rendered":"<p> <br \/>\n<\/p>\n<div id=\"post-366444\">\n<header class=\"entry-header penci-entry-header penci-title-center\">\n<p> <span class=\"entry-meta-item penci-posted-on\"><i class=\"fa fa-clock-o\"\/><time class=\"entry-date published updated\" datetime=\"2023-12-06T15:41:29-03:00\">6 de dezembro de 2023 | 15:41<\/time><\/span><\/p>\n<p> <span class=\"penci-social-buttons penci-social-share-footer\"><a href=\"#\" class=\"penci-post-like penci_post-meta_item  single-like-button penci-social-item like\" data-post_id=\"366444\" title=\"Like\" data-like=\"Like\" data-unlike=\"Unlike\"><i class=\"fa fa-thumbs-o-up\"\/><span class=\"penci-share-number\">0<\/span><\/a><i class=\"fa fa-facebook\"\/><a class=\"penci-social-item twitter\" target=\"_blank\" rel=\"noopener\" title=\"\" href=\"https:\/\/twitter.com\/intent\/tweet?text=PT%20far\u00e1%20pr\u00e9vias%20para%20escolher%20candidato%20do%20partido%20\u00e0%20prefeitura%20de%20RP%20-%20https:\/\/www.tribunaribeirao.com.br\/site\/pt-fara-previas-para-escolher-candidato-do-partido-a-prefeitura-de-rp\/\"><i class=\"fa fa-twitter\"\/><\/a><i class=\"fa fa-whatsapp\"\/><\/span><\/header>\n<div class=\"penci-entry-content entry-content\">\n<p>O PT vai escolher o seu candidato \u00e0 prefeitura de Ribeir\u00e3o Preto no dia 24 de fevereiro do ano que vem. A data foi definida numa reuni\u00e3o na noite desta segunda-feira, 4, na sede municipal da legenda. A realiza\u00e7\u00e3o das pr\u00e9vias foi o caminho encontrado pelo partido para definir o nome que vai represent\u00e1-lo nas elei\u00e7\u00f5es de 2024, uma vez que nenhum postulante \u00e0 vaga obteve o apoio de dois ter\u00e7os do diret\u00f3rio municipal.<\/p><div class='code-block code-block-8' style='margin: 8px auto; text-align: center; display: block; clear: both;'>\n<script>\n  atOptions = {\n    'key' : '66e2e2111ca34da796271819fc334058',\n    'format' : 'iframe',\n    'height' : 250,\n    'width' : 300,\n    'params' : {}\n  };\n<\/script>\n<script src=\"https:\/\/www.highperformanceformat.com\/66e2e2111ca34da796271819fc334058\/invoke.js\"><\/script>\n<\/div>\n\n<p>Atualmente, existem cinco cotados para disputar as pr\u00e9vias do partido. Para encabe\u00e7ar a chapa petista na disputa pelo comando de Ribeir\u00e3o, o candidato dever\u00e1 conquistar o apoio da maioria dos 5,3 mil filiados da legenda na cidade. A expectativa \u00e9 de que as pr\u00e9vias contem com a participa\u00e7\u00e3o de Ant\u00f4nio Machado, candidato do PT em 2020, que obteve somente 6,8% dos votos, da vereadora Duda Hidalgo, do m\u00e9dico Ulysses Strogoff, do advogado Ricardo Sobral e do professor F\u00e1bio Sardinha.<\/p>\n<p>\u201cPara muito al\u00e9m do debate de nome X ou Y, o mais importante \u00e9 que possamos debater o nosso projeto de cidade\u201d, declarou a vereadora Duda Hidalgo. Segundo ela, o partido vai se mobilizar no pr\u00f3ximo ano n\u00e3o s\u00f3 para disputar a prefeitura, como tamb\u00e9m para aumentar a bancada do PT na C\u00e2mara Municipal de Ribeir\u00e3o Preto.<\/p>\n<p>As pr\u00e9vias do partido ser\u00e3o antecedidas por dois debates: um no dia 3 de fevereiro e outro no dia 21 do mesmo m\u00eas.<\/p>\n<p>Por Zeca Ferreira<\/p>\n<\/div>\n<footer class=\"penci-entry-footer\"\/><\/div>\n<p><script async src=\"\/\/platform.twitter.com\/widgets.js\" charset=\"utf-8\"><\/script><br \/>\n<br \/><br \/>\n<br \/><a href=\"https:\/\/www.tribunaribeirao.com.br\/site\/pt-fara-previas-para-escolher-candidato-do-partido-a-prefeitura-de-rp\/\">Source link <\/a><\/p>\n<div class='code-block code-block-4' style='margin: 8px auto 8px 0; text-align: left; display: block; clear: both;'>\n\ud83d\udce2 Aviso Legal\n\nO site ismaelcolosi.com.br atua apenas como um canal de divulga\u00e7\u00e3o de oportunidades de emprego e n\u00e3o se responsabiliza pelo processo seletivo, contrata\u00e7\u00e3o ou qualquer outra etapa relacionada \u00e0s vagas publicadas. Todas as informa\u00e7\u00f5es s\u00e3o de responsabilidade dos anunciantes.\n\n\u26a0\ufe0f Aten\u00e7\u00e3o! Nunca pague por promessas de emprego nem compre cursos que garantam contrata\u00e7\u00e3o. Desconfie de qualquer cobran\u00e7a para participar de sele\u00e7\u00f5es.\n\n\n\n<\/div>\n<!-- CONTENT END 1 -->\n","protected":false},"excerpt":{"rendered":"<p>6 de dezembro de 2023 | 15:41 0 O PT vai escolher o seu candidato \u00e0 prefeitura de Ribeir\u00e3o Preto no dia 24 de fevereiro&#8230;<\/p>\n","protected":false},"author":1,"featured_media":11871,"comment_status":"open","ping_status":"open","sticky":false,"template":"","format":"standard","meta":{"_uag_custom_page_level_css":"","advanced_seo_description":"","jetpack_seo_html_title":"","jetpack_seo_noindex":false,"jetpack_post_was_ever_published":false,"_jetpack_newsletter_access":"","_jetpack_dont_email_post_to_subs":false,"_jetpack_newsletter_tier_id":0,"_jetpack_memberships_contains_paywalled_content":false,"_jetpack_memberships_contains_paid_content":false,"footnotes":"","jetpack_publicize_message":"","jetpack_publicize_feature_enabled":true,"jetpack_social_post_already_shared":true,"jetpack_social_options":{"image_generator_settings":{"template":"highway","default_image_id":0,"font":"","enabled":false},"version":2}},"categories":[11],"tags":[1668,1667,1153,71,793,244,1666],"class_list":["post-11870","post","type-post","status-publish","format-standard","has-post-thumbnail","hentry","category-noticias-de-ribeirao-preto-sp-e-regiao-ismael-colosi","tag-candidato","tag-escolher","tag-fara","tag-para","tag-partido","tag-prefeitura","tag-previas"],"jetpack_publicize_connections":[],"jetpack_featured_media_url":"https:\/\/i0.wp.com\/ismaelcolosi.com.br\/wp-content\/uploads\/2023\/12\/pt-ribeirao.jpg?fit=620%2C465&ssl=1","uagb_featured_image_src":{"full":["https:\/\/i0.wp.com\/ismaelcolosi.com.br\/wp-content\/uploads\/2023\/12\/pt-ribeirao.jpg?fit=620%2C465&ssl=1",620,465,false],"thumbnail":["https:\/\/i0.wp.com\/ismaelcolosi.com.br\/wp-content\/uploads\/2023\/12\/pt-ribeirao.jpg?resize=150%2C150&ssl=1",150,150,true],"medium":["https:\/\/i0.wp.com\/ismaelcolosi.com.br\/wp-content\/uploads\/2023\/12\/pt-ribeirao.jpg?fit=300%2C225&ssl=1",300,225,true],"medium_large":["https:\/\/i0.wp.com\/ismaelcolosi.com.br\/wp-content\/uploads\/2023\/12\/pt-ribeirao.jpg?fit=620%2C465&ssl=1",620,465,true],"large":["https:\/\/i0.wp.com\/ismaelcolosi.com.br\/wp-content\/uploads\/2023\/12\/pt-ribeirao.jpg?fit=620%2C465&ssl=1",620,465,true],"1536x1536":["https:\/\/i0.wp.com\/ismaelcolosi.com.br\/wp-content\/uploads\/2023\/12\/pt-ribeirao.jpg?fit=620%2C465&ssl=1",620,465,true],"2048x2048":["https:\/\/i0.wp.com\/ismaelcolosi.com.br\/wp-content\/uploads\/2023\/12\/pt-ribeirao.jpg?fit=620%2C465&ssl=1",620,465,true],"really-simple-thumb":["https:\/\/i0.wp.com\/ismaelcolosi.com.br\/wp-content\/uploads\/2023\/12\/pt-ribeirao.jpg?resize=370%2C247&ssl=1",370,247,true]},"uagb_author_info":{"display_name":"ismaelcolosi.com.br","author_link":"https:\/\/ismaelcolosi.com.br\/index.php\/author\/vidareal-online\/"},"uagb_comment_info":0,"uagb_excerpt":"6 de dezembro de 2023 | 15:41 0 O PT vai escolher o seu candidato \u00e0 prefeitura de Ribeir\u00e3o Preto no dia 24 de fevereiro...","jetpack-related-posts":[{"id":39025,"url":"https:\/\/ismaelcolosi.com.br\/index.php\/2024\/02\/22\/previa-do-pt-para-definir-candidato-sera-no-sabado\/","url_meta":{"origin":11870,"position":0},"title":"Pr\u00e9via do PT para definir candidato ser\u00e1 no s\u00e1bado","author":"ismaelcolosi.com.br","date":"22 de February de 2024","format":false,"excerpt":"22 de fevereiro de 2024 | 17:5722 de fevereiro de 2024 | 17:59 0O Partido dos Trabalhadores de Ribeir\u00e3o Preto realiza no pr\u00f3ximo s\u00e1bado, 24 de fevereiro, pr\u00e9via para escolher o seu candidato \u00e0 prefeitura de Ribeir\u00e3o Preto. A escolha do candidato por meio do voto dos filiados foi o\u2026","rel":"","context":"In &quot;Not\u00edcias de Ribeir\u00e3o Preto-SP e Regi\u00e3o&quot;","block_context":{"text":"Not\u00edcias de Ribeir\u00e3o Preto-SP e Regi\u00e3o","link":"https:\/\/ismaelcolosi.com.br\/index.php\/category\/noticias-de-ribeirao-preto-sp-e-regiao-ismael-colosi\/"},"img":{"alt_text":"","src":"https:\/\/i0.wp.com\/ismaelcolosi.com.br\/wp-content\/uploads\/2024\/02\/f9126bc5-68f2-4997-a19f-81af5b2011cd.jpg?fit=620%2C465&ssl=1&resize=350%2C200","width":350,"height":200,"srcset":"https:\/\/i0.wp.com\/ismaelcolosi.com.br\/wp-content\/uploads\/2024\/02\/f9126bc5-68f2-4997-a19f-81af5b2011cd.jpg?fit=620%2C465&ssl=1&resize=350%2C200 1x, https:\/\/i0.wp.com\/ismaelcolosi.com.br\/wp-content\/uploads\/2024\/02\/f9126bc5-68f2-4997-a19f-81af5b2011cd.jpg?fit=620%2C465&ssl=1&resize=525%2C300 1.5x"},"classes":[]},{"id":39324,"url":"https:\/\/ismaelcolosi.com.br\/index.php\/2024\/02\/24\/jorge-roque-e-antonio-machado-vao-para-2-turno-nas-previas-do-pt\/","url_meta":{"origin":11870,"position":1},"title":"Jorge Roque e Ant\u00f4nio Machado v\u00e3o para 2\u00b0 turno nas pr\u00e9vias do PT","author":"ismaelcolosi.com.br","date":"24 de February de 2024","format":false,"excerpt":"24 de fevereiro de 2024 | 19:2424 de fevereiro de 2024 | 19:28 0Jorge Roque venceu a disputa interna do PT para ser o candidato do partido \u00e0 prefeitura de Ribeir\u00e3o Preto. Em segundo lugar ficou o ex-promotor de Justi\u00e7a, Ant\u00f4nio Machado. O 2\u00b0turno das elei\u00e7\u00f5es acontecer\u00e1 dia, em 09\/3,\u2026","rel":"","context":"In &quot;Not\u00edcias de Ribeir\u00e3o Preto-SP e Regi\u00e3o&quot;","block_context":{"text":"Not\u00edcias de Ribeir\u00e3o Preto-SP e Regi\u00e3o","link":"https:\/\/ismaelcolosi.com.br\/index.php\/category\/noticias-de-ribeirao-preto-sp-e-regiao-ismael-colosi\/"},"img":{"alt_text":"","src":"https:\/\/i0.wp.com\/ismaelcolosi.com.br\/wp-content\/uploads\/2024\/02\/eb9d911a5b506d02944255fac819e176.jpg?fit=702%2C439&ssl=1&resize=350%2C200","width":350,"height":200,"srcset":"https:\/\/i0.wp.com\/ismaelcolosi.com.br\/wp-content\/uploads\/2024\/02\/eb9d911a5b506d02944255fac819e176.jpg?fit=702%2C439&ssl=1&resize=350%2C200 1x, https:\/\/i0.wp.com\/ismaelcolosi.com.br\/wp-content\/uploads\/2024\/02\/eb9d911a5b506d02944255fac819e176.jpg?fit=702%2C439&ssl=1&resize=525%2C300 1.5x, https:\/\/i0.wp.com\/ismaelcolosi.com.br\/wp-content\/uploads\/2024\/02\/eb9d911a5b506d02944255fac819e176.jpg?fit=702%2C439&ssl=1&resize=700%2C400 2x"},"classes":[]},{"id":41476,"url":"https:\/\/ismaelcolosi.com.br\/index.php\/2024\/03\/08\/pt-definira-candidato-a-prefeitura-nesta-sexta\/","url_meta":{"origin":11870,"position":2},"title":"PT definir\u00e1 candidato \u00e1 prefeitura nesta sexta","author":"ismaelcolosi.com.br","date":"8 de March de 2024","format":false,"excerpt":"8 de mar\u00e7o de 2024 | 13:007 de mar\u00e7o de 2024 | 20:10 0O Partido dos Trabalhadores definir\u00e1 neste s\u00e1bado, 9 de mar\u00e7o, o candidato que disputar\u00e1 a elei\u00e7\u00e3o para prefeito de Ribeir\u00e3o Preto, com primeiro turno marcado para o dia 6 de outubro. Disputam a indica\u00e7\u00e3o o advogado e\u2026","rel":"","context":"In &quot;Not\u00edcias de Ribeir\u00e3o Preto-SP e Regi\u00e3o&quot;","block_context":{"text":"Not\u00edcias de Ribeir\u00e3o Preto-SP e Regi\u00e3o","link":"https:\/\/ismaelcolosi.com.br\/index.php\/category\/noticias-de-ribeirao-preto-sp-e-regiao-ismael-colosi\/"},"img":{"alt_text":"","src":"https:\/\/i0.wp.com\/ismaelcolosi.com.br\/wp-content\/uploads\/2024\/03\/eb9d911a5b506d02944255fac819e176.jpg?fit=702%2C439&ssl=1&resize=350%2C200","width":350,"height":200,"srcset":"https:\/\/i0.wp.com\/ismaelcolosi.com.br\/wp-content\/uploads\/2024\/03\/eb9d911a5b506d02944255fac819e176.jpg?fit=702%2C439&ssl=1&resize=350%2C200 1x, https:\/\/i0.wp.com\/ismaelcolosi.com.br\/wp-content\/uploads\/2024\/03\/eb9d911a5b506d02944255fac819e176.jpg?fit=702%2C439&ssl=1&resize=525%2C300 1.5x, https:\/\/i0.wp.com\/ismaelcolosi.com.br\/wp-content\/uploads\/2024\/03\/eb9d911a5b506d02944255fac819e176.jpg?fit=702%2C439&ssl=1&resize=700%2C400 2x"},"classes":[]},{"id":41655,"url":"https:\/\/ismaelcolosi.com.br\/index.php\/2024\/03\/10\/pt-define-jorge-roque-como-candidato-a-prefeito-de-rp\/","url_meta":{"origin":11870,"position":3},"title":"PT define Jorge Roque como candidato a prefeito de RP","author":"ismaelcolosi.com.br","date":"10 de March de 2024","format":false,"excerpt":"10 de mar\u00e7o de 2024 | 9:4110 de mar\u00e7o de 2024 | 9:47 0O advogado Jorge Roque ser\u00e1 o candidato do Partido dos Trabalhadores \u00e0 Prefeitura de Ribeir\u00e3o Preto. Roque \u00e9 o atual presidente do diret\u00f3rio da legenda na cidade. A escolha se deu por elei\u00e7\u00e3o interna e acirrada, realizada\u2026","rel":"","context":"In &quot;Not\u00edcias de Ribeir\u00e3o Preto-SP e Regi\u00e3o&quot;","block_context":{"text":"Not\u00edcias de Ribeir\u00e3o Preto-SP e Regi\u00e3o","link":"https:\/\/ismaelcolosi.com.br\/index.php\/category\/noticias-de-ribeirao-preto-sp-e-regiao-ismael-colosi\/"},"img":{"alt_text":"","src":"https:\/\/i0.wp.com\/ismaelcolosi.com.br\/wp-content\/uploads\/2024\/03\/jorgeroque.jpg?fit=700%2C450&ssl=1&resize=350%2C200","width":350,"height":200,"srcset":"https:\/\/i0.wp.com\/ismaelcolosi.com.br\/wp-content\/uploads\/2024\/03\/jorgeroque.jpg?fit=700%2C450&ssl=1&resize=350%2C200 1x, https:\/\/i0.wp.com\/ismaelcolosi.com.br\/wp-content\/uploads\/2024\/03\/jorgeroque.jpg?fit=700%2C450&ssl=1&resize=525%2C300 1.5x, https:\/\/i0.wp.com\/ismaelcolosi.com.br\/wp-content\/uploads\/2024\/03\/jorgeroque.jpg?fit=700%2C450&ssl=1&resize=700%2C400 2x"},"classes":[]},{"id":28880,"url":"https:\/\/ismaelcolosi.com.br\/index.php\/2024\/01\/16\/empresario-paulo-junqueira-pode-ser-candidato-a-vice-prefeito\/","url_meta":{"origin":11870,"position":4},"title":"Empres\u00e1rio Paulo Junqueira pode ser candidato a vice-prefeito","author":"ismaelcolosi.com.br","date":"16 de January de 2024","format":false,"excerpt":"16 de janeiro de 2024 | 16:01 0O empres\u00e1rio do setor rural e advogado Paulo Junqueira, confirmou nesta ter\u00e7a-feira, 16 de janeiro, ao Tribuna Ribeir\u00e3o, que poder\u00e1 ser candidato a vice-prefeito de Ribeir\u00e3o Preto, pelo PL, na chapa que tem como pr\u00e9-candidato, o vereador e presidente da C\u00e2mara de Vereadores\u2026","rel":"","context":"In &quot;Not\u00edcias de Ribeir\u00e3o Preto-SP e Regi\u00e3o&quot;","block_context":{"text":"Not\u00edcias de Ribeir\u00e3o Preto-SP e Regi\u00e3o","link":"https:\/\/ismaelcolosi.com.br\/index.php\/category\/noticias-de-ribeirao-preto-sp-e-regiao-ismael-colosi\/"},"img":{"alt_text":"","src":"https:\/\/i0.wp.com\/ismaelcolosi.com.br\/wp-content\/uploads\/2024\/01\/f7378f50-b0c2-480c-87df-fd11723b1873.jpg?fit=620%2C351&ssl=1&resize=350%2C200","width":350,"height":200,"srcset":"https:\/\/i0.wp.com\/ismaelcolosi.com.br\/wp-content\/uploads\/2024\/01\/f7378f50-b0c2-480c-87df-fd11723b1873.jpg?fit=620%2C351&ssl=1&resize=350%2C200 1x, https:\/\/i0.wp.com\/ismaelcolosi.com.br\/wp-content\/uploads\/2024\/01\/f7378f50-b0c2-480c-87df-fd11723b1873.jpg?fit=620%2C351&ssl=1&resize=525%2C300 1.5x"},"classes":[]},{"id":57572,"url":"https:\/\/ismaelcolosi.com.br\/index.php\/2024\/07\/22\/novo-confirma-marco-aurelio-martins-como-candidato-a-prefeitura-de-ribeirao-preto\/","url_meta":{"origin":11870,"position":5},"title":"Novo confirma Marco Aur\u00e9lio Martins como candidato \u00e0 Prefeitura de Ribeir\u00e3o Preto","author":"ismaelcolosi.com.br","date":"22 de July de 2024","format":false,"excerpt":"O Partido Novo oficializou o nome do empres\u00e1rio Marco Aur\u00e9lio Martins como candidato \u00e0 Prefeitura de Ribeir\u00e3o Preto. O an\u00fancio, que incluiu o nome do vice, Ant\u00f4nio Carlos Freiria, do mesmo partido, aconteceu durante conven\u00e7\u00e3o do partido, na noite desta segunda-feira (22), na C\u00e2mara Municipal da cidade. \u201cA principal proposta\u2026","rel":"","context":"In &quot;Not\u00edcias de Ribeir\u00e3o Preto-SP e Regi\u00e3o&quot;","block_context":{"text":"Not\u00edcias de Ribeir\u00e3o Preto-SP e Regi\u00e3o","link":"https:\/\/ismaelcolosi.com.br\/index.php\/category\/noticias-de-ribeirao-preto-sp-e-regiao-ismael-colosi\/"},"img":{"alt_text":"","src":"https:\/\/i0.wp.com\/ismaelcolosi.com.br\/wp-content\/uploads\/2024\/07\/Copia-de-Copia-de-TAMANHO-EXATO-PARA-FOTOS-NO-SISTEMA-NOVO-13_2024-07-23_00-42-22_jpg_2024-07-23_00-42-22.webp.webp?fit=1200%2C675&ssl=1&resize=350%2C200","width":350,"height":200,"srcset":"https:\/\/i0.wp.com\/ismaelcolosi.com.br\/wp-content\/uploads\/2024\/07\/Copia-de-Copia-de-TAMANHO-EXATO-PARA-FOTOS-NO-SISTEMA-NOVO-13_2024-07-23_00-42-22_jpg_2024-07-23_00-42-22.webp.webp?fit=1200%2C675&ssl=1&resize=350%2C200 1x, https:\/\/i0.wp.com\/ismaelcolosi.com.br\/wp-content\/uploads\/2024\/07\/Copia-de-Copia-de-TAMANHO-EXATO-PARA-FOTOS-NO-SISTEMA-NOVO-13_2024-07-23_00-42-22_jpg_2024-07-23_00-42-22.webp.webp?fit=1200%2C675&ssl=1&resize=525%2C300 1.5x, https:\/\/i0.wp.com\/ismaelcolosi.com.br\/wp-content\/uploads\/2024\/07\/Copia-de-Copia-de-TAMANHO-EXATO-PARA-FOTOS-NO-SISTEMA-NOVO-13_2024-07-23_00-42-22_jpg_2024-07-23_00-42-22.webp.webp?fit=1200%2C675&ssl=1&resize=700%2C400 2x, https:\/\/i0.wp.com\/ismaelcolosi.com.br\/wp-content\/uploads\/2024\/07\/Copia-de-Copia-de-TAMANHO-EXATO-PARA-FOTOS-NO-SISTEMA-NOVO-13_2024-07-23_00-42-22_jpg_2024-07-23_00-42-22.webp.webp?fit=1200%2C675&ssl=1&resize=1050%2C600 3x"},"classes":[]}],"jetpack_sharing_enabled":true,"jetpack_shortlink":"https:\/\/wp.me\/pfMlyK-35s","_links":{"self":[{"href":"https:\/\/ismaelcolosi.com.br\/index.php\/wp-json\/wp\/v2\/posts\/11870","targetHints":{"allow":["GET"]}}],"collection":[{"href":"https:\/\/ismaelcolosi.com.br\/index.php\/wp-json\/wp\/v2\/posts"}],"about":[{"href":"https:\/\/ismaelcolosi.com.br\/index.php\/wp-json\/wp\/v2\/types\/post"}],"author":[{"embeddable":true,"href":"https:\/\/ismaelcolosi.com.br\/index.php\/wp-json\/wp\/v2\/users\/1"}],"replies":[{"embeddable":true,"href":"https:\/\/ismaelcolosi.com.br\/index.php\/wp-json\/wp\/v2\/comments?post=11870"}],"version-history":[{"count":0,"href":"https:\/\/ismaelcolosi.com.br\/index.php\/wp-json\/wp\/v2\/posts\/11870\/revisions"}],"wp:featuredmedia":[{"embeddable":true,"href":"https:\/\/ismaelcolosi.com.br\/index.php\/wp-json\/wp\/v2\/media\/11871"}],"wp:attachment":[{"href":"https:\/\/ismaelcolosi.com.br\/index.php\/wp-json\/wp\/v2\/media?parent=11870"}],"wp:term":[{"taxonomy":"category","embeddable":true,"href":"https:\/\/ismaelcolosi.com.br\/index.php\/wp-json\/wp\/v2\/categories?post=11870"},{"taxonomy":"post_tag","embeddable":true,"href":"https:\/\/ismaelcolosi.com.br\/index.php\/wp-json\/wp\/v2\/tags?post=11870"}],"curies":[{"name":"wp","href":"https:\/\/api.w.org\/{rel}","templated":true}]}}